{"id":34036,"date":"2021-06-20T15:29:43","date_gmt":"2021-06-20T14:29:43","guid":{"rendered":"https:\/\/radioljubuski.ba\/?p=34036"},"modified":"2021-06-20T15:29:44","modified_gmt":"2021-06-20T14:29:44","slug":"kresimir-zubak-herceg-bosna-je-bila-pravo-naroda-na-samoopredjeljenje","status":"publish","type":"post","link":"https:\/\/radioljubuski.ba\/index.php\/2021\/06\/20\/kresimir-zubak-herceg-bosna-je-bila-pravo-naroda-na-samoopredjeljenje\/","title":{"rendered":"Kre\u0161imir Zubak: Herceg-Bosna je bila pravo naroda na samoopredjeljenje"},"content":{"rendered":"\n<p>Kre\u0161imir Zubak, prvi \u010dlan Predsjedni\u0161tva BiH iz reda hrvatskog naroda, prvi predsjednik FBiH i biv\u0161i predsjednik Herceg Bosne, u ekskluzivnom intervjuu za Federalni radio poru\u010dio je kako Herceg Bosna nije bila paratvorevina, kao \u0161to se stalno name\u0107e.<\/p>\n\n\n\n<p>\u2013 Nije. Herceg Bosna je pravo naroda na samoopredijeljenje koje je i danas utkano u Ustav BiH, koji je donesen na temelju Me\u0111unarodnog pakta o gra\u0111anskim pravima i \u010dlanka 1. tog Pakta \u2013 kazao je Zubak, potvrdiv\u0161i kako je to bilo samopredijeljenje unutar tada me\u0111unarodno situaciju u kojoj ga je Alija Izetbegovi\u0107 pitao za\u0161to je u\u0161ao u projekt Herceg Bosne i HVO-a.<\/p>\n\n\n\n<p>\u2013 Rekao sam mu: Zbog Vas. Onog trenutka kad ste rekli za Ravno da to nije na\u0161 rat. \u0160to je nakon toga nama Hrvatima preostalo osim da se samoorganiziramo pa iako to svi vi zvali paratvorevinom \u2013 poru\u010dio je Zubak.<\/p>\n\n\n\n<p>Na pitanje novinarke jesu li njegovi pogledi na Herceg Bosnu isti kao i danas, Zubak je kazao kako ima mi\u0161ljenje koje ne mijenja.<\/p>\n\n\n\n<p>\u2013 Imam svoje mi\u0161ljenje koje ne mijenjam uop\u0107e, a to je \u2013 da kojim slu\u010dajem Hrvati nisu imali HVO i svoje politi\u010dko rukovodstvo, mi ne bismo bili politi\u010dki subjekt u BiH \u2013 naglasio je Zubak, prenosi&nbsp;<a href=\"https:\/\/www.vecernji.ba\/vijesti\/herceg-bosna-nije-bila-paratvorevina-vec-pravo-naroda-na-samoopredjeljenje-1491617\">vecernji.ba<\/a>.<\/p>\n\n\n\n<p>Na konstataciju novinarke kako bi danas ovo o \u010demu Zubak pri\u010da bio tre\u0107i entitet, Zubak je podsjetio na okolnosti nastanka Herceg Bosne.<\/p>\n\n\n\n<p>\u2013 Kad govorimo o politi\u010dkom subjektivitetu u BiH, pozivam se na ono \u0161to je postojalo prije rata i \u0161to je danas sastavni dio Ustava BiH. Biv\u0161a Jugoslavija usvojila je Me\u0111unarodni pakt o gra\u0111anskim politi\u010dkim pravima te, izme\u0111u ostalog, tamo stoji kao prvi \u010dlanak pravo naroda na samoodre\u0111enje. U uvjetima kada u BiH, na koju je izvr\u0161ena agresija, dr\u017eava nije mogla \u0161tititi svoje gra\u0111ane i narode, onda se narod i gra\u0111ani imaju pravo samoorganizirati. I mi Hrvati smo se samoorganizirali \u2013 podsjetio je Zubak.<\/p>\n\n\n\n<p>Tako\u0111er je upozorio na situaciju u kojoj su se prije toga samoorganizirali i Bo\u0161njaci u okviru Patriotske lige, jo\u0161 prije HVO-a.<\/p>\n\n\n\n<p>\u2013 Dakle, Patriotska liga, kao vojno krilo SDA, osnovana je jer postoje\u0107e strukture vlasti u BiH nisu mogle odgovoriti na agresiju. I predsjednik Patriotske lige bio je predsjednik Predsjedni\u0161tva BiH \u2013 naveo je on.<\/p>\n\n\n\n<p>Nakon upita novarke o ratnim zlo\u010dinima, Zubak je kazao kako zlo\u010dini nisu po\u010dinjeni u ime Herceg Bosne.<\/p>\n\n\n\n<p>\u2013 Nisu po\u010dinjeni u ime Herceg Bosne isto kao \u0161to ni zlo\u010dini Armije BiH nisu po\u010dinjeni uime BiH, ve\u0107 su to \u010dinili pojedinci ili skupine. Zna\u010di, nitko nije u\u010dinio zlo\u010din uime Herceg Bosne. Mo\u017eemo li prihvatiti \u010dinjenicu da su i pripadnici Armije \u010dinili zlo\u010dine? \u2013 upitao je Zubak.<\/p>\n\n\n\n<p>Prisjetio se i situacije oko potpisivanja Daytonskog sporazuma, odnosno \u010dinjenice da u Daytonu nema njegova potpisa, a u Parizu ima.<\/p>\n\n\n\n<p>\u2013 U Daytonu nema mog potpisa, u Parizu ima, i to zato \u0161to je tako tra\u017eio Parlament FBiH od mene tako \u0161to su tako izglasali, a moja du\u017enost kao predsjednika FBiH bila je provesti odluku Parlamenta. Dakle, to nije bila moja odluka. A ja, da sam neposredno biran kao \u0161to danas biraju predsjednika RS-a, to ne bih potpisao ni u Parizu \u2013 izjavio je Zubak.<\/p>\n\n\n\n<p>U kontekstu sada\u0161njeg ure\u0111enja BiH jasno je poru\u010dio kako je dvodomni Parlament realnost.<\/p>\n\n\n\n<p>\u2013 Dvodomni Parlament je na\u0161a realnost, pa i u SAD-u imate takav ustroj. Kongres i Senat. A SAD se smatra ovdje uzorom demokracije. I tamo Senat \u0161to\u0161ta blokira, a \u0161to dolazi iz Kongresa \u2013 poru\u010dio je Zubak. Govore\u0107i o promjenama, Zubak je izjavio kako treba u procesu izmjene Izbornog zakona provesti presudu Ustavnog suda u predmetu \u201cLjubi\u0107\u201d kao \u0161to treba provesti i odluke Suda u Strasbourgu.<\/p>\n\n\n\n<p>Spomenuo i tematiku legitimnog predstavljanja.<\/p>\n\n\n\n<p>\u2013 A legitimno predstavljanje? Re\u0107i \u0107u vam samo jedno. Ako nemate to barem dijelom, onda ne mo\u017eete realizirati ono \u0161to stoji u Ustavu BiH, a to su potrebe i interesi jednog naroda ako tom narodu netko drugi bira predstavnike. I apropo komentara iz Njema\u010dke i Bode Webera, treba re\u0107i kako i Belgija ima dvodomni parlament u koji se biraju ljudi tako \u0161to flamanski kolegij izbornog tijela bira jedan broj Flamanaca. Kao i svi drugi koji \u017eive u Belgiji. To je legitimnost \u2013 naglasio je Zubak. Osvrnuo se i na \u010dlana Predsjedni\u0161tva BiH \u017deljka Kom\u0161i\u0107a.<\/p>\n\n\n\n<p>\u2013 \u017deljko Kom\u0161i\u0107 jest legalan, ali nije legitiman. Odmah da to ka\u017eem i naglasim \u2013 poru\u010dio je Zubak.<\/p>\n\n\n\n<p>Upitan je i da se osvrne na dva izraza \u2013 konstitutivnost ili konstituentnost<\/p>\n\n\n\n<p>\u2013 Prvi put sad govorim vama. Upravo sam ja u devetom draftu Ustava BiH u Daytonu napokon ishodio odredbu o konstitutivnosti. To nije moj izum, ve\u0107 sam na tom inzistirao. Konstitutivni smo. \u010cuo sam sad i za tu konstituentnost. To je isto. I zna\u010di temeljni, osnovni, sastavni. U osnovi je sve to isto. Nisu to Amerikanci pisali, na tome sam ja inzistirao \u2013 objasnio je Zubak.<\/p>\n\n\n\n<p><em>Izvor: narod.hr\/vecernji.ba<\/em><\/p>\n","protected":false},"excerpt":{"rendered":"<p>Kre\u0161imir Zubak, prvi \u010dlan Predsjedni\u0161tva BiH iz reda hrvatskog naroda, prvi predsjednik FBiH i biv\u0161i predsjednik Herceg Bosne, u ekskluzivnom intervjuu za Federalni radio poru\u010dio je kako Herceg Bosna nije bila paratvorevina, kao \u0161to se stalno name\u0107e. \u2013 Nije. Herceg Bosna je pravo naroda na samoopredijeljenje koje je i danas utkano u Ustav BiH, koji [&hellip;]<\/p>\n","protected":false},"author":2,"featured_media":34037,"comment_status":"closed","ping_status":"closed","sticky":false,"template":"","format":"standard","meta":{"h5ap_radio_sources":[],"footnotes":""},"categories":[1],"tags":[],"class_list":["post-34036","post","type-post","status-publish","format-standard","has-post-thumbnail","hentry","category-bihiregija"],"yoast_head":"<!-- This site is optimized with the Yoast SEO plugin v27.5 - https:\/\/yoast.com\/product\/yoast-seo-wordpress\/ -->\n<title>Kre\u0161imir Zubak: Herceg-Bosna je bila pravo naroda na samoopredjeljenje - RADIO LJUBU\u0160KI<\/title>\n<meta name=\"robots\" content=\"index, follow, max-snippet:-1, max-image-preview:large, max-video-preview:-1\" \/>\n<link rel=\"canonical\" href=\"https:\/\/radioljubuski.ba\/index.php\/2021\/06\/20\/kresimir-zubak-herceg-bosna-je-bila-pravo-naroda-na-samoopredjeljenje\/\" \/>\n<meta property=\"og:locale\" content=\"hr_HR\" \/>\n<meta property=\"og:type\" content=\"article\" \/>\n<meta property=\"og:title\" content=\"Kre\u0161imir Zubak: Herceg-Bosna je bila pravo naroda na samoopredjeljenje - RADIO LJUBU\u0160KI\" \/>\n<meta property=\"og:description\" content=\"Kre\u0161imir Zubak, prvi \u010dlan Predsjedni\u0161tva BiH iz reda hrvatskog naroda, prvi predsjednik FBiH i biv\u0161i predsjednik Herceg Bosne, u ekskluzivnom intervjuu za Federalni radio poru\u010dio je kako Herceg Bosna nije bila paratvorevina, kao \u0161to se stalno name\u0107e. \u2013 Nije. Herceg Bosna je pravo naroda na samoopredijeljenje koje je i danas utkano u Ustav BiH, koji [&hellip;]\" \/>\n<meta property=\"og:url\" content=\"https:\/\/radioljubuski.ba\/index.php\/2021\/06\/20\/kresimir-zubak-herceg-bosna-je-bila-pravo-naroda-na-samoopredjeljenje\/\" \/>\n<meta property=\"og:site_name\" content=\"RADIO LJUBU\u0160KI\" \/>\n<meta property=\"article:publisher\" content=\"https:\/\/www.facebook.com\/Radiio-Ljubuski-1490835324566332\" \/>\n<meta property=\"article:published_time\" content=\"2021-06-20T14:29:43+00:00\" \/>\n<meta property=\"article:modified_time\" content=\"2021-06-20T14:29:44+00:00\" \/>\n<meta property=\"og:image\" content=\"https:\/\/radioljubuski.ba\/wp-content\/uploads\/2021\/06\/kresimir-zubak-696x392-1.jpg\" \/>\n\t<meta property=\"og:image:width\" content=\"696\" \/>\n\t<meta property=\"og:image:height\" content=\"392\" \/>\n\t<meta property=\"og:image:type\" content=\"image\/jpeg\" \/>\n<meta name=\"author\" content=\"Radio Ljubu\u0161ki\" \/>\n<meta name=\"twitter:card\" content=\"summary_large_image\" \/>\n<meta name=\"twitter:creator\" content=\"@radioljubuski\" \/>\n<meta name=\"twitter:site\" content=\"@radioljubuski\" \/>\n<meta name=\"twitter:label1\" content=\"Napisao\/la\" \/>\n\t<meta name=\"twitter:data1\" content=\"Radio Ljubu\u0161ki\" \/>\n\t<meta name=\"twitter:label2\" content=\"Procijenjeno vrijeme \u010ditanja\" \/>\n\t<meta name=\"twitter:data2\" content=\"4 minute\" \/>\n<script type=\"application\/ld+json\" class=\"yoast-schema-graph\">{\"@context\":\"https:\\\/\\\/schema.org\",\"@graph\":[{\"@type\":\"Article\",\"@id\":\"https:\\\/\\\/radioljubuski.ba\\\/index.php\\\/2021\\\/06\\\/20\\\/kresimir-zubak-herceg-bosna-je-bila-pravo-naroda-na-samoopredjeljenje\\\/#article\",\"isPartOf\":{\"@id\":\"https:\\\/\\\/radioljubuski.ba\\\/index.php\\\/2021\\\/06\\\/20\\\/kresimir-zubak-herceg-bosna-je-bila-pravo-naroda-na-samoopredjeljenje\\\/\"},\"author\":{\"name\":\"Radio Ljubu\u0161ki\",\"@id\":\"https:\\\/\\\/radioljubuski.ba\\\/#\\\/schema\\\/person\\\/19fc700381a780f69665d7956c469e3b\"},\"headline\":\"Kre\u0161imir Zubak: Herceg-Bosna je bila pravo naroda na samoopredjeljenje\",\"datePublished\":\"2021-06-20T14:29:43+00:00\",\"dateModified\":\"2021-06-20T14:29:44+00:00\",\"mainEntityOfPage\":{\"@id\":\"https:\\\/\\\/radioljubuski.ba\\\/index.php\\\/2021\\\/06\\\/20\\\/kresimir-zubak-herceg-bosna-je-bila-pravo-naroda-na-samoopredjeljenje\\\/\"},\"wordCount\":842,\"publisher\":{\"@id\":\"https:\\\/\\\/radioljubuski.ba\\\/#organization\"},\"image\":{\"@id\":\"https:\\\/\\\/radioljubuski.ba\\\/index.php\\\/2021\\\/06\\\/20\\\/kresimir-zubak-herceg-bosna-je-bila-pravo-naroda-na-samoopredjeljenje\\\/#primaryimage\"},\"thumbnailUrl\":\"https:\\\/\\\/radioljubuski.ba\\\/wp-content\\\/uploads\\\/2021\\\/06\\\/kresimir-zubak-696x392-1.jpg\",\"articleSection\":[\"BIH i regija\"],\"inLanguage\":\"hr\"},{\"@type\":\"WebPage\",\"@id\":\"https:\\\/\\\/radioljubuski.ba\\\/index.php\\\/2021\\\/06\\\/20\\\/kresimir-zubak-herceg-bosna-je-bila-pravo-naroda-na-samoopredjeljenje\\\/\",\"url\":\"https:\\\/\\\/radioljubuski.ba\\\/index.php\\\/2021\\\/06\\\/20\\\/kresimir-zubak-herceg-bosna-je-bila-pravo-naroda-na-samoopredjeljenje\\\/\",\"name\":\"Kre\u0161imir Zubak: Herceg-Bosna je bila pravo naroda na samoopredjeljenje - RADIO LJUBU\u0160KI\",\"isPartOf\":{\"@id\":\"https:\\\/\\\/radioljubuski.ba\\\/#website\"},\"primaryImageOfPage\":{\"@id\":\"https:\\\/\\\/radioljubuski.ba\\\/index.php\\\/2021\\\/06\\\/20\\\/kresimir-zubak-herceg-bosna-je-bila-pravo-naroda-na-samoopredjeljenje\\\/#primaryimage\"},\"image\":{\"@id\":\"https:\\\/\\\/radioljubuski.ba\\\/index.php\\\/2021\\\/06\\\/20\\\/kresimir-zubak-herceg-bosna-je-bila-pravo-naroda-na-samoopredjeljenje\\\/#primaryimage\"},\"thumbnailUrl\":\"https:\\\/\\\/radioljubuski.ba\\\/wp-content\\\/uploads\\\/2021\\\/06\\\/kresimir-zubak-696x392-1.jpg\",\"datePublished\":\"2021-06-20T14:29:43+00:00\",\"dateModified\":\"2021-06-20T14:29:44+00:00\",\"breadcrumb\":{\"@id\":\"https:\\\/\\\/radioljubuski.ba\\\/index.php\\\/2021\\\/06\\\/20\\\/kresimir-zubak-herceg-bosna-je-bila-pravo-naroda-na-samoopredjeljenje\\\/#breadcrumb\"},\"inLanguage\":\"hr\",\"potentialAction\":[{\"@type\":\"ReadAction\",\"target\":[\"https:\\\/\\\/radioljubuski.ba\\\/index.php\\\/2021\\\/06\\\/20\\\/kresimir-zubak-herceg-bosna-je-bila-pravo-naroda-na-samoopredjeljenje\\\/\"]}]},{\"@type\":\"ImageObject\",\"inLanguage\":\"hr\",\"@id\":\"https:\\\/\\\/radioljubuski.ba\\\/index.php\\\/2021\\\/06\\\/20\\\/kresimir-zubak-herceg-bosna-je-bila-pravo-naroda-na-samoopredjeljenje\\\/#primaryimage\",\"url\":\"https:\\\/\\\/radioljubuski.ba\\\/wp-content\\\/uploads\\\/2021\\\/06\\\/kresimir-zubak-696x392-1.jpg\",\"contentUrl\":\"https:\\\/\\\/radioljubuski.ba\\\/wp-content\\\/uploads\\\/2021\\\/06\\\/kresimir-zubak-696x392-1.jpg\",\"width\":696,\"height\":392},{\"@type\":\"BreadcrumbList\",\"@id\":\"https:\\\/\\\/radioljubuski.ba\\\/index.php\\\/2021\\\/06\\\/20\\\/kresimir-zubak-herceg-bosna-je-bila-pravo-naroda-na-samoopredjeljenje\\\/#breadcrumb\",\"itemListElement\":[{\"@type\":\"ListItem\",\"position\":1,\"name\":\"Po\u010detna stranica\",\"item\":\"https:\\\/\\\/radioljubuski.ba\\\/\"},{\"@type\":\"ListItem\",\"position\":2,\"name\":\"Kre\u0161imir Zubak: Herceg-Bosna je bila pravo naroda na samoopredjeljenje\"}]},{\"@type\":\"WebSite\",\"@id\":\"https:\\\/\\\/radioljubuski.ba\\\/#website\",\"url\":\"https:\\\/\\\/radioljubuski.ba\\\/\",\"name\":\"Radio Ljubu\u0161ki\",\"description\":\"Sun\u010dana frekvencija Hercegovine\",\"publisher\":{\"@id\":\"https:\\\/\\\/radioljubuski.ba\\\/#organization\"},\"potentialAction\":[{\"@type\":\"SearchAction\",\"target\":{\"@type\":\"EntryPoint\",\"urlTemplate\":\"https:\\\/\\\/radioljubuski.ba\\\/?s={search_term_string}\"},\"query-input\":{\"@type\":\"PropertyValueSpecification\",\"valueRequired\":true,\"valueName\":\"search_term_string\"}}],\"inLanguage\":\"hr\"},{\"@type\":\"Organization\",\"@id\":\"https:\\\/\\\/radioljubuski.ba\\\/#organization\",\"name\":\"Radio Ljubu\u0161ki\",\"url\":\"https:\\\/\\\/radioljubuski.ba\\\/\",\"logo\":{\"@type\":\"ImageObject\",\"inLanguage\":\"hr\",\"@id\":\"https:\\\/\\\/radioljubuski.ba\\\/#\\\/schema\\\/logo\\\/image\\\/\",\"url\":\"https:\\\/\\\/radioljubuski.ba\\\/wp-content\\\/uploads\\\/2021\\\/02\\\/cropped-Radio_Ljubuski_logo1.jpg\",\"contentUrl\":\"https:\\\/\\\/radioljubuski.ba\\\/wp-content\\\/uploads\\\/2021\\\/02\\\/cropped-Radio_Ljubuski_logo1.jpg\",\"width\":512,\"height\":512,\"caption\":\"Radio Ljubu\u0161ki\"},\"image\":{\"@id\":\"https:\\\/\\\/radioljubuski.ba\\\/#\\\/schema\\\/logo\\\/image\\\/\"},\"sameAs\":[\"https:\\\/\\\/www.facebook.com\\\/Radiio-Ljubuski-1490835324566332\",\"https:\\\/\\\/x.com\\\/radioljubuski\",\"https:\\\/\\\/hr.linkedin.com\\\/company\\\/radio-ljubuski\",\"https:\\\/\\\/www.youtube.com\\\/channel\\\/UCHYaeO_n0Db3tjNGudGpXyw\"]},{\"@type\":\"Person\",\"@id\":\"https:\\\/\\\/radioljubuski.ba\\\/#\\\/schema\\\/person\\\/19fc700381a780f69665d7956c469e3b\",\"name\":\"Radio Ljubu\u0161ki\"}]}<\/script>\n<!-- \/ Yoast SEO plugin. -->","yoast_head_json":{"title":"Kre\u0161imir Zubak: Herceg-Bosna je bila pravo naroda na samoopredjeljenje - RADIO LJUBU\u0160KI","robots":{"index":"index","follow":"follow","max-snippet":"max-snippet:-1","max-image-preview":"max-image-preview:large","max-video-preview":"max-video-preview:-1"},"canonical":"https:\/\/radioljubuski.ba\/index.php\/2021\/06\/20\/kresimir-zubak-herceg-bosna-je-bila-pravo-naroda-na-samoopredjeljenje\/","og_locale":"hr_HR","og_type":"article","og_title":"Kre\u0161imir Zubak: Herceg-Bosna je bila pravo naroda na samoopredjeljenje - RADIO LJUBU\u0160KI","og_description":"Kre\u0161imir Zubak, prvi \u010dlan Predsjedni\u0161tva BiH iz reda hrvatskog naroda, prvi predsjednik FBiH i biv\u0161i predsjednik Herceg Bosne, u ekskluzivnom intervjuu za Federalni radio poru\u010dio je kako Herceg Bosna nije bila paratvorevina, kao \u0161to se stalno name\u0107e. \u2013 Nije. Herceg Bosna je pravo naroda na samoopredijeljenje koje je i danas utkano u Ustav BiH, koji [&hellip;]","og_url":"https:\/\/radioljubuski.ba\/index.php\/2021\/06\/20\/kresimir-zubak-herceg-bosna-je-bila-pravo-naroda-na-samoopredjeljenje\/","og_site_name":"RADIO LJUBU\u0160KI","article_publisher":"https:\/\/www.facebook.com\/Radiio-Ljubuski-1490835324566332","article_published_time":"2021-06-20T14:29:43+00:00","article_modified_time":"2021-06-20T14:29:44+00:00","og_image":[{"width":696,"height":392,"url":"https:\/\/radioljubuski.ba\/wp-content\/uploads\/2021\/06\/kresimir-zubak-696x392-1.jpg","type":"image\/jpeg"}],"author":"Radio Ljubu\u0161ki","twitter_card":"summary_large_image","twitter_creator":"@radioljubuski","twitter_site":"@radioljubuski","twitter_misc":{"Napisao\/la":"Radio Ljubu\u0161ki","Procijenjeno vrijeme \u010ditanja":"4 minute"},"schema":{"@context":"https:\/\/schema.org","@graph":[{"@type":"Article","@id":"https:\/\/radioljubuski.ba\/index.php\/2021\/06\/20\/kresimir-zubak-herceg-bosna-je-bila-pravo-naroda-na-samoopredjeljenje\/#article","isPartOf":{"@id":"https:\/\/radioljubuski.ba\/index.php\/2021\/06\/20\/kresimir-zubak-herceg-bosna-je-bila-pravo-naroda-na-samoopredjeljenje\/"},"author":{"name":"Radio Ljubu\u0161ki","@id":"https:\/\/radioljubuski.ba\/#\/schema\/person\/19fc700381a780f69665d7956c469e3b"},"headline":"Kre\u0161imir Zubak: Herceg-Bosna je bila pravo naroda na samoopredjeljenje","datePublished":"2021-06-20T14:29:43+00:00","dateModified":"2021-06-20T14:29:44+00:00","mainEntityOfPage":{"@id":"https:\/\/radioljubuski.ba\/index.php\/2021\/06\/20\/kresimir-zubak-herceg-bosna-je-bila-pravo-naroda-na-samoopredjeljenje\/"},"wordCount":842,"publisher":{"@id":"https:\/\/radioljubuski.ba\/#organization"},"image":{"@id":"https:\/\/radioljubuski.ba\/index.php\/2021\/06\/20\/kresimir-zubak-herceg-bosna-je-bila-pravo-naroda-na-samoopredjeljenje\/#primaryimage"},"thumbnailUrl":"https:\/\/radioljubuski.ba\/wp-content\/uploads\/2021\/06\/kresimir-zubak-696x392-1.jpg","articleSection":["BIH i regija"],"inLanguage":"hr"},{"@type":"WebPage","@id":"https:\/\/radioljubuski.ba\/index.php\/2021\/06\/20\/kresimir-zubak-herceg-bosna-je-bila-pravo-naroda-na-samoopredjeljenje\/","url":"https:\/\/radioljubuski.ba\/index.php\/2021\/06\/20\/kresimir-zubak-herceg-bosna-je-bila-pravo-naroda-na-samoopredjeljenje\/","name":"Kre\u0161imir Zubak: Herceg-Bosna je bila pravo naroda na samoopredjeljenje - RADIO LJUBU\u0160KI","isPartOf":{"@id":"https:\/\/radioljubuski.ba\/#website"},"primaryImageOfPage":{"@id":"https:\/\/radioljubuski.ba\/index.php\/2021\/06\/20\/kresimir-zubak-herceg-bosna-je-bila-pravo-naroda-na-samoopredjeljenje\/#primaryimage"},"image":{"@id":"https:\/\/radioljubuski.ba\/index.php\/2021\/06\/20\/kresimir-zubak-herceg-bosna-je-bila-pravo-naroda-na-samoopredjeljenje\/#primaryimage"},"thumbnailUrl":"https:\/\/radioljubuski.ba\/wp-content\/uploads\/2021\/06\/kresimir-zubak-696x392-1.jpg","datePublished":"2021-06-20T14:29:43+00:00","dateModified":"2021-06-20T14:29:44+00:00","breadcrumb":{"@id":"https:\/\/radioljubuski.ba\/index.php\/2021\/06\/20\/kresimir-zubak-herceg-bosna-je-bila-pravo-naroda-na-samoopredjeljenje\/#breadcrumb"},"inLanguage":"hr","potentialAction":[{"@type":"ReadAction","target":["https:\/\/radioljubuski.ba\/index.php\/2021\/06\/20\/kresimir-zubak-herceg-bosna-je-bila-pravo-naroda-na-samoopredjeljenje\/"]}]},{"@type":"ImageObject","inLanguage":"hr","@id":"https:\/\/radioljubuski.ba\/index.php\/2021\/06\/20\/kresimir-zubak-herceg-bosna-je-bila-pravo-naroda-na-samoopredjeljenje\/#primaryimage","url":"https:\/\/radioljubuski.ba\/wp-content\/uploads\/2021\/06\/kresimir-zubak-696x392-1.jpg","contentUrl":"https:\/\/radioljubuski.ba\/wp-content\/uploads\/2021\/06\/kresimir-zubak-696x392-1.jpg","width":696,"height":392},{"@type":"BreadcrumbList","@id":"https:\/\/radioljubuski.ba\/index.php\/2021\/06\/20\/kresimir-zubak-herceg-bosna-je-bila-pravo-naroda-na-samoopredjeljenje\/#breadcrumb","itemListElement":[{"@type":"ListItem","position":1,"name":"Po\u010detna stranica","item":"https:\/\/radioljubuski.ba\/"},{"@type":"ListItem","position":2,"name":"Kre\u0161imir Zubak: Herceg-Bosna je bila pravo naroda na samoopredjeljenje"}]},{"@type":"WebSite","@id":"https:\/\/radioljubuski.ba\/#website","url":"https:\/\/radioljubuski.ba\/","name":"Radio Ljubu\u0161ki","description":"Sun\u010dana frekvencija Hercegovine","publisher":{"@id":"https:\/\/radioljubuski.ba\/#organization"},"potentialAction":[{"@type":"SearchAction","target":{"@type":"EntryPoint","urlTemplate":"https:\/\/radioljubuski.ba\/?s={search_term_string}"},"query-input":{"@type":"PropertyValueSpecification","valueRequired":true,"valueName":"search_term_string"}}],"inLanguage":"hr"},{"@type":"Organization","@id":"https:\/\/radioljubuski.ba\/#organization","name":"Radio Ljubu\u0161ki","url":"https:\/\/radioljubuski.ba\/","logo":{"@type":"ImageObject","inLanguage":"hr","@id":"https:\/\/radioljubuski.ba\/#\/schema\/logo\/image\/","url":"https:\/\/radioljubuski.ba\/wp-content\/uploads\/2021\/02\/cropped-Radio_Ljubuski_logo1.jpg","contentUrl":"https:\/\/radioljubuski.ba\/wp-content\/uploads\/2021\/02\/cropped-Radio_Ljubuski_logo1.jpg","width":512,"height":512,"caption":"Radio Ljubu\u0161ki"},"image":{"@id":"https:\/\/radioljubuski.ba\/#\/schema\/logo\/image\/"},"sameAs":["https:\/\/www.facebook.com\/Radiio-Ljubuski-1490835324566332","https:\/\/x.com\/radioljubuski","https:\/\/hr.linkedin.com\/company\/radio-ljubuski","https:\/\/www.youtube.com\/channel\/UCHYaeO_n0Db3tjNGudGpXyw"]},{"@type":"Person","@id":"https:\/\/radioljubuski.ba\/#\/schema\/person\/19fc700381a780f69665d7956c469e3b","name":"Radio Ljubu\u0161ki"}]}},"_links":{"self":[{"href":"https:\/\/radioljubuski.ba\/index.php\/wp-json\/wp\/v2\/posts\/34036","targetHints":{"allow":["GET"]}}],"collection":[{"href":"https:\/\/radioljubuski.ba\/index.php\/wp-json\/wp\/v2\/posts"}],"about":[{"href":"https:\/\/radioljubuski.ba\/index.php\/wp-json\/wp\/v2\/types\/post"}],"author":[{"embeddable":true,"href":"https:\/\/radioljubuski.ba\/index.php\/wp-json\/wp\/v2\/users\/2"}],"replies":[{"embeddable":true,"href":"https:\/\/radioljubuski.ba\/index.php\/wp-json\/wp\/v2\/comments?post=34036"}],"version-history":[{"count":1,"href":"https:\/\/radioljubuski.ba\/index.php\/wp-json\/wp\/v2\/posts\/34036\/revisions"}],"predecessor-version":[{"id":34038,"href":"https:\/\/radioljubuski.ba\/index.php\/wp-json\/wp\/v2\/posts\/34036\/revisions\/34038"}],"wp:featuredmedia":[{"embeddable":true,"href":"https:\/\/radioljubuski.ba\/index.php\/wp-json\/wp\/v2\/media\/34037"}],"wp:attachment":[{"href":"https:\/\/radioljubuski.ba\/index.php\/wp-json\/wp\/v2\/media?parent=34036"}],"wp:term":[{"taxonomy":"category","embeddable":true,"href":"https:\/\/radioljubuski.ba\/index.php\/wp-json\/wp\/v2\/categories?post=34036"},{"taxonomy":"post_tag","embeddable":true,"href":"https:\/\/radioljubuski.ba\/index.php\/wp-json\/wp\/v2\/tags?post=34036"}],"curies":[{"name":"wp","href":"https:\/\/api.w.org\/{rel}","templated":true}]}}