{"id":34051,"date":"2021-06-20T15:38:58","date_gmt":"2021-06-20T14:38:58","guid":{"rendered":"https:\/\/radioljubuski.ba\/?p=34051"},"modified":"2021-06-20T15:39:00","modified_gmt":"2021-06-20T14:39:00","slug":"ceka-li-gradane-rh-poskupljenje-struje","status":"publish","type":"post","link":"https:\/\/radioljubuski.ba\/index.php\/2021\/06\/20\/ceka-li-gradane-rh-poskupljenje-struje\/","title":{"rendered":"\u010ceka li gra\u0111ane RH poskupljenje struje?"},"content":{"rendered":"\n<p>Kako rastu temperature, tako se u ku\u0107anstvima pale klima ure\u0111aji. Potro\u0161nja struje se pove\u0107ava, a uskoro bi mogli i ra\u010duni za struju. Me\u0111utim, ne zbog cijene energenta ve\u0107 zbog naknade za obnovljive izvore energije. To je ona stavka kojom gra\u0111ani omogu\u0107avaju povla\u0161tenim proizvo\u0111a\u010dima potpore \u2013 jer koriste obnovljive izvore energije.<\/p>\n\n\n\n<p>\u201dBar s vremena na vrijeme dok su ove paklene vru\u0107ine upaliti klimu, da se mo\u017ee naspavati \u010dovjek i odmoriti po no\u0107i, ali ina\u010de ne ide po danu\u201d, rekla jeza&nbsp;<a href=\"https:\/\/dnevnik.hr\/vijesti\/hrvatska\/rastom-temperature-povecava-se-potrosnja-struje-uskoro-i-racuni-veci-zbog-naknade-za-obnovljive-izvore-energije---656412.html?itm_source=HomeTopRow&amp;itm_medium=Dnevnik&amp;itm_campaign=Naslovnica\">Dnevnik Nove TV<\/a>&nbsp;umirovljenica Radinka Glavan. Tako\u0111er, dodaje da pazi i kada je jeftinija struja. \u201dI ve\u0161 se pere po no\u0107i i pegla se, ina\u010de bila bi jo\u0161 jako ve\u0107a rata mjese\u010dno\u201d.<\/p>\n\n\n\n<p>Koliko god \u0161tedjela, uskoro bi mogla ipak pla\u0107ati vi\u0161e.<\/p>\n\n\n\n<p>\u201dCijena \u0107e se vrlo vjerojatno mijenjati zbog ove naknade za obnovljive izvore energije. Jer HROTE (Hrvatski operator tr\u017ei\u0161ta energije) koji s tom naknadom pla\u0107a ove koji proizvode po povla\u0161tenoj cijeni je prakti\u010dki svaki mjesec u gubitku od 20 do 30 milijuna kuna\u201d, obja\u0161njava Nenad Kurtovi\u0107, savjetnik za energetsko tarifiranje udruge Potro\u0161a\u010d.<\/p>\n\n\n\n<p>Da gomilaju gubitke potvr\u0111uje i Hrvatski operator tr\u017ei\u0161ta energije. Pro\u0161le godine su imali 340 milijuna kuna manji prihod od planiranog. Pokrili su ga, ka\u017eu akumuliranim sredstvima, ali i priznaju, prihodovna strana je mala, a povla\u0161tenih proizvo\u0111a\u010da je sve vi\u0161e.<\/p>\n\n\n\n<p>\u201dPosebno \u017eelimo istaknuti da se u ovoj i narednoj godini o\u010dekuje realizacija i preostalih projekata koji jo\u0161 nisu u\u0161li u sustav poticanja temeljem sklopljenih ugovora te se procjenjuje kako \u0107e, uz gore navedene razloge pada prihoda, biti potrebno intervenirati u prihodovnu stranu sustava poticanja, a sve u cilju osiguranja budu\u0107eg urednog podmirivanja ugovornih obveza Operatora tr\u017ei\u0161ta\u201d, priop\u0107ili su iz HROTE-a.<\/p>\n\n\n\n<p>O visini naknade odlu\u010duje Vlada na prijedlog resornog ministarstva. Oni poru\u010duju da se situacija prati, sada su se tr\u017ei\u0161ta stabilizirala, \u0161to ide u prilog pove\u0107anju prihoda HROTE, pa Ministarstvo ocjenjuje da nema potrebe za pove\u0107anjem naknade.<\/p>\n\n\n\n<p>Naknada koju pla\u0107aju gra\u0111ani, a kojom se poti\u010du oni koji struju proizvode iz obnovljivih izvora energije jedna je od \u010detiri stavke koje kreiraju prihode HROTE-a.<\/p>\n\n\n\n<p>Budu\u0107i da se zbog pandemije smanjila potro\u0161nja elektri\u010dne energije, ve\u0107e prihode od prodaje te\u017ee je ostvariti. Ako dug budu pokrivali kreditima gra\u0111ani \u0107e u kona\u010dnici platiti jo\u0161 vi\u0161e, upozorava Kurtovi\u0107.<\/p>\n\n\n\n<p>\u201dOnda \u0107e nama naknada za obnovljive izvore i\u0107i ne 20 posto gore, nego 30 posto gore\u201d, rekao je.<\/p>\n\n\n\n<p>Umirovljenica Radinka Glavan jedan je ra\u010dun platila 118 kuna, ako bi eventualno do\u0161lo do poskupljenja, platili bi od 50 do 60 kuna vi\u0161e.<\/p>\n\n\n\n<p>\u201dJako velika razlika, ve\u0107 smo prije tri godine pove\u0107ali pri\u010duvu\u201d, govori.<\/p>\n\n\n\n<p>Nije joj logi\u010dno ka\u017ee da od svoje mirovine sufinancira one koji na struji zara\u0111uju. Dok racionalizira kori\u0161tenje svojih potro\u0161a\u010da, Radinka \u010deka kraj godine koji \u0107e donijeti jasniju sliku o eventualnom poskupljenju.<\/p>\n\n\n\n<p><em>Izvor: narod.hr\/dnevnik.hr<\/em><\/p>\n","protected":false},"excerpt":{"rendered":"<p>Kako rastu temperature, tako se u ku\u0107anstvima pale klima ure\u0111aji. Potro\u0161nja struje se pove\u0107ava, a uskoro bi mogli i ra\u010duni za struju. Me\u0111utim, ne zbog cijene energenta ve\u0107 zbog naknade za obnovljive izvore energije. To je ona stavka kojom gra\u0111ani omogu\u0107avaju povla\u0161tenim proizvo\u0111a\u010dima potpore \u2013 jer koriste obnovljive izvore energije. \u201dBar s vremena na vrijeme [&hellip;]<\/p>\n","protected":false},"author":2,"featured_media":34052,"comment_status":"closed","ping_status":"closed","sticky":false,"template":"","format":"standard","meta":{"h5ap_radio_sources":[],"footnotes":""},"categories":[1],"tags":[],"class_list":["post-34051","post","type-post","status-publish","format-standard","has-post-thumbnail","hentry","category-bihiregija"],"yoast_head":"<!-- This site is optimized with the Yoast SEO plugin v27.5 - https:\/\/yoast.com\/product\/yoast-seo-wordpress\/ -->\n<title>\u010ceka li gra\u0111ane RH poskupljenje struje? - RADIO LJUBU\u0160KI<\/title>\n<meta name=\"robots\" content=\"index, follow, max-snippet:-1, max-image-preview:large, max-video-preview:-1\" \/>\n<link rel=\"canonical\" href=\"https:\/\/radioljubuski.ba\/index.php\/2021\/06\/20\/ceka-li-gradane-rh-poskupljenje-struje\/\" \/>\n<meta property=\"og:locale\" content=\"hr_HR\" \/>\n<meta property=\"og:type\" content=\"article\" \/>\n<meta property=\"og:title\" content=\"\u010ceka li gra\u0111ane RH poskupljenje struje? - RADIO LJUBU\u0160KI\" \/>\n<meta property=\"og:description\" content=\"Kako rastu temperature, tako se u ku\u0107anstvima pale klima ure\u0111aji. Potro\u0161nja struje se pove\u0107ava, a uskoro bi mogli i ra\u010duni za struju. Me\u0111utim, ne zbog cijene energenta ve\u0107 zbog naknade za obnovljive izvore energije. To je ona stavka kojom gra\u0111ani omogu\u0107avaju povla\u0161tenim proizvo\u0111a\u010dima potpore \u2013 jer koriste obnovljive izvore energije. \u201dBar s vremena na vrijeme [&hellip;]\" \/>\n<meta property=\"og:url\" content=\"https:\/\/radioljubuski.ba\/index.php\/2021\/06\/20\/ceka-li-gradane-rh-poskupljenje-struje\/\" \/>\n<meta property=\"og:site_name\" content=\"RADIO LJUBU\u0160KI\" \/>\n<meta property=\"article:publisher\" content=\"https:\/\/www.facebook.com\/Radiio-Ljubuski-1490835324566332\" \/>\n<meta property=\"article:published_time\" content=\"2021-06-20T14:38:58+00:00\" \/>\n<meta property=\"article:modified_time\" content=\"2021-06-20T14:39:00+00:00\" \/>\n<meta property=\"og:image\" content=\"https:\/\/radioljubuski.ba\/wp-content\/uploads\/2021\/06\/struja-696x464-1.jpg\" \/>\n\t<meta property=\"og:image:width\" content=\"696\" \/>\n\t<meta property=\"og:image:height\" content=\"464\" \/>\n\t<meta property=\"og:image:type\" content=\"image\/jpeg\" \/>\n<meta name=\"author\" content=\"Radio Ljubu\u0161ki\" \/>\n<meta name=\"twitter:card\" content=\"summary_large_image\" \/>\n<meta name=\"twitter:creator\" content=\"@radioljubuski\" \/>\n<meta name=\"twitter:site\" content=\"@radioljubuski\" \/>\n<meta name=\"twitter:label1\" content=\"Napisao\/la\" \/>\n\t<meta name=\"twitter:data1\" content=\"Radio Ljubu\u0161ki\" \/>\n\t<meta name=\"twitter:label2\" content=\"Procijenjeno vrijeme \u010ditanja\" \/>\n\t<meta name=\"twitter:data2\" content=\"2 minute\" \/>\n<script type=\"application\/ld+json\" class=\"yoast-schema-graph\">{\"@context\":\"https:\\\/\\\/schema.org\",\"@graph\":[{\"@type\":\"Article\",\"@id\":\"https:\\\/\\\/radioljubuski.ba\\\/index.php\\\/2021\\\/06\\\/20\\\/ceka-li-gradane-rh-poskupljenje-struje\\\/#article\",\"isPartOf\":{\"@id\":\"https:\\\/\\\/radioljubuski.ba\\\/index.php\\\/2021\\\/06\\\/20\\\/ceka-li-gradane-rh-poskupljenje-struje\\\/\"},\"author\":{\"name\":\"Radio Ljubu\u0161ki\",\"@id\":\"https:\\\/\\\/radioljubuski.ba\\\/#\\\/schema\\\/person\\\/19fc700381a780f69665d7956c469e3b\"},\"headline\":\"\u010ceka li gra\u0111ane RH poskupljenje struje?\",\"datePublished\":\"2021-06-20T14:38:58+00:00\",\"dateModified\":\"2021-06-20T14:39:00+00:00\",\"mainEntityOfPage\":{\"@id\":\"https:\\\/\\\/radioljubuski.ba\\\/index.php\\\/2021\\\/06\\\/20\\\/ceka-li-gradane-rh-poskupljenje-struje\\\/\"},\"wordCount\":522,\"publisher\":{\"@id\":\"https:\\\/\\\/radioljubuski.ba\\\/#organization\"},\"image\":{\"@id\":\"https:\\\/\\\/radioljubuski.ba\\\/index.php\\\/2021\\\/06\\\/20\\\/ceka-li-gradane-rh-poskupljenje-struje\\\/#primaryimage\"},\"thumbnailUrl\":\"https:\\\/\\\/radioljubuski.ba\\\/wp-content\\\/uploads\\\/2021\\\/06\\\/struja-696x464-1.jpg\",\"articleSection\":[\"BIH i regija\"],\"inLanguage\":\"hr\"},{\"@type\":\"WebPage\",\"@id\":\"https:\\\/\\\/radioljubuski.ba\\\/index.php\\\/2021\\\/06\\\/20\\\/ceka-li-gradane-rh-poskupljenje-struje\\\/\",\"url\":\"https:\\\/\\\/radioljubuski.ba\\\/index.php\\\/2021\\\/06\\\/20\\\/ceka-li-gradane-rh-poskupljenje-struje\\\/\",\"name\":\"\u010ceka li gra\u0111ane RH poskupljenje struje? - RADIO LJUBU\u0160KI\",\"isPartOf\":{\"@id\":\"https:\\\/\\\/radioljubuski.ba\\\/#website\"},\"primaryImageOfPage\":{\"@id\":\"https:\\\/\\\/radioljubuski.ba\\\/index.php\\\/2021\\\/06\\\/20\\\/ceka-li-gradane-rh-poskupljenje-struje\\\/#primaryimage\"},\"image\":{\"@id\":\"https:\\\/\\\/radioljubuski.ba\\\/index.php\\\/2021\\\/06\\\/20\\\/ceka-li-gradane-rh-poskupljenje-struje\\\/#primaryimage\"},\"thumbnailUrl\":\"https:\\\/\\\/radioljubuski.ba\\\/wp-content\\\/uploads\\\/2021\\\/06\\\/struja-696x464-1.jpg\",\"datePublished\":\"2021-06-20T14:38:58+00:00\",\"dateModified\":\"2021-06-20T14:39:00+00:00\",\"breadcrumb\":{\"@id\":\"https:\\\/\\\/radioljubuski.ba\\\/index.php\\\/2021\\\/06\\\/20\\\/ceka-li-gradane-rh-poskupljenje-struje\\\/#breadcrumb\"},\"inLanguage\":\"hr\",\"potentialAction\":[{\"@type\":\"ReadAction\",\"target\":[\"https:\\\/\\\/radioljubuski.ba\\\/index.php\\\/2021\\\/06\\\/20\\\/ceka-li-gradane-rh-poskupljenje-struje\\\/\"]}]},{\"@type\":\"ImageObject\",\"inLanguage\":\"hr\",\"@id\":\"https:\\\/\\\/radioljubuski.ba\\\/index.php\\\/2021\\\/06\\\/20\\\/ceka-li-gradane-rh-poskupljenje-struje\\\/#primaryimage\",\"url\":\"https:\\\/\\\/radioljubuski.ba\\\/wp-content\\\/uploads\\\/2021\\\/06\\\/struja-696x464-1.jpg\",\"contentUrl\":\"https:\\\/\\\/radioljubuski.ba\\\/wp-content\\\/uploads\\\/2021\\\/06\\\/struja-696x464-1.jpg\",\"width\":696,\"height\":464},{\"@type\":\"BreadcrumbList\",\"@id\":\"https:\\\/\\\/radioljubuski.ba\\\/index.php\\\/2021\\\/06\\\/20\\\/ceka-li-gradane-rh-poskupljenje-struje\\\/#breadcrumb\",\"itemListElement\":[{\"@type\":\"ListItem\",\"position\":1,\"name\":\"Po\u010detna stranica\",\"item\":\"https:\\\/\\\/radioljubuski.ba\\\/\"},{\"@type\":\"ListItem\",\"position\":2,\"name\":\"\u010ceka li gra\u0111ane RH poskupljenje struje?\"}]},{\"@type\":\"WebSite\",\"@id\":\"https:\\\/\\\/radioljubuski.ba\\\/#website\",\"url\":\"https:\\\/\\\/radioljubuski.ba\\\/\",\"name\":\"Radio Ljubu\u0161ki\",\"description\":\"Sun\u010dana frekvencija Hercegovine\",\"publisher\":{\"@id\":\"https:\\\/\\\/radioljubuski.ba\\\/#organization\"},\"potentialAction\":[{\"@type\":\"SearchAction\",\"target\":{\"@type\":\"EntryPoint\",\"urlTemplate\":\"https:\\\/\\\/radioljubuski.ba\\\/?s={search_term_string}\"},\"query-input\":{\"@type\":\"PropertyValueSpecification\",\"valueRequired\":true,\"valueName\":\"search_term_string\"}}],\"inLanguage\":\"hr\"},{\"@type\":\"Organization\",\"@id\":\"https:\\\/\\\/radioljubuski.ba\\\/#organization\",\"name\":\"Radio Ljubu\u0161ki\",\"url\":\"https:\\\/\\\/radioljubuski.ba\\\/\",\"logo\":{\"@type\":\"ImageObject\",\"inLanguage\":\"hr\",\"@id\":\"https:\\\/\\\/radioljubuski.ba\\\/#\\\/schema\\\/logo\\\/image\\\/\",\"url\":\"https:\\\/\\\/radioljubuski.ba\\\/wp-content\\\/uploads\\\/2021\\\/02\\\/cropped-Radio_Ljubuski_logo1.jpg\",\"contentUrl\":\"https:\\\/\\\/radioljubuski.ba\\\/wp-content\\\/uploads\\\/2021\\\/02\\\/cropped-Radio_Ljubuski_logo1.jpg\",\"width\":512,\"height\":512,\"caption\":\"Radio Ljubu\u0161ki\"},\"image\":{\"@id\":\"https:\\\/\\\/radioljubuski.ba\\\/#\\\/schema\\\/logo\\\/image\\\/\"},\"sameAs\":[\"https:\\\/\\\/www.facebook.com\\\/Radiio-Ljubuski-1490835324566332\",\"https:\\\/\\\/x.com\\\/radioljubuski\",\"https:\\\/\\\/hr.linkedin.com\\\/company\\\/radio-ljubuski\",\"https:\\\/\\\/www.youtube.com\\\/channel\\\/UCHYaeO_n0Db3tjNGudGpXyw\"]},{\"@type\":\"Person\",\"@id\":\"https:\\\/\\\/radioljubuski.ba\\\/#\\\/schema\\\/person\\\/19fc700381a780f69665d7956c469e3b\",\"name\":\"Radio Ljubu\u0161ki\"}]}<\/script>\n<!-- \/ Yoast SEO plugin. -->","yoast_head_json":{"title":"\u010ceka li gra\u0111ane RH poskupljenje struje? - RADIO LJUBU\u0160KI","robots":{"index":"index","follow":"follow","max-snippet":"max-snippet:-1","max-image-preview":"max-image-preview:large","max-video-preview":"max-video-preview:-1"},"canonical":"https:\/\/radioljubuski.ba\/index.php\/2021\/06\/20\/ceka-li-gradane-rh-poskupljenje-struje\/","og_locale":"hr_HR","og_type":"article","og_title":"\u010ceka li gra\u0111ane RH poskupljenje struje? - RADIO LJUBU\u0160KI","og_description":"Kako rastu temperature, tako se u ku\u0107anstvima pale klima ure\u0111aji. Potro\u0161nja struje se pove\u0107ava, a uskoro bi mogli i ra\u010duni za struju. Me\u0111utim, ne zbog cijene energenta ve\u0107 zbog naknade za obnovljive izvore energije. To je ona stavka kojom gra\u0111ani omogu\u0107avaju povla\u0161tenim proizvo\u0111a\u010dima potpore \u2013 jer koriste obnovljive izvore energije. \u201dBar s vremena na vrijeme [&hellip;]","og_url":"https:\/\/radioljubuski.ba\/index.php\/2021\/06\/20\/ceka-li-gradane-rh-poskupljenje-struje\/","og_site_name":"RADIO LJUBU\u0160KI","article_publisher":"https:\/\/www.facebook.com\/Radiio-Ljubuski-1490835324566332","article_published_time":"2021-06-20T14:38:58+00:00","article_modified_time":"2021-06-20T14:39:00+00:00","og_image":[{"width":696,"height":464,"url":"https:\/\/radioljubuski.ba\/wp-content\/uploads\/2021\/06\/struja-696x464-1.jpg","type":"image\/jpeg"}],"author":"Radio Ljubu\u0161ki","twitter_card":"summary_large_image","twitter_creator":"@radioljubuski","twitter_site":"@radioljubuski","twitter_misc":{"Napisao\/la":"Radio Ljubu\u0161ki","Procijenjeno vrijeme \u010ditanja":"2 minute"},"schema":{"@context":"https:\/\/schema.org","@graph":[{"@type":"Article","@id":"https:\/\/radioljubuski.ba\/index.php\/2021\/06\/20\/ceka-li-gradane-rh-poskupljenje-struje\/#article","isPartOf":{"@id":"https:\/\/radioljubuski.ba\/index.php\/2021\/06\/20\/ceka-li-gradane-rh-poskupljenje-struje\/"},"author":{"name":"Radio Ljubu\u0161ki","@id":"https:\/\/radioljubuski.ba\/#\/schema\/person\/19fc700381a780f69665d7956c469e3b"},"headline":"\u010ceka li gra\u0111ane RH poskupljenje struje?","datePublished":"2021-06-20T14:38:58+00:00","dateModified":"2021-06-20T14:39:00+00:00","mainEntityOfPage":{"@id":"https:\/\/radioljubuski.ba\/index.php\/2021\/06\/20\/ceka-li-gradane-rh-poskupljenje-struje\/"},"wordCount":522,"publisher":{"@id":"https:\/\/radioljubuski.ba\/#organization"},"image":{"@id":"https:\/\/radioljubuski.ba\/index.php\/2021\/06\/20\/ceka-li-gradane-rh-poskupljenje-struje\/#primaryimage"},"thumbnailUrl":"https:\/\/radioljubuski.ba\/wp-content\/uploads\/2021\/06\/struja-696x464-1.jpg","articleSection":["BIH i regija"],"inLanguage":"hr"},{"@type":"WebPage","@id":"https:\/\/radioljubuski.ba\/index.php\/2021\/06\/20\/ceka-li-gradane-rh-poskupljenje-struje\/","url":"https:\/\/radioljubuski.ba\/index.php\/2021\/06\/20\/ceka-li-gradane-rh-poskupljenje-struje\/","name":"\u010ceka li gra\u0111ane RH poskupljenje struje? - RADIO LJUBU\u0160KI","isPartOf":{"@id":"https:\/\/radioljubuski.ba\/#website"},"primaryImageOfPage":{"@id":"https:\/\/radioljubuski.ba\/index.php\/2021\/06\/20\/ceka-li-gradane-rh-poskupljenje-struje\/#primaryimage"},"image":{"@id":"https:\/\/radioljubuski.ba\/index.php\/2021\/06\/20\/ceka-li-gradane-rh-poskupljenje-struje\/#primaryimage"},"thumbnailUrl":"https:\/\/radioljubuski.ba\/wp-content\/uploads\/2021\/06\/struja-696x464-1.jpg","datePublished":"2021-06-20T14:38:58+00:00","dateModified":"2021-06-20T14:39:00+00:00","breadcrumb":{"@id":"https:\/\/radioljubuski.ba\/index.php\/2021\/06\/20\/ceka-li-gradane-rh-poskupljenje-struje\/#breadcrumb"},"inLanguage":"hr","potentialAction":[{"@type":"ReadAction","target":["https:\/\/radioljubuski.ba\/index.php\/2021\/06\/20\/ceka-li-gradane-rh-poskupljenje-struje\/"]}]},{"@type":"ImageObject","inLanguage":"hr","@id":"https:\/\/radioljubuski.ba\/index.php\/2021\/06\/20\/ceka-li-gradane-rh-poskupljenje-struje\/#primaryimage","url":"https:\/\/radioljubuski.ba\/wp-content\/uploads\/2021\/06\/struja-696x464-1.jpg","contentUrl":"https:\/\/radioljubuski.ba\/wp-content\/uploads\/2021\/06\/struja-696x464-1.jpg","width":696,"height":464},{"@type":"BreadcrumbList","@id":"https:\/\/radioljubuski.ba\/index.php\/2021\/06\/20\/ceka-li-gradane-rh-poskupljenje-struje\/#breadcrumb","itemListElement":[{"@type":"ListItem","position":1,"name":"Po\u010detna stranica","item":"https:\/\/radioljubuski.ba\/"},{"@type":"ListItem","position":2,"name":"\u010ceka li gra\u0111ane RH poskupljenje struje?"}]},{"@type":"WebSite","@id":"https:\/\/radioljubuski.ba\/#website","url":"https:\/\/radioljubuski.ba\/","name":"Radio Ljubu\u0161ki","description":"Sun\u010dana frekvencija Hercegovine","publisher":{"@id":"https:\/\/radioljubuski.ba\/#organization"},"potentialAction":[{"@type":"SearchAction","target":{"@type":"EntryPoint","urlTemplate":"https:\/\/radioljubuski.ba\/?s={search_term_string}"},"query-input":{"@type":"PropertyValueSpecification","valueRequired":true,"valueName":"search_term_string"}}],"inLanguage":"hr"},{"@type":"Organization","@id":"https:\/\/radioljubuski.ba\/#organization","name":"Radio Ljubu\u0161ki","url":"https:\/\/radioljubuski.ba\/","logo":{"@type":"ImageObject","inLanguage":"hr","@id":"https:\/\/radioljubuski.ba\/#\/schema\/logo\/image\/","url":"https:\/\/radioljubuski.ba\/wp-content\/uploads\/2021\/02\/cropped-Radio_Ljubuski_logo1.jpg","contentUrl":"https:\/\/radioljubuski.ba\/wp-content\/uploads\/2021\/02\/cropped-Radio_Ljubuski_logo1.jpg","width":512,"height":512,"caption":"Radio Ljubu\u0161ki"},"image":{"@id":"https:\/\/radioljubuski.ba\/#\/schema\/logo\/image\/"},"sameAs":["https:\/\/www.facebook.com\/Radiio-Ljubuski-1490835324566332","https:\/\/x.com\/radioljubuski","https:\/\/hr.linkedin.com\/company\/radio-ljubuski","https:\/\/www.youtube.com\/channel\/UCHYaeO_n0Db3tjNGudGpXyw"]},{"@type":"Person","@id":"https:\/\/radioljubuski.ba\/#\/schema\/person\/19fc700381a780f69665d7956c469e3b","name":"Radio Ljubu\u0161ki"}]}},"_links":{"self":[{"href":"https:\/\/radioljubuski.ba\/index.php\/wp-json\/wp\/v2\/posts\/34051","targetHints":{"allow":["GET"]}}],"collection":[{"href":"https:\/\/radioljubuski.ba\/index.php\/wp-json\/wp\/v2\/posts"}],"about":[{"href":"https:\/\/radioljubuski.ba\/index.php\/wp-json\/wp\/v2\/types\/post"}],"author":[{"embeddable":true,"href":"https:\/\/radioljubuski.ba\/index.php\/wp-json\/wp\/v2\/users\/2"}],"replies":[{"embeddable":true,"href":"https:\/\/radioljubuski.ba\/index.php\/wp-json\/wp\/v2\/comments?post=34051"}],"version-history":[{"count":1,"href":"https:\/\/radioljubuski.ba\/index.php\/wp-json\/wp\/v2\/posts\/34051\/revisions"}],"predecessor-version":[{"id":34053,"href":"https:\/\/radioljubuski.ba\/index.php\/wp-json\/wp\/v2\/posts\/34051\/revisions\/34053"}],"wp:featuredmedia":[{"embeddable":true,"href":"https:\/\/radioljubuski.ba\/index.php\/wp-json\/wp\/v2\/media\/34052"}],"wp:attachment":[{"href":"https:\/\/radioljubuski.ba\/index.php\/wp-json\/wp\/v2\/media?parent=34051"}],"wp:term":[{"taxonomy":"category","embeddable":true,"href":"https:\/\/radioljubuski.ba\/index.php\/wp-json\/wp\/v2\/categories?post=34051"},{"taxonomy":"post_tag","embeddable":true,"href":"https:\/\/radioljubuski.ba\/index.php\/wp-json\/wp\/v2\/tags?post=34051"}],"curies":[{"name":"wp","href":"https:\/\/api.w.org\/{rel}","templated":true}]}}