{"id":34112,"date":"2021-06-20T17:17:52","date_gmt":"2021-06-20T16:17:52","guid":{"rendered":"https:\/\/radioljubuski.ba\/?p=34112"},"modified":"2021-06-20T17:17:53","modified_gmt":"2021-06-20T16:17:53","slug":"hzjz-cetvrtina-odraslog-stanovnistva-zavrsila-je-cijepljenje","status":"publish","type":"post","link":"https:\/\/radioljubuski.ba\/index.php\/2021\/06\/20\/hzjz-cetvrtina-odraslog-stanovnistva-zavrsila-je-cijepljenje\/","title":{"rendered":"HZJZ: \u010cetvrtina odraslog stanovni\u0161tva zavr\u0161ila je cijepljenje"},"content":{"rendered":"\n<p><strong>Ukupno 875.503 osobe primile su dvije doze cjepiva, dok je jo\u0161 18.769 osoba primilo jedinu potrebnu dozu cjepiva Jannsen. Time je cijepljenje zavr\u0161eno za 894.272 osobe, \u0161to je 22% ukupnog stanovni\u0161tva, odnosno 26,6% odraslog stanovni\u0161tva.<\/strong><\/p>\n\n\n\n<figure class=\"wp-block-image\"><img decoding=\"async\" src=\"https:\/\/www.hzjz.hr\/wp-content\/uploads\/2021\/06\/graf.png\" alt=\"\u010cetvrtina odraslog stanovni\u0161tva zavr\u0161ila je cijepljenje! | Hrvatski zavod  za javno zdravstvo\"\/><\/figure>\n\n\n\n<p>Ravnatelj Hrvatskog zavoda za javno zdravstvo<strong>&nbsp;Krunoslav Capak<\/strong>&nbsp;istaknuo je va\u017enost cijepljenja unato\u010d povoljnijoj epidemiolo\u0161koj situaciji.<br><br>&#8211; U vrijeme povoljne epidemiolo\u0161ke situacije, kakva je sada u Hrvatskoj, a ujedno u vrijeme kada su novi sojevi virusa pred vratima, primanje obiju doza cjepiva izrazito je va\u017eno. Za cjepiva koja se primjenjuju u dvije doze, a to su cjepiva proizvo\u0111a\u010da Pfizer, Moderna i AstraZeneca, dvije doze ipak pru\u017eaju ve\u0107u razinu za\u0161tite od samo jedne doze, a posebno kod mogu\u0107ih novih sojeva. Ako tome dodamo rizik ipak ne\u0161to slabijeg imunolo\u0161kog odgovora osoba starije \u017eivotne dobi, osoba s kroni\u010dnim bolestima koje naru\u0161avaju imunolo\u0161ki odgovor organizma te osoba koje uzimaju lijekove koji umanjuju imunolo\u0161ki odgovor, kod kojih je druga doza posebno va\u017ena, ovakav izvrstan odaziv gra\u0111ana na drugu dozu svakako treba pohvaliti, rekao je.<br><br>Najve\u0107i obuhvat cijepljenih prvom dozom postignut je u Gradu Zagrebu (41,4% ukupnog stanovni\u0161tva, odnosno 50,3% odraslog stanovni\u0161tva), a zavr\u0161eno cijepljenje u najve\u0107em je obuhvatu ostvareno u Krapinsko-zagorskoj \u017eupaniji (30,3% ukupnog, odnosno 36,3% odraslog stanovni\u0161tva).<br><br>&#8211; Zahvaljujem zdravstvenim djelatnicima i svima onima koji su uklju\u010deni u organizaciju cijepljenja jer potreba za drugom dozom \u010dini organizaciju cijepljenja dodatno zahtjevnom, dodao je ravnatelj HZJZ-a&nbsp;<strong>Krunoslav Capak<\/strong>.<\/p>\n\n\n\n<p>Izvor:hrt.hr<\/p>\n","protected":false},"excerpt":{"rendered":"<p>Ukupno 875.503 osobe primile su dvije doze cjepiva, dok je jo\u0161 18.769 osoba primilo jedinu potrebnu dozu cjepiva Jannsen. Time je cijepljenje zavr\u0161eno za 894.272 osobe, \u0161to je 22% ukupnog stanovni\u0161tva, odnosno 26,6% odraslog stanovni\u0161tva. Ravnatelj Hrvatskog zavoda za javno zdravstvo&nbsp;Krunoslav Capak&nbsp;istaknuo je va\u017enost cijepljenja unato\u010d povoljnijoj epidemiolo\u0161koj situaciji. &#8211; U vrijeme povoljne epidemiolo\u0161ke situacije, [&hellip;]<\/p>\n","protected":false},"author":2,"featured_media":34113,"comment_status":"closed","ping_status":"closed","sticky":false,"template":"","format":"standard","meta":{"h5ap_radio_sources":[],"footnotes":""},"categories":[1],"tags":[],"class_list":["post-34112","post","type-post","status-publish","format-standard","has-post-thumbnail","hentry","category-bihiregija"],"yoast_head":"<!-- This site is optimized with the Yoast SEO plugin v27.5 - https:\/\/yoast.com\/product\/yoast-seo-wordpress\/ -->\n<title>HZJZ: \u010cetvrtina odraslog stanovni\u0161tva zavr\u0161ila je cijepljenje - RADIO LJUBU\u0160KI<\/title>\n<meta name=\"robots\" content=\"index, follow, max-snippet:-1, max-image-preview:large, max-video-preview:-1\" \/>\n<link rel=\"canonical\" href=\"https:\/\/radioljubuski.ba\/index.php\/2021\/06\/20\/hzjz-cetvrtina-odraslog-stanovnistva-zavrsila-je-cijepljenje\/\" \/>\n<meta property=\"og:locale\" content=\"hr_HR\" \/>\n<meta property=\"og:type\" content=\"article\" \/>\n<meta property=\"og:title\" content=\"HZJZ: \u010cetvrtina odraslog stanovni\u0161tva zavr\u0161ila je cijepljenje - RADIO LJUBU\u0160KI\" \/>\n<meta property=\"og:description\" content=\"Ukupno 875.503 osobe primile su dvije doze cjepiva, dok je jo\u0161 18.769 osoba primilo jedinu potrebnu dozu cjepiva Jannsen. Time je cijepljenje zavr\u0161eno za 894.272 osobe, \u0161to je 22% ukupnog stanovni\u0161tva, odnosno 26,6% odraslog stanovni\u0161tva. Ravnatelj Hrvatskog zavoda za javno zdravstvo&nbsp;Krunoslav Capak&nbsp;istaknuo je va\u017enost cijepljenja unato\u010d povoljnijoj epidemiolo\u0161koj situaciji. &#8211; U vrijeme povoljne epidemiolo\u0161ke situacije, [&hellip;]\" \/>\n<meta property=\"og:url\" content=\"https:\/\/radioljubuski.ba\/index.php\/2021\/06\/20\/hzjz-cetvrtina-odraslog-stanovnistva-zavrsila-je-cijepljenje\/\" \/>\n<meta property=\"og:site_name\" content=\"RADIO LJUBU\u0160KI\" \/>\n<meta property=\"article:publisher\" content=\"https:\/\/www.facebook.com\/Radiio-Ljubuski-1490835324566332\" \/>\n<meta property=\"article:published_time\" content=\"2021-06-20T16:17:52+00:00\" \/>\n<meta property=\"article:modified_time\" content=\"2021-06-20T16:17:53+00:00\" \/>\n<meta property=\"og:image\" content=\"https:\/\/radioljubuski.ba\/wp-content\/uploads\/2021\/06\/preuzmi-1-23.jpg\" \/>\n\t<meta property=\"og:image:width\" content=\"312\" \/>\n\t<meta property=\"og:image:height\" content=\"162\" \/>\n\t<meta property=\"og:image:type\" content=\"image\/jpeg\" \/>\n<meta name=\"author\" content=\"Radio Ljubu\u0161ki\" \/>\n<meta name=\"twitter:card\" content=\"summary_large_image\" \/>\n<meta name=\"twitter:creator\" content=\"@radioljubuski\" \/>\n<meta name=\"twitter:site\" content=\"@radioljubuski\" \/>\n<meta name=\"twitter:label1\" content=\"Napisao\/la\" \/>\n\t<meta name=\"twitter:data1\" content=\"Radio Ljubu\u0161ki\" \/>\n\t<meta name=\"twitter:label2\" content=\"Procijenjeno vrijeme \u010ditanja\" \/>\n\t<meta name=\"twitter:data2\" content=\"2 minute\" \/>\n<script type=\"application\/ld+json\" class=\"yoast-schema-graph\">{\"@context\":\"https:\\\/\\\/schema.org\",\"@graph\":[{\"@type\":\"Article\",\"@id\":\"https:\\\/\\\/radioljubuski.ba\\\/index.php\\\/2021\\\/06\\\/20\\\/hzjz-cetvrtina-odraslog-stanovnistva-zavrsila-je-cijepljenje\\\/#article\",\"isPartOf\":{\"@id\":\"https:\\\/\\\/radioljubuski.ba\\\/index.php\\\/2021\\\/06\\\/20\\\/hzjz-cetvrtina-odraslog-stanovnistva-zavrsila-je-cijepljenje\\\/\"},\"author\":{\"name\":\"Radio Ljubu\u0161ki\",\"@id\":\"https:\\\/\\\/radioljubuski.ba\\\/#\\\/schema\\\/person\\\/19fc700381a780f69665d7956c469e3b\"},\"headline\":\"HZJZ: \u010cetvrtina odraslog stanovni\u0161tva zavr\u0161ila je cijepljenje\",\"datePublished\":\"2021-06-20T16:17:52+00:00\",\"dateModified\":\"2021-06-20T16:17:53+00:00\",\"mainEntityOfPage\":{\"@id\":\"https:\\\/\\\/radioljubuski.ba\\\/index.php\\\/2021\\\/06\\\/20\\\/hzjz-cetvrtina-odraslog-stanovnistva-zavrsila-je-cijepljenje\\\/\"},\"wordCount\":261,\"publisher\":{\"@id\":\"https:\\\/\\\/radioljubuski.ba\\\/#organization\"},\"image\":{\"@id\":\"https:\\\/\\\/radioljubuski.ba\\\/index.php\\\/2021\\\/06\\\/20\\\/hzjz-cetvrtina-odraslog-stanovnistva-zavrsila-je-cijepljenje\\\/#primaryimage\"},\"thumbnailUrl\":\"https:\\\/\\\/radioljubuski.ba\\\/wp-content\\\/uploads\\\/2021\\\/06\\\/preuzmi-1-23.jpg\",\"articleSection\":[\"BIH i regija\"],\"inLanguage\":\"hr\"},{\"@type\":\"WebPage\",\"@id\":\"https:\\\/\\\/radioljubuski.ba\\\/index.php\\\/2021\\\/06\\\/20\\\/hzjz-cetvrtina-odraslog-stanovnistva-zavrsila-je-cijepljenje\\\/\",\"url\":\"https:\\\/\\\/radioljubuski.ba\\\/index.php\\\/2021\\\/06\\\/20\\\/hzjz-cetvrtina-odraslog-stanovnistva-zavrsila-je-cijepljenje\\\/\",\"name\":\"HZJZ: \u010cetvrtina odraslog stanovni\u0161tva zavr\u0161ila je cijepljenje - RADIO LJUBU\u0160KI\",\"isPartOf\":{\"@id\":\"https:\\\/\\\/radioljubuski.ba\\\/#website\"},\"primaryImageOfPage\":{\"@id\":\"https:\\\/\\\/radioljubuski.ba\\\/index.php\\\/2021\\\/06\\\/20\\\/hzjz-cetvrtina-odraslog-stanovnistva-zavrsila-je-cijepljenje\\\/#primaryimage\"},\"image\":{\"@id\":\"https:\\\/\\\/radioljubuski.ba\\\/index.php\\\/2021\\\/06\\\/20\\\/hzjz-cetvrtina-odraslog-stanovnistva-zavrsila-je-cijepljenje\\\/#primaryimage\"},\"thumbnailUrl\":\"https:\\\/\\\/radioljubuski.ba\\\/wp-content\\\/uploads\\\/2021\\\/06\\\/preuzmi-1-23.jpg\",\"datePublished\":\"2021-06-20T16:17:52+00:00\",\"dateModified\":\"2021-06-20T16:17:53+00:00\",\"breadcrumb\":{\"@id\":\"https:\\\/\\\/radioljubuski.ba\\\/index.php\\\/2021\\\/06\\\/20\\\/hzjz-cetvrtina-odraslog-stanovnistva-zavrsila-je-cijepljenje\\\/#breadcrumb\"},\"inLanguage\":\"hr\",\"potentialAction\":[{\"@type\":\"ReadAction\",\"target\":[\"https:\\\/\\\/radioljubuski.ba\\\/index.php\\\/2021\\\/06\\\/20\\\/hzjz-cetvrtina-odraslog-stanovnistva-zavrsila-je-cijepljenje\\\/\"]}]},{\"@type\":\"ImageObject\",\"inLanguage\":\"hr\",\"@id\":\"https:\\\/\\\/radioljubuski.ba\\\/index.php\\\/2021\\\/06\\\/20\\\/hzjz-cetvrtina-odraslog-stanovnistva-zavrsila-je-cijepljenje\\\/#primaryimage\",\"url\":\"https:\\\/\\\/radioljubuski.ba\\\/wp-content\\\/uploads\\\/2021\\\/06\\\/preuzmi-1-23.jpg\",\"contentUrl\":\"https:\\\/\\\/radioljubuski.ba\\\/wp-content\\\/uploads\\\/2021\\\/06\\\/preuzmi-1-23.jpg\",\"width\":312,\"height\":162},{\"@type\":\"BreadcrumbList\",\"@id\":\"https:\\\/\\\/radioljubuski.ba\\\/index.php\\\/2021\\\/06\\\/20\\\/hzjz-cetvrtina-odraslog-stanovnistva-zavrsila-je-cijepljenje\\\/#breadcrumb\",\"itemListElement\":[{\"@type\":\"ListItem\",\"position\":1,\"name\":\"Po\u010detna stranica\",\"item\":\"https:\\\/\\\/radioljubuski.ba\\\/\"},{\"@type\":\"ListItem\",\"position\":2,\"name\":\"HZJZ: \u010cetvrtina odraslog stanovni\u0161tva zavr\u0161ila je cijepljenje\"}]},{\"@type\":\"WebSite\",\"@id\":\"https:\\\/\\\/radioljubuski.ba\\\/#website\",\"url\":\"https:\\\/\\\/radioljubuski.ba\\\/\",\"name\":\"Radio Ljubu\u0161ki\",\"description\":\"Sun\u010dana frekvencija Hercegovine\",\"publisher\":{\"@id\":\"https:\\\/\\\/radioljubuski.ba\\\/#organization\"},\"potentialAction\":[{\"@type\":\"SearchAction\",\"target\":{\"@type\":\"EntryPoint\",\"urlTemplate\":\"https:\\\/\\\/radioljubuski.ba\\\/?s={search_term_string}\"},\"query-input\":{\"@type\":\"PropertyValueSpecification\",\"valueRequired\":true,\"valueName\":\"search_term_string\"}}],\"inLanguage\":\"hr\"},{\"@type\":\"Organization\",\"@id\":\"https:\\\/\\\/radioljubuski.ba\\\/#organization\",\"name\":\"Radio Ljubu\u0161ki\",\"url\":\"https:\\\/\\\/radioljubuski.ba\\\/\",\"logo\":{\"@type\":\"ImageObject\",\"inLanguage\":\"hr\",\"@id\":\"https:\\\/\\\/radioljubuski.ba\\\/#\\\/schema\\\/logo\\\/image\\\/\",\"url\":\"https:\\\/\\\/radioljubuski.ba\\\/wp-content\\\/uploads\\\/2021\\\/02\\\/cropped-Radio_Ljubuski_logo1.jpg\",\"contentUrl\":\"https:\\\/\\\/radioljubuski.ba\\\/wp-content\\\/uploads\\\/2021\\\/02\\\/cropped-Radio_Ljubuski_logo1.jpg\",\"width\":512,\"height\":512,\"caption\":\"Radio Ljubu\u0161ki\"},\"image\":{\"@id\":\"https:\\\/\\\/radioljubuski.ba\\\/#\\\/schema\\\/logo\\\/image\\\/\"},\"sameAs\":[\"https:\\\/\\\/www.facebook.com\\\/Radiio-Ljubuski-1490835324566332\",\"https:\\\/\\\/x.com\\\/radioljubuski\",\"https:\\\/\\\/hr.linkedin.com\\\/company\\\/radio-ljubuski\",\"https:\\\/\\\/www.youtube.com\\\/channel\\\/UCHYaeO_n0Db3tjNGudGpXyw\"]},{\"@type\":\"Person\",\"@id\":\"https:\\\/\\\/radioljubuski.ba\\\/#\\\/schema\\\/person\\\/19fc700381a780f69665d7956c469e3b\",\"name\":\"Radio Ljubu\u0161ki\"}]}<\/script>\n<!-- \/ Yoast SEO plugin. -->","yoast_head_json":{"title":"HZJZ: \u010cetvrtina odraslog stanovni\u0161tva zavr\u0161ila je cijepljenje - RADIO LJUBU\u0160KI","robots":{"index":"index","follow":"follow","max-snippet":"max-snippet:-1","max-image-preview":"max-image-preview:large","max-video-preview":"max-video-preview:-1"},"canonical":"https:\/\/radioljubuski.ba\/index.php\/2021\/06\/20\/hzjz-cetvrtina-odraslog-stanovnistva-zavrsila-je-cijepljenje\/","og_locale":"hr_HR","og_type":"article","og_title":"HZJZ: \u010cetvrtina odraslog stanovni\u0161tva zavr\u0161ila je cijepljenje - RADIO LJUBU\u0160KI","og_description":"Ukupno 875.503 osobe primile su dvije doze cjepiva, dok je jo\u0161 18.769 osoba primilo jedinu potrebnu dozu cjepiva Jannsen. Time je cijepljenje zavr\u0161eno za 894.272 osobe, \u0161to je 22% ukupnog stanovni\u0161tva, odnosno 26,6% odraslog stanovni\u0161tva. Ravnatelj Hrvatskog zavoda za javno zdravstvo&nbsp;Krunoslav Capak&nbsp;istaknuo je va\u017enost cijepljenja unato\u010d povoljnijoj epidemiolo\u0161koj situaciji. &#8211; U vrijeme povoljne epidemiolo\u0161ke situacije, [&hellip;]","og_url":"https:\/\/radioljubuski.ba\/index.php\/2021\/06\/20\/hzjz-cetvrtina-odraslog-stanovnistva-zavrsila-je-cijepljenje\/","og_site_name":"RADIO LJUBU\u0160KI","article_publisher":"https:\/\/www.facebook.com\/Radiio-Ljubuski-1490835324566332","article_published_time":"2021-06-20T16:17:52+00:00","article_modified_time":"2021-06-20T16:17:53+00:00","og_image":[{"width":312,"height":162,"url":"https:\/\/radioljubuski.ba\/wp-content\/uploads\/2021\/06\/preuzmi-1-23.jpg","type":"image\/jpeg"}],"author":"Radio Ljubu\u0161ki","twitter_card":"summary_large_image","twitter_creator":"@radioljubuski","twitter_site":"@radioljubuski","twitter_misc":{"Napisao\/la":"Radio Ljubu\u0161ki","Procijenjeno vrijeme \u010ditanja":"2 minute"},"schema":{"@context":"https:\/\/schema.org","@graph":[{"@type":"Article","@id":"https:\/\/radioljubuski.ba\/index.php\/2021\/06\/20\/hzjz-cetvrtina-odraslog-stanovnistva-zavrsila-je-cijepljenje\/#article","isPartOf":{"@id":"https:\/\/radioljubuski.ba\/index.php\/2021\/06\/20\/hzjz-cetvrtina-odraslog-stanovnistva-zavrsila-je-cijepljenje\/"},"author":{"name":"Radio Ljubu\u0161ki","@id":"https:\/\/radioljubuski.ba\/#\/schema\/person\/19fc700381a780f69665d7956c469e3b"},"headline":"HZJZ: \u010cetvrtina odraslog stanovni\u0161tva zavr\u0161ila je cijepljenje","datePublished":"2021-06-20T16:17:52+00:00","dateModified":"2021-06-20T16:17:53+00:00","mainEntityOfPage":{"@id":"https:\/\/radioljubuski.ba\/index.php\/2021\/06\/20\/hzjz-cetvrtina-odraslog-stanovnistva-zavrsila-je-cijepljenje\/"},"wordCount":261,"publisher":{"@id":"https:\/\/radioljubuski.ba\/#organization"},"image":{"@id":"https:\/\/radioljubuski.ba\/index.php\/2021\/06\/20\/hzjz-cetvrtina-odraslog-stanovnistva-zavrsila-je-cijepljenje\/#primaryimage"},"thumbnailUrl":"https:\/\/radioljubuski.ba\/wp-content\/uploads\/2021\/06\/preuzmi-1-23.jpg","articleSection":["BIH i regija"],"inLanguage":"hr"},{"@type":"WebPage","@id":"https:\/\/radioljubuski.ba\/index.php\/2021\/06\/20\/hzjz-cetvrtina-odraslog-stanovnistva-zavrsila-je-cijepljenje\/","url":"https:\/\/radioljubuski.ba\/index.php\/2021\/06\/20\/hzjz-cetvrtina-odraslog-stanovnistva-zavrsila-je-cijepljenje\/","name":"HZJZ: \u010cetvrtina odraslog stanovni\u0161tva zavr\u0161ila je cijepljenje - RADIO LJUBU\u0160KI","isPartOf":{"@id":"https:\/\/radioljubuski.ba\/#website"},"primaryImageOfPage":{"@id":"https:\/\/radioljubuski.ba\/index.php\/2021\/06\/20\/hzjz-cetvrtina-odraslog-stanovnistva-zavrsila-je-cijepljenje\/#primaryimage"},"image":{"@id":"https:\/\/radioljubuski.ba\/index.php\/2021\/06\/20\/hzjz-cetvrtina-odraslog-stanovnistva-zavrsila-je-cijepljenje\/#primaryimage"},"thumbnailUrl":"https:\/\/radioljubuski.ba\/wp-content\/uploads\/2021\/06\/preuzmi-1-23.jpg","datePublished":"2021-06-20T16:17:52+00:00","dateModified":"2021-06-20T16:17:53+00:00","breadcrumb":{"@id":"https:\/\/radioljubuski.ba\/index.php\/2021\/06\/20\/hzjz-cetvrtina-odraslog-stanovnistva-zavrsila-je-cijepljenje\/#breadcrumb"},"inLanguage":"hr","potentialAction":[{"@type":"ReadAction","target":["https:\/\/radioljubuski.ba\/index.php\/2021\/06\/20\/hzjz-cetvrtina-odraslog-stanovnistva-zavrsila-je-cijepljenje\/"]}]},{"@type":"ImageObject","inLanguage":"hr","@id":"https:\/\/radioljubuski.ba\/index.php\/2021\/06\/20\/hzjz-cetvrtina-odraslog-stanovnistva-zavrsila-je-cijepljenje\/#primaryimage","url":"https:\/\/radioljubuski.ba\/wp-content\/uploads\/2021\/06\/preuzmi-1-23.jpg","contentUrl":"https:\/\/radioljubuski.ba\/wp-content\/uploads\/2021\/06\/preuzmi-1-23.jpg","width":312,"height":162},{"@type":"BreadcrumbList","@id":"https:\/\/radioljubuski.ba\/index.php\/2021\/06\/20\/hzjz-cetvrtina-odraslog-stanovnistva-zavrsila-je-cijepljenje\/#breadcrumb","itemListElement":[{"@type":"ListItem","position":1,"name":"Po\u010detna stranica","item":"https:\/\/radioljubuski.ba\/"},{"@type":"ListItem","position":2,"name":"HZJZ: \u010cetvrtina odraslog stanovni\u0161tva zavr\u0161ila je cijepljenje"}]},{"@type":"WebSite","@id":"https:\/\/radioljubuski.ba\/#website","url":"https:\/\/radioljubuski.ba\/","name":"Radio Ljubu\u0161ki","description":"Sun\u010dana frekvencija Hercegovine","publisher":{"@id":"https:\/\/radioljubuski.ba\/#organization"},"potentialAction":[{"@type":"SearchAction","target":{"@type":"EntryPoint","urlTemplate":"https:\/\/radioljubuski.ba\/?s={search_term_string}"},"query-input":{"@type":"PropertyValueSpecification","valueRequired":true,"valueName":"search_term_string"}}],"inLanguage":"hr"},{"@type":"Organization","@id":"https:\/\/radioljubuski.ba\/#organization","name":"Radio Ljubu\u0161ki","url":"https:\/\/radioljubuski.ba\/","logo":{"@type":"ImageObject","inLanguage":"hr","@id":"https:\/\/radioljubuski.ba\/#\/schema\/logo\/image\/","url":"https:\/\/radioljubuski.ba\/wp-content\/uploads\/2021\/02\/cropped-Radio_Ljubuski_logo1.jpg","contentUrl":"https:\/\/radioljubuski.ba\/wp-content\/uploads\/2021\/02\/cropped-Radio_Ljubuski_logo1.jpg","width":512,"height":512,"caption":"Radio Ljubu\u0161ki"},"image":{"@id":"https:\/\/radioljubuski.ba\/#\/schema\/logo\/image\/"},"sameAs":["https:\/\/www.facebook.com\/Radiio-Ljubuski-1490835324566332","https:\/\/x.com\/radioljubuski","https:\/\/hr.linkedin.com\/company\/radio-ljubuski","https:\/\/www.youtube.com\/channel\/UCHYaeO_n0Db3tjNGudGpXyw"]},{"@type":"Person","@id":"https:\/\/radioljubuski.ba\/#\/schema\/person\/19fc700381a780f69665d7956c469e3b","name":"Radio Ljubu\u0161ki"}]}},"_links":{"self":[{"href":"https:\/\/radioljubuski.ba\/index.php\/wp-json\/wp\/v2\/posts\/34112","targetHints":{"allow":["GET"]}}],"collection":[{"href":"https:\/\/radioljubuski.ba\/index.php\/wp-json\/wp\/v2\/posts"}],"about":[{"href":"https:\/\/radioljubuski.ba\/index.php\/wp-json\/wp\/v2\/types\/post"}],"author":[{"embeddable":true,"href":"https:\/\/radioljubuski.ba\/index.php\/wp-json\/wp\/v2\/users\/2"}],"replies":[{"embeddable":true,"href":"https:\/\/radioljubuski.ba\/index.php\/wp-json\/wp\/v2\/comments?post=34112"}],"version-history":[{"count":1,"href":"https:\/\/radioljubuski.ba\/index.php\/wp-json\/wp\/v2\/posts\/34112\/revisions"}],"predecessor-version":[{"id":34114,"href":"https:\/\/radioljubuski.ba\/index.php\/wp-json\/wp\/v2\/posts\/34112\/revisions\/34114"}],"wp:featuredmedia":[{"embeddable":true,"href":"https:\/\/radioljubuski.ba\/index.php\/wp-json\/wp\/v2\/media\/34113"}],"wp:attachment":[{"href":"https:\/\/radioljubuski.ba\/index.php\/wp-json\/wp\/v2\/media?parent=34112"}],"wp:term":[{"taxonomy":"category","embeddable":true,"href":"https:\/\/radioljubuski.ba\/index.php\/wp-json\/wp\/v2\/categories?post=34112"},{"taxonomy":"post_tag","embeddable":true,"href":"https:\/\/radioljubuski.ba\/index.php\/wp-json\/wp\/v2\/tags?post=34112"}],"curies":[{"name":"wp","href":"https:\/\/api.w.org\/{rel}","templated":true}]}}