{"id":34115,"date":"2021-06-20T17:19:31","date_gmt":"2021-06-20T16:19:31","guid":{"rendered":"https:\/\/radioljubuski.ba\/?p=34115"},"modified":"2021-06-20T17:19:33","modified_gmt":"2021-06-20T16:19:33","slug":"maloljetnici-slavili-uz-alkohol-sestero-hospitaliziranih-svi-su-dobro","status":"publish","type":"post","link":"https:\/\/radioljubuski.ba\/index.php\/2021\/06\/20\/maloljetnici-slavili-uz-alkohol-sestero-hospitaliziranih-svi-su-dobro\/","title":{"rendered":"Maloljetnici slavili uz alkohol: \u0161estero hospitaliziranih, svi su dobro"},"content":{"rendered":"\n<p><strong>Posljednji dan \u0161kole stotine zagreba\u010dkih maloljetnika proslavile su u petak na Jarunu i Bundeku, ali na\u017ealost mnogi na pogre\u0161an na\u010din &#8211; alkoholom.<\/strong><\/p>\n\n\n\n<p><a href=\"https:\/\/vijesti.hrt.hr\/hrvatska\/mladi-slave-14-godisnjak-zbog-alkohola-u-bolnici-apel-roditeljima-dodite-po-djecu-2124243\"><br><\/a><\/p>\n\n\n\n<p>&#8211; Ukupno je ju\u010der zaprimljeno \u0161estero djece s intoksikacijom etilnim alkoholom. Svi su dobro, \u010detvero je otpu\u0161tenih. U tijeku je otpust zadnjih dvaju pacijenata, kazao je&nbsp;<strong>Goran Roi\u0107<\/strong>, ravnatelj Klai\u0107eve bolnice za portal HRT-a, dodaju\u0107i kako su toksikolo\u0161ki nalazi na droge kod maloljetnika bili negativni.<\/p>\n\n\n\n<p>Nad maloljetnicima su obavljene, ka\u017ee nam, standardne mjere dijagnostike i terapije, jedna lava\u017ea (ispiranje) \u017eeluca. Najmla\u0111i pacijent je 2006. godi\u0161te, 8. razred.<\/p>\n\n\n\n<p>&#8211; Svi roditelji su obavije\u0161teni, do\u0161li su u bolnicu, a jedan je pacijent pri prijemu bio agresivan, no brzo se primirio, ka\u017ee nam ravnatelj Roi\u0107.<\/p>\n\n\n\n<p>Podsjetimo, jo\u0161 ju\u010der je, u popodnevnim satima, Ivana Portolan Paji\u0107 iz Gradskog ureda za zdravstvo u razgovoru za Radio Sljeme apelirala na roditelje da pripaze na djecu.<\/p>\n\n\n\n<p>&#8211; Molim roditelje sve djece koji znaju da su im djeca na zabavama, da krenu prema svojoj djeci, da ih preuzmu i odvedu ku\u0107ama, kazala je nakon \u0161to su do njih po\u010dele stizati informacije da ima puno zlouporabe alkohola na proslavama koje su mladi samoinicijativno organizirali na Bundeku, Jarunu i u zagreba\u010dkim parkovima.<\/p>\n\n\n\n<p>&#8211; Ve\u0107 smo imali nekoliko slu\u010dajeva intoksikacije, od toga jednu vrlo te\u0161ku, upozorila je ju\u010der te dodala:<\/p>\n\n\n\n<p>&#8211; Molimo da ne dolazi do situacija u kojima moramo tra\u017eiti podatke o roditeljima i zvati ih da dolaze po svoju djecu koja su u te\u0161kom stanju. Molimo ih da se sami pobrinu gdje su im djeca, provjere je li sve u redu, kazala je Portolan Paji\u0107 za Radio Sljeme.<\/p>\n\n\n\n<p>&#8211; Napravili smo sve \u0161to je u na\u0161oj mo\u0107i da suzbijemo \u0161tetnu zlouporabu alkohola u mladoj populaciji, radi se o maloljetnicima u dobi od 14, 15 i 16 godina, a vjerujemo da me\u0111u njima na\u017ealost ima i mla\u0111ih, kazala je dodaju\u0107i da su u koordiniranoj akciji s Gradskim dru\u0161tvom Crvenog kri\u017ea i Hitnom medicinom Grada Zagreba, komunalnim redarstvom, spasila\u010dkom slu\u017ebom, pa \u010dak i Dr\u017eavnim inspektoratom.<\/p>\n\n\n\n<p>Prije dva dana Centar za zdravlje mladih i Gradski ured za zdravstvo objavili su istra\u017eivanje prema kojem je 90% maloljetnika probalo alkohol.&nbsp;<\/p>\n\n\n\n<p>Izvor:hrt.hr<\/p>\n","protected":false},"excerpt":{"rendered":"<p>Posljednji dan \u0161kole stotine zagreba\u010dkih maloljetnika proslavile su u petak na Jarunu i Bundeku, ali na\u017ealost mnogi na pogre\u0161an na\u010din &#8211; alkoholom. &#8211; Ukupno je ju\u010der zaprimljeno \u0161estero djece s intoksikacijom etilnim alkoholom. Svi su dobro, \u010detvero je otpu\u0161tenih. U tijeku je otpust zadnjih dvaju pacijenata, kazao je&nbsp;Goran Roi\u0107, ravnatelj Klai\u0107eve bolnice za portal HRT-a, [&hellip;]<\/p>\n","protected":false},"author":2,"featured_media":34116,"comment_status":"closed","ping_status":"closed","sticky":false,"template":"","format":"standard","meta":{"h5ap_radio_sources":[],"footnotes":""},"categories":[1],"tags":[],"class_list":["post-34115","post","type-post","status-publish","format-standard","has-post-thumbnail","hentry","category-bihiregija"],"yoast_head":"<!-- This site is optimized with the Yoast SEO plugin v27.5 - https:\/\/yoast.com\/product\/yoast-seo-wordpress\/ -->\n<title>Maloljetnici slavili uz alkohol: \u0161estero hospitaliziranih, svi su dobro - RADIO LJUBU\u0160KI<\/title>\n<meta name=\"robots\" content=\"index, follow, max-snippet:-1, max-image-preview:large, max-video-preview:-1\" \/>\n<link rel=\"canonical\" href=\"https:\/\/radioljubuski.ba\/index.php\/2021\/06\/20\/maloljetnici-slavili-uz-alkohol-sestero-hospitaliziranih-svi-su-dobro\/\" \/>\n<meta property=\"og:locale\" content=\"hr_HR\" \/>\n<meta property=\"og:type\" content=\"article\" \/>\n<meta property=\"og:title\" content=\"Maloljetnici slavili uz alkohol: \u0161estero hospitaliziranih, svi su dobro - RADIO LJUBU\u0160KI\" \/>\n<meta property=\"og:description\" content=\"Posljednji dan \u0161kole stotine zagreba\u010dkih maloljetnika proslavile su u petak na Jarunu i Bundeku, ali na\u017ealost mnogi na pogre\u0161an na\u010din &#8211; alkoholom. &#8211; Ukupno je ju\u010der zaprimljeno \u0161estero djece s intoksikacijom etilnim alkoholom. Svi su dobro, \u010detvero je otpu\u0161tenih. U tijeku je otpust zadnjih dvaju pacijenata, kazao je&nbsp;Goran Roi\u0107, ravnatelj Klai\u0107eve bolnice za portal HRT-a, [&hellip;]\" \/>\n<meta property=\"og:url\" content=\"https:\/\/radioljubuski.ba\/index.php\/2021\/06\/20\/maloljetnici-slavili-uz-alkohol-sestero-hospitaliziranih-svi-su-dobro\/\" \/>\n<meta property=\"og:site_name\" content=\"RADIO LJUBU\u0160KI\" \/>\n<meta property=\"article:publisher\" content=\"https:\/\/www.facebook.com\/Radiio-Ljubuski-1490835324566332\" \/>\n<meta property=\"article:published_time\" content=\"2021-06-20T16:19:31+00:00\" \/>\n<meta property=\"article:modified_time\" content=\"2021-06-20T16:19:33+00:00\" \/>\n<meta property=\"og:image\" content=\"https:\/\/radioljubuski.ba\/wp-content\/uploads\/2021\/06\/goranroic-pxl-280520-29065357-20210619115011.jpg\" \/>\n\t<meta property=\"og:image:width\" content=\"1000\" \/>\n\t<meta property=\"og:image:height\" content=\"667\" \/>\n\t<meta property=\"og:image:type\" content=\"image\/jpeg\" \/>\n<meta name=\"author\" content=\"Radio Ljubu\u0161ki\" \/>\n<meta name=\"twitter:card\" content=\"summary_large_image\" \/>\n<meta name=\"twitter:creator\" content=\"@radioljubuski\" \/>\n<meta name=\"twitter:site\" content=\"@radioljubuski\" \/>\n<meta name=\"twitter:label1\" content=\"Napisao\/la\" \/>\n\t<meta name=\"twitter:data1\" content=\"Radio Ljubu\u0161ki\" \/>\n\t<meta name=\"twitter:label2\" content=\"Procijenjeno vrijeme \u010ditanja\" \/>\n\t<meta name=\"twitter:data2\" content=\"2 minute\" \/>\n<script type=\"application\/ld+json\" class=\"yoast-schema-graph\">{\"@context\":\"https:\\\/\\\/schema.org\",\"@graph\":[{\"@type\":\"Article\",\"@id\":\"https:\\\/\\\/radioljubuski.ba\\\/index.php\\\/2021\\\/06\\\/20\\\/maloljetnici-slavili-uz-alkohol-sestero-hospitaliziranih-svi-su-dobro\\\/#article\",\"isPartOf\":{\"@id\":\"https:\\\/\\\/radioljubuski.ba\\\/index.php\\\/2021\\\/06\\\/20\\\/maloljetnici-slavili-uz-alkohol-sestero-hospitaliziranih-svi-su-dobro\\\/\"},\"author\":{\"name\":\"Radio Ljubu\u0161ki\",\"@id\":\"https:\\\/\\\/radioljubuski.ba\\\/#\\\/schema\\\/person\\\/19fc700381a780f69665d7956c469e3b\"},\"headline\":\"Maloljetnici slavili uz alkohol: \u0161estero hospitaliziranih, svi su dobro\",\"datePublished\":\"2021-06-20T16:19:31+00:00\",\"dateModified\":\"2021-06-20T16:19:33+00:00\",\"mainEntityOfPage\":{\"@id\":\"https:\\\/\\\/radioljubuski.ba\\\/index.php\\\/2021\\\/06\\\/20\\\/maloljetnici-slavili-uz-alkohol-sestero-hospitaliziranih-svi-su-dobro\\\/\"},\"wordCount\":393,\"publisher\":{\"@id\":\"https:\\\/\\\/radioljubuski.ba\\\/#organization\"},\"image\":{\"@id\":\"https:\\\/\\\/radioljubuski.ba\\\/index.php\\\/2021\\\/06\\\/20\\\/maloljetnici-slavili-uz-alkohol-sestero-hospitaliziranih-svi-su-dobro\\\/#primaryimage\"},\"thumbnailUrl\":\"https:\\\/\\\/radioljubuski.ba\\\/wp-content\\\/uploads\\\/2021\\\/06\\\/goranroic-pxl-280520-29065357-20210619115011.jpg\",\"articleSection\":[\"BIH i regija\"],\"inLanguage\":\"hr\"},{\"@type\":\"WebPage\",\"@id\":\"https:\\\/\\\/radioljubuski.ba\\\/index.php\\\/2021\\\/06\\\/20\\\/maloljetnici-slavili-uz-alkohol-sestero-hospitaliziranih-svi-su-dobro\\\/\",\"url\":\"https:\\\/\\\/radioljubuski.ba\\\/index.php\\\/2021\\\/06\\\/20\\\/maloljetnici-slavili-uz-alkohol-sestero-hospitaliziranih-svi-su-dobro\\\/\",\"name\":\"Maloljetnici slavili uz alkohol: \u0161estero hospitaliziranih, svi su dobro - RADIO LJUBU\u0160KI\",\"isPartOf\":{\"@id\":\"https:\\\/\\\/radioljubuski.ba\\\/#website\"},\"primaryImageOfPage\":{\"@id\":\"https:\\\/\\\/radioljubuski.ba\\\/index.php\\\/2021\\\/06\\\/20\\\/maloljetnici-slavili-uz-alkohol-sestero-hospitaliziranih-svi-su-dobro\\\/#primaryimage\"},\"image\":{\"@id\":\"https:\\\/\\\/radioljubuski.ba\\\/index.php\\\/2021\\\/06\\\/20\\\/maloljetnici-slavili-uz-alkohol-sestero-hospitaliziranih-svi-su-dobro\\\/#primaryimage\"},\"thumbnailUrl\":\"https:\\\/\\\/radioljubuski.ba\\\/wp-content\\\/uploads\\\/2021\\\/06\\\/goranroic-pxl-280520-29065357-20210619115011.jpg\",\"datePublished\":\"2021-06-20T16:19:31+00:00\",\"dateModified\":\"2021-06-20T16:19:33+00:00\",\"breadcrumb\":{\"@id\":\"https:\\\/\\\/radioljubuski.ba\\\/index.php\\\/2021\\\/06\\\/20\\\/maloljetnici-slavili-uz-alkohol-sestero-hospitaliziranih-svi-su-dobro\\\/#breadcrumb\"},\"inLanguage\":\"hr\",\"potentialAction\":[{\"@type\":\"ReadAction\",\"target\":[\"https:\\\/\\\/radioljubuski.ba\\\/index.php\\\/2021\\\/06\\\/20\\\/maloljetnici-slavili-uz-alkohol-sestero-hospitaliziranih-svi-su-dobro\\\/\"]}]},{\"@type\":\"ImageObject\",\"inLanguage\":\"hr\",\"@id\":\"https:\\\/\\\/radioljubuski.ba\\\/index.php\\\/2021\\\/06\\\/20\\\/maloljetnici-slavili-uz-alkohol-sestero-hospitaliziranih-svi-su-dobro\\\/#primaryimage\",\"url\":\"https:\\\/\\\/radioljubuski.ba\\\/wp-content\\\/uploads\\\/2021\\\/06\\\/goranroic-pxl-280520-29065357-20210619115011.jpg\",\"contentUrl\":\"https:\\\/\\\/radioljubuski.ba\\\/wp-content\\\/uploads\\\/2021\\\/06\\\/goranroic-pxl-280520-29065357-20210619115011.jpg\",\"width\":1000,\"height\":667},{\"@type\":\"BreadcrumbList\",\"@id\":\"https:\\\/\\\/radioljubuski.ba\\\/index.php\\\/2021\\\/06\\\/20\\\/maloljetnici-slavili-uz-alkohol-sestero-hospitaliziranih-svi-su-dobro\\\/#breadcrumb\",\"itemListElement\":[{\"@type\":\"ListItem\",\"position\":1,\"name\":\"Po\u010detna stranica\",\"item\":\"https:\\\/\\\/radioljubuski.ba\\\/\"},{\"@type\":\"ListItem\",\"position\":2,\"name\":\"Maloljetnici slavili uz alkohol: \u0161estero hospitaliziranih, svi su dobro\"}]},{\"@type\":\"WebSite\",\"@id\":\"https:\\\/\\\/radioljubuski.ba\\\/#website\",\"url\":\"https:\\\/\\\/radioljubuski.ba\\\/\",\"name\":\"Radio Ljubu\u0161ki\",\"description\":\"Sun\u010dana frekvencija Hercegovine\",\"publisher\":{\"@id\":\"https:\\\/\\\/radioljubuski.ba\\\/#organization\"},\"potentialAction\":[{\"@type\":\"SearchAction\",\"target\":{\"@type\":\"EntryPoint\",\"urlTemplate\":\"https:\\\/\\\/radioljubuski.ba\\\/?s={search_term_string}\"},\"query-input\":{\"@type\":\"PropertyValueSpecification\",\"valueRequired\":true,\"valueName\":\"search_term_string\"}}],\"inLanguage\":\"hr\"},{\"@type\":\"Organization\",\"@id\":\"https:\\\/\\\/radioljubuski.ba\\\/#organization\",\"name\":\"Radio Ljubu\u0161ki\",\"url\":\"https:\\\/\\\/radioljubuski.ba\\\/\",\"logo\":{\"@type\":\"ImageObject\",\"inLanguage\":\"hr\",\"@id\":\"https:\\\/\\\/radioljubuski.ba\\\/#\\\/schema\\\/logo\\\/image\\\/\",\"url\":\"https:\\\/\\\/radioljubuski.ba\\\/wp-content\\\/uploads\\\/2021\\\/02\\\/cropped-Radio_Ljubuski_logo1.jpg\",\"contentUrl\":\"https:\\\/\\\/radioljubuski.ba\\\/wp-content\\\/uploads\\\/2021\\\/02\\\/cropped-Radio_Ljubuski_logo1.jpg\",\"width\":512,\"height\":512,\"caption\":\"Radio Ljubu\u0161ki\"},\"image\":{\"@id\":\"https:\\\/\\\/radioljubuski.ba\\\/#\\\/schema\\\/logo\\\/image\\\/\"},\"sameAs\":[\"https:\\\/\\\/www.facebook.com\\\/Radiio-Ljubuski-1490835324566332\",\"https:\\\/\\\/x.com\\\/radioljubuski\",\"https:\\\/\\\/hr.linkedin.com\\\/company\\\/radio-ljubuski\",\"https:\\\/\\\/www.youtube.com\\\/channel\\\/UCHYaeO_n0Db3tjNGudGpXyw\"]},{\"@type\":\"Person\",\"@id\":\"https:\\\/\\\/radioljubuski.ba\\\/#\\\/schema\\\/person\\\/19fc700381a780f69665d7956c469e3b\",\"name\":\"Radio Ljubu\u0161ki\"}]}<\/script>\n<!-- \/ Yoast SEO plugin. -->","yoast_head_json":{"title":"Maloljetnici slavili uz alkohol: \u0161estero hospitaliziranih, svi su dobro - RADIO LJUBU\u0160KI","robots":{"index":"index","follow":"follow","max-snippet":"max-snippet:-1","max-image-preview":"max-image-preview:large","max-video-preview":"max-video-preview:-1"},"canonical":"https:\/\/radioljubuski.ba\/index.php\/2021\/06\/20\/maloljetnici-slavili-uz-alkohol-sestero-hospitaliziranih-svi-su-dobro\/","og_locale":"hr_HR","og_type":"article","og_title":"Maloljetnici slavili uz alkohol: \u0161estero hospitaliziranih, svi su dobro - RADIO LJUBU\u0160KI","og_description":"Posljednji dan \u0161kole stotine zagreba\u010dkih maloljetnika proslavile su u petak na Jarunu i Bundeku, ali na\u017ealost mnogi na pogre\u0161an na\u010din &#8211; alkoholom. &#8211; Ukupno je ju\u010der zaprimljeno \u0161estero djece s intoksikacijom etilnim alkoholom. Svi su dobro, \u010detvero je otpu\u0161tenih. U tijeku je otpust zadnjih dvaju pacijenata, kazao je&nbsp;Goran Roi\u0107, ravnatelj Klai\u0107eve bolnice za portal HRT-a, [&hellip;]","og_url":"https:\/\/radioljubuski.ba\/index.php\/2021\/06\/20\/maloljetnici-slavili-uz-alkohol-sestero-hospitaliziranih-svi-su-dobro\/","og_site_name":"RADIO LJUBU\u0160KI","article_publisher":"https:\/\/www.facebook.com\/Radiio-Ljubuski-1490835324566332","article_published_time":"2021-06-20T16:19:31+00:00","article_modified_time":"2021-06-20T16:19:33+00:00","og_image":[{"width":1000,"height":667,"url":"https:\/\/radioljubuski.ba\/wp-content\/uploads\/2021\/06\/goranroic-pxl-280520-29065357-20210619115011.jpg","type":"image\/jpeg"}],"author":"Radio Ljubu\u0161ki","twitter_card":"summary_large_image","twitter_creator":"@radioljubuski","twitter_site":"@radioljubuski","twitter_misc":{"Napisao\/la":"Radio Ljubu\u0161ki","Procijenjeno vrijeme \u010ditanja":"2 minute"},"schema":{"@context":"https:\/\/schema.org","@graph":[{"@type":"Article","@id":"https:\/\/radioljubuski.ba\/index.php\/2021\/06\/20\/maloljetnici-slavili-uz-alkohol-sestero-hospitaliziranih-svi-su-dobro\/#article","isPartOf":{"@id":"https:\/\/radioljubuski.ba\/index.php\/2021\/06\/20\/maloljetnici-slavili-uz-alkohol-sestero-hospitaliziranih-svi-su-dobro\/"},"author":{"name":"Radio Ljubu\u0161ki","@id":"https:\/\/radioljubuski.ba\/#\/schema\/person\/19fc700381a780f69665d7956c469e3b"},"headline":"Maloljetnici slavili uz alkohol: \u0161estero hospitaliziranih, svi su dobro","datePublished":"2021-06-20T16:19:31+00:00","dateModified":"2021-06-20T16:19:33+00:00","mainEntityOfPage":{"@id":"https:\/\/radioljubuski.ba\/index.php\/2021\/06\/20\/maloljetnici-slavili-uz-alkohol-sestero-hospitaliziranih-svi-su-dobro\/"},"wordCount":393,"publisher":{"@id":"https:\/\/radioljubuski.ba\/#organization"},"image":{"@id":"https:\/\/radioljubuski.ba\/index.php\/2021\/06\/20\/maloljetnici-slavili-uz-alkohol-sestero-hospitaliziranih-svi-su-dobro\/#primaryimage"},"thumbnailUrl":"https:\/\/radioljubuski.ba\/wp-content\/uploads\/2021\/06\/goranroic-pxl-280520-29065357-20210619115011.jpg","articleSection":["BIH i regija"],"inLanguage":"hr"},{"@type":"WebPage","@id":"https:\/\/radioljubuski.ba\/index.php\/2021\/06\/20\/maloljetnici-slavili-uz-alkohol-sestero-hospitaliziranih-svi-su-dobro\/","url":"https:\/\/radioljubuski.ba\/index.php\/2021\/06\/20\/maloljetnici-slavili-uz-alkohol-sestero-hospitaliziranih-svi-su-dobro\/","name":"Maloljetnici slavili uz alkohol: \u0161estero hospitaliziranih, svi su dobro - RADIO LJUBU\u0160KI","isPartOf":{"@id":"https:\/\/radioljubuski.ba\/#website"},"primaryImageOfPage":{"@id":"https:\/\/radioljubuski.ba\/index.php\/2021\/06\/20\/maloljetnici-slavili-uz-alkohol-sestero-hospitaliziranih-svi-su-dobro\/#primaryimage"},"image":{"@id":"https:\/\/radioljubuski.ba\/index.php\/2021\/06\/20\/maloljetnici-slavili-uz-alkohol-sestero-hospitaliziranih-svi-su-dobro\/#primaryimage"},"thumbnailUrl":"https:\/\/radioljubuski.ba\/wp-content\/uploads\/2021\/06\/goranroic-pxl-280520-29065357-20210619115011.jpg","datePublished":"2021-06-20T16:19:31+00:00","dateModified":"2021-06-20T16:19:33+00:00","breadcrumb":{"@id":"https:\/\/radioljubuski.ba\/index.php\/2021\/06\/20\/maloljetnici-slavili-uz-alkohol-sestero-hospitaliziranih-svi-su-dobro\/#breadcrumb"},"inLanguage":"hr","potentialAction":[{"@type":"ReadAction","target":["https:\/\/radioljubuski.ba\/index.php\/2021\/06\/20\/maloljetnici-slavili-uz-alkohol-sestero-hospitaliziranih-svi-su-dobro\/"]}]},{"@type":"ImageObject","inLanguage":"hr","@id":"https:\/\/radioljubuski.ba\/index.php\/2021\/06\/20\/maloljetnici-slavili-uz-alkohol-sestero-hospitaliziranih-svi-su-dobro\/#primaryimage","url":"https:\/\/radioljubuski.ba\/wp-content\/uploads\/2021\/06\/goranroic-pxl-280520-29065357-20210619115011.jpg","contentUrl":"https:\/\/radioljubuski.ba\/wp-content\/uploads\/2021\/06\/goranroic-pxl-280520-29065357-20210619115011.jpg","width":1000,"height":667},{"@type":"BreadcrumbList","@id":"https:\/\/radioljubuski.ba\/index.php\/2021\/06\/20\/maloljetnici-slavili-uz-alkohol-sestero-hospitaliziranih-svi-su-dobro\/#breadcrumb","itemListElement":[{"@type":"ListItem","position":1,"name":"Po\u010detna stranica","item":"https:\/\/radioljubuski.ba\/"},{"@type":"ListItem","position":2,"name":"Maloljetnici slavili uz alkohol: \u0161estero hospitaliziranih, svi su dobro"}]},{"@type":"WebSite","@id":"https:\/\/radioljubuski.ba\/#website","url":"https:\/\/radioljubuski.ba\/","name":"Radio Ljubu\u0161ki","description":"Sun\u010dana frekvencija Hercegovine","publisher":{"@id":"https:\/\/radioljubuski.ba\/#organization"},"potentialAction":[{"@type":"SearchAction","target":{"@type":"EntryPoint","urlTemplate":"https:\/\/radioljubuski.ba\/?s={search_term_string}"},"query-input":{"@type":"PropertyValueSpecification","valueRequired":true,"valueName":"search_term_string"}}],"inLanguage":"hr"},{"@type":"Organization","@id":"https:\/\/radioljubuski.ba\/#organization","name":"Radio Ljubu\u0161ki","url":"https:\/\/radioljubuski.ba\/","logo":{"@type":"ImageObject","inLanguage":"hr","@id":"https:\/\/radioljubuski.ba\/#\/schema\/logo\/image\/","url":"https:\/\/radioljubuski.ba\/wp-content\/uploads\/2021\/02\/cropped-Radio_Ljubuski_logo1.jpg","contentUrl":"https:\/\/radioljubuski.ba\/wp-content\/uploads\/2021\/02\/cropped-Radio_Ljubuski_logo1.jpg","width":512,"height":512,"caption":"Radio Ljubu\u0161ki"},"image":{"@id":"https:\/\/radioljubuski.ba\/#\/schema\/logo\/image\/"},"sameAs":["https:\/\/www.facebook.com\/Radiio-Ljubuski-1490835324566332","https:\/\/x.com\/radioljubuski","https:\/\/hr.linkedin.com\/company\/radio-ljubuski","https:\/\/www.youtube.com\/channel\/UCHYaeO_n0Db3tjNGudGpXyw"]},{"@type":"Person","@id":"https:\/\/radioljubuski.ba\/#\/schema\/person\/19fc700381a780f69665d7956c469e3b","name":"Radio Ljubu\u0161ki"}]}},"_links":{"self":[{"href":"https:\/\/radioljubuski.ba\/index.php\/wp-json\/wp\/v2\/posts\/34115","targetHints":{"allow":["GET"]}}],"collection":[{"href":"https:\/\/radioljubuski.ba\/index.php\/wp-json\/wp\/v2\/posts"}],"about":[{"href":"https:\/\/radioljubuski.ba\/index.php\/wp-json\/wp\/v2\/types\/post"}],"author":[{"embeddable":true,"href":"https:\/\/radioljubuski.ba\/index.php\/wp-json\/wp\/v2\/users\/2"}],"replies":[{"embeddable":true,"href":"https:\/\/radioljubuski.ba\/index.php\/wp-json\/wp\/v2\/comments?post=34115"}],"version-history":[{"count":1,"href":"https:\/\/radioljubuski.ba\/index.php\/wp-json\/wp\/v2\/posts\/34115\/revisions"}],"predecessor-version":[{"id":34117,"href":"https:\/\/radioljubuski.ba\/index.php\/wp-json\/wp\/v2\/posts\/34115\/revisions\/34117"}],"wp:featuredmedia":[{"embeddable":true,"href":"https:\/\/radioljubuski.ba\/index.php\/wp-json\/wp\/v2\/media\/34116"}],"wp:attachment":[{"href":"https:\/\/radioljubuski.ba\/index.php\/wp-json\/wp\/v2\/media?parent=34115"}],"wp:term":[{"taxonomy":"category","embeddable":true,"href":"https:\/\/radioljubuski.ba\/index.php\/wp-json\/wp\/v2\/categories?post=34115"},{"taxonomy":"post_tag","embeddable":true,"href":"https:\/\/radioljubuski.ba\/index.php\/wp-json\/wp\/v2\/tags?post=34115"}],"curies":[{"name":"wp","href":"https:\/\/api.w.org\/{rel}","templated":true}]}}