{"id":34142,"date":"2021-06-20T17:39:09","date_gmt":"2021-06-20T16:39:09","guid":{"rendered":"https:\/\/radioljubuski.ba\/?p=34142"},"modified":"2021-06-20T17:39:11","modified_gmt":"2021-06-20T16:39:11","slug":"daniel-radcliffe-prodao-je-svoj-stan-u-melbourneu-kupcima-koje-vrlo-dobro-poznaje-svojim-roditeljima-i-to-za-2-milijuna-dolara","status":"publish","type":"post","link":"https:\/\/radioljubuski.ba\/index.php\/2021\/06\/20\/daniel-radcliffe-prodao-je-svoj-stan-u-melbourneu-kupcima-koje-vrlo-dobro-poznaje-svojim-roditeljima-i-to-za-2-milijuna-dolara\/","title":{"rendered":"Daniel Radcliffe prodao je svoj stan u Melbourneu kupcima koje vrlo dobro poznaje &#8211; svojim roditeljima! I to za 2 milijuna dolara"},"content":{"rendered":"\n<p>Pri\u010da o stanu Daniela Radcliffea vratila se na po\u010detak. Naime, Radcliffeova majka Marcia Gresham kupila je u Melbourneu stan 2004. godine za 1,9 milijuna ameri\u010dkih dolara da bi on bio preba\u010den&nbsp;na Danielovo ime neposredno prije njegova&nbsp;18. ro\u0111endana 2007. godine.<\/p>\n\n\n\n<p>Glumac je potom oglasio dom na prodaju 2015. godine, kada je o\u010dekivao cijenu od oko 2,5 milijuna ameri\u010dkih dolara. Rije\u010d je o ku\u0107i okrenutoj prema sjeveru (rije\u010d je o donjem dijelu zemaljske kugle!) s dvije spava\u0107e sobe i radnom sobom, dvije kupaonice, gara\u017ei za dva automobila, velikim dnevnim boravkom otvorenog plana, balkonom i pogledom na rijeku Yarra.<\/p>\n\n\n\n<p>Unato\u010d primanju tri ponude, odlu\u010dio je ne prodavati, o\u010dekuju\u0107i da \u0107e u budu\u0107nosti vi\u0161e vremena provesti u Australiji zbog posla. No Daniel se kona\u010dno ipak odlu\u010dio rije\u0161iti stana koji je sada opet u vlasni\u0161tvu &#8211; njegove majke Marcie. Agencija Danielovih roditelja, naime, stoji iza ponude od 2 milijuna koju je glumac prihvatio, pi\u0161u\u00a0<a href=\"https:\/\/www.domain.com.au\/news\/harry-potter-star-daniel-radcliffe-sells-melbourne-apartment-to-his-parents-for-2m-1064997\/\" target=\"_blank\" rel=\"noreferrer noopener\"><strong>australski medij<\/strong><\/a>i.<\/p>\n\n\n\n<figure class=\"wp-block-image\"><img decoding=\"async\" src=\"https:\/\/static.slobodnadalmacija.hr\/images\/slike\/2021\/06\/19\/18260212.jpg?1624133616\" alt=\"image\"\/><\/figure>\n\n\n\n<p>31-godi\u0161nji glumac poznat je po svom radu u seriji filmova o Harryju Potteru, ali pojavljivao se i u kazali\u0161nim produkcijama u\u017eivo, a nedavno se pojavio i u akcijskoj komediji &#8216;Guns Akimbo&#8217;, trileru &#8216;Escape from Pretoria&#8217;, TV humoristi\u010dnoj seriji &#8216;Miracle Workers&#8217; i u &#8216;Unbreakable Kimmy Schmidt: Kimmy vs the Reverend&#8217;.<\/p>\n\n\n\n<p><a href=\"https:\/\/slobodnadalmacija.hr\/autor\/mirjana-rasevic-3265\"><strong>PI\u0160E&nbsp;<\/strong>MIRJANA RA\u0160EVI\u0106<\/a>\/slobodnadalmacija.hr<\/p>\n","protected":false},"excerpt":{"rendered":"<p>Pri\u010da o stanu Daniela Radcliffea vratila se na po\u010detak. Naime, Radcliffeova majka Marcia Gresham kupila je u Melbourneu stan 2004. godine za 1,9 milijuna ameri\u010dkih dolara da bi on bio preba\u010den&nbsp;na Danielovo ime neposredno prije njegova&nbsp;18. ro\u0111endana 2007. godine. Glumac je potom oglasio dom na prodaju 2015. godine, kada je o\u010dekivao cijenu od oko 2,5 [&hellip;]<\/p>\n","protected":false},"author":2,"featured_media":34143,"comment_status":"closed","ping_status":"closed","sticky":false,"template":"","format":"standard","meta":{"h5ap_radio_sources":[],"footnotes":""},"categories":[1],"tags":[],"class_list":["post-34142","post","type-post","status-publish","format-standard","has-post-thumbnail","hentry","category-bihiregija"],"yoast_head":"<!-- This site is optimized with the Yoast SEO plugin v27.5 - https:\/\/yoast.com\/product\/yoast-seo-wordpress\/ -->\n<title>Daniel Radcliffe prodao je svoj stan u Melbourneu kupcima koje vrlo dobro poznaje - svojim roditeljima! I to za 2 milijuna dolara - RADIO LJUBU\u0160KI<\/title>\n<meta name=\"robots\" content=\"index, follow, max-snippet:-1, max-image-preview:large, max-video-preview:-1\" \/>\n<link rel=\"canonical\" href=\"https:\/\/radioljubuski.ba\/index.php\/2021\/06\/20\/daniel-radcliffe-prodao-je-svoj-stan-u-melbourneu-kupcima-koje-vrlo-dobro-poznaje-svojim-roditeljima-i-to-za-2-milijuna-dolara\/\" \/>\n<meta property=\"og:locale\" content=\"hr_HR\" \/>\n<meta property=\"og:type\" content=\"article\" \/>\n<meta property=\"og:title\" content=\"Daniel Radcliffe prodao je svoj stan u Melbourneu kupcima koje vrlo dobro poznaje - svojim roditeljima! I to za 2 milijuna dolara - RADIO LJUBU\u0160KI\" \/>\n<meta property=\"og:description\" content=\"Pri\u010da o stanu Daniela Radcliffea vratila se na po\u010detak. Naime, Radcliffeova majka Marcia Gresham kupila je u Melbourneu stan 2004. godine za 1,9 milijuna ameri\u010dkih dolara da bi on bio preba\u010den&nbsp;na Danielovo ime neposredno prije njegova&nbsp;18. ro\u0111endana 2007. godine. Glumac je potom oglasio dom na prodaju 2015. godine, kada je o\u010dekivao cijenu od oko 2,5 [&hellip;]\" \/>\n<meta property=\"og:url\" content=\"https:\/\/radioljubuski.ba\/index.php\/2021\/06\/20\/daniel-radcliffe-prodao-je-svoj-stan-u-melbourneu-kupcima-koje-vrlo-dobro-poznaje-svojim-roditeljima-i-to-za-2-milijuna-dolara\/\" \/>\n<meta property=\"og:site_name\" content=\"RADIO LJUBU\u0160KI\" \/>\n<meta property=\"article:publisher\" content=\"https:\/\/www.facebook.com\/Radiio-Ljubuski-1490835324566332\" \/>\n<meta property=\"article:published_time\" content=\"2021-06-20T16:39:09+00:00\" \/>\n<meta property=\"article:modified_time\" content=\"2021-06-20T16:39:11+00:00\" \/>\n<meta property=\"og:image\" content=\"https:\/\/radioljubuski.ba\/wp-content\/uploads\/2021\/06\/o_18260200_1024.jpg\" \/>\n\t<meta property=\"og:image:width\" content=\"1024\" \/>\n\t<meta property=\"og:image:height\" content=\"682\" \/>\n\t<meta property=\"og:image:type\" content=\"image\/jpeg\" \/>\n<meta name=\"author\" content=\"Radio Ljubu\u0161ki\" \/>\n<meta name=\"twitter:card\" content=\"summary_large_image\" \/>\n<meta name=\"twitter:creator\" content=\"@radioljubuski\" \/>\n<meta name=\"twitter:site\" content=\"@radioljubuski\" \/>\n<meta name=\"twitter:label1\" content=\"Napisao\/la\" \/>\n\t<meta name=\"twitter:data1\" content=\"Radio Ljubu\u0161ki\" \/>\n\t<meta name=\"twitter:label2\" content=\"Procijenjeno vrijeme \u010ditanja\" \/>\n\t<meta name=\"twitter:data2\" content=\"2 minute\" \/>\n<script type=\"application\/ld+json\" class=\"yoast-schema-graph\">{\"@context\":\"https:\\\/\\\/schema.org\",\"@graph\":[{\"@type\":\"Article\",\"@id\":\"https:\\\/\\\/radioljubuski.ba\\\/index.php\\\/2021\\\/06\\\/20\\\/daniel-radcliffe-prodao-je-svoj-stan-u-melbourneu-kupcima-koje-vrlo-dobro-poznaje-svojim-roditeljima-i-to-za-2-milijuna-dolara\\\/#article\",\"isPartOf\":{\"@id\":\"https:\\\/\\\/radioljubuski.ba\\\/index.php\\\/2021\\\/06\\\/20\\\/daniel-radcliffe-prodao-je-svoj-stan-u-melbourneu-kupcima-koje-vrlo-dobro-poznaje-svojim-roditeljima-i-to-za-2-milijuna-dolara\\\/\"},\"author\":{\"name\":\"Radio Ljubu\u0161ki\",\"@id\":\"https:\\\/\\\/radioljubuski.ba\\\/#\\\/schema\\\/person\\\/19fc700381a780f69665d7956c469e3b\"},\"headline\":\"Daniel Radcliffe prodao je svoj stan u Melbourneu kupcima koje vrlo dobro poznaje &#8211; svojim roditeljima! I to za 2 milijuna dolara\",\"datePublished\":\"2021-06-20T16:39:09+00:00\",\"dateModified\":\"2021-06-20T16:39:11+00:00\",\"mainEntityOfPage\":{\"@id\":\"https:\\\/\\\/radioljubuski.ba\\\/index.php\\\/2021\\\/06\\\/20\\\/daniel-radcliffe-prodao-je-svoj-stan-u-melbourneu-kupcima-koje-vrlo-dobro-poznaje-svojim-roditeljima-i-to-za-2-milijuna-dolara\\\/\"},\"wordCount\":251,\"publisher\":{\"@id\":\"https:\\\/\\\/radioljubuski.ba\\\/#organization\"},\"image\":{\"@id\":\"https:\\\/\\\/radioljubuski.ba\\\/index.php\\\/2021\\\/06\\\/20\\\/daniel-radcliffe-prodao-je-svoj-stan-u-melbourneu-kupcima-koje-vrlo-dobro-poznaje-svojim-roditeljima-i-to-za-2-milijuna-dolara\\\/#primaryimage\"},\"thumbnailUrl\":\"https:\\\/\\\/radioljubuski.ba\\\/wp-content\\\/uploads\\\/2021\\\/06\\\/o_18260200_1024.jpg\",\"articleSection\":[\"BIH i regija\"],\"inLanguage\":\"hr\"},{\"@type\":\"WebPage\",\"@id\":\"https:\\\/\\\/radioljubuski.ba\\\/index.php\\\/2021\\\/06\\\/20\\\/daniel-radcliffe-prodao-je-svoj-stan-u-melbourneu-kupcima-koje-vrlo-dobro-poznaje-svojim-roditeljima-i-to-za-2-milijuna-dolara\\\/\",\"url\":\"https:\\\/\\\/radioljubuski.ba\\\/index.php\\\/2021\\\/06\\\/20\\\/daniel-radcliffe-prodao-je-svoj-stan-u-melbourneu-kupcima-koje-vrlo-dobro-poznaje-svojim-roditeljima-i-to-za-2-milijuna-dolara\\\/\",\"name\":\"Daniel Radcliffe prodao je svoj stan u Melbourneu kupcima koje vrlo dobro poznaje - svojim roditeljima! I to za 2 milijuna dolara - RADIO LJUBU\u0160KI\",\"isPartOf\":{\"@id\":\"https:\\\/\\\/radioljubuski.ba\\\/#website\"},\"primaryImageOfPage\":{\"@id\":\"https:\\\/\\\/radioljubuski.ba\\\/index.php\\\/2021\\\/06\\\/20\\\/daniel-radcliffe-prodao-je-svoj-stan-u-melbourneu-kupcima-koje-vrlo-dobro-poznaje-svojim-roditeljima-i-to-za-2-milijuna-dolara\\\/#primaryimage\"},\"image\":{\"@id\":\"https:\\\/\\\/radioljubuski.ba\\\/index.php\\\/2021\\\/06\\\/20\\\/daniel-radcliffe-prodao-je-svoj-stan-u-melbourneu-kupcima-koje-vrlo-dobro-poznaje-svojim-roditeljima-i-to-za-2-milijuna-dolara\\\/#primaryimage\"},\"thumbnailUrl\":\"https:\\\/\\\/radioljubuski.ba\\\/wp-content\\\/uploads\\\/2021\\\/06\\\/o_18260200_1024.jpg\",\"datePublished\":\"2021-06-20T16:39:09+00:00\",\"dateModified\":\"2021-06-20T16:39:11+00:00\",\"breadcrumb\":{\"@id\":\"https:\\\/\\\/radioljubuski.ba\\\/index.php\\\/2021\\\/06\\\/20\\\/daniel-radcliffe-prodao-je-svoj-stan-u-melbourneu-kupcima-koje-vrlo-dobro-poznaje-svojim-roditeljima-i-to-za-2-milijuna-dolara\\\/#breadcrumb\"},\"inLanguage\":\"hr\",\"potentialAction\":[{\"@type\":\"ReadAction\",\"target\":[\"https:\\\/\\\/radioljubuski.ba\\\/index.php\\\/2021\\\/06\\\/20\\\/daniel-radcliffe-prodao-je-svoj-stan-u-melbourneu-kupcima-koje-vrlo-dobro-poznaje-svojim-roditeljima-i-to-za-2-milijuna-dolara\\\/\"]}]},{\"@type\":\"ImageObject\",\"inLanguage\":\"hr\",\"@id\":\"https:\\\/\\\/radioljubuski.ba\\\/index.php\\\/2021\\\/06\\\/20\\\/daniel-radcliffe-prodao-je-svoj-stan-u-melbourneu-kupcima-koje-vrlo-dobro-poznaje-svojim-roditeljima-i-to-za-2-milijuna-dolara\\\/#primaryimage\",\"url\":\"https:\\\/\\\/radioljubuski.ba\\\/wp-content\\\/uploads\\\/2021\\\/06\\\/o_18260200_1024.jpg\",\"contentUrl\":\"https:\\\/\\\/radioljubuski.ba\\\/wp-content\\\/uploads\\\/2021\\\/06\\\/o_18260200_1024.jpg\",\"width\":1024,\"height\":682},{\"@type\":\"BreadcrumbList\",\"@id\":\"https:\\\/\\\/radioljubuski.ba\\\/index.php\\\/2021\\\/06\\\/20\\\/daniel-radcliffe-prodao-je-svoj-stan-u-melbourneu-kupcima-koje-vrlo-dobro-poznaje-svojim-roditeljima-i-to-za-2-milijuna-dolara\\\/#breadcrumb\",\"itemListElement\":[{\"@type\":\"ListItem\",\"position\":1,\"name\":\"Po\u010detna stranica\",\"item\":\"https:\\\/\\\/radioljubuski.ba\\\/\"},{\"@type\":\"ListItem\",\"position\":2,\"name\":\"Daniel Radcliffe prodao je svoj stan u Melbourneu kupcima koje vrlo dobro poznaje &#8211; svojim roditeljima! I to za 2 milijuna dolara\"}]},{\"@type\":\"WebSite\",\"@id\":\"https:\\\/\\\/radioljubuski.ba\\\/#website\",\"url\":\"https:\\\/\\\/radioljubuski.ba\\\/\",\"name\":\"Radio Ljubu\u0161ki\",\"description\":\"Sun\u010dana frekvencija Hercegovine\",\"publisher\":{\"@id\":\"https:\\\/\\\/radioljubuski.ba\\\/#organization\"},\"potentialAction\":[{\"@type\":\"SearchAction\",\"target\":{\"@type\":\"EntryPoint\",\"urlTemplate\":\"https:\\\/\\\/radioljubuski.ba\\\/?s={search_term_string}\"},\"query-input\":{\"@type\":\"PropertyValueSpecification\",\"valueRequired\":true,\"valueName\":\"search_term_string\"}}],\"inLanguage\":\"hr\"},{\"@type\":\"Organization\",\"@id\":\"https:\\\/\\\/radioljubuski.ba\\\/#organization\",\"name\":\"Radio Ljubu\u0161ki\",\"url\":\"https:\\\/\\\/radioljubuski.ba\\\/\",\"logo\":{\"@type\":\"ImageObject\",\"inLanguage\":\"hr\",\"@id\":\"https:\\\/\\\/radioljubuski.ba\\\/#\\\/schema\\\/logo\\\/image\\\/\",\"url\":\"https:\\\/\\\/radioljubuski.ba\\\/wp-content\\\/uploads\\\/2021\\\/02\\\/cropped-Radio_Ljubuski_logo1.jpg\",\"contentUrl\":\"https:\\\/\\\/radioljubuski.ba\\\/wp-content\\\/uploads\\\/2021\\\/02\\\/cropped-Radio_Ljubuski_logo1.jpg\",\"width\":512,\"height\":512,\"caption\":\"Radio Ljubu\u0161ki\"},\"image\":{\"@id\":\"https:\\\/\\\/radioljubuski.ba\\\/#\\\/schema\\\/logo\\\/image\\\/\"},\"sameAs\":[\"https:\\\/\\\/www.facebook.com\\\/Radiio-Ljubuski-1490835324566332\",\"https:\\\/\\\/x.com\\\/radioljubuski\",\"https:\\\/\\\/hr.linkedin.com\\\/company\\\/radio-ljubuski\",\"https:\\\/\\\/www.youtube.com\\\/channel\\\/UCHYaeO_n0Db3tjNGudGpXyw\"]},{\"@type\":\"Person\",\"@id\":\"https:\\\/\\\/radioljubuski.ba\\\/#\\\/schema\\\/person\\\/19fc700381a780f69665d7956c469e3b\",\"name\":\"Radio Ljubu\u0161ki\"}]}<\/script>\n<!-- \/ Yoast SEO plugin. -->","yoast_head_json":{"title":"Daniel Radcliffe prodao je svoj stan u Melbourneu kupcima koje vrlo dobro poznaje - svojim roditeljima! I to za 2 milijuna dolara - RADIO LJUBU\u0160KI","robots":{"index":"index","follow":"follow","max-snippet":"max-snippet:-1","max-image-preview":"max-image-preview:large","max-video-preview":"max-video-preview:-1"},"canonical":"https:\/\/radioljubuski.ba\/index.php\/2021\/06\/20\/daniel-radcliffe-prodao-je-svoj-stan-u-melbourneu-kupcima-koje-vrlo-dobro-poznaje-svojim-roditeljima-i-to-za-2-milijuna-dolara\/","og_locale":"hr_HR","og_type":"article","og_title":"Daniel Radcliffe prodao je svoj stan u Melbourneu kupcima koje vrlo dobro poznaje - svojim roditeljima! I to za 2 milijuna dolara - RADIO LJUBU\u0160KI","og_description":"Pri\u010da o stanu Daniela Radcliffea vratila se na po\u010detak. Naime, Radcliffeova majka Marcia Gresham kupila je u Melbourneu stan 2004. godine za 1,9 milijuna ameri\u010dkih dolara da bi on bio preba\u010den&nbsp;na Danielovo ime neposredno prije njegova&nbsp;18. ro\u0111endana 2007. godine. Glumac je potom oglasio dom na prodaju 2015. godine, kada je o\u010dekivao cijenu od oko 2,5 [&hellip;]","og_url":"https:\/\/radioljubuski.ba\/index.php\/2021\/06\/20\/daniel-radcliffe-prodao-je-svoj-stan-u-melbourneu-kupcima-koje-vrlo-dobro-poznaje-svojim-roditeljima-i-to-za-2-milijuna-dolara\/","og_site_name":"RADIO LJUBU\u0160KI","article_publisher":"https:\/\/www.facebook.com\/Radiio-Ljubuski-1490835324566332","article_published_time":"2021-06-20T16:39:09+00:00","article_modified_time":"2021-06-20T16:39:11+00:00","og_image":[{"width":1024,"height":682,"url":"https:\/\/radioljubuski.ba\/wp-content\/uploads\/2021\/06\/o_18260200_1024.jpg","type":"image\/jpeg"}],"author":"Radio Ljubu\u0161ki","twitter_card":"summary_large_image","twitter_creator":"@radioljubuski","twitter_site":"@radioljubuski","twitter_misc":{"Napisao\/la":"Radio Ljubu\u0161ki","Procijenjeno vrijeme \u010ditanja":"2 minute"},"schema":{"@context":"https:\/\/schema.org","@graph":[{"@type":"Article","@id":"https:\/\/radioljubuski.ba\/index.php\/2021\/06\/20\/daniel-radcliffe-prodao-je-svoj-stan-u-melbourneu-kupcima-koje-vrlo-dobro-poznaje-svojim-roditeljima-i-to-za-2-milijuna-dolara\/#article","isPartOf":{"@id":"https:\/\/radioljubuski.ba\/index.php\/2021\/06\/20\/daniel-radcliffe-prodao-je-svoj-stan-u-melbourneu-kupcima-koje-vrlo-dobro-poznaje-svojim-roditeljima-i-to-za-2-milijuna-dolara\/"},"author":{"name":"Radio Ljubu\u0161ki","@id":"https:\/\/radioljubuski.ba\/#\/schema\/person\/19fc700381a780f69665d7956c469e3b"},"headline":"Daniel Radcliffe prodao je svoj stan u Melbourneu kupcima koje vrlo dobro poznaje &#8211; svojim roditeljima! I to za 2 milijuna dolara","datePublished":"2021-06-20T16:39:09+00:00","dateModified":"2021-06-20T16:39:11+00:00","mainEntityOfPage":{"@id":"https:\/\/radioljubuski.ba\/index.php\/2021\/06\/20\/daniel-radcliffe-prodao-je-svoj-stan-u-melbourneu-kupcima-koje-vrlo-dobro-poznaje-svojim-roditeljima-i-to-za-2-milijuna-dolara\/"},"wordCount":251,"publisher":{"@id":"https:\/\/radioljubuski.ba\/#organization"},"image":{"@id":"https:\/\/radioljubuski.ba\/index.php\/2021\/06\/20\/daniel-radcliffe-prodao-je-svoj-stan-u-melbourneu-kupcima-koje-vrlo-dobro-poznaje-svojim-roditeljima-i-to-za-2-milijuna-dolara\/#primaryimage"},"thumbnailUrl":"https:\/\/radioljubuski.ba\/wp-content\/uploads\/2021\/06\/o_18260200_1024.jpg","articleSection":["BIH i regija"],"inLanguage":"hr"},{"@type":"WebPage","@id":"https:\/\/radioljubuski.ba\/index.php\/2021\/06\/20\/daniel-radcliffe-prodao-je-svoj-stan-u-melbourneu-kupcima-koje-vrlo-dobro-poznaje-svojim-roditeljima-i-to-za-2-milijuna-dolara\/","url":"https:\/\/radioljubuski.ba\/index.php\/2021\/06\/20\/daniel-radcliffe-prodao-je-svoj-stan-u-melbourneu-kupcima-koje-vrlo-dobro-poznaje-svojim-roditeljima-i-to-za-2-milijuna-dolara\/","name":"Daniel Radcliffe prodao je svoj stan u Melbourneu kupcima koje vrlo dobro poznaje - svojim roditeljima! I to za 2 milijuna dolara - RADIO LJUBU\u0160KI","isPartOf":{"@id":"https:\/\/radioljubuski.ba\/#website"},"primaryImageOfPage":{"@id":"https:\/\/radioljubuski.ba\/index.php\/2021\/06\/20\/daniel-radcliffe-prodao-je-svoj-stan-u-melbourneu-kupcima-koje-vrlo-dobro-poznaje-svojim-roditeljima-i-to-za-2-milijuna-dolara\/#primaryimage"},"image":{"@id":"https:\/\/radioljubuski.ba\/index.php\/2021\/06\/20\/daniel-radcliffe-prodao-je-svoj-stan-u-melbourneu-kupcima-koje-vrlo-dobro-poznaje-svojim-roditeljima-i-to-za-2-milijuna-dolara\/#primaryimage"},"thumbnailUrl":"https:\/\/radioljubuski.ba\/wp-content\/uploads\/2021\/06\/o_18260200_1024.jpg","datePublished":"2021-06-20T16:39:09+00:00","dateModified":"2021-06-20T16:39:11+00:00","breadcrumb":{"@id":"https:\/\/radioljubuski.ba\/index.php\/2021\/06\/20\/daniel-radcliffe-prodao-je-svoj-stan-u-melbourneu-kupcima-koje-vrlo-dobro-poznaje-svojim-roditeljima-i-to-za-2-milijuna-dolara\/#breadcrumb"},"inLanguage":"hr","potentialAction":[{"@type":"ReadAction","target":["https:\/\/radioljubuski.ba\/index.php\/2021\/06\/20\/daniel-radcliffe-prodao-je-svoj-stan-u-melbourneu-kupcima-koje-vrlo-dobro-poznaje-svojim-roditeljima-i-to-za-2-milijuna-dolara\/"]}]},{"@type":"ImageObject","inLanguage":"hr","@id":"https:\/\/radioljubuski.ba\/index.php\/2021\/06\/20\/daniel-radcliffe-prodao-je-svoj-stan-u-melbourneu-kupcima-koje-vrlo-dobro-poznaje-svojim-roditeljima-i-to-za-2-milijuna-dolara\/#primaryimage","url":"https:\/\/radioljubuski.ba\/wp-content\/uploads\/2021\/06\/o_18260200_1024.jpg","contentUrl":"https:\/\/radioljubuski.ba\/wp-content\/uploads\/2021\/06\/o_18260200_1024.jpg","width":1024,"height":682},{"@type":"BreadcrumbList","@id":"https:\/\/radioljubuski.ba\/index.php\/2021\/06\/20\/daniel-radcliffe-prodao-je-svoj-stan-u-melbourneu-kupcima-koje-vrlo-dobro-poznaje-svojim-roditeljima-i-to-za-2-milijuna-dolara\/#breadcrumb","itemListElement":[{"@type":"ListItem","position":1,"name":"Po\u010detna stranica","item":"https:\/\/radioljubuski.ba\/"},{"@type":"ListItem","position":2,"name":"Daniel Radcliffe prodao je svoj stan u Melbourneu kupcima koje vrlo dobro poznaje &#8211; svojim roditeljima! I to za 2 milijuna dolara"}]},{"@type":"WebSite","@id":"https:\/\/radioljubuski.ba\/#website","url":"https:\/\/radioljubuski.ba\/","name":"Radio Ljubu\u0161ki","description":"Sun\u010dana frekvencija Hercegovine","publisher":{"@id":"https:\/\/radioljubuski.ba\/#organization"},"potentialAction":[{"@type":"SearchAction","target":{"@type":"EntryPoint","urlTemplate":"https:\/\/radioljubuski.ba\/?s={search_term_string}"},"query-input":{"@type":"PropertyValueSpecification","valueRequired":true,"valueName":"search_term_string"}}],"inLanguage":"hr"},{"@type":"Organization","@id":"https:\/\/radioljubuski.ba\/#organization","name":"Radio Ljubu\u0161ki","url":"https:\/\/radioljubuski.ba\/","logo":{"@type":"ImageObject","inLanguage":"hr","@id":"https:\/\/radioljubuski.ba\/#\/schema\/logo\/image\/","url":"https:\/\/radioljubuski.ba\/wp-content\/uploads\/2021\/02\/cropped-Radio_Ljubuski_logo1.jpg","contentUrl":"https:\/\/radioljubuski.ba\/wp-content\/uploads\/2021\/02\/cropped-Radio_Ljubuski_logo1.jpg","width":512,"height":512,"caption":"Radio Ljubu\u0161ki"},"image":{"@id":"https:\/\/radioljubuski.ba\/#\/schema\/logo\/image\/"},"sameAs":["https:\/\/www.facebook.com\/Radiio-Ljubuski-1490835324566332","https:\/\/x.com\/radioljubuski","https:\/\/hr.linkedin.com\/company\/radio-ljubuski","https:\/\/www.youtube.com\/channel\/UCHYaeO_n0Db3tjNGudGpXyw"]},{"@type":"Person","@id":"https:\/\/radioljubuski.ba\/#\/schema\/person\/19fc700381a780f69665d7956c469e3b","name":"Radio Ljubu\u0161ki"}]}},"_links":{"self":[{"href":"https:\/\/radioljubuski.ba\/index.php\/wp-json\/wp\/v2\/posts\/34142","targetHints":{"allow":["GET"]}}],"collection":[{"href":"https:\/\/radioljubuski.ba\/index.php\/wp-json\/wp\/v2\/posts"}],"about":[{"href":"https:\/\/radioljubuski.ba\/index.php\/wp-json\/wp\/v2\/types\/post"}],"author":[{"embeddable":true,"href":"https:\/\/radioljubuski.ba\/index.php\/wp-json\/wp\/v2\/users\/2"}],"replies":[{"embeddable":true,"href":"https:\/\/radioljubuski.ba\/index.php\/wp-json\/wp\/v2\/comments?post=34142"}],"version-history":[{"count":1,"href":"https:\/\/radioljubuski.ba\/index.php\/wp-json\/wp\/v2\/posts\/34142\/revisions"}],"predecessor-version":[{"id":34144,"href":"https:\/\/radioljubuski.ba\/index.php\/wp-json\/wp\/v2\/posts\/34142\/revisions\/34144"}],"wp:featuredmedia":[{"embeddable":true,"href":"https:\/\/radioljubuski.ba\/index.php\/wp-json\/wp\/v2\/media\/34143"}],"wp:attachment":[{"href":"https:\/\/radioljubuski.ba\/index.php\/wp-json\/wp\/v2\/media?parent=34142"}],"wp:term":[{"taxonomy":"category","embeddable":true,"href":"https:\/\/radioljubuski.ba\/index.php\/wp-json\/wp\/v2\/categories?post=34142"},{"taxonomy":"post_tag","embeddable":true,"href":"https:\/\/radioljubuski.ba\/index.php\/wp-json\/wp\/v2\/tags?post=34142"}],"curies":[{"name":"wp","href":"https:\/\/api.w.org\/{rel}","templated":true}]}}