{"id":34151,"date":"2021-06-20T17:53:04","date_gmt":"2021-06-20T16:53:04","guid":{"rendered":"https:\/\/radioljubuski.ba\/?p=34151"},"modified":"2021-06-20T17:53:05","modified_gmt":"2021-06-20T16:53:05","slug":"sanja-dolezal-opisala-svoje-iskustvo-menopauze-imala-sam-zestoke-valunge-potom-me-hvatala-sjeta-tuga-i-osjecaj-bespomocnosti-otisla-sam-na-selo","status":"publish","type":"post","link":"https:\/\/radioljubuski.ba\/index.php\/2021\/06\/20\/sanja-dolezal-opisala-svoje-iskustvo-menopauze-imala-sam-zestoke-valunge-potom-me-hvatala-sjeta-tuga-i-osjecaj-bespomocnosti-otisla-sam-na-selo\/","title":{"rendered":"Sanja Dole\u017eal opisala svoje iskustvo menopauze: Imala sam \u017eestoke valunge, potom me hvatala sjeta, tuga i osje\u0107aj bespomo\u0107nosti. Oti\u0161la sam na selo&#8230;"},"content":{"rendered":"\n<p>Panel&nbsp;<a href=\"https:\/\/www.gloria.hr\/gl\/fokus\/price\/video-sanja-dolezal-o-danima-tuge-i-sjete-koje-je-prozivjela-zbog-menopauze-imala-sam-i-zestoke-valunge-15081846\" target=\"_blank\" rel=\"noreferrer noopener\">Gloria Osobno<\/a>&nbsp;otvorio je va\u017enu temu, onu o menopauzi. Pjeva\u010dica, radijska i televizijska voditeljica progovorila je o svome iskustvu i kroz \u0161to je sve psihi\u010dki prolazila u tome razdoblju.<\/p>\n\n\n\n<p>&#8220;Menopauza je za mene bila veliko iskustvo. Definitivno poznato jer te \u017eivot vodi k tome. Dosta sam \u010ditala o tome, o promjenama i mislim da sam bila apsolutno spremna i ne mogu re\u0107i da je bilo traumati\u010dno. Imala sam i \u017eestoke valunge, ali nekako kad se poslo\u017ei\u0161 u glavi, onda sve to pro\u0111e lak\u0161e. Puno ve\u0107i problem mi je tada bio osje\u0107aj sjete, tuge, bespomo\u0107nosti, ali znala sam da to hormoni upravljaju mojim \u017eivotom. Uspjela sam se s time izboriti&#8221;, rekla je voditeljica, radijska i televizijska voditeljica Sanja Dole\u017eal.<\/p>\n\n\n\n<p>Iako je prolazila kroz te\u0161ke trenutke u tome razdoblju, Sanja ka\u017ee kako u menopauzi nije uzimala nikakve tablete i hormonske terapije, ve\u0107 je pila \u010daj od kadulje. Trenuci znojenja i vru\u0107ine, ka\u017ee, ni\u0161ta su naspram osje\u0107ala koje je pro\u017eivljavala psihi\u010dki. Nekoliko godina prije menopauze preminuo joj je voljeni suprug, a kako bi poslo\u017eila \u017eivot nakon tragedije, preselila se na selo u prirodu i to joj je, ka\u017ee, punilo baterije.<\/p>\n\n\n\n<p>Izuzetno joj smeta teror mladosti koji se promi\u010de u zapadnja\u010dkim dru\u0161tvima &#8211; direktiva da svi moramo biti bez bora, celulita, vi\u0161ka kilograma, savr\u0161eni u svakom smislu te rije\u010di. S time se na svoj na\u010din bori, s porukom: &#8220;\u017dene u godinama su vrijedne i one su boginje. Ako to ka\u017eemo sebi, onda \u0107e nas i drugi tako trenirati&#8221;.<\/p>\n\n\n\n<p>&#8220;Ne bih rekla da me menopauza promijenila. Promijenio me tok \u017eivota i srednje godine, ali na bolje&#8221;, rekla je. Njezina k\u0107i Lea trenuta\u010dno je u 20-ima, a pitali smo je razgovaraju li ve\u0107 sada o temama kao \u0161to je menopauza.<\/p>\n\n\n\n<p>&#8220;Moja k\u0107i je sa mnom prolazila menopauzu i o tome smo puno razgovarali kao mama i k\u0107i. Kod nas nema tabu tema, ako treba i sa sinom mogu o tome svemu porazgovarati&#8221;, rekla je.<\/p>\n\n\n\n<p><strong>PI\u0160E&nbsp;<\/strong>PSD<\/p>\n","protected":false},"excerpt":{"rendered":"<p>Panel&nbsp;Gloria Osobno&nbsp;otvorio je va\u017enu temu, onu o menopauzi. Pjeva\u010dica, radijska i televizijska voditeljica progovorila je o svome iskustvu i kroz \u0161to je sve psihi\u010dki prolazila u tome razdoblju. &#8220;Menopauza je za mene bila veliko iskustvo. Definitivno poznato jer te \u017eivot vodi k tome. Dosta sam \u010ditala o tome, o promjenama i mislim da sam bila [&hellip;]<\/p>\n","protected":false},"author":2,"featured_media":34152,"comment_status":"closed","ping_status":"closed","sticky":false,"template":"","format":"standard","meta":{"h5ap_radio_sources":[],"footnotes":""},"categories":[1],"tags":[],"class_list":["post-34151","post","type-post","status-publish","format-standard","has-post-thumbnail","hentry","category-bihiregija"],"yoast_head":"<!-- This site is optimized with the Yoast SEO plugin v27.5 - https:\/\/yoast.com\/product\/yoast-seo-wordpress\/ -->\n<title>Sanja Dole\u017eal opisala svoje iskustvo menopauze: Imala sam \u017eestoke valunge, potom me hvatala sjeta, tuga i osje\u0107aj bespomo\u0107nosti. Oti\u0161la sam na selo... - RADIO LJUBU\u0160KI<\/title>\n<meta name=\"robots\" content=\"index, follow, max-snippet:-1, max-image-preview:large, max-video-preview:-1\" \/>\n<link rel=\"canonical\" href=\"https:\/\/radioljubuski.ba\/index.php\/2021\/06\/20\/sanja-dolezal-opisala-svoje-iskustvo-menopauze-imala-sam-zestoke-valunge-potom-me-hvatala-sjeta-tuga-i-osjecaj-bespomocnosti-otisla-sam-na-selo\/\" \/>\n<meta property=\"og:locale\" content=\"hr_HR\" \/>\n<meta property=\"og:type\" content=\"article\" \/>\n<meta property=\"og:title\" content=\"Sanja Dole\u017eal opisala svoje iskustvo menopauze: Imala sam \u017eestoke valunge, potom me hvatala sjeta, tuga i osje\u0107aj bespomo\u0107nosti. Oti\u0161la sam na selo... - RADIO LJUBU\u0160KI\" \/>\n<meta property=\"og:description\" content=\"Panel&nbsp;Gloria Osobno&nbsp;otvorio je va\u017enu temu, onu o menopauzi. Pjeva\u010dica, radijska i televizijska voditeljica progovorila je o svome iskustvu i kroz \u0161to je sve psihi\u010dki prolazila u tome razdoblju. &#8220;Menopauza je za mene bila veliko iskustvo. Definitivno poznato jer te \u017eivot vodi k tome. Dosta sam \u010ditala o tome, o promjenama i mislim da sam bila [&hellip;]\" \/>\n<meta property=\"og:url\" content=\"https:\/\/radioljubuski.ba\/index.php\/2021\/06\/20\/sanja-dolezal-opisala-svoje-iskustvo-menopauze-imala-sam-zestoke-valunge-potom-me-hvatala-sjeta-tuga-i-osjecaj-bespomocnosti-otisla-sam-na-selo\/\" \/>\n<meta property=\"og:site_name\" content=\"RADIO LJUBU\u0160KI\" \/>\n<meta property=\"article:publisher\" content=\"https:\/\/www.facebook.com\/Radiio-Ljubuski-1490835324566332\" \/>\n<meta property=\"article:published_time\" content=\"2021-06-20T16:53:04+00:00\" \/>\n<meta property=\"article:modified_time\" content=\"2021-06-20T16:53:05+00:00\" \/>\n<meta property=\"og:image\" content=\"https:\/\/radioljubuski.ba\/wp-content\/uploads\/2021\/06\/o_18276612_1024.jpg\" \/>\n\t<meta property=\"og:image:width\" content=\"1024\" \/>\n\t<meta property=\"og:image:height\" content=\"682\" \/>\n\t<meta property=\"og:image:type\" content=\"image\/jpeg\" \/>\n<meta name=\"author\" content=\"Radio Ljubu\u0161ki\" \/>\n<meta name=\"twitter:card\" content=\"summary_large_image\" \/>\n<meta name=\"twitter:creator\" content=\"@radioljubuski\" \/>\n<meta name=\"twitter:site\" content=\"@radioljubuski\" \/>\n<meta name=\"twitter:label1\" content=\"Napisao\/la\" \/>\n\t<meta name=\"twitter:data1\" content=\"Radio Ljubu\u0161ki\" \/>\n\t<meta name=\"twitter:label2\" content=\"Procijenjeno vrijeme \u010ditanja\" \/>\n\t<meta name=\"twitter:data2\" content=\"2 minute\" \/>\n<script type=\"application\/ld+json\" class=\"yoast-schema-graph\">{\"@context\":\"https:\\\/\\\/schema.org\",\"@graph\":[{\"@type\":\"Article\",\"@id\":\"https:\\\/\\\/radioljubuski.ba\\\/index.php\\\/2021\\\/06\\\/20\\\/sanja-dolezal-opisala-svoje-iskustvo-menopauze-imala-sam-zestoke-valunge-potom-me-hvatala-sjeta-tuga-i-osjecaj-bespomocnosti-otisla-sam-na-selo\\\/#article\",\"isPartOf\":{\"@id\":\"https:\\\/\\\/radioljubuski.ba\\\/index.php\\\/2021\\\/06\\\/20\\\/sanja-dolezal-opisala-svoje-iskustvo-menopauze-imala-sam-zestoke-valunge-potom-me-hvatala-sjeta-tuga-i-osjecaj-bespomocnosti-otisla-sam-na-selo\\\/\"},\"author\":{\"name\":\"Radio Ljubu\u0161ki\",\"@id\":\"https:\\\/\\\/radioljubuski.ba\\\/#\\\/schema\\\/person\\\/19fc700381a780f69665d7956c469e3b\"},\"headline\":\"Sanja Dole\u017eal opisala svoje iskustvo menopauze: Imala sam \u017eestoke valunge, potom me hvatala sjeta, tuga i osje\u0107aj bespomo\u0107nosti. Oti\u0161la sam na selo&#8230;\",\"datePublished\":\"2021-06-20T16:53:04+00:00\",\"dateModified\":\"2021-06-20T16:53:05+00:00\",\"mainEntityOfPage\":{\"@id\":\"https:\\\/\\\/radioljubuski.ba\\\/index.php\\\/2021\\\/06\\\/20\\\/sanja-dolezal-opisala-svoje-iskustvo-menopauze-imala-sam-zestoke-valunge-potom-me-hvatala-sjeta-tuga-i-osjecaj-bespomocnosti-otisla-sam-na-selo\\\/\"},\"wordCount\":385,\"publisher\":{\"@id\":\"https:\\\/\\\/radioljubuski.ba\\\/#organization\"},\"image\":{\"@id\":\"https:\\\/\\\/radioljubuski.ba\\\/index.php\\\/2021\\\/06\\\/20\\\/sanja-dolezal-opisala-svoje-iskustvo-menopauze-imala-sam-zestoke-valunge-potom-me-hvatala-sjeta-tuga-i-osjecaj-bespomocnosti-otisla-sam-na-selo\\\/#primaryimage\"},\"thumbnailUrl\":\"https:\\\/\\\/radioljubuski.ba\\\/wp-content\\\/uploads\\\/2021\\\/06\\\/o_18276612_1024.jpg\",\"articleSection\":[\"BIH i regija\"],\"inLanguage\":\"hr\"},{\"@type\":\"WebPage\",\"@id\":\"https:\\\/\\\/radioljubuski.ba\\\/index.php\\\/2021\\\/06\\\/20\\\/sanja-dolezal-opisala-svoje-iskustvo-menopauze-imala-sam-zestoke-valunge-potom-me-hvatala-sjeta-tuga-i-osjecaj-bespomocnosti-otisla-sam-na-selo\\\/\",\"url\":\"https:\\\/\\\/radioljubuski.ba\\\/index.php\\\/2021\\\/06\\\/20\\\/sanja-dolezal-opisala-svoje-iskustvo-menopauze-imala-sam-zestoke-valunge-potom-me-hvatala-sjeta-tuga-i-osjecaj-bespomocnosti-otisla-sam-na-selo\\\/\",\"name\":\"Sanja Dole\u017eal opisala svoje iskustvo menopauze: Imala sam \u017eestoke valunge, potom me hvatala sjeta, tuga i osje\u0107aj bespomo\u0107nosti. Oti\u0161la sam na selo... - RADIO LJUBU\u0160KI\",\"isPartOf\":{\"@id\":\"https:\\\/\\\/radioljubuski.ba\\\/#website\"},\"primaryImageOfPage\":{\"@id\":\"https:\\\/\\\/radioljubuski.ba\\\/index.php\\\/2021\\\/06\\\/20\\\/sanja-dolezal-opisala-svoje-iskustvo-menopauze-imala-sam-zestoke-valunge-potom-me-hvatala-sjeta-tuga-i-osjecaj-bespomocnosti-otisla-sam-na-selo\\\/#primaryimage\"},\"image\":{\"@id\":\"https:\\\/\\\/radioljubuski.ba\\\/index.php\\\/2021\\\/06\\\/20\\\/sanja-dolezal-opisala-svoje-iskustvo-menopauze-imala-sam-zestoke-valunge-potom-me-hvatala-sjeta-tuga-i-osjecaj-bespomocnosti-otisla-sam-na-selo\\\/#primaryimage\"},\"thumbnailUrl\":\"https:\\\/\\\/radioljubuski.ba\\\/wp-content\\\/uploads\\\/2021\\\/06\\\/o_18276612_1024.jpg\",\"datePublished\":\"2021-06-20T16:53:04+00:00\",\"dateModified\":\"2021-06-20T16:53:05+00:00\",\"breadcrumb\":{\"@id\":\"https:\\\/\\\/radioljubuski.ba\\\/index.php\\\/2021\\\/06\\\/20\\\/sanja-dolezal-opisala-svoje-iskustvo-menopauze-imala-sam-zestoke-valunge-potom-me-hvatala-sjeta-tuga-i-osjecaj-bespomocnosti-otisla-sam-na-selo\\\/#breadcrumb\"},\"inLanguage\":\"hr\",\"potentialAction\":[{\"@type\":\"ReadAction\",\"target\":[\"https:\\\/\\\/radioljubuski.ba\\\/index.php\\\/2021\\\/06\\\/20\\\/sanja-dolezal-opisala-svoje-iskustvo-menopauze-imala-sam-zestoke-valunge-potom-me-hvatala-sjeta-tuga-i-osjecaj-bespomocnosti-otisla-sam-na-selo\\\/\"]}]},{\"@type\":\"ImageObject\",\"inLanguage\":\"hr\",\"@id\":\"https:\\\/\\\/radioljubuski.ba\\\/index.php\\\/2021\\\/06\\\/20\\\/sanja-dolezal-opisala-svoje-iskustvo-menopauze-imala-sam-zestoke-valunge-potom-me-hvatala-sjeta-tuga-i-osjecaj-bespomocnosti-otisla-sam-na-selo\\\/#primaryimage\",\"url\":\"https:\\\/\\\/radioljubuski.ba\\\/wp-content\\\/uploads\\\/2021\\\/06\\\/o_18276612_1024.jpg\",\"contentUrl\":\"https:\\\/\\\/radioljubuski.ba\\\/wp-content\\\/uploads\\\/2021\\\/06\\\/o_18276612_1024.jpg\",\"width\":1024,\"height\":682},{\"@type\":\"BreadcrumbList\",\"@id\":\"https:\\\/\\\/radioljubuski.ba\\\/index.php\\\/2021\\\/06\\\/20\\\/sanja-dolezal-opisala-svoje-iskustvo-menopauze-imala-sam-zestoke-valunge-potom-me-hvatala-sjeta-tuga-i-osjecaj-bespomocnosti-otisla-sam-na-selo\\\/#breadcrumb\",\"itemListElement\":[{\"@type\":\"ListItem\",\"position\":1,\"name\":\"Po\u010detna stranica\",\"item\":\"https:\\\/\\\/radioljubuski.ba\\\/\"},{\"@type\":\"ListItem\",\"position\":2,\"name\":\"Sanja Dole\u017eal opisala svoje iskustvo menopauze: Imala sam \u017eestoke valunge, potom me hvatala sjeta, tuga i osje\u0107aj bespomo\u0107nosti. Oti\u0161la sam na selo&#8230;\"}]},{\"@type\":\"WebSite\",\"@id\":\"https:\\\/\\\/radioljubuski.ba\\\/#website\",\"url\":\"https:\\\/\\\/radioljubuski.ba\\\/\",\"name\":\"Radio Ljubu\u0161ki\",\"description\":\"Sun\u010dana frekvencija Hercegovine\",\"publisher\":{\"@id\":\"https:\\\/\\\/radioljubuski.ba\\\/#organization\"},\"potentialAction\":[{\"@type\":\"SearchAction\",\"target\":{\"@type\":\"EntryPoint\",\"urlTemplate\":\"https:\\\/\\\/radioljubuski.ba\\\/?s={search_term_string}\"},\"query-input\":{\"@type\":\"PropertyValueSpecification\",\"valueRequired\":true,\"valueName\":\"search_term_string\"}}],\"inLanguage\":\"hr\"},{\"@type\":\"Organization\",\"@id\":\"https:\\\/\\\/radioljubuski.ba\\\/#organization\",\"name\":\"Radio Ljubu\u0161ki\",\"url\":\"https:\\\/\\\/radioljubuski.ba\\\/\",\"logo\":{\"@type\":\"ImageObject\",\"inLanguage\":\"hr\",\"@id\":\"https:\\\/\\\/radioljubuski.ba\\\/#\\\/schema\\\/logo\\\/image\\\/\",\"url\":\"https:\\\/\\\/radioljubuski.ba\\\/wp-content\\\/uploads\\\/2021\\\/02\\\/cropped-Radio_Ljubuski_logo1.jpg\",\"contentUrl\":\"https:\\\/\\\/radioljubuski.ba\\\/wp-content\\\/uploads\\\/2021\\\/02\\\/cropped-Radio_Ljubuski_logo1.jpg\",\"width\":512,\"height\":512,\"caption\":\"Radio Ljubu\u0161ki\"},\"image\":{\"@id\":\"https:\\\/\\\/radioljubuski.ba\\\/#\\\/schema\\\/logo\\\/image\\\/\"},\"sameAs\":[\"https:\\\/\\\/www.facebook.com\\\/Radiio-Ljubuski-1490835324566332\",\"https:\\\/\\\/x.com\\\/radioljubuski\",\"https:\\\/\\\/hr.linkedin.com\\\/company\\\/radio-ljubuski\",\"https:\\\/\\\/www.youtube.com\\\/channel\\\/UCHYaeO_n0Db3tjNGudGpXyw\"]},{\"@type\":\"Person\",\"@id\":\"https:\\\/\\\/radioljubuski.ba\\\/#\\\/schema\\\/person\\\/19fc700381a780f69665d7956c469e3b\",\"name\":\"Radio Ljubu\u0161ki\"}]}<\/script>\n<!-- \/ Yoast SEO plugin. -->","yoast_head_json":{"title":"Sanja Dole\u017eal opisala svoje iskustvo menopauze: Imala sam \u017eestoke valunge, potom me hvatala sjeta, tuga i osje\u0107aj bespomo\u0107nosti. Oti\u0161la sam na selo... - RADIO LJUBU\u0160KI","robots":{"index":"index","follow":"follow","max-snippet":"max-snippet:-1","max-image-preview":"max-image-preview:large","max-video-preview":"max-video-preview:-1"},"canonical":"https:\/\/radioljubuski.ba\/index.php\/2021\/06\/20\/sanja-dolezal-opisala-svoje-iskustvo-menopauze-imala-sam-zestoke-valunge-potom-me-hvatala-sjeta-tuga-i-osjecaj-bespomocnosti-otisla-sam-na-selo\/","og_locale":"hr_HR","og_type":"article","og_title":"Sanja Dole\u017eal opisala svoje iskustvo menopauze: Imala sam \u017eestoke valunge, potom me hvatala sjeta, tuga i osje\u0107aj bespomo\u0107nosti. Oti\u0161la sam na selo... - RADIO LJUBU\u0160KI","og_description":"Panel&nbsp;Gloria Osobno&nbsp;otvorio je va\u017enu temu, onu o menopauzi. Pjeva\u010dica, radijska i televizijska voditeljica progovorila je o svome iskustvu i kroz \u0161to je sve psihi\u010dki prolazila u tome razdoblju. &#8220;Menopauza je za mene bila veliko iskustvo. Definitivno poznato jer te \u017eivot vodi k tome. Dosta sam \u010ditala o tome, o promjenama i mislim da sam bila [&hellip;]","og_url":"https:\/\/radioljubuski.ba\/index.php\/2021\/06\/20\/sanja-dolezal-opisala-svoje-iskustvo-menopauze-imala-sam-zestoke-valunge-potom-me-hvatala-sjeta-tuga-i-osjecaj-bespomocnosti-otisla-sam-na-selo\/","og_site_name":"RADIO LJUBU\u0160KI","article_publisher":"https:\/\/www.facebook.com\/Radiio-Ljubuski-1490835324566332","article_published_time":"2021-06-20T16:53:04+00:00","article_modified_time":"2021-06-20T16:53:05+00:00","og_image":[{"width":1024,"height":682,"url":"https:\/\/radioljubuski.ba\/wp-content\/uploads\/2021\/06\/o_18276612_1024.jpg","type":"image\/jpeg"}],"author":"Radio Ljubu\u0161ki","twitter_card":"summary_large_image","twitter_creator":"@radioljubuski","twitter_site":"@radioljubuski","twitter_misc":{"Napisao\/la":"Radio Ljubu\u0161ki","Procijenjeno vrijeme \u010ditanja":"2 minute"},"schema":{"@context":"https:\/\/schema.org","@graph":[{"@type":"Article","@id":"https:\/\/radioljubuski.ba\/index.php\/2021\/06\/20\/sanja-dolezal-opisala-svoje-iskustvo-menopauze-imala-sam-zestoke-valunge-potom-me-hvatala-sjeta-tuga-i-osjecaj-bespomocnosti-otisla-sam-na-selo\/#article","isPartOf":{"@id":"https:\/\/radioljubuski.ba\/index.php\/2021\/06\/20\/sanja-dolezal-opisala-svoje-iskustvo-menopauze-imala-sam-zestoke-valunge-potom-me-hvatala-sjeta-tuga-i-osjecaj-bespomocnosti-otisla-sam-na-selo\/"},"author":{"name":"Radio Ljubu\u0161ki","@id":"https:\/\/radioljubuski.ba\/#\/schema\/person\/19fc700381a780f69665d7956c469e3b"},"headline":"Sanja Dole\u017eal opisala svoje iskustvo menopauze: Imala sam \u017eestoke valunge, potom me hvatala sjeta, tuga i osje\u0107aj bespomo\u0107nosti. Oti\u0161la sam na selo&#8230;","datePublished":"2021-06-20T16:53:04+00:00","dateModified":"2021-06-20T16:53:05+00:00","mainEntityOfPage":{"@id":"https:\/\/radioljubuski.ba\/index.php\/2021\/06\/20\/sanja-dolezal-opisala-svoje-iskustvo-menopauze-imala-sam-zestoke-valunge-potom-me-hvatala-sjeta-tuga-i-osjecaj-bespomocnosti-otisla-sam-na-selo\/"},"wordCount":385,"publisher":{"@id":"https:\/\/radioljubuski.ba\/#organization"},"image":{"@id":"https:\/\/radioljubuski.ba\/index.php\/2021\/06\/20\/sanja-dolezal-opisala-svoje-iskustvo-menopauze-imala-sam-zestoke-valunge-potom-me-hvatala-sjeta-tuga-i-osjecaj-bespomocnosti-otisla-sam-na-selo\/#primaryimage"},"thumbnailUrl":"https:\/\/radioljubuski.ba\/wp-content\/uploads\/2021\/06\/o_18276612_1024.jpg","articleSection":["BIH i regija"],"inLanguage":"hr"},{"@type":"WebPage","@id":"https:\/\/radioljubuski.ba\/index.php\/2021\/06\/20\/sanja-dolezal-opisala-svoje-iskustvo-menopauze-imala-sam-zestoke-valunge-potom-me-hvatala-sjeta-tuga-i-osjecaj-bespomocnosti-otisla-sam-na-selo\/","url":"https:\/\/radioljubuski.ba\/index.php\/2021\/06\/20\/sanja-dolezal-opisala-svoje-iskustvo-menopauze-imala-sam-zestoke-valunge-potom-me-hvatala-sjeta-tuga-i-osjecaj-bespomocnosti-otisla-sam-na-selo\/","name":"Sanja Dole\u017eal opisala svoje iskustvo menopauze: Imala sam \u017eestoke valunge, potom me hvatala sjeta, tuga i osje\u0107aj bespomo\u0107nosti. Oti\u0161la sam na selo... - RADIO LJUBU\u0160KI","isPartOf":{"@id":"https:\/\/radioljubuski.ba\/#website"},"primaryImageOfPage":{"@id":"https:\/\/radioljubuski.ba\/index.php\/2021\/06\/20\/sanja-dolezal-opisala-svoje-iskustvo-menopauze-imala-sam-zestoke-valunge-potom-me-hvatala-sjeta-tuga-i-osjecaj-bespomocnosti-otisla-sam-na-selo\/#primaryimage"},"image":{"@id":"https:\/\/radioljubuski.ba\/index.php\/2021\/06\/20\/sanja-dolezal-opisala-svoje-iskustvo-menopauze-imala-sam-zestoke-valunge-potom-me-hvatala-sjeta-tuga-i-osjecaj-bespomocnosti-otisla-sam-na-selo\/#primaryimage"},"thumbnailUrl":"https:\/\/radioljubuski.ba\/wp-content\/uploads\/2021\/06\/o_18276612_1024.jpg","datePublished":"2021-06-20T16:53:04+00:00","dateModified":"2021-06-20T16:53:05+00:00","breadcrumb":{"@id":"https:\/\/radioljubuski.ba\/index.php\/2021\/06\/20\/sanja-dolezal-opisala-svoje-iskustvo-menopauze-imala-sam-zestoke-valunge-potom-me-hvatala-sjeta-tuga-i-osjecaj-bespomocnosti-otisla-sam-na-selo\/#breadcrumb"},"inLanguage":"hr","potentialAction":[{"@type":"ReadAction","target":["https:\/\/radioljubuski.ba\/index.php\/2021\/06\/20\/sanja-dolezal-opisala-svoje-iskustvo-menopauze-imala-sam-zestoke-valunge-potom-me-hvatala-sjeta-tuga-i-osjecaj-bespomocnosti-otisla-sam-na-selo\/"]}]},{"@type":"ImageObject","inLanguage":"hr","@id":"https:\/\/radioljubuski.ba\/index.php\/2021\/06\/20\/sanja-dolezal-opisala-svoje-iskustvo-menopauze-imala-sam-zestoke-valunge-potom-me-hvatala-sjeta-tuga-i-osjecaj-bespomocnosti-otisla-sam-na-selo\/#primaryimage","url":"https:\/\/radioljubuski.ba\/wp-content\/uploads\/2021\/06\/o_18276612_1024.jpg","contentUrl":"https:\/\/radioljubuski.ba\/wp-content\/uploads\/2021\/06\/o_18276612_1024.jpg","width":1024,"height":682},{"@type":"BreadcrumbList","@id":"https:\/\/radioljubuski.ba\/index.php\/2021\/06\/20\/sanja-dolezal-opisala-svoje-iskustvo-menopauze-imala-sam-zestoke-valunge-potom-me-hvatala-sjeta-tuga-i-osjecaj-bespomocnosti-otisla-sam-na-selo\/#breadcrumb","itemListElement":[{"@type":"ListItem","position":1,"name":"Po\u010detna stranica","item":"https:\/\/radioljubuski.ba\/"},{"@type":"ListItem","position":2,"name":"Sanja Dole\u017eal opisala svoje iskustvo menopauze: Imala sam \u017eestoke valunge, potom me hvatala sjeta, tuga i osje\u0107aj bespomo\u0107nosti. Oti\u0161la sam na selo&#8230;"}]},{"@type":"WebSite","@id":"https:\/\/radioljubuski.ba\/#website","url":"https:\/\/radioljubuski.ba\/","name":"Radio Ljubu\u0161ki","description":"Sun\u010dana frekvencija Hercegovine","publisher":{"@id":"https:\/\/radioljubuski.ba\/#organization"},"potentialAction":[{"@type":"SearchAction","target":{"@type":"EntryPoint","urlTemplate":"https:\/\/radioljubuski.ba\/?s={search_term_string}"},"query-input":{"@type":"PropertyValueSpecification","valueRequired":true,"valueName":"search_term_string"}}],"inLanguage":"hr"},{"@type":"Organization","@id":"https:\/\/radioljubuski.ba\/#organization","name":"Radio Ljubu\u0161ki","url":"https:\/\/radioljubuski.ba\/","logo":{"@type":"ImageObject","inLanguage":"hr","@id":"https:\/\/radioljubuski.ba\/#\/schema\/logo\/image\/","url":"https:\/\/radioljubuski.ba\/wp-content\/uploads\/2021\/02\/cropped-Radio_Ljubuski_logo1.jpg","contentUrl":"https:\/\/radioljubuski.ba\/wp-content\/uploads\/2021\/02\/cropped-Radio_Ljubuski_logo1.jpg","width":512,"height":512,"caption":"Radio Ljubu\u0161ki"},"image":{"@id":"https:\/\/radioljubuski.ba\/#\/schema\/logo\/image\/"},"sameAs":["https:\/\/www.facebook.com\/Radiio-Ljubuski-1490835324566332","https:\/\/x.com\/radioljubuski","https:\/\/hr.linkedin.com\/company\/radio-ljubuski","https:\/\/www.youtube.com\/channel\/UCHYaeO_n0Db3tjNGudGpXyw"]},{"@type":"Person","@id":"https:\/\/radioljubuski.ba\/#\/schema\/person\/19fc700381a780f69665d7956c469e3b","name":"Radio Ljubu\u0161ki"}]}},"_links":{"self":[{"href":"https:\/\/radioljubuski.ba\/index.php\/wp-json\/wp\/v2\/posts\/34151","targetHints":{"allow":["GET"]}}],"collection":[{"href":"https:\/\/radioljubuski.ba\/index.php\/wp-json\/wp\/v2\/posts"}],"about":[{"href":"https:\/\/radioljubuski.ba\/index.php\/wp-json\/wp\/v2\/types\/post"}],"author":[{"embeddable":true,"href":"https:\/\/radioljubuski.ba\/index.php\/wp-json\/wp\/v2\/users\/2"}],"replies":[{"embeddable":true,"href":"https:\/\/radioljubuski.ba\/index.php\/wp-json\/wp\/v2\/comments?post=34151"}],"version-history":[{"count":1,"href":"https:\/\/radioljubuski.ba\/index.php\/wp-json\/wp\/v2\/posts\/34151\/revisions"}],"predecessor-version":[{"id":34153,"href":"https:\/\/radioljubuski.ba\/index.php\/wp-json\/wp\/v2\/posts\/34151\/revisions\/34153"}],"wp:featuredmedia":[{"embeddable":true,"href":"https:\/\/radioljubuski.ba\/index.php\/wp-json\/wp\/v2\/media\/34152"}],"wp:attachment":[{"href":"https:\/\/radioljubuski.ba\/index.php\/wp-json\/wp\/v2\/media?parent=34151"}],"wp:term":[{"taxonomy":"category","embeddable":true,"href":"https:\/\/radioljubuski.ba\/index.php\/wp-json\/wp\/v2\/categories?post=34151"},{"taxonomy":"post_tag","embeddable":true,"href":"https:\/\/radioljubuski.ba\/index.php\/wp-json\/wp\/v2\/tags?post=34151"}],"curies":[{"name":"wp","href":"https:\/\/api.w.org\/{rel}","templated":true}]}}