{"id":34170,"date":"2021-06-20T18:06:25","date_gmt":"2021-06-20T17:06:25","guid":{"rendered":"https:\/\/radioljubuski.ba\/?p=34170"},"modified":"2021-06-20T18:06:26","modified_gmt":"2021-06-20T17:06:26","slug":"snjezana-mehun-otkrila-detalje-vjencanja-s-austrijancem-vjencanica-mi-se-vec-izraduje-na-jelovniku-ce-biti-mediteranski-specijaliteti","status":"publish","type":"post","link":"https:\/\/radioljubuski.ba\/index.php\/2021\/06\/20\/snjezana-mehun-otkrila-detalje-vjencanja-s-austrijancem-vjencanica-mi-se-vec-izraduje-na-jelovniku-ce-biti-mediteranski-specijaliteti\/","title":{"rendered":"Snje\u017eana Mehun otkrila detalje vjen\u010danja s Austrijancem: \u2018Vjen\u010danica mi se ve\u0107 izra\u0111uje, na jelovniku \u0107e biti mediteranski specijaliteti&#8230;\u2018"},"content":{"rendered":"\n<p>Zagreba\u010dka poduzetnica&nbsp;<strong>Snje\u017eana Mehun<\/strong>&nbsp;sa svojim zaru\u010dnikom&nbsp;<strong>Franzom Schillingerom<\/strong>&nbsp;provela je vikend u gradu romantike, \u0161to je uvertira za nadolaze\u0107e vjen\u010danje koje \u0107e u stilu filma &#8220;Mamma Mia!&#8221;&nbsp;biti odr\u017eano na privatnom oto\u010di\u0107u u Jadranu, pi\u0161e&nbsp;<strong><a href=\"http:\/\/https\/www.gloria.hr\/gl\/fokus\/price\/treca-sreca-snjezane-mehun-uskoro-ce-uploviti-u-bracnu-luku-s-franzom-sam-svugdje-sretna-i-ispunjena-15082184\" target=\"_blank\" rel=\"noreferrer noopener\">Gloria<\/a><\/strong>.<\/p>\n\n\n\n<p>Izreka &#8220;\u017eivjeti se ne mora, ploviti se mora&#8221; itekako ima smisla za zagreba\u010dku PR menad\u017eericu i modnu dizajnericu Snje\u017eanu Mehun (50) i njezina zaru\u010dnika, Austrijanca Franza Schillingera (59). Jer osim \u0161to oboje obo\u017eavaju more, imaju dozvolu za vo\u017enju brodova te su poslovno vezani uz nautiku, nedavno su i drugu godi\u0161njicu veze proslavili &#8220;navigavaju\u0107i&#8221; na ruti Molat &#8211; Suko\u0161an &#8211; Lo\u0161inj &#8211; Rovinj &#8211; Venecija.<\/p>\n\n\n\n<p>U jedan od najljep\u0161ih svjetskih gradova uplovili su na petnaest metara duga\u010dkom i osam metara \u0161irokom Franzovu&nbsp;brodu Lagoon 50, ali ne samo zato da bi slavili ljubav.<\/p>\n\n\n\n<p>Snje\u017eana je, naime, na jahti snimala kampanju za svoju modnu marku Duchess &#8211; uz jedinstvenu panoramu Venecije kao kulisu &#8211; a vlasnik tvrtke Master Yachting, zastupnika luksuznih plovila Lagoon, Beneteau, Frauscher i Sanlorenzo, sudjelovao je na boat showu u Arsenalu.<\/p>\n\n\n\n<p>&#8220;Franz i ja smo mnogo puta posjetili Veneciju, ali tek sada zajedno. Uplovili smo brodom, za \u0161to nam je trebalo \u0161est sati iz Rovinja. Brinulo me ho\u0107e li nas vrijeme poslu\u017eiti, no bila je bonaca i zato je do\u017eivljaj ulaska s morske strane bio jo\u0161 ljep\u0161i. Jedino \u0161to je na\u0161a strana Jadrana ipak bistrija od talijanske&#8221;, ka\u017ee Snje\u017eana, koja je prona\u0161la vremena i da Veneciju istra\u017ei s kopna. U predve\u010derje, kad je u gradu posebno romanti\u010dno, s Franzom je obi\u0161la brojne znamenitosti poput Trga sv. Marka, Du\u017edeve pala\u010de i mosta Rialto, a bili su i na ve\u010deri u luksuznom hotelu na privatnom oto\u010di\u0107u San Clemente.<\/p>\n\n\n\n<p>&#8220;U Veneciji je sada divno i zato \u0161to nema gu\u017evi pa je opu\u0161tenije \u0161etati \u010darobnim trgovima, uskim kamenim uli\u010dicama i mostovima kojih u gradu ima oko 400. No, zapravo je najva\u017enije da si u dobrom dru\u0161tvu, s osobom koja ti ne izaziva stres, jer u tom slu\u010daju ne poma\u017eu ni najromanti\u010dnija mjesta. A meni je s Franzom uvijek prekrasno. Nije mi va\u017eno gdje sam ako je on sa mnom. S njim sam svugdje sretna i ispunjena&#8221;, govori Snje\u017eana, \u010dija \u0107e ljubav s markantnim Be\u010daninom za nekoliko mjeseci dose\u0107i novu razinu. Potkraj ljeta \u0107e, kako nam otkrivaju, uploviti u bra\u010dnu luku &#8211; i to doslovno. Svadbenu ceremoniju i slavlje za oko 80 uzvanika organizirat \u0107e, naime, na privatnom jadranskom oto\u010di\u0107u, a uzvanici \u0107e doploviti na brodovima i s mladencima fe\u0161tati tri dana. Snje\u017eana i Franz su razmi\u0161ljali i o tome da vjen\u010danje bude u Austriji, u bajkovitom dvorcu Ort na jezeru Traunsee, ali na kraju su ipak promijenili mi\u0161ljenje. \u010cesto je posje\u0107ivala taj oto\u010di\u0107 u srednjoj Dalmaciji jer za nju ima neku posebnu energiju, \u010dak je predlagala i Franzovim k\u0107erima da ondje organiziraju vjen\u010danje, no kao da je bio njoj su\u0111en. Tako \u0107e, \u0161ali se Snje\u017eana, umjesto automobila na njezinoj svadbi trubiti &#8211; brodovi.<\/p>\n\n\n\n<figure class=\"wp-block-image\"><img decoding=\"async\" src=\"https:\/\/static.slobodnadalmacija.hr\/images\/slike\/2021\/06\/20\/18276590.jpg?1624202970\" alt=\"image\"\/><\/figure>\n\n\n\n<p>&#8220;Htjeli smo da vjen\u010danje bude povezano s onime \u010dime se Franz bavi, a i smatramo da je hrvatska obala jedinstvena. Na jelovniku \u0107e biti mediteranski specijaliteti, a glazba \u0107e zbog gostiju iz inozemstva biti i doma\u0107a i strana. Franz jo\u0161 tra\u017ei bijelo odijelo, koje \u0107e vjerojatno kupiti u Be\u010du jer ga nismo uspjeli prona\u0107i u Veneciji, a vjen\u010danica mi se ve\u0107 izra\u0111uje. Prema mojim uputama \u0107e je napraviti&nbsp;<strong>Tin Bri\u0161ar<\/strong>, dizajner za Duchess, a bit \u0107e bijela i asimetri\u010dna. Imat \u0107e otvoreniji dekolte, korzetirani struk i lagani sirena kroj. Moj je stav da mladenka mora blistati od sre\u0107e, a ne zbog previ\u0161e grandiozne haljine u obliku torte. Tin \u0107e napraviti i cvjetne aran\u017emane od mediteranskog bilja. Generalno bih rekla da \u0107e na\u0161a svadba nalikovati onoj iz filma &#8220;Mamma Mia!&#8221;, otkriva Snje\u017eana, dodaju\u0107i kako \u0107e joj kuma biti&nbsp;<strong>Antea Kod\u017eoman<\/strong>&nbsp;koju poznaje ve\u0107 22 godine, otkako je bila Kraljica Hrvatske, a Franz je odabrao svog hrvatskog prijatelja, predsjednika HOO-a&nbsp;<strong>Zlatka Mate\u0161u<\/strong>.<\/p>\n\n\n\n<p>Iako je organizirala nebrojeno mnogo javnih doga\u0111anja, Snje\u017eana, koja \u0107e nakon vjen\u010danja imati samo prezime Schillinger, priznaje da joj je priprema svadbe pomalo stresna.<\/p>\n\n\n\n<p>I njoj i njezinu&nbsp;odabraniku to \u0107e biti tre\u0107e &#8220;da&#8221;. On iz prija\u0161njih brakova ima dvije k\u0107eri i sina, ro\u0111enog na isti datum kad i Snje\u017eanin sin&nbsp;<strong>Dino<\/strong>.<\/p>\n\n\n\n<p>Franza je upoznala u jesen 2018. na sajmu chartera u Zagrebu, vezu su zapo\u010deli u svibnju 2019., a zaru\u010dili se 12. velja\u010de ove godine na Maldivima. Bilo je to tijekom ceremonije plutaju\u0107eg doru\u010dka, a Snje\u017eana je na dar dobila dijamantni prsten iz stare be\u010dke draguljarnice. \u017dive na relaciji Zagreb &#8211; Be\u010d, vole iste stvari, poput sportskih aktivnosti u prirodi i ku\u0161anja specijaliteta u vrhunskim restoranima &#8211; iako rado jedu i doma. Franz obo\u017eava Snje\u017eaninu hobotnicu s krumpirima, a ona tradicionalnu austrijsku juhu s knedlama.<\/p>\n\n\n\n<p>&#8220;Sla\u017eemo se u ve\u0107ini stvari. Ako se i porje\u010dka\u00admo, to je zato \u0161to sam ja spontana i le\u017eerna, a on previ\u0161e organiziran i detaljan. Ima zapisane sve ro\u0111endane dragih ljudi, trudi se da sve \u0161to napi\u0161e bude gramati\u010dki besprijekorno, \u010dak i na dru\u0161tvenim mre\u017eama, ali mu zato treba vi\u0161e vremena da ne\u0161to napravi. Ja u istom vremenu po\u0161aljem mailove, skuham ru\u010dak i odradim tr\u010danje u Maksimiru. No, mo\u017eda ne bismo funkcionirali da smo isti. Franz ka\u017ee da mu se svi\u0111a \u0161to sam vesela, zabavna i tako prirodna&#8221;, smije se Snje\u017eana, koja sa zaru\u010dnikom komunicira na engleskom.<\/p>\n\n\n\n<p>Ka\u017ee da se savr\u0161eno razumiju, \u010desto i bez izgovorene rije\u010di, te da to \u0161to ne razgovaraju na materinskom&nbsp;jeziku ni\u0161ta ne zna\u010di. S nekim je mu\u0161karcima, naime, bilo nerazumijevanja i kad se razgovaralo na hrvatskom. S Franzom je ve\u0107 tijekom prvog zajedni\u010dkog vikenda u Motovunu shvatila kakav je d\u017eentlmen jer je unajmio ku\u0107u umjesto hotelske sobe, a kad ju je prvi put primio za ruku dok su \u0161etali po ki\u0161i u kabanicama, osjetila je da hodaju u istom ritmu.<\/p>\n\n\n\n<p>Nije, stoga, ni sekunde dvojila treba li se udati za njega. Oboje su zaklju\u010dili da je &#8220;to-to&#8221;, da su jedno drugom najve\u0107a ljubav i da \u0107e im tre\u0107e vjen\u010danje biti i zadnje, pi\u0161e Gloria.<\/p>\n\n\n\n<p><strong>PI\u0160E&nbsp;<\/strong>GLORIA.HR<\/p>\n","protected":false},"excerpt":{"rendered":"<p>Zagreba\u010dka poduzetnica&nbsp;Snje\u017eana Mehun&nbsp;sa svojim zaru\u010dnikom&nbsp;Franzom Schillingerom&nbsp;provela je vikend u gradu romantike, \u0161to je uvertira za nadolaze\u0107e vjen\u010danje koje \u0107e u stilu filma &#8220;Mamma Mia!&#8221;&nbsp;biti odr\u017eano na privatnom oto\u010di\u0107u u Jadranu, pi\u0161e&nbsp;Gloria. Izreka &#8220;\u017eivjeti se ne mora, ploviti se mora&#8221; itekako ima smisla za zagreba\u010dku PR menad\u017eericu i modnu dizajnericu Snje\u017eanu Mehun (50) i njezina zaru\u010dnika, [&hellip;]<\/p>\n","protected":false},"author":2,"featured_media":34171,"comment_status":"closed","ping_status":"closed","sticky":false,"template":"","format":"standard","meta":{"h5ap_radio_sources":[],"footnotes":""},"categories":[1],"tags":[],"class_list":["post-34170","post","type-post","status-publish","format-standard","has-post-thumbnail","hentry","category-bihiregija"],"yoast_head":"<!-- This site is optimized with the Yoast SEO plugin v27.5 - https:\/\/yoast.com\/product\/yoast-seo-wordpress\/ -->\n<title>Snje\u017eana Mehun otkrila detalje vjen\u010danja s Austrijancem: \u2018Vjen\u010danica mi se ve\u0107 izra\u0111uje, na jelovniku \u0107e biti mediteranski specijaliteti...\u2018 - RADIO LJUBU\u0160KI<\/title>\n<meta name=\"robots\" content=\"index, follow, max-snippet:-1, max-image-preview:large, max-video-preview:-1\" \/>\n<link rel=\"canonical\" href=\"https:\/\/radioljubuski.ba\/index.php\/2021\/06\/20\/snjezana-mehun-otkrila-detalje-vjencanja-s-austrijancem-vjencanica-mi-se-vec-izraduje-na-jelovniku-ce-biti-mediteranski-specijaliteti\/\" \/>\n<meta property=\"og:locale\" content=\"hr_HR\" \/>\n<meta property=\"og:type\" content=\"article\" \/>\n<meta property=\"og:title\" content=\"Snje\u017eana Mehun otkrila detalje vjen\u010danja s Austrijancem: \u2018Vjen\u010danica mi se ve\u0107 izra\u0111uje, na jelovniku \u0107e biti mediteranski specijaliteti...\u2018 - RADIO LJUBU\u0160KI\" \/>\n<meta property=\"og:description\" content=\"Zagreba\u010dka poduzetnica&nbsp;Snje\u017eana Mehun&nbsp;sa svojim zaru\u010dnikom&nbsp;Franzom Schillingerom&nbsp;provela je vikend u gradu romantike, \u0161to je uvertira za nadolaze\u0107e vjen\u010danje koje \u0107e u stilu filma &#8220;Mamma Mia!&#8221;&nbsp;biti odr\u017eano na privatnom oto\u010di\u0107u u Jadranu, pi\u0161e&nbsp;Gloria. Izreka &#8220;\u017eivjeti se ne mora, ploviti se mora&#8221; itekako ima smisla za zagreba\u010dku PR menad\u017eericu i modnu dizajnericu Snje\u017eanu Mehun (50) i njezina zaru\u010dnika, [&hellip;]\" \/>\n<meta property=\"og:url\" content=\"https:\/\/radioljubuski.ba\/index.php\/2021\/06\/20\/snjezana-mehun-otkrila-detalje-vjencanja-s-austrijancem-vjencanica-mi-se-vec-izraduje-na-jelovniku-ce-biti-mediteranski-specijaliteti\/\" \/>\n<meta property=\"og:site_name\" content=\"RADIO LJUBU\u0160KI\" \/>\n<meta property=\"article:publisher\" content=\"https:\/\/www.facebook.com\/Radiio-Ljubuski-1490835324566332\" \/>\n<meta property=\"article:published_time\" content=\"2021-06-20T17:06:25+00:00\" \/>\n<meta property=\"article:modified_time\" content=\"2021-06-20T17:06:26+00:00\" \/>\n<meta property=\"og:image\" content=\"https:\/\/radioljubuski.ba\/wp-content\/uploads\/2021\/06\/o_18278078_1024.jpg\" \/>\n\t<meta property=\"og:image:width\" content=\"1024\" \/>\n\t<meta property=\"og:image:height\" content=\"682\" \/>\n\t<meta property=\"og:image:type\" content=\"image\/jpeg\" \/>\n<meta name=\"author\" content=\"Radio Ljubu\u0161ki\" \/>\n<meta name=\"twitter:card\" content=\"summary_large_image\" \/>\n<meta name=\"twitter:creator\" content=\"@radioljubuski\" \/>\n<meta name=\"twitter:site\" content=\"@radioljubuski\" \/>\n<meta name=\"twitter:label1\" content=\"Napisao\/la\" \/>\n\t<meta name=\"twitter:data1\" content=\"Radio Ljubu\u0161ki\" \/>\n\t<meta name=\"twitter:label2\" content=\"Procijenjeno vrijeme \u010ditanja\" \/>\n\t<meta name=\"twitter:data2\" content=\"5 minuta\" \/>\n<script type=\"application\/ld+json\" class=\"yoast-schema-graph\">{\"@context\":\"https:\\\/\\\/schema.org\",\"@graph\":[{\"@type\":\"Article\",\"@id\":\"https:\\\/\\\/radioljubuski.ba\\\/index.php\\\/2021\\\/06\\\/20\\\/snjezana-mehun-otkrila-detalje-vjencanja-s-austrijancem-vjencanica-mi-se-vec-izraduje-na-jelovniku-ce-biti-mediteranski-specijaliteti\\\/#article\",\"isPartOf\":{\"@id\":\"https:\\\/\\\/radioljubuski.ba\\\/index.php\\\/2021\\\/06\\\/20\\\/snjezana-mehun-otkrila-detalje-vjencanja-s-austrijancem-vjencanica-mi-se-vec-izraduje-na-jelovniku-ce-biti-mediteranski-specijaliteti\\\/\"},\"author\":{\"name\":\"Radio Ljubu\u0161ki\",\"@id\":\"https:\\\/\\\/radioljubuski.ba\\\/#\\\/schema\\\/person\\\/19fc700381a780f69665d7956c469e3b\"},\"headline\":\"Snje\u017eana Mehun otkrila detalje vjen\u010danja s Austrijancem: \u2018Vjen\u010danica mi se ve\u0107 izra\u0111uje, na jelovniku \u0107e biti mediteranski specijaliteti&#8230;\u2018\",\"datePublished\":\"2021-06-20T17:06:25+00:00\",\"dateModified\":\"2021-06-20T17:06:26+00:00\",\"mainEntityOfPage\":{\"@id\":\"https:\\\/\\\/radioljubuski.ba\\\/index.php\\\/2021\\\/06\\\/20\\\/snjezana-mehun-otkrila-detalje-vjencanja-s-austrijancem-vjencanica-mi-se-vec-izraduje-na-jelovniku-ce-biti-mediteranski-specijaliteti\\\/\"},\"wordCount\":1150,\"publisher\":{\"@id\":\"https:\\\/\\\/radioljubuski.ba\\\/#organization\"},\"image\":{\"@id\":\"https:\\\/\\\/radioljubuski.ba\\\/index.php\\\/2021\\\/06\\\/20\\\/snjezana-mehun-otkrila-detalje-vjencanja-s-austrijancem-vjencanica-mi-se-vec-izraduje-na-jelovniku-ce-biti-mediteranski-specijaliteti\\\/#primaryimage\"},\"thumbnailUrl\":\"https:\\\/\\\/radioljubuski.ba\\\/wp-content\\\/uploads\\\/2021\\\/06\\\/o_18278078_1024.jpg\",\"articleSection\":[\"BIH i regija\"],\"inLanguage\":\"hr\"},{\"@type\":\"WebPage\",\"@id\":\"https:\\\/\\\/radioljubuski.ba\\\/index.php\\\/2021\\\/06\\\/20\\\/snjezana-mehun-otkrila-detalje-vjencanja-s-austrijancem-vjencanica-mi-se-vec-izraduje-na-jelovniku-ce-biti-mediteranski-specijaliteti\\\/\",\"url\":\"https:\\\/\\\/radioljubuski.ba\\\/index.php\\\/2021\\\/06\\\/20\\\/snjezana-mehun-otkrila-detalje-vjencanja-s-austrijancem-vjencanica-mi-se-vec-izraduje-na-jelovniku-ce-biti-mediteranski-specijaliteti\\\/\",\"name\":\"Snje\u017eana Mehun otkrila detalje vjen\u010danja s Austrijancem: \u2018Vjen\u010danica mi se ve\u0107 izra\u0111uje, na jelovniku \u0107e biti mediteranski specijaliteti...\u2018 - RADIO LJUBU\u0160KI\",\"isPartOf\":{\"@id\":\"https:\\\/\\\/radioljubuski.ba\\\/#website\"},\"primaryImageOfPage\":{\"@id\":\"https:\\\/\\\/radioljubuski.ba\\\/index.php\\\/2021\\\/06\\\/20\\\/snjezana-mehun-otkrila-detalje-vjencanja-s-austrijancem-vjencanica-mi-se-vec-izraduje-na-jelovniku-ce-biti-mediteranski-specijaliteti\\\/#primaryimage\"},\"image\":{\"@id\":\"https:\\\/\\\/radioljubuski.ba\\\/index.php\\\/2021\\\/06\\\/20\\\/snjezana-mehun-otkrila-detalje-vjencanja-s-austrijancem-vjencanica-mi-se-vec-izraduje-na-jelovniku-ce-biti-mediteranski-specijaliteti\\\/#primaryimage\"},\"thumbnailUrl\":\"https:\\\/\\\/radioljubuski.ba\\\/wp-content\\\/uploads\\\/2021\\\/06\\\/o_18278078_1024.jpg\",\"datePublished\":\"2021-06-20T17:06:25+00:00\",\"dateModified\":\"2021-06-20T17:06:26+00:00\",\"breadcrumb\":{\"@id\":\"https:\\\/\\\/radioljubuski.ba\\\/index.php\\\/2021\\\/06\\\/20\\\/snjezana-mehun-otkrila-detalje-vjencanja-s-austrijancem-vjencanica-mi-se-vec-izraduje-na-jelovniku-ce-biti-mediteranski-specijaliteti\\\/#breadcrumb\"},\"inLanguage\":\"hr\",\"potentialAction\":[{\"@type\":\"ReadAction\",\"target\":[\"https:\\\/\\\/radioljubuski.ba\\\/index.php\\\/2021\\\/06\\\/20\\\/snjezana-mehun-otkrila-detalje-vjencanja-s-austrijancem-vjencanica-mi-se-vec-izraduje-na-jelovniku-ce-biti-mediteranski-specijaliteti\\\/\"]}]},{\"@type\":\"ImageObject\",\"inLanguage\":\"hr\",\"@id\":\"https:\\\/\\\/radioljubuski.ba\\\/index.php\\\/2021\\\/06\\\/20\\\/snjezana-mehun-otkrila-detalje-vjencanja-s-austrijancem-vjencanica-mi-se-vec-izraduje-na-jelovniku-ce-biti-mediteranski-specijaliteti\\\/#primaryimage\",\"url\":\"https:\\\/\\\/radioljubuski.ba\\\/wp-content\\\/uploads\\\/2021\\\/06\\\/o_18278078_1024.jpg\",\"contentUrl\":\"https:\\\/\\\/radioljubuski.ba\\\/wp-content\\\/uploads\\\/2021\\\/06\\\/o_18278078_1024.jpg\",\"width\":1024,\"height\":682},{\"@type\":\"BreadcrumbList\",\"@id\":\"https:\\\/\\\/radioljubuski.ba\\\/index.php\\\/2021\\\/06\\\/20\\\/snjezana-mehun-otkrila-detalje-vjencanja-s-austrijancem-vjencanica-mi-se-vec-izraduje-na-jelovniku-ce-biti-mediteranski-specijaliteti\\\/#breadcrumb\",\"itemListElement\":[{\"@type\":\"ListItem\",\"position\":1,\"name\":\"Po\u010detna stranica\",\"item\":\"https:\\\/\\\/radioljubuski.ba\\\/\"},{\"@type\":\"ListItem\",\"position\":2,\"name\":\"Snje\u017eana Mehun otkrila detalje vjen\u010danja s Austrijancem: \u2018Vjen\u010danica mi se ve\u0107 izra\u0111uje, na jelovniku \u0107e biti mediteranski specijaliteti&#8230;\u2018\"}]},{\"@type\":\"WebSite\",\"@id\":\"https:\\\/\\\/radioljubuski.ba\\\/#website\",\"url\":\"https:\\\/\\\/radioljubuski.ba\\\/\",\"name\":\"Radio Ljubu\u0161ki\",\"description\":\"Sun\u010dana frekvencija Hercegovine\",\"publisher\":{\"@id\":\"https:\\\/\\\/radioljubuski.ba\\\/#organization\"},\"potentialAction\":[{\"@type\":\"SearchAction\",\"target\":{\"@type\":\"EntryPoint\",\"urlTemplate\":\"https:\\\/\\\/radioljubuski.ba\\\/?s={search_term_string}\"},\"query-input\":{\"@type\":\"PropertyValueSpecification\",\"valueRequired\":true,\"valueName\":\"search_term_string\"}}],\"inLanguage\":\"hr\"},{\"@type\":\"Organization\",\"@id\":\"https:\\\/\\\/radioljubuski.ba\\\/#organization\",\"name\":\"Radio Ljubu\u0161ki\",\"url\":\"https:\\\/\\\/radioljubuski.ba\\\/\",\"logo\":{\"@type\":\"ImageObject\",\"inLanguage\":\"hr\",\"@id\":\"https:\\\/\\\/radioljubuski.ba\\\/#\\\/schema\\\/logo\\\/image\\\/\",\"url\":\"https:\\\/\\\/radioljubuski.ba\\\/wp-content\\\/uploads\\\/2021\\\/02\\\/cropped-Radio_Ljubuski_logo1.jpg\",\"contentUrl\":\"https:\\\/\\\/radioljubuski.ba\\\/wp-content\\\/uploads\\\/2021\\\/02\\\/cropped-Radio_Ljubuski_logo1.jpg\",\"width\":512,\"height\":512,\"caption\":\"Radio Ljubu\u0161ki\"},\"image\":{\"@id\":\"https:\\\/\\\/radioljubuski.ba\\\/#\\\/schema\\\/logo\\\/image\\\/\"},\"sameAs\":[\"https:\\\/\\\/www.facebook.com\\\/Radiio-Ljubuski-1490835324566332\",\"https:\\\/\\\/x.com\\\/radioljubuski\",\"https:\\\/\\\/hr.linkedin.com\\\/company\\\/radio-ljubuski\",\"https:\\\/\\\/www.youtube.com\\\/channel\\\/UCHYaeO_n0Db3tjNGudGpXyw\"]},{\"@type\":\"Person\",\"@id\":\"https:\\\/\\\/radioljubuski.ba\\\/#\\\/schema\\\/person\\\/19fc700381a780f69665d7956c469e3b\",\"name\":\"Radio Ljubu\u0161ki\"}]}<\/script>\n<!-- \/ Yoast SEO plugin. -->","yoast_head_json":{"title":"Snje\u017eana Mehun otkrila detalje vjen\u010danja s Austrijancem: \u2018Vjen\u010danica mi se ve\u0107 izra\u0111uje, na jelovniku \u0107e biti mediteranski specijaliteti...\u2018 - RADIO LJUBU\u0160KI","robots":{"index":"index","follow":"follow","max-snippet":"max-snippet:-1","max-image-preview":"max-image-preview:large","max-video-preview":"max-video-preview:-1"},"canonical":"https:\/\/radioljubuski.ba\/index.php\/2021\/06\/20\/snjezana-mehun-otkrila-detalje-vjencanja-s-austrijancem-vjencanica-mi-se-vec-izraduje-na-jelovniku-ce-biti-mediteranski-specijaliteti\/","og_locale":"hr_HR","og_type":"article","og_title":"Snje\u017eana Mehun otkrila detalje vjen\u010danja s Austrijancem: \u2018Vjen\u010danica mi se ve\u0107 izra\u0111uje, na jelovniku \u0107e biti mediteranski specijaliteti...\u2018 - RADIO LJUBU\u0160KI","og_description":"Zagreba\u010dka poduzetnica&nbsp;Snje\u017eana Mehun&nbsp;sa svojim zaru\u010dnikom&nbsp;Franzom Schillingerom&nbsp;provela je vikend u gradu romantike, \u0161to je uvertira za nadolaze\u0107e vjen\u010danje koje \u0107e u stilu filma &#8220;Mamma Mia!&#8221;&nbsp;biti odr\u017eano na privatnom oto\u010di\u0107u u Jadranu, pi\u0161e&nbsp;Gloria. Izreka &#8220;\u017eivjeti se ne mora, ploviti se mora&#8221; itekako ima smisla za zagreba\u010dku PR menad\u017eericu i modnu dizajnericu Snje\u017eanu Mehun (50) i njezina zaru\u010dnika, [&hellip;]","og_url":"https:\/\/radioljubuski.ba\/index.php\/2021\/06\/20\/snjezana-mehun-otkrila-detalje-vjencanja-s-austrijancem-vjencanica-mi-se-vec-izraduje-na-jelovniku-ce-biti-mediteranski-specijaliteti\/","og_site_name":"RADIO LJUBU\u0160KI","article_publisher":"https:\/\/www.facebook.com\/Radiio-Ljubuski-1490835324566332","article_published_time":"2021-06-20T17:06:25+00:00","article_modified_time":"2021-06-20T17:06:26+00:00","og_image":[{"width":1024,"height":682,"url":"https:\/\/radioljubuski.ba\/wp-content\/uploads\/2021\/06\/o_18278078_1024.jpg","type":"image\/jpeg"}],"author":"Radio Ljubu\u0161ki","twitter_card":"summary_large_image","twitter_creator":"@radioljubuski","twitter_site":"@radioljubuski","twitter_misc":{"Napisao\/la":"Radio Ljubu\u0161ki","Procijenjeno vrijeme \u010ditanja":"5 minuta"},"schema":{"@context":"https:\/\/schema.org","@graph":[{"@type":"Article","@id":"https:\/\/radioljubuski.ba\/index.php\/2021\/06\/20\/snjezana-mehun-otkrila-detalje-vjencanja-s-austrijancem-vjencanica-mi-se-vec-izraduje-na-jelovniku-ce-biti-mediteranski-specijaliteti\/#article","isPartOf":{"@id":"https:\/\/radioljubuski.ba\/index.php\/2021\/06\/20\/snjezana-mehun-otkrila-detalje-vjencanja-s-austrijancem-vjencanica-mi-se-vec-izraduje-na-jelovniku-ce-biti-mediteranski-specijaliteti\/"},"author":{"name":"Radio Ljubu\u0161ki","@id":"https:\/\/radioljubuski.ba\/#\/schema\/person\/19fc700381a780f69665d7956c469e3b"},"headline":"Snje\u017eana Mehun otkrila detalje vjen\u010danja s Austrijancem: \u2018Vjen\u010danica mi se ve\u0107 izra\u0111uje, na jelovniku \u0107e biti mediteranski specijaliteti&#8230;\u2018","datePublished":"2021-06-20T17:06:25+00:00","dateModified":"2021-06-20T17:06:26+00:00","mainEntityOfPage":{"@id":"https:\/\/radioljubuski.ba\/index.php\/2021\/06\/20\/snjezana-mehun-otkrila-detalje-vjencanja-s-austrijancem-vjencanica-mi-se-vec-izraduje-na-jelovniku-ce-biti-mediteranski-specijaliteti\/"},"wordCount":1150,"publisher":{"@id":"https:\/\/radioljubuski.ba\/#organization"},"image":{"@id":"https:\/\/radioljubuski.ba\/index.php\/2021\/06\/20\/snjezana-mehun-otkrila-detalje-vjencanja-s-austrijancem-vjencanica-mi-se-vec-izraduje-na-jelovniku-ce-biti-mediteranski-specijaliteti\/#primaryimage"},"thumbnailUrl":"https:\/\/radioljubuski.ba\/wp-content\/uploads\/2021\/06\/o_18278078_1024.jpg","articleSection":["BIH i regija"],"inLanguage":"hr"},{"@type":"WebPage","@id":"https:\/\/radioljubuski.ba\/index.php\/2021\/06\/20\/snjezana-mehun-otkrila-detalje-vjencanja-s-austrijancem-vjencanica-mi-se-vec-izraduje-na-jelovniku-ce-biti-mediteranski-specijaliteti\/","url":"https:\/\/radioljubuski.ba\/index.php\/2021\/06\/20\/snjezana-mehun-otkrila-detalje-vjencanja-s-austrijancem-vjencanica-mi-se-vec-izraduje-na-jelovniku-ce-biti-mediteranski-specijaliteti\/","name":"Snje\u017eana Mehun otkrila detalje vjen\u010danja s Austrijancem: \u2018Vjen\u010danica mi se ve\u0107 izra\u0111uje, na jelovniku \u0107e biti mediteranski specijaliteti...\u2018 - RADIO LJUBU\u0160KI","isPartOf":{"@id":"https:\/\/radioljubuski.ba\/#website"},"primaryImageOfPage":{"@id":"https:\/\/radioljubuski.ba\/index.php\/2021\/06\/20\/snjezana-mehun-otkrila-detalje-vjencanja-s-austrijancem-vjencanica-mi-se-vec-izraduje-na-jelovniku-ce-biti-mediteranski-specijaliteti\/#primaryimage"},"image":{"@id":"https:\/\/radioljubuski.ba\/index.php\/2021\/06\/20\/snjezana-mehun-otkrila-detalje-vjencanja-s-austrijancem-vjencanica-mi-se-vec-izraduje-na-jelovniku-ce-biti-mediteranski-specijaliteti\/#primaryimage"},"thumbnailUrl":"https:\/\/radioljubuski.ba\/wp-content\/uploads\/2021\/06\/o_18278078_1024.jpg","datePublished":"2021-06-20T17:06:25+00:00","dateModified":"2021-06-20T17:06:26+00:00","breadcrumb":{"@id":"https:\/\/radioljubuski.ba\/index.php\/2021\/06\/20\/snjezana-mehun-otkrila-detalje-vjencanja-s-austrijancem-vjencanica-mi-se-vec-izraduje-na-jelovniku-ce-biti-mediteranski-specijaliteti\/#breadcrumb"},"inLanguage":"hr","potentialAction":[{"@type":"ReadAction","target":["https:\/\/radioljubuski.ba\/index.php\/2021\/06\/20\/snjezana-mehun-otkrila-detalje-vjencanja-s-austrijancem-vjencanica-mi-se-vec-izraduje-na-jelovniku-ce-biti-mediteranski-specijaliteti\/"]}]},{"@type":"ImageObject","inLanguage":"hr","@id":"https:\/\/radioljubuski.ba\/index.php\/2021\/06\/20\/snjezana-mehun-otkrila-detalje-vjencanja-s-austrijancem-vjencanica-mi-se-vec-izraduje-na-jelovniku-ce-biti-mediteranski-specijaliteti\/#primaryimage","url":"https:\/\/radioljubuski.ba\/wp-content\/uploads\/2021\/06\/o_18278078_1024.jpg","contentUrl":"https:\/\/radioljubuski.ba\/wp-content\/uploads\/2021\/06\/o_18278078_1024.jpg","width":1024,"height":682},{"@type":"BreadcrumbList","@id":"https:\/\/radioljubuski.ba\/index.php\/2021\/06\/20\/snjezana-mehun-otkrila-detalje-vjencanja-s-austrijancem-vjencanica-mi-se-vec-izraduje-na-jelovniku-ce-biti-mediteranski-specijaliteti\/#breadcrumb","itemListElement":[{"@type":"ListItem","position":1,"name":"Po\u010detna stranica","item":"https:\/\/radioljubuski.ba\/"},{"@type":"ListItem","position":2,"name":"Snje\u017eana Mehun otkrila detalje vjen\u010danja s Austrijancem: \u2018Vjen\u010danica mi se ve\u0107 izra\u0111uje, na jelovniku \u0107e biti mediteranski specijaliteti&#8230;\u2018"}]},{"@type":"WebSite","@id":"https:\/\/radioljubuski.ba\/#website","url":"https:\/\/radioljubuski.ba\/","name":"Radio Ljubu\u0161ki","description":"Sun\u010dana frekvencija Hercegovine","publisher":{"@id":"https:\/\/radioljubuski.ba\/#organization"},"potentialAction":[{"@type":"SearchAction","target":{"@type":"EntryPoint","urlTemplate":"https:\/\/radioljubuski.ba\/?s={search_term_string}"},"query-input":{"@type":"PropertyValueSpecification","valueRequired":true,"valueName":"search_term_string"}}],"inLanguage":"hr"},{"@type":"Organization","@id":"https:\/\/radioljubuski.ba\/#organization","name":"Radio Ljubu\u0161ki","url":"https:\/\/radioljubuski.ba\/","logo":{"@type":"ImageObject","inLanguage":"hr","@id":"https:\/\/radioljubuski.ba\/#\/schema\/logo\/image\/","url":"https:\/\/radioljubuski.ba\/wp-content\/uploads\/2021\/02\/cropped-Radio_Ljubuski_logo1.jpg","contentUrl":"https:\/\/radioljubuski.ba\/wp-content\/uploads\/2021\/02\/cropped-Radio_Ljubuski_logo1.jpg","width":512,"height":512,"caption":"Radio Ljubu\u0161ki"},"image":{"@id":"https:\/\/radioljubuski.ba\/#\/schema\/logo\/image\/"},"sameAs":["https:\/\/www.facebook.com\/Radiio-Ljubuski-1490835324566332","https:\/\/x.com\/radioljubuski","https:\/\/hr.linkedin.com\/company\/radio-ljubuski","https:\/\/www.youtube.com\/channel\/UCHYaeO_n0Db3tjNGudGpXyw"]},{"@type":"Person","@id":"https:\/\/radioljubuski.ba\/#\/schema\/person\/19fc700381a780f69665d7956c469e3b","name":"Radio Ljubu\u0161ki"}]}},"_links":{"self":[{"href":"https:\/\/radioljubuski.ba\/index.php\/wp-json\/wp\/v2\/posts\/34170","targetHints":{"allow":["GET"]}}],"collection":[{"href":"https:\/\/radioljubuski.ba\/index.php\/wp-json\/wp\/v2\/posts"}],"about":[{"href":"https:\/\/radioljubuski.ba\/index.php\/wp-json\/wp\/v2\/types\/post"}],"author":[{"embeddable":true,"href":"https:\/\/radioljubuski.ba\/index.php\/wp-json\/wp\/v2\/users\/2"}],"replies":[{"embeddable":true,"href":"https:\/\/radioljubuski.ba\/index.php\/wp-json\/wp\/v2\/comments?post=34170"}],"version-history":[{"count":1,"href":"https:\/\/radioljubuski.ba\/index.php\/wp-json\/wp\/v2\/posts\/34170\/revisions"}],"predecessor-version":[{"id":34172,"href":"https:\/\/radioljubuski.ba\/index.php\/wp-json\/wp\/v2\/posts\/34170\/revisions\/34172"}],"wp:featuredmedia":[{"embeddable":true,"href":"https:\/\/radioljubuski.ba\/index.php\/wp-json\/wp\/v2\/media\/34171"}],"wp:attachment":[{"href":"https:\/\/radioljubuski.ba\/index.php\/wp-json\/wp\/v2\/media?parent=34170"}],"wp:term":[{"taxonomy":"category","embeddable":true,"href":"https:\/\/radioljubuski.ba\/index.php\/wp-json\/wp\/v2\/categories?post=34170"},{"taxonomy":"post_tag","embeddable":true,"href":"https:\/\/radioljubuski.ba\/index.php\/wp-json\/wp\/v2\/tags?post=34170"}],"curies":[{"name":"wp","href":"https:\/\/api.w.org\/{rel}","templated":true}]}}