{"id":34173,"date":"2021-06-20T18:07:50","date_gmt":"2021-06-20T17:07:50","guid":{"rendered":"https:\/\/radioljubuski.ba\/?p=34173"},"modified":"2021-06-20T18:07:52","modified_gmt":"2021-06-20T17:07:52","slug":"veliku-svadbu-poremetile-im-epidemioloske-mjere-mladi-austrijanci-vjencali-se-na-bracnome-putovanju-na-jadranu-uz-pomoc-vlasnice-smjestaja","status":"publish","type":"post","link":"https:\/\/radioljubuski.ba\/index.php\/2021\/06\/20\/veliku-svadbu-poremetile-im-epidemioloske-mjere-mladi-austrijanci-vjencali-se-na-bracnome-putovanju-na-jadranu-uz-pomoc-vlasnice-smjestaja\/","title":{"rendered":"Veliku svadbu poremetile im epidemiolo\u0161ke mjere, mladi Austrijanci vjen\u010dali se na bra\u010dnome putovanju na Jadranu, uz pomo\u0107 vlasnice smje\u0161taja"},"content":{"rendered":"\n<p>Svoje sudbonosno \u201cda\u201d oni su rekli na dra\u0161kim grotama. Austrijski mladi par&nbsp;<strong>Isabell Schober<\/strong>&nbsp;i&nbsp;<strong>Christopher Kiedl<\/strong>&nbsp;ju\u010der su sklopili brak ispod Ville Kleiner u Mo\u0161\u0107eni\u010dkoj Dragi na samom rubu mora.<\/p>\n\n\n\n<p>Iako je njihovo vjen\u010danje i velika svadba planirano u Austriji, pandemija koronavirusa poremetila je planove pa je tako destinacija predvi\u0111ena za bra\u010dno putovanje \u2013 Mo\u0161\u0107eni\u010dka Draga \u2013 postala lokacija ulaska u bra\u010dnu \u201cluku\u201d, pi\u0161e&nbsp;<a href=\"https:\/\/www.novilist.hr\/rijeka-regija\/opatija\/austrijanci-isabell-i-christopher-sudbonosno-da-izrekli-na-draskim-grotama\/?meta_refresh=true\" target=\"_blank\" rel=\"noreferrer noopener\">Novi list<\/a>.<\/p>\n\n\n\n<p>\u2013 U Mo\u0161\u0107eni\u010dku Dragu dolazim ljeti od ranog djetinjstva, a Villa Kleiner mjesto je na koje smo lani, na svoj prvi godi\u0161nji odmor do\u0161li moja djevojka, danas supruga, i ja.<\/p>\n\n\n\n<p>Na\u0161e vjen\u010danje i svadba s ve\u0107im brojem uzvanika trebala je biti odr\u017eana u Austriji. Me\u0111utim, kod nas epidemiolo\u0161ke mjere jo\u0161 ne dozvoljavaju takva okupljanja.<\/p>\n\n\n\n<p>Zato smo odlu\u010dili ovo rezervirano bra\u010dno putovanje iskoristiti da u pratnji roditelja, koji su nam i kumovi, ovdje ka\u017eemo na\u0161e sudbonosno \u201cda\u201d.<\/p>\n\n\n\n<p>Ovo je mjesto za mene jedno od najljep\u0161ih u cijeloj Hrvatskoj pa dvojbe oko odabira lokacije nije bilo \u2013 rekao je Kiedl zahvaliv\u0161i &nbsp; doma\u0107inima Ville Kleiner u kojoj su smje\u0161teni, posebno vlasnici&nbsp;<strong>Nini Kleiner<\/strong>&nbsp;na pomo\u0107i u organizaciji vjen\u010danja.<\/p>\n\n\n\n<p>\u2013 Sve je bilo vrlo jednostavno. Mi smo im predali samo na\u0161e papire, a na\u0161i doma\u0107ini su sve dogovorili s mati\u010dnim uredom i omogu\u0107ili nam da ovaj dan bude savr\u0161en \u2013 rekao je Kiedl.<\/p>\n\n\n\n<p>Nina Kleiner dodala kako posebno \u017eeli zahvaliti lovranskoj mati\u010darki&nbsp;<strong>Zdenki Zorici<\/strong>&nbsp;koja im je iza\u0161la u susret prilikom organizacije ovog \u010dina na dra\u0161kim grotama.<\/p>\n\n\n\n<p>Gosti u apartmanima Ville Kleiner uz pljesak su ispratili mladu dok se spu\u0161tala na obalnu crtu i s terase pratili ovaj emotivni i intimni trenutak okrunjenja ljubavi koji je nekima postao i inspiracija pa su tako dugogodi\u0161nji gosti tog dra\u0161kog turisti\u010dkog kompleksa najavili da \u0107e na istom mjestu proslaviti i svoju 60. godi\u0161njicu braka.<\/p>\n\n\n\n<p><strong>PI\u0160E&nbsp;<\/strong>PSD<\/p>\n","protected":false},"excerpt":{"rendered":"<p>Svoje sudbonosno \u201cda\u201d oni su rekli na dra\u0161kim grotama. Austrijski mladi par&nbsp;Isabell Schober&nbsp;i&nbsp;Christopher Kiedl&nbsp;ju\u010der su sklopili brak ispod Ville Kleiner u Mo\u0161\u0107eni\u010dkoj Dragi na samom rubu mora. Iako je njihovo vjen\u010danje i velika svadba planirano u Austriji, pandemija koronavirusa poremetila je planove pa je tako destinacija predvi\u0111ena za bra\u010dno putovanje \u2013 Mo\u0161\u0107eni\u010dka Draga \u2013 postala [&hellip;]<\/p>\n","protected":false},"author":2,"featured_media":34174,"comment_status":"closed","ping_status":"closed","sticky":false,"template":"","format":"standard","meta":{"h5ap_radio_sources":[],"footnotes":""},"categories":[1],"tags":[],"class_list":["post-34173","post","type-post","status-publish","format-standard","has-post-thumbnail","hentry","category-bihiregija"],"yoast_head":"<!-- This site is optimized with the Yoast SEO plugin v27.5 - https:\/\/yoast.com\/product\/yoast-seo-wordpress\/ -->\n<title>Veliku svadbu poremetile im epidemiolo\u0161ke mjere, mladi Austrijanci vjen\u010dali se na bra\u010dnome putovanju na Jadranu, uz pomo\u0107 vlasnice smje\u0161taja - RADIO LJUBU\u0160KI<\/title>\n<meta name=\"robots\" content=\"index, follow, max-snippet:-1, max-image-preview:large, max-video-preview:-1\" \/>\n<link rel=\"canonical\" href=\"https:\/\/radioljubuski.ba\/index.php\/2021\/06\/20\/veliku-svadbu-poremetile-im-epidemioloske-mjere-mladi-austrijanci-vjencali-se-na-bracnome-putovanju-na-jadranu-uz-pomoc-vlasnice-smjestaja\/\" \/>\n<meta property=\"og:locale\" content=\"hr_HR\" \/>\n<meta property=\"og:type\" content=\"article\" \/>\n<meta property=\"og:title\" content=\"Veliku svadbu poremetile im epidemiolo\u0161ke mjere, mladi Austrijanci vjen\u010dali se na bra\u010dnome putovanju na Jadranu, uz pomo\u0107 vlasnice smje\u0161taja - RADIO LJUBU\u0160KI\" \/>\n<meta property=\"og:description\" content=\"Svoje sudbonosno \u201cda\u201d oni su rekli na dra\u0161kim grotama. Austrijski mladi par&nbsp;Isabell Schober&nbsp;i&nbsp;Christopher Kiedl&nbsp;ju\u010der su sklopili brak ispod Ville Kleiner u Mo\u0161\u0107eni\u010dkoj Dragi na samom rubu mora. Iako je njihovo vjen\u010danje i velika svadba planirano u Austriji, pandemija koronavirusa poremetila je planove pa je tako destinacija predvi\u0111ena za bra\u010dno putovanje \u2013 Mo\u0161\u0107eni\u010dka Draga \u2013 postala [&hellip;]\" \/>\n<meta property=\"og:url\" content=\"https:\/\/radioljubuski.ba\/index.php\/2021\/06\/20\/veliku-svadbu-poremetile-im-epidemioloske-mjere-mladi-austrijanci-vjencali-se-na-bracnome-putovanju-na-jadranu-uz-pomoc-vlasnice-smjestaja\/\" \/>\n<meta property=\"og:site_name\" content=\"RADIO LJUBU\u0160KI\" \/>\n<meta property=\"article:publisher\" content=\"https:\/\/www.facebook.com\/Radiio-Ljubuski-1490835324566332\" \/>\n<meta property=\"article:published_time\" content=\"2021-06-20T17:07:50+00:00\" \/>\n<meta property=\"article:modified_time\" content=\"2021-06-20T17:07:52+00:00\" \/>\n<meta property=\"og:image\" content=\"https:\/\/radioljubuski.ba\/wp-content\/uploads\/2021\/06\/o_18277738_1024.jpg\" \/>\n\t<meta property=\"og:image:width\" content=\"1024\" \/>\n\t<meta property=\"og:image:height\" content=\"682\" \/>\n\t<meta property=\"og:image:type\" content=\"image\/jpeg\" \/>\n<meta name=\"author\" content=\"Radio Ljubu\u0161ki\" \/>\n<meta name=\"twitter:card\" content=\"summary_large_image\" \/>\n<meta name=\"twitter:creator\" content=\"@radioljubuski\" \/>\n<meta name=\"twitter:site\" content=\"@radioljubuski\" \/>\n<meta name=\"twitter:label1\" content=\"Napisao\/la\" \/>\n\t<meta name=\"twitter:data1\" content=\"Radio Ljubu\u0161ki\" \/>\n\t<meta name=\"twitter:label2\" content=\"Procijenjeno vrijeme \u010ditanja\" \/>\n\t<meta name=\"twitter:data2\" content=\"2 minute\" \/>\n<script type=\"application\/ld+json\" class=\"yoast-schema-graph\">{\"@context\":\"https:\\\/\\\/schema.org\",\"@graph\":[{\"@type\":\"Article\",\"@id\":\"https:\\\/\\\/radioljubuski.ba\\\/index.php\\\/2021\\\/06\\\/20\\\/veliku-svadbu-poremetile-im-epidemioloske-mjere-mladi-austrijanci-vjencali-se-na-bracnome-putovanju-na-jadranu-uz-pomoc-vlasnice-smjestaja\\\/#article\",\"isPartOf\":{\"@id\":\"https:\\\/\\\/radioljubuski.ba\\\/index.php\\\/2021\\\/06\\\/20\\\/veliku-svadbu-poremetile-im-epidemioloske-mjere-mladi-austrijanci-vjencali-se-na-bracnome-putovanju-na-jadranu-uz-pomoc-vlasnice-smjestaja\\\/\"},\"author\":{\"name\":\"Radio Ljubu\u0161ki\",\"@id\":\"https:\\\/\\\/radioljubuski.ba\\\/#\\\/schema\\\/person\\\/19fc700381a780f69665d7956c469e3b\"},\"headline\":\"Veliku svadbu poremetile im epidemiolo\u0161ke mjere, mladi Austrijanci vjen\u010dali se na bra\u010dnome putovanju na Jadranu, uz pomo\u0107 vlasnice smje\u0161taja\",\"datePublished\":\"2021-06-20T17:07:50+00:00\",\"dateModified\":\"2021-06-20T17:07:52+00:00\",\"mainEntityOfPage\":{\"@id\":\"https:\\\/\\\/radioljubuski.ba\\\/index.php\\\/2021\\\/06\\\/20\\\/veliku-svadbu-poremetile-im-epidemioloske-mjere-mladi-austrijanci-vjencali-se-na-bracnome-putovanju-na-jadranu-uz-pomoc-vlasnice-smjestaja\\\/\"},\"wordCount\":369,\"publisher\":{\"@id\":\"https:\\\/\\\/radioljubuski.ba\\\/#organization\"},\"image\":{\"@id\":\"https:\\\/\\\/radioljubuski.ba\\\/index.php\\\/2021\\\/06\\\/20\\\/veliku-svadbu-poremetile-im-epidemioloske-mjere-mladi-austrijanci-vjencali-se-na-bracnome-putovanju-na-jadranu-uz-pomoc-vlasnice-smjestaja\\\/#primaryimage\"},\"thumbnailUrl\":\"https:\\\/\\\/radioljubuski.ba\\\/wp-content\\\/uploads\\\/2021\\\/06\\\/o_18277738_1024.jpg\",\"articleSection\":[\"BIH i regija\"],\"inLanguage\":\"hr\"},{\"@type\":\"WebPage\",\"@id\":\"https:\\\/\\\/radioljubuski.ba\\\/index.php\\\/2021\\\/06\\\/20\\\/veliku-svadbu-poremetile-im-epidemioloske-mjere-mladi-austrijanci-vjencali-se-na-bracnome-putovanju-na-jadranu-uz-pomoc-vlasnice-smjestaja\\\/\",\"url\":\"https:\\\/\\\/radioljubuski.ba\\\/index.php\\\/2021\\\/06\\\/20\\\/veliku-svadbu-poremetile-im-epidemioloske-mjere-mladi-austrijanci-vjencali-se-na-bracnome-putovanju-na-jadranu-uz-pomoc-vlasnice-smjestaja\\\/\",\"name\":\"Veliku svadbu poremetile im epidemiolo\u0161ke mjere, mladi Austrijanci vjen\u010dali se na bra\u010dnome putovanju na Jadranu, uz pomo\u0107 vlasnice smje\u0161taja - RADIO LJUBU\u0160KI\",\"isPartOf\":{\"@id\":\"https:\\\/\\\/radioljubuski.ba\\\/#website\"},\"primaryImageOfPage\":{\"@id\":\"https:\\\/\\\/radioljubuski.ba\\\/index.php\\\/2021\\\/06\\\/20\\\/veliku-svadbu-poremetile-im-epidemioloske-mjere-mladi-austrijanci-vjencali-se-na-bracnome-putovanju-na-jadranu-uz-pomoc-vlasnice-smjestaja\\\/#primaryimage\"},\"image\":{\"@id\":\"https:\\\/\\\/radioljubuski.ba\\\/index.php\\\/2021\\\/06\\\/20\\\/veliku-svadbu-poremetile-im-epidemioloske-mjere-mladi-austrijanci-vjencali-se-na-bracnome-putovanju-na-jadranu-uz-pomoc-vlasnice-smjestaja\\\/#primaryimage\"},\"thumbnailUrl\":\"https:\\\/\\\/radioljubuski.ba\\\/wp-content\\\/uploads\\\/2021\\\/06\\\/o_18277738_1024.jpg\",\"datePublished\":\"2021-06-20T17:07:50+00:00\",\"dateModified\":\"2021-06-20T17:07:52+00:00\",\"breadcrumb\":{\"@id\":\"https:\\\/\\\/radioljubuski.ba\\\/index.php\\\/2021\\\/06\\\/20\\\/veliku-svadbu-poremetile-im-epidemioloske-mjere-mladi-austrijanci-vjencali-se-na-bracnome-putovanju-na-jadranu-uz-pomoc-vlasnice-smjestaja\\\/#breadcrumb\"},\"inLanguage\":\"hr\",\"potentialAction\":[{\"@type\":\"ReadAction\",\"target\":[\"https:\\\/\\\/radioljubuski.ba\\\/index.php\\\/2021\\\/06\\\/20\\\/veliku-svadbu-poremetile-im-epidemioloske-mjere-mladi-austrijanci-vjencali-se-na-bracnome-putovanju-na-jadranu-uz-pomoc-vlasnice-smjestaja\\\/\"]}]},{\"@type\":\"ImageObject\",\"inLanguage\":\"hr\",\"@id\":\"https:\\\/\\\/radioljubuski.ba\\\/index.php\\\/2021\\\/06\\\/20\\\/veliku-svadbu-poremetile-im-epidemioloske-mjere-mladi-austrijanci-vjencali-se-na-bracnome-putovanju-na-jadranu-uz-pomoc-vlasnice-smjestaja\\\/#primaryimage\",\"url\":\"https:\\\/\\\/radioljubuski.ba\\\/wp-content\\\/uploads\\\/2021\\\/06\\\/o_18277738_1024.jpg\",\"contentUrl\":\"https:\\\/\\\/radioljubuski.ba\\\/wp-content\\\/uploads\\\/2021\\\/06\\\/o_18277738_1024.jpg\",\"width\":1024,\"height\":682},{\"@type\":\"BreadcrumbList\",\"@id\":\"https:\\\/\\\/radioljubuski.ba\\\/index.php\\\/2021\\\/06\\\/20\\\/veliku-svadbu-poremetile-im-epidemioloske-mjere-mladi-austrijanci-vjencali-se-na-bracnome-putovanju-na-jadranu-uz-pomoc-vlasnice-smjestaja\\\/#breadcrumb\",\"itemListElement\":[{\"@type\":\"ListItem\",\"position\":1,\"name\":\"Po\u010detna stranica\",\"item\":\"https:\\\/\\\/radioljubuski.ba\\\/\"},{\"@type\":\"ListItem\",\"position\":2,\"name\":\"Veliku svadbu poremetile im epidemiolo\u0161ke mjere, mladi Austrijanci vjen\u010dali se na bra\u010dnome putovanju na Jadranu, uz pomo\u0107 vlasnice smje\u0161taja\"}]},{\"@type\":\"WebSite\",\"@id\":\"https:\\\/\\\/radioljubuski.ba\\\/#website\",\"url\":\"https:\\\/\\\/radioljubuski.ba\\\/\",\"name\":\"Radio Ljubu\u0161ki\",\"description\":\"Sun\u010dana frekvencija Hercegovine\",\"publisher\":{\"@id\":\"https:\\\/\\\/radioljubuski.ba\\\/#organization\"},\"potentialAction\":[{\"@type\":\"SearchAction\",\"target\":{\"@type\":\"EntryPoint\",\"urlTemplate\":\"https:\\\/\\\/radioljubuski.ba\\\/?s={search_term_string}\"},\"query-input\":{\"@type\":\"PropertyValueSpecification\",\"valueRequired\":true,\"valueName\":\"search_term_string\"}}],\"inLanguage\":\"hr\"},{\"@type\":\"Organization\",\"@id\":\"https:\\\/\\\/radioljubuski.ba\\\/#organization\",\"name\":\"Radio Ljubu\u0161ki\",\"url\":\"https:\\\/\\\/radioljubuski.ba\\\/\",\"logo\":{\"@type\":\"ImageObject\",\"inLanguage\":\"hr\",\"@id\":\"https:\\\/\\\/radioljubuski.ba\\\/#\\\/schema\\\/logo\\\/image\\\/\",\"url\":\"https:\\\/\\\/radioljubuski.ba\\\/wp-content\\\/uploads\\\/2021\\\/02\\\/cropped-Radio_Ljubuski_logo1.jpg\",\"contentUrl\":\"https:\\\/\\\/radioljubuski.ba\\\/wp-content\\\/uploads\\\/2021\\\/02\\\/cropped-Radio_Ljubuski_logo1.jpg\",\"width\":512,\"height\":512,\"caption\":\"Radio Ljubu\u0161ki\"},\"image\":{\"@id\":\"https:\\\/\\\/radioljubuski.ba\\\/#\\\/schema\\\/logo\\\/image\\\/\"},\"sameAs\":[\"https:\\\/\\\/www.facebook.com\\\/Radiio-Ljubuski-1490835324566332\",\"https:\\\/\\\/x.com\\\/radioljubuski\",\"https:\\\/\\\/hr.linkedin.com\\\/company\\\/radio-ljubuski\",\"https:\\\/\\\/www.youtube.com\\\/channel\\\/UCHYaeO_n0Db3tjNGudGpXyw\"]},{\"@type\":\"Person\",\"@id\":\"https:\\\/\\\/radioljubuski.ba\\\/#\\\/schema\\\/person\\\/19fc700381a780f69665d7956c469e3b\",\"name\":\"Radio Ljubu\u0161ki\"}]}<\/script>\n<!-- \/ Yoast SEO plugin. -->","yoast_head_json":{"title":"Veliku svadbu poremetile im epidemiolo\u0161ke mjere, mladi Austrijanci vjen\u010dali se na bra\u010dnome putovanju na Jadranu, uz pomo\u0107 vlasnice smje\u0161taja - RADIO LJUBU\u0160KI","robots":{"index":"index","follow":"follow","max-snippet":"max-snippet:-1","max-image-preview":"max-image-preview:large","max-video-preview":"max-video-preview:-1"},"canonical":"https:\/\/radioljubuski.ba\/index.php\/2021\/06\/20\/veliku-svadbu-poremetile-im-epidemioloske-mjere-mladi-austrijanci-vjencali-se-na-bracnome-putovanju-na-jadranu-uz-pomoc-vlasnice-smjestaja\/","og_locale":"hr_HR","og_type":"article","og_title":"Veliku svadbu poremetile im epidemiolo\u0161ke mjere, mladi Austrijanci vjen\u010dali se na bra\u010dnome putovanju na Jadranu, uz pomo\u0107 vlasnice smje\u0161taja - RADIO LJUBU\u0160KI","og_description":"Svoje sudbonosno \u201cda\u201d oni su rekli na dra\u0161kim grotama. Austrijski mladi par&nbsp;Isabell Schober&nbsp;i&nbsp;Christopher Kiedl&nbsp;ju\u010der su sklopili brak ispod Ville Kleiner u Mo\u0161\u0107eni\u010dkoj Dragi na samom rubu mora. Iako je njihovo vjen\u010danje i velika svadba planirano u Austriji, pandemija koronavirusa poremetila je planove pa je tako destinacija predvi\u0111ena za bra\u010dno putovanje \u2013 Mo\u0161\u0107eni\u010dka Draga \u2013 postala [&hellip;]","og_url":"https:\/\/radioljubuski.ba\/index.php\/2021\/06\/20\/veliku-svadbu-poremetile-im-epidemioloske-mjere-mladi-austrijanci-vjencali-se-na-bracnome-putovanju-na-jadranu-uz-pomoc-vlasnice-smjestaja\/","og_site_name":"RADIO LJUBU\u0160KI","article_publisher":"https:\/\/www.facebook.com\/Radiio-Ljubuski-1490835324566332","article_published_time":"2021-06-20T17:07:50+00:00","article_modified_time":"2021-06-20T17:07:52+00:00","og_image":[{"width":1024,"height":682,"url":"https:\/\/radioljubuski.ba\/wp-content\/uploads\/2021\/06\/o_18277738_1024.jpg","type":"image\/jpeg"}],"author":"Radio Ljubu\u0161ki","twitter_card":"summary_large_image","twitter_creator":"@radioljubuski","twitter_site":"@radioljubuski","twitter_misc":{"Napisao\/la":"Radio Ljubu\u0161ki","Procijenjeno vrijeme \u010ditanja":"2 minute"},"schema":{"@context":"https:\/\/schema.org","@graph":[{"@type":"Article","@id":"https:\/\/radioljubuski.ba\/index.php\/2021\/06\/20\/veliku-svadbu-poremetile-im-epidemioloske-mjere-mladi-austrijanci-vjencali-se-na-bracnome-putovanju-na-jadranu-uz-pomoc-vlasnice-smjestaja\/#article","isPartOf":{"@id":"https:\/\/radioljubuski.ba\/index.php\/2021\/06\/20\/veliku-svadbu-poremetile-im-epidemioloske-mjere-mladi-austrijanci-vjencali-se-na-bracnome-putovanju-na-jadranu-uz-pomoc-vlasnice-smjestaja\/"},"author":{"name":"Radio Ljubu\u0161ki","@id":"https:\/\/radioljubuski.ba\/#\/schema\/person\/19fc700381a780f69665d7956c469e3b"},"headline":"Veliku svadbu poremetile im epidemiolo\u0161ke mjere, mladi Austrijanci vjen\u010dali se na bra\u010dnome putovanju na Jadranu, uz pomo\u0107 vlasnice smje\u0161taja","datePublished":"2021-06-20T17:07:50+00:00","dateModified":"2021-06-20T17:07:52+00:00","mainEntityOfPage":{"@id":"https:\/\/radioljubuski.ba\/index.php\/2021\/06\/20\/veliku-svadbu-poremetile-im-epidemioloske-mjere-mladi-austrijanci-vjencali-se-na-bracnome-putovanju-na-jadranu-uz-pomoc-vlasnice-smjestaja\/"},"wordCount":369,"publisher":{"@id":"https:\/\/radioljubuski.ba\/#organization"},"image":{"@id":"https:\/\/radioljubuski.ba\/index.php\/2021\/06\/20\/veliku-svadbu-poremetile-im-epidemioloske-mjere-mladi-austrijanci-vjencali-se-na-bracnome-putovanju-na-jadranu-uz-pomoc-vlasnice-smjestaja\/#primaryimage"},"thumbnailUrl":"https:\/\/radioljubuski.ba\/wp-content\/uploads\/2021\/06\/o_18277738_1024.jpg","articleSection":["BIH i regija"],"inLanguage":"hr"},{"@type":"WebPage","@id":"https:\/\/radioljubuski.ba\/index.php\/2021\/06\/20\/veliku-svadbu-poremetile-im-epidemioloske-mjere-mladi-austrijanci-vjencali-se-na-bracnome-putovanju-na-jadranu-uz-pomoc-vlasnice-smjestaja\/","url":"https:\/\/radioljubuski.ba\/index.php\/2021\/06\/20\/veliku-svadbu-poremetile-im-epidemioloske-mjere-mladi-austrijanci-vjencali-se-na-bracnome-putovanju-na-jadranu-uz-pomoc-vlasnice-smjestaja\/","name":"Veliku svadbu poremetile im epidemiolo\u0161ke mjere, mladi Austrijanci vjen\u010dali se na bra\u010dnome putovanju na Jadranu, uz pomo\u0107 vlasnice smje\u0161taja - RADIO LJUBU\u0160KI","isPartOf":{"@id":"https:\/\/radioljubuski.ba\/#website"},"primaryImageOfPage":{"@id":"https:\/\/radioljubuski.ba\/index.php\/2021\/06\/20\/veliku-svadbu-poremetile-im-epidemioloske-mjere-mladi-austrijanci-vjencali-se-na-bracnome-putovanju-na-jadranu-uz-pomoc-vlasnice-smjestaja\/#primaryimage"},"image":{"@id":"https:\/\/radioljubuski.ba\/index.php\/2021\/06\/20\/veliku-svadbu-poremetile-im-epidemioloske-mjere-mladi-austrijanci-vjencali-se-na-bracnome-putovanju-na-jadranu-uz-pomoc-vlasnice-smjestaja\/#primaryimage"},"thumbnailUrl":"https:\/\/radioljubuski.ba\/wp-content\/uploads\/2021\/06\/o_18277738_1024.jpg","datePublished":"2021-06-20T17:07:50+00:00","dateModified":"2021-06-20T17:07:52+00:00","breadcrumb":{"@id":"https:\/\/radioljubuski.ba\/index.php\/2021\/06\/20\/veliku-svadbu-poremetile-im-epidemioloske-mjere-mladi-austrijanci-vjencali-se-na-bracnome-putovanju-na-jadranu-uz-pomoc-vlasnice-smjestaja\/#breadcrumb"},"inLanguage":"hr","potentialAction":[{"@type":"ReadAction","target":["https:\/\/radioljubuski.ba\/index.php\/2021\/06\/20\/veliku-svadbu-poremetile-im-epidemioloske-mjere-mladi-austrijanci-vjencali-se-na-bracnome-putovanju-na-jadranu-uz-pomoc-vlasnice-smjestaja\/"]}]},{"@type":"ImageObject","inLanguage":"hr","@id":"https:\/\/radioljubuski.ba\/index.php\/2021\/06\/20\/veliku-svadbu-poremetile-im-epidemioloske-mjere-mladi-austrijanci-vjencali-se-na-bracnome-putovanju-na-jadranu-uz-pomoc-vlasnice-smjestaja\/#primaryimage","url":"https:\/\/radioljubuski.ba\/wp-content\/uploads\/2021\/06\/o_18277738_1024.jpg","contentUrl":"https:\/\/radioljubuski.ba\/wp-content\/uploads\/2021\/06\/o_18277738_1024.jpg","width":1024,"height":682},{"@type":"BreadcrumbList","@id":"https:\/\/radioljubuski.ba\/index.php\/2021\/06\/20\/veliku-svadbu-poremetile-im-epidemioloske-mjere-mladi-austrijanci-vjencali-se-na-bracnome-putovanju-na-jadranu-uz-pomoc-vlasnice-smjestaja\/#breadcrumb","itemListElement":[{"@type":"ListItem","position":1,"name":"Po\u010detna stranica","item":"https:\/\/radioljubuski.ba\/"},{"@type":"ListItem","position":2,"name":"Veliku svadbu poremetile im epidemiolo\u0161ke mjere, mladi Austrijanci vjen\u010dali se na bra\u010dnome putovanju na Jadranu, uz pomo\u0107 vlasnice smje\u0161taja"}]},{"@type":"WebSite","@id":"https:\/\/radioljubuski.ba\/#website","url":"https:\/\/radioljubuski.ba\/","name":"Radio Ljubu\u0161ki","description":"Sun\u010dana frekvencija Hercegovine","publisher":{"@id":"https:\/\/radioljubuski.ba\/#organization"},"potentialAction":[{"@type":"SearchAction","target":{"@type":"EntryPoint","urlTemplate":"https:\/\/radioljubuski.ba\/?s={search_term_string}"},"query-input":{"@type":"PropertyValueSpecification","valueRequired":true,"valueName":"search_term_string"}}],"inLanguage":"hr"},{"@type":"Organization","@id":"https:\/\/radioljubuski.ba\/#organization","name":"Radio Ljubu\u0161ki","url":"https:\/\/radioljubuski.ba\/","logo":{"@type":"ImageObject","inLanguage":"hr","@id":"https:\/\/radioljubuski.ba\/#\/schema\/logo\/image\/","url":"https:\/\/radioljubuski.ba\/wp-content\/uploads\/2021\/02\/cropped-Radio_Ljubuski_logo1.jpg","contentUrl":"https:\/\/radioljubuski.ba\/wp-content\/uploads\/2021\/02\/cropped-Radio_Ljubuski_logo1.jpg","width":512,"height":512,"caption":"Radio Ljubu\u0161ki"},"image":{"@id":"https:\/\/radioljubuski.ba\/#\/schema\/logo\/image\/"},"sameAs":["https:\/\/www.facebook.com\/Radiio-Ljubuski-1490835324566332","https:\/\/x.com\/radioljubuski","https:\/\/hr.linkedin.com\/company\/radio-ljubuski","https:\/\/www.youtube.com\/channel\/UCHYaeO_n0Db3tjNGudGpXyw"]},{"@type":"Person","@id":"https:\/\/radioljubuski.ba\/#\/schema\/person\/19fc700381a780f69665d7956c469e3b","name":"Radio Ljubu\u0161ki"}]}},"_links":{"self":[{"href":"https:\/\/radioljubuski.ba\/index.php\/wp-json\/wp\/v2\/posts\/34173","targetHints":{"allow":["GET"]}}],"collection":[{"href":"https:\/\/radioljubuski.ba\/index.php\/wp-json\/wp\/v2\/posts"}],"about":[{"href":"https:\/\/radioljubuski.ba\/index.php\/wp-json\/wp\/v2\/types\/post"}],"author":[{"embeddable":true,"href":"https:\/\/radioljubuski.ba\/index.php\/wp-json\/wp\/v2\/users\/2"}],"replies":[{"embeddable":true,"href":"https:\/\/radioljubuski.ba\/index.php\/wp-json\/wp\/v2\/comments?post=34173"}],"version-history":[{"count":1,"href":"https:\/\/radioljubuski.ba\/index.php\/wp-json\/wp\/v2\/posts\/34173\/revisions"}],"predecessor-version":[{"id":34175,"href":"https:\/\/radioljubuski.ba\/index.php\/wp-json\/wp\/v2\/posts\/34173\/revisions\/34175"}],"wp:featuredmedia":[{"embeddable":true,"href":"https:\/\/radioljubuski.ba\/index.php\/wp-json\/wp\/v2\/media\/34174"}],"wp:attachment":[{"href":"https:\/\/radioljubuski.ba\/index.php\/wp-json\/wp\/v2\/media?parent=34173"}],"wp:term":[{"taxonomy":"category","embeddable":true,"href":"https:\/\/radioljubuski.ba\/index.php\/wp-json\/wp\/v2\/categories?post=34173"},{"taxonomy":"post_tag","embeddable":true,"href":"https:\/\/radioljubuski.ba\/index.php\/wp-json\/wp\/v2\/tags?post=34173"}],"curies":[{"name":"wp","href":"https:\/\/api.w.org\/{rel}","templated":true}]}}