{"id":34193,"date":"2021-06-20T19:58:20","date_gmt":"2021-06-20T18:58:20","guid":{"rendered":"https:\/\/radioljubuski.ba\/?p=34193"},"modified":"2021-06-20T19:58:21","modified_gmt":"2021-06-20T18:58:21","slug":"europa-se-otvara-u-rusiji-rekordne-brojke-japan-popusta-mjere-u-brazilu-treci-val","status":"publish","type":"post","link":"https:\/\/radioljubuski.ba\/index.php\/2021\/06\/20\/europa-se-otvara-u-rusiji-rekordne-brojke-japan-popusta-mjere-u-brazilu-treci-val\/","title":{"rendered":"Europa se otvara, u Rusiji rekordne brojke. Japan popu\u0161ta mjere, u Brazilu tre\u0107i val"},"content":{"rendered":"\n<p>Kina je utro\u0161ila milijardu doza cjepiva i gotovo se rije\u0161ila covida-19, za razliku od Brazila s vi\u0161e od pola milijuna mrtvih, prenose agencije u nedjelju kada Japan ukida izvanredno stanje mjesec dana do po\u010detka Olimpijskih igara, a Francuska nakon osam mjeseci ukida policijski sat.<\/p>\n\n\n\n<p>U svijetu je, prema podacima na portalu Worldometer, koronavirusom zara\u017eeno vi\u0161e do 179 milijuna ljudi, a umrlo je vi\u0161e od 3.87 milijuna.<\/p>\n\n\n\n<p>Zahvaljuju\u0107i pobolj\u0161anju zdravstvenog stanja, neke zemlje, pa tako Francuska i Japan, u nedjelju su po\u010dele ubla\u017eavati epidemiolo\u0161ke mjere, ali je u Rusiji ponovno \u0161irenje epidemije prouzro\u010deno delta ina\u010dicom virusa nagnalo vlasti na poo\u0161travanje mjera.<\/p>\n\n\n\n<p>Kina je dosad utro\u0161ila vi\u0161e od milijardu doza cjepiva za covid, priop\u0107ilo je u nedjelju ministarstvo zdravstva, ne navode\u0107i postotak stanovni\u0161tva koji je primio obje doze.<\/p>\n\n\n\n<p>To je vi\u0161e od tre\u0107ine broja doza utro\u0161enih u svijetu, ili 2.5 milijardi, pokazuju podaci agencije France Pressea.<\/p>\n\n\n\n<p>U nedjelju su u toj velikoj azijskoj zemlji bila tek 23 novozara\u017eena od 1.4 milijarde stanovnika. Svi novozara\u017eeni doputovali su iz inozemstva.<\/p>\n\n\n\n<p>Tre\u0107i val<br>Takva situacija sna\u017eno odudara od one u Brazilu, gdje nedavni porast broja umrlih na dan potvr\u0111uje dolazak tre\u0107eg vala.<\/p>\n\n\n\n<p>Brazil, koji ima 212 milijuna ljudi, druga je dr\u017eava na svijetu koja je imala vi\u0161e od pola milijuna smrtnih slu\u010dajeva od koronavirusa.<\/p>\n\n\n\n<p>Najve\u0107a zemlja Latinske Amerike prijavila je 500.800 smrtnih slu\u010dajeva povezanih s koronavirusom, iza Sjedinjenih Dr\u017eava gdje su umrle gotovo 602.000 ljudi.<\/p>\n\n\n\n<p>U Brazilu je zara\u017eeno vi\u0161e od 17.8 milijuna ljudi, a trenutno se svakodnevno bilje\u017ei oko 80.000 novih slu\u010dajeva.<\/p>\n\n\n\n<p>Oko 30 posto Brazilaca dosad je primilo prvu dozu cjepiva, a oko 11 posto potpuno je cijepljeno.<\/p>\n\n\n\n<p>Zahvaljuju\u0107i pobolj\u0161anju zdravstvenog stanja, Francuska u nedjelju ukida policijski sat koji je bio na snazi proteklih osam mjeseci. Francuska, koja je s vi\u0161e od 110.000 umrlih me\u0111u zemljama najte\u017ee pogo\u0111enim virusom, me\u0111u posljednjima je, uz Italiju i Gr\u010dku, koje su zadr\u017eale takvu mjeru.<\/p>\n\n\n\n<p>Druge europske zemlje, pa tako Njema\u010dka i \u0160panjolska, po\u010dinju postupno ukidati no\u0161enje maske.<\/p>\n\n\n\n<p>Japan ubla\u017eava ograni\u010denja<br>Restrikcije se ubla\u017eavaju i u Japanu, mjesec dana prije Olimpijskih igara (od 23. srpnja do 8. kolovoza): izvanredno stanje ukinuto je u nedjelju, kao \u0161to je bilo planirano, u Tokiju i u jo\u0161 osam departmana, ali se restrikcije produljuju i mogle bi smanjiti broj posjetitelja OI-ja iz Japana.<\/p>\n\n\n\n<p>Barovi i restorani opet \u0107e mo\u0107i poslu\u017eivati alkohol do 19.00 sati, ali i dalje ne smiju raditi dulje od 20.00 sati.<\/p>\n\n\n\n<p>Ubla\u017eene restrikcije \u0107e omogu\u0107iti odr\u017eavanje \u0161portskih doga\u0111aja i koncerata s gledateljima, ali s 50 posto kapaciteta po objektu, uz najvi\u0161e 10.000 posjetitelja.<\/p>\n\n\n\n<p>Ipak, ukinuto je \u0161est &#8220;fan zona&#8221; iz kojih su navija\u010di trebali pratiti olimpijska natjecanja u Tokiju na velikim zaslonima.<\/p>\n\n\n\n<p>Pripremaju\u0107i se za otvorenje igara u Tokiju za mjesec dana, organizatori su u nedjelju za glasila otvorili vrata Olimpijskog sela, otkriv\u0161i &#8220;kliniku za povi\u0161enu temperaturu&#8221; gdje \u0107e se pregledavati i izolirati svi za koje se sumnja da su zara\u017eeni virusom.<\/p>\n\n\n\n<p>Rusija<br>U Moskvi pak vlada oprez zbog \u0161irenja takozvane delta ina\u010dice virusa. Ruski glavni grad prijavio je u nedjelju 8305 zara\u017eenih u 24 sata, \u0161to je ne\u0161to manje nakon rekordnih 9056 u petak i 9120 u subotu.<\/p>\n\n\n\n<p>U Sankt Peterburgu je broj novozara\u017eenih prema\u0161io 1000 u protekla 24 sata, prvi put od kraja velja\u010de.<\/p>\n\n\n\n<p>Taj novi val covida-19 je, ka\u017eu ruske vlasti, posljedica delta varijante virusa koja se pojavila u Indiji i prijeti da \u0107e preopteretiti moskovske bolnice.<\/p>\n\n\n\n<p>Moskva i okolica prvi su u Rusiji ovog tjedna uveli obvezno cijepljenje za zaposlenike u sektoru usluga. Zaposlenici koji odbijaju cjepivo na podru\u010djima na kojima je ono obvezno, mogu biti poslani na nepla\u0107en dopust, rekao je ruski ministar rada Anton Kotjakov za ruska glasila.<\/p>\n\n\n\n<p>Izvor.pogled.ba<\/p>\n","protected":false},"excerpt":{"rendered":"<p>Kina je utro\u0161ila milijardu doza cjepiva i gotovo se rije\u0161ila covida-19, za razliku od Brazila s vi\u0161e od pola milijuna mrtvih, prenose agencije u nedjelju kada Japan ukida izvanredno stanje mjesec dana do po\u010detka Olimpijskih igara, a Francuska nakon osam mjeseci ukida policijski sat. U svijetu je, prema podacima na portalu Worldometer, koronavirusom zara\u017eeno vi\u0161e [&hellip;]<\/p>\n","protected":false},"author":2,"featured_media":34194,"comment_status":"closed","ping_status":"closed","sticky":false,"template":"","format":"standard","meta":{"h5ap_radio_sources":[],"footnotes":""},"categories":[1],"tags":[],"class_list":["post-34193","post","type-post","status-publish","format-standard","has-post-thumbnail","hentry","category-bihiregija"],"yoast_head":"<!-- This site is optimized with the Yoast SEO plugin v27.5 - https:\/\/yoast.com\/product\/yoast-seo-wordpress\/ -->\n<title>Europa se otvara, u Rusiji rekordne brojke. Japan popu\u0161ta mjere, u Brazilu tre\u0107i val - RADIO LJUBU\u0160KI<\/title>\n<meta name=\"robots\" content=\"index, follow, max-snippet:-1, max-image-preview:large, max-video-preview:-1\" \/>\n<link rel=\"canonical\" href=\"https:\/\/radioljubuski.ba\/index.php\/2021\/06\/20\/europa-se-otvara-u-rusiji-rekordne-brojke-japan-popusta-mjere-u-brazilu-treci-val\/\" \/>\n<meta property=\"og:locale\" content=\"hr_HR\" \/>\n<meta property=\"og:type\" content=\"article\" \/>\n<meta property=\"og:title\" content=\"Europa se otvara, u Rusiji rekordne brojke. Japan popu\u0161ta mjere, u Brazilu tre\u0107i val - RADIO LJUBU\u0160KI\" \/>\n<meta property=\"og:description\" content=\"Kina je utro\u0161ila milijardu doza cjepiva i gotovo se rije\u0161ila covida-19, za razliku od Brazila s vi\u0161e od pola milijuna mrtvih, prenose agencije u nedjelju kada Japan ukida izvanredno stanje mjesec dana do po\u010detka Olimpijskih igara, a Francuska nakon osam mjeseci ukida policijski sat. U svijetu je, prema podacima na portalu Worldometer, koronavirusom zara\u017eeno vi\u0161e [&hellip;]\" \/>\n<meta property=\"og:url\" content=\"https:\/\/radioljubuski.ba\/index.php\/2021\/06\/20\/europa-se-otvara-u-rusiji-rekordne-brojke-japan-popusta-mjere-u-brazilu-treci-val\/\" \/>\n<meta property=\"og:site_name\" content=\"RADIO LJUBU\u0160KI\" \/>\n<meta property=\"article:publisher\" content=\"https:\/\/www.facebook.com\/Radiio-Ljubuski-1490835324566332\" \/>\n<meta property=\"article:published_time\" content=\"2021-06-20T18:58:20+00:00\" \/>\n<meta property=\"article:modified_time\" content=\"2021-06-20T18:58:21+00:00\" \/>\n<meta property=\"og:image\" content=\"https:\/\/radioljubuski.ba\/wp-content\/uploads\/2021\/06\/9-2021-06-20-17-52-26-pp.jpg\" \/>\n\t<meta property=\"og:image:width\" content=\"1000\" \/>\n\t<meta property=\"og:image:height\" content=\"625\" \/>\n\t<meta property=\"og:image:type\" content=\"image\/jpeg\" \/>\n<meta name=\"author\" content=\"Radio Ljubu\u0161ki\" \/>\n<meta name=\"twitter:card\" content=\"summary_large_image\" \/>\n<meta name=\"twitter:creator\" content=\"@radioljubuski\" \/>\n<meta name=\"twitter:site\" content=\"@radioljubuski\" \/>\n<meta name=\"twitter:label1\" content=\"Napisao\/la\" \/>\n\t<meta name=\"twitter:data1\" content=\"Radio Ljubu\u0161ki\" \/>\n\t<meta name=\"twitter:label2\" content=\"Procijenjeno vrijeme \u010ditanja\" \/>\n\t<meta name=\"twitter:data2\" content=\"3 minute\" \/>\n<script type=\"application\/ld+json\" class=\"yoast-schema-graph\">{\"@context\":\"https:\\\/\\\/schema.org\",\"@graph\":[{\"@type\":\"Article\",\"@id\":\"https:\\\/\\\/radioljubuski.ba\\\/index.php\\\/2021\\\/06\\\/20\\\/europa-se-otvara-u-rusiji-rekordne-brojke-japan-popusta-mjere-u-brazilu-treci-val\\\/#article\",\"isPartOf\":{\"@id\":\"https:\\\/\\\/radioljubuski.ba\\\/index.php\\\/2021\\\/06\\\/20\\\/europa-se-otvara-u-rusiji-rekordne-brojke-japan-popusta-mjere-u-brazilu-treci-val\\\/\"},\"author\":{\"name\":\"Radio Ljubu\u0161ki\",\"@id\":\"https:\\\/\\\/radioljubuski.ba\\\/#\\\/schema\\\/person\\\/19fc700381a780f69665d7956c469e3b\"},\"headline\":\"Europa se otvara, u Rusiji rekordne brojke. Japan popu\u0161ta mjere, u Brazilu tre\u0107i val\",\"datePublished\":\"2021-06-20T18:58:20+00:00\",\"dateModified\":\"2021-06-20T18:58:21+00:00\",\"mainEntityOfPage\":{\"@id\":\"https:\\\/\\\/radioljubuski.ba\\\/index.php\\\/2021\\\/06\\\/20\\\/europa-se-otvara-u-rusiji-rekordne-brojke-japan-popusta-mjere-u-brazilu-treci-val\\\/\"},\"wordCount\":662,\"publisher\":{\"@id\":\"https:\\\/\\\/radioljubuski.ba\\\/#organization\"},\"image\":{\"@id\":\"https:\\\/\\\/radioljubuski.ba\\\/index.php\\\/2021\\\/06\\\/20\\\/europa-se-otvara-u-rusiji-rekordne-brojke-japan-popusta-mjere-u-brazilu-treci-val\\\/#primaryimage\"},\"thumbnailUrl\":\"https:\\\/\\\/radioljubuski.ba\\\/wp-content\\\/uploads\\\/2021\\\/06\\\/9-2021-06-20-17-52-26-pp.jpg\",\"articleSection\":[\"BIH i regija\"],\"inLanguage\":\"hr\"},{\"@type\":\"WebPage\",\"@id\":\"https:\\\/\\\/radioljubuski.ba\\\/index.php\\\/2021\\\/06\\\/20\\\/europa-se-otvara-u-rusiji-rekordne-brojke-japan-popusta-mjere-u-brazilu-treci-val\\\/\",\"url\":\"https:\\\/\\\/radioljubuski.ba\\\/index.php\\\/2021\\\/06\\\/20\\\/europa-se-otvara-u-rusiji-rekordne-brojke-japan-popusta-mjere-u-brazilu-treci-val\\\/\",\"name\":\"Europa se otvara, u Rusiji rekordne brojke. Japan popu\u0161ta mjere, u Brazilu tre\u0107i val - RADIO LJUBU\u0160KI\",\"isPartOf\":{\"@id\":\"https:\\\/\\\/radioljubuski.ba\\\/#website\"},\"primaryImageOfPage\":{\"@id\":\"https:\\\/\\\/radioljubuski.ba\\\/index.php\\\/2021\\\/06\\\/20\\\/europa-se-otvara-u-rusiji-rekordne-brojke-japan-popusta-mjere-u-brazilu-treci-val\\\/#primaryimage\"},\"image\":{\"@id\":\"https:\\\/\\\/radioljubuski.ba\\\/index.php\\\/2021\\\/06\\\/20\\\/europa-se-otvara-u-rusiji-rekordne-brojke-japan-popusta-mjere-u-brazilu-treci-val\\\/#primaryimage\"},\"thumbnailUrl\":\"https:\\\/\\\/radioljubuski.ba\\\/wp-content\\\/uploads\\\/2021\\\/06\\\/9-2021-06-20-17-52-26-pp.jpg\",\"datePublished\":\"2021-06-20T18:58:20+00:00\",\"dateModified\":\"2021-06-20T18:58:21+00:00\",\"breadcrumb\":{\"@id\":\"https:\\\/\\\/radioljubuski.ba\\\/index.php\\\/2021\\\/06\\\/20\\\/europa-se-otvara-u-rusiji-rekordne-brojke-japan-popusta-mjere-u-brazilu-treci-val\\\/#breadcrumb\"},\"inLanguage\":\"hr\",\"potentialAction\":[{\"@type\":\"ReadAction\",\"target\":[\"https:\\\/\\\/radioljubuski.ba\\\/index.php\\\/2021\\\/06\\\/20\\\/europa-se-otvara-u-rusiji-rekordne-brojke-japan-popusta-mjere-u-brazilu-treci-val\\\/\"]}]},{\"@type\":\"ImageObject\",\"inLanguage\":\"hr\",\"@id\":\"https:\\\/\\\/radioljubuski.ba\\\/index.php\\\/2021\\\/06\\\/20\\\/europa-se-otvara-u-rusiji-rekordne-brojke-japan-popusta-mjere-u-brazilu-treci-val\\\/#primaryimage\",\"url\":\"https:\\\/\\\/radioljubuski.ba\\\/wp-content\\\/uploads\\\/2021\\\/06\\\/9-2021-06-20-17-52-26-pp.jpg\",\"contentUrl\":\"https:\\\/\\\/radioljubuski.ba\\\/wp-content\\\/uploads\\\/2021\\\/06\\\/9-2021-06-20-17-52-26-pp.jpg\",\"width\":1000,\"height\":625},{\"@type\":\"BreadcrumbList\",\"@id\":\"https:\\\/\\\/radioljubuski.ba\\\/index.php\\\/2021\\\/06\\\/20\\\/europa-se-otvara-u-rusiji-rekordne-brojke-japan-popusta-mjere-u-brazilu-treci-val\\\/#breadcrumb\",\"itemListElement\":[{\"@type\":\"ListItem\",\"position\":1,\"name\":\"Po\u010detna stranica\",\"item\":\"https:\\\/\\\/radioljubuski.ba\\\/\"},{\"@type\":\"ListItem\",\"position\":2,\"name\":\"Europa se otvara, u Rusiji rekordne brojke. Japan popu\u0161ta mjere, u Brazilu tre\u0107i val\"}]},{\"@type\":\"WebSite\",\"@id\":\"https:\\\/\\\/radioljubuski.ba\\\/#website\",\"url\":\"https:\\\/\\\/radioljubuski.ba\\\/\",\"name\":\"Radio Ljubu\u0161ki\",\"description\":\"Sun\u010dana frekvencija Hercegovine\",\"publisher\":{\"@id\":\"https:\\\/\\\/radioljubuski.ba\\\/#organization\"},\"potentialAction\":[{\"@type\":\"SearchAction\",\"target\":{\"@type\":\"EntryPoint\",\"urlTemplate\":\"https:\\\/\\\/radioljubuski.ba\\\/?s={search_term_string}\"},\"query-input\":{\"@type\":\"PropertyValueSpecification\",\"valueRequired\":true,\"valueName\":\"search_term_string\"}}],\"inLanguage\":\"hr\"},{\"@type\":\"Organization\",\"@id\":\"https:\\\/\\\/radioljubuski.ba\\\/#organization\",\"name\":\"Radio Ljubu\u0161ki\",\"url\":\"https:\\\/\\\/radioljubuski.ba\\\/\",\"logo\":{\"@type\":\"ImageObject\",\"inLanguage\":\"hr\",\"@id\":\"https:\\\/\\\/radioljubuski.ba\\\/#\\\/schema\\\/logo\\\/image\\\/\",\"url\":\"https:\\\/\\\/radioljubuski.ba\\\/wp-content\\\/uploads\\\/2021\\\/02\\\/cropped-Radio_Ljubuski_logo1.jpg\",\"contentUrl\":\"https:\\\/\\\/radioljubuski.ba\\\/wp-content\\\/uploads\\\/2021\\\/02\\\/cropped-Radio_Ljubuski_logo1.jpg\",\"width\":512,\"height\":512,\"caption\":\"Radio Ljubu\u0161ki\"},\"image\":{\"@id\":\"https:\\\/\\\/radioljubuski.ba\\\/#\\\/schema\\\/logo\\\/image\\\/\"},\"sameAs\":[\"https:\\\/\\\/www.facebook.com\\\/Radiio-Ljubuski-1490835324566332\",\"https:\\\/\\\/x.com\\\/radioljubuski\",\"https:\\\/\\\/hr.linkedin.com\\\/company\\\/radio-ljubuski\",\"https:\\\/\\\/www.youtube.com\\\/channel\\\/UCHYaeO_n0Db3tjNGudGpXyw\"]},{\"@type\":\"Person\",\"@id\":\"https:\\\/\\\/radioljubuski.ba\\\/#\\\/schema\\\/person\\\/19fc700381a780f69665d7956c469e3b\",\"name\":\"Radio Ljubu\u0161ki\"}]}<\/script>\n<!-- \/ Yoast SEO plugin. -->","yoast_head_json":{"title":"Europa se otvara, u Rusiji rekordne brojke. Japan popu\u0161ta mjere, u Brazilu tre\u0107i val - RADIO LJUBU\u0160KI","robots":{"index":"index","follow":"follow","max-snippet":"max-snippet:-1","max-image-preview":"max-image-preview:large","max-video-preview":"max-video-preview:-1"},"canonical":"https:\/\/radioljubuski.ba\/index.php\/2021\/06\/20\/europa-se-otvara-u-rusiji-rekordne-brojke-japan-popusta-mjere-u-brazilu-treci-val\/","og_locale":"hr_HR","og_type":"article","og_title":"Europa se otvara, u Rusiji rekordne brojke. Japan popu\u0161ta mjere, u Brazilu tre\u0107i val - RADIO LJUBU\u0160KI","og_description":"Kina je utro\u0161ila milijardu doza cjepiva i gotovo se rije\u0161ila covida-19, za razliku od Brazila s vi\u0161e od pola milijuna mrtvih, prenose agencije u nedjelju kada Japan ukida izvanredno stanje mjesec dana do po\u010detka Olimpijskih igara, a Francuska nakon osam mjeseci ukida policijski sat. U svijetu je, prema podacima na portalu Worldometer, koronavirusom zara\u017eeno vi\u0161e [&hellip;]","og_url":"https:\/\/radioljubuski.ba\/index.php\/2021\/06\/20\/europa-se-otvara-u-rusiji-rekordne-brojke-japan-popusta-mjere-u-brazilu-treci-val\/","og_site_name":"RADIO LJUBU\u0160KI","article_publisher":"https:\/\/www.facebook.com\/Radiio-Ljubuski-1490835324566332","article_published_time":"2021-06-20T18:58:20+00:00","article_modified_time":"2021-06-20T18:58:21+00:00","og_image":[{"width":1000,"height":625,"url":"https:\/\/radioljubuski.ba\/wp-content\/uploads\/2021\/06\/9-2021-06-20-17-52-26-pp.jpg","type":"image\/jpeg"}],"author":"Radio Ljubu\u0161ki","twitter_card":"summary_large_image","twitter_creator":"@radioljubuski","twitter_site":"@radioljubuski","twitter_misc":{"Napisao\/la":"Radio Ljubu\u0161ki","Procijenjeno vrijeme \u010ditanja":"3 minute"},"schema":{"@context":"https:\/\/schema.org","@graph":[{"@type":"Article","@id":"https:\/\/radioljubuski.ba\/index.php\/2021\/06\/20\/europa-se-otvara-u-rusiji-rekordne-brojke-japan-popusta-mjere-u-brazilu-treci-val\/#article","isPartOf":{"@id":"https:\/\/radioljubuski.ba\/index.php\/2021\/06\/20\/europa-se-otvara-u-rusiji-rekordne-brojke-japan-popusta-mjere-u-brazilu-treci-val\/"},"author":{"name":"Radio Ljubu\u0161ki","@id":"https:\/\/radioljubuski.ba\/#\/schema\/person\/19fc700381a780f69665d7956c469e3b"},"headline":"Europa se otvara, u Rusiji rekordne brojke. Japan popu\u0161ta mjere, u Brazilu tre\u0107i val","datePublished":"2021-06-20T18:58:20+00:00","dateModified":"2021-06-20T18:58:21+00:00","mainEntityOfPage":{"@id":"https:\/\/radioljubuski.ba\/index.php\/2021\/06\/20\/europa-se-otvara-u-rusiji-rekordne-brojke-japan-popusta-mjere-u-brazilu-treci-val\/"},"wordCount":662,"publisher":{"@id":"https:\/\/radioljubuski.ba\/#organization"},"image":{"@id":"https:\/\/radioljubuski.ba\/index.php\/2021\/06\/20\/europa-se-otvara-u-rusiji-rekordne-brojke-japan-popusta-mjere-u-brazilu-treci-val\/#primaryimage"},"thumbnailUrl":"https:\/\/radioljubuski.ba\/wp-content\/uploads\/2021\/06\/9-2021-06-20-17-52-26-pp.jpg","articleSection":["BIH i regija"],"inLanguage":"hr"},{"@type":"WebPage","@id":"https:\/\/radioljubuski.ba\/index.php\/2021\/06\/20\/europa-se-otvara-u-rusiji-rekordne-brojke-japan-popusta-mjere-u-brazilu-treci-val\/","url":"https:\/\/radioljubuski.ba\/index.php\/2021\/06\/20\/europa-se-otvara-u-rusiji-rekordne-brojke-japan-popusta-mjere-u-brazilu-treci-val\/","name":"Europa se otvara, u Rusiji rekordne brojke. Japan popu\u0161ta mjere, u Brazilu tre\u0107i val - RADIO LJUBU\u0160KI","isPartOf":{"@id":"https:\/\/radioljubuski.ba\/#website"},"primaryImageOfPage":{"@id":"https:\/\/radioljubuski.ba\/index.php\/2021\/06\/20\/europa-se-otvara-u-rusiji-rekordne-brojke-japan-popusta-mjere-u-brazilu-treci-val\/#primaryimage"},"image":{"@id":"https:\/\/radioljubuski.ba\/index.php\/2021\/06\/20\/europa-se-otvara-u-rusiji-rekordne-brojke-japan-popusta-mjere-u-brazilu-treci-val\/#primaryimage"},"thumbnailUrl":"https:\/\/radioljubuski.ba\/wp-content\/uploads\/2021\/06\/9-2021-06-20-17-52-26-pp.jpg","datePublished":"2021-06-20T18:58:20+00:00","dateModified":"2021-06-20T18:58:21+00:00","breadcrumb":{"@id":"https:\/\/radioljubuski.ba\/index.php\/2021\/06\/20\/europa-se-otvara-u-rusiji-rekordne-brojke-japan-popusta-mjere-u-brazilu-treci-val\/#breadcrumb"},"inLanguage":"hr","potentialAction":[{"@type":"ReadAction","target":["https:\/\/radioljubuski.ba\/index.php\/2021\/06\/20\/europa-se-otvara-u-rusiji-rekordne-brojke-japan-popusta-mjere-u-brazilu-treci-val\/"]}]},{"@type":"ImageObject","inLanguage":"hr","@id":"https:\/\/radioljubuski.ba\/index.php\/2021\/06\/20\/europa-se-otvara-u-rusiji-rekordne-brojke-japan-popusta-mjere-u-brazilu-treci-val\/#primaryimage","url":"https:\/\/radioljubuski.ba\/wp-content\/uploads\/2021\/06\/9-2021-06-20-17-52-26-pp.jpg","contentUrl":"https:\/\/radioljubuski.ba\/wp-content\/uploads\/2021\/06\/9-2021-06-20-17-52-26-pp.jpg","width":1000,"height":625},{"@type":"BreadcrumbList","@id":"https:\/\/radioljubuski.ba\/index.php\/2021\/06\/20\/europa-se-otvara-u-rusiji-rekordne-brojke-japan-popusta-mjere-u-brazilu-treci-val\/#breadcrumb","itemListElement":[{"@type":"ListItem","position":1,"name":"Po\u010detna stranica","item":"https:\/\/radioljubuski.ba\/"},{"@type":"ListItem","position":2,"name":"Europa se otvara, u Rusiji rekordne brojke. Japan popu\u0161ta mjere, u Brazilu tre\u0107i val"}]},{"@type":"WebSite","@id":"https:\/\/radioljubuski.ba\/#website","url":"https:\/\/radioljubuski.ba\/","name":"Radio Ljubu\u0161ki","description":"Sun\u010dana frekvencija Hercegovine","publisher":{"@id":"https:\/\/radioljubuski.ba\/#organization"},"potentialAction":[{"@type":"SearchAction","target":{"@type":"EntryPoint","urlTemplate":"https:\/\/radioljubuski.ba\/?s={search_term_string}"},"query-input":{"@type":"PropertyValueSpecification","valueRequired":true,"valueName":"search_term_string"}}],"inLanguage":"hr"},{"@type":"Organization","@id":"https:\/\/radioljubuski.ba\/#organization","name":"Radio Ljubu\u0161ki","url":"https:\/\/radioljubuski.ba\/","logo":{"@type":"ImageObject","inLanguage":"hr","@id":"https:\/\/radioljubuski.ba\/#\/schema\/logo\/image\/","url":"https:\/\/radioljubuski.ba\/wp-content\/uploads\/2021\/02\/cropped-Radio_Ljubuski_logo1.jpg","contentUrl":"https:\/\/radioljubuski.ba\/wp-content\/uploads\/2021\/02\/cropped-Radio_Ljubuski_logo1.jpg","width":512,"height":512,"caption":"Radio Ljubu\u0161ki"},"image":{"@id":"https:\/\/radioljubuski.ba\/#\/schema\/logo\/image\/"},"sameAs":["https:\/\/www.facebook.com\/Radiio-Ljubuski-1490835324566332","https:\/\/x.com\/radioljubuski","https:\/\/hr.linkedin.com\/company\/radio-ljubuski","https:\/\/www.youtube.com\/channel\/UCHYaeO_n0Db3tjNGudGpXyw"]},{"@type":"Person","@id":"https:\/\/radioljubuski.ba\/#\/schema\/person\/19fc700381a780f69665d7956c469e3b","name":"Radio Ljubu\u0161ki"}]}},"_links":{"self":[{"href":"https:\/\/radioljubuski.ba\/index.php\/wp-json\/wp\/v2\/posts\/34193","targetHints":{"allow":["GET"]}}],"collection":[{"href":"https:\/\/radioljubuski.ba\/index.php\/wp-json\/wp\/v2\/posts"}],"about":[{"href":"https:\/\/radioljubuski.ba\/index.php\/wp-json\/wp\/v2\/types\/post"}],"author":[{"embeddable":true,"href":"https:\/\/radioljubuski.ba\/index.php\/wp-json\/wp\/v2\/users\/2"}],"replies":[{"embeddable":true,"href":"https:\/\/radioljubuski.ba\/index.php\/wp-json\/wp\/v2\/comments?post=34193"}],"version-history":[{"count":1,"href":"https:\/\/radioljubuski.ba\/index.php\/wp-json\/wp\/v2\/posts\/34193\/revisions"}],"predecessor-version":[{"id":34195,"href":"https:\/\/radioljubuski.ba\/index.php\/wp-json\/wp\/v2\/posts\/34193\/revisions\/34195"}],"wp:featuredmedia":[{"embeddable":true,"href":"https:\/\/radioljubuski.ba\/index.php\/wp-json\/wp\/v2\/media\/34194"}],"wp:attachment":[{"href":"https:\/\/radioljubuski.ba\/index.php\/wp-json\/wp\/v2\/media?parent=34193"}],"wp:term":[{"taxonomy":"category","embeddable":true,"href":"https:\/\/radioljubuski.ba\/index.php\/wp-json\/wp\/v2\/categories?post=34193"},{"taxonomy":"post_tag","embeddable":true,"href":"https:\/\/radioljubuski.ba\/index.php\/wp-json\/wp\/v2\/tags?post=34193"}],"curies":[{"name":"wp","href":"https:\/\/api.w.org\/{rel}","templated":true}]}}