{"id":34199,"date":"2021-06-20T20:00:35","date_gmt":"2021-06-20T19:00:35","guid":{"rendered":"https:\/\/radioljubuski.ba\/?p=34199"},"modified":"2021-06-20T20:00:36","modified_gmt":"2021-06-20T19:00:36","slug":"pregovori-o-nuklearnom-sporazumu-odgodeni-radi-konzultacija-u-prijestolnicama","status":"publish","type":"post","link":"https:\/\/radioljubuski.ba\/index.php\/2021\/06\/20\/pregovori-o-nuklearnom-sporazumu-odgodeni-radi-konzultacija-u-prijestolnicama\/","title":{"rendered":"Pregovori o nuklearnom sporazumu odgo\u0111eni radi konzultacija u prijestolnicama"},"content":{"rendered":"\n<p>Pregovara\u010di Irana i \u0161est svjetskih sila odgodili su nastavak pregovora u nedjelju o o\u017eivljavanju nuklearnog sporazuma iz 2015. te se vra\u0107aju u prijestolnice na konzultacije o nesuglasicama, rekao je u nedjelju \u0161ef teheranske delegacije.<\/p>\n\n\n\n<p>\u201eTrenutno smo bli\u017ee dogovoru nego ikad, no i dalje postoje razlike me\u0111u nama, a premostiti ih ne\u0107e biti lagan posao\u201c, rekao je Abas Arak\u010di u Be\u010du za iransku televiziju.<\/p>\n\n\n\n<p>\u201eVe\u010deras se vra\u0107amo u Teheran\u201c, dodao je. Ne zna se kad \u0107e se slu\u017ebeni pregovori nastaviti.<\/p>\n\n\n\n<p>U petak je na predsjedni\u010dkim izborima u Iranu pobijedio tvrdolinija\u0161 Ebrahim Raisi koji \u0107e zamijeniti pragmati\u010dnijeg Hasana Rouhanija. Zavr\u0161nu rije\u010d u Iranu ipak ima vrhovni vo\u0111a Ali Hamnei koji \u0107e donijeti kona\u010dnu odluku o obnavljanju sporazuma, \u0161to bi zna\u010dilo i ukidanje ameri\u010dkih ekonomskih sankcija nad bliskoisto\u010dnom dr\u017eavom.<\/p>\n\n\n\n<p>Pregovori u Be\u010du o odre\u0111ivanju koraka koje \u0107e SAD i Iran poduzeti u sklopu nuklearnog sporazuma traju od travnja.<\/p>\n\n\n\n<p>\u201ePremo\u0161\u0107ivanje razlika zahtijeva odluke koje ve\u0107inom treba donijeti druga strana. Nadam se da \u0107emo u idu\u0107em krugu pregovora prije\u0107i taj kratak, ali te\u017eak put\u201c, dodao je Arak\u010di.<\/p>\n\n\n\n<p>Novi izraelski premijer Naftali Bennett u nedjelju je pak poru\u010dio svjetskim silama da ne pregovaraju s novim iranskim predsjednikom o nuklearnom sporazumu, tvrde\u0107i da \u0107e on vladati \u201ere\u017eimom brutalnog krvnika\u201c.<\/p>\n\n\n\n<p>\u201eIzbora Raisija &nbsp;je, rekao bih, posljednja prilika za svjetske sile da se probude prije nego \u0161to se vrate nuklearnom sporazumu i shvate s kim imaju posla\u201c, kazao je Bennett na sjednici vlade.<\/p>\n\n\n\n<p>\u201eRe\u017eimu brutalnih krvnika nikada se ne smije dopustiti da posjeduje oru\u017eje masovnog uni\u0161tenja. Stav Izraela se po tom pitanju ne\u0107e mijenjati\u201c, rekao novi izraelski premijer.<\/p>\n\n\n\n<p>Teheran u Be\u010du pregovara sa svjetskim silama o o\u017eivljavanju nuklearnog sporazuma iz 2015. iz kojeg se biv\u0161i ameri\u010dki &nbsp;predsjednik Donald Trump 2018. jednoglasno povukao i obnovio Iranu sankcije, a sada\u0161nji predsjednik Joe Biden spreman je vratiti se sporazumu, ali tra\u017ei da Islamska Republika potpuno po\u0161tuje odredbe sporazuma iz 2015.<\/p>\n\n\n\n<p>Izvor:pogled.ba<\/p>\n","protected":false},"excerpt":{"rendered":"<p>Pregovara\u010di Irana i \u0161est svjetskih sila odgodili su nastavak pregovora u nedjelju o o\u017eivljavanju nuklearnog sporazuma iz 2015. te se vra\u0107aju u prijestolnice na konzultacije o nesuglasicama, rekao je u nedjelju \u0161ef teheranske delegacije. \u201eTrenutno smo bli\u017ee dogovoru nego ikad, no i dalje postoje razlike me\u0111u nama, a premostiti ih ne\u0107e biti lagan posao\u201c, rekao [&hellip;]<\/p>\n","protected":false},"author":2,"featured_media":34200,"comment_status":"closed","ping_status":"closed","sticky":false,"template":"","format":"standard","meta":{"h5ap_radio_sources":[],"footnotes":""},"categories":[1],"tags":[],"class_list":["post-34199","post","type-post","status-publish","format-standard","has-post-thumbnail","hentry","category-bihiregija"],"yoast_head":"<!-- This site is optimized with the Yoast SEO plugin v27.5 - https:\/\/yoast.com\/product\/yoast-seo-wordpress\/ -->\n<title>Pregovori o nuklearnom sporazumu odgo\u0111eni radi konzultacija u prijestolnicama - RADIO LJUBU\u0160KI<\/title>\n<meta name=\"robots\" content=\"index, follow, max-snippet:-1, max-image-preview:large, max-video-preview:-1\" \/>\n<link rel=\"canonical\" href=\"https:\/\/radioljubuski.ba\/index.php\/2021\/06\/20\/pregovori-o-nuklearnom-sporazumu-odgodeni-radi-konzultacija-u-prijestolnicama\/\" \/>\n<meta property=\"og:locale\" content=\"hr_HR\" \/>\n<meta property=\"og:type\" content=\"article\" \/>\n<meta property=\"og:title\" content=\"Pregovori o nuklearnom sporazumu odgo\u0111eni radi konzultacija u prijestolnicama - RADIO LJUBU\u0160KI\" \/>\n<meta property=\"og:description\" content=\"Pregovara\u010di Irana i \u0161est svjetskih sila odgodili su nastavak pregovora u nedjelju o o\u017eivljavanju nuklearnog sporazuma iz 2015. te se vra\u0107aju u prijestolnice na konzultacije o nesuglasicama, rekao je u nedjelju \u0161ef teheranske delegacije. \u201eTrenutno smo bli\u017ee dogovoru nego ikad, no i dalje postoje razlike me\u0111u nama, a premostiti ih ne\u0107e biti lagan posao\u201c, rekao [&hellip;]\" \/>\n<meta property=\"og:url\" content=\"https:\/\/radioljubuski.ba\/index.php\/2021\/06\/20\/pregovori-o-nuklearnom-sporazumu-odgodeni-radi-konzultacija-u-prijestolnicama\/\" \/>\n<meta property=\"og:site_name\" content=\"RADIO LJUBU\u0160KI\" \/>\n<meta property=\"article:publisher\" content=\"https:\/\/www.facebook.com\/Radiio-Ljubuski-1490835324566332\" \/>\n<meta property=\"article:published_time\" content=\"2021-06-20T19:00:35+00:00\" \/>\n<meta property=\"article:modified_time\" content=\"2021-06-20T19:00:36+00:00\" \/>\n<meta property=\"og:image\" content=\"https:\/\/radioljubuski.ba\/wp-content\/uploads\/2021\/06\/9-2021-06-20-18-33-26-hgh.jpg\" \/>\n\t<meta property=\"og:image:width\" content=\"1000\" \/>\n\t<meta property=\"og:image:height\" content=\"625\" \/>\n\t<meta property=\"og:image:type\" content=\"image\/jpeg\" \/>\n<meta name=\"author\" content=\"Radio Ljubu\u0161ki\" \/>\n<meta name=\"twitter:card\" content=\"summary_large_image\" \/>\n<meta name=\"twitter:creator\" content=\"@radioljubuski\" \/>\n<meta name=\"twitter:site\" content=\"@radioljubuski\" \/>\n<meta name=\"twitter:label1\" content=\"Napisao\/la\" \/>\n\t<meta name=\"twitter:data1\" content=\"Radio Ljubu\u0161ki\" \/>\n\t<meta name=\"twitter:label2\" content=\"Procijenjeno vrijeme \u010ditanja\" \/>\n\t<meta name=\"twitter:data2\" content=\"2 minute\" \/>\n<script type=\"application\/ld+json\" class=\"yoast-schema-graph\">{\"@context\":\"https:\\\/\\\/schema.org\",\"@graph\":[{\"@type\":\"Article\",\"@id\":\"https:\\\/\\\/radioljubuski.ba\\\/index.php\\\/2021\\\/06\\\/20\\\/pregovori-o-nuklearnom-sporazumu-odgodeni-radi-konzultacija-u-prijestolnicama\\\/#article\",\"isPartOf\":{\"@id\":\"https:\\\/\\\/radioljubuski.ba\\\/index.php\\\/2021\\\/06\\\/20\\\/pregovori-o-nuklearnom-sporazumu-odgodeni-radi-konzultacija-u-prijestolnicama\\\/\"},\"author\":{\"name\":\"Radio Ljubu\u0161ki\",\"@id\":\"https:\\\/\\\/radioljubuski.ba\\\/#\\\/schema\\\/person\\\/19fc700381a780f69665d7956c469e3b\"},\"headline\":\"Pregovori o nuklearnom sporazumu odgo\u0111eni radi konzultacija u prijestolnicama\",\"datePublished\":\"2021-06-20T19:00:35+00:00\",\"dateModified\":\"2021-06-20T19:00:36+00:00\",\"mainEntityOfPage\":{\"@id\":\"https:\\\/\\\/radioljubuski.ba\\\/index.php\\\/2021\\\/06\\\/20\\\/pregovori-o-nuklearnom-sporazumu-odgodeni-radi-konzultacija-u-prijestolnicama\\\/\"},\"wordCount\":361,\"publisher\":{\"@id\":\"https:\\\/\\\/radioljubuski.ba\\\/#organization\"},\"image\":{\"@id\":\"https:\\\/\\\/radioljubuski.ba\\\/index.php\\\/2021\\\/06\\\/20\\\/pregovori-o-nuklearnom-sporazumu-odgodeni-radi-konzultacija-u-prijestolnicama\\\/#primaryimage\"},\"thumbnailUrl\":\"https:\\\/\\\/radioljubuski.ba\\\/wp-content\\\/uploads\\\/2021\\\/06\\\/9-2021-06-20-18-33-26-hgh.jpg\",\"articleSection\":[\"BIH i regija\"],\"inLanguage\":\"hr\"},{\"@type\":\"WebPage\",\"@id\":\"https:\\\/\\\/radioljubuski.ba\\\/index.php\\\/2021\\\/06\\\/20\\\/pregovori-o-nuklearnom-sporazumu-odgodeni-radi-konzultacija-u-prijestolnicama\\\/\",\"url\":\"https:\\\/\\\/radioljubuski.ba\\\/index.php\\\/2021\\\/06\\\/20\\\/pregovori-o-nuklearnom-sporazumu-odgodeni-radi-konzultacija-u-prijestolnicama\\\/\",\"name\":\"Pregovori o nuklearnom sporazumu odgo\u0111eni radi konzultacija u prijestolnicama - RADIO LJUBU\u0160KI\",\"isPartOf\":{\"@id\":\"https:\\\/\\\/radioljubuski.ba\\\/#website\"},\"primaryImageOfPage\":{\"@id\":\"https:\\\/\\\/radioljubuski.ba\\\/index.php\\\/2021\\\/06\\\/20\\\/pregovori-o-nuklearnom-sporazumu-odgodeni-radi-konzultacija-u-prijestolnicama\\\/#primaryimage\"},\"image\":{\"@id\":\"https:\\\/\\\/radioljubuski.ba\\\/index.php\\\/2021\\\/06\\\/20\\\/pregovori-o-nuklearnom-sporazumu-odgodeni-radi-konzultacija-u-prijestolnicama\\\/#primaryimage\"},\"thumbnailUrl\":\"https:\\\/\\\/radioljubuski.ba\\\/wp-content\\\/uploads\\\/2021\\\/06\\\/9-2021-06-20-18-33-26-hgh.jpg\",\"datePublished\":\"2021-06-20T19:00:35+00:00\",\"dateModified\":\"2021-06-20T19:00:36+00:00\",\"breadcrumb\":{\"@id\":\"https:\\\/\\\/radioljubuski.ba\\\/index.php\\\/2021\\\/06\\\/20\\\/pregovori-o-nuklearnom-sporazumu-odgodeni-radi-konzultacija-u-prijestolnicama\\\/#breadcrumb\"},\"inLanguage\":\"hr\",\"potentialAction\":[{\"@type\":\"ReadAction\",\"target\":[\"https:\\\/\\\/radioljubuski.ba\\\/index.php\\\/2021\\\/06\\\/20\\\/pregovori-o-nuklearnom-sporazumu-odgodeni-radi-konzultacija-u-prijestolnicama\\\/\"]}]},{\"@type\":\"ImageObject\",\"inLanguage\":\"hr\",\"@id\":\"https:\\\/\\\/radioljubuski.ba\\\/index.php\\\/2021\\\/06\\\/20\\\/pregovori-o-nuklearnom-sporazumu-odgodeni-radi-konzultacija-u-prijestolnicama\\\/#primaryimage\",\"url\":\"https:\\\/\\\/radioljubuski.ba\\\/wp-content\\\/uploads\\\/2021\\\/06\\\/9-2021-06-20-18-33-26-hgh.jpg\",\"contentUrl\":\"https:\\\/\\\/radioljubuski.ba\\\/wp-content\\\/uploads\\\/2021\\\/06\\\/9-2021-06-20-18-33-26-hgh.jpg\",\"width\":1000,\"height\":625},{\"@type\":\"BreadcrumbList\",\"@id\":\"https:\\\/\\\/radioljubuski.ba\\\/index.php\\\/2021\\\/06\\\/20\\\/pregovori-o-nuklearnom-sporazumu-odgodeni-radi-konzultacija-u-prijestolnicama\\\/#breadcrumb\",\"itemListElement\":[{\"@type\":\"ListItem\",\"position\":1,\"name\":\"Po\u010detna stranica\",\"item\":\"https:\\\/\\\/radioljubuski.ba\\\/\"},{\"@type\":\"ListItem\",\"position\":2,\"name\":\"Pregovori o nuklearnom sporazumu odgo\u0111eni radi konzultacija u prijestolnicama\"}]},{\"@type\":\"WebSite\",\"@id\":\"https:\\\/\\\/radioljubuski.ba\\\/#website\",\"url\":\"https:\\\/\\\/radioljubuski.ba\\\/\",\"name\":\"Radio Ljubu\u0161ki\",\"description\":\"Sun\u010dana frekvencija Hercegovine\",\"publisher\":{\"@id\":\"https:\\\/\\\/radioljubuski.ba\\\/#organization\"},\"potentialAction\":[{\"@type\":\"SearchAction\",\"target\":{\"@type\":\"EntryPoint\",\"urlTemplate\":\"https:\\\/\\\/radioljubuski.ba\\\/?s={search_term_string}\"},\"query-input\":{\"@type\":\"PropertyValueSpecification\",\"valueRequired\":true,\"valueName\":\"search_term_string\"}}],\"inLanguage\":\"hr\"},{\"@type\":\"Organization\",\"@id\":\"https:\\\/\\\/radioljubuski.ba\\\/#organization\",\"name\":\"Radio Ljubu\u0161ki\",\"url\":\"https:\\\/\\\/radioljubuski.ba\\\/\",\"logo\":{\"@type\":\"ImageObject\",\"inLanguage\":\"hr\",\"@id\":\"https:\\\/\\\/radioljubuski.ba\\\/#\\\/schema\\\/logo\\\/image\\\/\",\"url\":\"https:\\\/\\\/radioljubuski.ba\\\/wp-content\\\/uploads\\\/2021\\\/02\\\/cropped-Radio_Ljubuski_logo1.jpg\",\"contentUrl\":\"https:\\\/\\\/radioljubuski.ba\\\/wp-content\\\/uploads\\\/2021\\\/02\\\/cropped-Radio_Ljubuski_logo1.jpg\",\"width\":512,\"height\":512,\"caption\":\"Radio Ljubu\u0161ki\"},\"image\":{\"@id\":\"https:\\\/\\\/radioljubuski.ba\\\/#\\\/schema\\\/logo\\\/image\\\/\"},\"sameAs\":[\"https:\\\/\\\/www.facebook.com\\\/Radiio-Ljubuski-1490835324566332\",\"https:\\\/\\\/x.com\\\/radioljubuski\",\"https:\\\/\\\/hr.linkedin.com\\\/company\\\/radio-ljubuski\",\"https:\\\/\\\/www.youtube.com\\\/channel\\\/UCHYaeO_n0Db3tjNGudGpXyw\"]},{\"@type\":\"Person\",\"@id\":\"https:\\\/\\\/radioljubuski.ba\\\/#\\\/schema\\\/person\\\/19fc700381a780f69665d7956c469e3b\",\"name\":\"Radio Ljubu\u0161ki\"}]}<\/script>\n<!-- \/ Yoast SEO plugin. -->","yoast_head_json":{"title":"Pregovori o nuklearnom sporazumu odgo\u0111eni radi konzultacija u prijestolnicama - RADIO LJUBU\u0160KI","robots":{"index":"index","follow":"follow","max-snippet":"max-snippet:-1","max-image-preview":"max-image-preview:large","max-video-preview":"max-video-preview:-1"},"canonical":"https:\/\/radioljubuski.ba\/index.php\/2021\/06\/20\/pregovori-o-nuklearnom-sporazumu-odgodeni-radi-konzultacija-u-prijestolnicama\/","og_locale":"hr_HR","og_type":"article","og_title":"Pregovori o nuklearnom sporazumu odgo\u0111eni radi konzultacija u prijestolnicama - RADIO LJUBU\u0160KI","og_description":"Pregovara\u010di Irana i \u0161est svjetskih sila odgodili su nastavak pregovora u nedjelju o o\u017eivljavanju nuklearnog sporazuma iz 2015. te se vra\u0107aju u prijestolnice na konzultacije o nesuglasicama, rekao je u nedjelju \u0161ef teheranske delegacije. \u201eTrenutno smo bli\u017ee dogovoru nego ikad, no i dalje postoje razlike me\u0111u nama, a premostiti ih ne\u0107e biti lagan posao\u201c, rekao [&hellip;]","og_url":"https:\/\/radioljubuski.ba\/index.php\/2021\/06\/20\/pregovori-o-nuklearnom-sporazumu-odgodeni-radi-konzultacija-u-prijestolnicama\/","og_site_name":"RADIO LJUBU\u0160KI","article_publisher":"https:\/\/www.facebook.com\/Radiio-Ljubuski-1490835324566332","article_published_time":"2021-06-20T19:00:35+00:00","article_modified_time":"2021-06-20T19:00:36+00:00","og_image":[{"width":1000,"height":625,"url":"https:\/\/radioljubuski.ba\/wp-content\/uploads\/2021\/06\/9-2021-06-20-18-33-26-hgh.jpg","type":"image\/jpeg"}],"author":"Radio Ljubu\u0161ki","twitter_card":"summary_large_image","twitter_creator":"@radioljubuski","twitter_site":"@radioljubuski","twitter_misc":{"Napisao\/la":"Radio Ljubu\u0161ki","Procijenjeno vrijeme \u010ditanja":"2 minute"},"schema":{"@context":"https:\/\/schema.org","@graph":[{"@type":"Article","@id":"https:\/\/radioljubuski.ba\/index.php\/2021\/06\/20\/pregovori-o-nuklearnom-sporazumu-odgodeni-radi-konzultacija-u-prijestolnicama\/#article","isPartOf":{"@id":"https:\/\/radioljubuski.ba\/index.php\/2021\/06\/20\/pregovori-o-nuklearnom-sporazumu-odgodeni-radi-konzultacija-u-prijestolnicama\/"},"author":{"name":"Radio Ljubu\u0161ki","@id":"https:\/\/radioljubuski.ba\/#\/schema\/person\/19fc700381a780f69665d7956c469e3b"},"headline":"Pregovori o nuklearnom sporazumu odgo\u0111eni radi konzultacija u prijestolnicama","datePublished":"2021-06-20T19:00:35+00:00","dateModified":"2021-06-20T19:00:36+00:00","mainEntityOfPage":{"@id":"https:\/\/radioljubuski.ba\/index.php\/2021\/06\/20\/pregovori-o-nuklearnom-sporazumu-odgodeni-radi-konzultacija-u-prijestolnicama\/"},"wordCount":361,"publisher":{"@id":"https:\/\/radioljubuski.ba\/#organization"},"image":{"@id":"https:\/\/radioljubuski.ba\/index.php\/2021\/06\/20\/pregovori-o-nuklearnom-sporazumu-odgodeni-radi-konzultacija-u-prijestolnicama\/#primaryimage"},"thumbnailUrl":"https:\/\/radioljubuski.ba\/wp-content\/uploads\/2021\/06\/9-2021-06-20-18-33-26-hgh.jpg","articleSection":["BIH i regija"],"inLanguage":"hr"},{"@type":"WebPage","@id":"https:\/\/radioljubuski.ba\/index.php\/2021\/06\/20\/pregovori-o-nuklearnom-sporazumu-odgodeni-radi-konzultacija-u-prijestolnicama\/","url":"https:\/\/radioljubuski.ba\/index.php\/2021\/06\/20\/pregovori-o-nuklearnom-sporazumu-odgodeni-radi-konzultacija-u-prijestolnicama\/","name":"Pregovori o nuklearnom sporazumu odgo\u0111eni radi konzultacija u prijestolnicama - RADIO LJUBU\u0160KI","isPartOf":{"@id":"https:\/\/radioljubuski.ba\/#website"},"primaryImageOfPage":{"@id":"https:\/\/radioljubuski.ba\/index.php\/2021\/06\/20\/pregovori-o-nuklearnom-sporazumu-odgodeni-radi-konzultacija-u-prijestolnicama\/#primaryimage"},"image":{"@id":"https:\/\/radioljubuski.ba\/index.php\/2021\/06\/20\/pregovori-o-nuklearnom-sporazumu-odgodeni-radi-konzultacija-u-prijestolnicama\/#primaryimage"},"thumbnailUrl":"https:\/\/radioljubuski.ba\/wp-content\/uploads\/2021\/06\/9-2021-06-20-18-33-26-hgh.jpg","datePublished":"2021-06-20T19:00:35+00:00","dateModified":"2021-06-20T19:00:36+00:00","breadcrumb":{"@id":"https:\/\/radioljubuski.ba\/index.php\/2021\/06\/20\/pregovori-o-nuklearnom-sporazumu-odgodeni-radi-konzultacija-u-prijestolnicama\/#breadcrumb"},"inLanguage":"hr","potentialAction":[{"@type":"ReadAction","target":["https:\/\/radioljubuski.ba\/index.php\/2021\/06\/20\/pregovori-o-nuklearnom-sporazumu-odgodeni-radi-konzultacija-u-prijestolnicama\/"]}]},{"@type":"ImageObject","inLanguage":"hr","@id":"https:\/\/radioljubuski.ba\/index.php\/2021\/06\/20\/pregovori-o-nuklearnom-sporazumu-odgodeni-radi-konzultacija-u-prijestolnicama\/#primaryimage","url":"https:\/\/radioljubuski.ba\/wp-content\/uploads\/2021\/06\/9-2021-06-20-18-33-26-hgh.jpg","contentUrl":"https:\/\/radioljubuski.ba\/wp-content\/uploads\/2021\/06\/9-2021-06-20-18-33-26-hgh.jpg","width":1000,"height":625},{"@type":"BreadcrumbList","@id":"https:\/\/radioljubuski.ba\/index.php\/2021\/06\/20\/pregovori-o-nuklearnom-sporazumu-odgodeni-radi-konzultacija-u-prijestolnicama\/#breadcrumb","itemListElement":[{"@type":"ListItem","position":1,"name":"Po\u010detna stranica","item":"https:\/\/radioljubuski.ba\/"},{"@type":"ListItem","position":2,"name":"Pregovori o nuklearnom sporazumu odgo\u0111eni radi konzultacija u prijestolnicama"}]},{"@type":"WebSite","@id":"https:\/\/radioljubuski.ba\/#website","url":"https:\/\/radioljubuski.ba\/","name":"Radio Ljubu\u0161ki","description":"Sun\u010dana frekvencija Hercegovine","publisher":{"@id":"https:\/\/radioljubuski.ba\/#organization"},"potentialAction":[{"@type":"SearchAction","target":{"@type":"EntryPoint","urlTemplate":"https:\/\/radioljubuski.ba\/?s={search_term_string}"},"query-input":{"@type":"PropertyValueSpecification","valueRequired":true,"valueName":"search_term_string"}}],"inLanguage":"hr"},{"@type":"Organization","@id":"https:\/\/radioljubuski.ba\/#organization","name":"Radio Ljubu\u0161ki","url":"https:\/\/radioljubuski.ba\/","logo":{"@type":"ImageObject","inLanguage":"hr","@id":"https:\/\/radioljubuski.ba\/#\/schema\/logo\/image\/","url":"https:\/\/radioljubuski.ba\/wp-content\/uploads\/2021\/02\/cropped-Radio_Ljubuski_logo1.jpg","contentUrl":"https:\/\/radioljubuski.ba\/wp-content\/uploads\/2021\/02\/cropped-Radio_Ljubuski_logo1.jpg","width":512,"height":512,"caption":"Radio Ljubu\u0161ki"},"image":{"@id":"https:\/\/radioljubuski.ba\/#\/schema\/logo\/image\/"},"sameAs":["https:\/\/www.facebook.com\/Radiio-Ljubuski-1490835324566332","https:\/\/x.com\/radioljubuski","https:\/\/hr.linkedin.com\/company\/radio-ljubuski","https:\/\/www.youtube.com\/channel\/UCHYaeO_n0Db3tjNGudGpXyw"]},{"@type":"Person","@id":"https:\/\/radioljubuski.ba\/#\/schema\/person\/19fc700381a780f69665d7956c469e3b","name":"Radio Ljubu\u0161ki"}]}},"_links":{"self":[{"href":"https:\/\/radioljubuski.ba\/index.php\/wp-json\/wp\/v2\/posts\/34199","targetHints":{"allow":["GET"]}}],"collection":[{"href":"https:\/\/radioljubuski.ba\/index.php\/wp-json\/wp\/v2\/posts"}],"about":[{"href":"https:\/\/radioljubuski.ba\/index.php\/wp-json\/wp\/v2\/types\/post"}],"author":[{"embeddable":true,"href":"https:\/\/radioljubuski.ba\/index.php\/wp-json\/wp\/v2\/users\/2"}],"replies":[{"embeddable":true,"href":"https:\/\/radioljubuski.ba\/index.php\/wp-json\/wp\/v2\/comments?post=34199"}],"version-history":[{"count":1,"href":"https:\/\/radioljubuski.ba\/index.php\/wp-json\/wp\/v2\/posts\/34199\/revisions"}],"predecessor-version":[{"id":34201,"href":"https:\/\/radioljubuski.ba\/index.php\/wp-json\/wp\/v2\/posts\/34199\/revisions\/34201"}],"wp:featuredmedia":[{"embeddable":true,"href":"https:\/\/radioljubuski.ba\/index.php\/wp-json\/wp\/v2\/media\/34200"}],"wp:attachment":[{"href":"https:\/\/radioljubuski.ba\/index.php\/wp-json\/wp\/v2\/media?parent=34199"}],"wp:term":[{"taxonomy":"category","embeddable":true,"href":"https:\/\/radioljubuski.ba\/index.php\/wp-json\/wp\/v2\/categories?post=34199"},{"taxonomy":"post_tag","embeddable":true,"href":"https:\/\/radioljubuski.ba\/index.php\/wp-json\/wp\/v2\/tags?post=34199"}],"curies":[{"name":"wp","href":"https:\/\/api.w.org\/{rel}","templated":true}]}}