{"id":34202,"date":"2021-06-20T20:01:39","date_gmt":"2021-06-20T19:01:39","guid":{"rendered":"https:\/\/radioljubuski.ba\/?p=34202"},"modified":"2021-06-20T20:01:40","modified_gmt":"2021-06-20T19:01:40","slug":"bih-treca-u-svijetu-po-broju-umrlih-od-koronavirusa","status":"publish","type":"post","link":"https:\/\/radioljubuski.ba\/index.php\/2021\/06\/20\/bih-treca-u-svijetu-po-broju-umrlih-od-koronavirusa\/","title":{"rendered":"BiH tre\u0107a u svijetu po broju umrlih od koronavirusa"},"content":{"rendered":"\n<p>U svijetu je od koronavirusa umrlo tri milijuna i 862.364 ljudi, dok je 178 milijuna i 125.020 zara\u017eeno, prenijela je danas agencija France-Presse novi bilans. Broj slu\u017ebeno zara\u017eenih ne odra\u017eava realan broj, po\u0161to mnoge zemlje testiraju samo pacijente kojima je potrebno bolni\u010dko lije\u010denje. SAD je zemlja koja je najte\u017ee pogo\u0111ena, po broju umrlih i broju zara\u017eenih, sa 601.741 umrlih i 33.538.037 zara\u017eenih.<\/p>\n\n\n\n<p>Nakon SAD, najte\u017ee pogo\u0111ene zemlje su Brazil sa 500.800 umrlih i 17.883.750 slu\u010dajeva zaraze, Indija sa 386.713 umrlih (29.881.965 zara\u017eenih), Meksiko sa 231.151 umrlih (2.475.705 zara\u017eenih) i Peru sa 190.202 umrlih (2.026.729 inficiranih). Me\u0111u najte\u017ee pogo\u0111enim zemljama, Peru je dr\u017eava sa najvi\u0161e umrlih u odnosu na broj stanovnika, sa 577 umrlih na 100.000 stanovnika. Slijede Ma\u0111arska (310), BiH (294), \u010ce\u0161ka (283) i Sjeverna Makedonija (263), prenosi N1. &nbsp;<\/p>\n\n\n\n<p>Latinska Amerika i Karibi imaju 1.236.235 umrlih (35.974.493 zara\u017eenih), Europa 1.157.566 umrlih (53.897.350 zara\u017eenih), SAD i Kanada 627.789 umrlih (34.945.971 zara\u017eenih), Azija 554.846 umrlih (39.029.236 zara\u017eenih), Bliski istok 147.709 umrlih (9.042.064 zara\u017eenih), Afrika 137.103 umrlih (5.184.463 zara\u017eenih) i Oceanija 1.116 umrlih (51.445 zara\u017eenih).<\/p>\n\n\n\n<p>Izvor:N1<\/p>\n","protected":false},"excerpt":{"rendered":"<p>U svijetu je od koronavirusa umrlo tri milijuna i 862.364 ljudi, dok je 178 milijuna i 125.020 zara\u017eeno, prenijela je danas agencija France-Presse novi bilans. Broj slu\u017ebeno zara\u017eenih ne odra\u017eava realan broj, po\u0161to mnoge zemlje testiraju samo pacijente kojima je potrebno bolni\u010dko lije\u010denje. SAD je zemlja koja je najte\u017ee pogo\u0111ena, po broju umrlih i broju [&hellip;]<\/p>\n","protected":false},"author":2,"featured_media":34203,"comment_status":"closed","ping_status":"closed","sticky":false,"template":"","format":"standard","meta":{"h5ap_radio_sources":[],"footnotes":""},"categories":[1],"tags":[],"class_list":["post-34202","post","type-post","status-publish","format-standard","has-post-thumbnail","hentry","category-bihiregija"],"yoast_head":"<!-- This site is optimized with the Yoast SEO plugin v27.5 - https:\/\/yoast.com\/product\/yoast-seo-wordpress\/ -->\n<title>BiH tre\u0107a u svijetu po broju umrlih od koronavirusa - RADIO LJUBU\u0160KI<\/title>\n<meta name=\"robots\" content=\"index, follow, max-snippet:-1, max-image-preview:large, max-video-preview:-1\" \/>\n<link rel=\"canonical\" href=\"https:\/\/radioljubuski.ba\/index.php\/2021\/06\/20\/bih-treca-u-svijetu-po-broju-umrlih-od-koronavirusa\/\" \/>\n<meta property=\"og:locale\" content=\"hr_HR\" \/>\n<meta property=\"og:type\" content=\"article\" \/>\n<meta property=\"og:title\" content=\"BiH tre\u0107a u svijetu po broju umrlih od koronavirusa - RADIO LJUBU\u0160KI\" \/>\n<meta property=\"og:description\" content=\"U svijetu je od koronavirusa umrlo tri milijuna i 862.364 ljudi, dok je 178 milijuna i 125.020 zara\u017eeno, prenijela je danas agencija France-Presse novi bilans. Broj slu\u017ebeno zara\u017eenih ne odra\u017eava realan broj, po\u0161to mnoge zemlje testiraju samo pacijente kojima je potrebno bolni\u010dko lije\u010denje. SAD je zemlja koja je najte\u017ee pogo\u0111ena, po broju umrlih i broju [&hellip;]\" \/>\n<meta property=\"og:url\" content=\"https:\/\/radioljubuski.ba\/index.php\/2021\/06\/20\/bih-treca-u-svijetu-po-broju-umrlih-od-koronavirusa\/\" \/>\n<meta property=\"og:site_name\" content=\"RADIO LJUBU\u0160KI\" \/>\n<meta property=\"article:publisher\" content=\"https:\/\/www.facebook.com\/Radiio-Ljubuski-1490835324566332\" \/>\n<meta property=\"article:published_time\" content=\"2021-06-20T19:01:39+00:00\" \/>\n<meta property=\"article:modified_time\" content=\"2021-06-20T19:01:40+00:00\" \/>\n<meta property=\"og:image\" content=\"https:\/\/radioljubuski.ba\/wp-content\/uploads\/2021\/06\/2-2021-06-03-13-41-00-koronavirus-lijecnici.jpg\" \/>\n\t<meta property=\"og:image:width\" content=\"1000\" \/>\n\t<meta property=\"og:image:height\" content=\"625\" \/>\n\t<meta property=\"og:image:type\" content=\"image\/jpeg\" \/>\n<meta name=\"author\" content=\"Radio Ljubu\u0161ki\" \/>\n<meta name=\"twitter:card\" content=\"summary_large_image\" \/>\n<meta name=\"twitter:creator\" content=\"@radioljubuski\" \/>\n<meta name=\"twitter:site\" content=\"@radioljubuski\" \/>\n<meta name=\"twitter:label1\" content=\"Napisao\/la\" \/>\n\t<meta name=\"twitter:data1\" content=\"Radio Ljubu\u0161ki\" \/>\n\t<meta name=\"twitter:label2\" content=\"Procijenjeno vrijeme \u010ditanja\" \/>\n\t<meta name=\"twitter:data2\" content=\"1 minuta\" \/>\n<script type=\"application\/ld+json\" class=\"yoast-schema-graph\">{\"@context\":\"https:\\\/\\\/schema.org\",\"@graph\":[{\"@type\":\"Article\",\"@id\":\"https:\\\/\\\/radioljubuski.ba\\\/index.php\\\/2021\\\/06\\\/20\\\/bih-treca-u-svijetu-po-broju-umrlih-od-koronavirusa\\\/#article\",\"isPartOf\":{\"@id\":\"https:\\\/\\\/radioljubuski.ba\\\/index.php\\\/2021\\\/06\\\/20\\\/bih-treca-u-svijetu-po-broju-umrlih-od-koronavirusa\\\/\"},\"author\":{\"name\":\"Radio Ljubu\u0161ki\",\"@id\":\"https:\\\/\\\/radioljubuski.ba\\\/#\\\/schema\\\/person\\\/19fc700381a780f69665d7956c469e3b\"},\"headline\":\"BiH tre\u0107a u svijetu po broju umrlih od koronavirusa\",\"datePublished\":\"2021-06-20T19:01:39+00:00\",\"dateModified\":\"2021-06-20T19:01:40+00:00\",\"mainEntityOfPage\":{\"@id\":\"https:\\\/\\\/radioljubuski.ba\\\/index.php\\\/2021\\\/06\\\/20\\\/bih-treca-u-svijetu-po-broju-umrlih-od-koronavirusa\\\/\"},\"wordCount\":182,\"publisher\":{\"@id\":\"https:\\\/\\\/radioljubuski.ba\\\/#organization\"},\"image\":{\"@id\":\"https:\\\/\\\/radioljubuski.ba\\\/index.php\\\/2021\\\/06\\\/20\\\/bih-treca-u-svijetu-po-broju-umrlih-od-koronavirusa\\\/#primaryimage\"},\"thumbnailUrl\":\"https:\\\/\\\/radioljubuski.ba\\\/wp-content\\\/uploads\\\/2021\\\/06\\\/2-2021-06-03-13-41-00-koronavirus-lijecnici.jpg\",\"articleSection\":[\"BIH i regija\"],\"inLanguage\":\"hr\"},{\"@type\":\"WebPage\",\"@id\":\"https:\\\/\\\/radioljubuski.ba\\\/index.php\\\/2021\\\/06\\\/20\\\/bih-treca-u-svijetu-po-broju-umrlih-od-koronavirusa\\\/\",\"url\":\"https:\\\/\\\/radioljubuski.ba\\\/index.php\\\/2021\\\/06\\\/20\\\/bih-treca-u-svijetu-po-broju-umrlih-od-koronavirusa\\\/\",\"name\":\"BiH tre\u0107a u svijetu po broju umrlih od koronavirusa - RADIO LJUBU\u0160KI\",\"isPartOf\":{\"@id\":\"https:\\\/\\\/radioljubuski.ba\\\/#website\"},\"primaryImageOfPage\":{\"@id\":\"https:\\\/\\\/radioljubuski.ba\\\/index.php\\\/2021\\\/06\\\/20\\\/bih-treca-u-svijetu-po-broju-umrlih-od-koronavirusa\\\/#primaryimage\"},\"image\":{\"@id\":\"https:\\\/\\\/radioljubuski.ba\\\/index.php\\\/2021\\\/06\\\/20\\\/bih-treca-u-svijetu-po-broju-umrlih-od-koronavirusa\\\/#primaryimage\"},\"thumbnailUrl\":\"https:\\\/\\\/radioljubuski.ba\\\/wp-content\\\/uploads\\\/2021\\\/06\\\/2-2021-06-03-13-41-00-koronavirus-lijecnici.jpg\",\"datePublished\":\"2021-06-20T19:01:39+00:00\",\"dateModified\":\"2021-06-20T19:01:40+00:00\",\"breadcrumb\":{\"@id\":\"https:\\\/\\\/radioljubuski.ba\\\/index.php\\\/2021\\\/06\\\/20\\\/bih-treca-u-svijetu-po-broju-umrlih-od-koronavirusa\\\/#breadcrumb\"},\"inLanguage\":\"hr\",\"potentialAction\":[{\"@type\":\"ReadAction\",\"target\":[\"https:\\\/\\\/radioljubuski.ba\\\/index.php\\\/2021\\\/06\\\/20\\\/bih-treca-u-svijetu-po-broju-umrlih-od-koronavirusa\\\/\"]}]},{\"@type\":\"ImageObject\",\"inLanguage\":\"hr\",\"@id\":\"https:\\\/\\\/radioljubuski.ba\\\/index.php\\\/2021\\\/06\\\/20\\\/bih-treca-u-svijetu-po-broju-umrlih-od-koronavirusa\\\/#primaryimage\",\"url\":\"https:\\\/\\\/radioljubuski.ba\\\/wp-content\\\/uploads\\\/2021\\\/06\\\/2-2021-06-03-13-41-00-koronavirus-lijecnici.jpg\",\"contentUrl\":\"https:\\\/\\\/radioljubuski.ba\\\/wp-content\\\/uploads\\\/2021\\\/06\\\/2-2021-06-03-13-41-00-koronavirus-lijecnici.jpg\",\"width\":1000,\"height\":625},{\"@type\":\"BreadcrumbList\",\"@id\":\"https:\\\/\\\/radioljubuski.ba\\\/index.php\\\/2021\\\/06\\\/20\\\/bih-treca-u-svijetu-po-broju-umrlih-od-koronavirusa\\\/#breadcrumb\",\"itemListElement\":[{\"@type\":\"ListItem\",\"position\":1,\"name\":\"Po\u010detna stranica\",\"item\":\"https:\\\/\\\/radioljubuski.ba\\\/\"},{\"@type\":\"ListItem\",\"position\":2,\"name\":\"BiH tre\u0107a u svijetu po broju umrlih od koronavirusa\"}]},{\"@type\":\"WebSite\",\"@id\":\"https:\\\/\\\/radioljubuski.ba\\\/#website\",\"url\":\"https:\\\/\\\/radioljubuski.ba\\\/\",\"name\":\"Radio Ljubu\u0161ki\",\"description\":\"Sun\u010dana frekvencija Hercegovine\",\"publisher\":{\"@id\":\"https:\\\/\\\/radioljubuski.ba\\\/#organization\"},\"potentialAction\":[{\"@type\":\"SearchAction\",\"target\":{\"@type\":\"EntryPoint\",\"urlTemplate\":\"https:\\\/\\\/radioljubuski.ba\\\/?s={search_term_string}\"},\"query-input\":{\"@type\":\"PropertyValueSpecification\",\"valueRequired\":true,\"valueName\":\"search_term_string\"}}],\"inLanguage\":\"hr\"},{\"@type\":\"Organization\",\"@id\":\"https:\\\/\\\/radioljubuski.ba\\\/#organization\",\"name\":\"Radio Ljubu\u0161ki\",\"url\":\"https:\\\/\\\/radioljubuski.ba\\\/\",\"logo\":{\"@type\":\"ImageObject\",\"inLanguage\":\"hr\",\"@id\":\"https:\\\/\\\/radioljubuski.ba\\\/#\\\/schema\\\/logo\\\/image\\\/\",\"url\":\"https:\\\/\\\/radioljubuski.ba\\\/wp-content\\\/uploads\\\/2021\\\/02\\\/cropped-Radio_Ljubuski_logo1.jpg\",\"contentUrl\":\"https:\\\/\\\/radioljubuski.ba\\\/wp-content\\\/uploads\\\/2021\\\/02\\\/cropped-Radio_Ljubuski_logo1.jpg\",\"width\":512,\"height\":512,\"caption\":\"Radio Ljubu\u0161ki\"},\"image\":{\"@id\":\"https:\\\/\\\/radioljubuski.ba\\\/#\\\/schema\\\/logo\\\/image\\\/\"},\"sameAs\":[\"https:\\\/\\\/www.facebook.com\\\/Radiio-Ljubuski-1490835324566332\",\"https:\\\/\\\/x.com\\\/radioljubuski\",\"https:\\\/\\\/hr.linkedin.com\\\/company\\\/radio-ljubuski\",\"https:\\\/\\\/www.youtube.com\\\/channel\\\/UCHYaeO_n0Db3tjNGudGpXyw\"]},{\"@type\":\"Person\",\"@id\":\"https:\\\/\\\/radioljubuski.ba\\\/#\\\/schema\\\/person\\\/19fc700381a780f69665d7956c469e3b\",\"name\":\"Radio Ljubu\u0161ki\"}]}<\/script>\n<!-- \/ Yoast SEO plugin. -->","yoast_head_json":{"title":"BiH tre\u0107a u svijetu po broju umrlih od koronavirusa - RADIO LJUBU\u0160KI","robots":{"index":"index","follow":"follow","max-snippet":"max-snippet:-1","max-image-preview":"max-image-preview:large","max-video-preview":"max-video-preview:-1"},"canonical":"https:\/\/radioljubuski.ba\/index.php\/2021\/06\/20\/bih-treca-u-svijetu-po-broju-umrlih-od-koronavirusa\/","og_locale":"hr_HR","og_type":"article","og_title":"BiH tre\u0107a u svijetu po broju umrlih od koronavirusa - RADIO LJUBU\u0160KI","og_description":"U svijetu je od koronavirusa umrlo tri milijuna i 862.364 ljudi, dok je 178 milijuna i 125.020 zara\u017eeno, prenijela je danas agencija France-Presse novi bilans. Broj slu\u017ebeno zara\u017eenih ne odra\u017eava realan broj, po\u0161to mnoge zemlje testiraju samo pacijente kojima je potrebno bolni\u010dko lije\u010denje. SAD je zemlja koja je najte\u017ee pogo\u0111ena, po broju umrlih i broju [&hellip;]","og_url":"https:\/\/radioljubuski.ba\/index.php\/2021\/06\/20\/bih-treca-u-svijetu-po-broju-umrlih-od-koronavirusa\/","og_site_name":"RADIO LJUBU\u0160KI","article_publisher":"https:\/\/www.facebook.com\/Radiio-Ljubuski-1490835324566332","article_published_time":"2021-06-20T19:01:39+00:00","article_modified_time":"2021-06-20T19:01:40+00:00","og_image":[{"width":1000,"height":625,"url":"https:\/\/radioljubuski.ba\/wp-content\/uploads\/2021\/06\/2-2021-06-03-13-41-00-koronavirus-lijecnici.jpg","type":"image\/jpeg"}],"author":"Radio Ljubu\u0161ki","twitter_card":"summary_large_image","twitter_creator":"@radioljubuski","twitter_site":"@radioljubuski","twitter_misc":{"Napisao\/la":"Radio Ljubu\u0161ki","Procijenjeno vrijeme \u010ditanja":"1 minuta"},"schema":{"@context":"https:\/\/schema.org","@graph":[{"@type":"Article","@id":"https:\/\/radioljubuski.ba\/index.php\/2021\/06\/20\/bih-treca-u-svijetu-po-broju-umrlih-od-koronavirusa\/#article","isPartOf":{"@id":"https:\/\/radioljubuski.ba\/index.php\/2021\/06\/20\/bih-treca-u-svijetu-po-broju-umrlih-od-koronavirusa\/"},"author":{"name":"Radio Ljubu\u0161ki","@id":"https:\/\/radioljubuski.ba\/#\/schema\/person\/19fc700381a780f69665d7956c469e3b"},"headline":"BiH tre\u0107a u svijetu po broju umrlih od koronavirusa","datePublished":"2021-06-20T19:01:39+00:00","dateModified":"2021-06-20T19:01:40+00:00","mainEntityOfPage":{"@id":"https:\/\/radioljubuski.ba\/index.php\/2021\/06\/20\/bih-treca-u-svijetu-po-broju-umrlih-od-koronavirusa\/"},"wordCount":182,"publisher":{"@id":"https:\/\/radioljubuski.ba\/#organization"},"image":{"@id":"https:\/\/radioljubuski.ba\/index.php\/2021\/06\/20\/bih-treca-u-svijetu-po-broju-umrlih-od-koronavirusa\/#primaryimage"},"thumbnailUrl":"https:\/\/radioljubuski.ba\/wp-content\/uploads\/2021\/06\/2-2021-06-03-13-41-00-koronavirus-lijecnici.jpg","articleSection":["BIH i regija"],"inLanguage":"hr"},{"@type":"WebPage","@id":"https:\/\/radioljubuski.ba\/index.php\/2021\/06\/20\/bih-treca-u-svijetu-po-broju-umrlih-od-koronavirusa\/","url":"https:\/\/radioljubuski.ba\/index.php\/2021\/06\/20\/bih-treca-u-svijetu-po-broju-umrlih-od-koronavirusa\/","name":"BiH tre\u0107a u svijetu po broju umrlih od koronavirusa - RADIO LJUBU\u0160KI","isPartOf":{"@id":"https:\/\/radioljubuski.ba\/#website"},"primaryImageOfPage":{"@id":"https:\/\/radioljubuski.ba\/index.php\/2021\/06\/20\/bih-treca-u-svijetu-po-broju-umrlih-od-koronavirusa\/#primaryimage"},"image":{"@id":"https:\/\/radioljubuski.ba\/index.php\/2021\/06\/20\/bih-treca-u-svijetu-po-broju-umrlih-od-koronavirusa\/#primaryimage"},"thumbnailUrl":"https:\/\/radioljubuski.ba\/wp-content\/uploads\/2021\/06\/2-2021-06-03-13-41-00-koronavirus-lijecnici.jpg","datePublished":"2021-06-20T19:01:39+00:00","dateModified":"2021-06-20T19:01:40+00:00","breadcrumb":{"@id":"https:\/\/radioljubuski.ba\/index.php\/2021\/06\/20\/bih-treca-u-svijetu-po-broju-umrlih-od-koronavirusa\/#breadcrumb"},"inLanguage":"hr","potentialAction":[{"@type":"ReadAction","target":["https:\/\/radioljubuski.ba\/index.php\/2021\/06\/20\/bih-treca-u-svijetu-po-broju-umrlih-od-koronavirusa\/"]}]},{"@type":"ImageObject","inLanguage":"hr","@id":"https:\/\/radioljubuski.ba\/index.php\/2021\/06\/20\/bih-treca-u-svijetu-po-broju-umrlih-od-koronavirusa\/#primaryimage","url":"https:\/\/radioljubuski.ba\/wp-content\/uploads\/2021\/06\/2-2021-06-03-13-41-00-koronavirus-lijecnici.jpg","contentUrl":"https:\/\/radioljubuski.ba\/wp-content\/uploads\/2021\/06\/2-2021-06-03-13-41-00-koronavirus-lijecnici.jpg","width":1000,"height":625},{"@type":"BreadcrumbList","@id":"https:\/\/radioljubuski.ba\/index.php\/2021\/06\/20\/bih-treca-u-svijetu-po-broju-umrlih-od-koronavirusa\/#breadcrumb","itemListElement":[{"@type":"ListItem","position":1,"name":"Po\u010detna stranica","item":"https:\/\/radioljubuski.ba\/"},{"@type":"ListItem","position":2,"name":"BiH tre\u0107a u svijetu po broju umrlih od koronavirusa"}]},{"@type":"WebSite","@id":"https:\/\/radioljubuski.ba\/#website","url":"https:\/\/radioljubuski.ba\/","name":"Radio Ljubu\u0161ki","description":"Sun\u010dana frekvencija Hercegovine","publisher":{"@id":"https:\/\/radioljubuski.ba\/#organization"},"potentialAction":[{"@type":"SearchAction","target":{"@type":"EntryPoint","urlTemplate":"https:\/\/radioljubuski.ba\/?s={search_term_string}"},"query-input":{"@type":"PropertyValueSpecification","valueRequired":true,"valueName":"search_term_string"}}],"inLanguage":"hr"},{"@type":"Organization","@id":"https:\/\/radioljubuski.ba\/#organization","name":"Radio Ljubu\u0161ki","url":"https:\/\/radioljubuski.ba\/","logo":{"@type":"ImageObject","inLanguage":"hr","@id":"https:\/\/radioljubuski.ba\/#\/schema\/logo\/image\/","url":"https:\/\/radioljubuski.ba\/wp-content\/uploads\/2021\/02\/cropped-Radio_Ljubuski_logo1.jpg","contentUrl":"https:\/\/radioljubuski.ba\/wp-content\/uploads\/2021\/02\/cropped-Radio_Ljubuski_logo1.jpg","width":512,"height":512,"caption":"Radio Ljubu\u0161ki"},"image":{"@id":"https:\/\/radioljubuski.ba\/#\/schema\/logo\/image\/"},"sameAs":["https:\/\/www.facebook.com\/Radiio-Ljubuski-1490835324566332","https:\/\/x.com\/radioljubuski","https:\/\/hr.linkedin.com\/company\/radio-ljubuski","https:\/\/www.youtube.com\/channel\/UCHYaeO_n0Db3tjNGudGpXyw"]},{"@type":"Person","@id":"https:\/\/radioljubuski.ba\/#\/schema\/person\/19fc700381a780f69665d7956c469e3b","name":"Radio Ljubu\u0161ki"}]}},"_links":{"self":[{"href":"https:\/\/radioljubuski.ba\/index.php\/wp-json\/wp\/v2\/posts\/34202","targetHints":{"allow":["GET"]}}],"collection":[{"href":"https:\/\/radioljubuski.ba\/index.php\/wp-json\/wp\/v2\/posts"}],"about":[{"href":"https:\/\/radioljubuski.ba\/index.php\/wp-json\/wp\/v2\/types\/post"}],"author":[{"embeddable":true,"href":"https:\/\/radioljubuski.ba\/index.php\/wp-json\/wp\/v2\/users\/2"}],"replies":[{"embeddable":true,"href":"https:\/\/radioljubuski.ba\/index.php\/wp-json\/wp\/v2\/comments?post=34202"}],"version-history":[{"count":1,"href":"https:\/\/radioljubuski.ba\/index.php\/wp-json\/wp\/v2\/posts\/34202\/revisions"}],"predecessor-version":[{"id":34204,"href":"https:\/\/radioljubuski.ba\/index.php\/wp-json\/wp\/v2\/posts\/34202\/revisions\/34204"}],"wp:featuredmedia":[{"embeddable":true,"href":"https:\/\/radioljubuski.ba\/index.php\/wp-json\/wp\/v2\/media\/34203"}],"wp:attachment":[{"href":"https:\/\/radioljubuski.ba\/index.php\/wp-json\/wp\/v2\/media?parent=34202"}],"wp:term":[{"taxonomy":"category","embeddable":true,"href":"https:\/\/radioljubuski.ba\/index.php\/wp-json\/wp\/v2\/categories?post=34202"},{"taxonomy":"post_tag","embeddable":true,"href":"https:\/\/radioljubuski.ba\/index.php\/wp-json\/wp\/v2\/tags?post=34202"}],"curies":[{"name":"wp","href":"https:\/\/api.w.org\/{rel}","templated":true}]}}