{"id":34214,"date":"2021-06-20T20:07:18","date_gmt":"2021-06-20T19:07:18","guid":{"rendered":"https:\/\/radioljubuski.ba\/?p=34214"},"modified":"2021-06-20T20:07:19","modified_gmt":"2021-06-20T19:07:19","slug":"cijene-namirnica-u-bih-rastu-a-gramaza-proizvoda-sve-manja","status":"publish","type":"post","link":"https:\/\/radioljubuski.ba\/index.php\/2021\/06\/20\/cijene-namirnica-u-bih-rastu-a-gramaza-proizvoda-sve-manja\/","title":{"rendered":"Cijene namirnica u BiH rastu, a grama\u017ea proizvoda sve manja"},"content":{"rendered":"\n<p>Cijene proizvoda i usluga koje se koriste za osobnu potro\u0161nju u BiH, mjerene indeksom potro\u0161a\u010dkih cijena u travnju 2021. u odnosu na o\u017eujak, u prosjeku su zabilje\u017eile pad za 0,3%. No, smanjenje cijena gra\u0111ani nisu osjetili jer su zabilje\u017eene vi\u0161e cijene hrane, alkoholnih i bezalkoholnih pi\u0107a, duhana, odje\u0107e i obu\u0107e, namje\u0161taja i ku\u0107anskih ure\u0111aja, zdravstvenih usluga, kao i cijene u restoranima. S druge strane, zabilje\u017eene su ni\u017ee cijene stanovanja i re\u017eija, komunikacija te rekreacije i kulture, pi\u0161e Ve\u010dernji list BiH.<\/p>\n\n\n\n<p>Trend prisutan desetlje\u0107e<\/p>\n\n\n\n<p>Ulje, meso i gorivo samo su neki od proizvoda \u010dije su cijene posljednjih nekoliko mjeseci u porastu. Gra\u0111ani su posebno ogor\u010deni na cijenu ulja, koja je od kraja o\u017eujka do sredine lipnja sko\u010dila od 10 do 20%. Ono \u0161to su gra\u0111ani posebno osjetili jest i nova cijena goriva. Pro\u0161logodi\u0161nje cijene goriva na benzinskim crpkama, kada smo za litru benzina pla\u0107ali 1,60 KM, odavno su postale pro\u0161lost. Cijene su za godinu uz blagi, ali konstantan rast, vi\u0161e u prosjeku od 40 do 50 feninga po litri. Osim voza\u010da, poskupljenje \u0107e neizravno osjetiti svi potro\u0161a\u010di s obzirom na to da cijena nafte utje\u010de na rast cijena ostalih roba i usluga. Iz udruga potro\u0161a\u010da ka\u017eu da su posljednjih tjedana zatrpani pritu\u017ebama gra\u0111ana. Potro\u0161a\u010di se \u017eale i da su trgovci ponovno po\u010deli praviti manja pakiranja odre\u0111enih namirnica po istoj cijeni kako bi, na neki na\u010din, prikrili tiho poskupljenje.<\/p>\n\n\n\n<p>&#8211; Ovo nema smisla, svaki mjesec kupujemo sve manje proizvoda, a ra\u010duni su nam sve ve\u0107i. O pakiranjima da i ne govorimo, grama\u017ea ve\u0107ine proizvoda sve je manja, a cijena je ista ili \u010dak i ve\u0107a. Pakiranja su postala takva da, primjerice, umjesto jedne vre\u0107ice tjestenine za obiteljski ru\u010dak moram skuhati jednu i pol vre\u0107icu &#8211; kazala nam je jedna ogor\u010dena ku\u0107anica. Kakvo je stanje glede smanjivanja grama\u017ee proizvoda i rasta cijena, provjerili smo u Instituciji ombudsmana za za\u0161titu potro\u0161a\u010da BiH Sa\u0161e Mari\u0107a. &#8211; Trend smanjivanja grama\u017ee proizvoda prisutan je ve\u0107 nekih desetak godina. Tako, primjerice, \u010dokolada, \u010dija je grama\u017ea prije bila 100 grama, pala je na 80 pa na 70 g, a cijene su ostale iste. Mnoge stvari koje se prodaju potro\u0161a\u010dima u posljednje desetlje\u0107e do\u017eivjele su promjene u smislu da se grama\u017ea smanjuje, da se sastojci u proizvodima mijenjaju u smislu da se smanjuje udio kakaa u proizvodu dok cijene ostaju iste. Ta smanjenja su sasvim valjana, nema tu ni\u0161ta protuzakonito. Tu je bitno upozoriti potro\u0161a\u010de da paze na takve stvari jer su i dalje neki proizvodi ostali isti u smislu grama\u017ee, dok su drugi smanjeni &#8211; kazao je Mari\u0107. Prema njegovim rije\u010dima, ljudi se iznena\u0111uju\u0107e nedovoljno \u017eale.<\/p>\n\n\n\n<p>Rijetki se \u017eale<\/p>\n\n\n\n<p>&#8211; U posljednjih 12 mjeseci dobili smo ne\u0161to vi\u0161e od tisu\u0107u razli\u010ditih \u017ealbi potro\u0161a\u010da, od toga se otprilike 10 posto odnosi na pove\u0107anje cijena. Ljudi nekako letargi\u010dno gledaju na rast cijena, ne znaju \u0161to uraditi glede toga. I COVID je dosta pridonio tome da postoji realno pove\u0107anje cijena, ali ne treba zanemariti \u010dinjenicu kako pojedini trgovci koriste situaciju za neopravdano pove\u0107anje cijena. Ljudi smatraju kako nije ure\u0111en sustav i prestali su se boriti, a u biti se ne bi trebali prestati boriti za svoja potro\u0161a\u010dka prava. Mi smo pro\u0161le godine uspje\u0161no rije\u0161ili veliki broj \u017ealbi &#8211; kazao je Mari\u0107. Na\u017ealost, posljednjih godina potro\u0161a\u010dka ko\u0161arica nam je na razini one u zapadnim, a pla\u0107e ispod onih u isto\u010dnim zemljama.&nbsp;<\/p>\n\n\n\n<p>Izvor:vecernji.ba<\/p>\n","protected":false},"excerpt":{"rendered":"<p>Cijene proizvoda i usluga koje se koriste za osobnu potro\u0161nju u BiH, mjerene indeksom potro\u0161a\u010dkih cijena u travnju 2021. u odnosu na o\u017eujak, u prosjeku su zabilje\u017eile pad za 0,3%. No, smanjenje cijena gra\u0111ani nisu osjetili jer su zabilje\u017eene vi\u0161e cijene hrane, alkoholnih i bezalkoholnih pi\u0107a, duhana, odje\u0107e i obu\u0107e, namje\u0161taja i ku\u0107anskih ure\u0111aja, zdravstvenih [&hellip;]<\/p>\n","protected":false},"author":2,"featured_media":12249,"comment_status":"closed","ping_status":"closed","sticky":false,"template":"","format":"standard","meta":{"h5ap_radio_sources":[],"footnotes":""},"categories":[1],"tags":[],"class_list":["post-34214","post","type-post","status-publish","format-standard","has-post-thumbnail","hentry","category-bihiregija"],"yoast_head":"<!-- This site is optimized with the Yoast SEO plugin v27.5 - https:\/\/yoast.com\/product\/yoast-seo-wordpress\/ -->\n<title>Cijene namirnica u BiH rastu, a grama\u017ea proizvoda sve manja - RADIO LJUBU\u0160KI<\/title>\n<meta name=\"robots\" content=\"index, follow, max-snippet:-1, max-image-preview:large, max-video-preview:-1\" \/>\n<link rel=\"canonical\" href=\"https:\/\/radioljubuski.ba\/index.php\/2021\/06\/20\/cijene-namirnica-u-bih-rastu-a-gramaza-proizvoda-sve-manja\/\" \/>\n<meta property=\"og:locale\" content=\"hr_HR\" \/>\n<meta property=\"og:type\" content=\"article\" \/>\n<meta property=\"og:title\" content=\"Cijene namirnica u BiH rastu, a grama\u017ea proizvoda sve manja - RADIO LJUBU\u0160KI\" \/>\n<meta property=\"og:description\" content=\"Cijene proizvoda i usluga koje se koriste za osobnu potro\u0161nju u BiH, mjerene indeksom potro\u0161a\u010dkih cijena u travnju 2021. u odnosu na o\u017eujak, u prosjeku su zabilje\u017eile pad za 0,3%. No, smanjenje cijena gra\u0111ani nisu osjetili jer su zabilje\u017eene vi\u0161e cijene hrane, alkoholnih i bezalkoholnih pi\u0107a, duhana, odje\u0107e i obu\u0107e, namje\u0161taja i ku\u0107anskih ure\u0111aja, zdravstvenih [&hellip;]\" \/>\n<meta property=\"og:url\" content=\"https:\/\/radioljubuski.ba\/index.php\/2021\/06\/20\/cijene-namirnica-u-bih-rastu-a-gramaza-proizvoda-sve-manja\/\" \/>\n<meta property=\"og:site_name\" content=\"RADIO LJUBU\u0160KI\" \/>\n<meta property=\"article:publisher\" content=\"https:\/\/www.facebook.com\/Radiio-Ljubuski-1490835324566332\" \/>\n<meta property=\"article:published_time\" content=\"2021-06-20T19:07:18+00:00\" \/>\n<meta property=\"article:modified_time\" content=\"2021-06-20T19:07:19+00:00\" \/>\n<meta property=\"og:image\" content=\"https:\/\/radioljubuski.ba\/wp-content\/uploads\/2021\/04\/2-2021-04-12-10-20-34-kosarica.jpeg\" \/>\n\t<meta property=\"og:image:width\" content=\"1000\" \/>\n\t<meta property=\"og:image:height\" content=\"625\" \/>\n\t<meta property=\"og:image:type\" content=\"image\/jpeg\" \/>\n<meta name=\"author\" content=\"Radio Ljubu\u0161ki\" \/>\n<meta name=\"twitter:card\" content=\"summary_large_image\" \/>\n<meta name=\"twitter:creator\" content=\"@radioljubuski\" \/>\n<meta name=\"twitter:site\" content=\"@radioljubuski\" \/>\n<meta name=\"twitter:label1\" content=\"Napisao\/la\" \/>\n\t<meta name=\"twitter:data1\" content=\"Radio Ljubu\u0161ki\" \/>\n\t<meta name=\"twitter:label2\" content=\"Procijenjeno vrijeme \u010ditanja\" \/>\n\t<meta name=\"twitter:data2\" content=\"3 minute\" \/>\n<script type=\"application\/ld+json\" class=\"yoast-schema-graph\">{\"@context\":\"https:\\\/\\\/schema.org\",\"@graph\":[{\"@type\":\"Article\",\"@id\":\"https:\\\/\\\/radioljubuski.ba\\\/index.php\\\/2021\\\/06\\\/20\\\/cijene-namirnica-u-bih-rastu-a-gramaza-proizvoda-sve-manja\\\/#article\",\"isPartOf\":{\"@id\":\"https:\\\/\\\/radioljubuski.ba\\\/index.php\\\/2021\\\/06\\\/20\\\/cijene-namirnica-u-bih-rastu-a-gramaza-proizvoda-sve-manja\\\/\"},\"author\":{\"name\":\"Radio Ljubu\u0161ki\",\"@id\":\"https:\\\/\\\/radioljubuski.ba\\\/#\\\/schema\\\/person\\\/19fc700381a780f69665d7956c469e3b\"},\"headline\":\"Cijene namirnica u BiH rastu, a grama\u017ea proizvoda sve manja\",\"datePublished\":\"2021-06-20T19:07:18+00:00\",\"dateModified\":\"2021-06-20T19:07:19+00:00\",\"mainEntityOfPage\":{\"@id\":\"https:\\\/\\\/radioljubuski.ba\\\/index.php\\\/2021\\\/06\\\/20\\\/cijene-namirnica-u-bih-rastu-a-gramaza-proizvoda-sve-manja\\\/\"},\"wordCount\":647,\"publisher\":{\"@id\":\"https:\\\/\\\/radioljubuski.ba\\\/#organization\"},\"image\":{\"@id\":\"https:\\\/\\\/radioljubuski.ba\\\/index.php\\\/2021\\\/06\\\/20\\\/cijene-namirnica-u-bih-rastu-a-gramaza-proizvoda-sve-manja\\\/#primaryimage\"},\"thumbnailUrl\":\"https:\\\/\\\/radioljubuski.ba\\\/wp-content\\\/uploads\\\/2021\\\/04\\\/2-2021-04-12-10-20-34-kosarica.jpeg\",\"articleSection\":[\"BIH i regija\"],\"inLanguage\":\"hr\"},{\"@type\":\"WebPage\",\"@id\":\"https:\\\/\\\/radioljubuski.ba\\\/index.php\\\/2021\\\/06\\\/20\\\/cijene-namirnica-u-bih-rastu-a-gramaza-proizvoda-sve-manja\\\/\",\"url\":\"https:\\\/\\\/radioljubuski.ba\\\/index.php\\\/2021\\\/06\\\/20\\\/cijene-namirnica-u-bih-rastu-a-gramaza-proizvoda-sve-manja\\\/\",\"name\":\"Cijene namirnica u BiH rastu, a grama\u017ea proizvoda sve manja - RADIO LJUBU\u0160KI\",\"isPartOf\":{\"@id\":\"https:\\\/\\\/radioljubuski.ba\\\/#website\"},\"primaryImageOfPage\":{\"@id\":\"https:\\\/\\\/radioljubuski.ba\\\/index.php\\\/2021\\\/06\\\/20\\\/cijene-namirnica-u-bih-rastu-a-gramaza-proizvoda-sve-manja\\\/#primaryimage\"},\"image\":{\"@id\":\"https:\\\/\\\/radioljubuski.ba\\\/index.php\\\/2021\\\/06\\\/20\\\/cijene-namirnica-u-bih-rastu-a-gramaza-proizvoda-sve-manja\\\/#primaryimage\"},\"thumbnailUrl\":\"https:\\\/\\\/radioljubuski.ba\\\/wp-content\\\/uploads\\\/2021\\\/04\\\/2-2021-04-12-10-20-34-kosarica.jpeg\",\"datePublished\":\"2021-06-20T19:07:18+00:00\",\"dateModified\":\"2021-06-20T19:07:19+00:00\",\"breadcrumb\":{\"@id\":\"https:\\\/\\\/radioljubuski.ba\\\/index.php\\\/2021\\\/06\\\/20\\\/cijene-namirnica-u-bih-rastu-a-gramaza-proizvoda-sve-manja\\\/#breadcrumb\"},\"inLanguage\":\"hr\",\"potentialAction\":[{\"@type\":\"ReadAction\",\"target\":[\"https:\\\/\\\/radioljubuski.ba\\\/index.php\\\/2021\\\/06\\\/20\\\/cijene-namirnica-u-bih-rastu-a-gramaza-proizvoda-sve-manja\\\/\"]}]},{\"@type\":\"ImageObject\",\"inLanguage\":\"hr\",\"@id\":\"https:\\\/\\\/radioljubuski.ba\\\/index.php\\\/2021\\\/06\\\/20\\\/cijene-namirnica-u-bih-rastu-a-gramaza-proizvoda-sve-manja\\\/#primaryimage\",\"url\":\"https:\\\/\\\/radioljubuski.ba\\\/wp-content\\\/uploads\\\/2021\\\/04\\\/2-2021-04-12-10-20-34-kosarica.jpeg\",\"contentUrl\":\"https:\\\/\\\/radioljubuski.ba\\\/wp-content\\\/uploads\\\/2021\\\/04\\\/2-2021-04-12-10-20-34-kosarica.jpeg\",\"width\":1000,\"height\":625},{\"@type\":\"BreadcrumbList\",\"@id\":\"https:\\\/\\\/radioljubuski.ba\\\/index.php\\\/2021\\\/06\\\/20\\\/cijene-namirnica-u-bih-rastu-a-gramaza-proizvoda-sve-manja\\\/#breadcrumb\",\"itemListElement\":[{\"@type\":\"ListItem\",\"position\":1,\"name\":\"Po\u010detna stranica\",\"item\":\"https:\\\/\\\/radioljubuski.ba\\\/\"},{\"@type\":\"ListItem\",\"position\":2,\"name\":\"Cijene namirnica u BiH rastu, a grama\u017ea proizvoda sve manja\"}]},{\"@type\":\"WebSite\",\"@id\":\"https:\\\/\\\/radioljubuski.ba\\\/#website\",\"url\":\"https:\\\/\\\/radioljubuski.ba\\\/\",\"name\":\"Radio Ljubu\u0161ki\",\"description\":\"Sun\u010dana frekvencija Hercegovine\",\"publisher\":{\"@id\":\"https:\\\/\\\/radioljubuski.ba\\\/#organization\"},\"potentialAction\":[{\"@type\":\"SearchAction\",\"target\":{\"@type\":\"EntryPoint\",\"urlTemplate\":\"https:\\\/\\\/radioljubuski.ba\\\/?s={search_term_string}\"},\"query-input\":{\"@type\":\"PropertyValueSpecification\",\"valueRequired\":true,\"valueName\":\"search_term_string\"}}],\"inLanguage\":\"hr\"},{\"@type\":\"Organization\",\"@id\":\"https:\\\/\\\/radioljubuski.ba\\\/#organization\",\"name\":\"Radio Ljubu\u0161ki\",\"url\":\"https:\\\/\\\/radioljubuski.ba\\\/\",\"logo\":{\"@type\":\"ImageObject\",\"inLanguage\":\"hr\",\"@id\":\"https:\\\/\\\/radioljubuski.ba\\\/#\\\/schema\\\/logo\\\/image\\\/\",\"url\":\"https:\\\/\\\/radioljubuski.ba\\\/wp-content\\\/uploads\\\/2021\\\/02\\\/cropped-Radio_Ljubuski_logo1.jpg\",\"contentUrl\":\"https:\\\/\\\/radioljubuski.ba\\\/wp-content\\\/uploads\\\/2021\\\/02\\\/cropped-Radio_Ljubuski_logo1.jpg\",\"width\":512,\"height\":512,\"caption\":\"Radio Ljubu\u0161ki\"},\"image\":{\"@id\":\"https:\\\/\\\/radioljubuski.ba\\\/#\\\/schema\\\/logo\\\/image\\\/\"},\"sameAs\":[\"https:\\\/\\\/www.facebook.com\\\/Radiio-Ljubuski-1490835324566332\",\"https:\\\/\\\/x.com\\\/radioljubuski\",\"https:\\\/\\\/hr.linkedin.com\\\/company\\\/radio-ljubuski\",\"https:\\\/\\\/www.youtube.com\\\/channel\\\/UCHYaeO_n0Db3tjNGudGpXyw\"]},{\"@type\":\"Person\",\"@id\":\"https:\\\/\\\/radioljubuski.ba\\\/#\\\/schema\\\/person\\\/19fc700381a780f69665d7956c469e3b\",\"name\":\"Radio Ljubu\u0161ki\"}]}<\/script>\n<!-- \/ Yoast SEO plugin. -->","yoast_head_json":{"title":"Cijene namirnica u BiH rastu, a grama\u017ea proizvoda sve manja - RADIO LJUBU\u0160KI","robots":{"index":"index","follow":"follow","max-snippet":"max-snippet:-1","max-image-preview":"max-image-preview:large","max-video-preview":"max-video-preview:-1"},"canonical":"https:\/\/radioljubuski.ba\/index.php\/2021\/06\/20\/cijene-namirnica-u-bih-rastu-a-gramaza-proizvoda-sve-manja\/","og_locale":"hr_HR","og_type":"article","og_title":"Cijene namirnica u BiH rastu, a grama\u017ea proizvoda sve manja - RADIO LJUBU\u0160KI","og_description":"Cijene proizvoda i usluga koje se koriste za osobnu potro\u0161nju u BiH, mjerene indeksom potro\u0161a\u010dkih cijena u travnju 2021. u odnosu na o\u017eujak, u prosjeku su zabilje\u017eile pad za 0,3%. No, smanjenje cijena gra\u0111ani nisu osjetili jer su zabilje\u017eene vi\u0161e cijene hrane, alkoholnih i bezalkoholnih pi\u0107a, duhana, odje\u0107e i obu\u0107e, namje\u0161taja i ku\u0107anskih ure\u0111aja, zdravstvenih [&hellip;]","og_url":"https:\/\/radioljubuski.ba\/index.php\/2021\/06\/20\/cijene-namirnica-u-bih-rastu-a-gramaza-proizvoda-sve-manja\/","og_site_name":"RADIO LJUBU\u0160KI","article_publisher":"https:\/\/www.facebook.com\/Radiio-Ljubuski-1490835324566332","article_published_time":"2021-06-20T19:07:18+00:00","article_modified_time":"2021-06-20T19:07:19+00:00","og_image":[{"width":1000,"height":625,"url":"https:\/\/radioljubuski.ba\/wp-content\/uploads\/2021\/04\/2-2021-04-12-10-20-34-kosarica.jpeg","type":"image\/jpeg"}],"author":"Radio Ljubu\u0161ki","twitter_card":"summary_large_image","twitter_creator":"@radioljubuski","twitter_site":"@radioljubuski","twitter_misc":{"Napisao\/la":"Radio Ljubu\u0161ki","Procijenjeno vrijeme \u010ditanja":"3 minute"},"schema":{"@context":"https:\/\/schema.org","@graph":[{"@type":"Article","@id":"https:\/\/radioljubuski.ba\/index.php\/2021\/06\/20\/cijene-namirnica-u-bih-rastu-a-gramaza-proizvoda-sve-manja\/#article","isPartOf":{"@id":"https:\/\/radioljubuski.ba\/index.php\/2021\/06\/20\/cijene-namirnica-u-bih-rastu-a-gramaza-proizvoda-sve-manja\/"},"author":{"name":"Radio Ljubu\u0161ki","@id":"https:\/\/radioljubuski.ba\/#\/schema\/person\/19fc700381a780f69665d7956c469e3b"},"headline":"Cijene namirnica u BiH rastu, a grama\u017ea proizvoda sve manja","datePublished":"2021-06-20T19:07:18+00:00","dateModified":"2021-06-20T19:07:19+00:00","mainEntityOfPage":{"@id":"https:\/\/radioljubuski.ba\/index.php\/2021\/06\/20\/cijene-namirnica-u-bih-rastu-a-gramaza-proizvoda-sve-manja\/"},"wordCount":647,"publisher":{"@id":"https:\/\/radioljubuski.ba\/#organization"},"image":{"@id":"https:\/\/radioljubuski.ba\/index.php\/2021\/06\/20\/cijene-namirnica-u-bih-rastu-a-gramaza-proizvoda-sve-manja\/#primaryimage"},"thumbnailUrl":"https:\/\/radioljubuski.ba\/wp-content\/uploads\/2021\/04\/2-2021-04-12-10-20-34-kosarica.jpeg","articleSection":["BIH i regija"],"inLanguage":"hr"},{"@type":"WebPage","@id":"https:\/\/radioljubuski.ba\/index.php\/2021\/06\/20\/cijene-namirnica-u-bih-rastu-a-gramaza-proizvoda-sve-manja\/","url":"https:\/\/radioljubuski.ba\/index.php\/2021\/06\/20\/cijene-namirnica-u-bih-rastu-a-gramaza-proizvoda-sve-manja\/","name":"Cijene namirnica u BiH rastu, a grama\u017ea proizvoda sve manja - RADIO LJUBU\u0160KI","isPartOf":{"@id":"https:\/\/radioljubuski.ba\/#website"},"primaryImageOfPage":{"@id":"https:\/\/radioljubuski.ba\/index.php\/2021\/06\/20\/cijene-namirnica-u-bih-rastu-a-gramaza-proizvoda-sve-manja\/#primaryimage"},"image":{"@id":"https:\/\/radioljubuski.ba\/index.php\/2021\/06\/20\/cijene-namirnica-u-bih-rastu-a-gramaza-proizvoda-sve-manja\/#primaryimage"},"thumbnailUrl":"https:\/\/radioljubuski.ba\/wp-content\/uploads\/2021\/04\/2-2021-04-12-10-20-34-kosarica.jpeg","datePublished":"2021-06-20T19:07:18+00:00","dateModified":"2021-06-20T19:07:19+00:00","breadcrumb":{"@id":"https:\/\/radioljubuski.ba\/index.php\/2021\/06\/20\/cijene-namirnica-u-bih-rastu-a-gramaza-proizvoda-sve-manja\/#breadcrumb"},"inLanguage":"hr","potentialAction":[{"@type":"ReadAction","target":["https:\/\/radioljubuski.ba\/index.php\/2021\/06\/20\/cijene-namirnica-u-bih-rastu-a-gramaza-proizvoda-sve-manja\/"]}]},{"@type":"ImageObject","inLanguage":"hr","@id":"https:\/\/radioljubuski.ba\/index.php\/2021\/06\/20\/cijene-namirnica-u-bih-rastu-a-gramaza-proizvoda-sve-manja\/#primaryimage","url":"https:\/\/radioljubuski.ba\/wp-content\/uploads\/2021\/04\/2-2021-04-12-10-20-34-kosarica.jpeg","contentUrl":"https:\/\/radioljubuski.ba\/wp-content\/uploads\/2021\/04\/2-2021-04-12-10-20-34-kosarica.jpeg","width":1000,"height":625},{"@type":"BreadcrumbList","@id":"https:\/\/radioljubuski.ba\/index.php\/2021\/06\/20\/cijene-namirnica-u-bih-rastu-a-gramaza-proizvoda-sve-manja\/#breadcrumb","itemListElement":[{"@type":"ListItem","position":1,"name":"Po\u010detna stranica","item":"https:\/\/radioljubuski.ba\/"},{"@type":"ListItem","position":2,"name":"Cijene namirnica u BiH rastu, a grama\u017ea proizvoda sve manja"}]},{"@type":"WebSite","@id":"https:\/\/radioljubuski.ba\/#website","url":"https:\/\/radioljubuski.ba\/","name":"Radio Ljubu\u0161ki","description":"Sun\u010dana frekvencija Hercegovine","publisher":{"@id":"https:\/\/radioljubuski.ba\/#organization"},"potentialAction":[{"@type":"SearchAction","target":{"@type":"EntryPoint","urlTemplate":"https:\/\/radioljubuski.ba\/?s={search_term_string}"},"query-input":{"@type":"PropertyValueSpecification","valueRequired":true,"valueName":"search_term_string"}}],"inLanguage":"hr"},{"@type":"Organization","@id":"https:\/\/radioljubuski.ba\/#organization","name":"Radio Ljubu\u0161ki","url":"https:\/\/radioljubuski.ba\/","logo":{"@type":"ImageObject","inLanguage":"hr","@id":"https:\/\/radioljubuski.ba\/#\/schema\/logo\/image\/","url":"https:\/\/radioljubuski.ba\/wp-content\/uploads\/2021\/02\/cropped-Radio_Ljubuski_logo1.jpg","contentUrl":"https:\/\/radioljubuski.ba\/wp-content\/uploads\/2021\/02\/cropped-Radio_Ljubuski_logo1.jpg","width":512,"height":512,"caption":"Radio Ljubu\u0161ki"},"image":{"@id":"https:\/\/radioljubuski.ba\/#\/schema\/logo\/image\/"},"sameAs":["https:\/\/www.facebook.com\/Radiio-Ljubuski-1490835324566332","https:\/\/x.com\/radioljubuski","https:\/\/hr.linkedin.com\/company\/radio-ljubuski","https:\/\/www.youtube.com\/channel\/UCHYaeO_n0Db3tjNGudGpXyw"]},{"@type":"Person","@id":"https:\/\/radioljubuski.ba\/#\/schema\/person\/19fc700381a780f69665d7956c469e3b","name":"Radio Ljubu\u0161ki"}]}},"_links":{"self":[{"href":"https:\/\/radioljubuski.ba\/index.php\/wp-json\/wp\/v2\/posts\/34214","targetHints":{"allow":["GET"]}}],"collection":[{"href":"https:\/\/radioljubuski.ba\/index.php\/wp-json\/wp\/v2\/posts"}],"about":[{"href":"https:\/\/radioljubuski.ba\/index.php\/wp-json\/wp\/v2\/types\/post"}],"author":[{"embeddable":true,"href":"https:\/\/radioljubuski.ba\/index.php\/wp-json\/wp\/v2\/users\/2"}],"replies":[{"embeddable":true,"href":"https:\/\/radioljubuski.ba\/index.php\/wp-json\/wp\/v2\/comments?post=34214"}],"version-history":[{"count":1,"href":"https:\/\/radioljubuski.ba\/index.php\/wp-json\/wp\/v2\/posts\/34214\/revisions"}],"predecessor-version":[{"id":34215,"href":"https:\/\/radioljubuski.ba\/index.php\/wp-json\/wp\/v2\/posts\/34214\/revisions\/34215"}],"wp:featuredmedia":[{"embeddable":true,"href":"https:\/\/radioljubuski.ba\/index.php\/wp-json\/wp\/v2\/media\/12249"}],"wp:attachment":[{"href":"https:\/\/radioljubuski.ba\/index.php\/wp-json\/wp\/v2\/media?parent=34214"}],"wp:term":[{"taxonomy":"category","embeddable":true,"href":"https:\/\/radioljubuski.ba\/index.php\/wp-json\/wp\/v2\/categories?post=34214"},{"taxonomy":"post_tag","embeddable":true,"href":"https:\/\/radioljubuski.ba\/index.php\/wp-json\/wp\/v2\/tags?post=34214"}],"curies":[{"name":"wp","href":"https:\/\/api.w.org\/{rel}","templated":true}]}}