{"id":34222,"date":"2021-06-20T20:10:57","date_gmt":"2021-06-20T19:10:57","guid":{"rendered":"https:\/\/radioljubuski.ba\/?p=34222"},"modified":"2021-06-20T20:10:58","modified_gmt":"2021-06-20T19:10:58","slug":"sest-mogucih-razloga-zbog-kojih-ujutro-ne-osjecate-glad","status":"publish","type":"post","link":"https:\/\/radioljubuski.ba\/index.php\/2021\/06\/20\/sest-mogucih-razloga-zbog-kojih-ujutro-ne-osjecate-glad\/","title":{"rendered":"\u0160est mogu\u0107ih razloga zbog kojih ujutro ne osje\u0107ate glad"},"content":{"rendered":"\n<p>Sigurno ste ve\u0107 \u010duli da je doru\u010dak najva\u017eniji obrok u danu. Ali to ne zna\u010di da se mo\u017eete natjerati da ujutro osje\u0107ate glad. Upravo zato prakticiranje zdravog doru\u010dka mo\u017ee se \u010diniti poprili\u010dno izazovnim zadatkom.<\/p>\n\n\n\n<p>Iako bi u nekim slu\u010dajevima nedostatak gladi ujutro mogao biti znak ozbiljnog problema, to je naj\u010de\u0161\u0107e sasvim normalno i nema razloga za zabrinutost.<\/p>\n\n\n\n<p>Evo 6 mogu\u0107ih razloga zbog kojih ujutro mo\u017eda ne\u0107ete osje\u0107ati glad.<\/p>\n\n\n\n<p>1. Pojeli ste obilnu ve\u010deru ili u\u017eivali u kasnove\u010dernjim grickalicama<br>Jedan od glavnih razloga za\u0161to niste gladni \u010dim se probudite mo\u017eda je taj \u0161to ste ve\u010der prije pojeli obilnu ve\u010deru ili u\u017eivali u grickalicama. Osobito ako je va\u0161 obrok bio bogat masnim kiselinama ili proteinima. Ovi makronutrijenti mogu usporiti pra\u017enjenje \u017eeluca i zbog njih \u0107ete se du\u017ee osje\u0107ati siti. Tako\u0111er, proteini mogu zna\u010dajno promijeniti razinu hormona koji reguliraju va\u0161u glad i apetit.&nbsp;<\/p>\n\n\n\n<p>Sli\u010dno tome, obroci s visokim udjelom masno\u0107a mogu promijeniti razinu odre\u0111enih hormona povezanih s apetitom i osje\u0107ajem sitosti, \u0161to dovodi do smanjenja gladi.<\/p>\n\n\n\n<p>2. Razina hormona vam se mijenja tijekom no\u0107i<br>Tijekom no\u0107i i spavanja razina nekoliko hormona u va\u0161em tijelu oscilira. To vam mo\u017ee promijeniti apetit. Konkretno, istra\u017eivanja pokazuju da su razine epinefrina, poznatog i kao adrenalin, ujutro uglavnom ve\u0107e.<\/p>\n\n\n\n<p>Smatra se da ovaj hormon suzbija apetit usporavaju\u0107i brzinu pra\u017enjenja \u017eeluca i pove\u0107avaju\u0107i razgradnju ugljikohidrata pohranjenih u jetri i mi\u0161i\u0107ima. \u0160tovi\u0161e, jedno je istra\u017eivanje primijetilo da su razine grelina, hormona gladi, ujutro bile ni\u017ee nego prethodne no\u0107i. To bi tako\u0111er moglo objasniti za\u0161to se osje\u0107ate manje gladnima kad se probudite.<\/p>\n\n\n\n<p>Na kraju, neka istra\u017eivanja sugeriraju da razina leptina, hormona koji poti\u010de osje\u0107aj sitosti, tako\u0111er mo\u017ee biti vi\u0161a ujutro. Me\u0111utim, studije su pokazale mje\u0161ovite rezultate.<\/p>\n\n\n\n<p>Imajte na umu da su ove dnevne fluktuacije hormona sasvim prirodne i obi\u010dno nisu razlog za zabrinutost. Me\u0111utim, ako osjetite nagle ili ekstremne promjene gladi ili apetita, razmislite o posjetu lije\u010dniku.<\/p>\n\n\n\n<p>3. Osje\u0107ate se tjeskobno ili poti\u0161teno<br>I anksioznost i depresija mogu zna\u010dajno utjecati na razinu va\u0161e gladi. Uz simptome poput poreme\u0107aja spavanja, umora i gubitka interesa, depresija mo\u017ee uzrokovati i promjene apetita. Anksioznost mo\u017ee pove\u0107ati razinu odre\u0111enih hormona stresa koji smanjuju va\u0161 apetit.<\/p>\n\n\n\n<p>Me\u0111utim, anksioznost i depresija razli\u010dito utje\u010du na ljude. Neka su istra\u017eivanja otkrila da su ta stanja ponekad povezana s pove\u0107anim apetitom kod nekih ljudi.<\/p>\n\n\n\n<p>4. Trudni ste<br>Jutarnje mu\u010dnine \u010desto karakteriziraju mu\u010dnina i povra\u0107anje te one utje\u010du na oko 80% \u017eena tijekom trudno\u0107e. One vam mogu smanjiti apetit. Zapravo, u jednoj studiji na 2270 trudnica 34% je izjavilo da je manje jelo tijekom rane trudno\u0107e.<\/p>\n\n\n\n<p>Osim jutarnjih mu\u010dnina, trudno\u0107a mo\u017ee uzrokovati i druge simptome smanjenja gladi kao \u0161to su probavne smetnje, nadutost i odgo\u0111eno pra\u017enjenje \u017eeluca.<\/p>\n\n\n\n<p>5. Bolesni ste<br>Konkretno, poznato je da respiratorne infekcije poput prehlade, gripe i upale plu\u0107a \u010desto utje\u010du na smanjen apetit. U nekim slu\u010dajevima ove infekcije tako\u0111er ograni\u010davaju va\u0161a osjetila okusa i mirisa, \u0161to mo\u017ee smanjiti apetit.<\/p>\n\n\n\n<p>Imajte na umu da je posebno va\u017eno ostati hidratiziran kada ste bolesni, \u010dak i ako ne osje\u0107ate glad. Juha, vru\u0107i \u010daj, banane, krekeri i jabuke nekoliko su jednostavnih opcija koje mo\u017eete isprobati kada se ne osje\u0107ate dobro.<\/p>\n\n\n\n<p>6. Ostali uzroci<br>Pored gore navedenih uobi\u010dajenih \u010dimbenika, postoji jo\u0161 nekoliko mogu\u0107ih razloga zbog kojih mo\u017eda ne\u0107ete osje\u0107ati glad kada se probudite.<\/p>\n\n\n\n<p>Ako uzimate odre\u0111ene lijekove, neki od njih, uklju\u010duju\u0107i diuretike i antibiotike, mogu smanjiti glad i apetit. Nadalje, smanjen apetit je \u010dest kod starijih odraslih osoba, a mo\u017ee biti uzrokovan promjenama u energetskim potrebama, hormonima, osjetilima okusa ili mirisa i dru\u0161tvenim okolnostima. Jo\u0161 jedan od mogu\u0107ih uzroka su i problemi sa \u0161titnja\u010dom. Naime, gubitak apetita mo\u017ee biti znak hipotireoze ili smanjene funkcije \u0161titnja\u010de.<\/p>\n\n\n\n<p>Smanjen apetit mo\u017ee biti i znak da ovulirate. Estrogen, \u017eenski spolni hormon koji se pove\u0107ava tijekom ovulacije, mo\u017ee suzbiti va\u0161 apetit. Na kraju, odre\u0111eni zdravstveni problemi, poput bolesti jetre, zatajenja srca, bolesti bubrega, HIV-a i raka mogu uzrokovati gubitak apetita.<\/p>\n\n\n\n<p>Ako sumnjate da bilo koje od ovih stanja potencijalno pridonosi va\u0161em nedostatku apetita ujutro, obratite se lije\u010dniku.<\/p>\n\n\n\n<p>Izvor:index.hr<\/p>\n","protected":false},"excerpt":{"rendered":"<p>Sigurno ste ve\u0107 \u010duli da je doru\u010dak najva\u017eniji obrok u danu. Ali to ne zna\u010di da se mo\u017eete natjerati da ujutro osje\u0107ate glad. Upravo zato prakticiranje zdravog doru\u010dka mo\u017ee se \u010diniti poprili\u010dno izazovnim zadatkom. Iako bi u nekim slu\u010dajevima nedostatak gladi ujutro mogao biti znak ozbiljnog problema, to je naj\u010de\u0161\u0107e sasvim normalno i nema razloga [&hellip;]<\/p>\n","protected":false},"author":2,"featured_media":34223,"comment_status":"closed","ping_status":"closed","sticky":false,"template":"","format":"standard","meta":{"h5ap_radio_sources":[],"footnotes":""},"categories":[1],"tags":[],"class_list":["post-34222","post","type-post","status-publish","format-standard","has-post-thumbnail","hentry","category-bihiregija"],"yoast_head":"<!-- This site is optimized with the Yoast SEO plugin v27.5 - https:\/\/yoast.com\/product\/yoast-seo-wordpress\/ -->\n<title>\u0160est mogu\u0107ih razloga zbog kojih ujutro ne osje\u0107ate glad - RADIO LJUBU\u0160KI<\/title>\n<meta name=\"robots\" content=\"index, follow, max-snippet:-1, max-image-preview:large, max-video-preview:-1\" \/>\n<link rel=\"canonical\" href=\"https:\/\/radioljubuski.ba\/index.php\/2021\/06\/20\/sest-mogucih-razloga-zbog-kojih-ujutro-ne-osjecate-glad\/\" \/>\n<meta property=\"og:locale\" content=\"hr_HR\" \/>\n<meta property=\"og:type\" content=\"article\" \/>\n<meta property=\"og:title\" content=\"\u0160est mogu\u0107ih razloga zbog kojih ujutro ne osje\u0107ate glad - RADIO LJUBU\u0160KI\" \/>\n<meta property=\"og:description\" content=\"Sigurno ste ve\u0107 \u010duli da je doru\u010dak najva\u017eniji obrok u danu. Ali to ne zna\u010di da se mo\u017eete natjerati da ujutro osje\u0107ate glad. Upravo zato prakticiranje zdravog doru\u010dka mo\u017ee se \u010diniti poprili\u010dno izazovnim zadatkom. Iako bi u nekim slu\u010dajevima nedostatak gladi ujutro mogao biti znak ozbiljnog problema, to je naj\u010de\u0161\u0107e sasvim normalno i nema razloga [&hellip;]\" \/>\n<meta property=\"og:url\" content=\"https:\/\/radioljubuski.ba\/index.php\/2021\/06\/20\/sest-mogucih-razloga-zbog-kojih-ujutro-ne-osjecate-glad\/\" \/>\n<meta property=\"og:site_name\" content=\"RADIO LJUBU\u0160KI\" \/>\n<meta property=\"article:publisher\" content=\"https:\/\/www.facebook.com\/Radiio-Ljubuski-1490835324566332\" \/>\n<meta property=\"article:published_time\" content=\"2021-06-20T19:10:57+00:00\" \/>\n<meta property=\"article:modified_time\" content=\"2021-06-20T19:10:58+00:00\" \/>\n<meta property=\"og:image\" content=\"https:\/\/radioljubuski.ba\/wp-content\/uploads\/2021\/06\/pDGzLaf8_60923662_kruske_zdjela_zitarice_dorucak.jpg\" \/>\n\t<meta property=\"og:image:width\" content=\"1000\" \/>\n\t<meta property=\"og:image:height\" content=\"625\" \/>\n\t<meta property=\"og:image:type\" content=\"image\/jpeg\" \/>\n<meta name=\"author\" content=\"Radio Ljubu\u0161ki\" \/>\n<meta name=\"twitter:card\" content=\"summary_large_image\" \/>\n<meta name=\"twitter:creator\" content=\"@radioljubuski\" \/>\n<meta name=\"twitter:site\" content=\"@radioljubuski\" \/>\n<meta name=\"twitter:label1\" content=\"Napisao\/la\" \/>\n\t<meta name=\"twitter:data1\" content=\"Radio Ljubu\u0161ki\" \/>\n\t<meta name=\"twitter:label2\" content=\"Procijenjeno vrijeme \u010ditanja\" \/>\n\t<meta name=\"twitter:data2\" content=\"3 minute\" \/>\n<script type=\"application\/ld+json\" class=\"yoast-schema-graph\">{\"@context\":\"https:\\\/\\\/schema.org\",\"@graph\":[{\"@type\":\"Article\",\"@id\":\"https:\\\/\\\/radioljubuski.ba\\\/index.php\\\/2021\\\/06\\\/20\\\/sest-mogucih-razloga-zbog-kojih-ujutro-ne-osjecate-glad\\\/#article\",\"isPartOf\":{\"@id\":\"https:\\\/\\\/radioljubuski.ba\\\/index.php\\\/2021\\\/06\\\/20\\\/sest-mogucih-razloga-zbog-kojih-ujutro-ne-osjecate-glad\\\/\"},\"author\":{\"name\":\"Radio Ljubu\u0161ki\",\"@id\":\"https:\\\/\\\/radioljubuski.ba\\\/#\\\/schema\\\/person\\\/19fc700381a780f69665d7956c469e3b\"},\"headline\":\"\u0160est mogu\u0107ih razloga zbog kojih ujutro ne osje\u0107ate glad\",\"datePublished\":\"2021-06-20T19:10:57+00:00\",\"dateModified\":\"2021-06-20T19:10:58+00:00\",\"mainEntityOfPage\":{\"@id\":\"https:\\\/\\\/radioljubuski.ba\\\/index.php\\\/2021\\\/06\\\/20\\\/sest-mogucih-razloga-zbog-kojih-ujutro-ne-osjecate-glad\\\/\"},\"wordCount\":768,\"publisher\":{\"@id\":\"https:\\\/\\\/radioljubuski.ba\\\/#organization\"},\"image\":{\"@id\":\"https:\\\/\\\/radioljubuski.ba\\\/index.php\\\/2021\\\/06\\\/20\\\/sest-mogucih-razloga-zbog-kojih-ujutro-ne-osjecate-glad\\\/#primaryimage\"},\"thumbnailUrl\":\"https:\\\/\\\/radioljubuski.ba\\\/wp-content\\\/uploads\\\/2021\\\/06\\\/pDGzLaf8_60923662_kruske_zdjela_zitarice_dorucak.jpg\",\"articleSection\":[\"BIH i regija\"],\"inLanguage\":\"hr\"},{\"@type\":\"WebPage\",\"@id\":\"https:\\\/\\\/radioljubuski.ba\\\/index.php\\\/2021\\\/06\\\/20\\\/sest-mogucih-razloga-zbog-kojih-ujutro-ne-osjecate-glad\\\/\",\"url\":\"https:\\\/\\\/radioljubuski.ba\\\/index.php\\\/2021\\\/06\\\/20\\\/sest-mogucih-razloga-zbog-kojih-ujutro-ne-osjecate-glad\\\/\",\"name\":\"\u0160est mogu\u0107ih razloga zbog kojih ujutro ne osje\u0107ate glad - RADIO LJUBU\u0160KI\",\"isPartOf\":{\"@id\":\"https:\\\/\\\/radioljubuski.ba\\\/#website\"},\"primaryImageOfPage\":{\"@id\":\"https:\\\/\\\/radioljubuski.ba\\\/index.php\\\/2021\\\/06\\\/20\\\/sest-mogucih-razloga-zbog-kojih-ujutro-ne-osjecate-glad\\\/#primaryimage\"},\"image\":{\"@id\":\"https:\\\/\\\/radioljubuski.ba\\\/index.php\\\/2021\\\/06\\\/20\\\/sest-mogucih-razloga-zbog-kojih-ujutro-ne-osjecate-glad\\\/#primaryimage\"},\"thumbnailUrl\":\"https:\\\/\\\/radioljubuski.ba\\\/wp-content\\\/uploads\\\/2021\\\/06\\\/pDGzLaf8_60923662_kruske_zdjela_zitarice_dorucak.jpg\",\"datePublished\":\"2021-06-20T19:10:57+00:00\",\"dateModified\":\"2021-06-20T19:10:58+00:00\",\"breadcrumb\":{\"@id\":\"https:\\\/\\\/radioljubuski.ba\\\/index.php\\\/2021\\\/06\\\/20\\\/sest-mogucih-razloga-zbog-kojih-ujutro-ne-osjecate-glad\\\/#breadcrumb\"},\"inLanguage\":\"hr\",\"potentialAction\":[{\"@type\":\"ReadAction\",\"target\":[\"https:\\\/\\\/radioljubuski.ba\\\/index.php\\\/2021\\\/06\\\/20\\\/sest-mogucih-razloga-zbog-kojih-ujutro-ne-osjecate-glad\\\/\"]}]},{\"@type\":\"ImageObject\",\"inLanguage\":\"hr\",\"@id\":\"https:\\\/\\\/radioljubuski.ba\\\/index.php\\\/2021\\\/06\\\/20\\\/sest-mogucih-razloga-zbog-kojih-ujutro-ne-osjecate-glad\\\/#primaryimage\",\"url\":\"https:\\\/\\\/radioljubuski.ba\\\/wp-content\\\/uploads\\\/2021\\\/06\\\/pDGzLaf8_60923662_kruske_zdjela_zitarice_dorucak.jpg\",\"contentUrl\":\"https:\\\/\\\/radioljubuski.ba\\\/wp-content\\\/uploads\\\/2021\\\/06\\\/pDGzLaf8_60923662_kruske_zdjela_zitarice_dorucak.jpg\",\"width\":1000,\"height\":625},{\"@type\":\"BreadcrumbList\",\"@id\":\"https:\\\/\\\/radioljubuski.ba\\\/index.php\\\/2021\\\/06\\\/20\\\/sest-mogucih-razloga-zbog-kojih-ujutro-ne-osjecate-glad\\\/#breadcrumb\",\"itemListElement\":[{\"@type\":\"ListItem\",\"position\":1,\"name\":\"Po\u010detna stranica\",\"item\":\"https:\\\/\\\/radioljubuski.ba\\\/\"},{\"@type\":\"ListItem\",\"position\":2,\"name\":\"\u0160est mogu\u0107ih razloga zbog kojih ujutro ne osje\u0107ate glad\"}]},{\"@type\":\"WebSite\",\"@id\":\"https:\\\/\\\/radioljubuski.ba\\\/#website\",\"url\":\"https:\\\/\\\/radioljubuski.ba\\\/\",\"name\":\"Radio Ljubu\u0161ki\",\"description\":\"Sun\u010dana frekvencija Hercegovine\",\"publisher\":{\"@id\":\"https:\\\/\\\/radioljubuski.ba\\\/#organization\"},\"potentialAction\":[{\"@type\":\"SearchAction\",\"target\":{\"@type\":\"EntryPoint\",\"urlTemplate\":\"https:\\\/\\\/radioljubuski.ba\\\/?s={search_term_string}\"},\"query-input\":{\"@type\":\"PropertyValueSpecification\",\"valueRequired\":true,\"valueName\":\"search_term_string\"}}],\"inLanguage\":\"hr\"},{\"@type\":\"Organization\",\"@id\":\"https:\\\/\\\/radioljubuski.ba\\\/#organization\",\"name\":\"Radio Ljubu\u0161ki\",\"url\":\"https:\\\/\\\/radioljubuski.ba\\\/\",\"logo\":{\"@type\":\"ImageObject\",\"inLanguage\":\"hr\",\"@id\":\"https:\\\/\\\/radioljubuski.ba\\\/#\\\/schema\\\/logo\\\/image\\\/\",\"url\":\"https:\\\/\\\/radioljubuski.ba\\\/wp-content\\\/uploads\\\/2021\\\/02\\\/cropped-Radio_Ljubuski_logo1.jpg\",\"contentUrl\":\"https:\\\/\\\/radioljubuski.ba\\\/wp-content\\\/uploads\\\/2021\\\/02\\\/cropped-Radio_Ljubuski_logo1.jpg\",\"width\":512,\"height\":512,\"caption\":\"Radio Ljubu\u0161ki\"},\"image\":{\"@id\":\"https:\\\/\\\/radioljubuski.ba\\\/#\\\/schema\\\/logo\\\/image\\\/\"},\"sameAs\":[\"https:\\\/\\\/www.facebook.com\\\/Radiio-Ljubuski-1490835324566332\",\"https:\\\/\\\/x.com\\\/radioljubuski\",\"https:\\\/\\\/hr.linkedin.com\\\/company\\\/radio-ljubuski\",\"https:\\\/\\\/www.youtube.com\\\/channel\\\/UCHYaeO_n0Db3tjNGudGpXyw\"]},{\"@type\":\"Person\",\"@id\":\"https:\\\/\\\/radioljubuski.ba\\\/#\\\/schema\\\/person\\\/19fc700381a780f69665d7956c469e3b\",\"name\":\"Radio Ljubu\u0161ki\"}]}<\/script>\n<!-- \/ Yoast SEO plugin. -->","yoast_head_json":{"title":"\u0160est mogu\u0107ih razloga zbog kojih ujutro ne osje\u0107ate glad - RADIO LJUBU\u0160KI","robots":{"index":"index","follow":"follow","max-snippet":"max-snippet:-1","max-image-preview":"max-image-preview:large","max-video-preview":"max-video-preview:-1"},"canonical":"https:\/\/radioljubuski.ba\/index.php\/2021\/06\/20\/sest-mogucih-razloga-zbog-kojih-ujutro-ne-osjecate-glad\/","og_locale":"hr_HR","og_type":"article","og_title":"\u0160est mogu\u0107ih razloga zbog kojih ujutro ne osje\u0107ate glad - RADIO LJUBU\u0160KI","og_description":"Sigurno ste ve\u0107 \u010duli da je doru\u010dak najva\u017eniji obrok u danu. Ali to ne zna\u010di da se mo\u017eete natjerati da ujutro osje\u0107ate glad. Upravo zato prakticiranje zdravog doru\u010dka mo\u017ee se \u010diniti poprili\u010dno izazovnim zadatkom. Iako bi u nekim slu\u010dajevima nedostatak gladi ujutro mogao biti znak ozbiljnog problema, to je naj\u010de\u0161\u0107e sasvim normalno i nema razloga [&hellip;]","og_url":"https:\/\/radioljubuski.ba\/index.php\/2021\/06\/20\/sest-mogucih-razloga-zbog-kojih-ujutro-ne-osjecate-glad\/","og_site_name":"RADIO LJUBU\u0160KI","article_publisher":"https:\/\/www.facebook.com\/Radiio-Ljubuski-1490835324566332","article_published_time":"2021-06-20T19:10:57+00:00","article_modified_time":"2021-06-20T19:10:58+00:00","og_image":[{"width":1000,"height":625,"url":"https:\/\/radioljubuski.ba\/wp-content\/uploads\/2021\/06\/pDGzLaf8_60923662_kruske_zdjela_zitarice_dorucak.jpg","type":"image\/jpeg"}],"author":"Radio Ljubu\u0161ki","twitter_card":"summary_large_image","twitter_creator":"@radioljubuski","twitter_site":"@radioljubuski","twitter_misc":{"Napisao\/la":"Radio Ljubu\u0161ki","Procijenjeno vrijeme \u010ditanja":"3 minute"},"schema":{"@context":"https:\/\/schema.org","@graph":[{"@type":"Article","@id":"https:\/\/radioljubuski.ba\/index.php\/2021\/06\/20\/sest-mogucih-razloga-zbog-kojih-ujutro-ne-osjecate-glad\/#article","isPartOf":{"@id":"https:\/\/radioljubuski.ba\/index.php\/2021\/06\/20\/sest-mogucih-razloga-zbog-kojih-ujutro-ne-osjecate-glad\/"},"author":{"name":"Radio Ljubu\u0161ki","@id":"https:\/\/radioljubuski.ba\/#\/schema\/person\/19fc700381a780f69665d7956c469e3b"},"headline":"\u0160est mogu\u0107ih razloga zbog kojih ujutro ne osje\u0107ate glad","datePublished":"2021-06-20T19:10:57+00:00","dateModified":"2021-06-20T19:10:58+00:00","mainEntityOfPage":{"@id":"https:\/\/radioljubuski.ba\/index.php\/2021\/06\/20\/sest-mogucih-razloga-zbog-kojih-ujutro-ne-osjecate-glad\/"},"wordCount":768,"publisher":{"@id":"https:\/\/radioljubuski.ba\/#organization"},"image":{"@id":"https:\/\/radioljubuski.ba\/index.php\/2021\/06\/20\/sest-mogucih-razloga-zbog-kojih-ujutro-ne-osjecate-glad\/#primaryimage"},"thumbnailUrl":"https:\/\/radioljubuski.ba\/wp-content\/uploads\/2021\/06\/pDGzLaf8_60923662_kruske_zdjela_zitarice_dorucak.jpg","articleSection":["BIH i regija"],"inLanguage":"hr"},{"@type":"WebPage","@id":"https:\/\/radioljubuski.ba\/index.php\/2021\/06\/20\/sest-mogucih-razloga-zbog-kojih-ujutro-ne-osjecate-glad\/","url":"https:\/\/radioljubuski.ba\/index.php\/2021\/06\/20\/sest-mogucih-razloga-zbog-kojih-ujutro-ne-osjecate-glad\/","name":"\u0160est mogu\u0107ih razloga zbog kojih ujutro ne osje\u0107ate glad - RADIO LJUBU\u0160KI","isPartOf":{"@id":"https:\/\/radioljubuski.ba\/#website"},"primaryImageOfPage":{"@id":"https:\/\/radioljubuski.ba\/index.php\/2021\/06\/20\/sest-mogucih-razloga-zbog-kojih-ujutro-ne-osjecate-glad\/#primaryimage"},"image":{"@id":"https:\/\/radioljubuski.ba\/index.php\/2021\/06\/20\/sest-mogucih-razloga-zbog-kojih-ujutro-ne-osjecate-glad\/#primaryimage"},"thumbnailUrl":"https:\/\/radioljubuski.ba\/wp-content\/uploads\/2021\/06\/pDGzLaf8_60923662_kruske_zdjela_zitarice_dorucak.jpg","datePublished":"2021-06-20T19:10:57+00:00","dateModified":"2021-06-20T19:10:58+00:00","breadcrumb":{"@id":"https:\/\/radioljubuski.ba\/index.php\/2021\/06\/20\/sest-mogucih-razloga-zbog-kojih-ujutro-ne-osjecate-glad\/#breadcrumb"},"inLanguage":"hr","potentialAction":[{"@type":"ReadAction","target":["https:\/\/radioljubuski.ba\/index.php\/2021\/06\/20\/sest-mogucih-razloga-zbog-kojih-ujutro-ne-osjecate-glad\/"]}]},{"@type":"ImageObject","inLanguage":"hr","@id":"https:\/\/radioljubuski.ba\/index.php\/2021\/06\/20\/sest-mogucih-razloga-zbog-kojih-ujutro-ne-osjecate-glad\/#primaryimage","url":"https:\/\/radioljubuski.ba\/wp-content\/uploads\/2021\/06\/pDGzLaf8_60923662_kruske_zdjela_zitarice_dorucak.jpg","contentUrl":"https:\/\/radioljubuski.ba\/wp-content\/uploads\/2021\/06\/pDGzLaf8_60923662_kruske_zdjela_zitarice_dorucak.jpg","width":1000,"height":625},{"@type":"BreadcrumbList","@id":"https:\/\/radioljubuski.ba\/index.php\/2021\/06\/20\/sest-mogucih-razloga-zbog-kojih-ujutro-ne-osjecate-glad\/#breadcrumb","itemListElement":[{"@type":"ListItem","position":1,"name":"Po\u010detna stranica","item":"https:\/\/radioljubuski.ba\/"},{"@type":"ListItem","position":2,"name":"\u0160est mogu\u0107ih razloga zbog kojih ujutro ne osje\u0107ate glad"}]},{"@type":"WebSite","@id":"https:\/\/radioljubuski.ba\/#website","url":"https:\/\/radioljubuski.ba\/","name":"Radio Ljubu\u0161ki","description":"Sun\u010dana frekvencija Hercegovine","publisher":{"@id":"https:\/\/radioljubuski.ba\/#organization"},"potentialAction":[{"@type":"SearchAction","target":{"@type":"EntryPoint","urlTemplate":"https:\/\/radioljubuski.ba\/?s={search_term_string}"},"query-input":{"@type":"PropertyValueSpecification","valueRequired":true,"valueName":"search_term_string"}}],"inLanguage":"hr"},{"@type":"Organization","@id":"https:\/\/radioljubuski.ba\/#organization","name":"Radio Ljubu\u0161ki","url":"https:\/\/radioljubuski.ba\/","logo":{"@type":"ImageObject","inLanguage":"hr","@id":"https:\/\/radioljubuski.ba\/#\/schema\/logo\/image\/","url":"https:\/\/radioljubuski.ba\/wp-content\/uploads\/2021\/02\/cropped-Radio_Ljubuski_logo1.jpg","contentUrl":"https:\/\/radioljubuski.ba\/wp-content\/uploads\/2021\/02\/cropped-Radio_Ljubuski_logo1.jpg","width":512,"height":512,"caption":"Radio Ljubu\u0161ki"},"image":{"@id":"https:\/\/radioljubuski.ba\/#\/schema\/logo\/image\/"},"sameAs":["https:\/\/www.facebook.com\/Radiio-Ljubuski-1490835324566332","https:\/\/x.com\/radioljubuski","https:\/\/hr.linkedin.com\/company\/radio-ljubuski","https:\/\/www.youtube.com\/channel\/UCHYaeO_n0Db3tjNGudGpXyw"]},{"@type":"Person","@id":"https:\/\/radioljubuski.ba\/#\/schema\/person\/19fc700381a780f69665d7956c469e3b","name":"Radio Ljubu\u0161ki"}]}},"_links":{"self":[{"href":"https:\/\/radioljubuski.ba\/index.php\/wp-json\/wp\/v2\/posts\/34222","targetHints":{"allow":["GET"]}}],"collection":[{"href":"https:\/\/radioljubuski.ba\/index.php\/wp-json\/wp\/v2\/posts"}],"about":[{"href":"https:\/\/radioljubuski.ba\/index.php\/wp-json\/wp\/v2\/types\/post"}],"author":[{"embeddable":true,"href":"https:\/\/radioljubuski.ba\/index.php\/wp-json\/wp\/v2\/users\/2"}],"replies":[{"embeddable":true,"href":"https:\/\/radioljubuski.ba\/index.php\/wp-json\/wp\/v2\/comments?post=34222"}],"version-history":[{"count":1,"href":"https:\/\/radioljubuski.ba\/index.php\/wp-json\/wp\/v2\/posts\/34222\/revisions"}],"predecessor-version":[{"id":34224,"href":"https:\/\/radioljubuski.ba\/index.php\/wp-json\/wp\/v2\/posts\/34222\/revisions\/34224"}],"wp:featuredmedia":[{"embeddable":true,"href":"https:\/\/radioljubuski.ba\/index.php\/wp-json\/wp\/v2\/media\/34223"}],"wp:attachment":[{"href":"https:\/\/radioljubuski.ba\/index.php\/wp-json\/wp\/v2\/media?parent=34222"}],"wp:term":[{"taxonomy":"category","embeddable":true,"href":"https:\/\/radioljubuski.ba\/index.php\/wp-json\/wp\/v2\/categories?post=34222"},{"taxonomy":"post_tag","embeddable":true,"href":"https:\/\/radioljubuski.ba\/index.php\/wp-json\/wp\/v2\/tags?post=34222"}],"curies":[{"name":"wp","href":"https:\/\/api.w.org\/{rel}","templated":true}]}}