{"id":34225,"date":"2021-06-20T20:12:33","date_gmt":"2021-06-20T19:12:33","guid":{"rendered":"https:\/\/radioljubuski.ba\/?p=34225"},"modified":"2021-06-20T20:12:35","modified_gmt":"2021-06-20T19:12:35","slug":"svecani-koncert-povodom-70-godina-postojanja-i-rada-hrvatske-matice-iseljenika","status":"publish","type":"post","link":"https:\/\/radioljubuski.ba\/index.php\/2021\/06\/20\/svecani-koncert-povodom-70-godina-postojanja-i-rada-hrvatske-matice-iseljenika\/","title":{"rendered":"Sve\u010dani koncert povodom 70. godina postojanja i rada Hrvatske matice iseljenika"},"content":{"rendered":"\n<p>Hrvatska matica iseljenika 18. lipnja 2021. sve\u010danim je koncertom \u201e70 godina zajedno\u201c u Hrvatskom narodnom kazali\u0161tu proslavila 70. obljetnicu svojeg djelovanja u slu\u017ebi iseljeni\u0161tva, hrvatskih manjina i Hrvata u Bosni i Hercegovini. Ve\u0107 je dugi niz godina ova institucija \u010dvrst i siguran dom svima onima koji djeluju u hrvatskim zajednicama diljem svijeta u svojoj misiji poticanja, povezivanja i suradnje.<\/p>\n\n\n\n<p>Goste je na dolasku do\u010dekao Balet Hrvatskog narodnog kazali\u0161ta nakon \u010dije je izvedbe uslijedio program unutar kazali\u0161ta.<\/p>\n\n\n\n<p>Koncert je otvoren hrvatskom himnom u izvedbi sopranistice Marije Vidovi\u0107 u pratnji Tambura\u0161kog orkestra Hrvatske radiotelevizije. Nakon uvodnog pozdrava doma\u0107ina kazali\u0161ta, glumca Gorana Grgi\u0107a, ravnatelj Hrvatske matice iseljeni\u0161tva Mijo Mari\u0107 i glavni urednik inozemnog izdanja Ve\u010dernjeg lista Stipe Pu\u0111a dodijelili su joj Ve\u010dernjakovu Domovnicu za 2020. godinu \u2013 godi\u0161nju nagradu koja se dodjeljuje najuspje\u0161nijim Hrvatima koji \u017eive izvan granica svoje domovine.<\/p>\n\n\n\n<p>Gospodin Mari\u0107 pozdravio je goste me\u0111u kojima su se nalazili i predsjednik Republike Hrvatske Zoran Milanovi\u0107, Dragan \u010covi\u0107, Zvonko Milas i Zdravka Bu\u0161i\u0107. Predsjednik Mari\u0107 poru\u010dio je: \u201eGodina u kojoj slavimo tridesetu godi\u0161njicu stvaranja Republike Hrvatske ,obiluje posvetama u povodu velikih obljetnica u na\u0161oj kulturi- me\u0111u kojima je godi\u0161njica Hrvatske matice iseljenika. Matica aktivno radi na o\u010duvanju kulturne memorije na\u0161eg raseljenog naroda, ali i plodonosnom dijalogu tradicije i suvremenosti u svim podru\u010djima ljudske djelatnosti.&nbsp; U sinergiji sa Sredi\u0161njim dr\u017eavnim uredom za Hrvate izvan Republike Hrvatske napredujemo vi\u0161estruko u 21. stolje\u0107u, razvijaju\u0107i na\u0161e ljudske i materijalne potencijale za djelovanje u suvremenoj ljudskoj mobilnosti na dobrobit na\u0161ega naroda u Hrvatskoj, Bosni i Hercegovini kao i u tre\u0107im zemljama na udaljenim meridijanima.\u201c Nakon govora predsjednika matice, prikazan je film o HMI koji je ukratko prikazao njezino dugogodi\u0161nje djelovanje.<\/p>\n\n\n\n<p>U skladu s tradicijom bunjeva\u010dko moma\u010dko kolo izveo je ansambl hrvatskog Lada. Na pozornicu je zatim iza\u0161la Hrvatska bratov\u0161tina bokeljska mornarica 809 uz koju je Goran Grgi\u0107 najavio govor gospodina Dragana \u010covi\u0107a. On je u govoru pozdravio rad Matice i za\u017eelio jo\u0161 dugi niz godina uspje\u0161nog djelovanja, te u govoru izjavio: : \u201e Hrvatski narod u Bosni i Hercegovini, kao i Hrvatska, bez obzira na demografsku sliku raselili&nbsp; smo i naselili&nbsp; velika podru\u010dja ovoga svijeta, ali opet&nbsp; se nismo raselili. Duboko vjerujem da upravo Hrvatska matica iseljenika mo\u017ee biti poticaj da jednom energijom uve\u017eemo sve ono zajedni\u010dko \u0161to mo\u017ee uvezati jedan pleter, hrvatski pleter, izrastao kroz stolje\u0107a, kroz razli\u010dita isku\u0161enja koja su pred nama stajali kako bi o\u010duvali svoju ba\u0161tinu, kulturu i tradiciju.\u201c<\/p>\n\n\n\n<p>Klapa Stine svoj je doprinos sve\u010danosti dala izvedbom pjesme Dalmatino povi\u0161\u0107u pritrujena. Zatim je uslijedio govor Zvonka Milasa i Zdravke Bu\u0161i\u0107.<\/p>\n\n\n\n<p>U zavr\u0161nici ceremonije nastupila je Klapa sv. Mihovil s pjesmom Mojoj lijepoj zemlji hrvatskoj nakon \u010dega je na pozornicu Goran Grgi\u0107 pozvao predsjednika RH Zorana Milanovi\u0107a.<\/p>\n\n\n\n<p>Predsjednik RH Zoran Milanovi\u0107 u se svojem govoru osvrnuo na hrvatsku povijest i dugu tradiciju o\u010duvanja hrvatskog identiteta diljem svijeta. U svojem govoru izjavio je:\u201e Svi ovi koji su hrvatski san pretvorili u stvarnost, polako i mukotrpno. Kao i svaku veliku pri\u010du, kao svaki veliki napor, kao i Domovinski rat na kraju krajeva ili prije svega. To je ovisilo o malo dobrih ljudi, malo pravih ljudi, oni uvijek \u010dine razliku i da se ti ljudi, a kasnije i mnogi drugi, ali prije svega ovi ljudi, u jednom trenutku, u jednom razdoblju europske povijesti nisu okupili oko ideje i oko akcije, pitanje bili bilo hrvatske nacije u dana\u0161njem modernom smislu rije\u010di.<\/p>\n\n\n\n<p>Na\u0161a ideja (hrvatskog naroda) je ostvarena zahvaljuju\u0107i onima koji&nbsp; su imali pameti i organizacijskih sposobnosti, onima koji su obranili ovu dr\u017eavu koju danas imamo, koja je na\u0161a i koja je dobra i od koje bolje nemamo i ne\u0107emo ni imati. \u201e<\/p>\n\n\n\n<p>Sve\u010dani koncert priveden je kraju pjesmom \u201eU boj, u boj!\u201c iz opere Nikola \u0160ubi\u0107 Zrinjski koju je izvela Opera Hrvatskog narodnog kazali\u0161ta.<\/p>\n\n\n\n<p>Nakon samog koncerta gosti su se zabavili kod Zdenca \u017eivota uz hranu, pi\u0107e i tortu te tako obilje\u017eili 70. godi\u0161njicu ove institucije.<\/p>\n\n\n\n<p>Izvor:pogled.ba<\/p>\n","protected":false},"excerpt":{"rendered":"<p>Hrvatska matica iseljenika 18. lipnja 2021. sve\u010danim je koncertom \u201e70 godina zajedno\u201c u Hrvatskom narodnom kazali\u0161tu proslavila 70. obljetnicu svojeg djelovanja u slu\u017ebi iseljeni\u0161tva, hrvatskih manjina i Hrvata u Bosni i Hercegovini. Ve\u0107 je dugi niz godina ova institucija \u010dvrst i siguran dom svima onima koji djeluju u hrvatskim zajednicama diljem svijeta u svojoj misiji [&hellip;]<\/p>\n","protected":false},"author":2,"featured_media":34226,"comment_status":"closed","ping_status":"closed","sticky":false,"template":"","format":"standard","meta":{"h5ap_radio_sources":[],"footnotes":""},"categories":[1],"tags":[],"class_list":["post-34225","post","type-post","status-publish","format-standard","has-post-thumbnail","hentry","category-bihiregija"],"yoast_head":"<!-- This site is optimized with the Yoast SEO plugin v27.5 - https:\/\/yoast.com\/product\/yoast-seo-wordpress\/ -->\n<title>Sve\u010dani koncert povodom 70. godina postojanja i rada Hrvatske matice iseljenika - RADIO LJUBU\u0160KI<\/title>\n<meta name=\"robots\" content=\"index, follow, max-snippet:-1, max-image-preview:large, max-video-preview:-1\" \/>\n<link rel=\"canonical\" href=\"https:\/\/radioljubuski.ba\/index.php\/2021\/06\/20\/svecani-koncert-povodom-70-godina-postojanja-i-rada-hrvatske-matice-iseljenika\/\" \/>\n<meta property=\"og:locale\" content=\"hr_HR\" \/>\n<meta property=\"og:type\" content=\"article\" \/>\n<meta property=\"og:title\" content=\"Sve\u010dani koncert povodom 70. godina postojanja i rada Hrvatske matice iseljenika - RADIO LJUBU\u0160KI\" \/>\n<meta property=\"og:description\" content=\"Hrvatska matica iseljenika 18. lipnja 2021. sve\u010danim je koncertom \u201e70 godina zajedno\u201c u Hrvatskom narodnom kazali\u0161tu proslavila 70. obljetnicu svojeg djelovanja u slu\u017ebi iseljeni\u0161tva, hrvatskih manjina i Hrvata u Bosni i Hercegovini. Ve\u0107 je dugi niz godina ova institucija \u010dvrst i siguran dom svima onima koji djeluju u hrvatskim zajednicama diljem svijeta u svojoj misiji [&hellip;]\" \/>\n<meta property=\"og:url\" content=\"https:\/\/radioljubuski.ba\/index.php\/2021\/06\/20\/svecani-koncert-povodom-70-godina-postojanja-i-rada-hrvatske-matice-iseljenika\/\" \/>\n<meta property=\"og:site_name\" content=\"RADIO LJUBU\u0160KI\" \/>\n<meta property=\"article:publisher\" content=\"https:\/\/www.facebook.com\/Radiio-Ljubuski-1490835324566332\" \/>\n<meta property=\"article:published_time\" content=\"2021-06-20T19:12:33+00:00\" \/>\n<meta property=\"article:modified_time\" content=\"2021-06-20T19:12:35+00:00\" \/>\n<meta property=\"og:image\" content=\"https:\/\/radioljubuski.ba\/wp-content\/uploads\/2021\/06\/8-2021-06-20-13-14-45-_DSC8546.jpg\" \/>\n\t<meta property=\"og:image:width\" content=\"1000\" \/>\n\t<meta property=\"og:image:height\" content=\"625\" \/>\n\t<meta property=\"og:image:type\" content=\"image\/jpeg\" \/>\n<meta name=\"author\" content=\"Radio Ljubu\u0161ki\" \/>\n<meta name=\"twitter:card\" content=\"summary_large_image\" \/>\n<meta name=\"twitter:creator\" content=\"@radioljubuski\" \/>\n<meta name=\"twitter:site\" content=\"@radioljubuski\" \/>\n<meta name=\"twitter:label1\" content=\"Napisao\/la\" \/>\n\t<meta name=\"twitter:data1\" content=\"Radio Ljubu\u0161ki\" \/>\n\t<meta name=\"twitter:label2\" content=\"Procijenjeno vrijeme \u010ditanja\" \/>\n\t<meta name=\"twitter:data2\" content=\"3 minute\" \/>\n<script type=\"application\/ld+json\" class=\"yoast-schema-graph\">{\"@context\":\"https:\\\/\\\/schema.org\",\"@graph\":[{\"@type\":\"Article\",\"@id\":\"https:\\\/\\\/radioljubuski.ba\\\/index.php\\\/2021\\\/06\\\/20\\\/svecani-koncert-povodom-70-godina-postojanja-i-rada-hrvatske-matice-iseljenika\\\/#article\",\"isPartOf\":{\"@id\":\"https:\\\/\\\/radioljubuski.ba\\\/index.php\\\/2021\\\/06\\\/20\\\/svecani-koncert-povodom-70-godina-postojanja-i-rada-hrvatske-matice-iseljenika\\\/\"},\"author\":{\"name\":\"Radio Ljubu\u0161ki\",\"@id\":\"https:\\\/\\\/radioljubuski.ba\\\/#\\\/schema\\\/person\\\/19fc700381a780f69665d7956c469e3b\"},\"headline\":\"Sve\u010dani koncert povodom 70. godina postojanja i rada Hrvatske matice iseljenika\",\"datePublished\":\"2021-06-20T19:12:33+00:00\",\"dateModified\":\"2021-06-20T19:12:35+00:00\",\"mainEntityOfPage\":{\"@id\":\"https:\\\/\\\/radioljubuski.ba\\\/index.php\\\/2021\\\/06\\\/20\\\/svecani-koncert-povodom-70-godina-postojanja-i-rada-hrvatske-matice-iseljenika\\\/\"},\"wordCount\":716,\"publisher\":{\"@id\":\"https:\\\/\\\/radioljubuski.ba\\\/#organization\"},\"image\":{\"@id\":\"https:\\\/\\\/radioljubuski.ba\\\/index.php\\\/2021\\\/06\\\/20\\\/svecani-koncert-povodom-70-godina-postojanja-i-rada-hrvatske-matice-iseljenika\\\/#primaryimage\"},\"thumbnailUrl\":\"https:\\\/\\\/radioljubuski.ba\\\/wp-content\\\/uploads\\\/2021\\\/06\\\/8-2021-06-20-13-14-45-_DSC8546.jpg\",\"articleSection\":[\"BIH i regija\"],\"inLanguage\":\"hr\"},{\"@type\":\"WebPage\",\"@id\":\"https:\\\/\\\/radioljubuski.ba\\\/index.php\\\/2021\\\/06\\\/20\\\/svecani-koncert-povodom-70-godina-postojanja-i-rada-hrvatske-matice-iseljenika\\\/\",\"url\":\"https:\\\/\\\/radioljubuski.ba\\\/index.php\\\/2021\\\/06\\\/20\\\/svecani-koncert-povodom-70-godina-postojanja-i-rada-hrvatske-matice-iseljenika\\\/\",\"name\":\"Sve\u010dani koncert povodom 70. godina postojanja i rada Hrvatske matice iseljenika - RADIO LJUBU\u0160KI\",\"isPartOf\":{\"@id\":\"https:\\\/\\\/radioljubuski.ba\\\/#website\"},\"primaryImageOfPage\":{\"@id\":\"https:\\\/\\\/radioljubuski.ba\\\/index.php\\\/2021\\\/06\\\/20\\\/svecani-koncert-povodom-70-godina-postojanja-i-rada-hrvatske-matice-iseljenika\\\/#primaryimage\"},\"image\":{\"@id\":\"https:\\\/\\\/radioljubuski.ba\\\/index.php\\\/2021\\\/06\\\/20\\\/svecani-koncert-povodom-70-godina-postojanja-i-rada-hrvatske-matice-iseljenika\\\/#primaryimage\"},\"thumbnailUrl\":\"https:\\\/\\\/radioljubuski.ba\\\/wp-content\\\/uploads\\\/2021\\\/06\\\/8-2021-06-20-13-14-45-_DSC8546.jpg\",\"datePublished\":\"2021-06-20T19:12:33+00:00\",\"dateModified\":\"2021-06-20T19:12:35+00:00\",\"breadcrumb\":{\"@id\":\"https:\\\/\\\/radioljubuski.ba\\\/index.php\\\/2021\\\/06\\\/20\\\/svecani-koncert-povodom-70-godina-postojanja-i-rada-hrvatske-matice-iseljenika\\\/#breadcrumb\"},\"inLanguage\":\"hr\",\"potentialAction\":[{\"@type\":\"ReadAction\",\"target\":[\"https:\\\/\\\/radioljubuski.ba\\\/index.php\\\/2021\\\/06\\\/20\\\/svecani-koncert-povodom-70-godina-postojanja-i-rada-hrvatske-matice-iseljenika\\\/\"]}]},{\"@type\":\"ImageObject\",\"inLanguage\":\"hr\",\"@id\":\"https:\\\/\\\/radioljubuski.ba\\\/index.php\\\/2021\\\/06\\\/20\\\/svecani-koncert-povodom-70-godina-postojanja-i-rada-hrvatske-matice-iseljenika\\\/#primaryimage\",\"url\":\"https:\\\/\\\/radioljubuski.ba\\\/wp-content\\\/uploads\\\/2021\\\/06\\\/8-2021-06-20-13-14-45-_DSC8546.jpg\",\"contentUrl\":\"https:\\\/\\\/radioljubuski.ba\\\/wp-content\\\/uploads\\\/2021\\\/06\\\/8-2021-06-20-13-14-45-_DSC8546.jpg\",\"width\":1000,\"height\":625},{\"@type\":\"BreadcrumbList\",\"@id\":\"https:\\\/\\\/radioljubuski.ba\\\/index.php\\\/2021\\\/06\\\/20\\\/svecani-koncert-povodom-70-godina-postojanja-i-rada-hrvatske-matice-iseljenika\\\/#breadcrumb\",\"itemListElement\":[{\"@type\":\"ListItem\",\"position\":1,\"name\":\"Po\u010detna stranica\",\"item\":\"https:\\\/\\\/radioljubuski.ba\\\/\"},{\"@type\":\"ListItem\",\"position\":2,\"name\":\"Sve\u010dani koncert povodom 70. godina postojanja i rada Hrvatske matice iseljenika\"}]},{\"@type\":\"WebSite\",\"@id\":\"https:\\\/\\\/radioljubuski.ba\\\/#website\",\"url\":\"https:\\\/\\\/radioljubuski.ba\\\/\",\"name\":\"Radio Ljubu\u0161ki\",\"description\":\"Sun\u010dana frekvencija Hercegovine\",\"publisher\":{\"@id\":\"https:\\\/\\\/radioljubuski.ba\\\/#organization\"},\"potentialAction\":[{\"@type\":\"SearchAction\",\"target\":{\"@type\":\"EntryPoint\",\"urlTemplate\":\"https:\\\/\\\/radioljubuski.ba\\\/?s={search_term_string}\"},\"query-input\":{\"@type\":\"PropertyValueSpecification\",\"valueRequired\":true,\"valueName\":\"search_term_string\"}}],\"inLanguage\":\"hr\"},{\"@type\":\"Organization\",\"@id\":\"https:\\\/\\\/radioljubuski.ba\\\/#organization\",\"name\":\"Radio Ljubu\u0161ki\",\"url\":\"https:\\\/\\\/radioljubuski.ba\\\/\",\"logo\":{\"@type\":\"ImageObject\",\"inLanguage\":\"hr\",\"@id\":\"https:\\\/\\\/radioljubuski.ba\\\/#\\\/schema\\\/logo\\\/image\\\/\",\"url\":\"https:\\\/\\\/radioljubuski.ba\\\/wp-content\\\/uploads\\\/2021\\\/02\\\/cropped-Radio_Ljubuski_logo1.jpg\",\"contentUrl\":\"https:\\\/\\\/radioljubuski.ba\\\/wp-content\\\/uploads\\\/2021\\\/02\\\/cropped-Radio_Ljubuski_logo1.jpg\",\"width\":512,\"height\":512,\"caption\":\"Radio Ljubu\u0161ki\"},\"image\":{\"@id\":\"https:\\\/\\\/radioljubuski.ba\\\/#\\\/schema\\\/logo\\\/image\\\/\"},\"sameAs\":[\"https:\\\/\\\/www.facebook.com\\\/Radiio-Ljubuski-1490835324566332\",\"https:\\\/\\\/x.com\\\/radioljubuski\",\"https:\\\/\\\/hr.linkedin.com\\\/company\\\/radio-ljubuski\",\"https:\\\/\\\/www.youtube.com\\\/channel\\\/UCHYaeO_n0Db3tjNGudGpXyw\"]},{\"@type\":\"Person\",\"@id\":\"https:\\\/\\\/radioljubuski.ba\\\/#\\\/schema\\\/person\\\/19fc700381a780f69665d7956c469e3b\",\"name\":\"Radio Ljubu\u0161ki\"}]}<\/script>\n<!-- \/ Yoast SEO plugin. -->","yoast_head_json":{"title":"Sve\u010dani koncert povodom 70. godina postojanja i rada Hrvatske matice iseljenika - RADIO LJUBU\u0160KI","robots":{"index":"index","follow":"follow","max-snippet":"max-snippet:-1","max-image-preview":"max-image-preview:large","max-video-preview":"max-video-preview:-1"},"canonical":"https:\/\/radioljubuski.ba\/index.php\/2021\/06\/20\/svecani-koncert-povodom-70-godina-postojanja-i-rada-hrvatske-matice-iseljenika\/","og_locale":"hr_HR","og_type":"article","og_title":"Sve\u010dani koncert povodom 70. godina postojanja i rada Hrvatske matice iseljenika - RADIO LJUBU\u0160KI","og_description":"Hrvatska matica iseljenika 18. lipnja 2021. sve\u010danim je koncertom \u201e70 godina zajedno\u201c u Hrvatskom narodnom kazali\u0161tu proslavila 70. obljetnicu svojeg djelovanja u slu\u017ebi iseljeni\u0161tva, hrvatskih manjina i Hrvata u Bosni i Hercegovini. Ve\u0107 je dugi niz godina ova institucija \u010dvrst i siguran dom svima onima koji djeluju u hrvatskim zajednicama diljem svijeta u svojoj misiji [&hellip;]","og_url":"https:\/\/radioljubuski.ba\/index.php\/2021\/06\/20\/svecani-koncert-povodom-70-godina-postojanja-i-rada-hrvatske-matice-iseljenika\/","og_site_name":"RADIO LJUBU\u0160KI","article_publisher":"https:\/\/www.facebook.com\/Radiio-Ljubuski-1490835324566332","article_published_time":"2021-06-20T19:12:33+00:00","article_modified_time":"2021-06-20T19:12:35+00:00","og_image":[{"width":1000,"height":625,"url":"https:\/\/radioljubuski.ba\/wp-content\/uploads\/2021\/06\/8-2021-06-20-13-14-45-_DSC8546.jpg","type":"image\/jpeg"}],"author":"Radio Ljubu\u0161ki","twitter_card":"summary_large_image","twitter_creator":"@radioljubuski","twitter_site":"@radioljubuski","twitter_misc":{"Napisao\/la":"Radio Ljubu\u0161ki","Procijenjeno vrijeme \u010ditanja":"3 minute"},"schema":{"@context":"https:\/\/schema.org","@graph":[{"@type":"Article","@id":"https:\/\/radioljubuski.ba\/index.php\/2021\/06\/20\/svecani-koncert-povodom-70-godina-postojanja-i-rada-hrvatske-matice-iseljenika\/#article","isPartOf":{"@id":"https:\/\/radioljubuski.ba\/index.php\/2021\/06\/20\/svecani-koncert-povodom-70-godina-postojanja-i-rada-hrvatske-matice-iseljenika\/"},"author":{"name":"Radio Ljubu\u0161ki","@id":"https:\/\/radioljubuski.ba\/#\/schema\/person\/19fc700381a780f69665d7956c469e3b"},"headline":"Sve\u010dani koncert povodom 70. godina postojanja i rada Hrvatske matice iseljenika","datePublished":"2021-06-20T19:12:33+00:00","dateModified":"2021-06-20T19:12:35+00:00","mainEntityOfPage":{"@id":"https:\/\/radioljubuski.ba\/index.php\/2021\/06\/20\/svecani-koncert-povodom-70-godina-postojanja-i-rada-hrvatske-matice-iseljenika\/"},"wordCount":716,"publisher":{"@id":"https:\/\/radioljubuski.ba\/#organization"},"image":{"@id":"https:\/\/radioljubuski.ba\/index.php\/2021\/06\/20\/svecani-koncert-povodom-70-godina-postojanja-i-rada-hrvatske-matice-iseljenika\/#primaryimage"},"thumbnailUrl":"https:\/\/radioljubuski.ba\/wp-content\/uploads\/2021\/06\/8-2021-06-20-13-14-45-_DSC8546.jpg","articleSection":["BIH i regija"],"inLanguage":"hr"},{"@type":"WebPage","@id":"https:\/\/radioljubuski.ba\/index.php\/2021\/06\/20\/svecani-koncert-povodom-70-godina-postojanja-i-rada-hrvatske-matice-iseljenika\/","url":"https:\/\/radioljubuski.ba\/index.php\/2021\/06\/20\/svecani-koncert-povodom-70-godina-postojanja-i-rada-hrvatske-matice-iseljenika\/","name":"Sve\u010dani koncert povodom 70. godina postojanja i rada Hrvatske matice iseljenika - RADIO LJUBU\u0160KI","isPartOf":{"@id":"https:\/\/radioljubuski.ba\/#website"},"primaryImageOfPage":{"@id":"https:\/\/radioljubuski.ba\/index.php\/2021\/06\/20\/svecani-koncert-povodom-70-godina-postojanja-i-rada-hrvatske-matice-iseljenika\/#primaryimage"},"image":{"@id":"https:\/\/radioljubuski.ba\/index.php\/2021\/06\/20\/svecani-koncert-povodom-70-godina-postojanja-i-rada-hrvatske-matice-iseljenika\/#primaryimage"},"thumbnailUrl":"https:\/\/radioljubuski.ba\/wp-content\/uploads\/2021\/06\/8-2021-06-20-13-14-45-_DSC8546.jpg","datePublished":"2021-06-20T19:12:33+00:00","dateModified":"2021-06-20T19:12:35+00:00","breadcrumb":{"@id":"https:\/\/radioljubuski.ba\/index.php\/2021\/06\/20\/svecani-koncert-povodom-70-godina-postojanja-i-rada-hrvatske-matice-iseljenika\/#breadcrumb"},"inLanguage":"hr","potentialAction":[{"@type":"ReadAction","target":["https:\/\/radioljubuski.ba\/index.php\/2021\/06\/20\/svecani-koncert-povodom-70-godina-postojanja-i-rada-hrvatske-matice-iseljenika\/"]}]},{"@type":"ImageObject","inLanguage":"hr","@id":"https:\/\/radioljubuski.ba\/index.php\/2021\/06\/20\/svecani-koncert-povodom-70-godina-postojanja-i-rada-hrvatske-matice-iseljenika\/#primaryimage","url":"https:\/\/radioljubuski.ba\/wp-content\/uploads\/2021\/06\/8-2021-06-20-13-14-45-_DSC8546.jpg","contentUrl":"https:\/\/radioljubuski.ba\/wp-content\/uploads\/2021\/06\/8-2021-06-20-13-14-45-_DSC8546.jpg","width":1000,"height":625},{"@type":"BreadcrumbList","@id":"https:\/\/radioljubuski.ba\/index.php\/2021\/06\/20\/svecani-koncert-povodom-70-godina-postojanja-i-rada-hrvatske-matice-iseljenika\/#breadcrumb","itemListElement":[{"@type":"ListItem","position":1,"name":"Po\u010detna stranica","item":"https:\/\/radioljubuski.ba\/"},{"@type":"ListItem","position":2,"name":"Sve\u010dani koncert povodom 70. godina postojanja i rada Hrvatske matice iseljenika"}]},{"@type":"WebSite","@id":"https:\/\/radioljubuski.ba\/#website","url":"https:\/\/radioljubuski.ba\/","name":"Radio Ljubu\u0161ki","description":"Sun\u010dana frekvencija Hercegovine","publisher":{"@id":"https:\/\/radioljubuski.ba\/#organization"},"potentialAction":[{"@type":"SearchAction","target":{"@type":"EntryPoint","urlTemplate":"https:\/\/radioljubuski.ba\/?s={search_term_string}"},"query-input":{"@type":"PropertyValueSpecification","valueRequired":true,"valueName":"search_term_string"}}],"inLanguage":"hr"},{"@type":"Organization","@id":"https:\/\/radioljubuski.ba\/#organization","name":"Radio Ljubu\u0161ki","url":"https:\/\/radioljubuski.ba\/","logo":{"@type":"ImageObject","inLanguage":"hr","@id":"https:\/\/radioljubuski.ba\/#\/schema\/logo\/image\/","url":"https:\/\/radioljubuski.ba\/wp-content\/uploads\/2021\/02\/cropped-Radio_Ljubuski_logo1.jpg","contentUrl":"https:\/\/radioljubuski.ba\/wp-content\/uploads\/2021\/02\/cropped-Radio_Ljubuski_logo1.jpg","width":512,"height":512,"caption":"Radio Ljubu\u0161ki"},"image":{"@id":"https:\/\/radioljubuski.ba\/#\/schema\/logo\/image\/"},"sameAs":["https:\/\/www.facebook.com\/Radiio-Ljubuski-1490835324566332","https:\/\/x.com\/radioljubuski","https:\/\/hr.linkedin.com\/company\/radio-ljubuski","https:\/\/www.youtube.com\/channel\/UCHYaeO_n0Db3tjNGudGpXyw"]},{"@type":"Person","@id":"https:\/\/radioljubuski.ba\/#\/schema\/person\/19fc700381a780f69665d7956c469e3b","name":"Radio Ljubu\u0161ki"}]}},"_links":{"self":[{"href":"https:\/\/radioljubuski.ba\/index.php\/wp-json\/wp\/v2\/posts\/34225","targetHints":{"allow":["GET"]}}],"collection":[{"href":"https:\/\/radioljubuski.ba\/index.php\/wp-json\/wp\/v2\/posts"}],"about":[{"href":"https:\/\/radioljubuski.ba\/index.php\/wp-json\/wp\/v2\/types\/post"}],"author":[{"embeddable":true,"href":"https:\/\/radioljubuski.ba\/index.php\/wp-json\/wp\/v2\/users\/2"}],"replies":[{"embeddable":true,"href":"https:\/\/radioljubuski.ba\/index.php\/wp-json\/wp\/v2\/comments?post=34225"}],"version-history":[{"count":1,"href":"https:\/\/radioljubuski.ba\/index.php\/wp-json\/wp\/v2\/posts\/34225\/revisions"}],"predecessor-version":[{"id":34227,"href":"https:\/\/radioljubuski.ba\/index.php\/wp-json\/wp\/v2\/posts\/34225\/revisions\/34227"}],"wp:featuredmedia":[{"embeddable":true,"href":"https:\/\/radioljubuski.ba\/index.php\/wp-json\/wp\/v2\/media\/34226"}],"wp:attachment":[{"href":"https:\/\/radioljubuski.ba\/index.php\/wp-json\/wp\/v2\/media?parent=34225"}],"wp:term":[{"taxonomy":"category","embeddable":true,"href":"https:\/\/radioljubuski.ba\/index.php\/wp-json\/wp\/v2\/categories?post=34225"},{"taxonomy":"post_tag","embeddable":true,"href":"https:\/\/radioljubuski.ba\/index.php\/wp-json\/wp\/v2\/tags?post=34225"}],"curies":[{"name":"wp","href":"https:\/\/api.w.org\/{rel}","templated":true}]}}