{"id":34228,"date":"2021-06-20T20:13:46","date_gmt":"2021-06-20T19:13:46","guid":{"rendered":"https:\/\/radioljubuski.ba\/?p=34228"},"modified":"2021-06-20T20:13:47","modified_gmt":"2021-06-20T19:13:47","slug":"u-samostanu-u-fojnici-otvorena-izlozba-hkd-napredak-stecci-svjetska-bastina-unesco-a","status":"publish","type":"post","link":"https:\/\/radioljubuski.ba\/index.php\/2021\/06\/20\/u-samostanu-u-fojnici-otvorena-izlozba-hkd-napredak-stecci-svjetska-bastina-unesco-a\/","title":{"rendered":"U samostanu u Fojnici otvorena izlo\u017eba HKD Napredak \u201cSte\u010dci \u2013 svjetska ba\u0161tina UNESCO-a\u201d"},"content":{"rendered":"\n<p>Pripremaju\u0107i kalendar HKD Napredak za 2019. godinu,&nbsp; uz potporu prof.dr. Miroslava Palamete, profesora na Filozofskom fakultetu Sveu\u010dili\u0161ta u Mostaru<strong>, Miroslav Landeka, dopredsjednik HKD \u201eNapredak\u201c<\/strong>&nbsp;do\u0161ao je na ideju od fotografija ste\u0107aka napraviti putuju\u0107u izlo\u017ebu. Na taj na\u010din \u017eelio je \u0161iru javnost upoznati s ovim srednjovjekovnim nadgrobnim spomenicima \u010diju je va\u017enost prepoznao i UNESCO te ih 2016. godine uvrstio na popis svjetske ba\u0161tine.<\/p>\n\n\n\n<p>Epidemija koronavirusa usporila mu je planove ali ne i zaustavila. Nakon prve online izlo\u017ebe odr\u017eane u Mostaru, izlo\u017eba pod nazivom \u201eSte\u0107ci- svjetska ba\u0161tina UNESCO-a\u201c otvorena je proteklog vikenda u galeriji Franjeva\u010dkog samostana Duha Svetoga u Fojnici. Izlo\u017eeno je 12 fotografija ste\u0107aka iz deset nekropola u BiH, od Stoca i Konjica preko isto\u010dne Bosne do Kaknja i Novog Travnika. Dva ste\u0107ka su iz Hrvatske, a ispod svake fotografije detaljan je opis ste\u0107ka i lokaliteta na kojemu se nalaze.&nbsp;<\/p>\n\n\n\n<p>Nakon \u0161to je okupljene na sve\u010danosti otvorenja izlo\u017ebe u Fojnici pozdravila<strong>&nbsp;Ljiljana Jurak<\/strong>, predsjednica fojni\u010dke podru\u017enice HKD \u201eNapredak\u201c, okupljenima se obratio&nbsp;<strong>Miroslav Landeka<\/strong>, dopredsjednik&nbsp; Dru\u0161tva. \u201eBiti na popisu svjetske ba\u0161tine UNESCO-a od velike je va\u017enosti i to trebamo stalno isticati i s tim upoznavati javnost, posebno mlade koje je potrebno educirati o ba\u0161tini&nbsp; i potrebi njezina o\u010duvanja. Kroz ovu izlo\u017ebu koja put po\u010dinje iz Fojnice \u017eelimo popularizirati ste\u0107ke i pribli\u017eiti ih gra\u0111anima BiH, Hrvatske, Crne Gore i Srbije na \u010dijem podru\u010dju se ovi srednjovjekovni nadgrobni spomenici podizani izme\u0111u 12. i 16. stolje\u0107a mogu prona\u0107i\u201c, kazao je Landeka. Prema procjeni stru\u010dnjaka, na lokalitetu BiH, Hrvatske, Srbije i Crne Gore nalazi se oko 77 tisu\u0107a ste\u0107aka. Daleko najvi\u0161e, \u010dak 60 tisu\u0107a, ih je u BiH. \u201ePored predstavljanja, na\u0161a obveza je brinu i o ste\u0107cima kako bi ovo iznimno kulturno blago mogli ostaviti i budu\u0107im nara\u0161tajima. Na\u017ealost, svjedo\u010dimo mnogim primjerima uni\u0161tavanja nekropola, pomjeranja ste\u0107aka te uni\u0161tavanja posmrtnih ostataka koji se nalaze ispod svakog od njih. Naravno, imamo i svijetlih primjera da se nekropole ure\u0111uju i organiziraju posjeti s ciljem njihove promocije i za\u0161tite. Takav primjer imate i ovdje u sredi\u0161njoj Bosni, a u pitanju je&nbsp;<strong>nekropola Maculje u Novom Travniku<\/strong>. Jedan je to boljih primjera brige lokalne zajednice za ba\u0161tinu\u201c, kazao je&nbsp;&nbsp;<strong>Ante Vujnovi\u0107<\/strong>,&nbsp; direktor Zavoda za za\u0161titu spomenika Federacije BiH.&nbsp;<\/p>\n\n\n\n<p>Napretkova izo\u017eba \u201eSte\u0107ci- svjetska ba\u0161tina UNESCO-a\u201c dostupna je i u online formatu. U Fojnici je po\u010dela svoje putovanje po BiH i zemljama regije kako bi predstavila ljepotu i posebnost srednjovjekovnih nadgrobnih spomenika. Izlo\u017ebom se \u017eeli probudi svijest o va\u017enosti&nbsp; predstavljavanja Kamenih spava\u010da, kako ih je nazvao Mak Dizdar, doma\u0107oj i&nbsp; me\u0111unarodnoj javnosti kao i njiihova o\u010duvanja za budu\u0107e nara\u0161taje.<\/p>\n\n\n\n<p>Izvor:centralna.ba<\/p>\n","protected":false},"excerpt":{"rendered":"<p>Pripremaju\u0107i kalendar HKD Napredak za 2019. godinu,&nbsp; uz potporu prof.dr. Miroslava Palamete, profesora na Filozofskom fakultetu Sveu\u010dili\u0161ta u Mostaru, Miroslav Landeka, dopredsjednik HKD \u201eNapredak\u201c&nbsp;do\u0161ao je na ideju od fotografija ste\u0107aka napraviti putuju\u0107u izlo\u017ebu. Na taj na\u010din \u017eelio je \u0161iru javnost upoznati s ovim srednjovjekovnim nadgrobnim spomenicima \u010diju je va\u017enost prepoznao i UNESCO te ih 2016. [&hellip;]<\/p>\n","protected":false},"author":2,"featured_media":34229,"comment_status":"closed","ping_status":"closed","sticky":false,"template":"","format":"standard","meta":{"h5ap_radio_sources":[],"footnotes":""},"categories":[1],"tags":[],"class_list":["post-34228","post","type-post","status-publish","format-standard","has-post-thumbnail","hentry","category-bihiregija"],"yoast_head":"<!-- This site is optimized with the Yoast SEO plugin v27.5 - https:\/\/yoast.com\/product\/yoast-seo-wordpress\/ -->\n<title>U samostanu u Fojnici otvorena izlo\u017eba HKD Napredak \u201cSte\u010dci \u2013 svjetska ba\u0161tina UNESCO-a\u201d - RADIO LJUBU\u0160KI<\/title>\n<meta name=\"robots\" content=\"index, follow, max-snippet:-1, max-image-preview:large, max-video-preview:-1\" \/>\n<link rel=\"canonical\" href=\"https:\/\/radioljubuski.ba\/index.php\/2021\/06\/20\/u-samostanu-u-fojnici-otvorena-izlozba-hkd-napredak-stecci-svjetska-bastina-unesco-a\/\" \/>\n<meta property=\"og:locale\" content=\"hr_HR\" \/>\n<meta property=\"og:type\" content=\"article\" \/>\n<meta property=\"og:title\" content=\"U samostanu u Fojnici otvorena izlo\u017eba HKD Napredak \u201cSte\u010dci \u2013 svjetska ba\u0161tina UNESCO-a\u201d - RADIO LJUBU\u0160KI\" \/>\n<meta property=\"og:description\" content=\"Pripremaju\u0107i kalendar HKD Napredak za 2019. godinu,&nbsp; uz potporu prof.dr. Miroslava Palamete, profesora na Filozofskom fakultetu Sveu\u010dili\u0161ta u Mostaru, Miroslav Landeka, dopredsjednik HKD \u201eNapredak\u201c&nbsp;do\u0161ao je na ideju od fotografija ste\u0107aka napraviti putuju\u0107u izlo\u017ebu. Na taj na\u010din \u017eelio je \u0161iru javnost upoznati s ovim srednjovjekovnim nadgrobnim spomenicima \u010diju je va\u017enost prepoznao i UNESCO te ih 2016. [&hellip;]\" \/>\n<meta property=\"og:url\" content=\"https:\/\/radioljubuski.ba\/index.php\/2021\/06\/20\/u-samostanu-u-fojnici-otvorena-izlozba-hkd-napredak-stecci-svjetska-bastina-unesco-a\/\" \/>\n<meta property=\"og:site_name\" content=\"RADIO LJUBU\u0160KI\" \/>\n<meta property=\"article:publisher\" content=\"https:\/\/www.facebook.com\/Radiio-Ljubuski-1490835324566332\" \/>\n<meta property=\"article:published_time\" content=\"2021-06-20T19:13:46+00:00\" \/>\n<meta property=\"article:modified_time\" content=\"2021-06-20T19:13:47+00:00\" \/>\n<meta property=\"og:image\" content=\"https:\/\/radioljubuski.ba\/wp-content\/uploads\/2021\/06\/3-2021-06-20-13-47-03-20210619_120924_edit_474244374271385.jpg\" \/>\n\t<meta property=\"og:image:width\" content=\"1000\" \/>\n\t<meta property=\"og:image:height\" content=\"625\" \/>\n\t<meta property=\"og:image:type\" content=\"image\/jpeg\" \/>\n<meta name=\"author\" content=\"Radio Ljubu\u0161ki\" \/>\n<meta name=\"twitter:card\" content=\"summary_large_image\" \/>\n<meta name=\"twitter:creator\" content=\"@radioljubuski\" \/>\n<meta name=\"twitter:site\" content=\"@radioljubuski\" \/>\n<meta name=\"twitter:label1\" content=\"Napisao\/la\" \/>\n\t<meta name=\"twitter:data1\" content=\"Radio Ljubu\u0161ki\" \/>\n\t<meta name=\"twitter:label2\" content=\"Procijenjeno vrijeme \u010ditanja\" \/>\n\t<meta name=\"twitter:data2\" content=\"2 minute\" \/>\n<script type=\"application\/ld+json\" class=\"yoast-schema-graph\">{\"@context\":\"https:\\\/\\\/schema.org\",\"@graph\":[{\"@type\":\"Article\",\"@id\":\"https:\\\/\\\/radioljubuski.ba\\\/index.php\\\/2021\\\/06\\\/20\\\/u-samostanu-u-fojnici-otvorena-izlozba-hkd-napredak-stecci-svjetska-bastina-unesco-a\\\/#article\",\"isPartOf\":{\"@id\":\"https:\\\/\\\/radioljubuski.ba\\\/index.php\\\/2021\\\/06\\\/20\\\/u-samostanu-u-fojnici-otvorena-izlozba-hkd-napredak-stecci-svjetska-bastina-unesco-a\\\/\"},\"author\":{\"name\":\"Radio Ljubu\u0161ki\",\"@id\":\"https:\\\/\\\/radioljubuski.ba\\\/#\\\/schema\\\/person\\\/19fc700381a780f69665d7956c469e3b\"},\"headline\":\"U samostanu u Fojnici otvorena izlo\u017eba HKD Napredak \u201cSte\u010dci \u2013 svjetska ba\u0161tina UNESCO-a\u201d\",\"datePublished\":\"2021-06-20T19:13:46+00:00\",\"dateModified\":\"2021-06-20T19:13:47+00:00\",\"mainEntityOfPage\":{\"@id\":\"https:\\\/\\\/radioljubuski.ba\\\/index.php\\\/2021\\\/06\\\/20\\\/u-samostanu-u-fojnici-otvorena-izlozba-hkd-napredak-stecci-svjetska-bastina-unesco-a\\\/\"},\"wordCount\":512,\"publisher\":{\"@id\":\"https:\\\/\\\/radioljubuski.ba\\\/#organization\"},\"image\":{\"@id\":\"https:\\\/\\\/radioljubuski.ba\\\/index.php\\\/2021\\\/06\\\/20\\\/u-samostanu-u-fojnici-otvorena-izlozba-hkd-napredak-stecci-svjetska-bastina-unesco-a\\\/#primaryimage\"},\"thumbnailUrl\":\"https:\\\/\\\/radioljubuski.ba\\\/wp-content\\\/uploads\\\/2021\\\/06\\\/3-2021-06-20-13-47-03-20210619_120924_edit_474244374271385.jpg\",\"articleSection\":[\"BIH i regija\"],\"inLanguage\":\"hr\"},{\"@type\":\"WebPage\",\"@id\":\"https:\\\/\\\/radioljubuski.ba\\\/index.php\\\/2021\\\/06\\\/20\\\/u-samostanu-u-fojnici-otvorena-izlozba-hkd-napredak-stecci-svjetska-bastina-unesco-a\\\/\",\"url\":\"https:\\\/\\\/radioljubuski.ba\\\/index.php\\\/2021\\\/06\\\/20\\\/u-samostanu-u-fojnici-otvorena-izlozba-hkd-napredak-stecci-svjetska-bastina-unesco-a\\\/\",\"name\":\"U samostanu u Fojnici otvorena izlo\u017eba HKD Napredak \u201cSte\u010dci \u2013 svjetska ba\u0161tina UNESCO-a\u201d - RADIO LJUBU\u0160KI\",\"isPartOf\":{\"@id\":\"https:\\\/\\\/radioljubuski.ba\\\/#website\"},\"primaryImageOfPage\":{\"@id\":\"https:\\\/\\\/radioljubuski.ba\\\/index.php\\\/2021\\\/06\\\/20\\\/u-samostanu-u-fojnici-otvorena-izlozba-hkd-napredak-stecci-svjetska-bastina-unesco-a\\\/#primaryimage\"},\"image\":{\"@id\":\"https:\\\/\\\/radioljubuski.ba\\\/index.php\\\/2021\\\/06\\\/20\\\/u-samostanu-u-fojnici-otvorena-izlozba-hkd-napredak-stecci-svjetska-bastina-unesco-a\\\/#primaryimage\"},\"thumbnailUrl\":\"https:\\\/\\\/radioljubuski.ba\\\/wp-content\\\/uploads\\\/2021\\\/06\\\/3-2021-06-20-13-47-03-20210619_120924_edit_474244374271385.jpg\",\"datePublished\":\"2021-06-20T19:13:46+00:00\",\"dateModified\":\"2021-06-20T19:13:47+00:00\",\"breadcrumb\":{\"@id\":\"https:\\\/\\\/radioljubuski.ba\\\/index.php\\\/2021\\\/06\\\/20\\\/u-samostanu-u-fojnici-otvorena-izlozba-hkd-napredak-stecci-svjetska-bastina-unesco-a\\\/#breadcrumb\"},\"inLanguage\":\"hr\",\"potentialAction\":[{\"@type\":\"ReadAction\",\"target\":[\"https:\\\/\\\/radioljubuski.ba\\\/index.php\\\/2021\\\/06\\\/20\\\/u-samostanu-u-fojnici-otvorena-izlozba-hkd-napredak-stecci-svjetska-bastina-unesco-a\\\/\"]}]},{\"@type\":\"ImageObject\",\"inLanguage\":\"hr\",\"@id\":\"https:\\\/\\\/radioljubuski.ba\\\/index.php\\\/2021\\\/06\\\/20\\\/u-samostanu-u-fojnici-otvorena-izlozba-hkd-napredak-stecci-svjetska-bastina-unesco-a\\\/#primaryimage\",\"url\":\"https:\\\/\\\/radioljubuski.ba\\\/wp-content\\\/uploads\\\/2021\\\/06\\\/3-2021-06-20-13-47-03-20210619_120924_edit_474244374271385.jpg\",\"contentUrl\":\"https:\\\/\\\/radioljubuski.ba\\\/wp-content\\\/uploads\\\/2021\\\/06\\\/3-2021-06-20-13-47-03-20210619_120924_edit_474244374271385.jpg\",\"width\":1000,\"height\":625},{\"@type\":\"BreadcrumbList\",\"@id\":\"https:\\\/\\\/radioljubuski.ba\\\/index.php\\\/2021\\\/06\\\/20\\\/u-samostanu-u-fojnici-otvorena-izlozba-hkd-napredak-stecci-svjetska-bastina-unesco-a\\\/#breadcrumb\",\"itemListElement\":[{\"@type\":\"ListItem\",\"position\":1,\"name\":\"Po\u010detna stranica\",\"item\":\"https:\\\/\\\/radioljubuski.ba\\\/\"},{\"@type\":\"ListItem\",\"position\":2,\"name\":\"U samostanu u Fojnici otvorena izlo\u017eba HKD Napredak \u201cSte\u010dci \u2013 svjetska ba\u0161tina UNESCO-a\u201d\"}]},{\"@type\":\"WebSite\",\"@id\":\"https:\\\/\\\/radioljubuski.ba\\\/#website\",\"url\":\"https:\\\/\\\/radioljubuski.ba\\\/\",\"name\":\"Radio Ljubu\u0161ki\",\"description\":\"Sun\u010dana frekvencija Hercegovine\",\"publisher\":{\"@id\":\"https:\\\/\\\/radioljubuski.ba\\\/#organization\"},\"potentialAction\":[{\"@type\":\"SearchAction\",\"target\":{\"@type\":\"EntryPoint\",\"urlTemplate\":\"https:\\\/\\\/radioljubuski.ba\\\/?s={search_term_string}\"},\"query-input\":{\"@type\":\"PropertyValueSpecification\",\"valueRequired\":true,\"valueName\":\"search_term_string\"}}],\"inLanguage\":\"hr\"},{\"@type\":\"Organization\",\"@id\":\"https:\\\/\\\/radioljubuski.ba\\\/#organization\",\"name\":\"Radio Ljubu\u0161ki\",\"url\":\"https:\\\/\\\/radioljubuski.ba\\\/\",\"logo\":{\"@type\":\"ImageObject\",\"inLanguage\":\"hr\",\"@id\":\"https:\\\/\\\/radioljubuski.ba\\\/#\\\/schema\\\/logo\\\/image\\\/\",\"url\":\"https:\\\/\\\/radioljubuski.ba\\\/wp-content\\\/uploads\\\/2021\\\/02\\\/cropped-Radio_Ljubuski_logo1.jpg\",\"contentUrl\":\"https:\\\/\\\/radioljubuski.ba\\\/wp-content\\\/uploads\\\/2021\\\/02\\\/cropped-Radio_Ljubuski_logo1.jpg\",\"width\":512,\"height\":512,\"caption\":\"Radio Ljubu\u0161ki\"},\"image\":{\"@id\":\"https:\\\/\\\/radioljubuski.ba\\\/#\\\/schema\\\/logo\\\/image\\\/\"},\"sameAs\":[\"https:\\\/\\\/www.facebook.com\\\/Radiio-Ljubuski-1490835324566332\",\"https:\\\/\\\/x.com\\\/radioljubuski\",\"https:\\\/\\\/hr.linkedin.com\\\/company\\\/radio-ljubuski\",\"https:\\\/\\\/www.youtube.com\\\/channel\\\/UCHYaeO_n0Db3tjNGudGpXyw\"]},{\"@type\":\"Person\",\"@id\":\"https:\\\/\\\/radioljubuski.ba\\\/#\\\/schema\\\/person\\\/19fc700381a780f69665d7956c469e3b\",\"name\":\"Radio Ljubu\u0161ki\"}]}<\/script>\n<!-- \/ Yoast SEO plugin. -->","yoast_head_json":{"title":"U samostanu u Fojnici otvorena izlo\u017eba HKD Napredak \u201cSte\u010dci \u2013 svjetska ba\u0161tina UNESCO-a\u201d - RADIO LJUBU\u0160KI","robots":{"index":"index","follow":"follow","max-snippet":"max-snippet:-1","max-image-preview":"max-image-preview:large","max-video-preview":"max-video-preview:-1"},"canonical":"https:\/\/radioljubuski.ba\/index.php\/2021\/06\/20\/u-samostanu-u-fojnici-otvorena-izlozba-hkd-napredak-stecci-svjetska-bastina-unesco-a\/","og_locale":"hr_HR","og_type":"article","og_title":"U samostanu u Fojnici otvorena izlo\u017eba HKD Napredak \u201cSte\u010dci \u2013 svjetska ba\u0161tina UNESCO-a\u201d - RADIO LJUBU\u0160KI","og_description":"Pripremaju\u0107i kalendar HKD Napredak za 2019. godinu,&nbsp; uz potporu prof.dr. Miroslava Palamete, profesora na Filozofskom fakultetu Sveu\u010dili\u0161ta u Mostaru, Miroslav Landeka, dopredsjednik HKD \u201eNapredak\u201c&nbsp;do\u0161ao je na ideju od fotografija ste\u0107aka napraviti putuju\u0107u izlo\u017ebu. Na taj na\u010din \u017eelio je \u0161iru javnost upoznati s ovim srednjovjekovnim nadgrobnim spomenicima \u010diju je va\u017enost prepoznao i UNESCO te ih 2016. [&hellip;]","og_url":"https:\/\/radioljubuski.ba\/index.php\/2021\/06\/20\/u-samostanu-u-fojnici-otvorena-izlozba-hkd-napredak-stecci-svjetska-bastina-unesco-a\/","og_site_name":"RADIO LJUBU\u0160KI","article_publisher":"https:\/\/www.facebook.com\/Radiio-Ljubuski-1490835324566332","article_published_time":"2021-06-20T19:13:46+00:00","article_modified_time":"2021-06-20T19:13:47+00:00","og_image":[{"width":1000,"height":625,"url":"https:\/\/radioljubuski.ba\/wp-content\/uploads\/2021\/06\/3-2021-06-20-13-47-03-20210619_120924_edit_474244374271385.jpg","type":"image\/jpeg"}],"author":"Radio Ljubu\u0161ki","twitter_card":"summary_large_image","twitter_creator":"@radioljubuski","twitter_site":"@radioljubuski","twitter_misc":{"Napisao\/la":"Radio Ljubu\u0161ki","Procijenjeno vrijeme \u010ditanja":"2 minute"},"schema":{"@context":"https:\/\/schema.org","@graph":[{"@type":"Article","@id":"https:\/\/radioljubuski.ba\/index.php\/2021\/06\/20\/u-samostanu-u-fojnici-otvorena-izlozba-hkd-napredak-stecci-svjetska-bastina-unesco-a\/#article","isPartOf":{"@id":"https:\/\/radioljubuski.ba\/index.php\/2021\/06\/20\/u-samostanu-u-fojnici-otvorena-izlozba-hkd-napredak-stecci-svjetska-bastina-unesco-a\/"},"author":{"name":"Radio Ljubu\u0161ki","@id":"https:\/\/radioljubuski.ba\/#\/schema\/person\/19fc700381a780f69665d7956c469e3b"},"headline":"U samostanu u Fojnici otvorena izlo\u017eba HKD Napredak \u201cSte\u010dci \u2013 svjetska ba\u0161tina UNESCO-a\u201d","datePublished":"2021-06-20T19:13:46+00:00","dateModified":"2021-06-20T19:13:47+00:00","mainEntityOfPage":{"@id":"https:\/\/radioljubuski.ba\/index.php\/2021\/06\/20\/u-samostanu-u-fojnici-otvorena-izlozba-hkd-napredak-stecci-svjetska-bastina-unesco-a\/"},"wordCount":512,"publisher":{"@id":"https:\/\/radioljubuski.ba\/#organization"},"image":{"@id":"https:\/\/radioljubuski.ba\/index.php\/2021\/06\/20\/u-samostanu-u-fojnici-otvorena-izlozba-hkd-napredak-stecci-svjetska-bastina-unesco-a\/#primaryimage"},"thumbnailUrl":"https:\/\/radioljubuski.ba\/wp-content\/uploads\/2021\/06\/3-2021-06-20-13-47-03-20210619_120924_edit_474244374271385.jpg","articleSection":["BIH i regija"],"inLanguage":"hr"},{"@type":"WebPage","@id":"https:\/\/radioljubuski.ba\/index.php\/2021\/06\/20\/u-samostanu-u-fojnici-otvorena-izlozba-hkd-napredak-stecci-svjetska-bastina-unesco-a\/","url":"https:\/\/radioljubuski.ba\/index.php\/2021\/06\/20\/u-samostanu-u-fojnici-otvorena-izlozba-hkd-napredak-stecci-svjetska-bastina-unesco-a\/","name":"U samostanu u Fojnici otvorena izlo\u017eba HKD Napredak \u201cSte\u010dci \u2013 svjetska ba\u0161tina UNESCO-a\u201d - RADIO LJUBU\u0160KI","isPartOf":{"@id":"https:\/\/radioljubuski.ba\/#website"},"primaryImageOfPage":{"@id":"https:\/\/radioljubuski.ba\/index.php\/2021\/06\/20\/u-samostanu-u-fojnici-otvorena-izlozba-hkd-napredak-stecci-svjetska-bastina-unesco-a\/#primaryimage"},"image":{"@id":"https:\/\/radioljubuski.ba\/index.php\/2021\/06\/20\/u-samostanu-u-fojnici-otvorena-izlozba-hkd-napredak-stecci-svjetska-bastina-unesco-a\/#primaryimage"},"thumbnailUrl":"https:\/\/radioljubuski.ba\/wp-content\/uploads\/2021\/06\/3-2021-06-20-13-47-03-20210619_120924_edit_474244374271385.jpg","datePublished":"2021-06-20T19:13:46+00:00","dateModified":"2021-06-20T19:13:47+00:00","breadcrumb":{"@id":"https:\/\/radioljubuski.ba\/index.php\/2021\/06\/20\/u-samostanu-u-fojnici-otvorena-izlozba-hkd-napredak-stecci-svjetska-bastina-unesco-a\/#breadcrumb"},"inLanguage":"hr","potentialAction":[{"@type":"ReadAction","target":["https:\/\/radioljubuski.ba\/index.php\/2021\/06\/20\/u-samostanu-u-fojnici-otvorena-izlozba-hkd-napredak-stecci-svjetska-bastina-unesco-a\/"]}]},{"@type":"ImageObject","inLanguage":"hr","@id":"https:\/\/radioljubuski.ba\/index.php\/2021\/06\/20\/u-samostanu-u-fojnici-otvorena-izlozba-hkd-napredak-stecci-svjetska-bastina-unesco-a\/#primaryimage","url":"https:\/\/radioljubuski.ba\/wp-content\/uploads\/2021\/06\/3-2021-06-20-13-47-03-20210619_120924_edit_474244374271385.jpg","contentUrl":"https:\/\/radioljubuski.ba\/wp-content\/uploads\/2021\/06\/3-2021-06-20-13-47-03-20210619_120924_edit_474244374271385.jpg","width":1000,"height":625},{"@type":"BreadcrumbList","@id":"https:\/\/radioljubuski.ba\/index.php\/2021\/06\/20\/u-samostanu-u-fojnici-otvorena-izlozba-hkd-napredak-stecci-svjetska-bastina-unesco-a\/#breadcrumb","itemListElement":[{"@type":"ListItem","position":1,"name":"Po\u010detna stranica","item":"https:\/\/radioljubuski.ba\/"},{"@type":"ListItem","position":2,"name":"U samostanu u Fojnici otvorena izlo\u017eba HKD Napredak \u201cSte\u010dci \u2013 svjetska ba\u0161tina UNESCO-a\u201d"}]},{"@type":"WebSite","@id":"https:\/\/radioljubuski.ba\/#website","url":"https:\/\/radioljubuski.ba\/","name":"Radio Ljubu\u0161ki","description":"Sun\u010dana frekvencija Hercegovine","publisher":{"@id":"https:\/\/radioljubuski.ba\/#organization"},"potentialAction":[{"@type":"SearchAction","target":{"@type":"EntryPoint","urlTemplate":"https:\/\/radioljubuski.ba\/?s={search_term_string}"},"query-input":{"@type":"PropertyValueSpecification","valueRequired":true,"valueName":"search_term_string"}}],"inLanguage":"hr"},{"@type":"Organization","@id":"https:\/\/radioljubuski.ba\/#organization","name":"Radio Ljubu\u0161ki","url":"https:\/\/radioljubuski.ba\/","logo":{"@type":"ImageObject","inLanguage":"hr","@id":"https:\/\/radioljubuski.ba\/#\/schema\/logo\/image\/","url":"https:\/\/radioljubuski.ba\/wp-content\/uploads\/2021\/02\/cropped-Radio_Ljubuski_logo1.jpg","contentUrl":"https:\/\/radioljubuski.ba\/wp-content\/uploads\/2021\/02\/cropped-Radio_Ljubuski_logo1.jpg","width":512,"height":512,"caption":"Radio Ljubu\u0161ki"},"image":{"@id":"https:\/\/radioljubuski.ba\/#\/schema\/logo\/image\/"},"sameAs":["https:\/\/www.facebook.com\/Radiio-Ljubuski-1490835324566332","https:\/\/x.com\/radioljubuski","https:\/\/hr.linkedin.com\/company\/radio-ljubuski","https:\/\/www.youtube.com\/channel\/UCHYaeO_n0Db3tjNGudGpXyw"]},{"@type":"Person","@id":"https:\/\/radioljubuski.ba\/#\/schema\/person\/19fc700381a780f69665d7956c469e3b","name":"Radio Ljubu\u0161ki"}]}},"_links":{"self":[{"href":"https:\/\/radioljubuski.ba\/index.php\/wp-json\/wp\/v2\/posts\/34228","targetHints":{"allow":["GET"]}}],"collection":[{"href":"https:\/\/radioljubuski.ba\/index.php\/wp-json\/wp\/v2\/posts"}],"about":[{"href":"https:\/\/radioljubuski.ba\/index.php\/wp-json\/wp\/v2\/types\/post"}],"author":[{"embeddable":true,"href":"https:\/\/radioljubuski.ba\/index.php\/wp-json\/wp\/v2\/users\/2"}],"replies":[{"embeddable":true,"href":"https:\/\/radioljubuski.ba\/index.php\/wp-json\/wp\/v2\/comments?post=34228"}],"version-history":[{"count":1,"href":"https:\/\/radioljubuski.ba\/index.php\/wp-json\/wp\/v2\/posts\/34228\/revisions"}],"predecessor-version":[{"id":34230,"href":"https:\/\/radioljubuski.ba\/index.php\/wp-json\/wp\/v2\/posts\/34228\/revisions\/34230"}],"wp:featuredmedia":[{"embeddable":true,"href":"https:\/\/radioljubuski.ba\/index.php\/wp-json\/wp\/v2\/media\/34229"}],"wp:attachment":[{"href":"https:\/\/radioljubuski.ba\/index.php\/wp-json\/wp\/v2\/media?parent=34228"}],"wp:term":[{"taxonomy":"category","embeddable":true,"href":"https:\/\/radioljubuski.ba\/index.php\/wp-json\/wp\/v2\/categories?post=34228"},{"taxonomy":"post_tag","embeddable":true,"href":"https:\/\/radioljubuski.ba\/index.php\/wp-json\/wp\/v2\/tags?post=34228"}],"curies":[{"name":"wp","href":"https:\/\/api.w.org\/{rel}","templated":true}]}}