{"id":34231,"date":"2021-06-20T20:14:54","date_gmt":"2021-06-20T19:14:54","guid":{"rendered":"https:\/\/radioljubuski.ba\/?p=34231"},"modified":"2021-06-20T20:14:56","modified_gmt":"2021-06-20T19:14:56","slug":"izlozbom-slika-zatvorena-umjetnicka-kolonija-neum","status":"publish","type":"post","link":"https:\/\/radioljubuski.ba\/index.php\/2021\/06\/20\/izlozbom-slika-zatvorena-umjetnicka-kolonija-neum\/","title":{"rendered":"Izlo\u017ebom slika zatvorena Umjetni\u010dka kolonija Neum"},"content":{"rendered":"\n<p>Izlo\u017ebom 45 umjetni\u010dkih djela, koja su protekla \u010detiri dana stvarana u okviru Umjetni\u010dke kolonije u Neumu, u subotu nave\u010der zatvoreno je ovogodi\u0161nje izdanje te manifestacije.<\/p>\n\n\n\n<p>Na\u010delnik op\u0107ine Neum Dragan Jurkovi\u0107 zahvalio je svim umjetnicima na njihovom radu, istaknuv\u0161i kako se radi o iznimnom kulturnom bogatstvu koji sudionici kolonije ostavili Neumu.<\/p>\n\n\n\n<p>Na\u010delnik Jurkovi\u0107 naglasio je kako \u0107e se nastojati izna\u0107i na\u010din za prodaju ovih djela, dodav\u0161i kako je \u0161teta da takvo umjetni\u010dko bogatstvo ostane nevi\u0111eno.<\/p>\n\n\n\n<p>\u010cast da zatvori ovogodi\u0161nju 22. umjetni\u010dku koloniju u Neumu pripala je prof. dr. sc. Antunu Karamanu iz Dubrovnika.<\/p>\n\n\n\n<p>On je pojasnio kako su umjetni\u010dke kolonije nastale kako bi se na jednom mjestu skupili umjetnici, slikari s raznih podru\u010dja i u tom ambijentu zajedno stvarali likovna djela, me\u0111usobno se dru\u017eili, razmjenjivali iskustva.<\/p>\n\n\n\n<p>Zajedni\u010dka \u017eelja sudionika i organizatora umjetni\u010dkih kolonija je stvaranjem novih likovnih djela oplemeniti i obogatiti kulturu toga kraja u kojem se nalaze.<\/p>\n\n\n\n<p>Istaknuo je dugogodi\u0161nju tradiciju Umjetni\u010dke kolonije u Neumu, osnovane davne 1998. godine i kulturno bogatstvo koje ona nudi, a to je u prosjeku \u010detrdesetak umjetni\u010dkih djela svake godine koji nastanu tijekom ove manifestacije, a ostanu u trajnom nasljedstvu Muzeja i galerije Op\u0107ine Neum, koja se nalazi u sklopu crkvenih prostorija crkve Gospe od zdravlja u Neumu.<\/p>\n\n\n\n<p>Prof. Karaman zahvalio je svim umjetnicima koji su do\u0161li i bili iznimno produktivni u ova nekolika dana, \u010dak i po ovim visokim temperaturama, rekav\u0161i kako vjeruje da \u0107e se njihov trud zasigurno isplatiti, priop\u0107eno je iz Op\u0107ine Neum.<\/p>\n\n\n\n<p>Izvor:pogled.ba<\/p>\n","protected":false},"excerpt":{"rendered":"<p>Izlo\u017ebom 45 umjetni\u010dkih djela, koja su protekla \u010detiri dana stvarana u okviru Umjetni\u010dke kolonije u Neumu, u subotu nave\u010der zatvoreno je ovogodi\u0161nje izdanje te manifestacije. Na\u010delnik op\u0107ine Neum Dragan Jurkovi\u0107 zahvalio je svim umjetnicima na njihovom radu, istaknuv\u0161i kako se radi o iznimnom kulturnom bogatstvu koji sudionici kolonije ostavili Neumu. Na\u010delnik Jurkovi\u0107 naglasio je kako [&hellip;]<\/p>\n","protected":false},"author":2,"featured_media":34232,"comment_status":"closed","ping_status":"closed","sticky":false,"template":"","format":"standard","meta":{"h5ap_radio_sources":[],"footnotes":""},"categories":[1],"tags":[],"class_list":["post-34231","post","type-post","status-publish","format-standard","has-post-thumbnail","hentry","category-bihiregija"],"yoast_head":"<!-- This site is optimized with the Yoast SEO plugin v27.5 - https:\/\/yoast.com\/product\/yoast-seo-wordpress\/ -->\n<title>Izlo\u017ebom slika zatvorena Umjetni\u010dka kolonija Neum - RADIO LJUBU\u0160KI<\/title>\n<meta name=\"robots\" content=\"index, follow, max-snippet:-1, max-image-preview:large, max-video-preview:-1\" \/>\n<link rel=\"canonical\" href=\"https:\/\/radioljubuski.ba\/index.php\/2021\/06\/20\/izlozbom-slika-zatvorena-umjetnicka-kolonija-neum\/\" \/>\n<meta property=\"og:locale\" content=\"hr_HR\" \/>\n<meta property=\"og:type\" content=\"article\" \/>\n<meta property=\"og:title\" content=\"Izlo\u017ebom slika zatvorena Umjetni\u010dka kolonija Neum - RADIO LJUBU\u0160KI\" \/>\n<meta property=\"og:description\" content=\"Izlo\u017ebom 45 umjetni\u010dkih djela, koja su protekla \u010detiri dana stvarana u okviru Umjetni\u010dke kolonije u Neumu, u subotu nave\u010der zatvoreno je ovogodi\u0161nje izdanje te manifestacije. Na\u010delnik op\u0107ine Neum Dragan Jurkovi\u0107 zahvalio je svim umjetnicima na njihovom radu, istaknuv\u0161i kako se radi o iznimnom kulturnom bogatstvu koji sudionici kolonije ostavili Neumu. Na\u010delnik Jurkovi\u0107 naglasio je kako [&hellip;]\" \/>\n<meta property=\"og:url\" content=\"https:\/\/radioljubuski.ba\/index.php\/2021\/06\/20\/izlozbom-slika-zatvorena-umjetnicka-kolonija-neum\/\" \/>\n<meta property=\"og:site_name\" content=\"RADIO LJUBU\u0160KI\" \/>\n<meta property=\"article:publisher\" content=\"https:\/\/www.facebook.com\/Radiio-Ljubuski-1490835324566332\" \/>\n<meta property=\"article:published_time\" content=\"2021-06-20T19:14:54+00:00\" \/>\n<meta property=\"article:modified_time\" content=\"2021-06-20T19:14:56+00:00\" \/>\n<meta property=\"og:image\" content=\"https:\/\/radioljubuski.ba\/wp-content\/uploads\/2021\/06\/8-2021-06-20-13-30-15-zatvaranje_kolonije.jpg\" \/>\n\t<meta property=\"og:image:width\" content=\"1000\" \/>\n\t<meta property=\"og:image:height\" content=\"625\" \/>\n\t<meta property=\"og:image:type\" content=\"image\/jpeg\" \/>\n<meta name=\"author\" content=\"Radio Ljubu\u0161ki\" \/>\n<meta name=\"twitter:card\" content=\"summary_large_image\" \/>\n<meta name=\"twitter:creator\" content=\"@radioljubuski\" \/>\n<meta name=\"twitter:site\" content=\"@radioljubuski\" \/>\n<meta name=\"twitter:label1\" content=\"Napisao\/la\" \/>\n\t<meta name=\"twitter:data1\" content=\"Radio Ljubu\u0161ki\" \/>\n\t<meta name=\"twitter:label2\" content=\"Procijenjeno vrijeme \u010ditanja\" \/>\n\t<meta name=\"twitter:data2\" content=\"2 minute\" \/>\n<script type=\"application\/ld+json\" class=\"yoast-schema-graph\">{\"@context\":\"https:\\\/\\\/schema.org\",\"@graph\":[{\"@type\":\"Article\",\"@id\":\"https:\\\/\\\/radioljubuski.ba\\\/index.php\\\/2021\\\/06\\\/20\\\/izlozbom-slika-zatvorena-umjetnicka-kolonija-neum\\\/#article\",\"isPartOf\":{\"@id\":\"https:\\\/\\\/radioljubuski.ba\\\/index.php\\\/2021\\\/06\\\/20\\\/izlozbom-slika-zatvorena-umjetnicka-kolonija-neum\\\/\"},\"author\":{\"name\":\"Radio Ljubu\u0161ki\",\"@id\":\"https:\\\/\\\/radioljubuski.ba\\\/#\\\/schema\\\/person\\\/19fc700381a780f69665d7956c469e3b\"},\"headline\":\"Izlo\u017ebom slika zatvorena Umjetni\u010dka kolonija Neum\",\"datePublished\":\"2021-06-20T19:14:54+00:00\",\"dateModified\":\"2021-06-20T19:14:56+00:00\",\"mainEntityOfPage\":{\"@id\":\"https:\\\/\\\/radioljubuski.ba\\\/index.php\\\/2021\\\/06\\\/20\\\/izlozbom-slika-zatvorena-umjetnicka-kolonija-neum\\\/\"},\"wordCount\":279,\"publisher\":{\"@id\":\"https:\\\/\\\/radioljubuski.ba\\\/#organization\"},\"image\":{\"@id\":\"https:\\\/\\\/radioljubuski.ba\\\/index.php\\\/2021\\\/06\\\/20\\\/izlozbom-slika-zatvorena-umjetnicka-kolonija-neum\\\/#primaryimage\"},\"thumbnailUrl\":\"https:\\\/\\\/radioljubuski.ba\\\/wp-content\\\/uploads\\\/2021\\\/06\\\/8-2021-06-20-13-30-15-zatvaranje_kolonije.jpg\",\"articleSection\":[\"BIH i regija\"],\"inLanguage\":\"hr\"},{\"@type\":\"WebPage\",\"@id\":\"https:\\\/\\\/radioljubuski.ba\\\/index.php\\\/2021\\\/06\\\/20\\\/izlozbom-slika-zatvorena-umjetnicka-kolonija-neum\\\/\",\"url\":\"https:\\\/\\\/radioljubuski.ba\\\/index.php\\\/2021\\\/06\\\/20\\\/izlozbom-slika-zatvorena-umjetnicka-kolonija-neum\\\/\",\"name\":\"Izlo\u017ebom slika zatvorena Umjetni\u010dka kolonija Neum - RADIO LJUBU\u0160KI\",\"isPartOf\":{\"@id\":\"https:\\\/\\\/radioljubuski.ba\\\/#website\"},\"primaryImageOfPage\":{\"@id\":\"https:\\\/\\\/radioljubuski.ba\\\/index.php\\\/2021\\\/06\\\/20\\\/izlozbom-slika-zatvorena-umjetnicka-kolonija-neum\\\/#primaryimage\"},\"image\":{\"@id\":\"https:\\\/\\\/radioljubuski.ba\\\/index.php\\\/2021\\\/06\\\/20\\\/izlozbom-slika-zatvorena-umjetnicka-kolonija-neum\\\/#primaryimage\"},\"thumbnailUrl\":\"https:\\\/\\\/radioljubuski.ba\\\/wp-content\\\/uploads\\\/2021\\\/06\\\/8-2021-06-20-13-30-15-zatvaranje_kolonije.jpg\",\"datePublished\":\"2021-06-20T19:14:54+00:00\",\"dateModified\":\"2021-06-20T19:14:56+00:00\",\"breadcrumb\":{\"@id\":\"https:\\\/\\\/radioljubuski.ba\\\/index.php\\\/2021\\\/06\\\/20\\\/izlozbom-slika-zatvorena-umjetnicka-kolonija-neum\\\/#breadcrumb\"},\"inLanguage\":\"hr\",\"potentialAction\":[{\"@type\":\"ReadAction\",\"target\":[\"https:\\\/\\\/radioljubuski.ba\\\/index.php\\\/2021\\\/06\\\/20\\\/izlozbom-slika-zatvorena-umjetnicka-kolonija-neum\\\/\"]}]},{\"@type\":\"ImageObject\",\"inLanguage\":\"hr\",\"@id\":\"https:\\\/\\\/radioljubuski.ba\\\/index.php\\\/2021\\\/06\\\/20\\\/izlozbom-slika-zatvorena-umjetnicka-kolonija-neum\\\/#primaryimage\",\"url\":\"https:\\\/\\\/radioljubuski.ba\\\/wp-content\\\/uploads\\\/2021\\\/06\\\/8-2021-06-20-13-30-15-zatvaranje_kolonije.jpg\",\"contentUrl\":\"https:\\\/\\\/radioljubuski.ba\\\/wp-content\\\/uploads\\\/2021\\\/06\\\/8-2021-06-20-13-30-15-zatvaranje_kolonije.jpg\",\"width\":1000,\"height\":625},{\"@type\":\"BreadcrumbList\",\"@id\":\"https:\\\/\\\/radioljubuski.ba\\\/index.php\\\/2021\\\/06\\\/20\\\/izlozbom-slika-zatvorena-umjetnicka-kolonija-neum\\\/#breadcrumb\",\"itemListElement\":[{\"@type\":\"ListItem\",\"position\":1,\"name\":\"Po\u010detna stranica\",\"item\":\"https:\\\/\\\/radioljubuski.ba\\\/\"},{\"@type\":\"ListItem\",\"position\":2,\"name\":\"Izlo\u017ebom slika zatvorena Umjetni\u010dka kolonija Neum\"}]},{\"@type\":\"WebSite\",\"@id\":\"https:\\\/\\\/radioljubuski.ba\\\/#website\",\"url\":\"https:\\\/\\\/radioljubuski.ba\\\/\",\"name\":\"Radio Ljubu\u0161ki\",\"description\":\"Sun\u010dana frekvencija Hercegovine\",\"publisher\":{\"@id\":\"https:\\\/\\\/radioljubuski.ba\\\/#organization\"},\"potentialAction\":[{\"@type\":\"SearchAction\",\"target\":{\"@type\":\"EntryPoint\",\"urlTemplate\":\"https:\\\/\\\/radioljubuski.ba\\\/?s={search_term_string}\"},\"query-input\":{\"@type\":\"PropertyValueSpecification\",\"valueRequired\":true,\"valueName\":\"search_term_string\"}}],\"inLanguage\":\"hr\"},{\"@type\":\"Organization\",\"@id\":\"https:\\\/\\\/radioljubuski.ba\\\/#organization\",\"name\":\"Radio Ljubu\u0161ki\",\"url\":\"https:\\\/\\\/radioljubuski.ba\\\/\",\"logo\":{\"@type\":\"ImageObject\",\"inLanguage\":\"hr\",\"@id\":\"https:\\\/\\\/radioljubuski.ba\\\/#\\\/schema\\\/logo\\\/image\\\/\",\"url\":\"https:\\\/\\\/radioljubuski.ba\\\/wp-content\\\/uploads\\\/2021\\\/02\\\/cropped-Radio_Ljubuski_logo1.jpg\",\"contentUrl\":\"https:\\\/\\\/radioljubuski.ba\\\/wp-content\\\/uploads\\\/2021\\\/02\\\/cropped-Radio_Ljubuski_logo1.jpg\",\"width\":512,\"height\":512,\"caption\":\"Radio Ljubu\u0161ki\"},\"image\":{\"@id\":\"https:\\\/\\\/radioljubuski.ba\\\/#\\\/schema\\\/logo\\\/image\\\/\"},\"sameAs\":[\"https:\\\/\\\/www.facebook.com\\\/Radiio-Ljubuski-1490835324566332\",\"https:\\\/\\\/x.com\\\/radioljubuski\",\"https:\\\/\\\/hr.linkedin.com\\\/company\\\/radio-ljubuski\",\"https:\\\/\\\/www.youtube.com\\\/channel\\\/UCHYaeO_n0Db3tjNGudGpXyw\"]},{\"@type\":\"Person\",\"@id\":\"https:\\\/\\\/radioljubuski.ba\\\/#\\\/schema\\\/person\\\/19fc700381a780f69665d7956c469e3b\",\"name\":\"Radio Ljubu\u0161ki\"}]}<\/script>\n<!-- \/ Yoast SEO plugin. -->","yoast_head_json":{"title":"Izlo\u017ebom slika zatvorena Umjetni\u010dka kolonija Neum - RADIO LJUBU\u0160KI","robots":{"index":"index","follow":"follow","max-snippet":"max-snippet:-1","max-image-preview":"max-image-preview:large","max-video-preview":"max-video-preview:-1"},"canonical":"https:\/\/radioljubuski.ba\/index.php\/2021\/06\/20\/izlozbom-slika-zatvorena-umjetnicka-kolonija-neum\/","og_locale":"hr_HR","og_type":"article","og_title":"Izlo\u017ebom slika zatvorena Umjetni\u010dka kolonija Neum - RADIO LJUBU\u0160KI","og_description":"Izlo\u017ebom 45 umjetni\u010dkih djela, koja su protekla \u010detiri dana stvarana u okviru Umjetni\u010dke kolonije u Neumu, u subotu nave\u010der zatvoreno je ovogodi\u0161nje izdanje te manifestacije. Na\u010delnik op\u0107ine Neum Dragan Jurkovi\u0107 zahvalio je svim umjetnicima na njihovom radu, istaknuv\u0161i kako se radi o iznimnom kulturnom bogatstvu koji sudionici kolonije ostavili Neumu. Na\u010delnik Jurkovi\u0107 naglasio je kako [&hellip;]","og_url":"https:\/\/radioljubuski.ba\/index.php\/2021\/06\/20\/izlozbom-slika-zatvorena-umjetnicka-kolonija-neum\/","og_site_name":"RADIO LJUBU\u0160KI","article_publisher":"https:\/\/www.facebook.com\/Radiio-Ljubuski-1490835324566332","article_published_time":"2021-06-20T19:14:54+00:00","article_modified_time":"2021-06-20T19:14:56+00:00","og_image":[{"width":1000,"height":625,"url":"https:\/\/radioljubuski.ba\/wp-content\/uploads\/2021\/06\/8-2021-06-20-13-30-15-zatvaranje_kolonije.jpg","type":"image\/jpeg"}],"author":"Radio Ljubu\u0161ki","twitter_card":"summary_large_image","twitter_creator":"@radioljubuski","twitter_site":"@radioljubuski","twitter_misc":{"Napisao\/la":"Radio Ljubu\u0161ki","Procijenjeno vrijeme \u010ditanja":"2 minute"},"schema":{"@context":"https:\/\/schema.org","@graph":[{"@type":"Article","@id":"https:\/\/radioljubuski.ba\/index.php\/2021\/06\/20\/izlozbom-slika-zatvorena-umjetnicka-kolonija-neum\/#article","isPartOf":{"@id":"https:\/\/radioljubuski.ba\/index.php\/2021\/06\/20\/izlozbom-slika-zatvorena-umjetnicka-kolonija-neum\/"},"author":{"name":"Radio Ljubu\u0161ki","@id":"https:\/\/radioljubuski.ba\/#\/schema\/person\/19fc700381a780f69665d7956c469e3b"},"headline":"Izlo\u017ebom slika zatvorena Umjetni\u010dka kolonija Neum","datePublished":"2021-06-20T19:14:54+00:00","dateModified":"2021-06-20T19:14:56+00:00","mainEntityOfPage":{"@id":"https:\/\/radioljubuski.ba\/index.php\/2021\/06\/20\/izlozbom-slika-zatvorena-umjetnicka-kolonija-neum\/"},"wordCount":279,"publisher":{"@id":"https:\/\/radioljubuski.ba\/#organization"},"image":{"@id":"https:\/\/radioljubuski.ba\/index.php\/2021\/06\/20\/izlozbom-slika-zatvorena-umjetnicka-kolonija-neum\/#primaryimage"},"thumbnailUrl":"https:\/\/radioljubuski.ba\/wp-content\/uploads\/2021\/06\/8-2021-06-20-13-30-15-zatvaranje_kolonije.jpg","articleSection":["BIH i regija"],"inLanguage":"hr"},{"@type":"WebPage","@id":"https:\/\/radioljubuski.ba\/index.php\/2021\/06\/20\/izlozbom-slika-zatvorena-umjetnicka-kolonija-neum\/","url":"https:\/\/radioljubuski.ba\/index.php\/2021\/06\/20\/izlozbom-slika-zatvorena-umjetnicka-kolonija-neum\/","name":"Izlo\u017ebom slika zatvorena Umjetni\u010dka kolonija Neum - RADIO LJUBU\u0160KI","isPartOf":{"@id":"https:\/\/radioljubuski.ba\/#website"},"primaryImageOfPage":{"@id":"https:\/\/radioljubuski.ba\/index.php\/2021\/06\/20\/izlozbom-slika-zatvorena-umjetnicka-kolonija-neum\/#primaryimage"},"image":{"@id":"https:\/\/radioljubuski.ba\/index.php\/2021\/06\/20\/izlozbom-slika-zatvorena-umjetnicka-kolonija-neum\/#primaryimage"},"thumbnailUrl":"https:\/\/radioljubuski.ba\/wp-content\/uploads\/2021\/06\/8-2021-06-20-13-30-15-zatvaranje_kolonije.jpg","datePublished":"2021-06-20T19:14:54+00:00","dateModified":"2021-06-20T19:14:56+00:00","breadcrumb":{"@id":"https:\/\/radioljubuski.ba\/index.php\/2021\/06\/20\/izlozbom-slika-zatvorena-umjetnicka-kolonija-neum\/#breadcrumb"},"inLanguage":"hr","potentialAction":[{"@type":"ReadAction","target":["https:\/\/radioljubuski.ba\/index.php\/2021\/06\/20\/izlozbom-slika-zatvorena-umjetnicka-kolonija-neum\/"]}]},{"@type":"ImageObject","inLanguage":"hr","@id":"https:\/\/radioljubuski.ba\/index.php\/2021\/06\/20\/izlozbom-slika-zatvorena-umjetnicka-kolonija-neum\/#primaryimage","url":"https:\/\/radioljubuski.ba\/wp-content\/uploads\/2021\/06\/8-2021-06-20-13-30-15-zatvaranje_kolonije.jpg","contentUrl":"https:\/\/radioljubuski.ba\/wp-content\/uploads\/2021\/06\/8-2021-06-20-13-30-15-zatvaranje_kolonije.jpg","width":1000,"height":625},{"@type":"BreadcrumbList","@id":"https:\/\/radioljubuski.ba\/index.php\/2021\/06\/20\/izlozbom-slika-zatvorena-umjetnicka-kolonija-neum\/#breadcrumb","itemListElement":[{"@type":"ListItem","position":1,"name":"Po\u010detna stranica","item":"https:\/\/radioljubuski.ba\/"},{"@type":"ListItem","position":2,"name":"Izlo\u017ebom slika zatvorena Umjetni\u010dka kolonija Neum"}]},{"@type":"WebSite","@id":"https:\/\/radioljubuski.ba\/#website","url":"https:\/\/radioljubuski.ba\/","name":"Radio Ljubu\u0161ki","description":"Sun\u010dana frekvencija Hercegovine","publisher":{"@id":"https:\/\/radioljubuski.ba\/#organization"},"potentialAction":[{"@type":"SearchAction","target":{"@type":"EntryPoint","urlTemplate":"https:\/\/radioljubuski.ba\/?s={search_term_string}"},"query-input":{"@type":"PropertyValueSpecification","valueRequired":true,"valueName":"search_term_string"}}],"inLanguage":"hr"},{"@type":"Organization","@id":"https:\/\/radioljubuski.ba\/#organization","name":"Radio Ljubu\u0161ki","url":"https:\/\/radioljubuski.ba\/","logo":{"@type":"ImageObject","inLanguage":"hr","@id":"https:\/\/radioljubuski.ba\/#\/schema\/logo\/image\/","url":"https:\/\/radioljubuski.ba\/wp-content\/uploads\/2021\/02\/cropped-Radio_Ljubuski_logo1.jpg","contentUrl":"https:\/\/radioljubuski.ba\/wp-content\/uploads\/2021\/02\/cropped-Radio_Ljubuski_logo1.jpg","width":512,"height":512,"caption":"Radio Ljubu\u0161ki"},"image":{"@id":"https:\/\/radioljubuski.ba\/#\/schema\/logo\/image\/"},"sameAs":["https:\/\/www.facebook.com\/Radiio-Ljubuski-1490835324566332","https:\/\/x.com\/radioljubuski","https:\/\/hr.linkedin.com\/company\/radio-ljubuski","https:\/\/www.youtube.com\/channel\/UCHYaeO_n0Db3tjNGudGpXyw"]},{"@type":"Person","@id":"https:\/\/radioljubuski.ba\/#\/schema\/person\/19fc700381a780f69665d7956c469e3b","name":"Radio Ljubu\u0161ki"}]}},"_links":{"self":[{"href":"https:\/\/radioljubuski.ba\/index.php\/wp-json\/wp\/v2\/posts\/34231","targetHints":{"allow":["GET"]}}],"collection":[{"href":"https:\/\/radioljubuski.ba\/index.php\/wp-json\/wp\/v2\/posts"}],"about":[{"href":"https:\/\/radioljubuski.ba\/index.php\/wp-json\/wp\/v2\/types\/post"}],"author":[{"embeddable":true,"href":"https:\/\/radioljubuski.ba\/index.php\/wp-json\/wp\/v2\/users\/2"}],"replies":[{"embeddable":true,"href":"https:\/\/radioljubuski.ba\/index.php\/wp-json\/wp\/v2\/comments?post=34231"}],"version-history":[{"count":1,"href":"https:\/\/radioljubuski.ba\/index.php\/wp-json\/wp\/v2\/posts\/34231\/revisions"}],"predecessor-version":[{"id":34233,"href":"https:\/\/radioljubuski.ba\/index.php\/wp-json\/wp\/v2\/posts\/34231\/revisions\/34233"}],"wp:featuredmedia":[{"embeddable":true,"href":"https:\/\/radioljubuski.ba\/index.php\/wp-json\/wp\/v2\/media\/34232"}],"wp:attachment":[{"href":"https:\/\/radioljubuski.ba\/index.php\/wp-json\/wp\/v2\/media?parent=34231"}],"wp:term":[{"taxonomy":"category","embeddable":true,"href":"https:\/\/radioljubuski.ba\/index.php\/wp-json\/wp\/v2\/categories?post=34231"},{"taxonomy":"post_tag","embeddable":true,"href":"https:\/\/radioljubuski.ba\/index.php\/wp-json\/wp\/v2\/tags?post=34231"}],"curies":[{"name":"wp","href":"https:\/\/api.w.org\/{rel}","templated":true}]}}