{"id":34238,"date":"2021-06-20T20:21:35","date_gmt":"2021-06-20T19:21:35","guid":{"rendered":"https:\/\/radioljubuski.ba\/?p=34238"},"modified":"2021-06-20T20:21:37","modified_gmt":"2021-06-20T19:21:37","slug":"postoje-li-uopce-bosanski-srbi","status":"publish","type":"post","link":"https:\/\/radioljubuski.ba\/index.php\/2021\/06\/20\/postoje-li-uopce-bosanski-srbi\/","title":{"rendered":"Postoje li (uop\u0107e) bosanski Srbi?!"},"content":{"rendered":"\n<p><strong>Nakon \u0161to je u Haagu definitivno pao \u201ekalinova\u010dki Napoleon\u201c, u Beogradu se pojavila teorija o novom bosanskom srpskom nacionalizmu, koji, veli krsni kum te (nove) pojave u Srba, kontaminira prostor maj\u010dice Srbije. Iz Srpske \u2013 znakovito! \u2013 ni rije\u010di o ovoj objedi\u2026<\/strong><\/p>\n\n\n\n<p><strong>Pi\u0161e:&nbsp;<\/strong><em><strong>Josip Vri\u010dko<\/strong><\/em><strong>,&nbsp;<a href=\"https:\/\/www.nedjelja.ba\/hr\/nek-se-zna\/postoje-li-uopce-bosanski-srbi\/21090\">Katoli\u010dki tjednik<\/a><\/strong><\/p>\n\n\n\n<p>Vi\u0161e je puta, nikad se ne umaraju\u0107i ponavljati, Milorad Dodik galamio kako nije bosanski Srbin. \u0160tovi\u0161e: \u201eVrije\u0111a me kad mi to ka\u017eete\u201c, znao je ispaliti Mile od Lakta\u0161a, tvrde\u0107i kako, zapravo, bosanski Srbi (ni) ne postoje. Ukratko, Srbin je, dakle, Srbin \u2013 od Lakta\u0161a do Tokija. Ma gdje \u2013 bio! Zemljopisna je odrednica naprosto vi\u0161ak. Slijedom \u010dega sam (naivno) vjerovao kako \u0107e taj nekada\u0161nji beogradski student i neslu\u017ebeni ratni distributer (malog) Ronhilla reagirati u svome rabijatnom stilu na pro\u0161lotjednu opservaciju \u201eslu\u010daja Mladi\u0107\u201c jednoga beogradskog analiti\u010dara.<\/p>\n\n\n\n<p><strong>\u0160to ka\u017ee (krsni) kum?!<\/strong><\/p>\n\n\n\n<p>Naime, nakon \u0161to je \u201ekalinova\u010dkog Napoleona\u201c \u017dalbeno vije\u0107e Me\u0111unarodnog mehanizma za kaznene sudove poslalo na do\u017eivotnu robiju, a erseovski ga vo\u017ed \u017eurno smjestio u legendu, direktor beogradskog Foruma za etni\u010dke odnose, Du\u0161an Janji\u0107, u sveop\u0107oj, ina\u010de, utrci glede apsolviranja haa\u0161kog kraja \u201eslu\u010daja Mladi\u0107\u201c, prezentirao je uistinu zanimljivu teoriju. \u201eMi u Srbiji imamo na sceni jedan novi nacionalizam, nazvao bih ga bosanski srpski nacionalizam. Veoma je agresivan, mjeri dubinu grobova, odr\u017eava ideju o ugro\u017eenosti Srba\u2026 Rezultat je to \u010dinjenice da je veliki broj ljudi, mo\u017eda i stotine tisu\u0107a Srba iz BiH, stiglo u Srbiju u posljednjih nekoliko desetlje\u0107a. Preuzeli su javnu scenu, imaju potporu Srpske napredne stranke i sad imamo to \u0161to imamo\u201c, ka\u017ee, eto, kum novog (?!) nacionalizma u \u2013 Srba.<\/p>\n\n\n\n<p>Slijedom \u010dega nije te\u0161ko zaklju\u010diti kako se Srbima iz preka stavlja golemo breme i to ba\u0161 na primjeru \u0111enerala Ratka, koji je \u2013 gle, apsurda! \u2013 jo\u0161 \u201992. na Palama upozoravao u\u017ee erersovsko rukovodstvo Karad\u017ei\u0107 &amp; Kraji\u0161nik koliko su duboko zabrazdili.<\/p>\n\n\n\n<p>\u201eMi ne mo\u017eemo o\u010distiti niti mo\u017eemo imati re\u0161eto da prosijemo samo da ostanu Srbi ili propadnu Srbi, a ostali da odu. Pa to je, to ne\u0107e, ja ne znam kako \u0107e to Mom\u010dilo i Radovan objasniti svijetu. To je, l\u0458udi, genocid\u201d, kazao je \u201eoficir\u201c koji \u0107e nekoliko godina poslije postati sinonim za \u2013 genocid.<\/p>\n\n\n\n<p><strong>O \u010demu Srbi trebaju voditi ra\u010duna\u2026<\/strong><\/p>\n\n\n\n<p>No kad smo kod \u201eprosijavanja\u201c, i re\u010deni mu je Janji\u0107, mo\u017eda i ne htiju\u0107i, zapravo pribjegao. A da je Republika Srpska va\u017eno, mada i delikatno, pitanje jo\u0161 otkako ju je Dobrica \u0106osi\u0107 proglasio jedinim srpskim ratnim plijenom, ilustrira i to \u0161to je predsjednik SANU-a Vladimir Kosti\u0107 svojevremeno poprili\u010dno uznemirio srpsku javnost tvrdnjom kako su Srbi pora\u017eeni na Kosovu te kako se trebaju okrenuti ka Republici Srpskoj, jer je tu zdravi korpus srpskog naroda, \u201ekoji je brojan i obrazovan i o kome treba voditi ra\u010duna\u201c.<\/p>\n\n\n\n<p>Neki su, dodu\u0161e, razumjeli kako prvi akademik u Srba nije (javno) dovr\u0161io misao, jer, u biti, vjeruje kako je strana na koju bi se Srbija trebala \u0161iriti u pravcu Krajine. Bosanske, dakako, kad su ve\u0107 sve ostale (ratne) \u201csrpske krajine\u201d oti\u0161le k vragu.<\/p>\n\n\n\n<p>Zanimljiva je to, dakako, teza, poglavito u vrijeme kada se sve \u010de\u0161\u0107e spominje Memorandum SANU II. Jer, Kosti\u0107 je jo\u0161 2016. za beogradski Nedeljnik izjavio kako je Memorandum I. (iz lipnja 1986.) doista opasna i te\u0161ka hipoteka nametnuta SANU-u, uz opasku kako je rije\u010d o \u201ekonstruktu krivice bez ostavljene mogu\u0107nosti za preispitivanje\u201c. A, evo, sada, u slu\u010daju RS-a i on je na crti novog Memoranduma, koji su iznjedrili srpski akademici prije jednog desetlje\u0107a, a na temelju kojega je iste godine nastao dokument Strategija o\u010duvanja i ja\u010danja odnosa mati\u010dne dr\u017eave, dijaspore i Srba u regionu, \u0161to ga je Vlada Srbije usvojila na sjednici odr\u017eanoj 21. sije\u010dnja 2011.<\/p>\n\n\n\n<p><strong>Unitarna i \u2013 srpska! K\u2019o nekad\u2026<\/strong><\/p>\n\n\n\n<p>Neke od odrednica Memoranduma II. danas su deplasirane. Primjerice ona u kojoj se ka\u017ee: \u201eInzistirati na zatvaranju Haa\u0161kog tribuna i na su\u0111enju generalu Ratku Mladi\u0107u pred doma\u0107im pravosu\u0111em.\u201c Me\u0111utim, neke druge, poput naputka: \u201eDestabilizirati vlade susjednih dr\u017eava, provocirati unutarnje nezadovoljstvo i nemire i slabiti o\u0161tricu optu\u017ebi protiv Srbije\u201c i naro\u010dito: \u201ePomagati otcjepljenje Republike Srpske\u201c te \u201eInzistirati na konstitutivnosti Srba u Hrvatskoj, Crnoj Gori i Kosovu i izvr\u0161iti tranziciju srpskih zajednica u dr\u017eavama regiona u unitarnu, svesrpsku zajednicu\u201c, \u017eivlje su no ikad.<\/p>\n\n\n\n<p>Pa ako bismo uzeli sito onoga spomenutoga beogradskog analiti\u010dara i, vidjeli smo, kuma novog srpskog (bosanskog) nacionalizma i malo prosijali, vidjeli bismo kako su bosanski (Oprosti, Milorade!) srpski nacionalisti \u2013 Karad\u017ei\u0107, Plav\u0161i\u0107, Kraji\u0161nik, Mladi\u0107\u2026 u Milo\u0161evi\u0107evo doba bili izvo\u0111a\u010di (prljavih) radova prema nacrtu Memoranduma I., a da se, evo, Dodik, na istome poslu u pone\u0161to izmijenjenim okolnostima, dr\u017ei Memoranduma II. (U Hrvatskoj su, ne zaboravimo, devedesetih prema naputcima srpskih akademika delali razni Marti\u0107i, Babi\u0107i, Had\u017ei\u0107i\u2026 kojima je presudio Tribunal ili su, pak, poput kninskog Mile zubara omastili konopac u vlastitoj izvedbi.)<\/p>\n\n\n\n<p><strong>Budale se predale<\/strong><\/p>\n\n\n\n<p>Legenda ka\u017ee da je, gledaju\u0107i \u2013 navodno ?! \u2013 na televiziji kako kninski Srbi u kolonama nakon Oluje bje\u017ee ka Srbiji, Milo\u0161evi\u0107 kazao: \u201eVidi, one se budale predale!\u201c Slobin ministar informiranja (1998. \u2013 2000.) ili, pak, novinar paljanske Srne (1992. \u2013 \u201993) te a\u0111utant vojvode \u0160e\u0161elja (1993. \u2013 \u201995.) a aktualni srbijanski predsjednik, nije jo\u0161 u toj fazi. Ipak, kada lakta\u0161ki lola zagalami kako je novi visoki predstavnik u BiH Christian Schmidt samo turist dok ga \u2013 a \u0161to, vjeruje, ne\u0107e dati bra\u0107a Rusi! \u2013 ne potvrdi Vije\u0107e sigurnosti Ujedinjenih nacija, Vu\u010di\u0107 spu\u0161ta loptu te \u2013 zasad vrlo tolerantno \u2013 upozorava prekodrinskog pajta\u0161a kako (on) mora razgovarati s Inzkovim nasljednikom. Ako ni\u0161ta, dodao bih, a ono zato \u0161to je Nijemac!<\/p>\n\n\n\n<p>Mada, veli, razumije Dodika, koji se \u2013 bjelodano je to \u2013 dr\u017ei Memoranduma II. kao pijan plota. Poglavito danas kada se nad Republikom Srpskom, ako je vjerovati bruxellskim i washingtonskim kuloarima, nadvio golem upitnik. Zapravo, Milorad bekrija galami kako bi otjerao vlastiti strah. Boji se, dakako, i Aca njegov (povremeni) apaurin, ali dobro se krije. Zasad\u2026<\/p>\n\n\n\n<p>U kontekstu \u201eprosijavanja\u201c valja kazati i kako je Aleksandar (potencijalno) Veliki, nakon presude navjestitelju i egzekutoru srebreni\u010dkog genocida, poru\u010dio Srbima da dr\u017ee glavu gore. Po, valjda, na\u010delu \u010dega se pametan stidi, budala se ponosi\u2026 A zapravo bi ba\u0161 on trebao zauzeti pozu noja. Zabiti, dakle, glavu u pijesak.<\/p>\n\n\n\n<p><strong>Ni\u0161ta od te ljubavi<\/strong><\/p>\n\n\n\n<p>S druge strane, Dodik je svjestan \u0161to se iza brda valja, i to ne krije. Zato i jest nervozan kada \u010duje Vu\u010di\u0107eve diplomatske i demago\u0161ke opservacije na temu otcjepljenja. Ili \u2013 jo\u0161 gore! \u2013 pateti\u010dno: \u201eJa volim Republiku Srpsku, ali po\u0161tujem Bosnu i Hercegovinu.\u201c To drugar Mi\u0107a dr\u017ei inkompatibilnim.<\/p>\n\n\n\n<p>A i vrijeme je pokazalo da je tvrdoglav, ba\u0161 onako \u2013 bosanski. \u0160to bi Vu\u010di\u0107, tako\u0111er bosanskog (bugojanskog) podrijetla, mogao razumjeti. Ali ne i predugo tolerirati. Ovotjedni NATO summit u Bruxellesu potvrdio je, naime, povratak SAD-a na Stari kontinent. A najavljene mjere nove administracije predsjednika Joea Bidena, koja se, prema op\u0107em mi\u0161ljenju, vra\u0107a (i) na zapadni Balkan, nisu dobra vijest za Srbe. Sa ili bez zemljopisne odrednice, svejedno. I Kosovo i Srpska, znanstvena je fantastika, a Srpska umjesto Kosova blizu toga. A kako se u Srbiji odnose prema pre\u010danima kada kola krenu nizbrdo, vidjeli smo sredinom 90-ih pro\u0161loga stolje\u0107a.<\/p>\n\n\n\n<p>No Dodik je tada trgovao cigaretama i nije (jo\u0161) znao da bosanski Srbi ne postoje. Sada kada \u2013 ma \u0161to on o tomu mislio \u2013 prema beogradskom atestu, ipak, postoje, ima onih \u2013 i ne bezna\u010dajnih \u2013 koji u Beogradu misle kako je njihova (poslijeratna) golema nazo\u010dnost u maj\u010dici Srbiji zapravo kontaminirala tamo\u0161nji prostor.<\/p>\n\n\n\n<p>\u0160to je (mo\u017eda) i sondiranje terena Vu\u010di\u0107u da u jednom te\u0161kom (budu\u0107em) trenutku, govore\u0107i o prekodrinskoj bra\u0107i, parafrazira Slobu i ka\u017ee: \u201eVidi, onih budala\u2026 bosanskih!\u201c<\/p>\n\n\n\n<p>\/HMS\/<\/p>\n","protected":false},"excerpt":{"rendered":"<p>Nakon \u0161to je u Haagu definitivno pao \u201ekalinova\u010dki Napoleon\u201c, u Beogradu se pojavila teorija o novom bosanskom srpskom nacionalizmu, koji, veli krsni kum te (nove) pojave u Srba, kontaminira prostor maj\u010dice Srbije. Iz Srpske \u2013 znakovito! \u2013 ni rije\u010di o ovoj objedi\u2026 Pi\u0161e:&nbsp;Josip Vri\u010dko,&nbsp;Katoli\u010dki tjednik Vi\u0161e je puta, nikad se ne umaraju\u0107i ponavljati, Milorad Dodik [&hellip;]<\/p>\n","protected":false},"author":2,"featured_media":34239,"comment_status":"closed","ping_status":"closed","sticky":false,"template":"","format":"standard","meta":{"h5ap_radio_sources":[],"footnotes":""},"categories":[1],"tags":[],"class_list":["post-34238","post","type-post","status-publish","format-standard","has-post-thumbnail","hentry","category-bihiregija"],"yoast_head":"<!-- This site is optimized with the Yoast SEO plugin v27.5 - https:\/\/yoast.com\/product\/yoast-seo-wordpress\/ -->\n<title>Postoje li (uop\u0107e) bosanski Srbi?! - RADIO LJUBU\u0160KI<\/title>\n<meta name=\"robots\" content=\"index, follow, max-snippet:-1, max-image-preview:large, max-video-preview:-1\" \/>\n<link rel=\"canonical\" href=\"https:\/\/radioljubuski.ba\/index.php\/2021\/06\/20\/postoje-li-uopce-bosanski-srbi\/\" \/>\n<meta property=\"og:locale\" content=\"hr_HR\" \/>\n<meta property=\"og:type\" content=\"article\" \/>\n<meta property=\"og:title\" content=\"Postoje li (uop\u0107e) bosanski Srbi?! - RADIO LJUBU\u0160KI\" \/>\n<meta property=\"og:description\" content=\"Nakon \u0161to je u Haagu definitivno pao \u201ekalinova\u010dki Napoleon\u201c, u Beogradu se pojavila teorija o novom bosanskom srpskom nacionalizmu, koji, veli krsni kum te (nove) pojave u Srba, kontaminira prostor maj\u010dice Srbije. Iz Srpske \u2013 znakovito! \u2013 ni rije\u010di o ovoj objedi\u2026 Pi\u0161e:&nbsp;Josip Vri\u010dko,&nbsp;Katoli\u010dki tjednik Vi\u0161e je puta, nikad se ne umaraju\u0107i ponavljati, Milorad Dodik [&hellip;]\" \/>\n<meta property=\"og:url\" content=\"https:\/\/radioljubuski.ba\/index.php\/2021\/06\/20\/postoje-li-uopce-bosanski-srbi\/\" \/>\n<meta property=\"og:site_name\" content=\"RADIO LJUBU\u0160KI\" \/>\n<meta property=\"article:publisher\" content=\"https:\/\/www.facebook.com\/Radiio-Ljubuski-1490835324566332\" \/>\n<meta property=\"article:published_time\" content=\"2021-06-20T19:21:35+00:00\" \/>\n<meta property=\"article:modified_time\" content=\"2021-06-20T19:21:37+00:00\" \/>\n<meta property=\"og:image\" content=\"https:\/\/radioljubuski.ba\/wp-content\/uploads\/2021\/06\/komentar6.jpg\" \/>\n\t<meta property=\"og:image:width\" content=\"1024\" \/>\n\t<meta property=\"og:image:height\" content=\"720\" \/>\n\t<meta property=\"og:image:type\" content=\"image\/jpeg\" \/>\n<meta name=\"author\" content=\"Radio Ljubu\u0161ki\" \/>\n<meta name=\"twitter:card\" content=\"summary_large_image\" \/>\n<meta name=\"twitter:creator\" content=\"@radioljubuski\" \/>\n<meta name=\"twitter:site\" content=\"@radioljubuski\" \/>\n<meta name=\"twitter:label1\" content=\"Napisao\/la\" \/>\n\t<meta name=\"twitter:data1\" content=\"Radio Ljubu\u0161ki\" \/>\n\t<meta name=\"twitter:label2\" content=\"Procijenjeno vrijeme \u010ditanja\" \/>\n\t<meta name=\"twitter:data2\" content=\"6 minuta\" \/>\n<script type=\"application\/ld+json\" class=\"yoast-schema-graph\">{\"@context\":\"https:\\\/\\\/schema.org\",\"@graph\":[{\"@type\":\"Article\",\"@id\":\"https:\\\/\\\/radioljubuski.ba\\\/index.php\\\/2021\\\/06\\\/20\\\/postoje-li-uopce-bosanski-srbi\\\/#article\",\"isPartOf\":{\"@id\":\"https:\\\/\\\/radioljubuski.ba\\\/index.php\\\/2021\\\/06\\\/20\\\/postoje-li-uopce-bosanski-srbi\\\/\"},\"author\":{\"name\":\"Radio Ljubu\u0161ki\",\"@id\":\"https:\\\/\\\/radioljubuski.ba\\\/#\\\/schema\\\/person\\\/19fc700381a780f69665d7956c469e3b\"},\"headline\":\"Postoje li (uop\u0107e) bosanski Srbi?!\",\"datePublished\":\"2021-06-20T19:21:35+00:00\",\"dateModified\":\"2021-06-20T19:21:37+00:00\",\"mainEntityOfPage\":{\"@id\":\"https:\\\/\\\/radioljubuski.ba\\\/index.php\\\/2021\\\/06\\\/20\\\/postoje-li-uopce-bosanski-srbi\\\/\"},\"wordCount\":1342,\"publisher\":{\"@id\":\"https:\\\/\\\/radioljubuski.ba\\\/#organization\"},\"image\":{\"@id\":\"https:\\\/\\\/radioljubuski.ba\\\/index.php\\\/2021\\\/06\\\/20\\\/postoje-li-uopce-bosanski-srbi\\\/#primaryimage\"},\"thumbnailUrl\":\"https:\\\/\\\/radioljubuski.ba\\\/wp-content\\\/uploads\\\/2021\\\/06\\\/komentar6.jpg\",\"articleSection\":[\"BIH i regija\"],\"inLanguage\":\"hr\"},{\"@type\":\"WebPage\",\"@id\":\"https:\\\/\\\/radioljubuski.ba\\\/index.php\\\/2021\\\/06\\\/20\\\/postoje-li-uopce-bosanski-srbi\\\/\",\"url\":\"https:\\\/\\\/radioljubuski.ba\\\/index.php\\\/2021\\\/06\\\/20\\\/postoje-li-uopce-bosanski-srbi\\\/\",\"name\":\"Postoje li (uop\u0107e) bosanski Srbi?! - RADIO LJUBU\u0160KI\",\"isPartOf\":{\"@id\":\"https:\\\/\\\/radioljubuski.ba\\\/#website\"},\"primaryImageOfPage\":{\"@id\":\"https:\\\/\\\/radioljubuski.ba\\\/index.php\\\/2021\\\/06\\\/20\\\/postoje-li-uopce-bosanski-srbi\\\/#primaryimage\"},\"image\":{\"@id\":\"https:\\\/\\\/radioljubuski.ba\\\/index.php\\\/2021\\\/06\\\/20\\\/postoje-li-uopce-bosanski-srbi\\\/#primaryimage\"},\"thumbnailUrl\":\"https:\\\/\\\/radioljubuski.ba\\\/wp-content\\\/uploads\\\/2021\\\/06\\\/komentar6.jpg\",\"datePublished\":\"2021-06-20T19:21:35+00:00\",\"dateModified\":\"2021-06-20T19:21:37+00:00\",\"breadcrumb\":{\"@id\":\"https:\\\/\\\/radioljubuski.ba\\\/index.php\\\/2021\\\/06\\\/20\\\/postoje-li-uopce-bosanski-srbi\\\/#breadcrumb\"},\"inLanguage\":\"hr\",\"potentialAction\":[{\"@type\":\"ReadAction\",\"target\":[\"https:\\\/\\\/radioljubuski.ba\\\/index.php\\\/2021\\\/06\\\/20\\\/postoje-li-uopce-bosanski-srbi\\\/\"]}]},{\"@type\":\"ImageObject\",\"inLanguage\":\"hr\",\"@id\":\"https:\\\/\\\/radioljubuski.ba\\\/index.php\\\/2021\\\/06\\\/20\\\/postoje-li-uopce-bosanski-srbi\\\/#primaryimage\",\"url\":\"https:\\\/\\\/radioljubuski.ba\\\/wp-content\\\/uploads\\\/2021\\\/06\\\/komentar6.jpg\",\"contentUrl\":\"https:\\\/\\\/radioljubuski.ba\\\/wp-content\\\/uploads\\\/2021\\\/06\\\/komentar6.jpg\",\"width\":1024,\"height\":720},{\"@type\":\"BreadcrumbList\",\"@id\":\"https:\\\/\\\/radioljubuski.ba\\\/index.php\\\/2021\\\/06\\\/20\\\/postoje-li-uopce-bosanski-srbi\\\/#breadcrumb\",\"itemListElement\":[{\"@type\":\"ListItem\",\"position\":1,\"name\":\"Po\u010detna stranica\",\"item\":\"https:\\\/\\\/radioljubuski.ba\\\/\"},{\"@type\":\"ListItem\",\"position\":2,\"name\":\"Postoje li (uop\u0107e) bosanski Srbi?!\"}]},{\"@type\":\"WebSite\",\"@id\":\"https:\\\/\\\/radioljubuski.ba\\\/#website\",\"url\":\"https:\\\/\\\/radioljubuski.ba\\\/\",\"name\":\"Radio Ljubu\u0161ki\",\"description\":\"Sun\u010dana frekvencija Hercegovine\",\"publisher\":{\"@id\":\"https:\\\/\\\/radioljubuski.ba\\\/#organization\"},\"potentialAction\":[{\"@type\":\"SearchAction\",\"target\":{\"@type\":\"EntryPoint\",\"urlTemplate\":\"https:\\\/\\\/radioljubuski.ba\\\/?s={search_term_string}\"},\"query-input\":{\"@type\":\"PropertyValueSpecification\",\"valueRequired\":true,\"valueName\":\"search_term_string\"}}],\"inLanguage\":\"hr\"},{\"@type\":\"Organization\",\"@id\":\"https:\\\/\\\/radioljubuski.ba\\\/#organization\",\"name\":\"Radio Ljubu\u0161ki\",\"url\":\"https:\\\/\\\/radioljubuski.ba\\\/\",\"logo\":{\"@type\":\"ImageObject\",\"inLanguage\":\"hr\",\"@id\":\"https:\\\/\\\/radioljubuski.ba\\\/#\\\/schema\\\/logo\\\/image\\\/\",\"url\":\"https:\\\/\\\/radioljubuski.ba\\\/wp-content\\\/uploads\\\/2021\\\/02\\\/cropped-Radio_Ljubuski_logo1.jpg\",\"contentUrl\":\"https:\\\/\\\/radioljubuski.ba\\\/wp-content\\\/uploads\\\/2021\\\/02\\\/cropped-Radio_Ljubuski_logo1.jpg\",\"width\":512,\"height\":512,\"caption\":\"Radio Ljubu\u0161ki\"},\"image\":{\"@id\":\"https:\\\/\\\/radioljubuski.ba\\\/#\\\/schema\\\/logo\\\/image\\\/\"},\"sameAs\":[\"https:\\\/\\\/www.facebook.com\\\/Radiio-Ljubuski-1490835324566332\",\"https:\\\/\\\/x.com\\\/radioljubuski\",\"https:\\\/\\\/hr.linkedin.com\\\/company\\\/radio-ljubuski\",\"https:\\\/\\\/www.youtube.com\\\/channel\\\/UCHYaeO_n0Db3tjNGudGpXyw\"]},{\"@type\":\"Person\",\"@id\":\"https:\\\/\\\/radioljubuski.ba\\\/#\\\/schema\\\/person\\\/19fc700381a780f69665d7956c469e3b\",\"name\":\"Radio Ljubu\u0161ki\"}]}<\/script>\n<!-- \/ Yoast SEO plugin. -->","yoast_head_json":{"title":"Postoje li (uop\u0107e) bosanski Srbi?! - RADIO LJUBU\u0160KI","robots":{"index":"index","follow":"follow","max-snippet":"max-snippet:-1","max-image-preview":"max-image-preview:large","max-video-preview":"max-video-preview:-1"},"canonical":"https:\/\/radioljubuski.ba\/index.php\/2021\/06\/20\/postoje-li-uopce-bosanski-srbi\/","og_locale":"hr_HR","og_type":"article","og_title":"Postoje li (uop\u0107e) bosanski Srbi?! - RADIO LJUBU\u0160KI","og_description":"Nakon \u0161to je u Haagu definitivno pao \u201ekalinova\u010dki Napoleon\u201c, u Beogradu se pojavila teorija o novom bosanskom srpskom nacionalizmu, koji, veli krsni kum te (nove) pojave u Srba, kontaminira prostor maj\u010dice Srbije. Iz Srpske \u2013 znakovito! \u2013 ni rije\u010di o ovoj objedi\u2026 Pi\u0161e:&nbsp;Josip Vri\u010dko,&nbsp;Katoli\u010dki tjednik Vi\u0161e je puta, nikad se ne umaraju\u0107i ponavljati, Milorad Dodik [&hellip;]","og_url":"https:\/\/radioljubuski.ba\/index.php\/2021\/06\/20\/postoje-li-uopce-bosanski-srbi\/","og_site_name":"RADIO LJUBU\u0160KI","article_publisher":"https:\/\/www.facebook.com\/Radiio-Ljubuski-1490835324566332","article_published_time":"2021-06-20T19:21:35+00:00","article_modified_time":"2021-06-20T19:21:37+00:00","og_image":[{"width":1024,"height":720,"url":"https:\/\/radioljubuski.ba\/wp-content\/uploads\/2021\/06\/komentar6.jpg","type":"image\/jpeg"}],"author":"Radio Ljubu\u0161ki","twitter_card":"summary_large_image","twitter_creator":"@radioljubuski","twitter_site":"@radioljubuski","twitter_misc":{"Napisao\/la":"Radio Ljubu\u0161ki","Procijenjeno vrijeme \u010ditanja":"6 minuta"},"schema":{"@context":"https:\/\/schema.org","@graph":[{"@type":"Article","@id":"https:\/\/radioljubuski.ba\/index.php\/2021\/06\/20\/postoje-li-uopce-bosanski-srbi\/#article","isPartOf":{"@id":"https:\/\/radioljubuski.ba\/index.php\/2021\/06\/20\/postoje-li-uopce-bosanski-srbi\/"},"author":{"name":"Radio Ljubu\u0161ki","@id":"https:\/\/radioljubuski.ba\/#\/schema\/person\/19fc700381a780f69665d7956c469e3b"},"headline":"Postoje li (uop\u0107e) bosanski Srbi?!","datePublished":"2021-06-20T19:21:35+00:00","dateModified":"2021-06-20T19:21:37+00:00","mainEntityOfPage":{"@id":"https:\/\/radioljubuski.ba\/index.php\/2021\/06\/20\/postoje-li-uopce-bosanski-srbi\/"},"wordCount":1342,"publisher":{"@id":"https:\/\/radioljubuski.ba\/#organization"},"image":{"@id":"https:\/\/radioljubuski.ba\/index.php\/2021\/06\/20\/postoje-li-uopce-bosanski-srbi\/#primaryimage"},"thumbnailUrl":"https:\/\/radioljubuski.ba\/wp-content\/uploads\/2021\/06\/komentar6.jpg","articleSection":["BIH i regija"],"inLanguage":"hr"},{"@type":"WebPage","@id":"https:\/\/radioljubuski.ba\/index.php\/2021\/06\/20\/postoje-li-uopce-bosanski-srbi\/","url":"https:\/\/radioljubuski.ba\/index.php\/2021\/06\/20\/postoje-li-uopce-bosanski-srbi\/","name":"Postoje li (uop\u0107e) bosanski Srbi?! - RADIO LJUBU\u0160KI","isPartOf":{"@id":"https:\/\/radioljubuski.ba\/#website"},"primaryImageOfPage":{"@id":"https:\/\/radioljubuski.ba\/index.php\/2021\/06\/20\/postoje-li-uopce-bosanski-srbi\/#primaryimage"},"image":{"@id":"https:\/\/radioljubuski.ba\/index.php\/2021\/06\/20\/postoje-li-uopce-bosanski-srbi\/#primaryimage"},"thumbnailUrl":"https:\/\/radioljubuski.ba\/wp-content\/uploads\/2021\/06\/komentar6.jpg","datePublished":"2021-06-20T19:21:35+00:00","dateModified":"2021-06-20T19:21:37+00:00","breadcrumb":{"@id":"https:\/\/radioljubuski.ba\/index.php\/2021\/06\/20\/postoje-li-uopce-bosanski-srbi\/#breadcrumb"},"inLanguage":"hr","potentialAction":[{"@type":"ReadAction","target":["https:\/\/radioljubuski.ba\/index.php\/2021\/06\/20\/postoje-li-uopce-bosanski-srbi\/"]}]},{"@type":"ImageObject","inLanguage":"hr","@id":"https:\/\/radioljubuski.ba\/index.php\/2021\/06\/20\/postoje-li-uopce-bosanski-srbi\/#primaryimage","url":"https:\/\/radioljubuski.ba\/wp-content\/uploads\/2021\/06\/komentar6.jpg","contentUrl":"https:\/\/radioljubuski.ba\/wp-content\/uploads\/2021\/06\/komentar6.jpg","width":1024,"height":720},{"@type":"BreadcrumbList","@id":"https:\/\/radioljubuski.ba\/index.php\/2021\/06\/20\/postoje-li-uopce-bosanski-srbi\/#breadcrumb","itemListElement":[{"@type":"ListItem","position":1,"name":"Po\u010detna stranica","item":"https:\/\/radioljubuski.ba\/"},{"@type":"ListItem","position":2,"name":"Postoje li (uop\u0107e) bosanski Srbi?!"}]},{"@type":"WebSite","@id":"https:\/\/radioljubuski.ba\/#website","url":"https:\/\/radioljubuski.ba\/","name":"Radio Ljubu\u0161ki","description":"Sun\u010dana frekvencija Hercegovine","publisher":{"@id":"https:\/\/radioljubuski.ba\/#organization"},"potentialAction":[{"@type":"SearchAction","target":{"@type":"EntryPoint","urlTemplate":"https:\/\/radioljubuski.ba\/?s={search_term_string}"},"query-input":{"@type":"PropertyValueSpecification","valueRequired":true,"valueName":"search_term_string"}}],"inLanguage":"hr"},{"@type":"Organization","@id":"https:\/\/radioljubuski.ba\/#organization","name":"Radio Ljubu\u0161ki","url":"https:\/\/radioljubuski.ba\/","logo":{"@type":"ImageObject","inLanguage":"hr","@id":"https:\/\/radioljubuski.ba\/#\/schema\/logo\/image\/","url":"https:\/\/radioljubuski.ba\/wp-content\/uploads\/2021\/02\/cropped-Radio_Ljubuski_logo1.jpg","contentUrl":"https:\/\/radioljubuski.ba\/wp-content\/uploads\/2021\/02\/cropped-Radio_Ljubuski_logo1.jpg","width":512,"height":512,"caption":"Radio Ljubu\u0161ki"},"image":{"@id":"https:\/\/radioljubuski.ba\/#\/schema\/logo\/image\/"},"sameAs":["https:\/\/www.facebook.com\/Radiio-Ljubuski-1490835324566332","https:\/\/x.com\/radioljubuski","https:\/\/hr.linkedin.com\/company\/radio-ljubuski","https:\/\/www.youtube.com\/channel\/UCHYaeO_n0Db3tjNGudGpXyw"]},{"@type":"Person","@id":"https:\/\/radioljubuski.ba\/#\/schema\/person\/19fc700381a780f69665d7956c469e3b","name":"Radio Ljubu\u0161ki"}]}},"_links":{"self":[{"href":"https:\/\/radioljubuski.ba\/index.php\/wp-json\/wp\/v2\/posts\/34238","targetHints":{"allow":["GET"]}}],"collection":[{"href":"https:\/\/radioljubuski.ba\/index.php\/wp-json\/wp\/v2\/posts"}],"about":[{"href":"https:\/\/radioljubuski.ba\/index.php\/wp-json\/wp\/v2\/types\/post"}],"author":[{"embeddable":true,"href":"https:\/\/radioljubuski.ba\/index.php\/wp-json\/wp\/v2\/users\/2"}],"replies":[{"embeddable":true,"href":"https:\/\/radioljubuski.ba\/index.php\/wp-json\/wp\/v2\/comments?post=34238"}],"version-history":[{"count":1,"href":"https:\/\/radioljubuski.ba\/index.php\/wp-json\/wp\/v2\/posts\/34238\/revisions"}],"predecessor-version":[{"id":34240,"href":"https:\/\/radioljubuski.ba\/index.php\/wp-json\/wp\/v2\/posts\/34238\/revisions\/34240"}],"wp:featuredmedia":[{"embeddable":true,"href":"https:\/\/radioljubuski.ba\/index.php\/wp-json\/wp\/v2\/media\/34239"}],"wp:attachment":[{"href":"https:\/\/radioljubuski.ba\/index.php\/wp-json\/wp\/v2\/media?parent=34238"}],"wp:term":[{"taxonomy":"category","embeddable":true,"href":"https:\/\/radioljubuski.ba\/index.php\/wp-json\/wp\/v2\/categories?post=34238"},{"taxonomy":"post_tag","embeddable":true,"href":"https:\/\/radioljubuski.ba\/index.php\/wp-json\/wp\/v2\/tags?post=34238"}],"curies":[{"name":"wp","href":"https:\/\/api.w.org\/{rel}","templated":true}]}}