{"id":34244,"date":"2021-06-20T20:24:53","date_gmt":"2021-06-20T19:24:53","guid":{"rendered":"https:\/\/radioljubuski.ba\/?p=34244"},"modified":"2021-06-20T20:24:54","modified_gmt":"2021-06-20T19:24:54","slug":"osmica-na-ravnateljskoj-poziciji-osa-e-s-krivotvorenom-diplomom-ostvario-korist-vecu-od-100-000-km","status":"publish","type":"post","link":"https:\/\/radioljubuski.ba\/index.php\/2021\/06\/20\/osmica-na-ravnateljskoj-poziciji-osa-e-s-krivotvorenom-diplomom-ostvario-korist-vecu-od-100-000-km\/","title":{"rendered":"Osmica na ravnateljskoj poziciji OSA-e s krivotvorenom diplomom ostvario korist ve\u0107u od 100.000 KM?"},"content":{"rendered":"\n<p><strong>Tu\u017eitelj Oleg \u010cavka obrazla\u017eu\u0107i prijedlog pritvora za uhi\u0107enog Denisa Prci\u0107a, ravnatelja Ameri\u010dkog univerziteta BiH kazao je da Tu\u017eiteljstvo vodi kaznenu istragu i protiv Osmana Mehmedagi\u0107a, Melise Belki\u0107 Mujkanovi\u0107 i Emira Mujkanovi\u0107a zbog postojanja osnovane sumnje da su ravnatelju OSA-e nezakonito omogu\u0107ili stjecanje diplome.<\/strong><\/p>\n\n\n\n<p>Oni se slu\u017ebeno sumnji\u010de za kaznena djela pomo\u0107 po\u010dinitelju nakon u\u010dinjenog kaznenog djela, zloupotreba polo\u017eaja ili ovlasti , krivotvorenje slu\u017ebene isprave i krivotvorenje ili uni\u0161tenje slu\u017ebene isprave, pi\u0161e Avaz.ba.<\/p>\n\n\n\n<p>Istragom je utvr\u0111eno da je Prosvjetni inspektorat Republike Srpske u studenom 2019. godine, poni\u0161tio diplomu Fakulteta za poslovne studije u Banja Luci, izdanu na ime ravnatelja Obavje\u0161tajno sigurnosne agencije BiH.<\/p>\n\n\n\n<p><strong>Zloupotreba ovlasti<\/strong><\/p>\n\n\n\n<p>No, kako je rekao \u010cavka, u momentu kada se navedeni zatekao u situaciji, da du\u017enost ravnatelja OSA BiH obavlja s neadekvatnom nedostatnom vi\u0161om stru\u010dnom spremom, s obzirom na to da je Zakonom propisana visoka stru\u010dna sprema kao preduvjet za obna\u0161anje ravnatelja OSA BiH, svoju vlastitu visoku stru\u010dnu spremu Mehmedagi\u0107 je dokazivao Parlamentu BiH-Odboru za nadzor nad radom OSA BiH dostavljanjem krivotvorene diplome Ameri\u010dkog univerziteta u BiH, pri \u010demu je dostavljenu krivotvorenu diplomu zloupotrebom ovlasti proizi\u0161lih iz odredbi Zakona o OSA BiH i Zakonom o za\u0161titi tajnih podataka BiH, te je svoju vlastitu diplomu ozna\u010dio oznakom tajnosti i pri tome stavio zabranu daljeg dostavljanja diplome drugim tijelima.<\/p>\n\n\n\n<p>U prijedlogu je navedeno da s obzirom na to da se javne isprave \u2013 me\u0111u koje spadaju i diplome visoko\u0161kolskih ustanova, ne mogu ozna\u010diti tajnim podatkom, navedena radnja poduzeta je s ciljem onemogu\u0107avanja istra\u017enih aktivnosti, koje su u tom momentu bile u tijeku, a u pogledu vjerodostojnosti njegove diplome.<\/p>\n\n\n\n<p>\u010cavka smatra da je Mehmedagi\u0107 stekao krivotvorenu diplomu Visoke stru\u010dne spreme s kojom je imenovan i vr\u0161io du\u017enost OSA, iako njegov ravnatelja a stvarna stru\u010dna sprema, V\u0160S Pravnog fakulteta u Sarajevu nije dovoljna za imenovanje.<\/p>\n\n\n\n<p>\u2013 Mehmedagi\u0107 je na ovaj na\u010din nezakonitim vr\u0161enjem du\u017enosti ostvario imovinsko-pravnu korist u iznosu ve\u0107em od 100.000 maraka napisao je u prijedlogu za odre\u0111ivanje pritvora \u010cavka.<\/p>\n\n\n\n<p><strong>Ne \u017eeli predati mati\u010dne knjige<\/strong><\/p>\n\n\n\n<p>Ina\u010de, \u010cavka je danas potvrdio ranije navode \u201eAvaza\u201c da je Prci\u0107 uz pomo\u0107 suradnika istrgnuo originalnu stranicu iz registra ovog fakulteta te da je naknadno uba\u010deno i dopisano ime Osmana Mehmedagi\u0107a. Grafolog koji je utvrdio nelogi\u010dnosti je stalni sudski vje\u0161tak Ismet Katana.<\/p>\n\n\n\n<p>\u010cavka je rekao da je rije\u010d o krivotvorenom dokumentu.<\/p>\n\n\n\n<p>\u2013 Stanice M i N su istrgnute a na njihovo mjesto uba\u010dene nove i umjesto koncem zalijepljene ljepilom. Rukopis kojim je ispisano Mehmedagi\u0107evo ime poku\u0161aj je imitacije rukopisa prija\u0161nje zaposlenice Dijane Husi\u0107. Redni broj 7 bio je Damir Mujakovi\u0107, a u izmijenjenim stranicama uba\u010deno je ime Osmana Mehmedagi\u0107a \u2013 kazao je \u010cavka.<\/p>\n\n\n\n<p>Kako je rekao ne postoji nijedan dokaz da je on bio student u ovoj ustanovi te da osumnji\u010deni Prci\u0107 i dalje policiji i tu\u017eiteljstvu ne \u017eeli predati mati\u010dne knjige kao i dosje o Mehmedagi\u0107u.<\/p>\n\n\n\n<p>Pojasnio je da nisu prona\u0111ene mati\u010dne knjige, knjiga izdanih diploma, kao ni dosje studenata.<\/p>\n\n\n\n<p>\u010cavka je ustvrdio da je takvu krivotvorenu diplomu Mehmedagi\u0107 dostavio Povjerenstvu za nadzor nad radom OSA-e koja je od njega tra\u017eila dokaz o visoko\u0161kolskom obrazovanju.<\/p>\n\n\n\n<p>Me\u0111utim, tu diplomu Mehmedagi\u0107 je proglasio tajnom, a \u010cavka tvrdi da je stavio \u201coznaku tajnosti na ne\u0161to \u0161to je javni dokument\u201d a da je razlog da onemogu\u0107i bilo kakve istra\u017ene aktivnosti.<\/p>\n\n\n\n<p>Tu\u017eiteljstvo smatra da je ove radnje Mehmedagi\u0107 pokrenuo nakon \u0161to mu je Inspektorat Republike Srpske poni\u0161tio diplomu Fakulteta za poslovne studije u Banjoj Luci.<\/p>\n\n\n\n<p>\u2013 Po\u0161to se na\u0161ao na poziciji ravnatelja OSA bez odgovaraju\u0107e spreme on je prilo\u017eio krivotvorenu diplomu Ameri\u010dkog univerziteta u Tuzli. Me\u0111utim, prije toga, on je u 2019.godine upisao Pravni fakultet u Kiseljaku \u2013 Travniku (Kod Bime), ali se u o\u017eujku 2020.godine ispisao. Razlog je taj \u0161to je ve\u0107 osigurao krivotvorenu diplomu koju je prilo\u017eio Povjerenstvu za nadzor nad radom OSA-e \u2013 naveo je tu\u017eitelj i dodao da je Mehmedagi\u0107 s poni\u0161tenim studentskim indeksom koji je putem Slu\u017ebenog lista proglasio izgubljenim upisao Fakultet za poslovne studije Banja Luka.<\/p>\n\n\n\n<p>Pravo je pitanje za\u0161to je Mehmedagi\u0107 ako je ve\u0107 imao diplomu Pravnog fakulteta, ponovo upisao pravo, ali ovoga puta u Kiseljaku.<\/p>\n\n\n\n<p><strong>\u0160to ka\u017ee obrana<\/strong><\/p>\n\n\n\n<p>Tu\u017eitelj \u010cavka je naglasio da je Prci\u0107 tijekom istrage odbijao svaku vrstu suradnje s policijom i inspekcijom, da je odbio dati dokumente MUP TK o Mehmedagi\u0107evom eventualnom \u0161kolovanju navode\u0107i da je suradnik OSA-e i da \u201cne mo\u017ee bez odobrenja Mehmedagi\u0107a ustupiti diplomu.\u201d<\/p>\n\n\n\n<p>\u2013 Prci\u0107 je tijekom inspekcijskog nadzora u Tuzli odbio inspektorima dozvoliti uvid u mati\u010dne knjige, kao i da ih kopiraju. Tako je omogu\u0107io Osmici da bez validne diplome obna\u0161a du\u017enost ravnatelja OSA-e \u2013 rekao je \u010cavka.<\/p>\n\n\n\n<p>S druge strane obrana je ustvrdila da nema osnova da se Mehmedagi\u0107u i njegovoj suradnici Melisi Belki\u0107 Mujkanovi\u0107 odredi pritvor.<\/p>\n\n\n\n<p>Prci\u0107ev odvjetnik Miroljub Radomirovi\u0107 kazao je da je prijedlog Tu\u017eiteljstva BiH neosnovan, kazav\u0161i da Sud BiH nije ni nadle\u017ean za ovaj postupak. Zanimljivo je, kako pi\u0161e Avaz, da vi\u0161e izlaganje temeljio na obrani Osmana Mehmedagi\u0107a, nego samog Prci\u0107a.<\/p>\n\n\n\n<p>Mujkanovi\u0107eva odvjetnica je istaknlak da njena klijentica nije iznosila nikakve dokumente iz Univerziteta, nego da je rije\u010d o stolnjacima za svadbu \u201cjer se narednih dana udala\u201d.<\/p>\n\n\n\n<p>\/HMS\/<\/p>\n","protected":false},"excerpt":{"rendered":"<p>Tu\u017eitelj Oleg \u010cavka obrazla\u017eu\u0107i prijedlog pritvora za uhi\u0107enog Denisa Prci\u0107a, ravnatelja Ameri\u010dkog univerziteta BiH kazao je da Tu\u017eiteljstvo vodi kaznenu istragu i protiv Osmana Mehmedagi\u0107a, Melise Belki\u0107 Mujkanovi\u0107 i Emira Mujkanovi\u0107a zbog postojanja osnovane sumnje da su ravnatelju OSA-e nezakonito omogu\u0107ili stjecanje diplome. Oni se slu\u017ebeno sumnji\u010de za kaznena djela pomo\u0107 po\u010dinitelju nakon u\u010dinjenog kaznenog [&hellip;]<\/p>\n","protected":false},"author":2,"featured_media":34245,"comment_status":"closed","ping_status":"closed","sticky":false,"template":"","format":"standard","meta":{"h5ap_radio_sources":[],"footnotes":""},"categories":[1],"tags":[],"class_list":["post-34244","post","type-post","status-publish","format-standard","has-post-thumbnail","hentry","category-bihiregija"],"yoast_head":"<!-- This site is optimized with the Yoast SEO plugin v27.5 - https:\/\/yoast.com\/product\/yoast-seo-wordpress\/ -->\n<title>Osmica na ravnateljskoj poziciji OSA-e s krivotvorenom diplomom ostvario korist ve\u0107u od 100.000 KM? - RADIO LJUBU\u0160KI<\/title>\n<meta name=\"robots\" content=\"index, follow, max-snippet:-1, max-image-preview:large, max-video-preview:-1\" \/>\n<link rel=\"canonical\" href=\"https:\/\/radioljubuski.ba\/index.php\/2021\/06\/20\/osmica-na-ravnateljskoj-poziciji-osa-e-s-krivotvorenom-diplomom-ostvario-korist-vecu-od-100-000-km\/\" \/>\n<meta property=\"og:locale\" content=\"hr_HR\" \/>\n<meta property=\"og:type\" content=\"article\" \/>\n<meta property=\"og:title\" content=\"Osmica na ravnateljskoj poziciji OSA-e s krivotvorenom diplomom ostvario korist ve\u0107u od 100.000 KM? - RADIO LJUBU\u0160KI\" \/>\n<meta property=\"og:description\" content=\"Tu\u017eitelj Oleg \u010cavka obrazla\u017eu\u0107i prijedlog pritvora za uhi\u0107enog Denisa Prci\u0107a, ravnatelja Ameri\u010dkog univerziteta BiH kazao je da Tu\u017eiteljstvo vodi kaznenu istragu i protiv Osmana Mehmedagi\u0107a, Melise Belki\u0107 Mujkanovi\u0107 i Emira Mujkanovi\u0107a zbog postojanja osnovane sumnje da su ravnatelju OSA-e nezakonito omogu\u0107ili stjecanje diplome. Oni se slu\u017ebeno sumnji\u010de za kaznena djela pomo\u0107 po\u010dinitelju nakon u\u010dinjenog kaznenog [&hellip;]\" \/>\n<meta property=\"og:url\" content=\"https:\/\/radioljubuski.ba\/index.php\/2021\/06\/20\/osmica-na-ravnateljskoj-poziciji-osa-e-s-krivotvorenom-diplomom-ostvario-korist-vecu-od-100-000-km\/\" \/>\n<meta property=\"og:site_name\" content=\"RADIO LJUBU\u0160KI\" \/>\n<meta property=\"article:publisher\" content=\"https:\/\/www.facebook.com\/Radiio-Ljubuski-1490835324566332\" \/>\n<meta property=\"article:published_time\" content=\"2021-06-20T19:24:53+00:00\" \/>\n<meta property=\"article:modified_time\" content=\"2021-06-20T19:24:54+00:00\" \/>\n<meta property=\"og:image\" content=\"https:\/\/radioljubuski.ba\/wp-content\/uploads\/2021\/06\/873x400-76.jpg\" \/>\n\t<meta property=\"og:image:width\" content=\"750\" \/>\n\t<meta property=\"og:image:height\" content=\"465\" \/>\n\t<meta property=\"og:image:type\" content=\"image\/jpeg\" \/>\n<meta name=\"author\" content=\"Radio Ljubu\u0161ki\" \/>\n<meta name=\"twitter:card\" content=\"summary_large_image\" \/>\n<meta name=\"twitter:creator\" content=\"@radioljubuski\" \/>\n<meta name=\"twitter:site\" content=\"@radioljubuski\" \/>\n<meta name=\"twitter:label1\" content=\"Napisao\/la\" \/>\n\t<meta name=\"twitter:data1\" content=\"Radio Ljubu\u0161ki\" \/>\n\t<meta name=\"twitter:label2\" content=\"Procijenjeno vrijeme \u010ditanja\" \/>\n\t<meta name=\"twitter:data2\" content=\"4 minute\" \/>\n<script type=\"application\/ld+json\" class=\"yoast-schema-graph\">{\"@context\":\"https:\\\/\\\/schema.org\",\"@graph\":[{\"@type\":\"Article\",\"@id\":\"https:\\\/\\\/radioljubuski.ba\\\/index.php\\\/2021\\\/06\\\/20\\\/osmica-na-ravnateljskoj-poziciji-osa-e-s-krivotvorenom-diplomom-ostvario-korist-vecu-od-100-000-km\\\/#article\",\"isPartOf\":{\"@id\":\"https:\\\/\\\/radioljubuski.ba\\\/index.php\\\/2021\\\/06\\\/20\\\/osmica-na-ravnateljskoj-poziciji-osa-e-s-krivotvorenom-diplomom-ostvario-korist-vecu-od-100-000-km\\\/\"},\"author\":{\"name\":\"Radio Ljubu\u0161ki\",\"@id\":\"https:\\\/\\\/radioljubuski.ba\\\/#\\\/schema\\\/person\\\/19fc700381a780f69665d7956c469e3b\"},\"headline\":\"Osmica na ravnateljskoj poziciji OSA-e s krivotvorenom diplomom ostvario korist ve\u0107u od 100.000 KM?\",\"datePublished\":\"2021-06-20T19:24:53+00:00\",\"dateModified\":\"2021-06-20T19:24:54+00:00\",\"mainEntityOfPage\":{\"@id\":\"https:\\\/\\\/radioljubuski.ba\\\/index.php\\\/2021\\\/06\\\/20\\\/osmica-na-ravnateljskoj-poziciji-osa-e-s-krivotvorenom-diplomom-ostvario-korist-vecu-od-100-000-km\\\/\"},\"wordCount\":937,\"publisher\":{\"@id\":\"https:\\\/\\\/radioljubuski.ba\\\/#organization\"},\"image\":{\"@id\":\"https:\\\/\\\/radioljubuski.ba\\\/index.php\\\/2021\\\/06\\\/20\\\/osmica-na-ravnateljskoj-poziciji-osa-e-s-krivotvorenom-diplomom-ostvario-korist-vecu-od-100-000-km\\\/#primaryimage\"},\"thumbnailUrl\":\"https:\\\/\\\/radioljubuski.ba\\\/wp-content\\\/uploads\\\/2021\\\/06\\\/873x400-76.jpg\",\"articleSection\":[\"BIH i regija\"],\"inLanguage\":\"hr\"},{\"@type\":\"WebPage\",\"@id\":\"https:\\\/\\\/radioljubuski.ba\\\/index.php\\\/2021\\\/06\\\/20\\\/osmica-na-ravnateljskoj-poziciji-osa-e-s-krivotvorenom-diplomom-ostvario-korist-vecu-od-100-000-km\\\/\",\"url\":\"https:\\\/\\\/radioljubuski.ba\\\/index.php\\\/2021\\\/06\\\/20\\\/osmica-na-ravnateljskoj-poziciji-osa-e-s-krivotvorenom-diplomom-ostvario-korist-vecu-od-100-000-km\\\/\",\"name\":\"Osmica na ravnateljskoj poziciji OSA-e s krivotvorenom diplomom ostvario korist ve\u0107u od 100.000 KM? - RADIO LJUBU\u0160KI\",\"isPartOf\":{\"@id\":\"https:\\\/\\\/radioljubuski.ba\\\/#website\"},\"primaryImageOfPage\":{\"@id\":\"https:\\\/\\\/radioljubuski.ba\\\/index.php\\\/2021\\\/06\\\/20\\\/osmica-na-ravnateljskoj-poziciji-osa-e-s-krivotvorenom-diplomom-ostvario-korist-vecu-od-100-000-km\\\/#primaryimage\"},\"image\":{\"@id\":\"https:\\\/\\\/radioljubuski.ba\\\/index.php\\\/2021\\\/06\\\/20\\\/osmica-na-ravnateljskoj-poziciji-osa-e-s-krivotvorenom-diplomom-ostvario-korist-vecu-od-100-000-km\\\/#primaryimage\"},\"thumbnailUrl\":\"https:\\\/\\\/radioljubuski.ba\\\/wp-content\\\/uploads\\\/2021\\\/06\\\/873x400-76.jpg\",\"datePublished\":\"2021-06-20T19:24:53+00:00\",\"dateModified\":\"2021-06-20T19:24:54+00:00\",\"breadcrumb\":{\"@id\":\"https:\\\/\\\/radioljubuski.ba\\\/index.php\\\/2021\\\/06\\\/20\\\/osmica-na-ravnateljskoj-poziciji-osa-e-s-krivotvorenom-diplomom-ostvario-korist-vecu-od-100-000-km\\\/#breadcrumb\"},\"inLanguage\":\"hr\",\"potentialAction\":[{\"@type\":\"ReadAction\",\"target\":[\"https:\\\/\\\/radioljubuski.ba\\\/index.php\\\/2021\\\/06\\\/20\\\/osmica-na-ravnateljskoj-poziciji-osa-e-s-krivotvorenom-diplomom-ostvario-korist-vecu-od-100-000-km\\\/\"]}]},{\"@type\":\"ImageObject\",\"inLanguage\":\"hr\",\"@id\":\"https:\\\/\\\/radioljubuski.ba\\\/index.php\\\/2021\\\/06\\\/20\\\/osmica-na-ravnateljskoj-poziciji-osa-e-s-krivotvorenom-diplomom-ostvario-korist-vecu-od-100-000-km\\\/#primaryimage\",\"url\":\"https:\\\/\\\/radioljubuski.ba\\\/wp-content\\\/uploads\\\/2021\\\/06\\\/873x400-76.jpg\",\"contentUrl\":\"https:\\\/\\\/radioljubuski.ba\\\/wp-content\\\/uploads\\\/2021\\\/06\\\/873x400-76.jpg\",\"width\":750,\"height\":465},{\"@type\":\"BreadcrumbList\",\"@id\":\"https:\\\/\\\/radioljubuski.ba\\\/index.php\\\/2021\\\/06\\\/20\\\/osmica-na-ravnateljskoj-poziciji-osa-e-s-krivotvorenom-diplomom-ostvario-korist-vecu-od-100-000-km\\\/#breadcrumb\",\"itemListElement\":[{\"@type\":\"ListItem\",\"position\":1,\"name\":\"Po\u010detna stranica\",\"item\":\"https:\\\/\\\/radioljubuski.ba\\\/\"},{\"@type\":\"ListItem\",\"position\":2,\"name\":\"Osmica na ravnateljskoj poziciji OSA-e s krivotvorenom diplomom ostvario korist ve\u0107u od 100.000 KM?\"}]},{\"@type\":\"WebSite\",\"@id\":\"https:\\\/\\\/radioljubuski.ba\\\/#website\",\"url\":\"https:\\\/\\\/radioljubuski.ba\\\/\",\"name\":\"Radio Ljubu\u0161ki\",\"description\":\"Sun\u010dana frekvencija Hercegovine\",\"publisher\":{\"@id\":\"https:\\\/\\\/radioljubuski.ba\\\/#organization\"},\"potentialAction\":[{\"@type\":\"SearchAction\",\"target\":{\"@type\":\"EntryPoint\",\"urlTemplate\":\"https:\\\/\\\/radioljubuski.ba\\\/?s={search_term_string}\"},\"query-input\":{\"@type\":\"PropertyValueSpecification\",\"valueRequired\":true,\"valueName\":\"search_term_string\"}}],\"inLanguage\":\"hr\"},{\"@type\":\"Organization\",\"@id\":\"https:\\\/\\\/radioljubuski.ba\\\/#organization\",\"name\":\"Radio Ljubu\u0161ki\",\"url\":\"https:\\\/\\\/radioljubuski.ba\\\/\",\"logo\":{\"@type\":\"ImageObject\",\"inLanguage\":\"hr\",\"@id\":\"https:\\\/\\\/radioljubuski.ba\\\/#\\\/schema\\\/logo\\\/image\\\/\",\"url\":\"https:\\\/\\\/radioljubuski.ba\\\/wp-content\\\/uploads\\\/2021\\\/02\\\/cropped-Radio_Ljubuski_logo1.jpg\",\"contentUrl\":\"https:\\\/\\\/radioljubuski.ba\\\/wp-content\\\/uploads\\\/2021\\\/02\\\/cropped-Radio_Ljubuski_logo1.jpg\",\"width\":512,\"height\":512,\"caption\":\"Radio Ljubu\u0161ki\"},\"image\":{\"@id\":\"https:\\\/\\\/radioljubuski.ba\\\/#\\\/schema\\\/logo\\\/image\\\/\"},\"sameAs\":[\"https:\\\/\\\/www.facebook.com\\\/Radiio-Ljubuski-1490835324566332\",\"https:\\\/\\\/x.com\\\/radioljubuski\",\"https:\\\/\\\/hr.linkedin.com\\\/company\\\/radio-ljubuski\",\"https:\\\/\\\/www.youtube.com\\\/channel\\\/UCHYaeO_n0Db3tjNGudGpXyw\"]},{\"@type\":\"Person\",\"@id\":\"https:\\\/\\\/radioljubuski.ba\\\/#\\\/schema\\\/person\\\/19fc700381a780f69665d7956c469e3b\",\"name\":\"Radio Ljubu\u0161ki\"}]}<\/script>\n<!-- \/ Yoast SEO plugin. -->","yoast_head_json":{"title":"Osmica na ravnateljskoj poziciji OSA-e s krivotvorenom diplomom ostvario korist ve\u0107u od 100.000 KM? - RADIO LJUBU\u0160KI","robots":{"index":"index","follow":"follow","max-snippet":"max-snippet:-1","max-image-preview":"max-image-preview:large","max-video-preview":"max-video-preview:-1"},"canonical":"https:\/\/radioljubuski.ba\/index.php\/2021\/06\/20\/osmica-na-ravnateljskoj-poziciji-osa-e-s-krivotvorenom-diplomom-ostvario-korist-vecu-od-100-000-km\/","og_locale":"hr_HR","og_type":"article","og_title":"Osmica na ravnateljskoj poziciji OSA-e s krivotvorenom diplomom ostvario korist ve\u0107u od 100.000 KM? - RADIO LJUBU\u0160KI","og_description":"Tu\u017eitelj Oleg \u010cavka obrazla\u017eu\u0107i prijedlog pritvora za uhi\u0107enog Denisa Prci\u0107a, ravnatelja Ameri\u010dkog univerziteta BiH kazao je da Tu\u017eiteljstvo vodi kaznenu istragu i protiv Osmana Mehmedagi\u0107a, Melise Belki\u0107 Mujkanovi\u0107 i Emira Mujkanovi\u0107a zbog postojanja osnovane sumnje da su ravnatelju OSA-e nezakonito omogu\u0107ili stjecanje diplome. Oni se slu\u017ebeno sumnji\u010de za kaznena djela pomo\u0107 po\u010dinitelju nakon u\u010dinjenog kaznenog [&hellip;]","og_url":"https:\/\/radioljubuski.ba\/index.php\/2021\/06\/20\/osmica-na-ravnateljskoj-poziciji-osa-e-s-krivotvorenom-diplomom-ostvario-korist-vecu-od-100-000-km\/","og_site_name":"RADIO LJUBU\u0160KI","article_publisher":"https:\/\/www.facebook.com\/Radiio-Ljubuski-1490835324566332","article_published_time":"2021-06-20T19:24:53+00:00","article_modified_time":"2021-06-20T19:24:54+00:00","og_image":[{"width":750,"height":465,"url":"https:\/\/radioljubuski.ba\/wp-content\/uploads\/2021\/06\/873x400-76.jpg","type":"image\/jpeg"}],"author":"Radio Ljubu\u0161ki","twitter_card":"summary_large_image","twitter_creator":"@radioljubuski","twitter_site":"@radioljubuski","twitter_misc":{"Napisao\/la":"Radio Ljubu\u0161ki","Procijenjeno vrijeme \u010ditanja":"4 minute"},"schema":{"@context":"https:\/\/schema.org","@graph":[{"@type":"Article","@id":"https:\/\/radioljubuski.ba\/index.php\/2021\/06\/20\/osmica-na-ravnateljskoj-poziciji-osa-e-s-krivotvorenom-diplomom-ostvario-korist-vecu-od-100-000-km\/#article","isPartOf":{"@id":"https:\/\/radioljubuski.ba\/index.php\/2021\/06\/20\/osmica-na-ravnateljskoj-poziciji-osa-e-s-krivotvorenom-diplomom-ostvario-korist-vecu-od-100-000-km\/"},"author":{"name":"Radio Ljubu\u0161ki","@id":"https:\/\/radioljubuski.ba\/#\/schema\/person\/19fc700381a780f69665d7956c469e3b"},"headline":"Osmica na ravnateljskoj poziciji OSA-e s krivotvorenom diplomom ostvario korist ve\u0107u od 100.000 KM?","datePublished":"2021-06-20T19:24:53+00:00","dateModified":"2021-06-20T19:24:54+00:00","mainEntityOfPage":{"@id":"https:\/\/radioljubuski.ba\/index.php\/2021\/06\/20\/osmica-na-ravnateljskoj-poziciji-osa-e-s-krivotvorenom-diplomom-ostvario-korist-vecu-od-100-000-km\/"},"wordCount":937,"publisher":{"@id":"https:\/\/radioljubuski.ba\/#organization"},"image":{"@id":"https:\/\/radioljubuski.ba\/index.php\/2021\/06\/20\/osmica-na-ravnateljskoj-poziciji-osa-e-s-krivotvorenom-diplomom-ostvario-korist-vecu-od-100-000-km\/#primaryimage"},"thumbnailUrl":"https:\/\/radioljubuski.ba\/wp-content\/uploads\/2021\/06\/873x400-76.jpg","articleSection":["BIH i regija"],"inLanguage":"hr"},{"@type":"WebPage","@id":"https:\/\/radioljubuski.ba\/index.php\/2021\/06\/20\/osmica-na-ravnateljskoj-poziciji-osa-e-s-krivotvorenom-diplomom-ostvario-korist-vecu-od-100-000-km\/","url":"https:\/\/radioljubuski.ba\/index.php\/2021\/06\/20\/osmica-na-ravnateljskoj-poziciji-osa-e-s-krivotvorenom-diplomom-ostvario-korist-vecu-od-100-000-km\/","name":"Osmica na ravnateljskoj poziciji OSA-e s krivotvorenom diplomom ostvario korist ve\u0107u od 100.000 KM? - RADIO LJUBU\u0160KI","isPartOf":{"@id":"https:\/\/radioljubuski.ba\/#website"},"primaryImageOfPage":{"@id":"https:\/\/radioljubuski.ba\/index.php\/2021\/06\/20\/osmica-na-ravnateljskoj-poziciji-osa-e-s-krivotvorenom-diplomom-ostvario-korist-vecu-od-100-000-km\/#primaryimage"},"image":{"@id":"https:\/\/radioljubuski.ba\/index.php\/2021\/06\/20\/osmica-na-ravnateljskoj-poziciji-osa-e-s-krivotvorenom-diplomom-ostvario-korist-vecu-od-100-000-km\/#primaryimage"},"thumbnailUrl":"https:\/\/radioljubuski.ba\/wp-content\/uploads\/2021\/06\/873x400-76.jpg","datePublished":"2021-06-20T19:24:53+00:00","dateModified":"2021-06-20T19:24:54+00:00","breadcrumb":{"@id":"https:\/\/radioljubuski.ba\/index.php\/2021\/06\/20\/osmica-na-ravnateljskoj-poziciji-osa-e-s-krivotvorenom-diplomom-ostvario-korist-vecu-od-100-000-km\/#breadcrumb"},"inLanguage":"hr","potentialAction":[{"@type":"ReadAction","target":["https:\/\/radioljubuski.ba\/index.php\/2021\/06\/20\/osmica-na-ravnateljskoj-poziciji-osa-e-s-krivotvorenom-diplomom-ostvario-korist-vecu-od-100-000-km\/"]}]},{"@type":"ImageObject","inLanguage":"hr","@id":"https:\/\/radioljubuski.ba\/index.php\/2021\/06\/20\/osmica-na-ravnateljskoj-poziciji-osa-e-s-krivotvorenom-diplomom-ostvario-korist-vecu-od-100-000-km\/#primaryimage","url":"https:\/\/radioljubuski.ba\/wp-content\/uploads\/2021\/06\/873x400-76.jpg","contentUrl":"https:\/\/radioljubuski.ba\/wp-content\/uploads\/2021\/06\/873x400-76.jpg","width":750,"height":465},{"@type":"BreadcrumbList","@id":"https:\/\/radioljubuski.ba\/index.php\/2021\/06\/20\/osmica-na-ravnateljskoj-poziciji-osa-e-s-krivotvorenom-diplomom-ostvario-korist-vecu-od-100-000-km\/#breadcrumb","itemListElement":[{"@type":"ListItem","position":1,"name":"Po\u010detna stranica","item":"https:\/\/radioljubuski.ba\/"},{"@type":"ListItem","position":2,"name":"Osmica na ravnateljskoj poziciji OSA-e s krivotvorenom diplomom ostvario korist ve\u0107u od 100.000 KM?"}]},{"@type":"WebSite","@id":"https:\/\/radioljubuski.ba\/#website","url":"https:\/\/radioljubuski.ba\/","name":"Radio Ljubu\u0161ki","description":"Sun\u010dana frekvencija Hercegovine","publisher":{"@id":"https:\/\/radioljubuski.ba\/#organization"},"potentialAction":[{"@type":"SearchAction","target":{"@type":"EntryPoint","urlTemplate":"https:\/\/radioljubuski.ba\/?s={search_term_string}"},"query-input":{"@type":"PropertyValueSpecification","valueRequired":true,"valueName":"search_term_string"}}],"inLanguage":"hr"},{"@type":"Organization","@id":"https:\/\/radioljubuski.ba\/#organization","name":"Radio Ljubu\u0161ki","url":"https:\/\/radioljubuski.ba\/","logo":{"@type":"ImageObject","inLanguage":"hr","@id":"https:\/\/radioljubuski.ba\/#\/schema\/logo\/image\/","url":"https:\/\/radioljubuski.ba\/wp-content\/uploads\/2021\/02\/cropped-Radio_Ljubuski_logo1.jpg","contentUrl":"https:\/\/radioljubuski.ba\/wp-content\/uploads\/2021\/02\/cropped-Radio_Ljubuski_logo1.jpg","width":512,"height":512,"caption":"Radio Ljubu\u0161ki"},"image":{"@id":"https:\/\/radioljubuski.ba\/#\/schema\/logo\/image\/"},"sameAs":["https:\/\/www.facebook.com\/Radiio-Ljubuski-1490835324566332","https:\/\/x.com\/radioljubuski","https:\/\/hr.linkedin.com\/company\/radio-ljubuski","https:\/\/www.youtube.com\/channel\/UCHYaeO_n0Db3tjNGudGpXyw"]},{"@type":"Person","@id":"https:\/\/radioljubuski.ba\/#\/schema\/person\/19fc700381a780f69665d7956c469e3b","name":"Radio Ljubu\u0161ki"}]}},"_links":{"self":[{"href":"https:\/\/radioljubuski.ba\/index.php\/wp-json\/wp\/v2\/posts\/34244","targetHints":{"allow":["GET"]}}],"collection":[{"href":"https:\/\/radioljubuski.ba\/index.php\/wp-json\/wp\/v2\/posts"}],"about":[{"href":"https:\/\/radioljubuski.ba\/index.php\/wp-json\/wp\/v2\/types\/post"}],"author":[{"embeddable":true,"href":"https:\/\/radioljubuski.ba\/index.php\/wp-json\/wp\/v2\/users\/2"}],"replies":[{"embeddable":true,"href":"https:\/\/radioljubuski.ba\/index.php\/wp-json\/wp\/v2\/comments?post=34244"}],"version-history":[{"count":1,"href":"https:\/\/radioljubuski.ba\/index.php\/wp-json\/wp\/v2\/posts\/34244\/revisions"}],"predecessor-version":[{"id":34246,"href":"https:\/\/radioljubuski.ba\/index.php\/wp-json\/wp\/v2\/posts\/34244\/revisions\/34246"}],"wp:featuredmedia":[{"embeddable":true,"href":"https:\/\/radioljubuski.ba\/index.php\/wp-json\/wp\/v2\/media\/34245"}],"wp:attachment":[{"href":"https:\/\/radioljubuski.ba\/index.php\/wp-json\/wp\/v2\/media?parent=34244"}],"wp:term":[{"taxonomy":"category","embeddable":true,"href":"https:\/\/radioljubuski.ba\/index.php\/wp-json\/wp\/v2\/categories?post=34244"},{"taxonomy":"post_tag","embeddable":true,"href":"https:\/\/radioljubuski.ba\/index.php\/wp-json\/wp\/v2\/tags?post=34244"}],"curies":[{"name":"wp","href":"https:\/\/api.w.org\/{rel}","templated":true}]}}