{"id":34315,"date":"2021-06-20T22:29:21","date_gmt":"2021-06-20T21:29:21","guid":{"rendered":"https:\/\/radioljubuski.ba\/?p=34315"},"modified":"2021-06-20T22:29:21","modified_gmt":"2021-06-20T21:29:21","slug":"rezolucija-o-bih-trazi-novi-izborni-zakon-i-ispunjavanje-14-uvjeta-eu-a","status":"publish","type":"post","link":"https:\/\/radioljubuski.ba\/index.php\/2021\/06\/20\/rezolucija-o-bih-trazi-novi-izborni-zakon-i-ispunjavanje-14-uvjeta-eu-a\/","title":{"rendered":"Rezolucija o BiH tra\u017ei novi Izborni zakon i ispunjavanje 14 uvjeta EU-a"},"content":{"rendered":"\n<p><strong>Vanjskopoliti\u010dki odbor Europskog parlamenta nije ni pribli\u017eno jednoglasno, uz protivljenje troje hrvatskih europarlamentaraca, prihvatio nacrt rezolucije i izvje\u0161\u0107a o napretku Bosne i Hercegovine, a bit toga dokumenta svodi se na potporu puta te zemlje k Europskoj uniji uz ispunjavanje potrebnih uvjeta, pi\u0161e Ve\u010dernji list BiH.<\/strong><\/p>\n\n\n\n<p>Troje hrvatskih eurozastupnika, \u017deljani Zovko, Sun\u010dani Glavak iz EPP-a te Toninu Piculi iz socijalista i demokrata, u protivljenju sadr\u017eaju priklju\u010dili su se i zastupnici iz grupacije Identitet i demokracija, a protiv je bio i jedan neopredijeljeni zastupnik. Svi konzervativni zastupnici u znak prosvjeda nisu glasali za nacrt jer se nijedan njihov prijedlog amandmana nije usvojio, kao ni dvojica iz grupacije Identitet i demokracija te zastupnici iz grupacije ljevi\u010dara.<\/p>\n\n\n\n<p><strong>Sud u Strasbourgu<\/strong><\/p>\n\n\n\n<p>Dokument je podr\u017eala ve\u0107ina iz Europske pu\u010dke stranke budu\u0107i da je njihov izvjestitelj Paulo Rangel izradio nacrt rezolucije, kao i grupacija Zelenih, socijaldemokrata te liberala (Renew), \u0161to nije bio tako \u010dest slu\u010daj s BiH. Mogu\u0107e je do plenarnog zasjedanja 24. lipnja, kada \u0107e se glasati o rezoluciji i izvje\u0161\u0107u, ulo\u017eiti i dodatne amandmane na ovaj dokument.<\/p>\n\n\n\n<p>Ovaj nacrt izvje\u0161\u0107a odnosi se na napredak zemlje prema EU. U nacrtu dokumenta poziva se na provedbu 14 prioriteta iz mi\u0161ljenja Europske komisije koji se odnose na brojna pitanja kako bi zemlja dobila kandidacijski status. To, uz ostalo, predstavlja i provedbu presuda oko izmjena Izbornog zakona. Sa \u017ealjenjem su istaknuli da Bosna i Hercegovina kr\u0161i Europsku konvenciju o ljudskim pravima i slobodama zbog toga \u0161to jo\u0161 nije provela presude Europskog suda za ljudska prava kojima se zahtijeva ukidanje diskriminacije prema manjinama. Zbog toga su pozvali na reformu Izbornog zakona kojim \u0107e se provesti presude, ali i otkloniti nedostaci koji dovode u pitanje legitimitet i legalitet izbora. Jednako tako se inzistira na osna\u017eivanju koordinacije vlasti kako bi se br\u017ee provodile reforme va\u017ene za BiH.<\/p>\n\n\n\n<p>Nacrtom rezolucije isti\u010de se zabrinutost za osnovna ljudska prava u Bosni i Hercegovini. Pritom su pozvali na spre\u010davanje i procesuiranje govora mr\u017enje prema etni\u010dkim i vjerskim manjinama, \u017eenama, LGBTIQ+ osobama, migrantima i tra\u017eiteljima azila. Ukazali su i na va\u017enost pobolj\u0161anja rada medija. Poru\u010dili su da javni servis, BHRT, mora biti financijski stabilan, neovisan i objektivan dr\u017eavni medij. U svrhu za\u0161tite i promocije jezi\u010dne i kulturolo\u0161ke razli\u010ditosti jugoisto\u010dne Europe, ocijenili su da je potrebno formirati vi\u0161ejezi\u010dnu javnu televiziju kojom \u0107e se promovirati zajedni\u0161tvo i pomirenje me\u0111u ljudima, po uzoru na televiziju ARTE, u \u010dijem su osnivanju sudjelovale Francuska i Njema\u010dka.<\/p>\n\n\n\n<p>U dokumentu je obuhva\u0107eno i stanje ljudskih prava u Bosni i Hercegovini tijekom pandemije koronavirusa. Pritom su istaknuli kako mora postojati ravnote\u017ea izme\u0111u osnovnih ljudskih prava i mjera protiv pandemije. U prihva\u0107enom nacrtu dokumenta isti\u010de se kako Bosna i Hercegovina mora imati centralizirane i harmonizirane procedure za registraciju tvrtke. U tom kontekstu naglasili su nu\u017enost digitalizacije, informatizacije javne uprave. Zahtijevaju depolitizaciju javnih poduze\u0107a i pravljenje javno dostupnog registra kompanija koje su u dr\u017eavnom vlasni\u0161tvu. Napomenuli su da moraju postojati odgovaraju\u0107i i, kako su naveli, sveobuhvatni statisti\u010dki podaci za cijelu dr\u017eavu.<\/p>\n\n\n\n<p><strong>Granica sa susjedima<\/strong><\/p>\n\n\n\n<p>U izvje\u0161\u0107u se va\u017ean dio posve\u0107uje za\u0161titi okoli\u0161a i pri tome se poziva na ga\u0161enje termoelektrana kako bi se za\u0161titio ovaj dio Europe. Op\u0107e je poznato kako su termoelektrane u BiH koje rade u sustavu Elektroprivrede BiH najve\u0107i zaga\u0111iva\u010di na podru\u010dju Balkana, a uz to planiraju se graditi nove termoelektrane.<\/p>\n\n\n\n<p>Bh. vlasti tako\u0111er su pozvane rije\u0161iti bilateralna pitanja sa susjednim dr\u017eavama, a to se odnosi na granicu sa Srbijom i Hrvatskom, kao i na rje\u0161avanje otvorenih pitanja u odnosima s Kosovom.<\/p>\n\n\n\n<p>\/HMS\/<\/p>\n","protected":false},"excerpt":{"rendered":"<p>Vanjskopoliti\u010dki odbor Europskog parlamenta nije ni pribli\u017eno jednoglasno, uz protivljenje troje hrvatskih europarlamentaraca, prihvatio nacrt rezolucije i izvje\u0161\u0107a o napretku Bosne i Hercegovine, a bit toga dokumenta svodi se na potporu puta te zemlje k Europskoj uniji uz ispunjavanje potrebnih uvjeta, pi\u0161e Ve\u010dernji list BiH. Troje hrvatskih eurozastupnika, \u017deljani Zovko, Sun\u010dani Glavak iz EPP-a te [&hellip;]<\/p>\n","protected":false},"author":2,"featured_media":34316,"comment_status":"closed","ping_status":"closed","sticky":false,"template":"","format":"standard","meta":{"h5ap_radio_sources":[],"footnotes":""},"categories":[1],"tags":[],"class_list":["post-34315","post","type-post","status-publish","format-standard","has-post-thumbnail","hentry","category-bihiregija"],"yoast_head":"<!-- This site is optimized with the Yoast SEO plugin v27.5 - https:\/\/yoast.com\/product\/yoast-seo-wordpress\/ -->\n<title>Rezolucija o BiH tra\u017ei novi Izborni zakon i ispunjavanje 14 uvjeta EU-a - RADIO LJUBU\u0160KI<\/title>\n<meta name=\"robots\" content=\"index, follow, max-snippet:-1, max-image-preview:large, max-video-preview:-1\" \/>\n<link rel=\"canonical\" href=\"https:\/\/radioljubuski.ba\/index.php\/2021\/06\/20\/rezolucija-o-bih-trazi-novi-izborni-zakon-i-ispunjavanje-14-uvjeta-eu-a\/\" \/>\n<meta property=\"og:locale\" content=\"hr_HR\" \/>\n<meta property=\"og:type\" content=\"article\" \/>\n<meta property=\"og:title\" content=\"Rezolucija o BiH tra\u017ei novi Izborni zakon i ispunjavanje 14 uvjeta EU-a - RADIO LJUBU\u0160KI\" \/>\n<meta property=\"og:description\" content=\"Vanjskopoliti\u010dki odbor Europskog parlamenta nije ni pribli\u017eno jednoglasno, uz protivljenje troje hrvatskih europarlamentaraca, prihvatio nacrt rezolucije i izvje\u0161\u0107a o napretku Bosne i Hercegovine, a bit toga dokumenta svodi se na potporu puta te zemlje k Europskoj uniji uz ispunjavanje potrebnih uvjeta, pi\u0161e Ve\u010dernji list BiH. Troje hrvatskih eurozastupnika, \u017deljani Zovko, Sun\u010dani Glavak iz EPP-a te [&hellip;]\" \/>\n<meta property=\"og:url\" content=\"https:\/\/radioljubuski.ba\/index.php\/2021\/06\/20\/rezolucija-o-bih-trazi-novi-izborni-zakon-i-ispunjavanje-14-uvjeta-eu-a\/\" \/>\n<meta property=\"og:site_name\" content=\"RADIO LJUBU\u0160KI\" \/>\n<meta property=\"article:publisher\" content=\"https:\/\/www.facebook.com\/Radiio-Ljubuski-1490835324566332\" \/>\n<meta property=\"article:published_time\" content=\"2021-06-20T21:29:21+00:00\" \/>\n<meta property=\"og:image\" content=\"https:\/\/radioljubuski.ba\/wp-content\/uploads\/2021\/06\/europski-parlament-strasbourg-db6df47cd1cc5be31b37d2b1b31caf74_view_article_new.jpg\" \/>\n\t<meta property=\"og:image:width\" content=\"860\" \/>\n\t<meta property=\"og:image:height\" content=\"430\" \/>\n\t<meta property=\"og:image:type\" content=\"image\/jpeg\" \/>\n<meta name=\"author\" content=\"Radio Ljubu\u0161ki\" \/>\n<meta name=\"twitter:card\" content=\"summary_large_image\" \/>\n<meta name=\"twitter:creator\" content=\"@radioljubuski\" \/>\n<meta name=\"twitter:site\" content=\"@radioljubuski\" \/>\n<meta name=\"twitter:label1\" content=\"Napisao\/la\" \/>\n\t<meta name=\"twitter:data1\" content=\"Radio Ljubu\u0161ki\" \/>\n\t<meta name=\"twitter:label2\" content=\"Procijenjeno vrijeme \u010ditanja\" \/>\n\t<meta name=\"twitter:data2\" content=\"3 minute\" \/>\n<script type=\"application\/ld+json\" class=\"yoast-schema-graph\">{\"@context\":\"https:\\\/\\\/schema.org\",\"@graph\":[{\"@type\":\"Article\",\"@id\":\"https:\\\/\\\/radioljubuski.ba\\\/index.php\\\/2021\\\/06\\\/20\\\/rezolucija-o-bih-trazi-novi-izborni-zakon-i-ispunjavanje-14-uvjeta-eu-a\\\/#article\",\"isPartOf\":{\"@id\":\"https:\\\/\\\/radioljubuski.ba\\\/index.php\\\/2021\\\/06\\\/20\\\/rezolucija-o-bih-trazi-novi-izborni-zakon-i-ispunjavanje-14-uvjeta-eu-a\\\/\"},\"author\":{\"name\":\"Radio Ljubu\u0161ki\",\"@id\":\"https:\\\/\\\/radioljubuski.ba\\\/#\\\/schema\\\/person\\\/19fc700381a780f69665d7956c469e3b\"},\"headline\":\"Rezolucija o BiH tra\u017ei novi Izborni zakon i ispunjavanje 14 uvjeta EU-a\",\"datePublished\":\"2021-06-20T21:29:21+00:00\",\"mainEntityOfPage\":{\"@id\":\"https:\\\/\\\/radioljubuski.ba\\\/index.php\\\/2021\\\/06\\\/20\\\/rezolucija-o-bih-trazi-novi-izborni-zakon-i-ispunjavanje-14-uvjeta-eu-a\\\/\"},\"wordCount\":649,\"publisher\":{\"@id\":\"https:\\\/\\\/radioljubuski.ba\\\/#organization\"},\"image\":{\"@id\":\"https:\\\/\\\/radioljubuski.ba\\\/index.php\\\/2021\\\/06\\\/20\\\/rezolucija-o-bih-trazi-novi-izborni-zakon-i-ispunjavanje-14-uvjeta-eu-a\\\/#primaryimage\"},\"thumbnailUrl\":\"https:\\\/\\\/radioljubuski.ba\\\/wp-content\\\/uploads\\\/2021\\\/06\\\/europski-parlament-strasbourg-db6df47cd1cc5be31b37d2b1b31caf74_view_article_new.jpg\",\"articleSection\":[\"BIH i regija\"],\"inLanguage\":\"hr\"},{\"@type\":\"WebPage\",\"@id\":\"https:\\\/\\\/radioljubuski.ba\\\/index.php\\\/2021\\\/06\\\/20\\\/rezolucija-o-bih-trazi-novi-izborni-zakon-i-ispunjavanje-14-uvjeta-eu-a\\\/\",\"url\":\"https:\\\/\\\/radioljubuski.ba\\\/index.php\\\/2021\\\/06\\\/20\\\/rezolucija-o-bih-trazi-novi-izborni-zakon-i-ispunjavanje-14-uvjeta-eu-a\\\/\",\"name\":\"Rezolucija o BiH tra\u017ei novi Izborni zakon i ispunjavanje 14 uvjeta EU-a - RADIO LJUBU\u0160KI\",\"isPartOf\":{\"@id\":\"https:\\\/\\\/radioljubuski.ba\\\/#website\"},\"primaryImageOfPage\":{\"@id\":\"https:\\\/\\\/radioljubuski.ba\\\/index.php\\\/2021\\\/06\\\/20\\\/rezolucija-o-bih-trazi-novi-izborni-zakon-i-ispunjavanje-14-uvjeta-eu-a\\\/#primaryimage\"},\"image\":{\"@id\":\"https:\\\/\\\/radioljubuski.ba\\\/index.php\\\/2021\\\/06\\\/20\\\/rezolucija-o-bih-trazi-novi-izborni-zakon-i-ispunjavanje-14-uvjeta-eu-a\\\/#primaryimage\"},\"thumbnailUrl\":\"https:\\\/\\\/radioljubuski.ba\\\/wp-content\\\/uploads\\\/2021\\\/06\\\/europski-parlament-strasbourg-db6df47cd1cc5be31b37d2b1b31caf74_view_article_new.jpg\",\"datePublished\":\"2021-06-20T21:29:21+00:00\",\"breadcrumb\":{\"@id\":\"https:\\\/\\\/radioljubuski.ba\\\/index.php\\\/2021\\\/06\\\/20\\\/rezolucija-o-bih-trazi-novi-izborni-zakon-i-ispunjavanje-14-uvjeta-eu-a\\\/#breadcrumb\"},\"inLanguage\":\"hr\",\"potentialAction\":[{\"@type\":\"ReadAction\",\"target\":[\"https:\\\/\\\/radioljubuski.ba\\\/index.php\\\/2021\\\/06\\\/20\\\/rezolucija-o-bih-trazi-novi-izborni-zakon-i-ispunjavanje-14-uvjeta-eu-a\\\/\"]}]},{\"@type\":\"ImageObject\",\"inLanguage\":\"hr\",\"@id\":\"https:\\\/\\\/radioljubuski.ba\\\/index.php\\\/2021\\\/06\\\/20\\\/rezolucija-o-bih-trazi-novi-izborni-zakon-i-ispunjavanje-14-uvjeta-eu-a\\\/#primaryimage\",\"url\":\"https:\\\/\\\/radioljubuski.ba\\\/wp-content\\\/uploads\\\/2021\\\/06\\\/europski-parlament-strasbourg-db6df47cd1cc5be31b37d2b1b31caf74_view_article_new.jpg\",\"contentUrl\":\"https:\\\/\\\/radioljubuski.ba\\\/wp-content\\\/uploads\\\/2021\\\/06\\\/europski-parlament-strasbourg-db6df47cd1cc5be31b37d2b1b31caf74_view_article_new.jpg\",\"width\":860,\"height\":430},{\"@type\":\"BreadcrumbList\",\"@id\":\"https:\\\/\\\/radioljubuski.ba\\\/index.php\\\/2021\\\/06\\\/20\\\/rezolucija-o-bih-trazi-novi-izborni-zakon-i-ispunjavanje-14-uvjeta-eu-a\\\/#breadcrumb\",\"itemListElement\":[{\"@type\":\"ListItem\",\"position\":1,\"name\":\"Po\u010detna stranica\",\"item\":\"https:\\\/\\\/radioljubuski.ba\\\/\"},{\"@type\":\"ListItem\",\"position\":2,\"name\":\"Rezolucija o BiH tra\u017ei novi Izborni zakon i ispunjavanje 14 uvjeta EU-a\"}]},{\"@type\":\"WebSite\",\"@id\":\"https:\\\/\\\/radioljubuski.ba\\\/#website\",\"url\":\"https:\\\/\\\/radioljubuski.ba\\\/\",\"name\":\"Radio Ljubu\u0161ki\",\"description\":\"Sun\u010dana frekvencija Hercegovine\",\"publisher\":{\"@id\":\"https:\\\/\\\/radioljubuski.ba\\\/#organization\"},\"potentialAction\":[{\"@type\":\"SearchAction\",\"target\":{\"@type\":\"EntryPoint\",\"urlTemplate\":\"https:\\\/\\\/radioljubuski.ba\\\/?s={search_term_string}\"},\"query-input\":{\"@type\":\"PropertyValueSpecification\",\"valueRequired\":true,\"valueName\":\"search_term_string\"}}],\"inLanguage\":\"hr\"},{\"@type\":\"Organization\",\"@id\":\"https:\\\/\\\/radioljubuski.ba\\\/#organization\",\"name\":\"Radio Ljubu\u0161ki\",\"url\":\"https:\\\/\\\/radioljubuski.ba\\\/\",\"logo\":{\"@type\":\"ImageObject\",\"inLanguage\":\"hr\",\"@id\":\"https:\\\/\\\/radioljubuski.ba\\\/#\\\/schema\\\/logo\\\/image\\\/\",\"url\":\"https:\\\/\\\/radioljubuski.ba\\\/wp-content\\\/uploads\\\/2021\\\/02\\\/cropped-Radio_Ljubuski_logo1.jpg\",\"contentUrl\":\"https:\\\/\\\/radioljubuski.ba\\\/wp-content\\\/uploads\\\/2021\\\/02\\\/cropped-Radio_Ljubuski_logo1.jpg\",\"width\":512,\"height\":512,\"caption\":\"Radio Ljubu\u0161ki\"},\"image\":{\"@id\":\"https:\\\/\\\/radioljubuski.ba\\\/#\\\/schema\\\/logo\\\/image\\\/\"},\"sameAs\":[\"https:\\\/\\\/www.facebook.com\\\/Radiio-Ljubuski-1490835324566332\",\"https:\\\/\\\/x.com\\\/radioljubuski\",\"https:\\\/\\\/hr.linkedin.com\\\/company\\\/radio-ljubuski\",\"https:\\\/\\\/www.youtube.com\\\/channel\\\/UCHYaeO_n0Db3tjNGudGpXyw\"]},{\"@type\":\"Person\",\"@id\":\"https:\\\/\\\/radioljubuski.ba\\\/#\\\/schema\\\/person\\\/19fc700381a780f69665d7956c469e3b\",\"name\":\"Radio Ljubu\u0161ki\"}]}<\/script>\n<!-- \/ Yoast SEO plugin. -->","yoast_head_json":{"title":"Rezolucija o BiH tra\u017ei novi Izborni zakon i ispunjavanje 14 uvjeta EU-a - RADIO LJUBU\u0160KI","robots":{"index":"index","follow":"follow","max-snippet":"max-snippet:-1","max-image-preview":"max-image-preview:large","max-video-preview":"max-video-preview:-1"},"canonical":"https:\/\/radioljubuski.ba\/index.php\/2021\/06\/20\/rezolucija-o-bih-trazi-novi-izborni-zakon-i-ispunjavanje-14-uvjeta-eu-a\/","og_locale":"hr_HR","og_type":"article","og_title":"Rezolucija o BiH tra\u017ei novi Izborni zakon i ispunjavanje 14 uvjeta EU-a - RADIO LJUBU\u0160KI","og_description":"Vanjskopoliti\u010dki odbor Europskog parlamenta nije ni pribli\u017eno jednoglasno, uz protivljenje troje hrvatskih europarlamentaraca, prihvatio nacrt rezolucije i izvje\u0161\u0107a o napretku Bosne i Hercegovine, a bit toga dokumenta svodi se na potporu puta te zemlje k Europskoj uniji uz ispunjavanje potrebnih uvjeta, pi\u0161e Ve\u010dernji list BiH. Troje hrvatskih eurozastupnika, \u017deljani Zovko, Sun\u010dani Glavak iz EPP-a te [&hellip;]","og_url":"https:\/\/radioljubuski.ba\/index.php\/2021\/06\/20\/rezolucija-o-bih-trazi-novi-izborni-zakon-i-ispunjavanje-14-uvjeta-eu-a\/","og_site_name":"RADIO LJUBU\u0160KI","article_publisher":"https:\/\/www.facebook.com\/Radiio-Ljubuski-1490835324566332","article_published_time":"2021-06-20T21:29:21+00:00","og_image":[{"width":860,"height":430,"url":"https:\/\/radioljubuski.ba\/wp-content\/uploads\/2021\/06\/europski-parlament-strasbourg-db6df47cd1cc5be31b37d2b1b31caf74_view_article_new.jpg","type":"image\/jpeg"}],"author":"Radio Ljubu\u0161ki","twitter_card":"summary_large_image","twitter_creator":"@radioljubuski","twitter_site":"@radioljubuski","twitter_misc":{"Napisao\/la":"Radio Ljubu\u0161ki","Procijenjeno vrijeme \u010ditanja":"3 minute"},"schema":{"@context":"https:\/\/schema.org","@graph":[{"@type":"Article","@id":"https:\/\/radioljubuski.ba\/index.php\/2021\/06\/20\/rezolucija-o-bih-trazi-novi-izborni-zakon-i-ispunjavanje-14-uvjeta-eu-a\/#article","isPartOf":{"@id":"https:\/\/radioljubuski.ba\/index.php\/2021\/06\/20\/rezolucija-o-bih-trazi-novi-izborni-zakon-i-ispunjavanje-14-uvjeta-eu-a\/"},"author":{"name":"Radio Ljubu\u0161ki","@id":"https:\/\/radioljubuski.ba\/#\/schema\/person\/19fc700381a780f69665d7956c469e3b"},"headline":"Rezolucija o BiH tra\u017ei novi Izborni zakon i ispunjavanje 14 uvjeta EU-a","datePublished":"2021-06-20T21:29:21+00:00","mainEntityOfPage":{"@id":"https:\/\/radioljubuski.ba\/index.php\/2021\/06\/20\/rezolucija-o-bih-trazi-novi-izborni-zakon-i-ispunjavanje-14-uvjeta-eu-a\/"},"wordCount":649,"publisher":{"@id":"https:\/\/radioljubuski.ba\/#organization"},"image":{"@id":"https:\/\/radioljubuski.ba\/index.php\/2021\/06\/20\/rezolucija-o-bih-trazi-novi-izborni-zakon-i-ispunjavanje-14-uvjeta-eu-a\/#primaryimage"},"thumbnailUrl":"https:\/\/radioljubuski.ba\/wp-content\/uploads\/2021\/06\/europski-parlament-strasbourg-db6df47cd1cc5be31b37d2b1b31caf74_view_article_new.jpg","articleSection":["BIH i regija"],"inLanguage":"hr"},{"@type":"WebPage","@id":"https:\/\/radioljubuski.ba\/index.php\/2021\/06\/20\/rezolucija-o-bih-trazi-novi-izborni-zakon-i-ispunjavanje-14-uvjeta-eu-a\/","url":"https:\/\/radioljubuski.ba\/index.php\/2021\/06\/20\/rezolucija-o-bih-trazi-novi-izborni-zakon-i-ispunjavanje-14-uvjeta-eu-a\/","name":"Rezolucija o BiH tra\u017ei novi Izborni zakon i ispunjavanje 14 uvjeta EU-a - RADIO LJUBU\u0160KI","isPartOf":{"@id":"https:\/\/radioljubuski.ba\/#website"},"primaryImageOfPage":{"@id":"https:\/\/radioljubuski.ba\/index.php\/2021\/06\/20\/rezolucija-o-bih-trazi-novi-izborni-zakon-i-ispunjavanje-14-uvjeta-eu-a\/#primaryimage"},"image":{"@id":"https:\/\/radioljubuski.ba\/index.php\/2021\/06\/20\/rezolucija-o-bih-trazi-novi-izborni-zakon-i-ispunjavanje-14-uvjeta-eu-a\/#primaryimage"},"thumbnailUrl":"https:\/\/radioljubuski.ba\/wp-content\/uploads\/2021\/06\/europski-parlament-strasbourg-db6df47cd1cc5be31b37d2b1b31caf74_view_article_new.jpg","datePublished":"2021-06-20T21:29:21+00:00","breadcrumb":{"@id":"https:\/\/radioljubuski.ba\/index.php\/2021\/06\/20\/rezolucija-o-bih-trazi-novi-izborni-zakon-i-ispunjavanje-14-uvjeta-eu-a\/#breadcrumb"},"inLanguage":"hr","potentialAction":[{"@type":"ReadAction","target":["https:\/\/radioljubuski.ba\/index.php\/2021\/06\/20\/rezolucija-o-bih-trazi-novi-izborni-zakon-i-ispunjavanje-14-uvjeta-eu-a\/"]}]},{"@type":"ImageObject","inLanguage":"hr","@id":"https:\/\/radioljubuski.ba\/index.php\/2021\/06\/20\/rezolucija-o-bih-trazi-novi-izborni-zakon-i-ispunjavanje-14-uvjeta-eu-a\/#primaryimage","url":"https:\/\/radioljubuski.ba\/wp-content\/uploads\/2021\/06\/europski-parlament-strasbourg-db6df47cd1cc5be31b37d2b1b31caf74_view_article_new.jpg","contentUrl":"https:\/\/radioljubuski.ba\/wp-content\/uploads\/2021\/06\/europski-parlament-strasbourg-db6df47cd1cc5be31b37d2b1b31caf74_view_article_new.jpg","width":860,"height":430},{"@type":"BreadcrumbList","@id":"https:\/\/radioljubuski.ba\/index.php\/2021\/06\/20\/rezolucija-o-bih-trazi-novi-izborni-zakon-i-ispunjavanje-14-uvjeta-eu-a\/#breadcrumb","itemListElement":[{"@type":"ListItem","position":1,"name":"Po\u010detna stranica","item":"https:\/\/radioljubuski.ba\/"},{"@type":"ListItem","position":2,"name":"Rezolucija o BiH tra\u017ei novi Izborni zakon i ispunjavanje 14 uvjeta EU-a"}]},{"@type":"WebSite","@id":"https:\/\/radioljubuski.ba\/#website","url":"https:\/\/radioljubuski.ba\/","name":"Radio Ljubu\u0161ki","description":"Sun\u010dana frekvencija Hercegovine","publisher":{"@id":"https:\/\/radioljubuski.ba\/#organization"},"potentialAction":[{"@type":"SearchAction","target":{"@type":"EntryPoint","urlTemplate":"https:\/\/radioljubuski.ba\/?s={search_term_string}"},"query-input":{"@type":"PropertyValueSpecification","valueRequired":true,"valueName":"search_term_string"}}],"inLanguage":"hr"},{"@type":"Organization","@id":"https:\/\/radioljubuski.ba\/#organization","name":"Radio Ljubu\u0161ki","url":"https:\/\/radioljubuski.ba\/","logo":{"@type":"ImageObject","inLanguage":"hr","@id":"https:\/\/radioljubuski.ba\/#\/schema\/logo\/image\/","url":"https:\/\/radioljubuski.ba\/wp-content\/uploads\/2021\/02\/cropped-Radio_Ljubuski_logo1.jpg","contentUrl":"https:\/\/radioljubuski.ba\/wp-content\/uploads\/2021\/02\/cropped-Radio_Ljubuski_logo1.jpg","width":512,"height":512,"caption":"Radio Ljubu\u0161ki"},"image":{"@id":"https:\/\/radioljubuski.ba\/#\/schema\/logo\/image\/"},"sameAs":["https:\/\/www.facebook.com\/Radiio-Ljubuski-1490835324566332","https:\/\/x.com\/radioljubuski","https:\/\/hr.linkedin.com\/company\/radio-ljubuski","https:\/\/www.youtube.com\/channel\/UCHYaeO_n0Db3tjNGudGpXyw"]},{"@type":"Person","@id":"https:\/\/radioljubuski.ba\/#\/schema\/person\/19fc700381a780f69665d7956c469e3b","name":"Radio Ljubu\u0161ki"}]}},"_links":{"self":[{"href":"https:\/\/radioljubuski.ba\/index.php\/wp-json\/wp\/v2\/posts\/34315","targetHints":{"allow":["GET"]}}],"collection":[{"href":"https:\/\/radioljubuski.ba\/index.php\/wp-json\/wp\/v2\/posts"}],"about":[{"href":"https:\/\/radioljubuski.ba\/index.php\/wp-json\/wp\/v2\/types\/post"}],"author":[{"embeddable":true,"href":"https:\/\/radioljubuski.ba\/index.php\/wp-json\/wp\/v2\/users\/2"}],"replies":[{"embeddable":true,"href":"https:\/\/radioljubuski.ba\/index.php\/wp-json\/wp\/v2\/comments?post=34315"}],"version-history":[{"count":1,"href":"https:\/\/radioljubuski.ba\/index.php\/wp-json\/wp\/v2\/posts\/34315\/revisions"}],"predecessor-version":[{"id":34317,"href":"https:\/\/radioljubuski.ba\/index.php\/wp-json\/wp\/v2\/posts\/34315\/revisions\/34317"}],"wp:featuredmedia":[{"embeddable":true,"href":"https:\/\/radioljubuski.ba\/index.php\/wp-json\/wp\/v2\/media\/34316"}],"wp:attachment":[{"href":"https:\/\/radioljubuski.ba\/index.php\/wp-json\/wp\/v2\/media?parent=34315"}],"wp:term":[{"taxonomy":"category","embeddable":true,"href":"https:\/\/radioljubuski.ba\/index.php\/wp-json\/wp\/v2\/categories?post=34315"},{"taxonomy":"post_tag","embeddable":true,"href":"https:\/\/radioljubuski.ba\/index.php\/wp-json\/wp\/v2\/tags?post=34315"}],"curies":[{"name":"wp","href":"https:\/\/api.w.org\/{rel}","templated":true}]}}