{"id":34320,"date":"2021-06-20T23:29:15","date_gmt":"2021-06-20T22:29:15","guid":{"rendered":"https:\/\/radioljubuski.ba\/?p=34320"},"modified":"2021-06-20T23:29:16","modified_gmt":"2021-06-20T22:29:16","slug":"u-hrvatsku-ovaj-vikend-uslo-93-tisuce-putnika-znatno-vise-nego-lani-ali-jos-daleko-od-rekordne-2019","status":"publish","type":"post","link":"https:\/\/radioljubuski.ba\/index.php\/2021\/06\/20\/u-hrvatsku-ovaj-vikend-uslo-93-tisuce-putnika-znatno-vise-nego-lani-ali-jos-daleko-od-rekordne-2019\/","title":{"rendered":"U Hrvatsku ovaj vikend u\u0161lo 93 tisu\u0107e putnika: Znatno vi\u0161e nego lani, ali jo\u0161 daleko od rekordne 2019."},"content":{"rendered":"\n<p><strong>S prvim pravim ljetnim vikendom stigao je i toliko o\u010dekivani val turista. U Hrvatskoj ih je trenuta\u010dno oko 290 tisu\u0107a, me\u0111u kojima 250 tisu\u0107a inozemnih. Vi\u0161e od pola boravi ih u Istri i na Kvarneru, najvi\u0161e Nijemaca, Slovenaca, Austrijanaca, \u010ceha i Poljaka. Trenuta\u010dno smo u znatno boljoj situaciji nego lani, imamo 40 posto vi\u0161e gostiju, ali jo\u0161 smo daleko od rekordne 2019., kada smo ih u ovo vrijeme imali vi\u0161e od 600 tisu\u0107a. Ono \u010demu se nadamo jest da \u0107e brojevi i dalje rasti, najave su dobre, no sve mo\u017ee, kao i lani, pokvariti jo\u0161 jedan val pandemije.<\/strong><\/p>\n\n\n\n<p>S GP-a Bregana za sredi\u0161nji Dnevnik javila se HRT-ova<strong>\u00a0Matea Miki\u0107\u00a0<\/strong>te rekla da se\u00a0kolona stvara na ulazu u zemlju. Tako je kroz dan bilo i na prijelazima Ka\u0161tel, Plovanija, Rupa i Macelj, gdje su manje-vi\u0161e svugdje putnici \u010dekali pola sata da bi u\u0161li u Hrvatsku.<br><br>&#8211; Tome u prilog idu i brojke. Od MUP-a smo zatra\u017eili izvje\u0161\u0107e o broju ulazaka u Republiku Hrvatsku na sedam grani\u010dnih prijelaza. Podaci koje smo dobili su itekako ohrabruju\u0107i. Naime, ju\u010der i danas do 13 sati u Republiku Hrvatsku dosad je u\u0161lo gotovo 93 tisu\u0107e putnika. Ako to usporedimo s istim vikendom pro\u0161le godine, radi se o 13 tisu\u0107a putnika vi\u0161e. No jo\u0161 je va\u017enija usporedba s rekordnom 2019. godinom kada je u pretposljednjem vikendu lipnja u na\u0161u zemlju stiglo 180 tisu\u0107a putnika. Te brojke su nam za sada jo\u0161 nedosti\u017ene, ali najva\u017enije je da je turisti\u010dka sezona krenula. Za o\u010dekivati je da \u0107e tome pripomo\u0107i i tzv. COVID potvrde s \u010dijom se primjenom na razini Europske unije kre\u0107e ve\u0107 za deset dana. Sve se vi\u0161e zemalja otvara, gra\u0111ani se cijepe, samo neka jo\u0161 epidemiolo\u0161ka situacija ostane povoljna i onda se zaista mo\u017eemo ponadati da \u0107emo napokon imati sezonu kao prije pandemije, izvijestila je Miki\u0107.<\/p>\n\n\n\n<iframe loading=\"lazy\" src=\"https:\/\/www.facebook.com\/plugins\/video.php?height=314&#038;href=https%3A%2F%2Fwww.facebook.com%2FHRTvijesti%2Fvideos%2F4088390031275505%2F&#038;show_text=false&#038;width=560&#038;t=0\" width=\"560\" height=\"314\" style=\"border:none;overflow:hidden\" scrolling=\"no\" frameborder=\"0\" allowfullscreen=\"true\" allow=\"autoplay; clipboard-write; encrypted-media; picture-in-picture; web-share\" allowFullScreen=\"true\"><\/iframe>\n\n\n\n<p><strong>Turisti pristi\u017eu na Jadran<\/strong><br><br>Kao u dobra stara vremena. Split je zra\u010dnim linijama povezan s 24 dr\u017eave. Gosti su jedva do\u010dekali odmor u Hrvatskoj.<br><br>&#8211; Imamo izravan let pa je jednostavno, a i vrijeme je predivno u odnosu na ono u na\u0161oj zemlji, ka\u017ee&nbsp;<strong>Chris<\/strong>&nbsp;iz Luksemburga.<br><br>&#8211; Nikad nismo bili u Hrvatskoj pa smo veoma uzbu\u0111eni! Jedva \u010dekamo istra\u017eiti va\u0161u zemlju, ka\u017ee<strong>&nbsp;Frank<\/strong>&nbsp;iz Njema\u010dke.<br><br>&#8211; Stigla sam u Split na vjen\u010danje, ali odlu\u010dila sam do\u0107i dva tjedna prije kako bih u\u017eivala. Bila sam ve\u0107 ovdje, prelijepo je, poru\u010duje go\u0161\u0107a iz Luksemburga.<br><br>Kroz splitsku zra\u010dnu luku ovog je vikenda pro\u0161lo 15.000 turista, pet tisu\u0107a vi\u0161e nego pro\u0161log. Obe\u0107avaju\u0107e, no pandemija je zadala sna\u017ean udarac avio-kompanijama.<\/p>\n\n\n\n<p><br>&#8211; Te\u0161ko je predvidjeti, ali sigurno se nekoliko godina ne o\u010dekuje u zra\u010dnom prometu da \u0107e se dogoditi brzi povratak, ka\u017ee&nbsp;<strong>Mate Melvan&nbsp;<\/strong>iz Zra\u010dne luke Split.<br><br>A upravo to \u017earko \u017eele u Dubrova\u010dko-neretvanskoj \u017eupaniji. Gostiju ima, ne mogu se po\u017ealiti, ali na one iz daljih zemalja jo\u0161 \u0107e pri\u010dekati.<\/p>\n\n\n\n<p><br>&#8211; To je te\u0161ko nadomjestiti dok se ne uspostave svi mogu\u0107i koridori s azijskim, australskim, ameri\u010dkim velikim aerodromima, ka\u017ee&nbsp;<strong>Vladimir Baki\u0107,<\/strong>&nbsp;direktor TZ-a Dubrova\u010dko-neretvanske \u017eupanije.<br><br>Da kao ozebli sunce \u010dekaju omiljene im Britance, ve\u0107 je poznato. Samo da za mjesec dana doista i do\u0111u jer broj oboljelih od delta-soja koronavirusa &#8211; ne ohrabruje.<br><br>&#8211; Puno ovisimo o Englezima, i doslovno smo u njihovoj milosti. Ajmo re\u0107i da ih jedva \u010dekamo jer oni nam \u010dine sezonu, ho\u0107e li biti dobra ili lo\u0161a. Sada je situacija da turizma skoro nema u privatnom smje\u0161taju. Hoteli su spustili cijene. Jako je te\u0161ko do\u0107i do gostiju tako da su to vi\u0161e individualne situacije nego turizam, ka\u017ee&nbsp;<strong>Nino Dubreti\u0107<\/strong>, predsjednik Zajednice obiteljskog smje\u0161taja za Dubrovnik i vlasnik Direct bookera.<br><br>Nade za privatne iznajmljiva\u010de ipak ima; turisti ne prestaju stizati. U Dalmaciji se odmara dosta Poljaka.<br><br>&#8211; Bio sam ovdje prije dvije godine krajem srpnja i bila je mnogo ve\u0107a gu\u017eva. Sada je najbolje vrijeme za dolazak u Hrvatsku, ka\u017ee&nbsp;<strong>Karol&nbsp;<\/strong>iz Poljske.<br><br>Ju\u010der je kroz tri grani\u010dna prijelaza u Istri u\u0161lo vi\u0161e od 11 000 stranaca. Gu\u017eve im nisu smetale &#8211; a ni vru\u0107ina; veselje &#8211; na vrhuncu!<br><br>A doma\u0107i gosti, \u010dini se, vole \u0160ibenik.<br><br>&#8211; 94 posto, \u010dini mi se da su mi bili strani gosti, ve\u0107 lanjske i ove godine situacija se obrnula, sad su preko 70, 80 posto doma\u0107i gosti, ka\u017ee&nbsp;<strong>Ante Cicvari\u0107,<\/strong>&nbsp;privatni iznajmljiva\u010d.<\/p>\n\n\n\n<p><br>Cijene su ni\u017ee, more \u010disto. Gdjegod da su bili &#8211; znamo da \u0107e ovog ljeta &#8211; zaslu\u017eeno u\u017eivati!<\/p>\n\n\n\n<div style=\"width: 640px;\" class=\"wp-video\"><video class=\"wp-video-shortcode\" id=\"video-34320-1\" width=\"640\" height=\"360\" preload=\"metadata\" controls=\"controls\"><source type=\"video\/mp4\" src=\"https:\/\/api.hrt.hr\/media\/2e\/5f\/tvd2-guzve01-20210620171744.mp4?_=1\" \/><a href=\"https:\/\/api.hrt.hr\/media\/2e\/5f\/tvd2-guzve01-20210620171744.mp4\">https:\/\/api.hrt.hr\/media\/2e\/5f\/tvd2-guzve01-20210620171744.mp4<\/a><\/video><\/div>\n\n\n\n<p>Izvor:hrt.hr<\/p>\n","protected":false},"excerpt":{"rendered":"<p>S prvim pravim ljetnim vikendom stigao je i toliko o\u010dekivani val turista. U Hrvatskoj ih je trenuta\u010dno oko 290 tisu\u0107a, me\u0111u kojima 250 tisu\u0107a inozemnih. Vi\u0161e od pola boravi ih u Istri i na Kvarneru, najvi\u0161e Nijemaca, Slovenaca, Austrijanaca, \u010ceha i Poljaka. Trenuta\u010dno smo u znatno boljoj situaciji nego lani, imamo 40 posto vi\u0161e gostiju, [&hellip;]<\/p>\n","protected":false},"author":2,"featured_media":34321,"comment_status":"closed","ping_status":"closed","sticky":false,"template":"","format":"standard","meta":{"h5ap_radio_sources":[],"footnotes":""},"categories":[1],"tags":[],"class_list":["post-34320","post","type-post","status-publish","format-standard","has-post-thumbnail","hentry","category-bihiregija"],"yoast_head":"<!-- This site is optimized with the Yoast SEO plugin v27.5 - https:\/\/yoast.com\/product\/yoast-seo-wordpress\/ -->\n<title>U Hrvatsku ovaj vikend u\u0161lo 93 tisu\u0107e putnika: Znatno vi\u0161e nego lani, ali jo\u0161 daleko od rekordne 2019. - RADIO LJUBU\u0160KI<\/title>\n<meta name=\"robots\" content=\"index, follow, max-snippet:-1, max-image-preview:large, max-video-preview:-1\" \/>\n<link rel=\"canonical\" href=\"https:\/\/radioljubuski.ba\/index.php\/2021\/06\/20\/u-hrvatsku-ovaj-vikend-uslo-93-tisuce-putnika-znatno-vise-nego-lani-ali-jos-daleko-od-rekordne-2019\/\" \/>\n<meta property=\"og:locale\" content=\"hr_HR\" \/>\n<meta property=\"og:type\" content=\"article\" \/>\n<meta property=\"og:title\" content=\"U Hrvatsku ovaj vikend u\u0161lo 93 tisu\u0107e putnika: Znatno vi\u0161e nego lani, ali jo\u0161 daleko od rekordne 2019. - RADIO LJUBU\u0160KI\" \/>\n<meta property=\"og:description\" content=\"S prvim pravim ljetnim vikendom stigao je i toliko o\u010dekivani val turista. U Hrvatskoj ih je trenuta\u010dno oko 290 tisu\u0107a, me\u0111u kojima 250 tisu\u0107a inozemnih. Vi\u0161e od pola boravi ih u Istri i na Kvarneru, najvi\u0161e Nijemaca, Slovenaca, Austrijanaca, \u010ceha i Poljaka. Trenuta\u010dno smo u znatno boljoj situaciji nego lani, imamo 40 posto vi\u0161e gostiju, [&hellip;]\" \/>\n<meta property=\"og:url\" content=\"https:\/\/radioljubuski.ba\/index.php\/2021\/06\/20\/u-hrvatsku-ovaj-vikend-uslo-93-tisuce-putnika-znatno-vise-nego-lani-ali-jos-daleko-od-rekordne-2019\/\" \/>\n<meta property=\"og:site_name\" content=\"RADIO LJUBU\u0160KI\" \/>\n<meta property=\"article:publisher\" content=\"https:\/\/www.facebook.com\/Radiio-Ljubuski-1490835324566332\" \/>\n<meta property=\"article:published_time\" content=\"2021-06-20T22:29:15+00:00\" \/>\n<meta property=\"article:modified_time\" content=\"2021-06-20T22:29:16+00:00\" \/>\n<meta property=\"og:image\" content=\"https:\/\/radioljubuski.ba\/wp-content\/uploads\/2021\/06\/e092261cd79f3905b40882c947d6968a.jpg\" \/>\n\t<meta property=\"og:image:width\" content=\"700\" \/>\n\t<meta property=\"og:image:height\" content=\"444\" \/>\n\t<meta property=\"og:image:type\" content=\"image\/jpeg\" \/>\n<meta name=\"author\" content=\"Radio Ljubu\u0161ki\" \/>\n<meta name=\"twitter:card\" content=\"summary_large_image\" \/>\n<meta name=\"twitter:creator\" content=\"@radioljubuski\" \/>\n<meta name=\"twitter:site\" content=\"@radioljubuski\" \/>\n<meta name=\"twitter:label1\" content=\"Napisao\/la\" \/>\n\t<meta name=\"twitter:data1\" content=\"Radio Ljubu\u0161ki\" \/>\n\t<meta name=\"twitter:label2\" content=\"Procijenjeno vrijeme \u010ditanja\" \/>\n\t<meta name=\"twitter:data2\" content=\"4 minute\" \/>\n<script type=\"application\/ld+json\" class=\"yoast-schema-graph\">{\"@context\":\"https:\\\/\\\/schema.org\",\"@graph\":[{\"@type\":\"Article\",\"@id\":\"https:\\\/\\\/radioljubuski.ba\\\/index.php\\\/2021\\\/06\\\/20\\\/u-hrvatsku-ovaj-vikend-uslo-93-tisuce-putnika-znatno-vise-nego-lani-ali-jos-daleko-od-rekordne-2019\\\/#article\",\"isPartOf\":{\"@id\":\"https:\\\/\\\/radioljubuski.ba\\\/index.php\\\/2021\\\/06\\\/20\\\/u-hrvatsku-ovaj-vikend-uslo-93-tisuce-putnika-znatno-vise-nego-lani-ali-jos-daleko-od-rekordne-2019\\\/\"},\"author\":{\"name\":\"Radio Ljubu\u0161ki\",\"@id\":\"https:\\\/\\\/radioljubuski.ba\\\/#\\\/schema\\\/person\\\/19fc700381a780f69665d7956c469e3b\"},\"headline\":\"U Hrvatsku ovaj vikend u\u0161lo 93 tisu\u0107e putnika: Znatno vi\u0161e nego lani, ali jo\u0161 daleko od rekordne 2019.\",\"datePublished\":\"2021-06-20T22:29:15+00:00\",\"dateModified\":\"2021-06-20T22:29:16+00:00\",\"mainEntityOfPage\":{\"@id\":\"https:\\\/\\\/radioljubuski.ba\\\/index.php\\\/2021\\\/06\\\/20\\\/u-hrvatsku-ovaj-vikend-uslo-93-tisuce-putnika-znatno-vise-nego-lani-ali-jos-daleko-od-rekordne-2019\\\/\"},\"wordCount\":848,\"publisher\":{\"@id\":\"https:\\\/\\\/radioljubuski.ba\\\/#organization\"},\"image\":{\"@id\":\"https:\\\/\\\/radioljubuski.ba\\\/index.php\\\/2021\\\/06\\\/20\\\/u-hrvatsku-ovaj-vikend-uslo-93-tisuce-putnika-znatno-vise-nego-lani-ali-jos-daleko-od-rekordne-2019\\\/#primaryimage\"},\"thumbnailUrl\":\"https:\\\/\\\/radioljubuski.ba\\\/wp-content\\\/uploads\\\/2021\\\/06\\\/e092261cd79f3905b40882c947d6968a.jpg\",\"articleSection\":[\"BIH i regija\"],\"inLanguage\":\"hr\"},{\"@type\":\"WebPage\",\"@id\":\"https:\\\/\\\/radioljubuski.ba\\\/index.php\\\/2021\\\/06\\\/20\\\/u-hrvatsku-ovaj-vikend-uslo-93-tisuce-putnika-znatno-vise-nego-lani-ali-jos-daleko-od-rekordne-2019\\\/\",\"url\":\"https:\\\/\\\/radioljubuski.ba\\\/index.php\\\/2021\\\/06\\\/20\\\/u-hrvatsku-ovaj-vikend-uslo-93-tisuce-putnika-znatno-vise-nego-lani-ali-jos-daleko-od-rekordne-2019\\\/\",\"name\":\"U Hrvatsku ovaj vikend u\u0161lo 93 tisu\u0107e putnika: Znatno vi\u0161e nego lani, ali jo\u0161 daleko od rekordne 2019. - RADIO LJUBU\u0160KI\",\"isPartOf\":{\"@id\":\"https:\\\/\\\/radioljubuski.ba\\\/#website\"},\"primaryImageOfPage\":{\"@id\":\"https:\\\/\\\/radioljubuski.ba\\\/index.php\\\/2021\\\/06\\\/20\\\/u-hrvatsku-ovaj-vikend-uslo-93-tisuce-putnika-znatno-vise-nego-lani-ali-jos-daleko-od-rekordne-2019\\\/#primaryimage\"},\"image\":{\"@id\":\"https:\\\/\\\/radioljubuski.ba\\\/index.php\\\/2021\\\/06\\\/20\\\/u-hrvatsku-ovaj-vikend-uslo-93-tisuce-putnika-znatno-vise-nego-lani-ali-jos-daleko-od-rekordne-2019\\\/#primaryimage\"},\"thumbnailUrl\":\"https:\\\/\\\/radioljubuski.ba\\\/wp-content\\\/uploads\\\/2021\\\/06\\\/e092261cd79f3905b40882c947d6968a.jpg\",\"datePublished\":\"2021-06-20T22:29:15+00:00\",\"dateModified\":\"2021-06-20T22:29:16+00:00\",\"breadcrumb\":{\"@id\":\"https:\\\/\\\/radioljubuski.ba\\\/index.php\\\/2021\\\/06\\\/20\\\/u-hrvatsku-ovaj-vikend-uslo-93-tisuce-putnika-znatno-vise-nego-lani-ali-jos-daleko-od-rekordne-2019\\\/#breadcrumb\"},\"inLanguage\":\"hr\",\"potentialAction\":[{\"@type\":\"ReadAction\",\"target\":[\"https:\\\/\\\/radioljubuski.ba\\\/index.php\\\/2021\\\/06\\\/20\\\/u-hrvatsku-ovaj-vikend-uslo-93-tisuce-putnika-znatno-vise-nego-lani-ali-jos-daleko-od-rekordne-2019\\\/\"]}]},{\"@type\":\"ImageObject\",\"inLanguage\":\"hr\",\"@id\":\"https:\\\/\\\/radioljubuski.ba\\\/index.php\\\/2021\\\/06\\\/20\\\/u-hrvatsku-ovaj-vikend-uslo-93-tisuce-putnika-znatno-vise-nego-lani-ali-jos-daleko-od-rekordne-2019\\\/#primaryimage\",\"url\":\"https:\\\/\\\/radioljubuski.ba\\\/wp-content\\\/uploads\\\/2021\\\/06\\\/e092261cd79f3905b40882c947d6968a.jpg\",\"contentUrl\":\"https:\\\/\\\/radioljubuski.ba\\\/wp-content\\\/uploads\\\/2021\\\/06\\\/e092261cd79f3905b40882c947d6968a.jpg\",\"width\":700,\"height\":444},{\"@type\":\"BreadcrumbList\",\"@id\":\"https:\\\/\\\/radioljubuski.ba\\\/index.php\\\/2021\\\/06\\\/20\\\/u-hrvatsku-ovaj-vikend-uslo-93-tisuce-putnika-znatno-vise-nego-lani-ali-jos-daleko-od-rekordne-2019\\\/#breadcrumb\",\"itemListElement\":[{\"@type\":\"ListItem\",\"position\":1,\"name\":\"Po\u010detna stranica\",\"item\":\"https:\\\/\\\/radioljubuski.ba\\\/\"},{\"@type\":\"ListItem\",\"position\":2,\"name\":\"U Hrvatsku ovaj vikend u\u0161lo 93 tisu\u0107e putnika: Znatno vi\u0161e nego lani, ali jo\u0161 daleko od rekordne 2019.\"}]},{\"@type\":\"WebSite\",\"@id\":\"https:\\\/\\\/radioljubuski.ba\\\/#website\",\"url\":\"https:\\\/\\\/radioljubuski.ba\\\/\",\"name\":\"Radio Ljubu\u0161ki\",\"description\":\"Sun\u010dana frekvencija Hercegovine\",\"publisher\":{\"@id\":\"https:\\\/\\\/radioljubuski.ba\\\/#organization\"},\"potentialAction\":[{\"@type\":\"SearchAction\",\"target\":{\"@type\":\"EntryPoint\",\"urlTemplate\":\"https:\\\/\\\/radioljubuski.ba\\\/?s={search_term_string}\"},\"query-input\":{\"@type\":\"PropertyValueSpecification\",\"valueRequired\":true,\"valueName\":\"search_term_string\"}}],\"inLanguage\":\"hr\"},{\"@type\":\"Organization\",\"@id\":\"https:\\\/\\\/radioljubuski.ba\\\/#organization\",\"name\":\"Radio Ljubu\u0161ki\",\"url\":\"https:\\\/\\\/radioljubuski.ba\\\/\",\"logo\":{\"@type\":\"ImageObject\",\"inLanguage\":\"hr\",\"@id\":\"https:\\\/\\\/radioljubuski.ba\\\/#\\\/schema\\\/logo\\\/image\\\/\",\"url\":\"https:\\\/\\\/radioljubuski.ba\\\/wp-content\\\/uploads\\\/2021\\\/02\\\/cropped-Radio_Ljubuski_logo1.jpg\",\"contentUrl\":\"https:\\\/\\\/radioljubuski.ba\\\/wp-content\\\/uploads\\\/2021\\\/02\\\/cropped-Radio_Ljubuski_logo1.jpg\",\"width\":512,\"height\":512,\"caption\":\"Radio Ljubu\u0161ki\"},\"image\":{\"@id\":\"https:\\\/\\\/radioljubuski.ba\\\/#\\\/schema\\\/logo\\\/image\\\/\"},\"sameAs\":[\"https:\\\/\\\/www.facebook.com\\\/Radiio-Ljubuski-1490835324566332\",\"https:\\\/\\\/x.com\\\/radioljubuski\",\"https:\\\/\\\/hr.linkedin.com\\\/company\\\/radio-ljubuski\",\"https:\\\/\\\/www.youtube.com\\\/channel\\\/UCHYaeO_n0Db3tjNGudGpXyw\"]},{\"@type\":\"Person\",\"@id\":\"https:\\\/\\\/radioljubuski.ba\\\/#\\\/schema\\\/person\\\/19fc700381a780f69665d7956c469e3b\",\"name\":\"Radio Ljubu\u0161ki\"}]}<\/script>\n<!-- \/ Yoast SEO plugin. -->","yoast_head_json":{"title":"U Hrvatsku ovaj vikend u\u0161lo 93 tisu\u0107e putnika: Znatno vi\u0161e nego lani, ali jo\u0161 daleko od rekordne 2019. - RADIO LJUBU\u0160KI","robots":{"index":"index","follow":"follow","max-snippet":"max-snippet:-1","max-image-preview":"max-image-preview:large","max-video-preview":"max-video-preview:-1"},"canonical":"https:\/\/radioljubuski.ba\/index.php\/2021\/06\/20\/u-hrvatsku-ovaj-vikend-uslo-93-tisuce-putnika-znatno-vise-nego-lani-ali-jos-daleko-od-rekordne-2019\/","og_locale":"hr_HR","og_type":"article","og_title":"U Hrvatsku ovaj vikend u\u0161lo 93 tisu\u0107e putnika: Znatno vi\u0161e nego lani, ali jo\u0161 daleko od rekordne 2019. - RADIO LJUBU\u0160KI","og_description":"S prvim pravim ljetnim vikendom stigao je i toliko o\u010dekivani val turista. U Hrvatskoj ih je trenuta\u010dno oko 290 tisu\u0107a, me\u0111u kojima 250 tisu\u0107a inozemnih. Vi\u0161e od pola boravi ih u Istri i na Kvarneru, najvi\u0161e Nijemaca, Slovenaca, Austrijanaca, \u010ceha i Poljaka. Trenuta\u010dno smo u znatno boljoj situaciji nego lani, imamo 40 posto vi\u0161e gostiju, [&hellip;]","og_url":"https:\/\/radioljubuski.ba\/index.php\/2021\/06\/20\/u-hrvatsku-ovaj-vikend-uslo-93-tisuce-putnika-znatno-vise-nego-lani-ali-jos-daleko-od-rekordne-2019\/","og_site_name":"RADIO LJUBU\u0160KI","article_publisher":"https:\/\/www.facebook.com\/Radiio-Ljubuski-1490835324566332","article_published_time":"2021-06-20T22:29:15+00:00","article_modified_time":"2021-06-20T22:29:16+00:00","og_image":[{"width":700,"height":444,"url":"https:\/\/radioljubuski.ba\/wp-content\/uploads\/2021\/06\/e092261cd79f3905b40882c947d6968a.jpg","type":"image\/jpeg"}],"author":"Radio Ljubu\u0161ki","twitter_card":"summary_large_image","twitter_creator":"@radioljubuski","twitter_site":"@radioljubuski","twitter_misc":{"Napisao\/la":"Radio Ljubu\u0161ki","Procijenjeno vrijeme \u010ditanja":"4 minute"},"schema":{"@context":"https:\/\/schema.org","@graph":[{"@type":"Article","@id":"https:\/\/radioljubuski.ba\/index.php\/2021\/06\/20\/u-hrvatsku-ovaj-vikend-uslo-93-tisuce-putnika-znatno-vise-nego-lani-ali-jos-daleko-od-rekordne-2019\/#article","isPartOf":{"@id":"https:\/\/radioljubuski.ba\/index.php\/2021\/06\/20\/u-hrvatsku-ovaj-vikend-uslo-93-tisuce-putnika-znatno-vise-nego-lani-ali-jos-daleko-od-rekordne-2019\/"},"author":{"name":"Radio Ljubu\u0161ki","@id":"https:\/\/radioljubuski.ba\/#\/schema\/person\/19fc700381a780f69665d7956c469e3b"},"headline":"U Hrvatsku ovaj vikend u\u0161lo 93 tisu\u0107e putnika: Znatno vi\u0161e nego lani, ali jo\u0161 daleko od rekordne 2019.","datePublished":"2021-06-20T22:29:15+00:00","dateModified":"2021-06-20T22:29:16+00:00","mainEntityOfPage":{"@id":"https:\/\/radioljubuski.ba\/index.php\/2021\/06\/20\/u-hrvatsku-ovaj-vikend-uslo-93-tisuce-putnika-znatno-vise-nego-lani-ali-jos-daleko-od-rekordne-2019\/"},"wordCount":848,"publisher":{"@id":"https:\/\/radioljubuski.ba\/#organization"},"image":{"@id":"https:\/\/radioljubuski.ba\/index.php\/2021\/06\/20\/u-hrvatsku-ovaj-vikend-uslo-93-tisuce-putnika-znatno-vise-nego-lani-ali-jos-daleko-od-rekordne-2019\/#primaryimage"},"thumbnailUrl":"https:\/\/radioljubuski.ba\/wp-content\/uploads\/2021\/06\/e092261cd79f3905b40882c947d6968a.jpg","articleSection":["BIH i regija"],"inLanguage":"hr"},{"@type":"WebPage","@id":"https:\/\/radioljubuski.ba\/index.php\/2021\/06\/20\/u-hrvatsku-ovaj-vikend-uslo-93-tisuce-putnika-znatno-vise-nego-lani-ali-jos-daleko-od-rekordne-2019\/","url":"https:\/\/radioljubuski.ba\/index.php\/2021\/06\/20\/u-hrvatsku-ovaj-vikend-uslo-93-tisuce-putnika-znatno-vise-nego-lani-ali-jos-daleko-od-rekordne-2019\/","name":"U Hrvatsku ovaj vikend u\u0161lo 93 tisu\u0107e putnika: Znatno vi\u0161e nego lani, ali jo\u0161 daleko od rekordne 2019. - RADIO LJUBU\u0160KI","isPartOf":{"@id":"https:\/\/radioljubuski.ba\/#website"},"primaryImageOfPage":{"@id":"https:\/\/radioljubuski.ba\/index.php\/2021\/06\/20\/u-hrvatsku-ovaj-vikend-uslo-93-tisuce-putnika-znatno-vise-nego-lani-ali-jos-daleko-od-rekordne-2019\/#primaryimage"},"image":{"@id":"https:\/\/radioljubuski.ba\/index.php\/2021\/06\/20\/u-hrvatsku-ovaj-vikend-uslo-93-tisuce-putnika-znatno-vise-nego-lani-ali-jos-daleko-od-rekordne-2019\/#primaryimage"},"thumbnailUrl":"https:\/\/radioljubuski.ba\/wp-content\/uploads\/2021\/06\/e092261cd79f3905b40882c947d6968a.jpg","datePublished":"2021-06-20T22:29:15+00:00","dateModified":"2021-06-20T22:29:16+00:00","breadcrumb":{"@id":"https:\/\/radioljubuski.ba\/index.php\/2021\/06\/20\/u-hrvatsku-ovaj-vikend-uslo-93-tisuce-putnika-znatno-vise-nego-lani-ali-jos-daleko-od-rekordne-2019\/#breadcrumb"},"inLanguage":"hr","potentialAction":[{"@type":"ReadAction","target":["https:\/\/radioljubuski.ba\/index.php\/2021\/06\/20\/u-hrvatsku-ovaj-vikend-uslo-93-tisuce-putnika-znatno-vise-nego-lani-ali-jos-daleko-od-rekordne-2019\/"]}]},{"@type":"ImageObject","inLanguage":"hr","@id":"https:\/\/radioljubuski.ba\/index.php\/2021\/06\/20\/u-hrvatsku-ovaj-vikend-uslo-93-tisuce-putnika-znatno-vise-nego-lani-ali-jos-daleko-od-rekordne-2019\/#primaryimage","url":"https:\/\/radioljubuski.ba\/wp-content\/uploads\/2021\/06\/e092261cd79f3905b40882c947d6968a.jpg","contentUrl":"https:\/\/radioljubuski.ba\/wp-content\/uploads\/2021\/06\/e092261cd79f3905b40882c947d6968a.jpg","width":700,"height":444},{"@type":"BreadcrumbList","@id":"https:\/\/radioljubuski.ba\/index.php\/2021\/06\/20\/u-hrvatsku-ovaj-vikend-uslo-93-tisuce-putnika-znatno-vise-nego-lani-ali-jos-daleko-od-rekordne-2019\/#breadcrumb","itemListElement":[{"@type":"ListItem","position":1,"name":"Po\u010detna stranica","item":"https:\/\/radioljubuski.ba\/"},{"@type":"ListItem","position":2,"name":"U Hrvatsku ovaj vikend u\u0161lo 93 tisu\u0107e putnika: Znatno vi\u0161e nego lani, ali jo\u0161 daleko od rekordne 2019."}]},{"@type":"WebSite","@id":"https:\/\/radioljubuski.ba\/#website","url":"https:\/\/radioljubuski.ba\/","name":"Radio Ljubu\u0161ki","description":"Sun\u010dana frekvencija Hercegovine","publisher":{"@id":"https:\/\/radioljubuski.ba\/#organization"},"potentialAction":[{"@type":"SearchAction","target":{"@type":"EntryPoint","urlTemplate":"https:\/\/radioljubuski.ba\/?s={search_term_string}"},"query-input":{"@type":"PropertyValueSpecification","valueRequired":true,"valueName":"search_term_string"}}],"inLanguage":"hr"},{"@type":"Organization","@id":"https:\/\/radioljubuski.ba\/#organization","name":"Radio Ljubu\u0161ki","url":"https:\/\/radioljubuski.ba\/","logo":{"@type":"ImageObject","inLanguage":"hr","@id":"https:\/\/radioljubuski.ba\/#\/schema\/logo\/image\/","url":"https:\/\/radioljubuski.ba\/wp-content\/uploads\/2021\/02\/cropped-Radio_Ljubuski_logo1.jpg","contentUrl":"https:\/\/radioljubuski.ba\/wp-content\/uploads\/2021\/02\/cropped-Radio_Ljubuski_logo1.jpg","width":512,"height":512,"caption":"Radio Ljubu\u0161ki"},"image":{"@id":"https:\/\/radioljubuski.ba\/#\/schema\/logo\/image\/"},"sameAs":["https:\/\/www.facebook.com\/Radiio-Ljubuski-1490835324566332","https:\/\/x.com\/radioljubuski","https:\/\/hr.linkedin.com\/company\/radio-ljubuski","https:\/\/www.youtube.com\/channel\/UCHYaeO_n0Db3tjNGudGpXyw"]},{"@type":"Person","@id":"https:\/\/radioljubuski.ba\/#\/schema\/person\/19fc700381a780f69665d7956c469e3b","name":"Radio Ljubu\u0161ki"}]}},"_links":{"self":[{"href":"https:\/\/radioljubuski.ba\/index.php\/wp-json\/wp\/v2\/posts\/34320","targetHints":{"allow":["GET"]}}],"collection":[{"href":"https:\/\/radioljubuski.ba\/index.php\/wp-json\/wp\/v2\/posts"}],"about":[{"href":"https:\/\/radioljubuski.ba\/index.php\/wp-json\/wp\/v2\/types\/post"}],"author":[{"embeddable":true,"href":"https:\/\/radioljubuski.ba\/index.php\/wp-json\/wp\/v2\/users\/2"}],"replies":[{"embeddable":true,"href":"https:\/\/radioljubuski.ba\/index.php\/wp-json\/wp\/v2\/comments?post=34320"}],"version-history":[{"count":1,"href":"https:\/\/radioljubuski.ba\/index.php\/wp-json\/wp\/v2\/posts\/34320\/revisions"}],"predecessor-version":[{"id":34322,"href":"https:\/\/radioljubuski.ba\/index.php\/wp-json\/wp\/v2\/posts\/34320\/revisions\/34322"}],"wp:featuredmedia":[{"embeddable":true,"href":"https:\/\/radioljubuski.ba\/index.php\/wp-json\/wp\/v2\/media\/34321"}],"wp:attachment":[{"href":"https:\/\/radioljubuski.ba\/index.php\/wp-json\/wp\/v2\/media?parent=34320"}],"wp:term":[{"taxonomy":"category","embeddable":true,"href":"https:\/\/radioljubuski.ba\/index.php\/wp-json\/wp\/v2\/categories?post=34320"},{"taxonomy":"post_tag","embeddable":true,"href":"https:\/\/radioljubuski.ba\/index.php\/wp-json\/wp\/v2\/tags?post=34320"}],"curies":[{"name":"wp","href":"https:\/\/api.w.org\/{rel}","templated":true}]}}