{"id":34323,"date":"2021-06-20T23:32:21","date_gmt":"2021-06-20T22:32:21","guid":{"rendered":"https:\/\/radioljubuski.ba\/?p=34323"},"modified":"2021-06-22T13:59:31","modified_gmt":"2021-06-22T12:59:31","slug":"crna-kutija-od-2022-obvezna-u-svim-novim-automobilima-u-eu","status":"publish","type":"post","link":"https:\/\/radioljubuski.ba\/index.php\/2021\/06\/20\/crna-kutija-od-2022-obvezna-u-svim-novim-automobilima-u-eu\/","title":{"rendered":"Crna kutija od 2022. obvezna u svim novim automobilima u EU"},"content":{"rendered":"\n<p><strong>Iako je posljednjih godina, ponajprije kao posljedica sve rigoroznijeg ka\u017enjavanja, zabilje\u017een trend smanjenja broja prometnih nesre\u0107a pa i poginulih i ozlije\u0111enih na na\u0161im cestama, ovogodi\u0161nji podaci ponovno zabrinjavaju. Samo u prvih pet mjeseci na prometnicama poginule su 91 osoba. No Hrvatska tu nije iznimka u Europskoj uniji,&nbsp; koja od idu\u0107e godine uvodi promjene koje \u0107e utjecati na sve sudionike u prometu, ali i na automobilsku industriju.<\/strong><\/p>\n\n\n\n<p>Crna kutija je ure\u0111aj koji bi trebao otkriti, do najsitnijeg detalja, sve \u0161to se doga\u0111alo u sekundama prije prometne nesre\u0107e. Takozvana crna kutija bilje\u017ei \u010dak 41 podatak koji poma\u017ee u vje\u0161ta\u010denju.<\/p>\n\n\n\n<p><br>&nbsp;&#8211; Da dobijemo informaciju o brzini kretanja vozila 5 sekundi prije sudara, o na\u010dinu pona\u0161anja voza\u010da- je li ko\u010dio, je li imao manipulacije kolom upravlja\u010da i u kojem postotku, koliki je bio broj okretaja vozila itd, objasnio je&nbsp;<strong>\u017deljko \u0160ari\u0107,<\/strong>&nbsp;voditelj Laboratorija za prometno-tehni\u010dka vje\u0161ta\u010denja Fakulteta prometnih znanosti.<br><br><\/p>\n\n\n\n<p>Iako mnogi ne znaju, u autoindustriji nije novost. Neka nova vozila ve\u0107 je imaju.<\/p>\n\n\n\n<p><br>Naj\u010de\u0161\u0107e se nalazi izme\u0111u voza\u010devog i suvoza\u010devog sjedala u modulu zra\u010dnog jastuka. Od idu\u0107e godine, bit \u0107e obavezna u svim novoproizvedenim automobilima, a 2024. imat \u0107e je i sva vozila koja se prvi put registriraju.<br><br><\/p>\n\n\n\n<p>\u0160iroj primjeni, raduje se struka.<br><br><\/p>\n\n\n\n<p><strong>Rajko Horvat,<\/strong>&nbsp;voditelj katedre za tehniku cestovnog prometa, Fakultet prometnih znanosti, isti\u010de da treba prona\u0107i modele za sprje\u010davanje prometnih nesre\u0107a, a istra\u017eiteljima pomo\u0107i da utvrde to\u010dan uzrok ili djelomi\u010dno to\u010dniji uzrok nastanka prometne nesre\u0107e u odnosu na dana\u0161nje metode.<br><br><\/p>\n\n\n\n<p>Prije toga, potrebno je urediti zakonodavni okvir. Iskustvo SAD-a ka\u017ee da kori\u0161tenje ure\u0111aja pozitivno utje\u010de na sigurnost u prometu, jer su, ka\u017ee \u0160ari\u0107, voza\u010di puno discipliniraniji.<br><br><\/p>\n\n\n\n<p>&#8211; Naravno, boje se posljedica u slu\u010daju nastanka prometne nesre\u0107e, sve \u0107e biti jasno i vidljivo, dodaje.<br><br><\/p>\n\n\n\n<p>I voza\u010di i stru\u010dnjaci sla\u017eu se &#8211; klju\u010dna je prevencija.<br><br>&#8211; Stradavanje u prometu je nepotrebno stradavanje, me\u0111utim svaki pojedinac mora razmisliti prije nego \u0161to sjedne u vozilo jesu li mu odre\u0111ene rizi\u010dne situacije u koje se upu\u0161ta nu\u017ene, upozorava&nbsp;<strong>Josip Mataija,<\/strong>&nbsp;voditelj Slu\u017ebe za sigurnost cestovnog prometa, MUP.<br><br>Neprilago\u0111ena brzina, naj\u010de\u0161\u0107i je uzrok nesre\u0107a. Samo u prvih pet mjeseci ove godine, zbog nje su poginule 42 osobe.<\/p>\n\n\n\n<div style=\"width: 640px;\" class=\"wp-video\"><video class=\"wp-video-shortcode\" id=\"video-34323-1\" width=\"640\" height=\"360\" preload=\"metadata\" controls=\"controls\"><source type=\"video\/mp4\" src=\"https:\/\/api.hrt.hr\/media\/7d\/99\/tvd2-crne-kutije-20210620175022.mp4?_=1\" \/><a href=\"https:\/\/api.hrt.hr\/media\/7d\/99\/tvd2-crne-kutije-20210620175022.mp4\">https:\/\/api.hrt.hr\/media\/7d\/99\/tvd2-crne-kutije-20210620175022.mp4<\/a><\/video><\/div>\n\n\n\n<p>Izvor:hrt.hr<\/p>\n","protected":false},"excerpt":{"rendered":"<p>Iako je posljednjih godina, ponajprije kao posljedica sve rigoroznijeg ka\u017enjavanja, zabilje\u017een trend smanjenja broja prometnih nesre\u0107a pa i poginulih i ozlije\u0111enih na na\u0161im cestama, ovogodi\u0161nji podaci ponovno zabrinjavaju. Samo u prvih pet mjeseci na prometnicama poginule su 91 osoba. No Hrvatska tu nije iznimka u Europskoj uniji,&nbsp; koja od idu\u0107e godine uvodi promjene koje \u0107e [&hellip;]<\/p>\n","protected":false},"author":2,"featured_media":34324,"comment_status":"closed","ping_status":"closed","sticky":false,"template":"","format":"standard","meta":{"h5ap_radio_sources":[],"footnotes":""},"categories":[1],"tags":[],"class_list":["post-34323","post","type-post","status-publish","format-standard","has-post-thumbnail","hentry","category-bihiregija"],"yoast_head":"<!-- This site is optimized with the Yoast SEO plugin v27.5 - https:\/\/yoast.com\/product\/yoast-seo-wordpress\/ -->\n<title>Crna kutija od 2022. obvezna u svim novim automobilima u EU - RADIO LJUBU\u0160KI<\/title>\n<meta name=\"robots\" content=\"index, follow, max-snippet:-1, max-image-preview:large, max-video-preview:-1\" \/>\n<link rel=\"canonical\" href=\"https:\/\/radioljubuski.ba\/index.php\/2021\/06\/20\/crna-kutija-od-2022-obvezna-u-svim-novim-automobilima-u-eu\/\" \/>\n<meta property=\"og:locale\" content=\"hr_HR\" \/>\n<meta property=\"og:type\" content=\"article\" \/>\n<meta property=\"og:title\" content=\"Crna kutija od 2022. obvezna u svim novim automobilima u EU - RADIO LJUBU\u0160KI\" \/>\n<meta property=\"og:description\" content=\"Iako je posljednjih godina, ponajprije kao posljedica sve rigoroznijeg ka\u017enjavanja, zabilje\u017een trend smanjenja broja prometnih nesre\u0107a pa i poginulih i ozlije\u0111enih na na\u0161im cestama, ovogodi\u0161nji podaci ponovno zabrinjavaju. Samo u prvih pet mjeseci na prometnicama poginule su 91 osoba. No Hrvatska tu nije iznimka u Europskoj uniji,&nbsp; koja od idu\u0107e godine uvodi promjene koje \u0107e [&hellip;]\" \/>\n<meta property=\"og:url\" content=\"https:\/\/radioljubuski.ba\/index.php\/2021\/06\/20\/crna-kutija-od-2022-obvezna-u-svim-novim-automobilima-u-eu\/\" \/>\n<meta property=\"og:site_name\" content=\"RADIO LJUBU\u0160KI\" \/>\n<meta property=\"article:publisher\" content=\"https:\/\/www.facebook.com\/Radiio-Ljubuski-1490835324566332\" \/>\n<meta property=\"article:published_time\" content=\"2021-06-20T22:32:21+00:00\" \/>\n<meta property=\"article:modified_time\" content=\"2021-06-22T12:59:31+00:00\" \/>\n<meta property=\"og:image\" content=\"https:\/\/radioljubuski.ba\/wp-content\/uploads\/2021\/06\/t-tvd2-crne-kutije-20210620175022-1024x576.png\" \/>\n\t<meta property=\"og:image:width\" content=\"1024\" \/>\n\t<meta property=\"og:image:height\" content=\"576\" \/>\n\t<meta property=\"og:image:type\" content=\"image\/png\" \/>\n<meta name=\"author\" content=\"Radio Ljubu\u0161ki\" \/>\n<meta name=\"twitter:card\" content=\"summary_large_image\" \/>\n<meta name=\"twitter:creator\" content=\"@radioljubuski\" \/>\n<meta name=\"twitter:site\" content=\"@radioljubuski\" \/>\n<meta name=\"twitter:label1\" content=\"Napisao\/la\" \/>\n\t<meta name=\"twitter:data1\" content=\"Radio Ljubu\u0161ki\" \/>\n\t<meta name=\"twitter:label2\" content=\"Procijenjeno vrijeme \u010ditanja\" \/>\n\t<meta name=\"twitter:data2\" content=\"2 minute\" \/>\n<script type=\"application\/ld+json\" class=\"yoast-schema-graph\">{\"@context\":\"https:\\\/\\\/schema.org\",\"@graph\":[{\"@type\":\"Article\",\"@id\":\"https:\\\/\\\/radioljubuski.ba\\\/index.php\\\/2021\\\/06\\\/20\\\/crna-kutija-od-2022-obvezna-u-svim-novim-automobilima-u-eu\\\/#article\",\"isPartOf\":{\"@id\":\"https:\\\/\\\/radioljubuski.ba\\\/index.php\\\/2021\\\/06\\\/20\\\/crna-kutija-od-2022-obvezna-u-svim-novim-automobilima-u-eu\\\/\"},\"author\":{\"name\":\"Radio Ljubu\u0161ki\",\"@id\":\"https:\\\/\\\/radioljubuski.ba\\\/#\\\/schema\\\/person\\\/19fc700381a780f69665d7956c469e3b\"},\"headline\":\"Crna kutija od 2022. obvezna u svim novim automobilima u EU\",\"datePublished\":\"2021-06-20T22:32:21+00:00\",\"dateModified\":\"2021-06-22T12:59:31+00:00\",\"mainEntityOfPage\":{\"@id\":\"https:\\\/\\\/radioljubuski.ba\\\/index.php\\\/2021\\\/06\\\/20\\\/crna-kutija-od-2022-obvezna-u-svim-novim-automobilima-u-eu\\\/\"},\"wordCount\":435,\"publisher\":{\"@id\":\"https:\\\/\\\/radioljubuski.ba\\\/#organization\"},\"image\":{\"@id\":\"https:\\\/\\\/radioljubuski.ba\\\/index.php\\\/2021\\\/06\\\/20\\\/crna-kutija-od-2022-obvezna-u-svim-novim-automobilima-u-eu\\\/#primaryimage\"},\"thumbnailUrl\":\"https:\\\/\\\/radioljubuski.ba\\\/wp-content\\\/uploads\\\/2021\\\/06\\\/t-tvd2-crne-kutije-20210620175022.png\",\"articleSection\":[\"BIH i regija\"],\"inLanguage\":\"hr\"},{\"@type\":\"WebPage\",\"@id\":\"https:\\\/\\\/radioljubuski.ba\\\/index.php\\\/2021\\\/06\\\/20\\\/crna-kutija-od-2022-obvezna-u-svim-novim-automobilima-u-eu\\\/\",\"url\":\"https:\\\/\\\/radioljubuski.ba\\\/index.php\\\/2021\\\/06\\\/20\\\/crna-kutija-od-2022-obvezna-u-svim-novim-automobilima-u-eu\\\/\",\"name\":\"Crna kutija od 2022. obvezna u svim novim automobilima u EU - RADIO LJUBU\u0160KI\",\"isPartOf\":{\"@id\":\"https:\\\/\\\/radioljubuski.ba\\\/#website\"},\"primaryImageOfPage\":{\"@id\":\"https:\\\/\\\/radioljubuski.ba\\\/index.php\\\/2021\\\/06\\\/20\\\/crna-kutija-od-2022-obvezna-u-svim-novim-automobilima-u-eu\\\/#primaryimage\"},\"image\":{\"@id\":\"https:\\\/\\\/radioljubuski.ba\\\/index.php\\\/2021\\\/06\\\/20\\\/crna-kutija-od-2022-obvezna-u-svim-novim-automobilima-u-eu\\\/#primaryimage\"},\"thumbnailUrl\":\"https:\\\/\\\/radioljubuski.ba\\\/wp-content\\\/uploads\\\/2021\\\/06\\\/t-tvd2-crne-kutije-20210620175022.png\",\"datePublished\":\"2021-06-20T22:32:21+00:00\",\"dateModified\":\"2021-06-22T12:59:31+00:00\",\"breadcrumb\":{\"@id\":\"https:\\\/\\\/radioljubuski.ba\\\/index.php\\\/2021\\\/06\\\/20\\\/crna-kutija-od-2022-obvezna-u-svim-novim-automobilima-u-eu\\\/#breadcrumb\"},\"inLanguage\":\"hr\",\"potentialAction\":[{\"@type\":\"ReadAction\",\"target\":[\"https:\\\/\\\/radioljubuski.ba\\\/index.php\\\/2021\\\/06\\\/20\\\/crna-kutija-od-2022-obvezna-u-svim-novim-automobilima-u-eu\\\/\"]}]},{\"@type\":\"ImageObject\",\"inLanguage\":\"hr\",\"@id\":\"https:\\\/\\\/radioljubuski.ba\\\/index.php\\\/2021\\\/06\\\/20\\\/crna-kutija-od-2022-obvezna-u-svim-novim-automobilima-u-eu\\\/#primaryimage\",\"url\":\"https:\\\/\\\/radioljubuski.ba\\\/wp-content\\\/uploads\\\/2021\\\/06\\\/t-tvd2-crne-kutije-20210620175022.png\",\"contentUrl\":\"https:\\\/\\\/radioljubuski.ba\\\/wp-content\\\/uploads\\\/2021\\\/06\\\/t-tvd2-crne-kutije-20210620175022.png\",\"width\":1920,\"height\":1080},{\"@type\":\"BreadcrumbList\",\"@id\":\"https:\\\/\\\/radioljubuski.ba\\\/index.php\\\/2021\\\/06\\\/20\\\/crna-kutija-od-2022-obvezna-u-svim-novim-automobilima-u-eu\\\/#breadcrumb\",\"itemListElement\":[{\"@type\":\"ListItem\",\"position\":1,\"name\":\"Po\u010detna stranica\",\"item\":\"https:\\\/\\\/radioljubuski.ba\\\/\"},{\"@type\":\"ListItem\",\"position\":2,\"name\":\"Crna kutija od 2022. obvezna u svim novim automobilima u EU\"}]},{\"@type\":\"WebSite\",\"@id\":\"https:\\\/\\\/radioljubuski.ba\\\/#website\",\"url\":\"https:\\\/\\\/radioljubuski.ba\\\/\",\"name\":\"Radio Ljubu\u0161ki\",\"description\":\"Sun\u010dana frekvencija Hercegovine\",\"publisher\":{\"@id\":\"https:\\\/\\\/radioljubuski.ba\\\/#organization\"},\"potentialAction\":[{\"@type\":\"SearchAction\",\"target\":{\"@type\":\"EntryPoint\",\"urlTemplate\":\"https:\\\/\\\/radioljubuski.ba\\\/?s={search_term_string}\"},\"query-input\":{\"@type\":\"PropertyValueSpecification\",\"valueRequired\":true,\"valueName\":\"search_term_string\"}}],\"inLanguage\":\"hr\"},{\"@type\":\"Organization\",\"@id\":\"https:\\\/\\\/radioljubuski.ba\\\/#organization\",\"name\":\"Radio Ljubu\u0161ki\",\"url\":\"https:\\\/\\\/radioljubuski.ba\\\/\",\"logo\":{\"@type\":\"ImageObject\",\"inLanguage\":\"hr\",\"@id\":\"https:\\\/\\\/radioljubuski.ba\\\/#\\\/schema\\\/logo\\\/image\\\/\",\"url\":\"https:\\\/\\\/radioljubuski.ba\\\/wp-content\\\/uploads\\\/2021\\\/02\\\/cropped-Radio_Ljubuski_logo1.jpg\",\"contentUrl\":\"https:\\\/\\\/radioljubuski.ba\\\/wp-content\\\/uploads\\\/2021\\\/02\\\/cropped-Radio_Ljubuski_logo1.jpg\",\"width\":512,\"height\":512,\"caption\":\"Radio Ljubu\u0161ki\"},\"image\":{\"@id\":\"https:\\\/\\\/radioljubuski.ba\\\/#\\\/schema\\\/logo\\\/image\\\/\"},\"sameAs\":[\"https:\\\/\\\/www.facebook.com\\\/Radiio-Ljubuski-1490835324566332\",\"https:\\\/\\\/x.com\\\/radioljubuski\",\"https:\\\/\\\/hr.linkedin.com\\\/company\\\/radio-ljubuski\",\"https:\\\/\\\/www.youtube.com\\\/channel\\\/UCHYaeO_n0Db3tjNGudGpXyw\"]},{\"@type\":\"Person\",\"@id\":\"https:\\\/\\\/radioljubuski.ba\\\/#\\\/schema\\\/person\\\/19fc700381a780f69665d7956c469e3b\",\"name\":\"Radio Ljubu\u0161ki\"}]}<\/script>\n<!-- \/ Yoast SEO plugin. -->","yoast_head_json":{"title":"Crna kutija od 2022. obvezna u svim novim automobilima u EU - RADIO LJUBU\u0160KI","robots":{"index":"index","follow":"follow","max-snippet":"max-snippet:-1","max-image-preview":"max-image-preview:large","max-video-preview":"max-video-preview:-1"},"canonical":"https:\/\/radioljubuski.ba\/index.php\/2021\/06\/20\/crna-kutija-od-2022-obvezna-u-svim-novim-automobilima-u-eu\/","og_locale":"hr_HR","og_type":"article","og_title":"Crna kutija od 2022. obvezna u svim novim automobilima u EU - RADIO LJUBU\u0160KI","og_description":"Iako je posljednjih godina, ponajprije kao posljedica sve rigoroznijeg ka\u017enjavanja, zabilje\u017een trend smanjenja broja prometnih nesre\u0107a pa i poginulih i ozlije\u0111enih na na\u0161im cestama, ovogodi\u0161nji podaci ponovno zabrinjavaju. Samo u prvih pet mjeseci na prometnicama poginule su 91 osoba. No Hrvatska tu nije iznimka u Europskoj uniji,&nbsp; koja od idu\u0107e godine uvodi promjene koje \u0107e [&hellip;]","og_url":"https:\/\/radioljubuski.ba\/index.php\/2021\/06\/20\/crna-kutija-od-2022-obvezna-u-svim-novim-automobilima-u-eu\/","og_site_name":"RADIO LJUBU\u0160KI","article_publisher":"https:\/\/www.facebook.com\/Radiio-Ljubuski-1490835324566332","article_published_time":"2021-06-20T22:32:21+00:00","article_modified_time":"2021-06-22T12:59:31+00:00","og_image":[{"width":1024,"height":576,"url":"https:\/\/radioljubuski.ba\/wp-content\/uploads\/2021\/06\/t-tvd2-crne-kutije-20210620175022-1024x576.png","type":"image\/png"}],"author":"Radio Ljubu\u0161ki","twitter_card":"summary_large_image","twitter_creator":"@radioljubuski","twitter_site":"@radioljubuski","twitter_misc":{"Napisao\/la":"Radio Ljubu\u0161ki","Procijenjeno vrijeme \u010ditanja":"2 minute"},"schema":{"@context":"https:\/\/schema.org","@graph":[{"@type":"Article","@id":"https:\/\/radioljubuski.ba\/index.php\/2021\/06\/20\/crna-kutija-od-2022-obvezna-u-svim-novim-automobilima-u-eu\/#article","isPartOf":{"@id":"https:\/\/radioljubuski.ba\/index.php\/2021\/06\/20\/crna-kutija-od-2022-obvezna-u-svim-novim-automobilima-u-eu\/"},"author":{"name":"Radio Ljubu\u0161ki","@id":"https:\/\/radioljubuski.ba\/#\/schema\/person\/19fc700381a780f69665d7956c469e3b"},"headline":"Crna kutija od 2022. obvezna u svim novim automobilima u EU","datePublished":"2021-06-20T22:32:21+00:00","dateModified":"2021-06-22T12:59:31+00:00","mainEntityOfPage":{"@id":"https:\/\/radioljubuski.ba\/index.php\/2021\/06\/20\/crna-kutija-od-2022-obvezna-u-svim-novim-automobilima-u-eu\/"},"wordCount":435,"publisher":{"@id":"https:\/\/radioljubuski.ba\/#organization"},"image":{"@id":"https:\/\/radioljubuski.ba\/index.php\/2021\/06\/20\/crna-kutija-od-2022-obvezna-u-svim-novim-automobilima-u-eu\/#primaryimage"},"thumbnailUrl":"https:\/\/radioljubuski.ba\/wp-content\/uploads\/2021\/06\/t-tvd2-crne-kutije-20210620175022.png","articleSection":["BIH i regija"],"inLanguage":"hr"},{"@type":"WebPage","@id":"https:\/\/radioljubuski.ba\/index.php\/2021\/06\/20\/crna-kutija-od-2022-obvezna-u-svim-novim-automobilima-u-eu\/","url":"https:\/\/radioljubuski.ba\/index.php\/2021\/06\/20\/crna-kutija-od-2022-obvezna-u-svim-novim-automobilima-u-eu\/","name":"Crna kutija od 2022. obvezna u svim novim automobilima u EU - RADIO LJUBU\u0160KI","isPartOf":{"@id":"https:\/\/radioljubuski.ba\/#website"},"primaryImageOfPage":{"@id":"https:\/\/radioljubuski.ba\/index.php\/2021\/06\/20\/crna-kutija-od-2022-obvezna-u-svim-novim-automobilima-u-eu\/#primaryimage"},"image":{"@id":"https:\/\/radioljubuski.ba\/index.php\/2021\/06\/20\/crna-kutija-od-2022-obvezna-u-svim-novim-automobilima-u-eu\/#primaryimage"},"thumbnailUrl":"https:\/\/radioljubuski.ba\/wp-content\/uploads\/2021\/06\/t-tvd2-crne-kutije-20210620175022.png","datePublished":"2021-06-20T22:32:21+00:00","dateModified":"2021-06-22T12:59:31+00:00","breadcrumb":{"@id":"https:\/\/radioljubuski.ba\/index.php\/2021\/06\/20\/crna-kutija-od-2022-obvezna-u-svim-novim-automobilima-u-eu\/#breadcrumb"},"inLanguage":"hr","potentialAction":[{"@type":"ReadAction","target":["https:\/\/radioljubuski.ba\/index.php\/2021\/06\/20\/crna-kutija-od-2022-obvezna-u-svim-novim-automobilima-u-eu\/"]}]},{"@type":"ImageObject","inLanguage":"hr","@id":"https:\/\/radioljubuski.ba\/index.php\/2021\/06\/20\/crna-kutija-od-2022-obvezna-u-svim-novim-automobilima-u-eu\/#primaryimage","url":"https:\/\/radioljubuski.ba\/wp-content\/uploads\/2021\/06\/t-tvd2-crne-kutije-20210620175022.png","contentUrl":"https:\/\/radioljubuski.ba\/wp-content\/uploads\/2021\/06\/t-tvd2-crne-kutije-20210620175022.png","width":1920,"height":1080},{"@type":"BreadcrumbList","@id":"https:\/\/radioljubuski.ba\/index.php\/2021\/06\/20\/crna-kutija-od-2022-obvezna-u-svim-novim-automobilima-u-eu\/#breadcrumb","itemListElement":[{"@type":"ListItem","position":1,"name":"Po\u010detna stranica","item":"https:\/\/radioljubuski.ba\/"},{"@type":"ListItem","position":2,"name":"Crna kutija od 2022. obvezna u svim novim automobilima u EU"}]},{"@type":"WebSite","@id":"https:\/\/radioljubuski.ba\/#website","url":"https:\/\/radioljubuski.ba\/","name":"Radio Ljubu\u0161ki","description":"Sun\u010dana frekvencija Hercegovine","publisher":{"@id":"https:\/\/radioljubuski.ba\/#organization"},"potentialAction":[{"@type":"SearchAction","target":{"@type":"EntryPoint","urlTemplate":"https:\/\/radioljubuski.ba\/?s={search_term_string}"},"query-input":{"@type":"PropertyValueSpecification","valueRequired":true,"valueName":"search_term_string"}}],"inLanguage":"hr"},{"@type":"Organization","@id":"https:\/\/radioljubuski.ba\/#organization","name":"Radio Ljubu\u0161ki","url":"https:\/\/radioljubuski.ba\/","logo":{"@type":"ImageObject","inLanguage":"hr","@id":"https:\/\/radioljubuski.ba\/#\/schema\/logo\/image\/","url":"https:\/\/radioljubuski.ba\/wp-content\/uploads\/2021\/02\/cropped-Radio_Ljubuski_logo1.jpg","contentUrl":"https:\/\/radioljubuski.ba\/wp-content\/uploads\/2021\/02\/cropped-Radio_Ljubuski_logo1.jpg","width":512,"height":512,"caption":"Radio Ljubu\u0161ki"},"image":{"@id":"https:\/\/radioljubuski.ba\/#\/schema\/logo\/image\/"},"sameAs":["https:\/\/www.facebook.com\/Radiio-Ljubuski-1490835324566332","https:\/\/x.com\/radioljubuski","https:\/\/hr.linkedin.com\/company\/radio-ljubuski","https:\/\/www.youtube.com\/channel\/UCHYaeO_n0Db3tjNGudGpXyw"]},{"@type":"Person","@id":"https:\/\/radioljubuski.ba\/#\/schema\/person\/19fc700381a780f69665d7956c469e3b","name":"Radio Ljubu\u0161ki"}]}},"_links":{"self":[{"href":"https:\/\/radioljubuski.ba\/index.php\/wp-json\/wp\/v2\/posts\/34323","targetHints":{"allow":["GET"]}}],"collection":[{"href":"https:\/\/radioljubuski.ba\/index.php\/wp-json\/wp\/v2\/posts"}],"about":[{"href":"https:\/\/radioljubuski.ba\/index.php\/wp-json\/wp\/v2\/types\/post"}],"author":[{"embeddable":true,"href":"https:\/\/radioljubuski.ba\/index.php\/wp-json\/wp\/v2\/users\/2"}],"replies":[{"embeddable":true,"href":"https:\/\/radioljubuski.ba\/index.php\/wp-json\/wp\/v2\/comments?post=34323"}],"version-history":[{"count":2,"href":"https:\/\/radioljubuski.ba\/index.php\/wp-json\/wp\/v2\/posts\/34323\/revisions"}],"predecessor-version":[{"id":34388,"href":"https:\/\/radioljubuski.ba\/index.php\/wp-json\/wp\/v2\/posts\/34323\/revisions\/34388"}],"wp:featuredmedia":[{"embeddable":true,"href":"https:\/\/radioljubuski.ba\/index.php\/wp-json\/wp\/v2\/media\/34324"}],"wp:attachment":[{"href":"https:\/\/radioljubuski.ba\/index.php\/wp-json\/wp\/v2\/media?parent=34323"}],"wp:term":[{"taxonomy":"category","embeddable":true,"href":"https:\/\/radioljubuski.ba\/index.php\/wp-json\/wp\/v2\/categories?post=34323"},{"taxonomy":"post_tag","embeddable":true,"href":"https:\/\/radioljubuski.ba\/index.php\/wp-json\/wp\/v2\/tags?post=34323"}],"curies":[{"name":"wp","href":"https:\/\/api.w.org\/{rel}","templated":true}]}}