{"id":34353,"date":"2021-06-20T23:49:14","date_gmt":"2021-06-20T22:49:14","guid":{"rendered":"https:\/\/radioljubuski.ba\/?p=34353"},"modified":"2021-06-20T23:49:15","modified_gmt":"2021-06-20T22:49:15","slug":"verstappen-slavio-ispred-hamiltona","status":"publish","type":"post","link":"https:\/\/radioljubuski.ba\/index.php\/2021\/06\/20\/verstappen-slavio-ispred-hamiltona\/","title":{"rendered":"Verstappen slavio ispred Hamiltona"},"content":{"rendered":"\n<p><strong>Nizozemac Max Verstappen u Red Bullu pobjednik je VN Francuske u Le Castelletu, sedme utrke svjetskog prvenstva formule 1.<\/strong><\/p>\n\n\n\n<p>Verstappenu je to tre\u0107a pobjeda ove sezone i 13. u karijeri. Drugi je bio svjetski prvak Britanac&nbsp;<strong>Lewis Hamilton<\/strong>&nbsp;(Mercedes), dok je tre\u0107e mjesto osvojio Meksikanac&nbsp;<strong>Sergio Perez&nbsp;<\/strong>u Red Bullu.<br><br>Premda je u drugom zavoju utrke ostao bez vodstva, Nizozemac je zahvaljuju\u0107i sjajnoj vo\u017enji, ali i dobroj taktici Red Bulla uspio poraziti Hamiltona, a do pobjede je stigao nakon \u0161to je krug i pol pre kraja pretekao aktualnog svjetskog prvaka.<br><br>Za razliku od Britanca u Mercedesu, Nizozemac je koristio strategiju s dva odlaska u boks, \u0161to se pokazalo dobitnom formulom.<br><br>&#8211; Na kraju se isplatilo napraviti dva zaustavljanja. Dosad smo se \u017eestoko borili jedni protiv drugih. Mislim da \u0107e tako ostati do kraja sezone, rekao je Nizozemac, misle\u0107i na dvoboj s Mercedesom.<br><br>&#8211; Na kraju sam jednostavno ostao bez guma. Ve\u0107inu vremena izgubili smo od Red Bulla na ravninama. Moramo otkriti za\u0161to je to tako, dodao je Hamilton.<br><br>Utrka je odr\u017eana pred 15.000 gledatelja \u0161to je \u010dini najva\u017enijim sportskim doga\u0111ajem organiziranim u Francuskoj od po\u010detka pandemije Covid-19.<br><br>Dana\u0161njim uspjehom Nizozemac je pove\u0107ao svoje vodstvo u ukupnom poretku. Sada vodi sa 131 bodom, dok Hamilton drugi sa 119 bodova.<br><br>Idu\u0107a utrka je za tjedan dana na Red Bull Ringu u Spielbergu, a bit \u0107e to VN \u0160tajerske. Sedam dana kanije Formula 1 se ponovo vra\u0107a u Spielberg na VN Austrije.<br><br>REZULTATI:<br>1. Max Verstappen (Niz\/Red Bull-Honda) 1 h 27:25.770<br>2. Lewis Hamilton (VB\/Mercedes) + 2.904<br>3. Sergio P\u00e9rez (Mek\/Red Bull-Honda) + 8.811<br>4. Valtteri Bottas (Fin\/Mercedes) + 14.618<br>5. Lando Norris (VB\/McLaren-Mercedes) + 1:04.032<br>6. Daniel Ricciardo (Aus\/McLaren-Mercedes) + 1:15.857<br>7. Pierre Gasly (Fra\/AlphaTauri-Honda) + 1:16.596<br>8. Fernando Alonso (\u0160pa\/Alpine-Renault) + 1:17.695<br>9. Sebastian Vettel (Njem\/Aston Martin) + 1:19.666<br>10. Lance Stroll (Kan\/Aston Martin) + 1:31.946&#8230;<br><br>VOZA\u010cI:<br>1. Max Verstappen (Niz) 131<br>2. Lewis Hamilton (VB) 119<br>3. Sergio Peres (Mek) 84<br>4. Lando Norris (VB) 76<br>5. Valtteri Bottas (Fin) 59&#8230;<br><br>KONSTRUKTORI:<br>1. Red Bull 215<br>2. Mercedes 178<br>3. McLaren 110<br>4. Ferrari 94<br>5. AlphaTauri 45&#8230;<\/p>\n\n\n\n<p>Izvor:hrt.hr<\/p>\n","protected":false},"excerpt":{"rendered":"<p>Nizozemac Max Verstappen u Red Bullu pobjednik je VN Francuske u Le Castelletu, sedme utrke svjetskog prvenstva formule 1. Verstappenu je to tre\u0107a pobjeda ove sezone i 13. u karijeri. Drugi je bio svjetski prvak Britanac&nbsp;Lewis Hamilton&nbsp;(Mercedes), dok je tre\u0107e mjesto osvojio Meksikanac&nbsp;Sergio Perez&nbsp;u Red Bullu. Premda je u drugom zavoju utrke ostao bez vodstva, [&hellip;]<\/p>\n","protected":false},"author":2,"featured_media":34354,"comment_status":"closed","ping_status":"closed","sticky":false,"template":"","format":"standard","meta":{"h5ap_radio_sources":[],"footnotes":""},"categories":[7],"tags":[],"class_list":["post-34353","post","type-post","status-publish","format-standard","has-post-thumbnail","hentry","category-sport"],"yoast_head":"<!-- This site is optimized with the Yoast SEO plugin v27.5 - https:\/\/yoast.com\/product\/yoast-seo-wordpress\/ -->\n<title>Verstappen slavio ispred Hamiltona - RADIO LJUBU\u0160KI<\/title>\n<meta name=\"robots\" content=\"index, follow, max-snippet:-1, max-image-preview:large, max-video-preview:-1\" \/>\n<link rel=\"canonical\" href=\"https:\/\/radioljubuski.ba\/index.php\/2021\/06\/20\/verstappen-slavio-ispred-hamiltona\/\" \/>\n<meta property=\"og:locale\" content=\"hr_HR\" \/>\n<meta property=\"og:type\" content=\"article\" \/>\n<meta property=\"og:title\" content=\"Verstappen slavio ispred Hamiltona - RADIO LJUBU\u0160KI\" \/>\n<meta property=\"og:description\" content=\"Nizozemac Max Verstappen u Red Bullu pobjednik je VN Francuske u Le Castelletu, sedme utrke svjetskog prvenstva formule 1. Verstappenu je to tre\u0107a pobjeda ove sezone i 13. u karijeri. Drugi je bio svjetski prvak Britanac&nbsp;Lewis Hamilton&nbsp;(Mercedes), dok je tre\u0107e mjesto osvojio Meksikanac&nbsp;Sergio Perez&nbsp;u Red Bullu. Premda je u drugom zavoju utrke ostao bez vodstva, [&hellip;]\" \/>\n<meta property=\"og:url\" content=\"https:\/\/radioljubuski.ba\/index.php\/2021\/06\/20\/verstappen-slavio-ispred-hamiltona\/\" \/>\n<meta property=\"og:site_name\" content=\"RADIO LJUBU\u0160KI\" \/>\n<meta property=\"article:publisher\" content=\"https:\/\/www.facebook.com\/Radiio-Ljubuski-1490835324566332\" \/>\n<meta property=\"article:published_time\" content=\"2021-06-20T22:49:14+00:00\" \/>\n<meta property=\"article:modified_time\" content=\"2021-06-20T22:49:15+00:00\" \/>\n<meta property=\"og:image\" content=\"https:\/\/radioljubuski.ba\/wp-content\/uploads\/2021\/06\/Max33Honda.jpg\" \/>\n\t<meta property=\"og:image:width\" content=\"1280\" \/>\n\t<meta property=\"og:image:height\" content=\"854\" \/>\n\t<meta property=\"og:image:type\" content=\"image\/jpeg\" \/>\n<meta name=\"author\" content=\"Radio Ljubu\u0161ki\" \/>\n<meta name=\"twitter:card\" content=\"summary_large_image\" \/>\n<meta name=\"twitter:creator\" content=\"@radioljubuski\" \/>\n<meta name=\"twitter:site\" content=\"@radioljubuski\" \/>\n<meta name=\"twitter:label1\" content=\"Napisao\/la\" \/>\n\t<meta name=\"twitter:data1\" content=\"Radio Ljubu\u0161ki\" \/>\n\t<meta name=\"twitter:label2\" content=\"Procijenjeno vrijeme \u010ditanja\" \/>\n\t<meta name=\"twitter:data2\" content=\"2 minute\" \/>\n<script type=\"application\/ld+json\" class=\"yoast-schema-graph\">{\"@context\":\"https:\\\/\\\/schema.org\",\"@graph\":[{\"@type\":\"Article\",\"@id\":\"https:\\\/\\\/radioljubuski.ba\\\/index.php\\\/2021\\\/06\\\/20\\\/verstappen-slavio-ispred-hamiltona\\\/#article\",\"isPartOf\":{\"@id\":\"https:\\\/\\\/radioljubuski.ba\\\/index.php\\\/2021\\\/06\\\/20\\\/verstappen-slavio-ispred-hamiltona\\\/\"},\"author\":{\"name\":\"Radio Ljubu\u0161ki\",\"@id\":\"https:\\\/\\\/radioljubuski.ba\\\/#\\\/schema\\\/person\\\/19fc700381a780f69665d7956c469e3b\"},\"headline\":\"Verstappen slavio ispred Hamiltona\",\"datePublished\":\"2021-06-20T22:49:14+00:00\",\"dateModified\":\"2021-06-20T22:49:15+00:00\",\"mainEntityOfPage\":{\"@id\":\"https:\\\/\\\/radioljubuski.ba\\\/index.php\\\/2021\\\/06\\\/20\\\/verstappen-slavio-ispred-hamiltona\\\/\"},\"wordCount\":330,\"publisher\":{\"@id\":\"https:\\\/\\\/radioljubuski.ba\\\/#organization\"},\"image\":{\"@id\":\"https:\\\/\\\/radioljubuski.ba\\\/index.php\\\/2021\\\/06\\\/20\\\/verstappen-slavio-ispred-hamiltona\\\/#primaryimage\"},\"thumbnailUrl\":\"https:\\\/\\\/radioljubuski.ba\\\/wp-content\\\/uploads\\\/2021\\\/06\\\/Max33Honda.jpg\",\"articleSection\":[\"\u0160port\"],\"inLanguage\":\"hr\"},{\"@type\":\"WebPage\",\"@id\":\"https:\\\/\\\/radioljubuski.ba\\\/index.php\\\/2021\\\/06\\\/20\\\/verstappen-slavio-ispred-hamiltona\\\/\",\"url\":\"https:\\\/\\\/radioljubuski.ba\\\/index.php\\\/2021\\\/06\\\/20\\\/verstappen-slavio-ispred-hamiltona\\\/\",\"name\":\"Verstappen slavio ispred Hamiltona - RADIO LJUBU\u0160KI\",\"isPartOf\":{\"@id\":\"https:\\\/\\\/radioljubuski.ba\\\/#website\"},\"primaryImageOfPage\":{\"@id\":\"https:\\\/\\\/radioljubuski.ba\\\/index.php\\\/2021\\\/06\\\/20\\\/verstappen-slavio-ispred-hamiltona\\\/#primaryimage\"},\"image\":{\"@id\":\"https:\\\/\\\/radioljubuski.ba\\\/index.php\\\/2021\\\/06\\\/20\\\/verstappen-slavio-ispred-hamiltona\\\/#primaryimage\"},\"thumbnailUrl\":\"https:\\\/\\\/radioljubuski.ba\\\/wp-content\\\/uploads\\\/2021\\\/06\\\/Max33Honda.jpg\",\"datePublished\":\"2021-06-20T22:49:14+00:00\",\"dateModified\":\"2021-06-20T22:49:15+00:00\",\"breadcrumb\":{\"@id\":\"https:\\\/\\\/radioljubuski.ba\\\/index.php\\\/2021\\\/06\\\/20\\\/verstappen-slavio-ispred-hamiltona\\\/#breadcrumb\"},\"inLanguage\":\"hr\",\"potentialAction\":[{\"@type\":\"ReadAction\",\"target\":[\"https:\\\/\\\/radioljubuski.ba\\\/index.php\\\/2021\\\/06\\\/20\\\/verstappen-slavio-ispred-hamiltona\\\/\"]}]},{\"@type\":\"ImageObject\",\"inLanguage\":\"hr\",\"@id\":\"https:\\\/\\\/radioljubuski.ba\\\/index.php\\\/2021\\\/06\\\/20\\\/verstappen-slavio-ispred-hamiltona\\\/#primaryimage\",\"url\":\"https:\\\/\\\/radioljubuski.ba\\\/wp-content\\\/uploads\\\/2021\\\/06\\\/Max33Honda.jpg\",\"contentUrl\":\"https:\\\/\\\/radioljubuski.ba\\\/wp-content\\\/uploads\\\/2021\\\/06\\\/Max33Honda.jpg\",\"width\":1280,\"height\":854},{\"@type\":\"BreadcrumbList\",\"@id\":\"https:\\\/\\\/radioljubuski.ba\\\/index.php\\\/2021\\\/06\\\/20\\\/verstappen-slavio-ispred-hamiltona\\\/#breadcrumb\",\"itemListElement\":[{\"@type\":\"ListItem\",\"position\":1,\"name\":\"Po\u010detna stranica\",\"item\":\"https:\\\/\\\/radioljubuski.ba\\\/\"},{\"@type\":\"ListItem\",\"position\":2,\"name\":\"Verstappen slavio ispred Hamiltona\"}]},{\"@type\":\"WebSite\",\"@id\":\"https:\\\/\\\/radioljubuski.ba\\\/#website\",\"url\":\"https:\\\/\\\/radioljubuski.ba\\\/\",\"name\":\"Radio Ljubu\u0161ki\",\"description\":\"Sun\u010dana frekvencija Hercegovine\",\"publisher\":{\"@id\":\"https:\\\/\\\/radioljubuski.ba\\\/#organization\"},\"potentialAction\":[{\"@type\":\"SearchAction\",\"target\":{\"@type\":\"EntryPoint\",\"urlTemplate\":\"https:\\\/\\\/radioljubuski.ba\\\/?s={search_term_string}\"},\"query-input\":{\"@type\":\"PropertyValueSpecification\",\"valueRequired\":true,\"valueName\":\"search_term_string\"}}],\"inLanguage\":\"hr\"},{\"@type\":\"Organization\",\"@id\":\"https:\\\/\\\/radioljubuski.ba\\\/#organization\",\"name\":\"Radio Ljubu\u0161ki\",\"url\":\"https:\\\/\\\/radioljubuski.ba\\\/\",\"logo\":{\"@type\":\"ImageObject\",\"inLanguage\":\"hr\",\"@id\":\"https:\\\/\\\/radioljubuski.ba\\\/#\\\/schema\\\/logo\\\/image\\\/\",\"url\":\"https:\\\/\\\/radioljubuski.ba\\\/wp-content\\\/uploads\\\/2021\\\/02\\\/cropped-Radio_Ljubuski_logo1.jpg\",\"contentUrl\":\"https:\\\/\\\/radioljubuski.ba\\\/wp-content\\\/uploads\\\/2021\\\/02\\\/cropped-Radio_Ljubuski_logo1.jpg\",\"width\":512,\"height\":512,\"caption\":\"Radio Ljubu\u0161ki\"},\"image\":{\"@id\":\"https:\\\/\\\/radioljubuski.ba\\\/#\\\/schema\\\/logo\\\/image\\\/\"},\"sameAs\":[\"https:\\\/\\\/www.facebook.com\\\/Radiio-Ljubuski-1490835324566332\",\"https:\\\/\\\/x.com\\\/radioljubuski\",\"https:\\\/\\\/hr.linkedin.com\\\/company\\\/radio-ljubuski\",\"https:\\\/\\\/www.youtube.com\\\/channel\\\/UCHYaeO_n0Db3tjNGudGpXyw\"]},{\"@type\":\"Person\",\"@id\":\"https:\\\/\\\/radioljubuski.ba\\\/#\\\/schema\\\/person\\\/19fc700381a780f69665d7956c469e3b\",\"name\":\"Radio Ljubu\u0161ki\"}]}<\/script>\n<!-- \/ Yoast SEO plugin. -->","yoast_head_json":{"title":"Verstappen slavio ispred Hamiltona - RADIO LJUBU\u0160KI","robots":{"index":"index","follow":"follow","max-snippet":"max-snippet:-1","max-image-preview":"max-image-preview:large","max-video-preview":"max-video-preview:-1"},"canonical":"https:\/\/radioljubuski.ba\/index.php\/2021\/06\/20\/verstappen-slavio-ispred-hamiltona\/","og_locale":"hr_HR","og_type":"article","og_title":"Verstappen slavio ispred Hamiltona - RADIO LJUBU\u0160KI","og_description":"Nizozemac Max Verstappen u Red Bullu pobjednik je VN Francuske u Le Castelletu, sedme utrke svjetskog prvenstva formule 1. Verstappenu je to tre\u0107a pobjeda ove sezone i 13. u karijeri. Drugi je bio svjetski prvak Britanac&nbsp;Lewis Hamilton&nbsp;(Mercedes), dok je tre\u0107e mjesto osvojio Meksikanac&nbsp;Sergio Perez&nbsp;u Red Bullu. Premda je u drugom zavoju utrke ostao bez vodstva, [&hellip;]","og_url":"https:\/\/radioljubuski.ba\/index.php\/2021\/06\/20\/verstappen-slavio-ispred-hamiltona\/","og_site_name":"RADIO LJUBU\u0160KI","article_publisher":"https:\/\/www.facebook.com\/Radiio-Ljubuski-1490835324566332","article_published_time":"2021-06-20T22:49:14+00:00","article_modified_time":"2021-06-20T22:49:15+00:00","og_image":[{"width":1280,"height":854,"url":"https:\/\/radioljubuski.ba\/wp-content\/uploads\/2021\/06\/Max33Honda.jpg","type":"image\/jpeg"}],"author":"Radio Ljubu\u0161ki","twitter_card":"summary_large_image","twitter_creator":"@radioljubuski","twitter_site":"@radioljubuski","twitter_misc":{"Napisao\/la":"Radio Ljubu\u0161ki","Procijenjeno vrijeme \u010ditanja":"2 minute"},"schema":{"@context":"https:\/\/schema.org","@graph":[{"@type":"Article","@id":"https:\/\/radioljubuski.ba\/index.php\/2021\/06\/20\/verstappen-slavio-ispred-hamiltona\/#article","isPartOf":{"@id":"https:\/\/radioljubuski.ba\/index.php\/2021\/06\/20\/verstappen-slavio-ispred-hamiltona\/"},"author":{"name":"Radio Ljubu\u0161ki","@id":"https:\/\/radioljubuski.ba\/#\/schema\/person\/19fc700381a780f69665d7956c469e3b"},"headline":"Verstappen slavio ispred Hamiltona","datePublished":"2021-06-20T22:49:14+00:00","dateModified":"2021-06-20T22:49:15+00:00","mainEntityOfPage":{"@id":"https:\/\/radioljubuski.ba\/index.php\/2021\/06\/20\/verstappen-slavio-ispred-hamiltona\/"},"wordCount":330,"publisher":{"@id":"https:\/\/radioljubuski.ba\/#organization"},"image":{"@id":"https:\/\/radioljubuski.ba\/index.php\/2021\/06\/20\/verstappen-slavio-ispred-hamiltona\/#primaryimage"},"thumbnailUrl":"https:\/\/radioljubuski.ba\/wp-content\/uploads\/2021\/06\/Max33Honda.jpg","articleSection":["\u0160port"],"inLanguage":"hr"},{"@type":"WebPage","@id":"https:\/\/radioljubuski.ba\/index.php\/2021\/06\/20\/verstappen-slavio-ispred-hamiltona\/","url":"https:\/\/radioljubuski.ba\/index.php\/2021\/06\/20\/verstappen-slavio-ispred-hamiltona\/","name":"Verstappen slavio ispred Hamiltona - RADIO LJUBU\u0160KI","isPartOf":{"@id":"https:\/\/radioljubuski.ba\/#website"},"primaryImageOfPage":{"@id":"https:\/\/radioljubuski.ba\/index.php\/2021\/06\/20\/verstappen-slavio-ispred-hamiltona\/#primaryimage"},"image":{"@id":"https:\/\/radioljubuski.ba\/index.php\/2021\/06\/20\/verstappen-slavio-ispred-hamiltona\/#primaryimage"},"thumbnailUrl":"https:\/\/radioljubuski.ba\/wp-content\/uploads\/2021\/06\/Max33Honda.jpg","datePublished":"2021-06-20T22:49:14+00:00","dateModified":"2021-06-20T22:49:15+00:00","breadcrumb":{"@id":"https:\/\/radioljubuski.ba\/index.php\/2021\/06\/20\/verstappen-slavio-ispred-hamiltona\/#breadcrumb"},"inLanguage":"hr","potentialAction":[{"@type":"ReadAction","target":["https:\/\/radioljubuski.ba\/index.php\/2021\/06\/20\/verstappen-slavio-ispred-hamiltona\/"]}]},{"@type":"ImageObject","inLanguage":"hr","@id":"https:\/\/radioljubuski.ba\/index.php\/2021\/06\/20\/verstappen-slavio-ispred-hamiltona\/#primaryimage","url":"https:\/\/radioljubuski.ba\/wp-content\/uploads\/2021\/06\/Max33Honda.jpg","contentUrl":"https:\/\/radioljubuski.ba\/wp-content\/uploads\/2021\/06\/Max33Honda.jpg","width":1280,"height":854},{"@type":"BreadcrumbList","@id":"https:\/\/radioljubuski.ba\/index.php\/2021\/06\/20\/verstappen-slavio-ispred-hamiltona\/#breadcrumb","itemListElement":[{"@type":"ListItem","position":1,"name":"Po\u010detna stranica","item":"https:\/\/radioljubuski.ba\/"},{"@type":"ListItem","position":2,"name":"Verstappen slavio ispred Hamiltona"}]},{"@type":"WebSite","@id":"https:\/\/radioljubuski.ba\/#website","url":"https:\/\/radioljubuski.ba\/","name":"Radio Ljubu\u0161ki","description":"Sun\u010dana frekvencija Hercegovine","publisher":{"@id":"https:\/\/radioljubuski.ba\/#organization"},"potentialAction":[{"@type":"SearchAction","target":{"@type":"EntryPoint","urlTemplate":"https:\/\/radioljubuski.ba\/?s={search_term_string}"},"query-input":{"@type":"PropertyValueSpecification","valueRequired":true,"valueName":"search_term_string"}}],"inLanguage":"hr"},{"@type":"Organization","@id":"https:\/\/radioljubuski.ba\/#organization","name":"Radio Ljubu\u0161ki","url":"https:\/\/radioljubuski.ba\/","logo":{"@type":"ImageObject","inLanguage":"hr","@id":"https:\/\/radioljubuski.ba\/#\/schema\/logo\/image\/","url":"https:\/\/radioljubuski.ba\/wp-content\/uploads\/2021\/02\/cropped-Radio_Ljubuski_logo1.jpg","contentUrl":"https:\/\/radioljubuski.ba\/wp-content\/uploads\/2021\/02\/cropped-Radio_Ljubuski_logo1.jpg","width":512,"height":512,"caption":"Radio Ljubu\u0161ki"},"image":{"@id":"https:\/\/radioljubuski.ba\/#\/schema\/logo\/image\/"},"sameAs":["https:\/\/www.facebook.com\/Radiio-Ljubuski-1490835324566332","https:\/\/x.com\/radioljubuski","https:\/\/hr.linkedin.com\/company\/radio-ljubuski","https:\/\/www.youtube.com\/channel\/UCHYaeO_n0Db3tjNGudGpXyw"]},{"@type":"Person","@id":"https:\/\/radioljubuski.ba\/#\/schema\/person\/19fc700381a780f69665d7956c469e3b","name":"Radio Ljubu\u0161ki"}]}},"_links":{"self":[{"href":"https:\/\/radioljubuski.ba\/index.php\/wp-json\/wp\/v2\/posts\/34353","targetHints":{"allow":["GET"]}}],"collection":[{"href":"https:\/\/radioljubuski.ba\/index.php\/wp-json\/wp\/v2\/posts"}],"about":[{"href":"https:\/\/radioljubuski.ba\/index.php\/wp-json\/wp\/v2\/types\/post"}],"author":[{"embeddable":true,"href":"https:\/\/radioljubuski.ba\/index.php\/wp-json\/wp\/v2\/users\/2"}],"replies":[{"embeddable":true,"href":"https:\/\/radioljubuski.ba\/index.php\/wp-json\/wp\/v2\/comments?post=34353"}],"version-history":[{"count":1,"href":"https:\/\/radioljubuski.ba\/index.php\/wp-json\/wp\/v2\/posts\/34353\/revisions"}],"predecessor-version":[{"id":34355,"href":"https:\/\/radioljubuski.ba\/index.php\/wp-json\/wp\/v2\/posts\/34353\/revisions\/34355"}],"wp:featuredmedia":[{"embeddable":true,"href":"https:\/\/radioljubuski.ba\/index.php\/wp-json\/wp\/v2\/media\/34354"}],"wp:attachment":[{"href":"https:\/\/radioljubuski.ba\/index.php\/wp-json\/wp\/v2\/media?parent=34353"}],"wp:term":[{"taxonomy":"category","embeddable":true,"href":"https:\/\/radioljubuski.ba\/index.php\/wp-json\/wp\/v2\/categories?post=34353"},{"taxonomy":"post_tag","embeddable":true,"href":"https:\/\/radioljubuski.ba\/index.php\/wp-json\/wp\/v2\/tags?post=34353"}],"curies":[{"name":"wp","href":"https:\/\/api.w.org\/{rel}","templated":true}]}}