{"id":34364,"date":"2021-06-21T00:21:19","date_gmt":"2021-06-20T23:21:19","guid":{"rendered":"https:\/\/radioljubuski.ba\/?p=34364"},"modified":"2021-06-21T00:26:37","modified_gmt":"2021-06-20T23:26:37","slug":"regionalni-izbori-u-francuskoj-test-za-desnic","status":"publish","type":"post","link":"https:\/\/radioljubuski.ba\/index.php\/2021\/06\/21\/regionalni-izbori-u-francuskoj-test-za-desnic\/","title":{"rendered":"Regionalni izbori u Francuskoj test za desnicu"},"content":{"rendered":"\n<p><strong>U Francuskoj se odr\u017eava prvi krug regionalnih izbora. Najva\u017enije je to ispitivanje snaga uo\u010di predsjedni\u010dkih izbora idu\u0107e godine na kojima \u0107e predsjednik Macron nastojati osigurati novi mandat. Izbori su test i za desnicu, njihovu \u010delnicu Marin Le Pen i njezin umjereniji imid\u017e. No sve prognoze mogao bi pomutiti rekordno nizak odaziv.<\/strong><\/p>\n\n\n\n<p>Francuska demokracija u krizi. Nikada manji odaziv na birali\u0161tima, gra\u0111ani nezainteresirani, umorni od pandemije, \u017eeljni sunca i dru\u0161tva, ali o\u010dito ne i politike.<br><br>&#8211; Do\u0161la sam u grad na ru\u010dak i tek sada shvatila da su izbori. Mislim da ne\u0107u iza\u0107i na glasanje. Iskreno re\u010deno, ni ne znam koji se to izbori odr\u017eavaju, ka\u017ee<strong>&nbsp;Marylin Malric,<\/strong>&nbsp;in\u017eenjerka.<br><br>Regionalni se izbori odr\u017eavaju svakih \u0161est godina, a regije imaju ograni\u010dene ovlasti jer je Francuska i dalje sna\u017eno centralizirana dr\u017eava. I uvijek se znalo \u010demu slu\u017ee lokalni izbori.<br><br>&#8211; Glavno pitanje trebalo bi biti ono koje se bavi lokalnim temama &#8211; socijalnim problemima, ali isto tako i za\u0161titom okoli\u0161a jer to je problem na\u0161e generacije. Svaka regija suo\u010dena je na svoj na\u010din s posljedicama pandemije i to je va\u017eno pitanje, rekla je<strong>&nbsp;Arianne Napoli<\/strong>, djelatnica u marketingu.<br><br>No vremena se mijenjaju, ba\u0161 kao i politi\u010dke silnice u Francuskoj. Nema vi\u0161e one stroge podjele na lijeve i desne, pa se tako mijenjaju i izborni programi &#8211; \u0161to mnoge bira\u010de ostavlja u \u010dudu.<br><br>&#8211; Kada vidim da lokalni politi\u010dari govore o zakonu o policiji, odnosno sigurnosti, ne svi\u0111a mi se taj pristup. To nije tema za regionalne izbore, to je tema za predsjedni\u010dke. Ne smijemo mije\u0161ati ovlasti, rekao je<strong>&nbsp;Emmanuel Barraud,<\/strong>&nbsp;re\u017eiser.<br><br>Donedavno zakleta ultradesni\u010darka,&nbsp;<strong>Marine Le Pen,&nbsp;<\/strong>promijenila je retoriku, nau\u010dila je gdje je grije\u0161ila u prethodnim kampanjama, ali i dalje igra na kartu nacionalnog ponosa i sigurnosti Francuza od stranaca. Potpuno suprotno od predsjednika Macrona.<br><br>&#8211; Mislim da bi bira\u010di vrlo lako mogli kazniti Macrona na ovim izborima jer kandidati koje je predlo\u017eio nisu sna\u017ene politi\u010dke osobe. Ali njihovi programi imaju svoju snagu i ideju, kazao j<strong>e Brice Teinturier, r<\/strong>avnatelj ISPOS-a.<br><br>Uz tako slab odaziv glasa\u010da, nema problema oko prebrojavanja pa bi se uskoro trebali znati i rezultati prvog kruga regionalnih izbora. Oni su test za predsjedni\u010dke izbore, koji \u0107e pokazati ima li Macron i dalje potporu bira\u010da.<\/p>\n\n\n\n<div style=\"width: 640px;\" class=\"wp-video\"><video class=\"wp-video-shortcode\" id=\"video-34364-1\" width=\"640\" height=\"360\" preload=\"metadata\" controls=\"controls\"><source type=\"video\/mp4\" src=\"https:\/\/api.hrt.hr\/media\/3f\/18\/dn3-200621-francuska-20210620203032.mp4?_=1\" \/><a href=\"https:\/\/api.hrt.hr\/media\/3f\/18\/dn3-200621-francuska-20210620203032.mp4\">https:\/\/api.hrt.hr\/media\/3f\/18\/dn3-200621-francuska-20210620203032.mp4<\/a><\/video><\/div>\n\n\n\n<p>Izvor:hrt.hr<\/p>\n","protected":false},"excerpt":{"rendered":"<p>U Francuskoj se odr\u017eava prvi krug regionalnih izbora. Najva\u017enije je to ispitivanje snaga uo\u010di predsjedni\u010dkih izbora idu\u0107e godine na kojima \u0107e predsjednik Macron nastojati osigurati novi mandat. Izbori su test i za desnicu, njihovu \u010delnicu Marin Le Pen i njezin umjereniji imid\u017e. No sve prognoze mogao bi pomutiti rekordno nizak odaziv. Francuska demokracija u krizi. [&hellip;]<\/p>\n","protected":false},"author":2,"featured_media":34365,"comment_status":"closed","ping_status":"closed","sticky":false,"template":"","format":"standard","meta":{"h5ap_radio_sources":[],"footnotes":""},"categories":[1],"tags":[],"class_list":["post-34364","post","type-post","status-publish","format-standard","has-post-thumbnail","hentry","category-bihiregija"],"yoast_head":"<!-- This site is optimized with the Yoast SEO plugin v27.5 - https:\/\/yoast.com\/product\/yoast-seo-wordpress\/ -->\n<title>Regionalni izbori u Francuskoj test za desnicu - RADIO LJUBU\u0160KI<\/title>\n<meta name=\"robots\" content=\"index, follow, max-snippet:-1, max-image-preview:large, max-video-preview:-1\" \/>\n<link rel=\"canonical\" href=\"https:\/\/radioljubuski.ba\/index.php\/2021\/06\/21\/regionalni-izbori-u-francuskoj-test-za-desnic\/\" \/>\n<meta property=\"og:locale\" content=\"hr_HR\" \/>\n<meta property=\"og:type\" content=\"article\" \/>\n<meta property=\"og:title\" content=\"Regionalni izbori u Francuskoj test za desnicu - RADIO LJUBU\u0160KI\" \/>\n<meta property=\"og:description\" content=\"U Francuskoj se odr\u017eava prvi krug regionalnih izbora. Najva\u017enije je to ispitivanje snaga uo\u010di predsjedni\u010dkih izbora idu\u0107e godine na kojima \u0107e predsjednik Macron nastojati osigurati novi mandat. Izbori su test i za desnicu, njihovu \u010delnicu Marin Le Pen i njezin umjereniji imid\u017e. No sve prognoze mogao bi pomutiti rekordno nizak odaziv. Francuska demokracija u krizi. [&hellip;]\" \/>\n<meta property=\"og:url\" content=\"https:\/\/radioljubuski.ba\/index.php\/2021\/06\/21\/regionalni-izbori-u-francuskoj-test-za-desnic\/\" \/>\n<meta property=\"og:site_name\" content=\"RADIO LJUBU\u0160KI\" \/>\n<meta property=\"article:publisher\" content=\"https:\/\/www.facebook.com\/Radiio-Ljubuski-1490835324566332\" \/>\n<meta property=\"article:published_time\" content=\"2021-06-20T23:21:19+00:00\" \/>\n<meta property=\"article:modified_time\" content=\"2021-06-20T23:26:37+00:00\" \/>\n<meta property=\"og:image\" content=\"https:\/\/radioljubuski.ba\/wp-content\/uploads\/2021\/06\/b_210620034.jpg\" \/>\n\t<meta property=\"og:image:width\" content=\"800\" \/>\n\t<meta property=\"og:image:height\" content=\"533\" \/>\n\t<meta property=\"og:image:type\" content=\"image\/jpeg\" \/>\n<meta name=\"author\" content=\"Radio Ljubu\u0161ki\" \/>\n<meta name=\"twitter:card\" content=\"summary_large_image\" \/>\n<meta name=\"twitter:creator\" content=\"@radioljubuski\" \/>\n<meta name=\"twitter:site\" content=\"@radioljubuski\" \/>\n<meta name=\"twitter:label1\" content=\"Napisao\/la\" \/>\n\t<meta name=\"twitter:data1\" content=\"Radio Ljubu\u0161ki\" \/>\n\t<meta name=\"twitter:label2\" content=\"Procijenjeno vrijeme \u010ditanja\" \/>\n\t<meta name=\"twitter:data2\" content=\"2 minute\" \/>\n<script type=\"application\/ld+json\" class=\"yoast-schema-graph\">{\"@context\":\"https:\\\/\\\/schema.org\",\"@graph\":[{\"@type\":\"Article\",\"@id\":\"https:\\\/\\\/radioljubuski.ba\\\/index.php\\\/2021\\\/06\\\/21\\\/regionalni-izbori-u-francuskoj-test-za-desnic\\\/#article\",\"isPartOf\":{\"@id\":\"https:\\\/\\\/radioljubuski.ba\\\/index.php\\\/2021\\\/06\\\/21\\\/regionalni-izbori-u-francuskoj-test-za-desnic\\\/\"},\"author\":{\"name\":\"Radio Ljubu\u0161ki\",\"@id\":\"https:\\\/\\\/radioljubuski.ba\\\/#\\\/schema\\\/person\\\/19fc700381a780f69665d7956c469e3b\"},\"headline\":\"Regionalni izbori u Francuskoj test za desnicu\",\"datePublished\":\"2021-06-20T23:21:19+00:00\",\"dateModified\":\"2021-06-20T23:26:37+00:00\",\"mainEntityOfPage\":{\"@id\":\"https:\\\/\\\/radioljubuski.ba\\\/index.php\\\/2021\\\/06\\\/21\\\/regionalni-izbori-u-francuskoj-test-za-desnic\\\/\"},\"wordCount\":439,\"publisher\":{\"@id\":\"https:\\\/\\\/radioljubuski.ba\\\/#organization\"},\"image\":{\"@id\":\"https:\\\/\\\/radioljubuski.ba\\\/index.php\\\/2021\\\/06\\\/21\\\/regionalni-izbori-u-francuskoj-test-za-desnic\\\/#primaryimage\"},\"thumbnailUrl\":\"https:\\\/\\\/radioljubuski.ba\\\/wp-content\\\/uploads\\\/2021\\\/06\\\/b_210620034.jpg\",\"articleSection\":[\"BIH i regija\"],\"inLanguage\":\"hr\"},{\"@type\":\"WebPage\",\"@id\":\"https:\\\/\\\/radioljubuski.ba\\\/index.php\\\/2021\\\/06\\\/21\\\/regionalni-izbori-u-francuskoj-test-za-desnic\\\/\",\"url\":\"https:\\\/\\\/radioljubuski.ba\\\/index.php\\\/2021\\\/06\\\/21\\\/regionalni-izbori-u-francuskoj-test-za-desnic\\\/\",\"name\":\"Regionalni izbori u Francuskoj test za desnicu - RADIO LJUBU\u0160KI\",\"isPartOf\":{\"@id\":\"https:\\\/\\\/radioljubuski.ba\\\/#website\"},\"primaryImageOfPage\":{\"@id\":\"https:\\\/\\\/radioljubuski.ba\\\/index.php\\\/2021\\\/06\\\/21\\\/regionalni-izbori-u-francuskoj-test-za-desnic\\\/#primaryimage\"},\"image\":{\"@id\":\"https:\\\/\\\/radioljubuski.ba\\\/index.php\\\/2021\\\/06\\\/21\\\/regionalni-izbori-u-francuskoj-test-za-desnic\\\/#primaryimage\"},\"thumbnailUrl\":\"https:\\\/\\\/radioljubuski.ba\\\/wp-content\\\/uploads\\\/2021\\\/06\\\/b_210620034.jpg\",\"datePublished\":\"2021-06-20T23:21:19+00:00\",\"dateModified\":\"2021-06-20T23:26:37+00:00\",\"breadcrumb\":{\"@id\":\"https:\\\/\\\/radioljubuski.ba\\\/index.php\\\/2021\\\/06\\\/21\\\/regionalni-izbori-u-francuskoj-test-za-desnic\\\/#breadcrumb\"},\"inLanguage\":\"hr\",\"potentialAction\":[{\"@type\":\"ReadAction\",\"target\":[\"https:\\\/\\\/radioljubuski.ba\\\/index.php\\\/2021\\\/06\\\/21\\\/regionalni-izbori-u-francuskoj-test-za-desnic\\\/\"]}]},{\"@type\":\"ImageObject\",\"inLanguage\":\"hr\",\"@id\":\"https:\\\/\\\/radioljubuski.ba\\\/index.php\\\/2021\\\/06\\\/21\\\/regionalni-izbori-u-francuskoj-test-za-desnic\\\/#primaryimage\",\"url\":\"https:\\\/\\\/radioljubuski.ba\\\/wp-content\\\/uploads\\\/2021\\\/06\\\/b_210620034.jpg\",\"contentUrl\":\"https:\\\/\\\/radioljubuski.ba\\\/wp-content\\\/uploads\\\/2021\\\/06\\\/b_210620034.jpg\",\"width\":800,\"height\":533},{\"@type\":\"BreadcrumbList\",\"@id\":\"https:\\\/\\\/radioljubuski.ba\\\/index.php\\\/2021\\\/06\\\/21\\\/regionalni-izbori-u-francuskoj-test-za-desnic\\\/#breadcrumb\",\"itemListElement\":[{\"@type\":\"ListItem\",\"position\":1,\"name\":\"Po\u010detna stranica\",\"item\":\"https:\\\/\\\/radioljubuski.ba\\\/\"},{\"@type\":\"ListItem\",\"position\":2,\"name\":\"Regionalni izbori u Francuskoj test za desnicu\"}]},{\"@type\":\"WebSite\",\"@id\":\"https:\\\/\\\/radioljubuski.ba\\\/#website\",\"url\":\"https:\\\/\\\/radioljubuski.ba\\\/\",\"name\":\"Radio Ljubu\u0161ki\",\"description\":\"Sun\u010dana frekvencija Hercegovine\",\"publisher\":{\"@id\":\"https:\\\/\\\/radioljubuski.ba\\\/#organization\"},\"potentialAction\":[{\"@type\":\"SearchAction\",\"target\":{\"@type\":\"EntryPoint\",\"urlTemplate\":\"https:\\\/\\\/radioljubuski.ba\\\/?s={search_term_string}\"},\"query-input\":{\"@type\":\"PropertyValueSpecification\",\"valueRequired\":true,\"valueName\":\"search_term_string\"}}],\"inLanguage\":\"hr\"},{\"@type\":\"Organization\",\"@id\":\"https:\\\/\\\/radioljubuski.ba\\\/#organization\",\"name\":\"Radio Ljubu\u0161ki\",\"url\":\"https:\\\/\\\/radioljubuski.ba\\\/\",\"logo\":{\"@type\":\"ImageObject\",\"inLanguage\":\"hr\",\"@id\":\"https:\\\/\\\/radioljubuski.ba\\\/#\\\/schema\\\/logo\\\/image\\\/\",\"url\":\"https:\\\/\\\/radioljubuski.ba\\\/wp-content\\\/uploads\\\/2021\\\/02\\\/cropped-Radio_Ljubuski_logo1.jpg\",\"contentUrl\":\"https:\\\/\\\/radioljubuski.ba\\\/wp-content\\\/uploads\\\/2021\\\/02\\\/cropped-Radio_Ljubuski_logo1.jpg\",\"width\":512,\"height\":512,\"caption\":\"Radio Ljubu\u0161ki\"},\"image\":{\"@id\":\"https:\\\/\\\/radioljubuski.ba\\\/#\\\/schema\\\/logo\\\/image\\\/\"},\"sameAs\":[\"https:\\\/\\\/www.facebook.com\\\/Radiio-Ljubuski-1490835324566332\",\"https:\\\/\\\/x.com\\\/radioljubuski\",\"https:\\\/\\\/hr.linkedin.com\\\/company\\\/radio-ljubuski\",\"https:\\\/\\\/www.youtube.com\\\/channel\\\/UCHYaeO_n0Db3tjNGudGpXyw\"]},{\"@type\":\"Person\",\"@id\":\"https:\\\/\\\/radioljubuski.ba\\\/#\\\/schema\\\/person\\\/19fc700381a780f69665d7956c469e3b\",\"name\":\"Radio Ljubu\u0161ki\"}]}<\/script>\n<!-- \/ Yoast SEO plugin. -->","yoast_head_json":{"title":"Regionalni izbori u Francuskoj test za desnicu - RADIO LJUBU\u0160KI","robots":{"index":"index","follow":"follow","max-snippet":"max-snippet:-1","max-image-preview":"max-image-preview:large","max-video-preview":"max-video-preview:-1"},"canonical":"https:\/\/radioljubuski.ba\/index.php\/2021\/06\/21\/regionalni-izbori-u-francuskoj-test-za-desnic\/","og_locale":"hr_HR","og_type":"article","og_title":"Regionalni izbori u Francuskoj test za desnicu - RADIO LJUBU\u0160KI","og_description":"U Francuskoj se odr\u017eava prvi krug regionalnih izbora. Najva\u017enije je to ispitivanje snaga uo\u010di predsjedni\u010dkih izbora idu\u0107e godine na kojima \u0107e predsjednik Macron nastojati osigurati novi mandat. Izbori su test i za desnicu, njihovu \u010delnicu Marin Le Pen i njezin umjereniji imid\u017e. No sve prognoze mogao bi pomutiti rekordno nizak odaziv. Francuska demokracija u krizi. [&hellip;]","og_url":"https:\/\/radioljubuski.ba\/index.php\/2021\/06\/21\/regionalni-izbori-u-francuskoj-test-za-desnic\/","og_site_name":"RADIO LJUBU\u0160KI","article_publisher":"https:\/\/www.facebook.com\/Radiio-Ljubuski-1490835324566332","article_published_time":"2021-06-20T23:21:19+00:00","article_modified_time":"2021-06-20T23:26:37+00:00","og_image":[{"width":800,"height":533,"url":"https:\/\/radioljubuski.ba\/wp-content\/uploads\/2021\/06\/b_210620034.jpg","type":"image\/jpeg"}],"author":"Radio Ljubu\u0161ki","twitter_card":"summary_large_image","twitter_creator":"@radioljubuski","twitter_site":"@radioljubuski","twitter_misc":{"Napisao\/la":"Radio Ljubu\u0161ki","Procijenjeno vrijeme \u010ditanja":"2 minute"},"schema":{"@context":"https:\/\/schema.org","@graph":[{"@type":"Article","@id":"https:\/\/radioljubuski.ba\/index.php\/2021\/06\/21\/regionalni-izbori-u-francuskoj-test-za-desnic\/#article","isPartOf":{"@id":"https:\/\/radioljubuski.ba\/index.php\/2021\/06\/21\/regionalni-izbori-u-francuskoj-test-za-desnic\/"},"author":{"name":"Radio Ljubu\u0161ki","@id":"https:\/\/radioljubuski.ba\/#\/schema\/person\/19fc700381a780f69665d7956c469e3b"},"headline":"Regionalni izbori u Francuskoj test za desnicu","datePublished":"2021-06-20T23:21:19+00:00","dateModified":"2021-06-20T23:26:37+00:00","mainEntityOfPage":{"@id":"https:\/\/radioljubuski.ba\/index.php\/2021\/06\/21\/regionalni-izbori-u-francuskoj-test-za-desnic\/"},"wordCount":439,"publisher":{"@id":"https:\/\/radioljubuski.ba\/#organization"},"image":{"@id":"https:\/\/radioljubuski.ba\/index.php\/2021\/06\/21\/regionalni-izbori-u-francuskoj-test-za-desnic\/#primaryimage"},"thumbnailUrl":"https:\/\/radioljubuski.ba\/wp-content\/uploads\/2021\/06\/b_210620034.jpg","articleSection":["BIH i regija"],"inLanguage":"hr"},{"@type":"WebPage","@id":"https:\/\/radioljubuski.ba\/index.php\/2021\/06\/21\/regionalni-izbori-u-francuskoj-test-za-desnic\/","url":"https:\/\/radioljubuski.ba\/index.php\/2021\/06\/21\/regionalni-izbori-u-francuskoj-test-za-desnic\/","name":"Regionalni izbori u Francuskoj test za desnicu - RADIO LJUBU\u0160KI","isPartOf":{"@id":"https:\/\/radioljubuski.ba\/#website"},"primaryImageOfPage":{"@id":"https:\/\/radioljubuski.ba\/index.php\/2021\/06\/21\/regionalni-izbori-u-francuskoj-test-za-desnic\/#primaryimage"},"image":{"@id":"https:\/\/radioljubuski.ba\/index.php\/2021\/06\/21\/regionalni-izbori-u-francuskoj-test-za-desnic\/#primaryimage"},"thumbnailUrl":"https:\/\/radioljubuski.ba\/wp-content\/uploads\/2021\/06\/b_210620034.jpg","datePublished":"2021-06-20T23:21:19+00:00","dateModified":"2021-06-20T23:26:37+00:00","breadcrumb":{"@id":"https:\/\/radioljubuski.ba\/index.php\/2021\/06\/21\/regionalni-izbori-u-francuskoj-test-za-desnic\/#breadcrumb"},"inLanguage":"hr","potentialAction":[{"@type":"ReadAction","target":["https:\/\/radioljubuski.ba\/index.php\/2021\/06\/21\/regionalni-izbori-u-francuskoj-test-za-desnic\/"]}]},{"@type":"ImageObject","inLanguage":"hr","@id":"https:\/\/radioljubuski.ba\/index.php\/2021\/06\/21\/regionalni-izbori-u-francuskoj-test-za-desnic\/#primaryimage","url":"https:\/\/radioljubuski.ba\/wp-content\/uploads\/2021\/06\/b_210620034.jpg","contentUrl":"https:\/\/radioljubuski.ba\/wp-content\/uploads\/2021\/06\/b_210620034.jpg","width":800,"height":533},{"@type":"BreadcrumbList","@id":"https:\/\/radioljubuski.ba\/index.php\/2021\/06\/21\/regionalni-izbori-u-francuskoj-test-za-desnic\/#breadcrumb","itemListElement":[{"@type":"ListItem","position":1,"name":"Po\u010detna stranica","item":"https:\/\/radioljubuski.ba\/"},{"@type":"ListItem","position":2,"name":"Regionalni izbori u Francuskoj test za desnicu"}]},{"@type":"WebSite","@id":"https:\/\/radioljubuski.ba\/#website","url":"https:\/\/radioljubuski.ba\/","name":"Radio Ljubu\u0161ki","description":"Sun\u010dana frekvencija Hercegovine","publisher":{"@id":"https:\/\/radioljubuski.ba\/#organization"},"potentialAction":[{"@type":"SearchAction","target":{"@type":"EntryPoint","urlTemplate":"https:\/\/radioljubuski.ba\/?s={search_term_string}"},"query-input":{"@type":"PropertyValueSpecification","valueRequired":true,"valueName":"search_term_string"}}],"inLanguage":"hr"},{"@type":"Organization","@id":"https:\/\/radioljubuski.ba\/#organization","name":"Radio Ljubu\u0161ki","url":"https:\/\/radioljubuski.ba\/","logo":{"@type":"ImageObject","inLanguage":"hr","@id":"https:\/\/radioljubuski.ba\/#\/schema\/logo\/image\/","url":"https:\/\/radioljubuski.ba\/wp-content\/uploads\/2021\/02\/cropped-Radio_Ljubuski_logo1.jpg","contentUrl":"https:\/\/radioljubuski.ba\/wp-content\/uploads\/2021\/02\/cropped-Radio_Ljubuski_logo1.jpg","width":512,"height":512,"caption":"Radio Ljubu\u0161ki"},"image":{"@id":"https:\/\/radioljubuski.ba\/#\/schema\/logo\/image\/"},"sameAs":["https:\/\/www.facebook.com\/Radiio-Ljubuski-1490835324566332","https:\/\/x.com\/radioljubuski","https:\/\/hr.linkedin.com\/company\/radio-ljubuski","https:\/\/www.youtube.com\/channel\/UCHYaeO_n0Db3tjNGudGpXyw"]},{"@type":"Person","@id":"https:\/\/radioljubuski.ba\/#\/schema\/person\/19fc700381a780f69665d7956c469e3b","name":"Radio Ljubu\u0161ki"}]}},"_links":{"self":[{"href":"https:\/\/radioljubuski.ba\/index.php\/wp-json\/wp\/v2\/posts\/34364","targetHints":{"allow":["GET"]}}],"collection":[{"href":"https:\/\/radioljubuski.ba\/index.php\/wp-json\/wp\/v2\/posts"}],"about":[{"href":"https:\/\/radioljubuski.ba\/index.php\/wp-json\/wp\/v2\/types\/post"}],"author":[{"embeddable":true,"href":"https:\/\/radioljubuski.ba\/index.php\/wp-json\/wp\/v2\/users\/2"}],"replies":[{"embeddable":true,"href":"https:\/\/radioljubuski.ba\/index.php\/wp-json\/wp\/v2\/comments?post=34364"}],"version-history":[{"count":2,"href":"https:\/\/radioljubuski.ba\/index.php\/wp-json\/wp\/v2\/posts\/34364\/revisions"}],"predecessor-version":[{"id":34373,"href":"https:\/\/radioljubuski.ba\/index.php\/wp-json\/wp\/v2\/posts\/34364\/revisions\/34373"}],"wp:featuredmedia":[{"embeddable":true,"href":"https:\/\/radioljubuski.ba\/index.php\/wp-json\/wp\/v2\/media\/34365"}],"wp:attachment":[{"href":"https:\/\/radioljubuski.ba\/index.php\/wp-json\/wp\/v2\/media?parent=34364"}],"wp:term":[{"taxonomy":"category","embeddable":true,"href":"https:\/\/radioljubuski.ba\/index.php\/wp-json\/wp\/v2\/categories?post=34364"},{"taxonomy":"post_tag","embeddable":true,"href":"https:\/\/radioljubuski.ba\/index.php\/wp-json\/wp\/v2\/tags?post=34364"}],"curies":[{"name":"wp","href":"https:\/\/api.w.org\/{rel}","templated":true}]}}