{"id":34374,"date":"2021-06-21T00:29:18","date_gmt":"2021-06-20T23:29:18","guid":{"rendered":"https:\/\/radioljubuski.ba\/?p=34374"},"modified":"2021-06-21T00:29:20","modified_gmt":"2021-06-20T23:29:20","slug":"u-zadnjih-10-dana-8-poginulih-motociklista-zasto-su-motori-opasniji-od-automobila","status":"publish","type":"post","link":"https:\/\/radioljubuski.ba\/index.php\/2021\/06\/21\/u-zadnjih-10-dana-8-poginulih-motociklista-zasto-su-motori-opasniji-od-automobila\/","title":{"rendered":"U zadnjih 10 dana 8 poginulih motociklista: Za\u0161to su motori opasniji od automobila?"},"content":{"rendered":"\n<p>U posljednjih&nbsp;<strong>10 dana na hrvatskim cestama poginulo je osam motociklista.<\/strong>&nbsp;Slu\u017ebenik za sigurnost cestovnog prometa, Drago Bukov\u010dak za&nbsp;<a href=\"https:\/\/dnevnik.hr\/vijesti\/crna-kronika\/sluzbenik-za-sigurnost-cestovnog-prometa-o-danasnjoj-nesreci-na-zagrebackoj-aveniji-i-sve-ucestalijim-nesrecama-koje-zavrsavaju-sa-smrtnim-posljedicama---656478.html?itm_source=HomeTopRow&amp;itm_medium=Dnevnik&amp;itm_campaign=Naslovnica\">Dnevnik Nove TV<\/a>&nbsp;govorio je o uzrocima nesre\u0107e na Zagreba\u010dkoj aveniji u kojoj su dvije osobe izgubile \u017eivot te sve u\u010destalijim nesre\u0107ama motociklista sa smrtnim posljedicama.<\/p>\n\n\n\n<p>\u201dZa sad mo\u017eemo re\u0107i kako je to sklop neprilago\u0111ene brzine i nepo\u0161tivanje crvenog svjetla na semaforu jednog od sudionika\u201d, naveo je Bukov\u010dak kao razloge dana\u0161nje nesre\u0107e.<\/p>\n\n\n\n<p>Ne doga\u0111a se \u010desto da motociklist udari biciklista, \u010de\u0161\u0107e biciklisti zavr\u0161e pod kota\u010dima automobila. Bukov\u010dak ka\u017ee kako su se ve\u0107 sreli sa sli\u010dnim slu\u010dajevima, ali da su oni rijetki.<\/p>\n\n\n\n<p>Govori i da su na podru\u010dju PU zagreba\u010dke,&nbsp;<strong>nesre\u0107e s motociklistima u porastu od 12,7 posto<\/strong>. \u201dImamo evidentiranih 89 prometnih nesre\u0107a u odnosu na pro\u0161lu godinu\u201d, rekao je. Kada su u pitanju biciklisti, taj je postotak u padu od 2,56 posto.<\/p>\n\n\n\n<p>Glavni razlozi nesre\u0107a su nepo\u0161tivanje prometnih propisa. \u201dVoza\u010di su se vjerojatno opustili i apeliramo jo\u0161 jednom na sve da prilagode brzinu kretanja vozila uvjetima i stanju ceste, poglavito gusto\u0107i prometa jer trebaju paziti na najugro\u017eenije i najosjetljivije sudionike u prometu \u2013 pje\u0161ake, bicikliste i djecu\u201d, objasnio je.<\/p>\n\n\n\n<p>Ljeti je ina\u010de ve\u0107a gu\u017eva i poja\u010dan promet, \u0161to prema jugu, \u0161to u gradovima. \u201dSavjet bi bio da se naoru\u017eaju strpljenjem, po\u0161tuju prometne propise, slu\u0161aju upute de\u017eurnih slu\u017ebi, da svi zajedni\u010dki pridonesemo \u0161to boljoj sigurnosti cestovnog prometa\u201d, zaklju\u010dio je.<\/p>\n\n\n\n<p><strong>Jesu li motocikli stvarno opasniji od automobila?<\/strong><\/p>\n\n\n\n<p>Nakon lockdowna i smanjenog cestovnog prometa uzrokovanog pandemijom, dolaskom ljeta, uo\u010dljiv je trend pove\u0107anja stradavanja motociklista u prometu. Podaci ameri\u010dke vlade govore da je broj poginulih na motociklima 26 puta ve\u0107i od onih u automobilu.<\/p>\n\n\n\n<p>I u Hrvatskoj su brojke pora\u017eavaju\u0107e. Tijekom prvog polugodi\u0161ta 2020. godine, u prometnim nesre\u0107ama smrtno su stradala 2 voza\u010da mopeda i 24 voza\u010da motocikla. Dodatno, u razdoblju od 01. \u2013 09. srpnja 2020. godine, u prometnim nesre\u0107ama poginulo je 7 motociklista. Od po\u010detka godine, svaka&nbsp;<strong>\u010detvrta osoba koja je poginula u prometnim nesre\u0107ama, nalazila se na takvom vozilu.<\/strong><\/p>\n\n\n\n<p>Voza\u010di i putnici tih vozila \u010desto su \u017ertve drugih nesavjesnih voza\u010da ostalih motornih vozila, koji grubim kr\u0161enjem prometnih propisa ugro\u017eavaju sigurnost svih sudionika u prometu.<\/p>\n\n\n\n<p>Budu\u0107i da imaju dva kota\u010da umjesto \u010detiri, kriti\u010dna je uloga voza\u010devih sposobnosti \u2013 uklju\u010duju\u0107i reflekse. Tako\u0111er, motociklisti su izlo\u017eeni izravnom udarcu, dok su voza\u010di automobila za\u0161ti\u0107eni konstrukcijom auta.<\/p>\n\n\n\n<p>Bez konstrukcijske za\u0161tite automobila, vjerojatnije je da \u0107e voza\u010d motocikla koji je sudjelovao u sudaru imati ozbiljne te fatalne ozljede. Tako\u0111er motocikle je te\u017ee uo\u010diti na cesti i dolazi do vi\u0161e nesre\u0107a.<\/p>\n\n\n\n<p>Prema MUP-ovim statistikama naj\u010de\u0161\u0107e pogre\u0161ke zbog kojih stradavaju voza\u010di motocikala i mopeda neprilago\u0111ena su i&nbsp;<strong>nedopu\u0161tena brzina, neno\u0161enje za\u0161titne kacige, kretanje povr\u0161inama koje nisu namijenjene tim vozilima, pretjecanje<\/strong>&nbsp;ili obila\u017eenje kolone kada to nije dopu\u0161teno, vo\u017enja s neupaljenim svijetlima, a \u010desto i precjenjuju svoje voza\u010dke sposobnosti.<\/p>\n\n\n\n<p>MUP je objavio i savjete i preporuke za voza\u010de mopeda i motocikala:<\/p>\n\n\n\n<p>-prije vo\u017enje o\u010distiti vizir, staviti za\u0161titnu kacigu i pravilno je zategnuti,<br>-uz za\u0161titnu kacigu, koristiti i drugu za\u0161titnu opremu (jakna, hla\u010de, \u0161titnici, \u010dizme i rukavice),<br>-zbog ionako manje, a samim time i te\u017ee uo\u010dljive siluete na cesti, preporuka je da nose svjetliju odje\u0107u i kacigu, \u201e\u017eivljih\u201c boja, odnosno s reflektiraju\u0107im detaljima,<br>-provjeriti tlak u gumama,<br>-upaliti dnevno ili kratko svjetlo,<br>-ne upravljajati pod utjecajem alkohola ili droga,<br>-po\u0161tivati dopu\u0161tena ograni\u010denja brzine,<br>-prilagoditi brzinu vo\u017enje uvjetima na cesti (stanju i karakteristikama ceste),<br>-prilikom vo\u017enje u skupini, voziti u slijedu jedan iza drugoga,<br>-izbjegavati vo\u017enju na dijelovima asfalta na kojima ima pijeska, ulja i sl., posebice u zavojima,<br>-prilikom vo\u017enje kroz lijevi zavoj, odmaknuti se od sredi\u0161nje crte (jer se vo\u017enjom uz crtu i naginjanjem u zavoju glava voza\u010da mo\u017ee nalaziti \u010dak do 1 metar u prometnoj traci namijenjenoj za promet vozila iz suprotnog smjera),<br>-ne voziti slalom izme\u0111u vozila,<br>-kontrolirati svoje pona\u0161anje i strast za vo\u017enju te ne ispitivati i ne dokazivati mogu\u0107nosti svog mopeda ili motocikla.<br>-predvi\u0111ati poteze voza\u010da (drugih) automobila,<br>-voziti se na dovoljnoj udaljenosti od vozila ispred sebe,<br>-voziti sredinom prometnog traka (iznimka je situacija kada se kre\u0107e kolnikom koji ima samo po jednu prometnu traku namijenjenu za promet vozila u jednom smjeru, gdje se moped tada treba kretati \u0161to bli\u017ee desnom rubu kolnika),<br>-poduzeti i sve drugo \u0161to je u njihovoj mo\u0107i da budu sigurni u prometu.<\/p>\n\n\n\n<p><em>Izvor: narod.hr\/dnevnik.hr<\/em><\/p>\n","protected":false},"excerpt":{"rendered":"<p>U posljednjih&nbsp;10 dana na hrvatskim cestama poginulo je osam motociklista.&nbsp;Slu\u017ebenik za sigurnost cestovnog prometa, Drago Bukov\u010dak za&nbsp;Dnevnik Nove TV&nbsp;govorio je o uzrocima nesre\u0107e na Zagreba\u010dkoj aveniji u kojoj su dvije osobe izgubile \u017eivot te sve u\u010destalijim nesre\u0107ama motociklista sa smrtnim posljedicama. \u201dZa sad mo\u017eemo re\u0107i kako je to sklop neprilago\u0111ene brzine i nepo\u0161tivanje crvenog svjetla [&hellip;]<\/p>\n","protected":false},"author":2,"featured_media":34375,"comment_status":"closed","ping_status":"closed","sticky":false,"template":"","format":"standard","meta":{"h5ap_radio_sources":[],"footnotes":""},"categories":[1],"tags":[],"class_list":["post-34374","post","type-post","status-publish","format-standard","has-post-thumbnail","hentry","category-bihiregija"],"yoast_head":"<!-- This site is optimized with the Yoast SEO plugin v27.5 - https:\/\/yoast.com\/product\/yoast-seo-wordpress\/ -->\n<title>U zadnjih 10 dana 8 poginulih motociklista: Za\u0161to su motori opasniji od automobila? - RADIO LJUBU\u0160KI<\/title>\n<meta name=\"robots\" content=\"index, follow, max-snippet:-1, max-image-preview:large, max-video-preview:-1\" \/>\n<link rel=\"canonical\" href=\"https:\/\/radioljubuski.ba\/index.php\/2021\/06\/21\/u-zadnjih-10-dana-8-poginulih-motociklista-zasto-su-motori-opasniji-od-automobila\/\" \/>\n<meta property=\"og:locale\" content=\"hr_HR\" \/>\n<meta property=\"og:type\" content=\"article\" \/>\n<meta property=\"og:title\" content=\"U zadnjih 10 dana 8 poginulih motociklista: Za\u0161to su motori opasniji od automobila? - RADIO LJUBU\u0160KI\" \/>\n<meta property=\"og:description\" content=\"U posljednjih&nbsp;10 dana na hrvatskim cestama poginulo je osam motociklista.&nbsp;Slu\u017ebenik za sigurnost cestovnog prometa, Drago Bukov\u010dak za&nbsp;Dnevnik Nove TV&nbsp;govorio je o uzrocima nesre\u0107e na Zagreba\u010dkoj aveniji u kojoj su dvije osobe izgubile \u017eivot te sve u\u010destalijim nesre\u0107ama motociklista sa smrtnim posljedicama. \u201dZa sad mo\u017eemo re\u0107i kako je to sklop neprilago\u0111ene brzine i nepo\u0161tivanje crvenog svjetla [&hellip;]\" \/>\n<meta property=\"og:url\" content=\"https:\/\/radioljubuski.ba\/index.php\/2021\/06\/21\/u-zadnjih-10-dana-8-poginulih-motociklista-zasto-su-motori-opasniji-od-automobila\/\" \/>\n<meta property=\"og:site_name\" content=\"RADIO LJUBU\u0160KI\" \/>\n<meta property=\"article:publisher\" content=\"https:\/\/www.facebook.com\/Radiio-Ljubuski-1490835324566332\" \/>\n<meta property=\"article:published_time\" content=\"2021-06-20T23:29:18+00:00\" \/>\n<meta property=\"article:modified_time\" content=\"2021-06-20T23:29:20+00:00\" \/>\n<meta property=\"og:image\" content=\"https:\/\/radioljubuski.ba\/wp-content\/uploads\/2021\/06\/Depositphotos_187948580_s-2019-696x464-1.jpg\" \/>\n\t<meta property=\"og:image:width\" content=\"696\" \/>\n\t<meta property=\"og:image:height\" content=\"464\" \/>\n\t<meta property=\"og:image:type\" content=\"image\/jpeg\" \/>\n<meta name=\"author\" content=\"Radio Ljubu\u0161ki\" \/>\n<meta name=\"twitter:card\" content=\"summary_large_image\" \/>\n<meta name=\"twitter:creator\" content=\"@radioljubuski\" \/>\n<meta name=\"twitter:site\" content=\"@radioljubuski\" \/>\n<meta name=\"twitter:label1\" content=\"Napisao\/la\" \/>\n\t<meta name=\"twitter:data1\" content=\"Radio Ljubu\u0161ki\" \/>\n\t<meta name=\"twitter:label2\" content=\"Procijenjeno vrijeme \u010ditanja\" \/>\n\t<meta name=\"twitter:data2\" content=\"4 minute\" \/>\n<script type=\"application\/ld+json\" class=\"yoast-schema-graph\">{\"@context\":\"https:\\\/\\\/schema.org\",\"@graph\":[{\"@type\":\"Article\",\"@id\":\"https:\\\/\\\/radioljubuski.ba\\\/index.php\\\/2021\\\/06\\\/21\\\/u-zadnjih-10-dana-8-poginulih-motociklista-zasto-su-motori-opasniji-od-automobila\\\/#article\",\"isPartOf\":{\"@id\":\"https:\\\/\\\/radioljubuski.ba\\\/index.php\\\/2021\\\/06\\\/21\\\/u-zadnjih-10-dana-8-poginulih-motociklista-zasto-su-motori-opasniji-od-automobila\\\/\"},\"author\":{\"name\":\"Radio Ljubu\u0161ki\",\"@id\":\"https:\\\/\\\/radioljubuski.ba\\\/#\\\/schema\\\/person\\\/19fc700381a780f69665d7956c469e3b\"},\"headline\":\"U zadnjih 10 dana 8 poginulih motociklista: Za\u0161to su motori opasniji od automobila?\",\"datePublished\":\"2021-06-20T23:29:18+00:00\",\"dateModified\":\"2021-06-20T23:29:20+00:00\",\"mainEntityOfPage\":{\"@id\":\"https:\\\/\\\/radioljubuski.ba\\\/index.php\\\/2021\\\/06\\\/21\\\/u-zadnjih-10-dana-8-poginulih-motociklista-zasto-su-motori-opasniji-od-automobila\\\/\"},\"wordCount\":830,\"publisher\":{\"@id\":\"https:\\\/\\\/radioljubuski.ba\\\/#organization\"},\"image\":{\"@id\":\"https:\\\/\\\/radioljubuski.ba\\\/index.php\\\/2021\\\/06\\\/21\\\/u-zadnjih-10-dana-8-poginulih-motociklista-zasto-su-motori-opasniji-od-automobila\\\/#primaryimage\"},\"thumbnailUrl\":\"https:\\\/\\\/radioljubuski.ba\\\/wp-content\\\/uploads\\\/2021\\\/06\\\/Depositphotos_187948580_s-2019-696x464-1.jpg\",\"articleSection\":[\"BIH i regija\"],\"inLanguage\":\"hr\"},{\"@type\":\"WebPage\",\"@id\":\"https:\\\/\\\/radioljubuski.ba\\\/index.php\\\/2021\\\/06\\\/21\\\/u-zadnjih-10-dana-8-poginulih-motociklista-zasto-su-motori-opasniji-od-automobila\\\/\",\"url\":\"https:\\\/\\\/radioljubuski.ba\\\/index.php\\\/2021\\\/06\\\/21\\\/u-zadnjih-10-dana-8-poginulih-motociklista-zasto-su-motori-opasniji-od-automobila\\\/\",\"name\":\"U zadnjih 10 dana 8 poginulih motociklista: Za\u0161to su motori opasniji od automobila? - RADIO LJUBU\u0160KI\",\"isPartOf\":{\"@id\":\"https:\\\/\\\/radioljubuski.ba\\\/#website\"},\"primaryImageOfPage\":{\"@id\":\"https:\\\/\\\/radioljubuski.ba\\\/index.php\\\/2021\\\/06\\\/21\\\/u-zadnjih-10-dana-8-poginulih-motociklista-zasto-su-motori-opasniji-od-automobila\\\/#primaryimage\"},\"image\":{\"@id\":\"https:\\\/\\\/radioljubuski.ba\\\/index.php\\\/2021\\\/06\\\/21\\\/u-zadnjih-10-dana-8-poginulih-motociklista-zasto-su-motori-opasniji-od-automobila\\\/#primaryimage\"},\"thumbnailUrl\":\"https:\\\/\\\/radioljubuski.ba\\\/wp-content\\\/uploads\\\/2021\\\/06\\\/Depositphotos_187948580_s-2019-696x464-1.jpg\",\"datePublished\":\"2021-06-20T23:29:18+00:00\",\"dateModified\":\"2021-06-20T23:29:20+00:00\",\"breadcrumb\":{\"@id\":\"https:\\\/\\\/radioljubuski.ba\\\/index.php\\\/2021\\\/06\\\/21\\\/u-zadnjih-10-dana-8-poginulih-motociklista-zasto-su-motori-opasniji-od-automobila\\\/#breadcrumb\"},\"inLanguage\":\"hr\",\"potentialAction\":[{\"@type\":\"ReadAction\",\"target\":[\"https:\\\/\\\/radioljubuski.ba\\\/index.php\\\/2021\\\/06\\\/21\\\/u-zadnjih-10-dana-8-poginulih-motociklista-zasto-su-motori-opasniji-od-automobila\\\/\"]}]},{\"@type\":\"ImageObject\",\"inLanguage\":\"hr\",\"@id\":\"https:\\\/\\\/radioljubuski.ba\\\/index.php\\\/2021\\\/06\\\/21\\\/u-zadnjih-10-dana-8-poginulih-motociklista-zasto-su-motori-opasniji-od-automobila\\\/#primaryimage\",\"url\":\"https:\\\/\\\/radioljubuski.ba\\\/wp-content\\\/uploads\\\/2021\\\/06\\\/Depositphotos_187948580_s-2019-696x464-1.jpg\",\"contentUrl\":\"https:\\\/\\\/radioljubuski.ba\\\/wp-content\\\/uploads\\\/2021\\\/06\\\/Depositphotos_187948580_s-2019-696x464-1.jpg\",\"width\":696,\"height\":464},{\"@type\":\"BreadcrumbList\",\"@id\":\"https:\\\/\\\/radioljubuski.ba\\\/index.php\\\/2021\\\/06\\\/21\\\/u-zadnjih-10-dana-8-poginulih-motociklista-zasto-su-motori-opasniji-od-automobila\\\/#breadcrumb\",\"itemListElement\":[{\"@type\":\"ListItem\",\"position\":1,\"name\":\"Po\u010detna stranica\",\"item\":\"https:\\\/\\\/radioljubuski.ba\\\/\"},{\"@type\":\"ListItem\",\"position\":2,\"name\":\"U zadnjih 10 dana 8 poginulih motociklista: Za\u0161to su motori opasniji od automobila?\"}]},{\"@type\":\"WebSite\",\"@id\":\"https:\\\/\\\/radioljubuski.ba\\\/#website\",\"url\":\"https:\\\/\\\/radioljubuski.ba\\\/\",\"name\":\"Radio Ljubu\u0161ki\",\"description\":\"Sun\u010dana frekvencija Hercegovine\",\"publisher\":{\"@id\":\"https:\\\/\\\/radioljubuski.ba\\\/#organization\"},\"potentialAction\":[{\"@type\":\"SearchAction\",\"target\":{\"@type\":\"EntryPoint\",\"urlTemplate\":\"https:\\\/\\\/radioljubuski.ba\\\/?s={search_term_string}\"},\"query-input\":{\"@type\":\"PropertyValueSpecification\",\"valueRequired\":true,\"valueName\":\"search_term_string\"}}],\"inLanguage\":\"hr\"},{\"@type\":\"Organization\",\"@id\":\"https:\\\/\\\/radioljubuski.ba\\\/#organization\",\"name\":\"Radio Ljubu\u0161ki\",\"url\":\"https:\\\/\\\/radioljubuski.ba\\\/\",\"logo\":{\"@type\":\"ImageObject\",\"inLanguage\":\"hr\",\"@id\":\"https:\\\/\\\/radioljubuski.ba\\\/#\\\/schema\\\/logo\\\/image\\\/\",\"url\":\"https:\\\/\\\/radioljubuski.ba\\\/wp-content\\\/uploads\\\/2021\\\/02\\\/cropped-Radio_Ljubuski_logo1.jpg\",\"contentUrl\":\"https:\\\/\\\/radioljubuski.ba\\\/wp-content\\\/uploads\\\/2021\\\/02\\\/cropped-Radio_Ljubuski_logo1.jpg\",\"width\":512,\"height\":512,\"caption\":\"Radio Ljubu\u0161ki\"},\"image\":{\"@id\":\"https:\\\/\\\/radioljubuski.ba\\\/#\\\/schema\\\/logo\\\/image\\\/\"},\"sameAs\":[\"https:\\\/\\\/www.facebook.com\\\/Radiio-Ljubuski-1490835324566332\",\"https:\\\/\\\/x.com\\\/radioljubuski\",\"https:\\\/\\\/hr.linkedin.com\\\/company\\\/radio-ljubuski\",\"https:\\\/\\\/www.youtube.com\\\/channel\\\/UCHYaeO_n0Db3tjNGudGpXyw\"]},{\"@type\":\"Person\",\"@id\":\"https:\\\/\\\/radioljubuski.ba\\\/#\\\/schema\\\/person\\\/19fc700381a780f69665d7956c469e3b\",\"name\":\"Radio Ljubu\u0161ki\"}]}<\/script>\n<!-- \/ Yoast SEO plugin. -->","yoast_head_json":{"title":"U zadnjih 10 dana 8 poginulih motociklista: Za\u0161to su motori opasniji od automobila? - RADIO LJUBU\u0160KI","robots":{"index":"index","follow":"follow","max-snippet":"max-snippet:-1","max-image-preview":"max-image-preview:large","max-video-preview":"max-video-preview:-1"},"canonical":"https:\/\/radioljubuski.ba\/index.php\/2021\/06\/21\/u-zadnjih-10-dana-8-poginulih-motociklista-zasto-su-motori-opasniji-od-automobila\/","og_locale":"hr_HR","og_type":"article","og_title":"U zadnjih 10 dana 8 poginulih motociklista: Za\u0161to su motori opasniji od automobila? - RADIO LJUBU\u0160KI","og_description":"U posljednjih&nbsp;10 dana na hrvatskim cestama poginulo je osam motociklista.&nbsp;Slu\u017ebenik za sigurnost cestovnog prometa, Drago Bukov\u010dak za&nbsp;Dnevnik Nove TV&nbsp;govorio je o uzrocima nesre\u0107e na Zagreba\u010dkoj aveniji u kojoj su dvije osobe izgubile \u017eivot te sve u\u010destalijim nesre\u0107ama motociklista sa smrtnim posljedicama. \u201dZa sad mo\u017eemo re\u0107i kako je to sklop neprilago\u0111ene brzine i nepo\u0161tivanje crvenog svjetla [&hellip;]","og_url":"https:\/\/radioljubuski.ba\/index.php\/2021\/06\/21\/u-zadnjih-10-dana-8-poginulih-motociklista-zasto-su-motori-opasniji-od-automobila\/","og_site_name":"RADIO LJUBU\u0160KI","article_publisher":"https:\/\/www.facebook.com\/Radiio-Ljubuski-1490835324566332","article_published_time":"2021-06-20T23:29:18+00:00","article_modified_time":"2021-06-20T23:29:20+00:00","og_image":[{"width":696,"height":464,"url":"https:\/\/radioljubuski.ba\/wp-content\/uploads\/2021\/06\/Depositphotos_187948580_s-2019-696x464-1.jpg","type":"image\/jpeg"}],"author":"Radio Ljubu\u0161ki","twitter_card":"summary_large_image","twitter_creator":"@radioljubuski","twitter_site":"@radioljubuski","twitter_misc":{"Napisao\/la":"Radio Ljubu\u0161ki","Procijenjeno vrijeme \u010ditanja":"4 minute"},"schema":{"@context":"https:\/\/schema.org","@graph":[{"@type":"Article","@id":"https:\/\/radioljubuski.ba\/index.php\/2021\/06\/21\/u-zadnjih-10-dana-8-poginulih-motociklista-zasto-su-motori-opasniji-od-automobila\/#article","isPartOf":{"@id":"https:\/\/radioljubuski.ba\/index.php\/2021\/06\/21\/u-zadnjih-10-dana-8-poginulih-motociklista-zasto-su-motori-opasniji-od-automobila\/"},"author":{"name":"Radio Ljubu\u0161ki","@id":"https:\/\/radioljubuski.ba\/#\/schema\/person\/19fc700381a780f69665d7956c469e3b"},"headline":"U zadnjih 10 dana 8 poginulih motociklista: Za\u0161to su motori opasniji od automobila?","datePublished":"2021-06-20T23:29:18+00:00","dateModified":"2021-06-20T23:29:20+00:00","mainEntityOfPage":{"@id":"https:\/\/radioljubuski.ba\/index.php\/2021\/06\/21\/u-zadnjih-10-dana-8-poginulih-motociklista-zasto-su-motori-opasniji-od-automobila\/"},"wordCount":830,"publisher":{"@id":"https:\/\/radioljubuski.ba\/#organization"},"image":{"@id":"https:\/\/radioljubuski.ba\/index.php\/2021\/06\/21\/u-zadnjih-10-dana-8-poginulih-motociklista-zasto-su-motori-opasniji-od-automobila\/#primaryimage"},"thumbnailUrl":"https:\/\/radioljubuski.ba\/wp-content\/uploads\/2021\/06\/Depositphotos_187948580_s-2019-696x464-1.jpg","articleSection":["BIH i regija"],"inLanguage":"hr"},{"@type":"WebPage","@id":"https:\/\/radioljubuski.ba\/index.php\/2021\/06\/21\/u-zadnjih-10-dana-8-poginulih-motociklista-zasto-su-motori-opasniji-od-automobila\/","url":"https:\/\/radioljubuski.ba\/index.php\/2021\/06\/21\/u-zadnjih-10-dana-8-poginulih-motociklista-zasto-su-motori-opasniji-od-automobila\/","name":"U zadnjih 10 dana 8 poginulih motociklista: Za\u0161to su motori opasniji od automobila? - RADIO LJUBU\u0160KI","isPartOf":{"@id":"https:\/\/radioljubuski.ba\/#website"},"primaryImageOfPage":{"@id":"https:\/\/radioljubuski.ba\/index.php\/2021\/06\/21\/u-zadnjih-10-dana-8-poginulih-motociklista-zasto-su-motori-opasniji-od-automobila\/#primaryimage"},"image":{"@id":"https:\/\/radioljubuski.ba\/index.php\/2021\/06\/21\/u-zadnjih-10-dana-8-poginulih-motociklista-zasto-su-motori-opasniji-od-automobila\/#primaryimage"},"thumbnailUrl":"https:\/\/radioljubuski.ba\/wp-content\/uploads\/2021\/06\/Depositphotos_187948580_s-2019-696x464-1.jpg","datePublished":"2021-06-20T23:29:18+00:00","dateModified":"2021-06-20T23:29:20+00:00","breadcrumb":{"@id":"https:\/\/radioljubuski.ba\/index.php\/2021\/06\/21\/u-zadnjih-10-dana-8-poginulih-motociklista-zasto-su-motori-opasniji-od-automobila\/#breadcrumb"},"inLanguage":"hr","potentialAction":[{"@type":"ReadAction","target":["https:\/\/radioljubuski.ba\/index.php\/2021\/06\/21\/u-zadnjih-10-dana-8-poginulih-motociklista-zasto-su-motori-opasniji-od-automobila\/"]}]},{"@type":"ImageObject","inLanguage":"hr","@id":"https:\/\/radioljubuski.ba\/index.php\/2021\/06\/21\/u-zadnjih-10-dana-8-poginulih-motociklista-zasto-su-motori-opasniji-od-automobila\/#primaryimage","url":"https:\/\/radioljubuski.ba\/wp-content\/uploads\/2021\/06\/Depositphotos_187948580_s-2019-696x464-1.jpg","contentUrl":"https:\/\/radioljubuski.ba\/wp-content\/uploads\/2021\/06\/Depositphotos_187948580_s-2019-696x464-1.jpg","width":696,"height":464},{"@type":"BreadcrumbList","@id":"https:\/\/radioljubuski.ba\/index.php\/2021\/06\/21\/u-zadnjih-10-dana-8-poginulih-motociklista-zasto-su-motori-opasniji-od-automobila\/#breadcrumb","itemListElement":[{"@type":"ListItem","position":1,"name":"Po\u010detna stranica","item":"https:\/\/radioljubuski.ba\/"},{"@type":"ListItem","position":2,"name":"U zadnjih 10 dana 8 poginulih motociklista: Za\u0161to su motori opasniji od automobila?"}]},{"@type":"WebSite","@id":"https:\/\/radioljubuski.ba\/#website","url":"https:\/\/radioljubuski.ba\/","name":"Radio Ljubu\u0161ki","description":"Sun\u010dana frekvencija Hercegovine","publisher":{"@id":"https:\/\/radioljubuski.ba\/#organization"},"potentialAction":[{"@type":"SearchAction","target":{"@type":"EntryPoint","urlTemplate":"https:\/\/radioljubuski.ba\/?s={search_term_string}"},"query-input":{"@type":"PropertyValueSpecification","valueRequired":true,"valueName":"search_term_string"}}],"inLanguage":"hr"},{"@type":"Organization","@id":"https:\/\/radioljubuski.ba\/#organization","name":"Radio Ljubu\u0161ki","url":"https:\/\/radioljubuski.ba\/","logo":{"@type":"ImageObject","inLanguage":"hr","@id":"https:\/\/radioljubuski.ba\/#\/schema\/logo\/image\/","url":"https:\/\/radioljubuski.ba\/wp-content\/uploads\/2021\/02\/cropped-Radio_Ljubuski_logo1.jpg","contentUrl":"https:\/\/radioljubuski.ba\/wp-content\/uploads\/2021\/02\/cropped-Radio_Ljubuski_logo1.jpg","width":512,"height":512,"caption":"Radio Ljubu\u0161ki"},"image":{"@id":"https:\/\/radioljubuski.ba\/#\/schema\/logo\/image\/"},"sameAs":["https:\/\/www.facebook.com\/Radiio-Ljubuski-1490835324566332","https:\/\/x.com\/radioljubuski","https:\/\/hr.linkedin.com\/company\/radio-ljubuski","https:\/\/www.youtube.com\/channel\/UCHYaeO_n0Db3tjNGudGpXyw"]},{"@type":"Person","@id":"https:\/\/radioljubuski.ba\/#\/schema\/person\/19fc700381a780f69665d7956c469e3b","name":"Radio Ljubu\u0161ki"}]}},"_links":{"self":[{"href":"https:\/\/radioljubuski.ba\/index.php\/wp-json\/wp\/v2\/posts\/34374","targetHints":{"allow":["GET"]}}],"collection":[{"href":"https:\/\/radioljubuski.ba\/index.php\/wp-json\/wp\/v2\/posts"}],"about":[{"href":"https:\/\/radioljubuski.ba\/index.php\/wp-json\/wp\/v2\/types\/post"}],"author":[{"embeddable":true,"href":"https:\/\/radioljubuski.ba\/index.php\/wp-json\/wp\/v2\/users\/2"}],"replies":[{"embeddable":true,"href":"https:\/\/radioljubuski.ba\/index.php\/wp-json\/wp\/v2\/comments?post=34374"}],"version-history":[{"count":1,"href":"https:\/\/radioljubuski.ba\/index.php\/wp-json\/wp\/v2\/posts\/34374\/revisions"}],"predecessor-version":[{"id":34376,"href":"https:\/\/radioljubuski.ba\/index.php\/wp-json\/wp\/v2\/posts\/34374\/revisions\/34376"}],"wp:featuredmedia":[{"embeddable":true,"href":"https:\/\/radioljubuski.ba\/index.php\/wp-json\/wp\/v2\/media\/34375"}],"wp:attachment":[{"href":"https:\/\/radioljubuski.ba\/index.php\/wp-json\/wp\/v2\/media?parent=34374"}],"wp:term":[{"taxonomy":"category","embeddable":true,"href":"https:\/\/radioljubuski.ba\/index.php\/wp-json\/wp\/v2\/categories?post=34374"},{"taxonomy":"post_tag","embeddable":true,"href":"https:\/\/radioljubuski.ba\/index.php\/wp-json\/wp\/v2\/tags?post=34374"}],"curies":[{"name":"wp","href":"https:\/\/api.w.org\/{rel}","templated":true}]}}