{"id":34377,"date":"2021-06-21T00:31:59","date_gmt":"2021-06-20T23:31:59","guid":{"rendered":"https:\/\/radioljubuski.ba\/?p=34377"},"modified":"2021-06-21T00:32:01","modified_gmt":"2021-06-20T23:32:01","slug":"prebjegla-iz-sjeverne-koreje-u-sad-prijedoh-pustinju-da-bih-bila-slobodna-ali-nisam-evo-zasto","status":"publish","type":"post","link":"https:\/\/radioljubuski.ba\/index.php\/2021\/06\/21\/prebjegla-iz-sjeverne-koreje-u-sad-prijedoh-pustinju-da-bih-bila-slobodna-ali-nisam-evo-zasto\/","title":{"rendered":"Prebjegla iz Sjeverne Koreje u SAD: \u2018Prije\u0111oh pustinju da bih bila slobodna, ali nisam. Evo za\u0161to\u2026\u2019"},"content":{"rendered":"\n<p>Djevojka koja je prebjegla iz Sjeverne Koreje kazala je kako je na SAD gledala kao na zemlju slobodne misli i slobode govora \u2013 sve dok nije do\u0161la tamo na fakultet. Yeonmi Park poha\u0111ala je Sveu\u010dili\u0161te Columbia i ostala iznena\u0111ena usredoto\u010deno\u0161\u0107u na politi\u010dku korektnost zbog koje je pomislila da \u201c\u010dak ni Sjeverna Koreja nije toliko luda\u201d.<\/p>\n\n\n\n<p>\u201eO\u010dekivala sam da pla\u0107am to bogatstvo, vrijeme i energiju kako bih nau\u010dila razmi\u0161ljati, ali prisiljavaju vas da razmi\u0161ljate onako kako oni \u017eele da vi mislite \u201d, rekla je Park za Fox News. \u201cMislila sam da je Amerika druga\u010dija, ali vidjela sam toliko sli\u010dnosti s onim \u0161to sam vidjela u Sjevernoj Koreji.\u201d<\/p>\n\n\n\n<blockquote class=\"twitter-tweet\"><p lang=\"en\" dir=\"ltr\">&#39;Even North Korea is not this nuts&#39;: Defector slams &#39;woke&#39; US schools <a href=\"https:\/\/t.co\/2YDHe4Df5R\">https:\/\/t.co\/2YDHe4Df5R<\/a> <a href=\"https:\/\/t.co\/Hdygus4snn\">pic.twitter.com\/Hdygus4snn<\/a><\/p>&mdash; New York Post (@nypost) <a href=\"https:\/\/twitter.com\/nypost\/status\/1404952123113152515?ref_src=twsrc%5Etfw\">June 16, 2021<\/a><\/blockquote> <script async src=\"https:\/\/platform.twitter.com\/widgets.js\" charset=\"utf-8\"><\/script>\n\n\n\n<p>27-godi\u0161njakinja je za The Post rekla kako ne mo\u017ee vjerovati da se od nje tra\u017ei \u201ctoliko auto-cenzure\u201d.<\/p>\n\n\n\n<p>\u201cDoslovno sam pre\u0161la pustinju Gobi da bih bila slobodna i shvatila sam da nisam slobodna, Amerika nije slobodna.\u201d, ocijenila je.<\/p>\n\n\n\n<p>Yeonmi Park pobjegla je 2007. godine iz Sjeverne Koreje u dobi od 13 godina. Provela je dio vremena u Ju\u017enoj Koreji prije nego je 2016. krenula u \u0161kolu u New Yorku. Dolaskom u Ameriku ostala je iznena\u0111ena. Neke od rasprava o bijelim privilegijama podsjetile su je na kastni sustav u njezinoj rodnoj zemlji, gdje su ljudi bili kategorizirani prema njihovim precima, tvrdi.<\/p>\n\n\n\n<p>\u201cSvi problemi nastaju, objasnili su nam, zbog bijelaca.\u201d<\/p>\n\n\n\n<p>U jednom je razredu u\u010ditelj koji je raspravljao o zapadnoj civilizaciji pitao u\u010denike imaju li problema s nazivom teme. Ve\u0107ina je u\u010denika digla ruke. Neki su, rekla je, spomenuli problem s \u201ckolonijalnim\u201d nagibom rasprave. Rekla je Foxu da su je i prigovarali jer je rekla kako u\u017eiva u knjigama Jane Austen.<\/p>\n\n\n\n<p>\u201cRekli su mi kako takvi pisci imali kolonijalni na\u010din razmi\u0161ljanja. Bili su rasisti i fanatici i podsvjesno vam ispiru mozak.\u201d<\/p>\n\n\n\n<p>Park je rekla da zna u \u0161to se dr\u017eava mo\u017ee pretvoriti s oduzetim pravima i diskursom.<\/p>\n\n\n\n<p>\u201cMislila sam da su Sjeverni Korejci jedini ljudi koji mrze Amerikance, ali ispostavilo se da u ovoj zemlji ima mnogo ljudi koji mrze ovu zemlju\u201d, rekla je za&nbsp;<a href=\"https:\/\/nypost.com\/2021\/06\/14\/north-korean-defector-slams-woke-us-schools\/\">The NYPost.<\/a><\/p>\n\n\n\n<p>Park, koja je svoj bijeg iz Sjeverne Koreje i \u017eivot u represivnom re\u017eimu zabilje\u017eila u memoarima iz 2015. godine \u201cDa bismo \u017eivjeli\u201d, rekla je kako su Amerikanci spremni dati svoja prava ne slute\u0107i da se mo\u017eda vi\u0161e ne\u0107e vratiti.<\/p>\n\n\n\n<p>\u201cDobrovoljno, ti ljudi me\u0111usobno se cenzuriraju, pre\u0161u\u0107uju se. Postoji vojni pu\u010d ili sila koja oduzme va\u0161a prava i u\u0161utka vas, ali ova zemlja odlu\u010duje biti u\u0161utkana sama cenzuriraju\u0107i svoja prava.\u201d<\/p>\n\n\n\n<p>Njeno je svjedo\u010danstvo podijeljeno i na YouTubeu kada je 2019. bila go\u0161\u0107a TED razgovora.<\/p>\n\n\n\n<figure class=\"wp-block-embed is-type-video is-provider-youtube wp-block-embed-youtube wp-embed-aspect-16-9 wp-has-aspect-ratio\"><div class=\"wp-block-embed__wrapper\">\n<iframe loading=\"lazy\" title=\"What I learned about freedom after escaping North Korea | Yeonmi Park | TED\" width=\"640\" height=\"360\" src=\"https:\/\/www.youtube.com\/embed\/mLzTo-y8Ef0?feature=oembed\" frameborder=\"0\" allow=\"accelerometer; autoplay; clipboard-write; encrypted-media; gyroscope; picture-in-picture; web-share\" referrerpolicy=\"strict-origin-when-cross-origin\" allowfullscreen><\/iframe>\n<\/div><\/figure>\n\n\n\n<p><em>Izvor: narod.hr\/NYPost<\/em><\/p>\n","protected":false},"excerpt":{"rendered":"<p>Djevojka koja je prebjegla iz Sjeverne Koreje kazala je kako je na SAD gledala kao na zemlju slobodne misli i slobode govora \u2013 sve dok nije do\u0161la tamo na fakultet. Yeonmi Park poha\u0111ala je Sveu\u010dili\u0161te Columbia i ostala iznena\u0111ena usredoto\u010deno\u0161\u0107u na politi\u010dku korektnost zbog koje je pomislila da \u201c\u010dak ni Sjeverna Koreja nije toliko luda\u201d. [&hellip;]<\/p>\n","protected":false},"author":2,"featured_media":34378,"comment_status":"closed","ping_status":"closed","sticky":false,"template":"","format":"standard","meta":{"h5ap_radio_sources":[],"footnotes":""},"categories":[1],"tags":[],"class_list":["post-34377","post","type-post","status-publish","format-standard","has-post-thumbnail","hentry","category-bihiregija"],"yoast_head":"<!-- This site is optimized with the Yoast SEO plugin v27.5 - https:\/\/yoast.com\/product\/yoast-seo-wordpress\/ -->\n<title>Prebjegla iz Sjeverne Koreje u SAD: \u2018Prije\u0111oh pustinju da bih bila slobodna, ali nisam. Evo za\u0161to\u2026\u2019 - RADIO LJUBU\u0160KI<\/title>\n<meta name=\"robots\" content=\"index, follow, max-snippet:-1, max-image-preview:large, max-video-preview:-1\" \/>\n<link rel=\"canonical\" href=\"https:\/\/radioljubuski.ba\/index.php\/2021\/06\/21\/prebjegla-iz-sjeverne-koreje-u-sad-prijedoh-pustinju-da-bih-bila-slobodna-ali-nisam-evo-zasto\/\" \/>\n<meta property=\"og:locale\" content=\"hr_HR\" \/>\n<meta property=\"og:type\" content=\"article\" \/>\n<meta property=\"og:title\" content=\"Prebjegla iz Sjeverne Koreje u SAD: \u2018Prije\u0111oh pustinju da bih bila slobodna, ali nisam. Evo za\u0161to\u2026\u2019 - RADIO LJUBU\u0160KI\" \/>\n<meta property=\"og:description\" content=\"Djevojka koja je prebjegla iz Sjeverne Koreje kazala je kako je na SAD gledala kao na zemlju slobodne misli i slobode govora \u2013 sve dok nije do\u0161la tamo na fakultet. Yeonmi Park poha\u0111ala je Sveu\u010dili\u0161te Columbia i ostala iznena\u0111ena usredoto\u010deno\u0161\u0107u na politi\u010dku korektnost zbog koje je pomislila da \u201c\u010dak ni Sjeverna Koreja nije toliko luda\u201d. [&hellip;]\" \/>\n<meta property=\"og:url\" content=\"https:\/\/radioljubuski.ba\/index.php\/2021\/06\/21\/prebjegla-iz-sjeverne-koreje-u-sad-prijedoh-pustinju-da-bih-bila-slobodna-ali-nisam-evo-zasto\/\" \/>\n<meta property=\"og:site_name\" content=\"RADIO LJUBU\u0160KI\" \/>\n<meta property=\"article:publisher\" content=\"https:\/\/www.facebook.com\/Radiio-Ljubuski-1490835324566332\" \/>\n<meta property=\"article:published_time\" content=\"2021-06-20T23:31:59+00:00\" \/>\n<meta property=\"article:modified_time\" content=\"2021-06-20T23:32:01+00:00\" \/>\n<meta property=\"og:image\" content=\"https:\/\/radioljubuski.ba\/wp-content\/uploads\/2021\/06\/Yeonmi-Park-1068x712-1.jpg\" \/>\n\t<meta property=\"og:image:width\" content=\"1068\" \/>\n\t<meta property=\"og:image:height\" content=\"712\" \/>\n\t<meta property=\"og:image:type\" content=\"image\/jpeg\" \/>\n<meta name=\"author\" content=\"Radio Ljubu\u0161ki\" \/>\n<meta name=\"twitter:card\" content=\"summary_large_image\" \/>\n<meta name=\"twitter:creator\" content=\"@radioljubuski\" \/>\n<meta name=\"twitter:site\" content=\"@radioljubuski\" \/>\n<meta name=\"twitter:label1\" content=\"Napisao\/la\" \/>\n\t<meta name=\"twitter:data1\" content=\"Radio Ljubu\u0161ki\" \/>\n\t<meta name=\"twitter:label2\" content=\"Procijenjeno vrijeme \u010ditanja\" \/>\n\t<meta name=\"twitter:data2\" content=\"2 minute\" \/>\n<script type=\"application\/ld+json\" class=\"yoast-schema-graph\">{\"@context\":\"https:\\\/\\\/schema.org\",\"@graph\":[{\"@type\":\"Article\",\"@id\":\"https:\\\/\\\/radioljubuski.ba\\\/index.php\\\/2021\\\/06\\\/21\\\/prebjegla-iz-sjeverne-koreje-u-sad-prijedoh-pustinju-da-bih-bila-slobodna-ali-nisam-evo-zasto\\\/#article\",\"isPartOf\":{\"@id\":\"https:\\\/\\\/radioljubuski.ba\\\/index.php\\\/2021\\\/06\\\/21\\\/prebjegla-iz-sjeverne-koreje-u-sad-prijedoh-pustinju-da-bih-bila-slobodna-ali-nisam-evo-zasto\\\/\"},\"author\":{\"name\":\"Radio Ljubu\u0161ki\",\"@id\":\"https:\\\/\\\/radioljubuski.ba\\\/#\\\/schema\\\/person\\\/19fc700381a780f69665d7956c469e3b\"},\"headline\":\"Prebjegla iz Sjeverne Koreje u SAD: \u2018Prije\u0111oh pustinju da bih bila slobodna, ali nisam. Evo za\u0161to\u2026\u2019\",\"datePublished\":\"2021-06-20T23:31:59+00:00\",\"dateModified\":\"2021-06-20T23:32:01+00:00\",\"mainEntityOfPage\":{\"@id\":\"https:\\\/\\\/radioljubuski.ba\\\/index.php\\\/2021\\\/06\\\/21\\\/prebjegla-iz-sjeverne-koreje-u-sad-prijedoh-pustinju-da-bih-bila-slobodna-ali-nisam-evo-zasto\\\/\"},\"wordCount\":512,\"publisher\":{\"@id\":\"https:\\\/\\\/radioljubuski.ba\\\/#organization\"},\"image\":{\"@id\":\"https:\\\/\\\/radioljubuski.ba\\\/index.php\\\/2021\\\/06\\\/21\\\/prebjegla-iz-sjeverne-koreje-u-sad-prijedoh-pustinju-da-bih-bila-slobodna-ali-nisam-evo-zasto\\\/#primaryimage\"},\"thumbnailUrl\":\"https:\\\/\\\/radioljubuski.ba\\\/wp-content\\\/uploads\\\/2021\\\/06\\\/Yeonmi-Park-1068x712-1.jpg\",\"articleSection\":[\"BIH i regija\"],\"inLanguage\":\"hr\"},{\"@type\":\"WebPage\",\"@id\":\"https:\\\/\\\/radioljubuski.ba\\\/index.php\\\/2021\\\/06\\\/21\\\/prebjegla-iz-sjeverne-koreje-u-sad-prijedoh-pustinju-da-bih-bila-slobodna-ali-nisam-evo-zasto\\\/\",\"url\":\"https:\\\/\\\/radioljubuski.ba\\\/index.php\\\/2021\\\/06\\\/21\\\/prebjegla-iz-sjeverne-koreje-u-sad-prijedoh-pustinju-da-bih-bila-slobodna-ali-nisam-evo-zasto\\\/\",\"name\":\"Prebjegla iz Sjeverne Koreje u SAD: \u2018Prije\u0111oh pustinju da bih bila slobodna, ali nisam. Evo za\u0161to\u2026\u2019 - RADIO LJUBU\u0160KI\",\"isPartOf\":{\"@id\":\"https:\\\/\\\/radioljubuski.ba\\\/#website\"},\"primaryImageOfPage\":{\"@id\":\"https:\\\/\\\/radioljubuski.ba\\\/index.php\\\/2021\\\/06\\\/21\\\/prebjegla-iz-sjeverne-koreje-u-sad-prijedoh-pustinju-da-bih-bila-slobodna-ali-nisam-evo-zasto\\\/#primaryimage\"},\"image\":{\"@id\":\"https:\\\/\\\/radioljubuski.ba\\\/index.php\\\/2021\\\/06\\\/21\\\/prebjegla-iz-sjeverne-koreje-u-sad-prijedoh-pustinju-da-bih-bila-slobodna-ali-nisam-evo-zasto\\\/#primaryimage\"},\"thumbnailUrl\":\"https:\\\/\\\/radioljubuski.ba\\\/wp-content\\\/uploads\\\/2021\\\/06\\\/Yeonmi-Park-1068x712-1.jpg\",\"datePublished\":\"2021-06-20T23:31:59+00:00\",\"dateModified\":\"2021-06-20T23:32:01+00:00\",\"breadcrumb\":{\"@id\":\"https:\\\/\\\/radioljubuski.ba\\\/index.php\\\/2021\\\/06\\\/21\\\/prebjegla-iz-sjeverne-koreje-u-sad-prijedoh-pustinju-da-bih-bila-slobodna-ali-nisam-evo-zasto\\\/#breadcrumb\"},\"inLanguage\":\"hr\",\"potentialAction\":[{\"@type\":\"ReadAction\",\"target\":[\"https:\\\/\\\/radioljubuski.ba\\\/index.php\\\/2021\\\/06\\\/21\\\/prebjegla-iz-sjeverne-koreje-u-sad-prijedoh-pustinju-da-bih-bila-slobodna-ali-nisam-evo-zasto\\\/\"]}]},{\"@type\":\"ImageObject\",\"inLanguage\":\"hr\",\"@id\":\"https:\\\/\\\/radioljubuski.ba\\\/index.php\\\/2021\\\/06\\\/21\\\/prebjegla-iz-sjeverne-koreje-u-sad-prijedoh-pustinju-da-bih-bila-slobodna-ali-nisam-evo-zasto\\\/#primaryimage\",\"url\":\"https:\\\/\\\/radioljubuski.ba\\\/wp-content\\\/uploads\\\/2021\\\/06\\\/Yeonmi-Park-1068x712-1.jpg\",\"contentUrl\":\"https:\\\/\\\/radioljubuski.ba\\\/wp-content\\\/uploads\\\/2021\\\/06\\\/Yeonmi-Park-1068x712-1.jpg\",\"width\":1068,\"height\":712},{\"@type\":\"BreadcrumbList\",\"@id\":\"https:\\\/\\\/radioljubuski.ba\\\/index.php\\\/2021\\\/06\\\/21\\\/prebjegla-iz-sjeverne-koreje-u-sad-prijedoh-pustinju-da-bih-bila-slobodna-ali-nisam-evo-zasto\\\/#breadcrumb\",\"itemListElement\":[{\"@type\":\"ListItem\",\"position\":1,\"name\":\"Po\u010detna stranica\",\"item\":\"https:\\\/\\\/radioljubuski.ba\\\/\"},{\"@type\":\"ListItem\",\"position\":2,\"name\":\"Prebjegla iz Sjeverne Koreje u SAD: \u2018Prije\u0111oh pustinju da bih bila slobodna, ali nisam. Evo za\u0161to\u2026\u2019\"}]},{\"@type\":\"WebSite\",\"@id\":\"https:\\\/\\\/radioljubuski.ba\\\/#website\",\"url\":\"https:\\\/\\\/radioljubuski.ba\\\/\",\"name\":\"Radio Ljubu\u0161ki\",\"description\":\"Sun\u010dana frekvencija Hercegovine\",\"publisher\":{\"@id\":\"https:\\\/\\\/radioljubuski.ba\\\/#organization\"},\"potentialAction\":[{\"@type\":\"SearchAction\",\"target\":{\"@type\":\"EntryPoint\",\"urlTemplate\":\"https:\\\/\\\/radioljubuski.ba\\\/?s={search_term_string}\"},\"query-input\":{\"@type\":\"PropertyValueSpecification\",\"valueRequired\":true,\"valueName\":\"search_term_string\"}}],\"inLanguage\":\"hr\"},{\"@type\":\"Organization\",\"@id\":\"https:\\\/\\\/radioljubuski.ba\\\/#organization\",\"name\":\"Radio Ljubu\u0161ki\",\"url\":\"https:\\\/\\\/radioljubuski.ba\\\/\",\"logo\":{\"@type\":\"ImageObject\",\"inLanguage\":\"hr\",\"@id\":\"https:\\\/\\\/radioljubuski.ba\\\/#\\\/schema\\\/logo\\\/image\\\/\",\"url\":\"https:\\\/\\\/radioljubuski.ba\\\/wp-content\\\/uploads\\\/2021\\\/02\\\/cropped-Radio_Ljubuski_logo1.jpg\",\"contentUrl\":\"https:\\\/\\\/radioljubuski.ba\\\/wp-content\\\/uploads\\\/2021\\\/02\\\/cropped-Radio_Ljubuski_logo1.jpg\",\"width\":512,\"height\":512,\"caption\":\"Radio Ljubu\u0161ki\"},\"image\":{\"@id\":\"https:\\\/\\\/radioljubuski.ba\\\/#\\\/schema\\\/logo\\\/image\\\/\"},\"sameAs\":[\"https:\\\/\\\/www.facebook.com\\\/Radiio-Ljubuski-1490835324566332\",\"https:\\\/\\\/x.com\\\/radioljubuski\",\"https:\\\/\\\/hr.linkedin.com\\\/company\\\/radio-ljubuski\",\"https:\\\/\\\/www.youtube.com\\\/channel\\\/UCHYaeO_n0Db3tjNGudGpXyw\"]},{\"@type\":\"Person\",\"@id\":\"https:\\\/\\\/radioljubuski.ba\\\/#\\\/schema\\\/person\\\/19fc700381a780f69665d7956c469e3b\",\"name\":\"Radio Ljubu\u0161ki\"}]}<\/script>\n<!-- \/ Yoast SEO plugin. -->","yoast_head_json":{"title":"Prebjegla iz Sjeverne Koreje u SAD: \u2018Prije\u0111oh pustinju da bih bila slobodna, ali nisam. Evo za\u0161to\u2026\u2019 - RADIO LJUBU\u0160KI","robots":{"index":"index","follow":"follow","max-snippet":"max-snippet:-1","max-image-preview":"max-image-preview:large","max-video-preview":"max-video-preview:-1"},"canonical":"https:\/\/radioljubuski.ba\/index.php\/2021\/06\/21\/prebjegla-iz-sjeverne-koreje-u-sad-prijedoh-pustinju-da-bih-bila-slobodna-ali-nisam-evo-zasto\/","og_locale":"hr_HR","og_type":"article","og_title":"Prebjegla iz Sjeverne Koreje u SAD: \u2018Prije\u0111oh pustinju da bih bila slobodna, ali nisam. Evo za\u0161to\u2026\u2019 - RADIO LJUBU\u0160KI","og_description":"Djevojka koja je prebjegla iz Sjeverne Koreje kazala je kako je na SAD gledala kao na zemlju slobodne misli i slobode govora \u2013 sve dok nije do\u0161la tamo na fakultet. Yeonmi Park poha\u0111ala je Sveu\u010dili\u0161te Columbia i ostala iznena\u0111ena usredoto\u010deno\u0161\u0107u na politi\u010dku korektnost zbog koje je pomislila da \u201c\u010dak ni Sjeverna Koreja nije toliko luda\u201d. [&hellip;]","og_url":"https:\/\/radioljubuski.ba\/index.php\/2021\/06\/21\/prebjegla-iz-sjeverne-koreje-u-sad-prijedoh-pustinju-da-bih-bila-slobodna-ali-nisam-evo-zasto\/","og_site_name":"RADIO LJUBU\u0160KI","article_publisher":"https:\/\/www.facebook.com\/Radiio-Ljubuski-1490835324566332","article_published_time":"2021-06-20T23:31:59+00:00","article_modified_time":"2021-06-20T23:32:01+00:00","og_image":[{"width":1068,"height":712,"url":"https:\/\/radioljubuski.ba\/wp-content\/uploads\/2021\/06\/Yeonmi-Park-1068x712-1.jpg","type":"image\/jpeg"}],"author":"Radio Ljubu\u0161ki","twitter_card":"summary_large_image","twitter_creator":"@radioljubuski","twitter_site":"@radioljubuski","twitter_misc":{"Napisao\/la":"Radio Ljubu\u0161ki","Procijenjeno vrijeme \u010ditanja":"2 minute"},"schema":{"@context":"https:\/\/schema.org","@graph":[{"@type":"Article","@id":"https:\/\/radioljubuski.ba\/index.php\/2021\/06\/21\/prebjegla-iz-sjeverne-koreje-u-sad-prijedoh-pustinju-da-bih-bila-slobodna-ali-nisam-evo-zasto\/#article","isPartOf":{"@id":"https:\/\/radioljubuski.ba\/index.php\/2021\/06\/21\/prebjegla-iz-sjeverne-koreje-u-sad-prijedoh-pustinju-da-bih-bila-slobodna-ali-nisam-evo-zasto\/"},"author":{"name":"Radio Ljubu\u0161ki","@id":"https:\/\/radioljubuski.ba\/#\/schema\/person\/19fc700381a780f69665d7956c469e3b"},"headline":"Prebjegla iz Sjeverne Koreje u SAD: \u2018Prije\u0111oh pustinju da bih bila slobodna, ali nisam. Evo za\u0161to\u2026\u2019","datePublished":"2021-06-20T23:31:59+00:00","dateModified":"2021-06-20T23:32:01+00:00","mainEntityOfPage":{"@id":"https:\/\/radioljubuski.ba\/index.php\/2021\/06\/21\/prebjegla-iz-sjeverne-koreje-u-sad-prijedoh-pustinju-da-bih-bila-slobodna-ali-nisam-evo-zasto\/"},"wordCount":512,"publisher":{"@id":"https:\/\/radioljubuski.ba\/#organization"},"image":{"@id":"https:\/\/radioljubuski.ba\/index.php\/2021\/06\/21\/prebjegla-iz-sjeverne-koreje-u-sad-prijedoh-pustinju-da-bih-bila-slobodna-ali-nisam-evo-zasto\/#primaryimage"},"thumbnailUrl":"https:\/\/radioljubuski.ba\/wp-content\/uploads\/2021\/06\/Yeonmi-Park-1068x712-1.jpg","articleSection":["BIH i regija"],"inLanguage":"hr"},{"@type":"WebPage","@id":"https:\/\/radioljubuski.ba\/index.php\/2021\/06\/21\/prebjegla-iz-sjeverne-koreje-u-sad-prijedoh-pustinju-da-bih-bila-slobodna-ali-nisam-evo-zasto\/","url":"https:\/\/radioljubuski.ba\/index.php\/2021\/06\/21\/prebjegla-iz-sjeverne-koreje-u-sad-prijedoh-pustinju-da-bih-bila-slobodna-ali-nisam-evo-zasto\/","name":"Prebjegla iz Sjeverne Koreje u SAD: \u2018Prije\u0111oh pustinju da bih bila slobodna, ali nisam. Evo za\u0161to\u2026\u2019 - RADIO LJUBU\u0160KI","isPartOf":{"@id":"https:\/\/radioljubuski.ba\/#website"},"primaryImageOfPage":{"@id":"https:\/\/radioljubuski.ba\/index.php\/2021\/06\/21\/prebjegla-iz-sjeverne-koreje-u-sad-prijedoh-pustinju-da-bih-bila-slobodna-ali-nisam-evo-zasto\/#primaryimage"},"image":{"@id":"https:\/\/radioljubuski.ba\/index.php\/2021\/06\/21\/prebjegla-iz-sjeverne-koreje-u-sad-prijedoh-pustinju-da-bih-bila-slobodna-ali-nisam-evo-zasto\/#primaryimage"},"thumbnailUrl":"https:\/\/radioljubuski.ba\/wp-content\/uploads\/2021\/06\/Yeonmi-Park-1068x712-1.jpg","datePublished":"2021-06-20T23:31:59+00:00","dateModified":"2021-06-20T23:32:01+00:00","breadcrumb":{"@id":"https:\/\/radioljubuski.ba\/index.php\/2021\/06\/21\/prebjegla-iz-sjeverne-koreje-u-sad-prijedoh-pustinju-da-bih-bila-slobodna-ali-nisam-evo-zasto\/#breadcrumb"},"inLanguage":"hr","potentialAction":[{"@type":"ReadAction","target":["https:\/\/radioljubuski.ba\/index.php\/2021\/06\/21\/prebjegla-iz-sjeverne-koreje-u-sad-prijedoh-pustinju-da-bih-bila-slobodna-ali-nisam-evo-zasto\/"]}]},{"@type":"ImageObject","inLanguage":"hr","@id":"https:\/\/radioljubuski.ba\/index.php\/2021\/06\/21\/prebjegla-iz-sjeverne-koreje-u-sad-prijedoh-pustinju-da-bih-bila-slobodna-ali-nisam-evo-zasto\/#primaryimage","url":"https:\/\/radioljubuski.ba\/wp-content\/uploads\/2021\/06\/Yeonmi-Park-1068x712-1.jpg","contentUrl":"https:\/\/radioljubuski.ba\/wp-content\/uploads\/2021\/06\/Yeonmi-Park-1068x712-1.jpg","width":1068,"height":712},{"@type":"BreadcrumbList","@id":"https:\/\/radioljubuski.ba\/index.php\/2021\/06\/21\/prebjegla-iz-sjeverne-koreje-u-sad-prijedoh-pustinju-da-bih-bila-slobodna-ali-nisam-evo-zasto\/#breadcrumb","itemListElement":[{"@type":"ListItem","position":1,"name":"Po\u010detna stranica","item":"https:\/\/radioljubuski.ba\/"},{"@type":"ListItem","position":2,"name":"Prebjegla iz Sjeverne Koreje u SAD: \u2018Prije\u0111oh pustinju da bih bila slobodna, ali nisam. Evo za\u0161to\u2026\u2019"}]},{"@type":"WebSite","@id":"https:\/\/radioljubuski.ba\/#website","url":"https:\/\/radioljubuski.ba\/","name":"Radio Ljubu\u0161ki","description":"Sun\u010dana frekvencija Hercegovine","publisher":{"@id":"https:\/\/radioljubuski.ba\/#organization"},"potentialAction":[{"@type":"SearchAction","target":{"@type":"EntryPoint","urlTemplate":"https:\/\/radioljubuski.ba\/?s={search_term_string}"},"query-input":{"@type":"PropertyValueSpecification","valueRequired":true,"valueName":"search_term_string"}}],"inLanguage":"hr"},{"@type":"Organization","@id":"https:\/\/radioljubuski.ba\/#organization","name":"Radio Ljubu\u0161ki","url":"https:\/\/radioljubuski.ba\/","logo":{"@type":"ImageObject","inLanguage":"hr","@id":"https:\/\/radioljubuski.ba\/#\/schema\/logo\/image\/","url":"https:\/\/radioljubuski.ba\/wp-content\/uploads\/2021\/02\/cropped-Radio_Ljubuski_logo1.jpg","contentUrl":"https:\/\/radioljubuski.ba\/wp-content\/uploads\/2021\/02\/cropped-Radio_Ljubuski_logo1.jpg","width":512,"height":512,"caption":"Radio Ljubu\u0161ki"},"image":{"@id":"https:\/\/radioljubuski.ba\/#\/schema\/logo\/image\/"},"sameAs":["https:\/\/www.facebook.com\/Radiio-Ljubuski-1490835324566332","https:\/\/x.com\/radioljubuski","https:\/\/hr.linkedin.com\/company\/radio-ljubuski","https:\/\/www.youtube.com\/channel\/UCHYaeO_n0Db3tjNGudGpXyw"]},{"@type":"Person","@id":"https:\/\/radioljubuski.ba\/#\/schema\/person\/19fc700381a780f69665d7956c469e3b","name":"Radio Ljubu\u0161ki"}]}},"_links":{"self":[{"href":"https:\/\/radioljubuski.ba\/index.php\/wp-json\/wp\/v2\/posts\/34377","targetHints":{"allow":["GET"]}}],"collection":[{"href":"https:\/\/radioljubuski.ba\/index.php\/wp-json\/wp\/v2\/posts"}],"about":[{"href":"https:\/\/radioljubuski.ba\/index.php\/wp-json\/wp\/v2\/types\/post"}],"author":[{"embeddable":true,"href":"https:\/\/radioljubuski.ba\/index.php\/wp-json\/wp\/v2\/users\/2"}],"replies":[{"embeddable":true,"href":"https:\/\/radioljubuski.ba\/index.php\/wp-json\/wp\/v2\/comments?post=34377"}],"version-history":[{"count":1,"href":"https:\/\/radioljubuski.ba\/index.php\/wp-json\/wp\/v2\/posts\/34377\/revisions"}],"predecessor-version":[{"id":34379,"href":"https:\/\/radioljubuski.ba\/index.php\/wp-json\/wp\/v2\/posts\/34377\/revisions\/34379"}],"wp:featuredmedia":[{"embeddable":true,"href":"https:\/\/radioljubuski.ba\/index.php\/wp-json\/wp\/v2\/media\/34378"}],"wp:attachment":[{"href":"https:\/\/radioljubuski.ba\/index.php\/wp-json\/wp\/v2\/media?parent=34377"}],"wp:term":[{"taxonomy":"category","embeddable":true,"href":"https:\/\/radioljubuski.ba\/index.php\/wp-json\/wp\/v2\/categories?post=34377"},{"taxonomy":"post_tag","embeddable":true,"href":"https:\/\/radioljubuski.ba\/index.php\/wp-json\/wp\/v2\/tags?post=34377"}],"curies":[{"name":"wp","href":"https:\/\/api.w.org\/{rel}","templated":true}]}}