{"id":34434,"date":"2021-06-21T10:57:01","date_gmt":"2021-06-21T09:57:01","guid":{"rendered":"https:\/\/radioljubuski.ba\/?p=34434"},"modified":"2021-06-21T10:57:02","modified_gmt":"2021-06-21T09:57:02","slug":"pocetkom-2021-u-bih-zabiljezen-rast-industrijske-proizvodnje-polozaj-umirovljenika-sve-tezi","status":"publish","type":"post","link":"https:\/\/radioljubuski.ba\/index.php\/2021\/06\/21\/pocetkom-2021-u-bih-zabiljezen-rast-industrijske-proizvodnje-polozaj-umirovljenika-sve-tezi\/","title":{"rendered":"Po\u010detkom 2021. u BiH zabilje\u017een rast industrijske proizvodnje, polo\u017eaj umirovljenika sve te\u017ei"},"content":{"rendered":"\n<p>Makroekonomski indikatori za 2020. godinu pokazuju da je pandemija bolesti COVID-19 ostavila zna\u010dajne posljedice po ekonomiju Bosne i Hercegovine, stoji u objavljenom Redovnom ekonomskom izvje\u0161taju Fondacije Friedrich Naumann.<\/p>\n\n\n\n<p>Autori navode da zabilje\u017eeni ekonomski pad \u0107e biti ve\u0107i nego \u0161to su ostvarene godi\u0161nje stope rasta od dolaska posljednje ekonomske krize 2008. godine. Prema obimu vanjskotrgovinske razmjene, Bosna i Hercegovina se vratila na nivo 2017. godine, prije svega zbog velikog pada uvoza, \u0161to je uzrokovano padom potro\u0161nje stanovni\u0161tva, ali i zbog pada izvoza.<\/p>\n\n\n\n<p>&#8220;Nakon du\u017eeg perioda, industrijska proizvodnja je po\u010detkom 2021. godine zabilje\u017eila mjese\u010dni rast, u najve\u0107oj mjeri zbog ve\u0107e proizvodnje elektri\u010dne energije, te se nadati da \u0107e se pozitivni trendovi nastaviti i tijekom godine. Iako je zabilje\u017eeno op\u0107e smanjenje cijena, \u0161to je rezultat nastavka trajanja potro\u0161a\u010dkog pesimizma, pojedine stavke poput osnovnih \u017eivotnih namirnica su bilje\u017eile rast, \u0161to je dovelo u te\u017ei polo\u017eaj pojedine kategorije stanovni\u0161tva, poput umirovljenika, kojima mirovina ne\u0107e biti pove\u0107ane tijekom 2021. godine. Njihov broj tijekom 2020. godine je zna\u010dajno pove\u0107an, \u0161to je dovelo do dodatnog pritiska na bud\u017eete oba entiteta. Kretanja broja umirovljenika u narednom periodu najvi\u0161e zavise od trajanja pandemije i po\u010detka procesa cijepljenja, \u0161to determinira smrtnost ovog dijela populacije&#8221;, navodi se dalje.<\/p>\n\n\n\n<p>Prvi kvartal 2021. godine je bio posebno izazovan za bosanskohercegova\u010dku ekonomiju. COVID-19 pandemija je prouzrokovala brojne probleme \u2212 ve\u0107i broj nezaposlenih osoba, rast cijena, bud\u017eetske nestabilnosti i, posljedi\u010dno, nagla\u0161avanje politi\u010dkih, socijalnih te naro\u010dito zdravstvenih kriza.<\/p>\n\n\n\n<p>&#8220;Ve\u0107ina vlada u Bosni i Hercegovini je ve\u0107 anticipirala navedeno, predla\u017eu\u0107i i usvajaju\u0107i znatno manje prora\u010dune u odnosu na prijedloge iz 2019. godine, odnosno po\u010detak 2020. godine. Osnovni izazovi doma\u0107e ekonomije koji su proistekli iz prvog kvartala se odnose na tre\u0107i val pandemije i njegove posljedice po doma\u0107u ekonomiju kakve su izostanak vakcina, kao i parcijalna zatvaranja ekonomije (lockdown), poput onih u Sarajevskoj \u017eupaniji. Vlade nemaju inovativna ekonomska rje\u0161enja niti planiraju svoje poteze u tom pravcu. Ono \u0161to je posebno izazovno jesu negativni ekonomski trendovi, naro\u010dito u zemljama Europske unije (EU). Ovi trendovi \u0107e imati izuzetne posljedice po ekonomiju Bosne i Hercegovine, \u0161to vjerojatno opravdava postoje\u0107u procjenu od 2.8% rasta\/oporavka u ovoj godini&#8221;, ka\u017eu oni.<\/p>\n\n\n\n<p>Rezultati provedenog istra\u017eivanja u okviru izvje\u0161taja ukazuju da privredni subjekti u Bosni i Hercegovini ukupnu poslovnu klimu percipiraju kao nepoticajnu, pri \u010demu ne vide da se ona ne\u0161to bitnije mijenja u posljednjih pet godina. Posebno se isti\u010du \u010detiri prepreke koje su ispitanici prosje\u010dno ocijenili kao najve\u0107e. To su: parafiskalni i administrativni tro\u0161kovi poslovanja, pravna nesigurnost i pravosu\u0111e, javna uprava i porezne obaveze.<\/p>\n\n\n\n<p>&#8220;Kao najzna\u010dajnija prepreka poslovanju navedeni su parafiskalni i administrativni tro\u0161kovi poslovanja, \u0161to je i o\u010dekivano jer ih privredni subjekti percipiraju kao direktni, ve\u0107inom nepotrebni tro\u0161ak, pri \u010demu im posebno smeta broj potrebnih procedura za ispunjavanje propisa iz ove oblasti, kao i netransparentnost u tro\u0161enju tih sredstava, bez jasnog efekta i koristi od propisanih nameta. Pravni sistem i, generalno, pravosu\u0111e je percipirano kao veoma zna\u010dajna prepreka poslovanju. Ono \u0161to je posebno istaknuto kada je rije\u010d o pravosu\u0111u, jeste \u010dinjenica da se sudski postupci veoma dugo vode, uz ote\u017eanu provedbu samih sudskih presuda. Osim navedenog, \u010desta pojava neuskla\u0111enosti zakonskih i podzakonskih akata stvara klimu nepovjerenja u pravosudni sistem kao jedan od klju\u010deva dobre poslovne klime i privla\u010denja stranih investicija&#8221;, smatraju autori.<\/p>\n\n\n\n<p>Kada je rije\u010d o javnoj upravi, jasno se vidi da izostanak digitalizacije stvara, naro\u010dito u ovom vremenu, zna\u010dajne pote\u0161ko\u0107e u poslovanju. Tako\u0111er, evidentan je veliki broj potrebnih koraka za dobivanje razli\u010ditih dozvola te razli\u010dita tuma\u010denja propisa na razli\u010ditim nivoima vlasti. \u0160to se ti\u010de poreznih obaveza, pored o\u010dekivane negativne percepcije same njihove visine, \u0161to se mo\u017ee shvatiti kao subjektivni do\u017eivljaj, jer objektivno porezi su u na\u0161oj zemlji ni\u017ei u komparaciji sa europskim okru\u017eenjem, ono \u0161to posebno smeta gospodarstvenike je postupanje poreznih vlasti u smislu napla\u0107ivanja kazni i u slu\u010dajevima uo\u010denih manjih nepravilnosti, umjesto primjene na\u010dela upozorenja, kao i neujedna\u010deno tuma\u010denje poreznih propisa na razli\u010ditim nivoima poreznih tijela.<\/p>\n\n\n\n<p>Preporuke za pobolj\u0161anje poslovne klime idu prvenstveno u smjeru pobolj\u0161anja pravnog okvira poslovanja, unapre\u0111enja efikasnosti javne uprave, smanjenja parafiskalnih davanja, uz pove\u0107anje transparentnosti utro\u0161ka tako prikupljenih sredstava te ja\u010danje fleksibilnosti tr\u017ei\u0161ta rada.<\/p>\n\n\n\n<p>Redovni ekonomski izvje\u0161taj Friedrich Naumann Fondacije djelo je ekonomista Admira \u010cavali\u0107a, Faruka Had\u017ei\u0107a i Damira Be\u0107irovi\u0107a, objavljivju je se \u010detiri puta godi\u0161nje.<\/p>\n\n\n\n<p>Izvor:klix.ba<\/p>\n","protected":false},"excerpt":{"rendered":"<p>Makroekonomski indikatori za 2020. godinu pokazuju da je pandemija bolesti COVID-19 ostavila zna\u010dajne posljedice po ekonomiju Bosne i Hercegovine, stoji u objavljenom Redovnom ekonomskom izvje\u0161taju Fondacije Friedrich Naumann. Autori navode da zabilje\u017eeni ekonomski pad \u0107e biti ve\u0107i nego \u0161to su ostvarene godi\u0161nje stope rasta od dolaska posljednje ekonomske krize 2008. godine. Prema obimu vanjskotrgovinske razmjene, [&hellip;]<\/p>\n","protected":false},"author":2,"featured_media":17634,"comment_status":"closed","ping_status":"closed","sticky":false,"template":"","format":"standard","meta":{"h5ap_radio_sources":[],"footnotes":""},"categories":[1],"tags":[],"class_list":["post-34434","post","type-post","status-publish","format-standard","has-post-thumbnail","hentry","category-bihiregija"],"yoast_head":"<!-- This site is optimized with the Yoast SEO plugin v27.5 - https:\/\/yoast.com\/product\/yoast-seo-wordpress\/ -->\n<title>Po\u010detkom 2021. u BiH zabilje\u017een rast industrijske proizvodnje, polo\u017eaj umirovljenika sve te\u017ei - RADIO LJUBU\u0160KI<\/title>\n<meta name=\"robots\" content=\"index, follow, max-snippet:-1, max-image-preview:large, max-video-preview:-1\" \/>\n<link rel=\"canonical\" href=\"https:\/\/radioljubuski.ba\/index.php\/2021\/06\/21\/pocetkom-2021-u-bih-zabiljezen-rast-industrijske-proizvodnje-polozaj-umirovljenika-sve-tezi\/\" \/>\n<meta property=\"og:locale\" content=\"hr_HR\" \/>\n<meta property=\"og:type\" content=\"article\" \/>\n<meta property=\"og:title\" content=\"Po\u010detkom 2021. u BiH zabilje\u017een rast industrijske proizvodnje, polo\u017eaj umirovljenika sve te\u017ei - RADIO LJUBU\u0160KI\" \/>\n<meta property=\"og:description\" content=\"Makroekonomski indikatori za 2020. godinu pokazuju da je pandemija bolesti COVID-19 ostavila zna\u010dajne posljedice po ekonomiju Bosne i Hercegovine, stoji u objavljenom Redovnom ekonomskom izvje\u0161taju Fondacije Friedrich Naumann. Autori navode da zabilje\u017eeni ekonomski pad \u0107e biti ve\u0107i nego \u0161to su ostvarene godi\u0161nje stope rasta od dolaska posljednje ekonomske krize 2008. godine. Prema obimu vanjskotrgovinske razmjene, [&hellip;]\" \/>\n<meta property=\"og:url\" content=\"https:\/\/radioljubuski.ba\/index.php\/2021\/06\/21\/pocetkom-2021-u-bih-zabiljezen-rast-industrijske-proizvodnje-polozaj-umirovljenika-sve-tezi\/\" \/>\n<meta property=\"og:site_name\" content=\"RADIO LJUBU\u0160KI\" \/>\n<meta property=\"article:publisher\" content=\"https:\/\/www.facebook.com\/Radiio-Ljubuski-1490835324566332\" \/>\n<meta property=\"article:published_time\" content=\"2021-06-21T09:57:01+00:00\" \/>\n<meta property=\"article:modified_time\" content=\"2021-06-21T09:57:02+00:00\" \/>\n<meta property=\"og:image\" content=\"https:\/\/radioljubuski.ba\/wp-content\/uploads\/2021\/05\/umirovljenici.jpg\" \/>\n\t<meta property=\"og:image:width\" content=\"1000\" \/>\n\t<meta property=\"og:image:height\" content=\"625\" \/>\n\t<meta property=\"og:image:type\" content=\"image\/jpeg\" \/>\n<meta name=\"author\" content=\"Radio Ljubu\u0161ki\" \/>\n<meta name=\"twitter:card\" content=\"summary_large_image\" \/>\n<meta name=\"twitter:creator\" content=\"@radioljubuski\" \/>\n<meta name=\"twitter:site\" content=\"@radioljubuski\" \/>\n<meta name=\"twitter:label1\" content=\"Napisao\/la\" \/>\n\t<meta name=\"twitter:data1\" content=\"Radio Ljubu\u0161ki\" \/>\n\t<meta name=\"twitter:label2\" content=\"Procijenjeno vrijeme \u010ditanja\" \/>\n\t<meta name=\"twitter:data2\" content=\"4 minute\" \/>\n<script type=\"application\/ld+json\" class=\"yoast-schema-graph\">{\"@context\":\"https:\\\/\\\/schema.org\",\"@graph\":[{\"@type\":\"Article\",\"@id\":\"https:\\\/\\\/radioljubuski.ba\\\/index.php\\\/2021\\\/06\\\/21\\\/pocetkom-2021-u-bih-zabiljezen-rast-industrijske-proizvodnje-polozaj-umirovljenika-sve-tezi\\\/#article\",\"isPartOf\":{\"@id\":\"https:\\\/\\\/radioljubuski.ba\\\/index.php\\\/2021\\\/06\\\/21\\\/pocetkom-2021-u-bih-zabiljezen-rast-industrijske-proizvodnje-polozaj-umirovljenika-sve-tezi\\\/\"},\"author\":{\"name\":\"Radio Ljubu\u0161ki\",\"@id\":\"https:\\\/\\\/radioljubuski.ba\\\/#\\\/schema\\\/person\\\/19fc700381a780f69665d7956c469e3b\"},\"headline\":\"Po\u010detkom 2021. u BiH zabilje\u017een rast industrijske proizvodnje, polo\u017eaj umirovljenika sve te\u017ei\",\"datePublished\":\"2021-06-21T09:57:01+00:00\",\"dateModified\":\"2021-06-21T09:57:02+00:00\",\"mainEntityOfPage\":{\"@id\":\"https:\\\/\\\/radioljubuski.ba\\\/index.php\\\/2021\\\/06\\\/21\\\/pocetkom-2021-u-bih-zabiljezen-rast-industrijske-proizvodnje-polozaj-umirovljenika-sve-tezi\\\/\"},\"wordCount\":803,\"publisher\":{\"@id\":\"https:\\\/\\\/radioljubuski.ba\\\/#organization\"},\"image\":{\"@id\":\"https:\\\/\\\/radioljubuski.ba\\\/index.php\\\/2021\\\/06\\\/21\\\/pocetkom-2021-u-bih-zabiljezen-rast-industrijske-proizvodnje-polozaj-umirovljenika-sve-tezi\\\/#primaryimage\"},\"thumbnailUrl\":\"https:\\\/\\\/radioljubuski.ba\\\/wp-content\\\/uploads\\\/2021\\\/05\\\/umirovljenici.jpg\",\"articleSection\":[\"BIH i regija\"],\"inLanguage\":\"hr\"},{\"@type\":\"WebPage\",\"@id\":\"https:\\\/\\\/radioljubuski.ba\\\/index.php\\\/2021\\\/06\\\/21\\\/pocetkom-2021-u-bih-zabiljezen-rast-industrijske-proizvodnje-polozaj-umirovljenika-sve-tezi\\\/\",\"url\":\"https:\\\/\\\/radioljubuski.ba\\\/index.php\\\/2021\\\/06\\\/21\\\/pocetkom-2021-u-bih-zabiljezen-rast-industrijske-proizvodnje-polozaj-umirovljenika-sve-tezi\\\/\",\"name\":\"Po\u010detkom 2021. u BiH zabilje\u017een rast industrijske proizvodnje, polo\u017eaj umirovljenika sve te\u017ei - RADIO LJUBU\u0160KI\",\"isPartOf\":{\"@id\":\"https:\\\/\\\/radioljubuski.ba\\\/#website\"},\"primaryImageOfPage\":{\"@id\":\"https:\\\/\\\/radioljubuski.ba\\\/index.php\\\/2021\\\/06\\\/21\\\/pocetkom-2021-u-bih-zabiljezen-rast-industrijske-proizvodnje-polozaj-umirovljenika-sve-tezi\\\/#primaryimage\"},\"image\":{\"@id\":\"https:\\\/\\\/radioljubuski.ba\\\/index.php\\\/2021\\\/06\\\/21\\\/pocetkom-2021-u-bih-zabiljezen-rast-industrijske-proizvodnje-polozaj-umirovljenika-sve-tezi\\\/#primaryimage\"},\"thumbnailUrl\":\"https:\\\/\\\/radioljubuski.ba\\\/wp-content\\\/uploads\\\/2021\\\/05\\\/umirovljenici.jpg\",\"datePublished\":\"2021-06-21T09:57:01+00:00\",\"dateModified\":\"2021-06-21T09:57:02+00:00\",\"breadcrumb\":{\"@id\":\"https:\\\/\\\/radioljubuski.ba\\\/index.php\\\/2021\\\/06\\\/21\\\/pocetkom-2021-u-bih-zabiljezen-rast-industrijske-proizvodnje-polozaj-umirovljenika-sve-tezi\\\/#breadcrumb\"},\"inLanguage\":\"hr\",\"potentialAction\":[{\"@type\":\"ReadAction\",\"target\":[\"https:\\\/\\\/radioljubuski.ba\\\/index.php\\\/2021\\\/06\\\/21\\\/pocetkom-2021-u-bih-zabiljezen-rast-industrijske-proizvodnje-polozaj-umirovljenika-sve-tezi\\\/\"]}]},{\"@type\":\"ImageObject\",\"inLanguage\":\"hr\",\"@id\":\"https:\\\/\\\/radioljubuski.ba\\\/index.php\\\/2021\\\/06\\\/21\\\/pocetkom-2021-u-bih-zabiljezen-rast-industrijske-proizvodnje-polozaj-umirovljenika-sve-tezi\\\/#primaryimage\",\"url\":\"https:\\\/\\\/radioljubuski.ba\\\/wp-content\\\/uploads\\\/2021\\\/05\\\/umirovljenici.jpg\",\"contentUrl\":\"https:\\\/\\\/radioljubuski.ba\\\/wp-content\\\/uploads\\\/2021\\\/05\\\/umirovljenici.jpg\",\"width\":1000,\"height\":625},{\"@type\":\"BreadcrumbList\",\"@id\":\"https:\\\/\\\/radioljubuski.ba\\\/index.php\\\/2021\\\/06\\\/21\\\/pocetkom-2021-u-bih-zabiljezen-rast-industrijske-proizvodnje-polozaj-umirovljenika-sve-tezi\\\/#breadcrumb\",\"itemListElement\":[{\"@type\":\"ListItem\",\"position\":1,\"name\":\"Po\u010detna stranica\",\"item\":\"https:\\\/\\\/radioljubuski.ba\\\/\"},{\"@type\":\"ListItem\",\"position\":2,\"name\":\"Po\u010detkom 2021. u BiH zabilje\u017een rast industrijske proizvodnje, polo\u017eaj umirovljenika sve te\u017ei\"}]},{\"@type\":\"WebSite\",\"@id\":\"https:\\\/\\\/radioljubuski.ba\\\/#website\",\"url\":\"https:\\\/\\\/radioljubuski.ba\\\/\",\"name\":\"Radio Ljubu\u0161ki\",\"description\":\"Sun\u010dana frekvencija Hercegovine\",\"publisher\":{\"@id\":\"https:\\\/\\\/radioljubuski.ba\\\/#organization\"},\"potentialAction\":[{\"@type\":\"SearchAction\",\"target\":{\"@type\":\"EntryPoint\",\"urlTemplate\":\"https:\\\/\\\/radioljubuski.ba\\\/?s={search_term_string}\"},\"query-input\":{\"@type\":\"PropertyValueSpecification\",\"valueRequired\":true,\"valueName\":\"search_term_string\"}}],\"inLanguage\":\"hr\"},{\"@type\":\"Organization\",\"@id\":\"https:\\\/\\\/radioljubuski.ba\\\/#organization\",\"name\":\"Radio Ljubu\u0161ki\",\"url\":\"https:\\\/\\\/radioljubuski.ba\\\/\",\"logo\":{\"@type\":\"ImageObject\",\"inLanguage\":\"hr\",\"@id\":\"https:\\\/\\\/radioljubuski.ba\\\/#\\\/schema\\\/logo\\\/image\\\/\",\"url\":\"https:\\\/\\\/radioljubuski.ba\\\/wp-content\\\/uploads\\\/2021\\\/02\\\/cropped-Radio_Ljubuski_logo1.jpg\",\"contentUrl\":\"https:\\\/\\\/radioljubuski.ba\\\/wp-content\\\/uploads\\\/2021\\\/02\\\/cropped-Radio_Ljubuski_logo1.jpg\",\"width\":512,\"height\":512,\"caption\":\"Radio Ljubu\u0161ki\"},\"image\":{\"@id\":\"https:\\\/\\\/radioljubuski.ba\\\/#\\\/schema\\\/logo\\\/image\\\/\"},\"sameAs\":[\"https:\\\/\\\/www.facebook.com\\\/Radiio-Ljubuski-1490835324566332\",\"https:\\\/\\\/x.com\\\/radioljubuski\",\"https:\\\/\\\/hr.linkedin.com\\\/company\\\/radio-ljubuski\",\"https:\\\/\\\/www.youtube.com\\\/channel\\\/UCHYaeO_n0Db3tjNGudGpXyw\"]},{\"@type\":\"Person\",\"@id\":\"https:\\\/\\\/radioljubuski.ba\\\/#\\\/schema\\\/person\\\/19fc700381a780f69665d7956c469e3b\",\"name\":\"Radio Ljubu\u0161ki\"}]}<\/script>\n<!-- \/ Yoast SEO plugin. -->","yoast_head_json":{"title":"Po\u010detkom 2021. u BiH zabilje\u017een rast industrijske proizvodnje, polo\u017eaj umirovljenika sve te\u017ei - RADIO LJUBU\u0160KI","robots":{"index":"index","follow":"follow","max-snippet":"max-snippet:-1","max-image-preview":"max-image-preview:large","max-video-preview":"max-video-preview:-1"},"canonical":"https:\/\/radioljubuski.ba\/index.php\/2021\/06\/21\/pocetkom-2021-u-bih-zabiljezen-rast-industrijske-proizvodnje-polozaj-umirovljenika-sve-tezi\/","og_locale":"hr_HR","og_type":"article","og_title":"Po\u010detkom 2021. u BiH zabilje\u017een rast industrijske proizvodnje, polo\u017eaj umirovljenika sve te\u017ei - RADIO LJUBU\u0160KI","og_description":"Makroekonomski indikatori za 2020. godinu pokazuju da je pandemija bolesti COVID-19 ostavila zna\u010dajne posljedice po ekonomiju Bosne i Hercegovine, stoji u objavljenom Redovnom ekonomskom izvje\u0161taju Fondacije Friedrich Naumann. Autori navode da zabilje\u017eeni ekonomski pad \u0107e biti ve\u0107i nego \u0161to su ostvarene godi\u0161nje stope rasta od dolaska posljednje ekonomske krize 2008. godine. Prema obimu vanjskotrgovinske razmjene, [&hellip;]","og_url":"https:\/\/radioljubuski.ba\/index.php\/2021\/06\/21\/pocetkom-2021-u-bih-zabiljezen-rast-industrijske-proizvodnje-polozaj-umirovljenika-sve-tezi\/","og_site_name":"RADIO LJUBU\u0160KI","article_publisher":"https:\/\/www.facebook.com\/Radiio-Ljubuski-1490835324566332","article_published_time":"2021-06-21T09:57:01+00:00","article_modified_time":"2021-06-21T09:57:02+00:00","og_image":[{"width":1000,"height":625,"url":"https:\/\/radioljubuski.ba\/wp-content\/uploads\/2021\/05\/umirovljenici.jpg","type":"image\/jpeg"}],"author":"Radio Ljubu\u0161ki","twitter_card":"summary_large_image","twitter_creator":"@radioljubuski","twitter_site":"@radioljubuski","twitter_misc":{"Napisao\/la":"Radio Ljubu\u0161ki","Procijenjeno vrijeme \u010ditanja":"4 minute"},"schema":{"@context":"https:\/\/schema.org","@graph":[{"@type":"Article","@id":"https:\/\/radioljubuski.ba\/index.php\/2021\/06\/21\/pocetkom-2021-u-bih-zabiljezen-rast-industrijske-proizvodnje-polozaj-umirovljenika-sve-tezi\/#article","isPartOf":{"@id":"https:\/\/radioljubuski.ba\/index.php\/2021\/06\/21\/pocetkom-2021-u-bih-zabiljezen-rast-industrijske-proizvodnje-polozaj-umirovljenika-sve-tezi\/"},"author":{"name":"Radio Ljubu\u0161ki","@id":"https:\/\/radioljubuski.ba\/#\/schema\/person\/19fc700381a780f69665d7956c469e3b"},"headline":"Po\u010detkom 2021. u BiH zabilje\u017een rast industrijske proizvodnje, polo\u017eaj umirovljenika sve te\u017ei","datePublished":"2021-06-21T09:57:01+00:00","dateModified":"2021-06-21T09:57:02+00:00","mainEntityOfPage":{"@id":"https:\/\/radioljubuski.ba\/index.php\/2021\/06\/21\/pocetkom-2021-u-bih-zabiljezen-rast-industrijske-proizvodnje-polozaj-umirovljenika-sve-tezi\/"},"wordCount":803,"publisher":{"@id":"https:\/\/radioljubuski.ba\/#organization"},"image":{"@id":"https:\/\/radioljubuski.ba\/index.php\/2021\/06\/21\/pocetkom-2021-u-bih-zabiljezen-rast-industrijske-proizvodnje-polozaj-umirovljenika-sve-tezi\/#primaryimage"},"thumbnailUrl":"https:\/\/radioljubuski.ba\/wp-content\/uploads\/2021\/05\/umirovljenici.jpg","articleSection":["BIH i regija"],"inLanguage":"hr"},{"@type":"WebPage","@id":"https:\/\/radioljubuski.ba\/index.php\/2021\/06\/21\/pocetkom-2021-u-bih-zabiljezen-rast-industrijske-proizvodnje-polozaj-umirovljenika-sve-tezi\/","url":"https:\/\/radioljubuski.ba\/index.php\/2021\/06\/21\/pocetkom-2021-u-bih-zabiljezen-rast-industrijske-proizvodnje-polozaj-umirovljenika-sve-tezi\/","name":"Po\u010detkom 2021. u BiH zabilje\u017een rast industrijske proizvodnje, polo\u017eaj umirovljenika sve te\u017ei - RADIO LJUBU\u0160KI","isPartOf":{"@id":"https:\/\/radioljubuski.ba\/#website"},"primaryImageOfPage":{"@id":"https:\/\/radioljubuski.ba\/index.php\/2021\/06\/21\/pocetkom-2021-u-bih-zabiljezen-rast-industrijske-proizvodnje-polozaj-umirovljenika-sve-tezi\/#primaryimage"},"image":{"@id":"https:\/\/radioljubuski.ba\/index.php\/2021\/06\/21\/pocetkom-2021-u-bih-zabiljezen-rast-industrijske-proizvodnje-polozaj-umirovljenika-sve-tezi\/#primaryimage"},"thumbnailUrl":"https:\/\/radioljubuski.ba\/wp-content\/uploads\/2021\/05\/umirovljenici.jpg","datePublished":"2021-06-21T09:57:01+00:00","dateModified":"2021-06-21T09:57:02+00:00","breadcrumb":{"@id":"https:\/\/radioljubuski.ba\/index.php\/2021\/06\/21\/pocetkom-2021-u-bih-zabiljezen-rast-industrijske-proizvodnje-polozaj-umirovljenika-sve-tezi\/#breadcrumb"},"inLanguage":"hr","potentialAction":[{"@type":"ReadAction","target":["https:\/\/radioljubuski.ba\/index.php\/2021\/06\/21\/pocetkom-2021-u-bih-zabiljezen-rast-industrijske-proizvodnje-polozaj-umirovljenika-sve-tezi\/"]}]},{"@type":"ImageObject","inLanguage":"hr","@id":"https:\/\/radioljubuski.ba\/index.php\/2021\/06\/21\/pocetkom-2021-u-bih-zabiljezen-rast-industrijske-proizvodnje-polozaj-umirovljenika-sve-tezi\/#primaryimage","url":"https:\/\/radioljubuski.ba\/wp-content\/uploads\/2021\/05\/umirovljenici.jpg","contentUrl":"https:\/\/radioljubuski.ba\/wp-content\/uploads\/2021\/05\/umirovljenici.jpg","width":1000,"height":625},{"@type":"BreadcrumbList","@id":"https:\/\/radioljubuski.ba\/index.php\/2021\/06\/21\/pocetkom-2021-u-bih-zabiljezen-rast-industrijske-proizvodnje-polozaj-umirovljenika-sve-tezi\/#breadcrumb","itemListElement":[{"@type":"ListItem","position":1,"name":"Po\u010detna stranica","item":"https:\/\/radioljubuski.ba\/"},{"@type":"ListItem","position":2,"name":"Po\u010detkom 2021. u BiH zabilje\u017een rast industrijske proizvodnje, polo\u017eaj umirovljenika sve te\u017ei"}]},{"@type":"WebSite","@id":"https:\/\/radioljubuski.ba\/#website","url":"https:\/\/radioljubuski.ba\/","name":"Radio Ljubu\u0161ki","description":"Sun\u010dana frekvencija Hercegovine","publisher":{"@id":"https:\/\/radioljubuski.ba\/#organization"},"potentialAction":[{"@type":"SearchAction","target":{"@type":"EntryPoint","urlTemplate":"https:\/\/radioljubuski.ba\/?s={search_term_string}"},"query-input":{"@type":"PropertyValueSpecification","valueRequired":true,"valueName":"search_term_string"}}],"inLanguage":"hr"},{"@type":"Organization","@id":"https:\/\/radioljubuski.ba\/#organization","name":"Radio Ljubu\u0161ki","url":"https:\/\/radioljubuski.ba\/","logo":{"@type":"ImageObject","inLanguage":"hr","@id":"https:\/\/radioljubuski.ba\/#\/schema\/logo\/image\/","url":"https:\/\/radioljubuski.ba\/wp-content\/uploads\/2021\/02\/cropped-Radio_Ljubuski_logo1.jpg","contentUrl":"https:\/\/radioljubuski.ba\/wp-content\/uploads\/2021\/02\/cropped-Radio_Ljubuski_logo1.jpg","width":512,"height":512,"caption":"Radio Ljubu\u0161ki"},"image":{"@id":"https:\/\/radioljubuski.ba\/#\/schema\/logo\/image\/"},"sameAs":["https:\/\/www.facebook.com\/Radiio-Ljubuski-1490835324566332","https:\/\/x.com\/radioljubuski","https:\/\/hr.linkedin.com\/company\/radio-ljubuski","https:\/\/www.youtube.com\/channel\/UCHYaeO_n0Db3tjNGudGpXyw"]},{"@type":"Person","@id":"https:\/\/radioljubuski.ba\/#\/schema\/person\/19fc700381a780f69665d7956c469e3b","name":"Radio Ljubu\u0161ki"}]}},"_links":{"self":[{"href":"https:\/\/radioljubuski.ba\/index.php\/wp-json\/wp\/v2\/posts\/34434","targetHints":{"allow":["GET"]}}],"collection":[{"href":"https:\/\/radioljubuski.ba\/index.php\/wp-json\/wp\/v2\/posts"}],"about":[{"href":"https:\/\/radioljubuski.ba\/index.php\/wp-json\/wp\/v2\/types\/post"}],"author":[{"embeddable":true,"href":"https:\/\/radioljubuski.ba\/index.php\/wp-json\/wp\/v2\/users\/2"}],"replies":[{"embeddable":true,"href":"https:\/\/radioljubuski.ba\/index.php\/wp-json\/wp\/v2\/comments?post=34434"}],"version-history":[{"count":1,"href":"https:\/\/radioljubuski.ba\/index.php\/wp-json\/wp\/v2\/posts\/34434\/revisions"}],"predecessor-version":[{"id":34435,"href":"https:\/\/radioljubuski.ba\/index.php\/wp-json\/wp\/v2\/posts\/34434\/revisions\/34435"}],"wp:featuredmedia":[{"embeddable":true,"href":"https:\/\/radioljubuski.ba\/index.php\/wp-json\/wp\/v2\/media\/17634"}],"wp:attachment":[{"href":"https:\/\/radioljubuski.ba\/index.php\/wp-json\/wp\/v2\/media?parent=34434"}],"wp:term":[{"taxonomy":"category","embeddable":true,"href":"https:\/\/radioljubuski.ba\/index.php\/wp-json\/wp\/v2\/categories?post=34434"},{"taxonomy":"post_tag","embeddable":true,"href":"https:\/\/radioljubuski.ba\/index.php\/wp-json\/wp\/v2\/tags?post=34434"}],"curies":[{"name":"wp","href":"https:\/\/api.w.org\/{rel}","templated":true}]}}