{"id":34526,"date":"2021-06-21T23:07:20","date_gmt":"2021-06-21T22:07:20","guid":{"rendered":"https:\/\/radioljubuski.ba\/?p=34526"},"modified":"2021-06-21T23:07:22","modified_gmt":"2021-06-21T22:07:22","slug":"34526","status":"publish","type":"post","link":"https:\/\/radioljubuski.ba\/index.php\/2021\/06\/21\/34526\/","title":{"rendered":""},"content":{"rendered":"\n<p><strong>Nema straha, sutra \u0107e na terenu biti jedna nova Hrvatska, najavio je dokapetan hrvatske nogometne reprezentacije Ivan Peri\u0161i\u0107 uo\u010di sutra\u0161njeg ogleda tre\u0107eg kola D skupine EP-a protiv \u0160kotske u Glasgowu.<\/strong><\/p>\n\n\n\n<p>Nakon prva dva kola Hrvatska i \u0160kotska imaju po jedan bod i u me\u0111usobnom susretu na Hampden Parku \u0107e tra\u017eiti tri boda za prolaz.<br><br>&#8211; Nismo bili pravi u prve dvije utakmice, moramo se skupiti, biti bolji, vi\u0161e tr\u010dati, kazao je krilni igra\u010d Intera dodav\u0161i:<br><br>&#8211; Nema straha, pri\u010dali smo izme\u0111u sebe, sutra \u0107e biti jedna nova Hrvatska. Dobro je \u0161to i oni moraju igrati na pobjedu, pa \u0107e utakmica biti zanimljiva.<br><br>\u0160kotski mediji najavljuju kako \u0107e &#8220;Vatreni&#8221; morati jurnuti, dok \u0107e &#8220;Tartan Army&#8221; \u010dekati svoju priliku.<br><br>&#8211; Vidjet \u0107emo kakva \u0107e biti taktika, utakmica traje 90 minuta, rekao je Peri\u0161i\u0107 dodav\u0161i:<br><br>&#8211; Jedino je va\u017eno upisati pobjedu.<br><br>Peri\u0161i\u0107ev pogodak protiv \u010ce\u0161ke odr\u017eao nas je na \u017eivotu, a Peri\u0161i\u0107 je postao prvi hrvatski nogometa\u0161 koji je zabio pogodak na \u010detiri velika natjecanja. Upisao se me\u0111u strijelce na dva SP-a (2014, 2018), te na dva EP-a (2016, 2020).<br><br>Krilni igra\u010d Intera je na World Cupu u Brazilu 2014. godine postigao dva gola. Prvi u pobjedi 4-0 protiv Kameruna, a drugi u porazu od Meksika 1-3. Dvije godine kasnije na EP-u u Francuskoj Peri\u0161i\u0107 je zabio jo\u0161 dva gola. U susretu 2. kola protiv \u010ce\u0161ke (2-2) zabio je gol za vodstvo 1-0, a u dvoboju posljednjeg kola skupine D protiv \u0160panjolske u 87. minuti za pobjedu 2-1. Na SP-u u Rusiji 2018. postigao je tri gola. Zabio je pobjedni\u010dki pogodak za 2-1 u susretu protiv Islanda u susretu 3. kola skupine D, a potom i protiv Engleske u polufinalu zabiv\u0161i za 1-1. Me\u0111u strijelce se upisao i u finalu protiv Francuske zabiv\u0161i za 1-1. Na\u017ealost, Francuzi su slavili s 4-2. Seriju je nastavio i na EP 2020. postigav\u0161i gol protiv \u010ce\u0161ke za 1-1.<br><br>&#8211; Otkako sam ja u reprezentaciji, a to je du\u017ee od 10 godina, uvijek smo bili pravi kad je bilo najte\u017ee, uvijek se vra\u0107amo iz mrtvih. Vjerujem u svoju ekipu, jedva \u010dekam sutra istr\u010dati, poru\u010dio je.<br><br>Peri\u0161i\u0107 se tako\u0111er osvrnuo i na \u010dinjenicu da \u0107e \u0160koti biti oslabljeni neigranjem veznjaka\u00a0<strong>Billyja Gilmoura<\/strong>\u00a0koji je pozitivan na Covid-19 zbog \u010dega je zavr\u0161io u samoizolaciji.<br><br>&#8211; Niti jednoj reprezentaciji nije lako kada izgubi nekog va\u017enog igra\u010da. No, vjerujem da oni imaju rje\u0161enja i za njega. Me\u0111utim, mi ovisimo o sebi, razmi\u0161ljamo jedino o sebi. Puno toga \u0107e ovisiti o nama, kazao je dodav\u0161i:<br><br>&#8211; Pravila su ista za sve, mi se moramo koncentrirati na nas i na pobjedu, bez obzir tko \u0107e zaigrati. Ostalo je nebitno. Neki igraju kod ku\u0107e, a neki ne mogu imati navija\u010de. S te strane smo oslabljeni. Moramo pro\u0107i grupu, pa \u0107e onda vjerujem biti i lak\u0161e, zaklju\u010dio je.<\/p>\n\n\n\n<figure class=\"wp-block-embed is-type-video is-provider-youtube wp-block-embed-youtube wp-embed-aspect-16-9 wp-has-aspect-ratio\"><div class=\"wp-block-embed__wrapper\">\n<iframe loading=\"lazy\" title=\"Konferencija za medije (Peri\u0161i\u0107, Dali\u0107) 21.06.2021. 14:45 Glasgow\" width=\"640\" height=\"360\" src=\"https:\/\/www.youtube.com\/embed\/lb6P8aHqnLA?feature=oembed\" frameborder=\"0\" allow=\"accelerometer; autoplay; clipboard-write; encrypted-media; gyroscope; picture-in-picture; web-share\" referrerpolicy=\"strict-origin-when-cross-origin\" allowfullscreen><\/iframe>\n<\/div><\/figure>\n\n\n\n<p>Izvor:hrt.hr<\/p>\n","protected":false},"excerpt":{"rendered":"<p>Nema straha, sutra \u0107e na terenu biti jedna nova Hrvatska, najavio je dokapetan hrvatske nogometne reprezentacije Ivan Peri\u0161i\u0107 uo\u010di sutra\u0161njeg ogleda tre\u0107eg kola D skupine EP-a protiv \u0160kotske u Glasgowu. Nakon prva dva kola Hrvatska i \u0160kotska imaju po jedan bod i u me\u0111usobnom susretu na Hampden Parku \u0107e tra\u017eiti tri boda za prolaz. &#8211; [&hellip;]<\/p>\n","protected":false},"author":2,"featured_media":34527,"comment_status":"closed","ping_status":"closed","sticky":false,"template":"","format":"standard","meta":{"h5ap_radio_sources":[],"footnotes":""},"categories":[7],"tags":[],"class_list":["post-34526","post","type-post","status-publish","format-standard","has-post-thumbnail","hentry","category-sport"],"yoast_head":"<!-- This site is optimized with the Yoast SEO plugin v27.5 - https:\/\/yoast.com\/product\/yoast-seo-wordpress\/ -->\n<title>- RADIO LJUBU\u0160KI<\/title>\n<meta name=\"robots\" content=\"index, follow, max-snippet:-1, max-image-preview:large, max-video-preview:-1\" \/>\n<link rel=\"canonical\" href=\"https:\/\/radioljubuski.ba\/index.php\/2021\/06\/21\/34526\/\" \/>\n<meta property=\"og:locale\" content=\"hr_HR\" \/>\n<meta property=\"og:type\" content=\"article\" \/>\n<meta property=\"og:title\" content=\"- RADIO LJUBU\u0160KI\" \/>\n<meta property=\"og:description\" content=\"Nema straha, sutra \u0107e na terenu biti jedna nova Hrvatska, najavio je dokapetan hrvatske nogometne reprezentacije Ivan Peri\u0161i\u0107 uo\u010di sutra\u0161njeg ogleda tre\u0107eg kola D skupine EP-a protiv \u0160kotske u Glasgowu. Nakon prva dva kola Hrvatska i \u0160kotska imaju po jedan bod i u me\u0111usobnom susretu na Hampden Parku \u0107e tra\u017eiti tri boda za prolaz. &#8211; [&hellip;]\" \/>\n<meta property=\"og:url\" content=\"https:\/\/radioljubuski.ba\/index.php\/2021\/06\/21\/34526\/\" \/>\n<meta property=\"og:site_name\" content=\"RADIO LJUBU\u0160KI\" \/>\n<meta property=\"article:publisher\" content=\"https:\/\/www.facebook.com\/Radiio-Ljubuski-1490835324566332\" \/>\n<meta property=\"article:published_time\" content=\"2021-06-21T22:07:20+00:00\" \/>\n<meta property=\"article:modified_time\" content=\"2021-06-21T22:07:22+00:00\" \/>\n<meta property=\"og:image\" content=\"https:\/\/radioljubuski.ba\/wp-content\/uploads\/2021\/06\/pxl-180621-33307293-20210621140815.jpg\" \/>\n\t<meta property=\"og:image:width\" content=\"688\" \/>\n\t<meta property=\"og:image:height\" content=\"459\" \/>\n\t<meta property=\"og:image:type\" content=\"image\/jpeg\" \/>\n<meta name=\"author\" content=\"Radio Ljubu\u0161ki\" \/>\n<meta name=\"twitter:card\" content=\"summary_large_image\" \/>\n<meta name=\"twitter:creator\" content=\"@radioljubuski\" \/>\n<meta name=\"twitter:site\" content=\"@radioljubuski\" \/>\n<meta name=\"twitter:label1\" content=\"Napisao\/la\" \/>\n\t<meta name=\"twitter:data1\" content=\"Radio Ljubu\u0161ki\" \/>\n\t<meta name=\"twitter:label2\" content=\"Procijenjeno vrijeme \u010ditanja\" \/>\n\t<meta name=\"twitter:data2\" content=\"3 minute\" \/>\n<script type=\"application\/ld+json\" class=\"yoast-schema-graph\">{\"@context\":\"https:\\\/\\\/schema.org\",\"@graph\":[{\"@type\":\"Article\",\"@id\":\"https:\\\/\\\/radioljubuski.ba\\\/index.php\\\/2021\\\/06\\\/21\\\/34526\\\/#article\",\"isPartOf\":{\"@id\":\"https:\\\/\\\/radioljubuski.ba\\\/index.php\\\/2021\\\/06\\\/21\\\/34526\\\/\"},\"author\":{\"name\":\"Radio Ljubu\u0161ki\",\"@id\":\"https:\\\/\\\/radioljubuski.ba\\\/#\\\/schema\\\/person\\\/19fc700381a780f69665d7956c469e3b\"},\"headline\":\"No title\",\"datePublished\":\"2021-06-21T22:07:20+00:00\",\"dateModified\":\"2021-06-21T22:07:22+00:00\",\"mainEntityOfPage\":{\"@id\":\"https:\\\/\\\/radioljubuski.ba\\\/index.php\\\/2021\\\/06\\\/21\\\/34526\\\/\"},\"wordCount\":510,\"publisher\":{\"@id\":\"https:\\\/\\\/radioljubuski.ba\\\/#organization\"},\"image\":{\"@id\":\"https:\\\/\\\/radioljubuski.ba\\\/index.php\\\/2021\\\/06\\\/21\\\/34526\\\/#primaryimage\"},\"thumbnailUrl\":\"https:\\\/\\\/radioljubuski.ba\\\/wp-content\\\/uploads\\\/2021\\\/06\\\/pxl-180621-33307293-20210621140815.jpg\",\"articleSection\":[\"\u0160port\"],\"inLanguage\":\"hr\"},{\"@type\":\"WebPage\",\"@id\":\"https:\\\/\\\/radioljubuski.ba\\\/index.php\\\/2021\\\/06\\\/21\\\/34526\\\/\",\"url\":\"https:\\\/\\\/radioljubuski.ba\\\/index.php\\\/2021\\\/06\\\/21\\\/34526\\\/\",\"name\":\"- RADIO LJUBU\u0160KI\",\"isPartOf\":{\"@id\":\"https:\\\/\\\/radioljubuski.ba\\\/#website\"},\"primaryImageOfPage\":{\"@id\":\"https:\\\/\\\/radioljubuski.ba\\\/index.php\\\/2021\\\/06\\\/21\\\/34526\\\/#primaryimage\"},\"image\":{\"@id\":\"https:\\\/\\\/radioljubuski.ba\\\/index.php\\\/2021\\\/06\\\/21\\\/34526\\\/#primaryimage\"},\"thumbnailUrl\":\"https:\\\/\\\/radioljubuski.ba\\\/wp-content\\\/uploads\\\/2021\\\/06\\\/pxl-180621-33307293-20210621140815.jpg\",\"datePublished\":\"2021-06-21T22:07:20+00:00\",\"dateModified\":\"2021-06-21T22:07:22+00:00\",\"inLanguage\":\"hr\",\"potentialAction\":[{\"@type\":\"ReadAction\",\"target\":[\"https:\\\/\\\/radioljubuski.ba\\\/index.php\\\/2021\\\/06\\\/21\\\/34526\\\/\"]}]},{\"@type\":\"ImageObject\",\"inLanguage\":\"hr\",\"@id\":\"https:\\\/\\\/radioljubuski.ba\\\/index.php\\\/2021\\\/06\\\/21\\\/34526\\\/#primaryimage\",\"url\":\"https:\\\/\\\/radioljubuski.ba\\\/wp-content\\\/uploads\\\/2021\\\/06\\\/pxl-180621-33307293-20210621140815.jpg\",\"contentUrl\":\"https:\\\/\\\/radioljubuski.ba\\\/wp-content\\\/uploads\\\/2021\\\/06\\\/pxl-180621-33307293-20210621140815.jpg\",\"width\":688,\"height\":459},{\"@type\":\"WebSite\",\"@id\":\"https:\\\/\\\/radioljubuski.ba\\\/#website\",\"url\":\"https:\\\/\\\/radioljubuski.ba\\\/\",\"name\":\"Radio Ljubu\u0161ki\",\"description\":\"Sun\u010dana frekvencija Hercegovine\",\"publisher\":{\"@id\":\"https:\\\/\\\/radioljubuski.ba\\\/#organization\"},\"potentialAction\":[{\"@type\":\"SearchAction\",\"target\":{\"@type\":\"EntryPoint\",\"urlTemplate\":\"https:\\\/\\\/radioljubuski.ba\\\/?s={search_term_string}\"},\"query-input\":{\"@type\":\"PropertyValueSpecification\",\"valueRequired\":true,\"valueName\":\"search_term_string\"}}],\"inLanguage\":\"hr\"},{\"@type\":\"Organization\",\"@id\":\"https:\\\/\\\/radioljubuski.ba\\\/#organization\",\"name\":\"Radio Ljubu\u0161ki\",\"url\":\"https:\\\/\\\/radioljubuski.ba\\\/\",\"logo\":{\"@type\":\"ImageObject\",\"inLanguage\":\"hr\",\"@id\":\"https:\\\/\\\/radioljubuski.ba\\\/#\\\/schema\\\/logo\\\/image\\\/\",\"url\":\"https:\\\/\\\/radioljubuski.ba\\\/wp-content\\\/uploads\\\/2021\\\/02\\\/cropped-Radio_Ljubuski_logo1.jpg\",\"contentUrl\":\"https:\\\/\\\/radioljubuski.ba\\\/wp-content\\\/uploads\\\/2021\\\/02\\\/cropped-Radio_Ljubuski_logo1.jpg\",\"width\":512,\"height\":512,\"caption\":\"Radio Ljubu\u0161ki\"},\"image\":{\"@id\":\"https:\\\/\\\/radioljubuski.ba\\\/#\\\/schema\\\/logo\\\/image\\\/\"},\"sameAs\":[\"https:\\\/\\\/www.facebook.com\\\/Radiio-Ljubuski-1490835324566332\",\"https:\\\/\\\/x.com\\\/radioljubuski\",\"https:\\\/\\\/hr.linkedin.com\\\/company\\\/radio-ljubuski\",\"https:\\\/\\\/www.youtube.com\\\/channel\\\/UCHYaeO_n0Db3tjNGudGpXyw\"]},{\"@type\":\"Person\",\"@id\":\"https:\\\/\\\/radioljubuski.ba\\\/#\\\/schema\\\/person\\\/19fc700381a780f69665d7956c469e3b\",\"name\":\"Radio Ljubu\u0161ki\"}]}<\/script>\n<!-- \/ Yoast SEO plugin. -->","yoast_head_json":{"title":"- RADIO LJUBU\u0160KI","robots":{"index":"index","follow":"follow","max-snippet":"max-snippet:-1","max-image-preview":"max-image-preview:large","max-video-preview":"max-video-preview:-1"},"canonical":"https:\/\/radioljubuski.ba\/index.php\/2021\/06\/21\/34526\/","og_locale":"hr_HR","og_type":"article","og_title":"- RADIO LJUBU\u0160KI","og_description":"Nema straha, sutra \u0107e na terenu biti jedna nova Hrvatska, najavio je dokapetan hrvatske nogometne reprezentacije Ivan Peri\u0161i\u0107 uo\u010di sutra\u0161njeg ogleda tre\u0107eg kola D skupine EP-a protiv \u0160kotske u Glasgowu. Nakon prva dva kola Hrvatska i \u0160kotska imaju po jedan bod i u me\u0111usobnom susretu na Hampden Parku \u0107e tra\u017eiti tri boda za prolaz. &#8211; [&hellip;]","og_url":"https:\/\/radioljubuski.ba\/index.php\/2021\/06\/21\/34526\/","og_site_name":"RADIO LJUBU\u0160KI","article_publisher":"https:\/\/www.facebook.com\/Radiio-Ljubuski-1490835324566332","article_published_time":"2021-06-21T22:07:20+00:00","article_modified_time":"2021-06-21T22:07:22+00:00","og_image":[{"width":688,"height":459,"url":"https:\/\/radioljubuski.ba\/wp-content\/uploads\/2021\/06\/pxl-180621-33307293-20210621140815.jpg","type":"image\/jpeg"}],"author":"Radio Ljubu\u0161ki","twitter_card":"summary_large_image","twitter_creator":"@radioljubuski","twitter_site":"@radioljubuski","twitter_misc":{"Napisao\/la":"Radio Ljubu\u0161ki","Procijenjeno vrijeme \u010ditanja":"3 minute"},"schema":{"@context":"https:\/\/schema.org","@graph":[{"@type":"Article","@id":"https:\/\/radioljubuski.ba\/index.php\/2021\/06\/21\/34526\/#article","isPartOf":{"@id":"https:\/\/radioljubuski.ba\/index.php\/2021\/06\/21\/34526\/"},"author":{"name":"Radio Ljubu\u0161ki","@id":"https:\/\/radioljubuski.ba\/#\/schema\/person\/19fc700381a780f69665d7956c469e3b"},"headline":"No title","datePublished":"2021-06-21T22:07:20+00:00","dateModified":"2021-06-21T22:07:22+00:00","mainEntityOfPage":{"@id":"https:\/\/radioljubuski.ba\/index.php\/2021\/06\/21\/34526\/"},"wordCount":510,"publisher":{"@id":"https:\/\/radioljubuski.ba\/#organization"},"image":{"@id":"https:\/\/radioljubuski.ba\/index.php\/2021\/06\/21\/34526\/#primaryimage"},"thumbnailUrl":"https:\/\/radioljubuski.ba\/wp-content\/uploads\/2021\/06\/pxl-180621-33307293-20210621140815.jpg","articleSection":["\u0160port"],"inLanguage":"hr"},{"@type":"WebPage","@id":"https:\/\/radioljubuski.ba\/index.php\/2021\/06\/21\/34526\/","url":"https:\/\/radioljubuski.ba\/index.php\/2021\/06\/21\/34526\/","name":"- RADIO LJUBU\u0160KI","isPartOf":{"@id":"https:\/\/radioljubuski.ba\/#website"},"primaryImageOfPage":{"@id":"https:\/\/radioljubuski.ba\/index.php\/2021\/06\/21\/34526\/#primaryimage"},"image":{"@id":"https:\/\/radioljubuski.ba\/index.php\/2021\/06\/21\/34526\/#primaryimage"},"thumbnailUrl":"https:\/\/radioljubuski.ba\/wp-content\/uploads\/2021\/06\/pxl-180621-33307293-20210621140815.jpg","datePublished":"2021-06-21T22:07:20+00:00","dateModified":"2021-06-21T22:07:22+00:00","inLanguage":"hr","potentialAction":[{"@type":"ReadAction","target":["https:\/\/radioljubuski.ba\/index.php\/2021\/06\/21\/34526\/"]}]},{"@type":"ImageObject","inLanguage":"hr","@id":"https:\/\/radioljubuski.ba\/index.php\/2021\/06\/21\/34526\/#primaryimage","url":"https:\/\/radioljubuski.ba\/wp-content\/uploads\/2021\/06\/pxl-180621-33307293-20210621140815.jpg","contentUrl":"https:\/\/radioljubuski.ba\/wp-content\/uploads\/2021\/06\/pxl-180621-33307293-20210621140815.jpg","width":688,"height":459},{"@type":"WebSite","@id":"https:\/\/radioljubuski.ba\/#website","url":"https:\/\/radioljubuski.ba\/","name":"Radio Ljubu\u0161ki","description":"Sun\u010dana frekvencija Hercegovine","publisher":{"@id":"https:\/\/radioljubuski.ba\/#organization"},"potentialAction":[{"@type":"SearchAction","target":{"@type":"EntryPoint","urlTemplate":"https:\/\/radioljubuski.ba\/?s={search_term_string}"},"query-input":{"@type":"PropertyValueSpecification","valueRequired":true,"valueName":"search_term_string"}}],"inLanguage":"hr"},{"@type":"Organization","@id":"https:\/\/radioljubuski.ba\/#organization","name":"Radio Ljubu\u0161ki","url":"https:\/\/radioljubuski.ba\/","logo":{"@type":"ImageObject","inLanguage":"hr","@id":"https:\/\/radioljubuski.ba\/#\/schema\/logo\/image\/","url":"https:\/\/radioljubuski.ba\/wp-content\/uploads\/2021\/02\/cropped-Radio_Ljubuski_logo1.jpg","contentUrl":"https:\/\/radioljubuski.ba\/wp-content\/uploads\/2021\/02\/cropped-Radio_Ljubuski_logo1.jpg","width":512,"height":512,"caption":"Radio Ljubu\u0161ki"},"image":{"@id":"https:\/\/radioljubuski.ba\/#\/schema\/logo\/image\/"},"sameAs":["https:\/\/www.facebook.com\/Radiio-Ljubuski-1490835324566332","https:\/\/x.com\/radioljubuski","https:\/\/hr.linkedin.com\/company\/radio-ljubuski","https:\/\/www.youtube.com\/channel\/UCHYaeO_n0Db3tjNGudGpXyw"]},{"@type":"Person","@id":"https:\/\/radioljubuski.ba\/#\/schema\/person\/19fc700381a780f69665d7956c469e3b","name":"Radio Ljubu\u0161ki"}]}},"_links":{"self":[{"href":"https:\/\/radioljubuski.ba\/index.php\/wp-json\/wp\/v2\/posts\/34526","targetHints":{"allow":["GET"]}}],"collection":[{"href":"https:\/\/radioljubuski.ba\/index.php\/wp-json\/wp\/v2\/posts"}],"about":[{"href":"https:\/\/radioljubuski.ba\/index.php\/wp-json\/wp\/v2\/types\/post"}],"author":[{"embeddable":true,"href":"https:\/\/radioljubuski.ba\/index.php\/wp-json\/wp\/v2\/users\/2"}],"replies":[{"embeddable":true,"href":"https:\/\/radioljubuski.ba\/index.php\/wp-json\/wp\/v2\/comments?post=34526"}],"version-history":[{"count":1,"href":"https:\/\/radioljubuski.ba\/index.php\/wp-json\/wp\/v2\/posts\/34526\/revisions"}],"predecessor-version":[{"id":34528,"href":"https:\/\/radioljubuski.ba\/index.php\/wp-json\/wp\/v2\/posts\/34526\/revisions\/34528"}],"wp:featuredmedia":[{"embeddable":true,"href":"https:\/\/radioljubuski.ba\/index.php\/wp-json\/wp\/v2\/media\/34527"}],"wp:attachment":[{"href":"https:\/\/radioljubuski.ba\/index.php\/wp-json\/wp\/v2\/media?parent=34526"}],"wp:term":[{"taxonomy":"category","embeddable":true,"href":"https:\/\/radioljubuski.ba\/index.php\/wp-json\/wp\/v2\/categories?post=34526"},{"taxonomy":"post_tag","embeddable":true,"href":"https:\/\/radioljubuski.ba\/index.php\/wp-json\/wp\/v2\/tags?post=34526"}],"curies":[{"name":"wp","href":"https:\/\/api.w.org\/{rel}","templated":true}]}}