{"id":346,"date":"2021-02-26T08:32:55","date_gmt":"2021-02-26T08:32:55","guid":{"rendered":"https:\/\/radioljubuski.ba\/?p=346"},"modified":"2021-02-26T08:32:56","modified_gmt":"2021-02-26T08:32:56","slug":"u-ljubuskom-se-odrzava-forum-adriatic-outdoor-adventure","status":"publish","type":"post","link":"https:\/\/radioljubuski.ba\/index.php\/2021\/02\/26\/u-ljubuskom-se-odrzava-forum-adriatic-outdoor-adventure\/","title":{"rendered":"U Ljubu\u0161kom se odr\u017eava forum \u201cAdriatic Outdoor Adventure\u201d"},"content":{"rendered":"\n<p>U okviru projekta \u2018Biciklisti\u010dke rute za unapre\u0111enje prirodne i kulturne ba\u0161tine BiH i Crne Gore \u2013 Cycling Rural\u2019, financiranog od strane Europske unije, 12. o\u017eujka \u0107e u Ljubu\u0161kom biti organiziran forum aktivnog turizma pod nazivom \u2018Adriatic Outdoor Adventure\u2019.<\/p>\n\n\n\n<p>Forum \u0107e okupiti me\u0111unarodne stru\u010dnjake iz oblasti aktivnog turizma, a zainteresirani \u0107e program pratiti putem Zoom aplikacije.<\/p>\n\n\n\n<p>Organizator je Ured Vlade Zapadnohercegova\u010dkog kantona za europske integracije.<\/p>\n\n\n\n<p>Forum \u0107e otvoriti predstavljanje projekta \u2018Cycling Rural\u2019, polaznici \u0107e imati prigodu upoznati se s najuspje\u0161nijim inicijativama pokrenutim kroz projekte EU: Tourism, Adrenaline and Rafting Adventure \u2013 T.A.R.A. i Adriatic Canyoning.<\/p>\n\n\n\n<p>Predstavit \u0107e se i aktualni projekti iz oblasti turizma: EU4Business, Tourism Development Promotion i Via Dinarica.<\/p>\n\n\n\n<p>Projekt \u2018Cycling Rural\u2019 je zapo\u010deo 1.10.2019. a provedba \u0107e trajati 18 mjeseci.<\/p>\n\n\n\n<p>Ukupna vrijednost projekta je oko 500.000 eura, od \u010dega je EU osigurala 400.000 eura.<\/p>\n\n\n\n<p>Nositelj projekta je Ured Vlade ZHK za europske integracije, a partneri su gradovi \u0160iroki Brijeg i Ljubu\u0161ki, op\u0107ine Posu\u0161je i Grude, te Turisti\u010dka organizacija Herceg Novi iz Crne Gore.<\/p>\n\n\n\n<p>Drugi dio programa na forumu zaokru\u017euje panel s me\u0111unarodnim govornicima koji \u0107e razgovarati o iskustvima i podijeliti uspje\u0161ne pri\u010de kroz koje su pro\u0161li na putu razvoja aktivnog turizma \u0161irom Evrope.<\/p>\n\n\n\n<p>Na panelu \u0107e sudjelovati Ed Lancaster iz European Cyclist Federation (Belgija); Jack Delf iz agencije Black Mountain Montenegro (Crna Gora); Iva Bencun iz agencije Feral Tours (Hrvatska), moderator panela \u0107e biti Nedo Pinezi\u0107, turisti\u010dki savjetnik iz Hrvatske.<\/p>\n\n\n\n<p><strong>Izvor: Profitiraj.ba<\/strong><\/p>\n","protected":false},"excerpt":{"rendered":"<p>U okviru projekta \u2018Biciklisti\u010dke rute za unapre\u0111enje prirodne i kulturne ba\u0161tine BiH i Crne Gore \u2013 Cycling Rural\u2019, financiranog od strane Europske unije, 12. o\u017eujka \u0107e u Ljubu\u0161kom biti organiziran forum aktivnog turizma pod nazivom \u2018Adriatic Outdoor Adventure\u2019. Forum \u0107e okupiti me\u0111unarodne stru\u010dnjake iz oblasti aktivnog turizma, a zainteresirani \u0107e program pratiti putem Zoom aplikacije. [&hellip;]<\/p>\n","protected":false},"author":2,"featured_media":347,"comment_status":"closed","ping_status":"closed","sticky":false,"template":"","format":"standard","meta":{"h5ap_radio_sources":[],"footnotes":""},"categories":[3],"tags":[],"class_list":["post-346","post","type-post","status-publish","format-standard","has-post-thumbnail","hentry","category-ljubuski"],"yoast_head":"<!-- This site is optimized with the Yoast SEO plugin v27.5 - https:\/\/yoast.com\/product\/yoast-seo-wordpress\/ -->\n<title>U Ljubu\u0161kom se odr\u017eava forum \u201cAdriatic Outdoor Adventure\u201d - RADIO LJUBU\u0160KI<\/title>\n<meta name=\"robots\" content=\"index, follow, max-snippet:-1, max-image-preview:large, max-video-preview:-1\" \/>\n<link rel=\"canonical\" href=\"https:\/\/radioljubuski.ba\/index.php\/2021\/02\/26\/u-ljubuskom-se-odrzava-forum-adriatic-outdoor-adventure\/\" \/>\n<meta property=\"og:locale\" content=\"hr_HR\" \/>\n<meta property=\"og:type\" content=\"article\" \/>\n<meta property=\"og:title\" content=\"U Ljubu\u0161kom se odr\u017eava forum \u201cAdriatic Outdoor Adventure\u201d - RADIO LJUBU\u0160KI\" \/>\n<meta property=\"og:description\" content=\"U okviru projekta \u2018Biciklisti\u010dke rute za unapre\u0111enje prirodne i kulturne ba\u0161tine BiH i Crne Gore \u2013 Cycling Rural\u2019, financiranog od strane Europske unije, 12. o\u017eujka \u0107e u Ljubu\u0161kom biti organiziran forum aktivnog turizma pod nazivom \u2018Adriatic Outdoor Adventure\u2019. Forum \u0107e okupiti me\u0111unarodne stru\u010dnjake iz oblasti aktivnog turizma, a zainteresirani \u0107e program pratiti putem Zoom aplikacije. [&hellip;]\" \/>\n<meta property=\"og:url\" content=\"https:\/\/radioljubuski.ba\/index.php\/2021\/02\/26\/u-ljubuskom-se-odrzava-forum-adriatic-outdoor-adventure\/\" \/>\n<meta property=\"og:site_name\" content=\"RADIO LJUBU\u0160KI\" \/>\n<meta property=\"article:publisher\" content=\"https:\/\/www.facebook.com\/Radiio-Ljubuski-1490835324566332\" \/>\n<meta property=\"article:published_time\" content=\"2021-02-26T08:32:55+00:00\" \/>\n<meta property=\"article:modified_time\" content=\"2021-02-26T08:32:56+00:00\" \/>\n<meta property=\"og:image\" content=\"https:\/\/radioljubuski.ba\/wp-content\/uploads\/2021\/02\/forum.jpg\" \/>\n\t<meta property=\"og:image:width\" content=\"500\" \/>\n\t<meta property=\"og:image:height\" content=\"500\" \/>\n\t<meta property=\"og:image:type\" content=\"image\/jpeg\" \/>\n<meta name=\"author\" content=\"Radio Ljubu\u0161ki\" \/>\n<meta name=\"twitter:card\" content=\"summary_large_image\" \/>\n<meta name=\"twitter:creator\" content=\"@radioljubuski\" \/>\n<meta name=\"twitter:site\" content=\"@radioljubuski\" \/>\n<meta name=\"twitter:label1\" content=\"Napisao\/la\" \/>\n\t<meta name=\"twitter:data1\" content=\"Radio Ljubu\u0161ki\" \/>\n\t<meta name=\"twitter:label2\" content=\"Procijenjeno vrijeme \u010ditanja\" \/>\n\t<meta name=\"twitter:data2\" content=\"2 minute\" \/>\n<script type=\"application\/ld+json\" class=\"yoast-schema-graph\">{\"@context\":\"https:\\\/\\\/schema.org\",\"@graph\":[{\"@type\":\"Article\",\"@id\":\"https:\\\/\\\/radioljubuski.ba\\\/index.php\\\/2021\\\/02\\\/26\\\/u-ljubuskom-se-odrzava-forum-adriatic-outdoor-adventure\\\/#article\",\"isPartOf\":{\"@id\":\"https:\\\/\\\/radioljubuski.ba\\\/index.php\\\/2021\\\/02\\\/26\\\/u-ljubuskom-se-odrzava-forum-adriatic-outdoor-adventure\\\/\"},\"author\":{\"name\":\"Radio Ljubu\u0161ki\",\"@id\":\"https:\\\/\\\/radioljubuski.ba\\\/#\\\/schema\\\/person\\\/19fc700381a780f69665d7956c469e3b\"},\"headline\":\"U Ljubu\u0161kom se odr\u017eava forum \u201cAdriatic Outdoor Adventure\u201d\",\"datePublished\":\"2021-02-26T08:32:55+00:00\",\"dateModified\":\"2021-02-26T08:32:56+00:00\",\"mainEntityOfPage\":{\"@id\":\"https:\\\/\\\/radioljubuski.ba\\\/index.php\\\/2021\\\/02\\\/26\\\/u-ljubuskom-se-odrzava-forum-adriatic-outdoor-adventure\\\/\"},\"wordCount\":262,\"publisher\":{\"@id\":\"https:\\\/\\\/radioljubuski.ba\\\/#organization\"},\"image\":{\"@id\":\"https:\\\/\\\/radioljubuski.ba\\\/index.php\\\/2021\\\/02\\\/26\\\/u-ljubuskom-se-odrzava-forum-adriatic-outdoor-adventure\\\/#primaryimage\"},\"thumbnailUrl\":\"https:\\\/\\\/radioljubuski.ba\\\/wp-content\\\/uploads\\\/2021\\\/02\\\/forum.jpg\",\"articleSection\":[\"Ljubu\u0161ki\"],\"inLanguage\":\"hr\"},{\"@type\":\"WebPage\",\"@id\":\"https:\\\/\\\/radioljubuski.ba\\\/index.php\\\/2021\\\/02\\\/26\\\/u-ljubuskom-se-odrzava-forum-adriatic-outdoor-adventure\\\/\",\"url\":\"https:\\\/\\\/radioljubuski.ba\\\/index.php\\\/2021\\\/02\\\/26\\\/u-ljubuskom-se-odrzava-forum-adriatic-outdoor-adventure\\\/\",\"name\":\"U Ljubu\u0161kom se odr\u017eava forum \u201cAdriatic Outdoor Adventure\u201d - RADIO LJUBU\u0160KI\",\"isPartOf\":{\"@id\":\"https:\\\/\\\/radioljubuski.ba\\\/#website\"},\"primaryImageOfPage\":{\"@id\":\"https:\\\/\\\/radioljubuski.ba\\\/index.php\\\/2021\\\/02\\\/26\\\/u-ljubuskom-se-odrzava-forum-adriatic-outdoor-adventure\\\/#primaryimage\"},\"image\":{\"@id\":\"https:\\\/\\\/radioljubuski.ba\\\/index.php\\\/2021\\\/02\\\/26\\\/u-ljubuskom-se-odrzava-forum-adriatic-outdoor-adventure\\\/#primaryimage\"},\"thumbnailUrl\":\"https:\\\/\\\/radioljubuski.ba\\\/wp-content\\\/uploads\\\/2021\\\/02\\\/forum.jpg\",\"datePublished\":\"2021-02-26T08:32:55+00:00\",\"dateModified\":\"2021-02-26T08:32:56+00:00\",\"breadcrumb\":{\"@id\":\"https:\\\/\\\/radioljubuski.ba\\\/index.php\\\/2021\\\/02\\\/26\\\/u-ljubuskom-se-odrzava-forum-adriatic-outdoor-adventure\\\/#breadcrumb\"},\"inLanguage\":\"hr\",\"potentialAction\":[{\"@type\":\"ReadAction\",\"target\":[\"https:\\\/\\\/radioljubuski.ba\\\/index.php\\\/2021\\\/02\\\/26\\\/u-ljubuskom-se-odrzava-forum-adriatic-outdoor-adventure\\\/\"]}]},{\"@type\":\"ImageObject\",\"inLanguage\":\"hr\",\"@id\":\"https:\\\/\\\/radioljubuski.ba\\\/index.php\\\/2021\\\/02\\\/26\\\/u-ljubuskom-se-odrzava-forum-adriatic-outdoor-adventure\\\/#primaryimage\",\"url\":\"https:\\\/\\\/radioljubuski.ba\\\/wp-content\\\/uploads\\\/2021\\\/02\\\/forum.jpg\",\"contentUrl\":\"https:\\\/\\\/radioljubuski.ba\\\/wp-content\\\/uploads\\\/2021\\\/02\\\/forum.jpg\",\"width\":500,\"height\":500},{\"@type\":\"BreadcrumbList\",\"@id\":\"https:\\\/\\\/radioljubuski.ba\\\/index.php\\\/2021\\\/02\\\/26\\\/u-ljubuskom-se-odrzava-forum-adriatic-outdoor-adventure\\\/#breadcrumb\",\"itemListElement\":[{\"@type\":\"ListItem\",\"position\":1,\"name\":\"Po\u010detna stranica\",\"item\":\"https:\\\/\\\/radioljubuski.ba\\\/\"},{\"@type\":\"ListItem\",\"position\":2,\"name\":\"U Ljubu\u0161kom se odr\u017eava forum \u201cAdriatic Outdoor Adventure\u201d\"}]},{\"@type\":\"WebSite\",\"@id\":\"https:\\\/\\\/radioljubuski.ba\\\/#website\",\"url\":\"https:\\\/\\\/radioljubuski.ba\\\/\",\"name\":\"Radio Ljubu\u0161ki\",\"description\":\"Sun\u010dana frekvencija Hercegovine\",\"publisher\":{\"@id\":\"https:\\\/\\\/radioljubuski.ba\\\/#organization\"},\"potentialAction\":[{\"@type\":\"SearchAction\",\"target\":{\"@type\":\"EntryPoint\",\"urlTemplate\":\"https:\\\/\\\/radioljubuski.ba\\\/?s={search_term_string}\"},\"query-input\":{\"@type\":\"PropertyValueSpecification\",\"valueRequired\":true,\"valueName\":\"search_term_string\"}}],\"inLanguage\":\"hr\"},{\"@type\":\"Organization\",\"@id\":\"https:\\\/\\\/radioljubuski.ba\\\/#organization\",\"name\":\"Radio Ljubu\u0161ki\",\"url\":\"https:\\\/\\\/radioljubuski.ba\\\/\",\"logo\":{\"@type\":\"ImageObject\",\"inLanguage\":\"hr\",\"@id\":\"https:\\\/\\\/radioljubuski.ba\\\/#\\\/schema\\\/logo\\\/image\\\/\",\"url\":\"https:\\\/\\\/radioljubuski.ba\\\/wp-content\\\/uploads\\\/2021\\\/02\\\/cropped-Radio_Ljubuski_logo1.jpg\",\"contentUrl\":\"https:\\\/\\\/radioljubuski.ba\\\/wp-content\\\/uploads\\\/2021\\\/02\\\/cropped-Radio_Ljubuski_logo1.jpg\",\"width\":512,\"height\":512,\"caption\":\"Radio Ljubu\u0161ki\"},\"image\":{\"@id\":\"https:\\\/\\\/radioljubuski.ba\\\/#\\\/schema\\\/logo\\\/image\\\/\"},\"sameAs\":[\"https:\\\/\\\/www.facebook.com\\\/Radiio-Ljubuski-1490835324566332\",\"https:\\\/\\\/x.com\\\/radioljubuski\",\"https:\\\/\\\/hr.linkedin.com\\\/company\\\/radio-ljubuski\",\"https:\\\/\\\/www.youtube.com\\\/channel\\\/UCHYaeO_n0Db3tjNGudGpXyw\"]},{\"@type\":\"Person\",\"@id\":\"https:\\\/\\\/radioljubuski.ba\\\/#\\\/schema\\\/person\\\/19fc700381a780f69665d7956c469e3b\",\"name\":\"Radio Ljubu\u0161ki\"}]}<\/script>\n<!-- \/ Yoast SEO plugin. -->","yoast_head_json":{"title":"U Ljubu\u0161kom se odr\u017eava forum \u201cAdriatic Outdoor Adventure\u201d - RADIO LJUBU\u0160KI","robots":{"index":"index","follow":"follow","max-snippet":"max-snippet:-1","max-image-preview":"max-image-preview:large","max-video-preview":"max-video-preview:-1"},"canonical":"https:\/\/radioljubuski.ba\/index.php\/2021\/02\/26\/u-ljubuskom-se-odrzava-forum-adriatic-outdoor-adventure\/","og_locale":"hr_HR","og_type":"article","og_title":"U Ljubu\u0161kom se odr\u017eava forum \u201cAdriatic Outdoor Adventure\u201d - RADIO LJUBU\u0160KI","og_description":"U okviru projekta \u2018Biciklisti\u010dke rute za unapre\u0111enje prirodne i kulturne ba\u0161tine BiH i Crne Gore \u2013 Cycling Rural\u2019, financiranog od strane Europske unije, 12. o\u017eujka \u0107e u Ljubu\u0161kom biti organiziran forum aktivnog turizma pod nazivom \u2018Adriatic Outdoor Adventure\u2019. Forum \u0107e okupiti me\u0111unarodne stru\u010dnjake iz oblasti aktivnog turizma, a zainteresirani \u0107e program pratiti putem Zoom aplikacije. [&hellip;]","og_url":"https:\/\/radioljubuski.ba\/index.php\/2021\/02\/26\/u-ljubuskom-se-odrzava-forum-adriatic-outdoor-adventure\/","og_site_name":"RADIO LJUBU\u0160KI","article_publisher":"https:\/\/www.facebook.com\/Radiio-Ljubuski-1490835324566332","article_published_time":"2021-02-26T08:32:55+00:00","article_modified_time":"2021-02-26T08:32:56+00:00","og_image":[{"width":500,"height":500,"url":"https:\/\/radioljubuski.ba\/wp-content\/uploads\/2021\/02\/forum.jpg","type":"image\/jpeg"}],"author":"Radio Ljubu\u0161ki","twitter_card":"summary_large_image","twitter_creator":"@radioljubuski","twitter_site":"@radioljubuski","twitter_misc":{"Napisao\/la":"Radio Ljubu\u0161ki","Procijenjeno vrijeme \u010ditanja":"2 minute"},"schema":{"@context":"https:\/\/schema.org","@graph":[{"@type":"Article","@id":"https:\/\/radioljubuski.ba\/index.php\/2021\/02\/26\/u-ljubuskom-se-odrzava-forum-adriatic-outdoor-adventure\/#article","isPartOf":{"@id":"https:\/\/radioljubuski.ba\/index.php\/2021\/02\/26\/u-ljubuskom-se-odrzava-forum-adriatic-outdoor-adventure\/"},"author":{"name":"Radio Ljubu\u0161ki","@id":"https:\/\/radioljubuski.ba\/#\/schema\/person\/19fc700381a780f69665d7956c469e3b"},"headline":"U Ljubu\u0161kom se odr\u017eava forum \u201cAdriatic Outdoor Adventure\u201d","datePublished":"2021-02-26T08:32:55+00:00","dateModified":"2021-02-26T08:32:56+00:00","mainEntityOfPage":{"@id":"https:\/\/radioljubuski.ba\/index.php\/2021\/02\/26\/u-ljubuskom-se-odrzava-forum-adriatic-outdoor-adventure\/"},"wordCount":262,"publisher":{"@id":"https:\/\/radioljubuski.ba\/#organization"},"image":{"@id":"https:\/\/radioljubuski.ba\/index.php\/2021\/02\/26\/u-ljubuskom-se-odrzava-forum-adriatic-outdoor-adventure\/#primaryimage"},"thumbnailUrl":"https:\/\/radioljubuski.ba\/wp-content\/uploads\/2021\/02\/forum.jpg","articleSection":["Ljubu\u0161ki"],"inLanguage":"hr"},{"@type":"WebPage","@id":"https:\/\/radioljubuski.ba\/index.php\/2021\/02\/26\/u-ljubuskom-se-odrzava-forum-adriatic-outdoor-adventure\/","url":"https:\/\/radioljubuski.ba\/index.php\/2021\/02\/26\/u-ljubuskom-se-odrzava-forum-adriatic-outdoor-adventure\/","name":"U Ljubu\u0161kom se odr\u017eava forum \u201cAdriatic Outdoor Adventure\u201d - RADIO LJUBU\u0160KI","isPartOf":{"@id":"https:\/\/radioljubuski.ba\/#website"},"primaryImageOfPage":{"@id":"https:\/\/radioljubuski.ba\/index.php\/2021\/02\/26\/u-ljubuskom-se-odrzava-forum-adriatic-outdoor-adventure\/#primaryimage"},"image":{"@id":"https:\/\/radioljubuski.ba\/index.php\/2021\/02\/26\/u-ljubuskom-se-odrzava-forum-adriatic-outdoor-adventure\/#primaryimage"},"thumbnailUrl":"https:\/\/radioljubuski.ba\/wp-content\/uploads\/2021\/02\/forum.jpg","datePublished":"2021-02-26T08:32:55+00:00","dateModified":"2021-02-26T08:32:56+00:00","breadcrumb":{"@id":"https:\/\/radioljubuski.ba\/index.php\/2021\/02\/26\/u-ljubuskom-se-odrzava-forum-adriatic-outdoor-adventure\/#breadcrumb"},"inLanguage":"hr","potentialAction":[{"@type":"ReadAction","target":["https:\/\/radioljubuski.ba\/index.php\/2021\/02\/26\/u-ljubuskom-se-odrzava-forum-adriatic-outdoor-adventure\/"]}]},{"@type":"ImageObject","inLanguage":"hr","@id":"https:\/\/radioljubuski.ba\/index.php\/2021\/02\/26\/u-ljubuskom-se-odrzava-forum-adriatic-outdoor-adventure\/#primaryimage","url":"https:\/\/radioljubuski.ba\/wp-content\/uploads\/2021\/02\/forum.jpg","contentUrl":"https:\/\/radioljubuski.ba\/wp-content\/uploads\/2021\/02\/forum.jpg","width":500,"height":500},{"@type":"BreadcrumbList","@id":"https:\/\/radioljubuski.ba\/index.php\/2021\/02\/26\/u-ljubuskom-se-odrzava-forum-adriatic-outdoor-adventure\/#breadcrumb","itemListElement":[{"@type":"ListItem","position":1,"name":"Po\u010detna stranica","item":"https:\/\/radioljubuski.ba\/"},{"@type":"ListItem","position":2,"name":"U Ljubu\u0161kom se odr\u017eava forum \u201cAdriatic Outdoor Adventure\u201d"}]},{"@type":"WebSite","@id":"https:\/\/radioljubuski.ba\/#website","url":"https:\/\/radioljubuski.ba\/","name":"Radio Ljubu\u0161ki","description":"Sun\u010dana frekvencija Hercegovine","publisher":{"@id":"https:\/\/radioljubuski.ba\/#organization"},"potentialAction":[{"@type":"SearchAction","target":{"@type":"EntryPoint","urlTemplate":"https:\/\/radioljubuski.ba\/?s={search_term_string}"},"query-input":{"@type":"PropertyValueSpecification","valueRequired":true,"valueName":"search_term_string"}}],"inLanguage":"hr"},{"@type":"Organization","@id":"https:\/\/radioljubuski.ba\/#organization","name":"Radio Ljubu\u0161ki","url":"https:\/\/radioljubuski.ba\/","logo":{"@type":"ImageObject","inLanguage":"hr","@id":"https:\/\/radioljubuski.ba\/#\/schema\/logo\/image\/","url":"https:\/\/radioljubuski.ba\/wp-content\/uploads\/2021\/02\/cropped-Radio_Ljubuski_logo1.jpg","contentUrl":"https:\/\/radioljubuski.ba\/wp-content\/uploads\/2021\/02\/cropped-Radio_Ljubuski_logo1.jpg","width":512,"height":512,"caption":"Radio Ljubu\u0161ki"},"image":{"@id":"https:\/\/radioljubuski.ba\/#\/schema\/logo\/image\/"},"sameAs":["https:\/\/www.facebook.com\/Radiio-Ljubuski-1490835324566332","https:\/\/x.com\/radioljubuski","https:\/\/hr.linkedin.com\/company\/radio-ljubuski","https:\/\/www.youtube.com\/channel\/UCHYaeO_n0Db3tjNGudGpXyw"]},{"@type":"Person","@id":"https:\/\/radioljubuski.ba\/#\/schema\/person\/19fc700381a780f69665d7956c469e3b","name":"Radio Ljubu\u0161ki"}]}},"_links":{"self":[{"href":"https:\/\/radioljubuski.ba\/index.php\/wp-json\/wp\/v2\/posts\/346","targetHints":{"allow":["GET"]}}],"collection":[{"href":"https:\/\/radioljubuski.ba\/index.php\/wp-json\/wp\/v2\/posts"}],"about":[{"href":"https:\/\/radioljubuski.ba\/index.php\/wp-json\/wp\/v2\/types\/post"}],"author":[{"embeddable":true,"href":"https:\/\/radioljubuski.ba\/index.php\/wp-json\/wp\/v2\/users\/2"}],"replies":[{"embeddable":true,"href":"https:\/\/radioljubuski.ba\/index.php\/wp-json\/wp\/v2\/comments?post=346"}],"version-history":[{"count":1,"href":"https:\/\/radioljubuski.ba\/index.php\/wp-json\/wp\/v2\/posts\/346\/revisions"}],"predecessor-version":[{"id":348,"href":"https:\/\/radioljubuski.ba\/index.php\/wp-json\/wp\/v2\/posts\/346\/revisions\/348"}],"wp:featuredmedia":[{"embeddable":true,"href":"https:\/\/radioljubuski.ba\/index.php\/wp-json\/wp\/v2\/media\/347"}],"wp:attachment":[{"href":"https:\/\/radioljubuski.ba\/index.php\/wp-json\/wp\/v2\/media?parent=346"}],"wp:term":[{"taxonomy":"category","embeddable":true,"href":"https:\/\/radioljubuski.ba\/index.php\/wp-json\/wp\/v2\/categories?post=346"},{"taxonomy":"post_tag","embeddable":true,"href":"https:\/\/radioljubuski.ba\/index.php\/wp-json\/wp\/v2\/tags?post=346"}],"curies":[{"name":"wp","href":"https:\/\/api.w.org\/{rel}","templated":true}]}}