{"id":34602,"date":"2021-06-22T00:03:54","date_gmt":"2021-06-21T23:03:54","guid":{"rendered":"https:\/\/radioljubuski.ba\/?p=34602"},"modified":"2021-06-22T00:03:55","modified_gmt":"2021-06-21T23:03:55","slug":"suprug-alise-mutap-koji-je-murizu-memicu-prijetio-ubojstvom-pusten-na-slobodu","status":"publish","type":"post","link":"https:\/\/radioljubuski.ba\/index.php\/2021\/06\/22\/suprug-alise-mutap-koji-je-murizu-memicu-prijetio-ubojstvom-pusten-na-slobodu\/","title":{"rendered":"Suprug Alise Mutap koji je Murizu Memi\u0107u prijetio ubojstvom pu\u0161ten na slobodu"},"content":{"rendered":"\n<p><strong>Nakon kriminalisti\u010dke obrade po uputi de\u017eurnog tu\u017eitelja sarajevskog \u017eupanijskog tu\u017eiteljstva Fahrudin Rami\u0107 koji je prijetio smr\u0107u Muriz Memi\u0107u je pu\u0161ten iz slu\u017ebenih prostorija policije, potvr\u0111eno je iz Avazu MUP-a \u017dupanije Sarajevo.<\/strong><\/p>\n\n\n\n<p>Podsje\u0107amo da je Rami\u0107 rekao da \u0107e Memi\u0107 biti ubijen ako se osumnji\u010denima za zata\u0161kavanja slu\u010daja ubojstva D\u017eenana Memi\u0107a ne\u0161to dogodi.<\/p>\n\n\n\n<p>Njega je sarajevska policija sino\u0107 prona\u0161la i uhitila, a nakon \u0161to je preno\u0107io u policiji pu\u0161ten je na slobodu.<\/p>\n\n\n\n<p>\/HMS\/<\/p>\n","protected":false},"excerpt":{"rendered":"<p>Nakon kriminalisti\u010dke obrade po uputi de\u017eurnog tu\u017eitelja sarajevskog \u017eupanijskog tu\u017eiteljstva Fahrudin Rami\u0107 koji je prijetio smr\u0107u Muriz Memi\u0107u je pu\u0161ten iz slu\u017ebenih prostorija policije, potvr\u0111eno je iz Avazu MUP-a \u017dupanije Sarajevo. Podsje\u0107amo da je Rami\u0107 rekao da \u0107e Memi\u0107 biti ubijen ako se osumnji\u010denima za zata\u0161kavanja slu\u010daja ubojstva D\u017eenana Memi\u0107a ne\u0161to dogodi. Njega je sarajevska [&hellip;]<\/p>\n","protected":false},"author":2,"featured_media":34603,"comment_status":"closed","ping_status":"closed","sticky":false,"template":"","format":"standard","meta":{"h5ap_radio_sources":[],"footnotes":""},"categories":[1],"tags":[],"class_list":["post-34602","post","type-post","status-publish","format-standard","has-post-thumbnail","hentry","category-bihiregija"],"yoast_head":"<!-- This site is optimized with the Yoast SEO plugin v27.5 - https:\/\/yoast.com\/product\/yoast-seo-wordpress\/ -->\n<title>Suprug Alise Mutap koji je Murizu Memi\u0107u prijetio ubojstvom pu\u0161ten na slobodu - RADIO LJUBU\u0160KI<\/title>\n<meta name=\"robots\" content=\"index, follow, max-snippet:-1, max-image-preview:large, max-video-preview:-1\" \/>\n<link rel=\"canonical\" href=\"https:\/\/radioljubuski.ba\/index.php\/2021\/06\/22\/suprug-alise-mutap-koji-je-murizu-memicu-prijetio-ubojstvom-pusten-na-slobodu\/\" \/>\n<meta property=\"og:locale\" content=\"hr_HR\" \/>\n<meta property=\"og:type\" content=\"article\" \/>\n<meta property=\"og:title\" content=\"Suprug Alise Mutap koji je Murizu Memi\u0107u prijetio ubojstvom pu\u0161ten na slobodu - RADIO LJUBU\u0160KI\" \/>\n<meta property=\"og:description\" content=\"Nakon kriminalisti\u010dke obrade po uputi de\u017eurnog tu\u017eitelja sarajevskog \u017eupanijskog tu\u017eiteljstva Fahrudin Rami\u0107 koji je prijetio smr\u0107u Muriz Memi\u0107u je pu\u0161ten iz slu\u017ebenih prostorija policije, potvr\u0111eno je iz Avazu MUP-a \u017dupanije Sarajevo. Podsje\u0107amo da je Rami\u0107 rekao da \u0107e Memi\u0107 biti ubijen ako se osumnji\u010denima za zata\u0161kavanja slu\u010daja ubojstva D\u017eenana Memi\u0107a ne\u0161to dogodi. Njega je sarajevska [&hellip;]\" \/>\n<meta property=\"og:url\" content=\"https:\/\/radioljubuski.ba\/index.php\/2021\/06\/22\/suprug-alise-mutap-koji-je-murizu-memicu-prijetio-ubojstvom-pusten-na-slobodu\/\" \/>\n<meta property=\"og:site_name\" content=\"RADIO LJUBU\u0160KI\" \/>\n<meta property=\"article:publisher\" content=\"https:\/\/www.facebook.com\/Radiio-Ljubuski-1490835324566332\" \/>\n<meta property=\"article:published_time\" content=\"2021-06-21T23:03:54+00:00\" \/>\n<meta property=\"article:modified_time\" content=\"2021-06-21T23:03:55+00:00\" \/>\n<meta property=\"og:image\" content=\"https:\/\/radioljubuski.ba\/wp-content\/uploads\/2021\/06\/fahrudin-ramic.jpg\" \/>\n\t<meta property=\"og:image:width\" content=\"750\" \/>\n\t<meta property=\"og:image:height\" content=\"465\" \/>\n\t<meta property=\"og:image:type\" content=\"image\/jpeg\" \/>\n<meta name=\"author\" content=\"Radio Ljubu\u0161ki\" \/>\n<meta name=\"twitter:card\" content=\"summary_large_image\" \/>\n<meta name=\"twitter:creator\" content=\"@radioljubuski\" \/>\n<meta name=\"twitter:site\" content=\"@radioljubuski\" \/>\n<meta name=\"twitter:label1\" content=\"Napisao\/la\" \/>\n\t<meta name=\"twitter:data1\" content=\"Radio Ljubu\u0161ki\" \/>\n\t<meta name=\"twitter:label2\" content=\"Procijenjeno vrijeme \u010ditanja\" \/>\n\t<meta name=\"twitter:data2\" content=\"1 minuta\" \/>\n<script type=\"application\/ld+json\" class=\"yoast-schema-graph\">{\"@context\":\"https:\\\/\\\/schema.org\",\"@graph\":[{\"@type\":\"Article\",\"@id\":\"https:\\\/\\\/radioljubuski.ba\\\/index.php\\\/2021\\\/06\\\/22\\\/suprug-alise-mutap-koji-je-murizu-memicu-prijetio-ubojstvom-pusten-na-slobodu\\\/#article\",\"isPartOf\":{\"@id\":\"https:\\\/\\\/radioljubuski.ba\\\/index.php\\\/2021\\\/06\\\/22\\\/suprug-alise-mutap-koji-je-murizu-memicu-prijetio-ubojstvom-pusten-na-slobodu\\\/\"},\"author\":{\"name\":\"Radio Ljubu\u0161ki\",\"@id\":\"https:\\\/\\\/radioljubuski.ba\\\/#\\\/schema\\\/person\\\/19fc700381a780f69665d7956c469e3b\"},\"headline\":\"Suprug Alise Mutap koji je Murizu Memi\u0107u prijetio ubojstvom pu\u0161ten na slobodu\",\"datePublished\":\"2021-06-21T23:03:54+00:00\",\"dateModified\":\"2021-06-21T23:03:55+00:00\",\"mainEntityOfPage\":{\"@id\":\"https:\\\/\\\/radioljubuski.ba\\\/index.php\\\/2021\\\/06\\\/22\\\/suprug-alise-mutap-koji-je-murizu-memicu-prijetio-ubojstvom-pusten-na-slobodu\\\/\"},\"wordCount\":105,\"publisher\":{\"@id\":\"https:\\\/\\\/radioljubuski.ba\\\/#organization\"},\"image\":{\"@id\":\"https:\\\/\\\/radioljubuski.ba\\\/index.php\\\/2021\\\/06\\\/22\\\/suprug-alise-mutap-koji-je-murizu-memicu-prijetio-ubojstvom-pusten-na-slobodu\\\/#primaryimage\"},\"thumbnailUrl\":\"https:\\\/\\\/radioljubuski.ba\\\/wp-content\\\/uploads\\\/2021\\\/06\\\/fahrudin-ramic.jpg\",\"articleSection\":[\"BIH i regija\"],\"inLanguage\":\"hr\"},{\"@type\":\"WebPage\",\"@id\":\"https:\\\/\\\/radioljubuski.ba\\\/index.php\\\/2021\\\/06\\\/22\\\/suprug-alise-mutap-koji-je-murizu-memicu-prijetio-ubojstvom-pusten-na-slobodu\\\/\",\"url\":\"https:\\\/\\\/radioljubuski.ba\\\/index.php\\\/2021\\\/06\\\/22\\\/suprug-alise-mutap-koji-je-murizu-memicu-prijetio-ubojstvom-pusten-na-slobodu\\\/\",\"name\":\"Suprug Alise Mutap koji je Murizu Memi\u0107u prijetio ubojstvom pu\u0161ten na slobodu - RADIO LJUBU\u0160KI\",\"isPartOf\":{\"@id\":\"https:\\\/\\\/radioljubuski.ba\\\/#website\"},\"primaryImageOfPage\":{\"@id\":\"https:\\\/\\\/radioljubuski.ba\\\/index.php\\\/2021\\\/06\\\/22\\\/suprug-alise-mutap-koji-je-murizu-memicu-prijetio-ubojstvom-pusten-na-slobodu\\\/#primaryimage\"},\"image\":{\"@id\":\"https:\\\/\\\/radioljubuski.ba\\\/index.php\\\/2021\\\/06\\\/22\\\/suprug-alise-mutap-koji-je-murizu-memicu-prijetio-ubojstvom-pusten-na-slobodu\\\/#primaryimage\"},\"thumbnailUrl\":\"https:\\\/\\\/radioljubuski.ba\\\/wp-content\\\/uploads\\\/2021\\\/06\\\/fahrudin-ramic.jpg\",\"datePublished\":\"2021-06-21T23:03:54+00:00\",\"dateModified\":\"2021-06-21T23:03:55+00:00\",\"breadcrumb\":{\"@id\":\"https:\\\/\\\/radioljubuski.ba\\\/index.php\\\/2021\\\/06\\\/22\\\/suprug-alise-mutap-koji-je-murizu-memicu-prijetio-ubojstvom-pusten-na-slobodu\\\/#breadcrumb\"},\"inLanguage\":\"hr\",\"potentialAction\":[{\"@type\":\"ReadAction\",\"target\":[\"https:\\\/\\\/radioljubuski.ba\\\/index.php\\\/2021\\\/06\\\/22\\\/suprug-alise-mutap-koji-je-murizu-memicu-prijetio-ubojstvom-pusten-na-slobodu\\\/\"]}]},{\"@type\":\"ImageObject\",\"inLanguage\":\"hr\",\"@id\":\"https:\\\/\\\/radioljubuski.ba\\\/index.php\\\/2021\\\/06\\\/22\\\/suprug-alise-mutap-koji-je-murizu-memicu-prijetio-ubojstvom-pusten-na-slobodu\\\/#primaryimage\",\"url\":\"https:\\\/\\\/radioljubuski.ba\\\/wp-content\\\/uploads\\\/2021\\\/06\\\/fahrudin-ramic.jpg\",\"contentUrl\":\"https:\\\/\\\/radioljubuski.ba\\\/wp-content\\\/uploads\\\/2021\\\/06\\\/fahrudin-ramic.jpg\",\"width\":750,\"height\":465},{\"@type\":\"BreadcrumbList\",\"@id\":\"https:\\\/\\\/radioljubuski.ba\\\/index.php\\\/2021\\\/06\\\/22\\\/suprug-alise-mutap-koji-je-murizu-memicu-prijetio-ubojstvom-pusten-na-slobodu\\\/#breadcrumb\",\"itemListElement\":[{\"@type\":\"ListItem\",\"position\":1,\"name\":\"Po\u010detna stranica\",\"item\":\"https:\\\/\\\/radioljubuski.ba\\\/\"},{\"@type\":\"ListItem\",\"position\":2,\"name\":\"Suprug Alise Mutap koji je Murizu Memi\u0107u prijetio ubojstvom pu\u0161ten na slobodu\"}]},{\"@type\":\"WebSite\",\"@id\":\"https:\\\/\\\/radioljubuski.ba\\\/#website\",\"url\":\"https:\\\/\\\/radioljubuski.ba\\\/\",\"name\":\"Radio Ljubu\u0161ki\",\"description\":\"Sun\u010dana frekvencija Hercegovine\",\"publisher\":{\"@id\":\"https:\\\/\\\/radioljubuski.ba\\\/#organization\"},\"potentialAction\":[{\"@type\":\"SearchAction\",\"target\":{\"@type\":\"EntryPoint\",\"urlTemplate\":\"https:\\\/\\\/radioljubuski.ba\\\/?s={search_term_string}\"},\"query-input\":{\"@type\":\"PropertyValueSpecification\",\"valueRequired\":true,\"valueName\":\"search_term_string\"}}],\"inLanguage\":\"hr\"},{\"@type\":\"Organization\",\"@id\":\"https:\\\/\\\/radioljubuski.ba\\\/#organization\",\"name\":\"Radio Ljubu\u0161ki\",\"url\":\"https:\\\/\\\/radioljubuski.ba\\\/\",\"logo\":{\"@type\":\"ImageObject\",\"inLanguage\":\"hr\",\"@id\":\"https:\\\/\\\/radioljubuski.ba\\\/#\\\/schema\\\/logo\\\/image\\\/\",\"url\":\"https:\\\/\\\/radioljubuski.ba\\\/wp-content\\\/uploads\\\/2021\\\/02\\\/cropped-Radio_Ljubuski_logo1.jpg\",\"contentUrl\":\"https:\\\/\\\/radioljubuski.ba\\\/wp-content\\\/uploads\\\/2021\\\/02\\\/cropped-Radio_Ljubuski_logo1.jpg\",\"width\":512,\"height\":512,\"caption\":\"Radio Ljubu\u0161ki\"},\"image\":{\"@id\":\"https:\\\/\\\/radioljubuski.ba\\\/#\\\/schema\\\/logo\\\/image\\\/\"},\"sameAs\":[\"https:\\\/\\\/www.facebook.com\\\/Radiio-Ljubuski-1490835324566332\",\"https:\\\/\\\/x.com\\\/radioljubuski\",\"https:\\\/\\\/hr.linkedin.com\\\/company\\\/radio-ljubuski\",\"https:\\\/\\\/www.youtube.com\\\/channel\\\/UCHYaeO_n0Db3tjNGudGpXyw\"]},{\"@type\":\"Person\",\"@id\":\"https:\\\/\\\/radioljubuski.ba\\\/#\\\/schema\\\/person\\\/19fc700381a780f69665d7956c469e3b\",\"name\":\"Radio Ljubu\u0161ki\"}]}<\/script>\n<!-- \/ Yoast SEO plugin. -->","yoast_head_json":{"title":"Suprug Alise Mutap koji je Murizu Memi\u0107u prijetio ubojstvom pu\u0161ten na slobodu - RADIO LJUBU\u0160KI","robots":{"index":"index","follow":"follow","max-snippet":"max-snippet:-1","max-image-preview":"max-image-preview:large","max-video-preview":"max-video-preview:-1"},"canonical":"https:\/\/radioljubuski.ba\/index.php\/2021\/06\/22\/suprug-alise-mutap-koji-je-murizu-memicu-prijetio-ubojstvom-pusten-na-slobodu\/","og_locale":"hr_HR","og_type":"article","og_title":"Suprug Alise Mutap koji je Murizu Memi\u0107u prijetio ubojstvom pu\u0161ten na slobodu - RADIO LJUBU\u0160KI","og_description":"Nakon kriminalisti\u010dke obrade po uputi de\u017eurnog tu\u017eitelja sarajevskog \u017eupanijskog tu\u017eiteljstva Fahrudin Rami\u0107 koji je prijetio smr\u0107u Muriz Memi\u0107u je pu\u0161ten iz slu\u017ebenih prostorija policije, potvr\u0111eno je iz Avazu MUP-a \u017dupanije Sarajevo. Podsje\u0107amo da je Rami\u0107 rekao da \u0107e Memi\u0107 biti ubijen ako se osumnji\u010denima za zata\u0161kavanja slu\u010daja ubojstva D\u017eenana Memi\u0107a ne\u0161to dogodi. Njega je sarajevska [&hellip;]","og_url":"https:\/\/radioljubuski.ba\/index.php\/2021\/06\/22\/suprug-alise-mutap-koji-je-murizu-memicu-prijetio-ubojstvom-pusten-na-slobodu\/","og_site_name":"RADIO LJUBU\u0160KI","article_publisher":"https:\/\/www.facebook.com\/Radiio-Ljubuski-1490835324566332","article_published_time":"2021-06-21T23:03:54+00:00","article_modified_time":"2021-06-21T23:03:55+00:00","og_image":[{"width":750,"height":465,"url":"https:\/\/radioljubuski.ba\/wp-content\/uploads\/2021\/06\/fahrudin-ramic.jpg","type":"image\/jpeg"}],"author":"Radio Ljubu\u0161ki","twitter_card":"summary_large_image","twitter_creator":"@radioljubuski","twitter_site":"@radioljubuski","twitter_misc":{"Napisao\/la":"Radio Ljubu\u0161ki","Procijenjeno vrijeme \u010ditanja":"1 minuta"},"schema":{"@context":"https:\/\/schema.org","@graph":[{"@type":"Article","@id":"https:\/\/radioljubuski.ba\/index.php\/2021\/06\/22\/suprug-alise-mutap-koji-je-murizu-memicu-prijetio-ubojstvom-pusten-na-slobodu\/#article","isPartOf":{"@id":"https:\/\/radioljubuski.ba\/index.php\/2021\/06\/22\/suprug-alise-mutap-koji-je-murizu-memicu-prijetio-ubojstvom-pusten-na-slobodu\/"},"author":{"name":"Radio Ljubu\u0161ki","@id":"https:\/\/radioljubuski.ba\/#\/schema\/person\/19fc700381a780f69665d7956c469e3b"},"headline":"Suprug Alise Mutap koji je Murizu Memi\u0107u prijetio ubojstvom pu\u0161ten na slobodu","datePublished":"2021-06-21T23:03:54+00:00","dateModified":"2021-06-21T23:03:55+00:00","mainEntityOfPage":{"@id":"https:\/\/radioljubuski.ba\/index.php\/2021\/06\/22\/suprug-alise-mutap-koji-je-murizu-memicu-prijetio-ubojstvom-pusten-na-slobodu\/"},"wordCount":105,"publisher":{"@id":"https:\/\/radioljubuski.ba\/#organization"},"image":{"@id":"https:\/\/radioljubuski.ba\/index.php\/2021\/06\/22\/suprug-alise-mutap-koji-je-murizu-memicu-prijetio-ubojstvom-pusten-na-slobodu\/#primaryimage"},"thumbnailUrl":"https:\/\/radioljubuski.ba\/wp-content\/uploads\/2021\/06\/fahrudin-ramic.jpg","articleSection":["BIH i regija"],"inLanguage":"hr"},{"@type":"WebPage","@id":"https:\/\/radioljubuski.ba\/index.php\/2021\/06\/22\/suprug-alise-mutap-koji-je-murizu-memicu-prijetio-ubojstvom-pusten-na-slobodu\/","url":"https:\/\/radioljubuski.ba\/index.php\/2021\/06\/22\/suprug-alise-mutap-koji-je-murizu-memicu-prijetio-ubojstvom-pusten-na-slobodu\/","name":"Suprug Alise Mutap koji je Murizu Memi\u0107u prijetio ubojstvom pu\u0161ten na slobodu - RADIO LJUBU\u0160KI","isPartOf":{"@id":"https:\/\/radioljubuski.ba\/#website"},"primaryImageOfPage":{"@id":"https:\/\/radioljubuski.ba\/index.php\/2021\/06\/22\/suprug-alise-mutap-koji-je-murizu-memicu-prijetio-ubojstvom-pusten-na-slobodu\/#primaryimage"},"image":{"@id":"https:\/\/radioljubuski.ba\/index.php\/2021\/06\/22\/suprug-alise-mutap-koji-je-murizu-memicu-prijetio-ubojstvom-pusten-na-slobodu\/#primaryimage"},"thumbnailUrl":"https:\/\/radioljubuski.ba\/wp-content\/uploads\/2021\/06\/fahrudin-ramic.jpg","datePublished":"2021-06-21T23:03:54+00:00","dateModified":"2021-06-21T23:03:55+00:00","breadcrumb":{"@id":"https:\/\/radioljubuski.ba\/index.php\/2021\/06\/22\/suprug-alise-mutap-koji-je-murizu-memicu-prijetio-ubojstvom-pusten-na-slobodu\/#breadcrumb"},"inLanguage":"hr","potentialAction":[{"@type":"ReadAction","target":["https:\/\/radioljubuski.ba\/index.php\/2021\/06\/22\/suprug-alise-mutap-koji-je-murizu-memicu-prijetio-ubojstvom-pusten-na-slobodu\/"]}]},{"@type":"ImageObject","inLanguage":"hr","@id":"https:\/\/radioljubuski.ba\/index.php\/2021\/06\/22\/suprug-alise-mutap-koji-je-murizu-memicu-prijetio-ubojstvom-pusten-na-slobodu\/#primaryimage","url":"https:\/\/radioljubuski.ba\/wp-content\/uploads\/2021\/06\/fahrudin-ramic.jpg","contentUrl":"https:\/\/radioljubuski.ba\/wp-content\/uploads\/2021\/06\/fahrudin-ramic.jpg","width":750,"height":465},{"@type":"BreadcrumbList","@id":"https:\/\/radioljubuski.ba\/index.php\/2021\/06\/22\/suprug-alise-mutap-koji-je-murizu-memicu-prijetio-ubojstvom-pusten-na-slobodu\/#breadcrumb","itemListElement":[{"@type":"ListItem","position":1,"name":"Po\u010detna stranica","item":"https:\/\/radioljubuski.ba\/"},{"@type":"ListItem","position":2,"name":"Suprug Alise Mutap koji je Murizu Memi\u0107u prijetio ubojstvom pu\u0161ten na slobodu"}]},{"@type":"WebSite","@id":"https:\/\/radioljubuski.ba\/#website","url":"https:\/\/radioljubuski.ba\/","name":"Radio Ljubu\u0161ki","description":"Sun\u010dana frekvencija Hercegovine","publisher":{"@id":"https:\/\/radioljubuski.ba\/#organization"},"potentialAction":[{"@type":"SearchAction","target":{"@type":"EntryPoint","urlTemplate":"https:\/\/radioljubuski.ba\/?s={search_term_string}"},"query-input":{"@type":"PropertyValueSpecification","valueRequired":true,"valueName":"search_term_string"}}],"inLanguage":"hr"},{"@type":"Organization","@id":"https:\/\/radioljubuski.ba\/#organization","name":"Radio Ljubu\u0161ki","url":"https:\/\/radioljubuski.ba\/","logo":{"@type":"ImageObject","inLanguage":"hr","@id":"https:\/\/radioljubuski.ba\/#\/schema\/logo\/image\/","url":"https:\/\/radioljubuski.ba\/wp-content\/uploads\/2021\/02\/cropped-Radio_Ljubuski_logo1.jpg","contentUrl":"https:\/\/radioljubuski.ba\/wp-content\/uploads\/2021\/02\/cropped-Radio_Ljubuski_logo1.jpg","width":512,"height":512,"caption":"Radio Ljubu\u0161ki"},"image":{"@id":"https:\/\/radioljubuski.ba\/#\/schema\/logo\/image\/"},"sameAs":["https:\/\/www.facebook.com\/Radiio-Ljubuski-1490835324566332","https:\/\/x.com\/radioljubuski","https:\/\/hr.linkedin.com\/company\/radio-ljubuski","https:\/\/www.youtube.com\/channel\/UCHYaeO_n0Db3tjNGudGpXyw"]},{"@type":"Person","@id":"https:\/\/radioljubuski.ba\/#\/schema\/person\/19fc700381a780f69665d7956c469e3b","name":"Radio Ljubu\u0161ki"}]}},"_links":{"self":[{"href":"https:\/\/radioljubuski.ba\/index.php\/wp-json\/wp\/v2\/posts\/34602","targetHints":{"allow":["GET"]}}],"collection":[{"href":"https:\/\/radioljubuski.ba\/index.php\/wp-json\/wp\/v2\/posts"}],"about":[{"href":"https:\/\/radioljubuski.ba\/index.php\/wp-json\/wp\/v2\/types\/post"}],"author":[{"embeddable":true,"href":"https:\/\/radioljubuski.ba\/index.php\/wp-json\/wp\/v2\/users\/2"}],"replies":[{"embeddable":true,"href":"https:\/\/radioljubuski.ba\/index.php\/wp-json\/wp\/v2\/comments?post=34602"}],"version-history":[{"count":1,"href":"https:\/\/radioljubuski.ba\/index.php\/wp-json\/wp\/v2\/posts\/34602\/revisions"}],"predecessor-version":[{"id":34604,"href":"https:\/\/radioljubuski.ba\/index.php\/wp-json\/wp\/v2\/posts\/34602\/revisions\/34604"}],"wp:featuredmedia":[{"embeddable":true,"href":"https:\/\/radioljubuski.ba\/index.php\/wp-json\/wp\/v2\/media\/34603"}],"wp:attachment":[{"href":"https:\/\/radioljubuski.ba\/index.php\/wp-json\/wp\/v2\/media?parent=34602"}],"wp:term":[{"taxonomy":"category","embeddable":true,"href":"https:\/\/radioljubuski.ba\/index.php\/wp-json\/wp\/v2\/categories?post=34602"},{"taxonomy":"post_tag","embeddable":true,"href":"https:\/\/radioljubuski.ba\/index.php\/wp-json\/wp\/v2\/tags?post=34602"}],"curies":[{"name":"wp","href":"https:\/\/api.w.org\/{rel}","templated":true}]}}