{"id":34608,"date":"2021-06-22T00:06:17","date_gmt":"2021-06-21T23:06:17","guid":{"rendered":"https:\/\/radioljubuski.ba\/?p=34608"},"modified":"2021-06-22T00:06:19","modified_gmt":"2021-06-21T23:06:19","slug":"mostar-kovac-primio-larsona-naglasena-potreba-za-zurnom-uspostavom-policijskih-struktura-u-hnz","status":"publish","type":"post","link":"https:\/\/radioljubuski.ba\/index.php\/2021\/06\/22\/mostar-kovac-primio-larsona-naglasena-potreba-za-zurnom-uspostavom-policijskih-struktura-u-hnz\/","title":{"rendered":"Mostar: Kova\u010d primio Larsona, nagla\u0161ena potreba za \u017eurnom uspostavom policijskih struktura u HN\u017d"},"content":{"rendered":"\n<p><strong>Glavni tu\u017eitelj Tu\u017eiteljstva hercegova\u010dko-neretvanske \u017eupanije Zdenko Kova\u010d, sa svojim suradnicima, u petak je u radni posjet primio Erika Larsona, vi\u0161eg savjetnika u Uredu za borbu protiv korupcije i upravljanje kvalitetom Kantona Sarajevo, prenosi Hrvatski Medijski Servis.<\/strong><\/p>\n\n\n\n<p>Iz \u017eupanijskog tu\u017eiteljstva je priop\u0107eno da se na radnom sastanku razgovaralo o korupciji u dru\u0161tvu i radu Tu\u017eiteljstva HN\u017d na predmetima korupcije, kao i o problemima s kojima se Tu\u017eiteljstvo susre\u0107e u radu na ovim predmetima.<\/p>\n\n\n\n<p>-Postignut je visok stupanj suglasnosti o potrebi jo\u0161 ve\u0107e anga\u017eiranosti svih institucija u dru\u0161tvu u borbi protiv svih oblika koruptivnih postupanja, priop\u0107eno je.<\/p>\n\n\n\n<p>Dodaje se da su razmijenjena iskustva u dosada\u0161njem radu, istaknuti primjeri dobre prakse, te dogovoreni budu\u0107i vidovi suradnje u borbi protiv korupcije.<\/p>\n\n\n\n<p>-Nagla\u0161ena je \u017eurna potreba za uspostavom policijskih struktura u HN \u017eupaniji, a sve u cilju efikasnije borbe protiv korupcije i drugih oblika kriminala, priop\u0107eno je.<\/p>\n\n\n\n<p>Larson je, kako je istaknuto, podr\u017eao rad tu\u017eitelja Tu\u017eiteljstva HN\u017d, cijene\u0107i izuzetno te\u0161ke uvjete u kojima se obavljao rad tu\u017eitelja, te ih ohrabrio u njihovoj borbi protiv svih oblika kriminala i vladavini prava.<\/p>\n\n\n\n<p>\/HMS\/<\/p>\n","protected":false},"excerpt":{"rendered":"<p>Glavni tu\u017eitelj Tu\u017eiteljstva hercegova\u010dko-neretvanske \u017eupanije Zdenko Kova\u010d, sa svojim suradnicima, u petak je u radni posjet primio Erika Larsona, vi\u0161eg savjetnika u Uredu za borbu protiv korupcije i upravljanje kvalitetom Kantona Sarajevo, prenosi Hrvatski Medijski Servis. Iz \u017eupanijskog tu\u017eiteljstva je priop\u0107eno da se na radnom sastanku razgovaralo o korupciji u dru\u0161tvu i radu Tu\u017eiteljstva HN\u017d [&hellip;]<\/p>\n","protected":false},"author":2,"featured_media":34609,"comment_status":"closed","ping_status":"closed","sticky":false,"template":"","format":"standard","meta":{"h5ap_radio_sources":[],"footnotes":""},"categories":[1],"tags":[],"class_list":["post-34608","post","type-post","status-publish","format-standard","has-post-thumbnail","hentry","category-bihiregija"],"yoast_head":"<!-- This site is optimized with the Yoast SEO plugin v27.5 - https:\/\/yoast.com\/product\/yoast-seo-wordpress\/ -->\n<title>Mostar: Kova\u010d primio Larsona, nagla\u0161ena potreba za \u017eurnom uspostavom policijskih struktura u HN\u017d - RADIO LJUBU\u0160KI<\/title>\n<meta name=\"robots\" content=\"index, follow, max-snippet:-1, max-image-preview:large, max-video-preview:-1\" \/>\n<link rel=\"canonical\" href=\"https:\/\/radioljubuski.ba\/index.php\/2021\/06\/22\/mostar-kovac-primio-larsona-naglasena-potreba-za-zurnom-uspostavom-policijskih-struktura-u-hnz\/\" \/>\n<meta property=\"og:locale\" content=\"hr_HR\" \/>\n<meta property=\"og:type\" content=\"article\" \/>\n<meta property=\"og:title\" content=\"Mostar: Kova\u010d primio Larsona, nagla\u0161ena potreba za \u017eurnom uspostavom policijskih struktura u HN\u017d - RADIO LJUBU\u0160KI\" \/>\n<meta property=\"og:description\" content=\"Glavni tu\u017eitelj Tu\u017eiteljstva hercegova\u010dko-neretvanske \u017eupanije Zdenko Kova\u010d, sa svojim suradnicima, u petak je u radni posjet primio Erika Larsona, vi\u0161eg savjetnika u Uredu za borbu protiv korupcije i upravljanje kvalitetom Kantona Sarajevo, prenosi Hrvatski Medijski Servis. Iz \u017eupanijskog tu\u017eiteljstva je priop\u0107eno da se na radnom sastanku razgovaralo o korupciji u dru\u0161tvu i radu Tu\u017eiteljstva HN\u017d [&hellip;]\" \/>\n<meta property=\"og:url\" content=\"https:\/\/radioljubuski.ba\/index.php\/2021\/06\/22\/mostar-kovac-primio-larsona-naglasena-potreba-za-zurnom-uspostavom-policijskih-struktura-u-hnz\/\" \/>\n<meta property=\"og:site_name\" content=\"RADIO LJUBU\u0160KI\" \/>\n<meta property=\"article:publisher\" content=\"https:\/\/www.facebook.com\/Radiio-Ljubuski-1490835324566332\" \/>\n<meta property=\"article:published_time\" content=\"2021-06-21T23:06:17+00:00\" \/>\n<meta property=\"article:modified_time\" content=\"2021-06-21T23:06:19+00:00\" \/>\n<meta property=\"og:image\" content=\"https:\/\/radioljubuski.ba\/wp-content\/uploads\/2021\/06\/docservlet-1068x528-1.jpg\" \/>\n\t<meta property=\"og:image:width\" content=\"1068\" \/>\n\t<meta property=\"og:image:height\" content=\"528\" \/>\n\t<meta property=\"og:image:type\" content=\"image\/jpeg\" \/>\n<meta name=\"author\" content=\"Radio Ljubu\u0161ki\" \/>\n<meta name=\"twitter:card\" content=\"summary_large_image\" \/>\n<meta name=\"twitter:creator\" content=\"@radioljubuski\" \/>\n<meta name=\"twitter:site\" content=\"@radioljubuski\" \/>\n<meta name=\"twitter:label1\" content=\"Napisao\/la\" \/>\n\t<meta name=\"twitter:data1\" content=\"Radio Ljubu\u0161ki\" \/>\n\t<meta name=\"twitter:label2\" content=\"Procijenjeno vrijeme \u010ditanja\" \/>\n\t<meta name=\"twitter:data2\" content=\"1 minuta\" \/>\n<script type=\"application\/ld+json\" class=\"yoast-schema-graph\">{\"@context\":\"https:\\\/\\\/schema.org\",\"@graph\":[{\"@type\":\"Article\",\"@id\":\"https:\\\/\\\/radioljubuski.ba\\\/index.php\\\/2021\\\/06\\\/22\\\/mostar-kovac-primio-larsona-naglasena-potreba-za-zurnom-uspostavom-policijskih-struktura-u-hnz\\\/#article\",\"isPartOf\":{\"@id\":\"https:\\\/\\\/radioljubuski.ba\\\/index.php\\\/2021\\\/06\\\/22\\\/mostar-kovac-primio-larsona-naglasena-potreba-za-zurnom-uspostavom-policijskih-struktura-u-hnz\\\/\"},\"author\":{\"name\":\"Radio Ljubu\u0161ki\",\"@id\":\"https:\\\/\\\/radioljubuski.ba\\\/#\\\/schema\\\/person\\\/19fc700381a780f69665d7956c469e3b\"},\"headline\":\"Mostar: Kova\u010d primio Larsona, nagla\u0161ena potreba za \u017eurnom uspostavom policijskih struktura u HN\u017d\",\"datePublished\":\"2021-06-21T23:06:17+00:00\",\"dateModified\":\"2021-06-21T23:06:19+00:00\",\"mainEntityOfPage\":{\"@id\":\"https:\\\/\\\/radioljubuski.ba\\\/index.php\\\/2021\\\/06\\\/22\\\/mostar-kovac-primio-larsona-naglasena-potreba-za-zurnom-uspostavom-policijskih-struktura-u-hnz\\\/\"},\"wordCount\":214,\"publisher\":{\"@id\":\"https:\\\/\\\/radioljubuski.ba\\\/#organization\"},\"image\":{\"@id\":\"https:\\\/\\\/radioljubuski.ba\\\/index.php\\\/2021\\\/06\\\/22\\\/mostar-kovac-primio-larsona-naglasena-potreba-za-zurnom-uspostavom-policijskih-struktura-u-hnz\\\/#primaryimage\"},\"thumbnailUrl\":\"https:\\\/\\\/radioljubuski.ba\\\/wp-content\\\/uploads\\\/2021\\\/06\\\/docservlet-1068x528-1.jpg\",\"articleSection\":[\"BIH i regija\"],\"inLanguage\":\"hr\"},{\"@type\":\"WebPage\",\"@id\":\"https:\\\/\\\/radioljubuski.ba\\\/index.php\\\/2021\\\/06\\\/22\\\/mostar-kovac-primio-larsona-naglasena-potreba-za-zurnom-uspostavom-policijskih-struktura-u-hnz\\\/\",\"url\":\"https:\\\/\\\/radioljubuski.ba\\\/index.php\\\/2021\\\/06\\\/22\\\/mostar-kovac-primio-larsona-naglasena-potreba-za-zurnom-uspostavom-policijskih-struktura-u-hnz\\\/\",\"name\":\"Mostar: Kova\u010d primio Larsona, nagla\u0161ena potreba za \u017eurnom uspostavom policijskih struktura u HN\u017d - RADIO LJUBU\u0160KI\",\"isPartOf\":{\"@id\":\"https:\\\/\\\/radioljubuski.ba\\\/#website\"},\"primaryImageOfPage\":{\"@id\":\"https:\\\/\\\/radioljubuski.ba\\\/index.php\\\/2021\\\/06\\\/22\\\/mostar-kovac-primio-larsona-naglasena-potreba-za-zurnom-uspostavom-policijskih-struktura-u-hnz\\\/#primaryimage\"},\"image\":{\"@id\":\"https:\\\/\\\/radioljubuski.ba\\\/index.php\\\/2021\\\/06\\\/22\\\/mostar-kovac-primio-larsona-naglasena-potreba-za-zurnom-uspostavom-policijskih-struktura-u-hnz\\\/#primaryimage\"},\"thumbnailUrl\":\"https:\\\/\\\/radioljubuski.ba\\\/wp-content\\\/uploads\\\/2021\\\/06\\\/docservlet-1068x528-1.jpg\",\"datePublished\":\"2021-06-21T23:06:17+00:00\",\"dateModified\":\"2021-06-21T23:06:19+00:00\",\"breadcrumb\":{\"@id\":\"https:\\\/\\\/radioljubuski.ba\\\/index.php\\\/2021\\\/06\\\/22\\\/mostar-kovac-primio-larsona-naglasena-potreba-za-zurnom-uspostavom-policijskih-struktura-u-hnz\\\/#breadcrumb\"},\"inLanguage\":\"hr\",\"potentialAction\":[{\"@type\":\"ReadAction\",\"target\":[\"https:\\\/\\\/radioljubuski.ba\\\/index.php\\\/2021\\\/06\\\/22\\\/mostar-kovac-primio-larsona-naglasena-potreba-za-zurnom-uspostavom-policijskih-struktura-u-hnz\\\/\"]}]},{\"@type\":\"ImageObject\",\"inLanguage\":\"hr\",\"@id\":\"https:\\\/\\\/radioljubuski.ba\\\/index.php\\\/2021\\\/06\\\/22\\\/mostar-kovac-primio-larsona-naglasena-potreba-za-zurnom-uspostavom-policijskih-struktura-u-hnz\\\/#primaryimage\",\"url\":\"https:\\\/\\\/radioljubuski.ba\\\/wp-content\\\/uploads\\\/2021\\\/06\\\/docservlet-1068x528-1.jpg\",\"contentUrl\":\"https:\\\/\\\/radioljubuski.ba\\\/wp-content\\\/uploads\\\/2021\\\/06\\\/docservlet-1068x528-1.jpg\",\"width\":1068,\"height\":528},{\"@type\":\"BreadcrumbList\",\"@id\":\"https:\\\/\\\/radioljubuski.ba\\\/index.php\\\/2021\\\/06\\\/22\\\/mostar-kovac-primio-larsona-naglasena-potreba-za-zurnom-uspostavom-policijskih-struktura-u-hnz\\\/#breadcrumb\",\"itemListElement\":[{\"@type\":\"ListItem\",\"position\":1,\"name\":\"Po\u010detna stranica\",\"item\":\"https:\\\/\\\/radioljubuski.ba\\\/\"},{\"@type\":\"ListItem\",\"position\":2,\"name\":\"Mostar: Kova\u010d primio Larsona, nagla\u0161ena potreba za \u017eurnom uspostavom policijskih struktura u HN\u017d\"}]},{\"@type\":\"WebSite\",\"@id\":\"https:\\\/\\\/radioljubuski.ba\\\/#website\",\"url\":\"https:\\\/\\\/radioljubuski.ba\\\/\",\"name\":\"Radio Ljubu\u0161ki\",\"description\":\"Sun\u010dana frekvencija Hercegovine\",\"publisher\":{\"@id\":\"https:\\\/\\\/radioljubuski.ba\\\/#organization\"},\"potentialAction\":[{\"@type\":\"SearchAction\",\"target\":{\"@type\":\"EntryPoint\",\"urlTemplate\":\"https:\\\/\\\/radioljubuski.ba\\\/?s={search_term_string}\"},\"query-input\":{\"@type\":\"PropertyValueSpecification\",\"valueRequired\":true,\"valueName\":\"search_term_string\"}}],\"inLanguage\":\"hr\"},{\"@type\":\"Organization\",\"@id\":\"https:\\\/\\\/radioljubuski.ba\\\/#organization\",\"name\":\"Radio Ljubu\u0161ki\",\"url\":\"https:\\\/\\\/radioljubuski.ba\\\/\",\"logo\":{\"@type\":\"ImageObject\",\"inLanguage\":\"hr\",\"@id\":\"https:\\\/\\\/radioljubuski.ba\\\/#\\\/schema\\\/logo\\\/image\\\/\",\"url\":\"https:\\\/\\\/radioljubuski.ba\\\/wp-content\\\/uploads\\\/2021\\\/02\\\/cropped-Radio_Ljubuski_logo1.jpg\",\"contentUrl\":\"https:\\\/\\\/radioljubuski.ba\\\/wp-content\\\/uploads\\\/2021\\\/02\\\/cropped-Radio_Ljubuski_logo1.jpg\",\"width\":512,\"height\":512,\"caption\":\"Radio Ljubu\u0161ki\"},\"image\":{\"@id\":\"https:\\\/\\\/radioljubuski.ba\\\/#\\\/schema\\\/logo\\\/image\\\/\"},\"sameAs\":[\"https:\\\/\\\/www.facebook.com\\\/Radiio-Ljubuski-1490835324566332\",\"https:\\\/\\\/x.com\\\/radioljubuski\",\"https:\\\/\\\/hr.linkedin.com\\\/company\\\/radio-ljubuski\",\"https:\\\/\\\/www.youtube.com\\\/channel\\\/UCHYaeO_n0Db3tjNGudGpXyw\"]},{\"@type\":\"Person\",\"@id\":\"https:\\\/\\\/radioljubuski.ba\\\/#\\\/schema\\\/person\\\/19fc700381a780f69665d7956c469e3b\",\"name\":\"Radio Ljubu\u0161ki\"}]}<\/script>\n<!-- \/ Yoast SEO plugin. -->","yoast_head_json":{"title":"Mostar: Kova\u010d primio Larsona, nagla\u0161ena potreba za \u017eurnom uspostavom policijskih struktura u HN\u017d - RADIO LJUBU\u0160KI","robots":{"index":"index","follow":"follow","max-snippet":"max-snippet:-1","max-image-preview":"max-image-preview:large","max-video-preview":"max-video-preview:-1"},"canonical":"https:\/\/radioljubuski.ba\/index.php\/2021\/06\/22\/mostar-kovac-primio-larsona-naglasena-potreba-za-zurnom-uspostavom-policijskih-struktura-u-hnz\/","og_locale":"hr_HR","og_type":"article","og_title":"Mostar: Kova\u010d primio Larsona, nagla\u0161ena potreba za \u017eurnom uspostavom policijskih struktura u HN\u017d - RADIO LJUBU\u0160KI","og_description":"Glavni tu\u017eitelj Tu\u017eiteljstva hercegova\u010dko-neretvanske \u017eupanije Zdenko Kova\u010d, sa svojim suradnicima, u petak je u radni posjet primio Erika Larsona, vi\u0161eg savjetnika u Uredu za borbu protiv korupcije i upravljanje kvalitetom Kantona Sarajevo, prenosi Hrvatski Medijski Servis. Iz \u017eupanijskog tu\u017eiteljstva je priop\u0107eno da se na radnom sastanku razgovaralo o korupciji u dru\u0161tvu i radu Tu\u017eiteljstva HN\u017d [&hellip;]","og_url":"https:\/\/radioljubuski.ba\/index.php\/2021\/06\/22\/mostar-kovac-primio-larsona-naglasena-potreba-za-zurnom-uspostavom-policijskih-struktura-u-hnz\/","og_site_name":"RADIO LJUBU\u0160KI","article_publisher":"https:\/\/www.facebook.com\/Radiio-Ljubuski-1490835324566332","article_published_time":"2021-06-21T23:06:17+00:00","article_modified_time":"2021-06-21T23:06:19+00:00","og_image":[{"width":1068,"height":528,"url":"https:\/\/radioljubuski.ba\/wp-content\/uploads\/2021\/06\/docservlet-1068x528-1.jpg","type":"image\/jpeg"}],"author":"Radio Ljubu\u0161ki","twitter_card":"summary_large_image","twitter_creator":"@radioljubuski","twitter_site":"@radioljubuski","twitter_misc":{"Napisao\/la":"Radio Ljubu\u0161ki","Procijenjeno vrijeme \u010ditanja":"1 minuta"},"schema":{"@context":"https:\/\/schema.org","@graph":[{"@type":"Article","@id":"https:\/\/radioljubuski.ba\/index.php\/2021\/06\/22\/mostar-kovac-primio-larsona-naglasena-potreba-za-zurnom-uspostavom-policijskih-struktura-u-hnz\/#article","isPartOf":{"@id":"https:\/\/radioljubuski.ba\/index.php\/2021\/06\/22\/mostar-kovac-primio-larsona-naglasena-potreba-za-zurnom-uspostavom-policijskih-struktura-u-hnz\/"},"author":{"name":"Radio Ljubu\u0161ki","@id":"https:\/\/radioljubuski.ba\/#\/schema\/person\/19fc700381a780f69665d7956c469e3b"},"headline":"Mostar: Kova\u010d primio Larsona, nagla\u0161ena potreba za \u017eurnom uspostavom policijskih struktura u HN\u017d","datePublished":"2021-06-21T23:06:17+00:00","dateModified":"2021-06-21T23:06:19+00:00","mainEntityOfPage":{"@id":"https:\/\/radioljubuski.ba\/index.php\/2021\/06\/22\/mostar-kovac-primio-larsona-naglasena-potreba-za-zurnom-uspostavom-policijskih-struktura-u-hnz\/"},"wordCount":214,"publisher":{"@id":"https:\/\/radioljubuski.ba\/#organization"},"image":{"@id":"https:\/\/radioljubuski.ba\/index.php\/2021\/06\/22\/mostar-kovac-primio-larsona-naglasena-potreba-za-zurnom-uspostavom-policijskih-struktura-u-hnz\/#primaryimage"},"thumbnailUrl":"https:\/\/radioljubuski.ba\/wp-content\/uploads\/2021\/06\/docservlet-1068x528-1.jpg","articleSection":["BIH i regija"],"inLanguage":"hr"},{"@type":"WebPage","@id":"https:\/\/radioljubuski.ba\/index.php\/2021\/06\/22\/mostar-kovac-primio-larsona-naglasena-potreba-za-zurnom-uspostavom-policijskih-struktura-u-hnz\/","url":"https:\/\/radioljubuski.ba\/index.php\/2021\/06\/22\/mostar-kovac-primio-larsona-naglasena-potreba-za-zurnom-uspostavom-policijskih-struktura-u-hnz\/","name":"Mostar: Kova\u010d primio Larsona, nagla\u0161ena potreba za \u017eurnom uspostavom policijskih struktura u HN\u017d - RADIO LJUBU\u0160KI","isPartOf":{"@id":"https:\/\/radioljubuski.ba\/#website"},"primaryImageOfPage":{"@id":"https:\/\/radioljubuski.ba\/index.php\/2021\/06\/22\/mostar-kovac-primio-larsona-naglasena-potreba-za-zurnom-uspostavom-policijskih-struktura-u-hnz\/#primaryimage"},"image":{"@id":"https:\/\/radioljubuski.ba\/index.php\/2021\/06\/22\/mostar-kovac-primio-larsona-naglasena-potreba-za-zurnom-uspostavom-policijskih-struktura-u-hnz\/#primaryimage"},"thumbnailUrl":"https:\/\/radioljubuski.ba\/wp-content\/uploads\/2021\/06\/docservlet-1068x528-1.jpg","datePublished":"2021-06-21T23:06:17+00:00","dateModified":"2021-06-21T23:06:19+00:00","breadcrumb":{"@id":"https:\/\/radioljubuski.ba\/index.php\/2021\/06\/22\/mostar-kovac-primio-larsona-naglasena-potreba-za-zurnom-uspostavom-policijskih-struktura-u-hnz\/#breadcrumb"},"inLanguage":"hr","potentialAction":[{"@type":"ReadAction","target":["https:\/\/radioljubuski.ba\/index.php\/2021\/06\/22\/mostar-kovac-primio-larsona-naglasena-potreba-za-zurnom-uspostavom-policijskih-struktura-u-hnz\/"]}]},{"@type":"ImageObject","inLanguage":"hr","@id":"https:\/\/radioljubuski.ba\/index.php\/2021\/06\/22\/mostar-kovac-primio-larsona-naglasena-potreba-za-zurnom-uspostavom-policijskih-struktura-u-hnz\/#primaryimage","url":"https:\/\/radioljubuski.ba\/wp-content\/uploads\/2021\/06\/docservlet-1068x528-1.jpg","contentUrl":"https:\/\/radioljubuski.ba\/wp-content\/uploads\/2021\/06\/docservlet-1068x528-1.jpg","width":1068,"height":528},{"@type":"BreadcrumbList","@id":"https:\/\/radioljubuski.ba\/index.php\/2021\/06\/22\/mostar-kovac-primio-larsona-naglasena-potreba-za-zurnom-uspostavom-policijskih-struktura-u-hnz\/#breadcrumb","itemListElement":[{"@type":"ListItem","position":1,"name":"Po\u010detna stranica","item":"https:\/\/radioljubuski.ba\/"},{"@type":"ListItem","position":2,"name":"Mostar: Kova\u010d primio Larsona, nagla\u0161ena potreba za \u017eurnom uspostavom policijskih struktura u HN\u017d"}]},{"@type":"WebSite","@id":"https:\/\/radioljubuski.ba\/#website","url":"https:\/\/radioljubuski.ba\/","name":"Radio Ljubu\u0161ki","description":"Sun\u010dana frekvencija Hercegovine","publisher":{"@id":"https:\/\/radioljubuski.ba\/#organization"},"potentialAction":[{"@type":"SearchAction","target":{"@type":"EntryPoint","urlTemplate":"https:\/\/radioljubuski.ba\/?s={search_term_string}"},"query-input":{"@type":"PropertyValueSpecification","valueRequired":true,"valueName":"search_term_string"}}],"inLanguage":"hr"},{"@type":"Organization","@id":"https:\/\/radioljubuski.ba\/#organization","name":"Radio Ljubu\u0161ki","url":"https:\/\/radioljubuski.ba\/","logo":{"@type":"ImageObject","inLanguage":"hr","@id":"https:\/\/radioljubuski.ba\/#\/schema\/logo\/image\/","url":"https:\/\/radioljubuski.ba\/wp-content\/uploads\/2021\/02\/cropped-Radio_Ljubuski_logo1.jpg","contentUrl":"https:\/\/radioljubuski.ba\/wp-content\/uploads\/2021\/02\/cropped-Radio_Ljubuski_logo1.jpg","width":512,"height":512,"caption":"Radio Ljubu\u0161ki"},"image":{"@id":"https:\/\/radioljubuski.ba\/#\/schema\/logo\/image\/"},"sameAs":["https:\/\/www.facebook.com\/Radiio-Ljubuski-1490835324566332","https:\/\/x.com\/radioljubuski","https:\/\/hr.linkedin.com\/company\/radio-ljubuski","https:\/\/www.youtube.com\/channel\/UCHYaeO_n0Db3tjNGudGpXyw"]},{"@type":"Person","@id":"https:\/\/radioljubuski.ba\/#\/schema\/person\/19fc700381a780f69665d7956c469e3b","name":"Radio Ljubu\u0161ki"}]}},"_links":{"self":[{"href":"https:\/\/radioljubuski.ba\/index.php\/wp-json\/wp\/v2\/posts\/34608","targetHints":{"allow":["GET"]}}],"collection":[{"href":"https:\/\/radioljubuski.ba\/index.php\/wp-json\/wp\/v2\/posts"}],"about":[{"href":"https:\/\/radioljubuski.ba\/index.php\/wp-json\/wp\/v2\/types\/post"}],"author":[{"embeddable":true,"href":"https:\/\/radioljubuski.ba\/index.php\/wp-json\/wp\/v2\/users\/2"}],"replies":[{"embeddable":true,"href":"https:\/\/radioljubuski.ba\/index.php\/wp-json\/wp\/v2\/comments?post=34608"}],"version-history":[{"count":1,"href":"https:\/\/radioljubuski.ba\/index.php\/wp-json\/wp\/v2\/posts\/34608\/revisions"}],"predecessor-version":[{"id":34610,"href":"https:\/\/radioljubuski.ba\/index.php\/wp-json\/wp\/v2\/posts\/34608\/revisions\/34610"}],"wp:featuredmedia":[{"embeddable":true,"href":"https:\/\/radioljubuski.ba\/index.php\/wp-json\/wp\/v2\/media\/34609"}],"wp:attachment":[{"href":"https:\/\/radioljubuski.ba\/index.php\/wp-json\/wp\/v2\/media?parent=34608"}],"wp:term":[{"taxonomy":"category","embeddable":true,"href":"https:\/\/radioljubuski.ba\/index.php\/wp-json\/wp\/v2\/categories?post=34608"},{"taxonomy":"post_tag","embeddable":true,"href":"https:\/\/radioljubuski.ba\/index.php\/wp-json\/wp\/v2\/tags?post=34608"}],"curies":[{"name":"wp","href":"https:\/\/api.w.org\/{rel}","templated":true}]}}