{"id":34611,"date":"2021-06-22T00:08:33","date_gmt":"2021-06-21T23:08:33","guid":{"rendered":"https:\/\/radioljubuski.ba\/?p=34611"},"modified":"2021-06-22T00:08:35","modified_gmt":"2021-06-21T23:08:35","slug":"condric-naknada-koju-hep-placa-livnu-za-koristenje-voda-buskog-jezera-je-niska","status":"publish","type":"post","link":"https:\/\/radioljubuski.ba\/index.php\/2021\/06\/22\/condric-naknada-koju-hep-placa-livnu-za-koristenje-voda-buskog-jezera-je-niska\/","title":{"rendered":"\u010condri\u0107: Naknada koju HEP pla\u0107a Livnu za kori\u0161tenje voda Bu\u0161kog jezera je niska"},"content":{"rendered":"\n<p><strong>Predsjednik HDZ-a BiH i zamjenik predsjedatelja Doma naroda Parlamenta BiH dr. Dragan \u010covi\u0107, zamjenica predsjednika i predsjedateljica Zastupni\u010dkog doma PS BiH Borjana Kri\u0161to drugog dana slu\u017ebenog posjeta ministra gospodarstva i odr\u017eivog razvoja RH Tomislava \u0106ori\u0107a Livnu, zapo\u010deli su sastankom s gradona\u010delnikom Livna, Darkom \u010condri\u0107em a nastavili sastankom s gospodarstvenicima grada Livna, prenosi Hrvatski Medijski Servis.<\/strong><\/p>\n\n\n\n<p>Na sastanku s gradona\u010delnikom razgovarao je o potencijalima Livna, stanju u gospodarstvu i unaprje\u0111enju suradnje s Republikom Hrvatskom kao i ostvarivanju suradnje s hrvatskim gradovima i op\u0107inama u pograni\u010dnom podru\u010dju.<\/p>\n\n\n\n<figure class=\"wp-block-image\"><img decoding=\"async\" src=\"https:\/\/hms.ba\/wp-content\/uploads\/2021\/06\/livno-covic-coric.jpg\" alt=\"\"\/><\/figure>\n\n\n\n<p>Potencijali Bu\u0161koga jezera bili su tema razgovora s ministrom \u0106ori\u0107em kojega su doma\u0107ini upoznali s trenuta\u010dnom situacijom kada je u pitanju naknada koju Republika Hrvatska izdvaja Livnu po osnovu kori\u0161tenja ovog vodnog resursa. Doma\u0107ini su s izaslanstvom tijekom prvog dana posjeta obi\u0161li ovo najve\u0107e umjetno jezero u Europi te posjetili pogon Crpne stanice Bu\u0161ko Blato u Podgradini, crpno turbinskog postrojenja putem kojeg se akumulira voda u jezeru za potrebe glavne hidroelektrane Orlovac u Rudi u Republici Hrvatskoj.<\/p>\n\n\n\n<p>Gradona\u010delnik \u010condri\u0107 je istaknuo da je trenuta\u010dna naknada koju Livno prima od HEP-a zbog kori\u0161tenja vode iz jezera niska.<\/p>\n\n\n\n<p>\u201eRaspodjela sredstava mora biti ve\u0107a i Grad Livno \u0107e, u suradnji s vi\u0161im razinama vlasti, nastojati da se to i ostvari. Ministra smo upoznali s trenuta\u010dnim stanjem u livanjskom gospodarstvu i izrazili smo, kao jedinica lokalne samouprave, spremnost na suradnju posebno s pograni\u010dnim gradovima i op\u0107inama s kojima vidimo zajedni\u010dki interes u dobivanju sredstava iz europskih fondova. Livno ima prirodne potencijale, vodu, vjetar sunce, te ima u planu upravo kroz projekte naslonjene na ove prirodne resurse pokrenuti gospodarstvo. Prostorno smo jedna od najve\u0107ih op\u0107ina s odli\u010dnim uvjetima kupnje zemlji\u0161ta za proizvodne pogone. \u017delimo pobolj\u0161ati situaciju kori\u0161tenja potencijala Livanjskog polja, nastavka izgradnje gospodarskih zona i stvaranja uvjeta za privla\u010denje stranih ulaga\u010da i njihovog dolaska na na\u0161e podru\u010dje i samim tim otvaranja novih radnih mjesta. Jednako tako \u0107emo biti istinski partneri i na\u0161im doma\u0107im gospodarstvenicima. Stoga smo i s njima danas razgovarali a sve s ciljem da zajedni\u010dkim snagama pokrenemo livanjsko gospodarstvo. Mi\u0161ljenja smo da nam u svemu tome nastavak dobre suradnje s Vladom Republike Hrvatske mo\u017ee itekako pomo\u0107i uz veliku podr\u0161ku koju imamo od strane vodstva hrvatske politike u BiH\u201c, kazao je izme\u0111u ostalog gradona\u010delnik \u010condri\u0107.<\/p>\n\n\n\n<figure class=\"wp-block-image\"><img decoding=\"async\" src=\"https:\/\/hms.ba\/wp-content\/uploads\/2021\/06\/livno-covic-coric-2.jpg\" alt=\"\"\/><\/figure>\n\n\n\n<p>\u201cTeme na\u0161ih razgovora bile su dobrim dijelom vezame za energetski sustav Bu\u0161ko jezero i izazove s kojima se susre\u0107e lokalna zajednica u konteksu odnosa s HEP-om\u201c, kazao je ministar \u0106ori\u0107 u izjavi medijima danas u Livnu.<\/p>\n\n\n\n<p>Ministar \u0106ori\u0107 je naglasio kako je HEP u vlasni\u0161tvu Republike Hrvatske te \u0107e u narednom razdoblju u\u010diniti sve da odnosi HEP sa gradom Livnom ali i Tomislavgradom budu \u0161to je mogu\u0107e bolji, zaklju\u010deno je razgovaraju\u0107i na temu naknade prema jedinicama lokalne samouprave.<\/p>\n\n\n\n<p>\u201cGradona\u010delnik \u010condri\u0107 je izi\u0161ao s inicijativom da se otvori prostor ugradnji jednog ure\u0111aja kojim bi se zapravo definirao jedan drugi zakonski prihvatljiv na\u010din obra\u010duna. Ja osobno nemam ni\u0161ta protiv toga i prenjet \u0107u pozitivne dojmove o ovoj inicijativi i prema menad\u017ementu HEP-a. \u0160to se ti\u010de suradnje oko Bu\u0161kog jezera ono \u0161to se ju\u010der u obilasku nametnulo kao tema je i potencijalan razvoj drugih sadr\u017eaja oko ovog jezera jer oni ne postoje, s obzirom na \u010dinjenicu da \u017eelimo \u0161to je mogu\u0107e vi\u0161e relaksirati i pobolj\u0161ati odnose izme\u0111u HEP-a i Livna. Dr\u017eimo da je svaka pozitivna inicijativa s na\u0161e strane dobrodo\u0161la i vjerujem da \u0107emo u narednom razdoblju, s obzirom na \u010dinjenicu da je trenutno u izradi i razvojna strategija grada Livna, na\u0107i na\u010din da oplemenimo i to podru\u010dje\u201c, istaknuo je ministar \u0106ori\u0107.<\/p>\n\n\n\n<p>\u201cDana\u0161nji razgovor s gospodarstvenicima Livna otvorio je \u010ditav niz perspektiva, jedan je i pitanje grani\u010dnog prelaza Kamensko. To je tema o kojoj \u0107u razgovarati sa svojim kolegicama i kolegama u Vladi na u\u017eem kabinetu u srijedu i prenjeti \u010ditav niz pitanja koja su se nametnula na ovom sastanku. S druge strane bilo mi je drago upoznati proizvi\u0111a\u010de iz prehrambene industrije, sira i mesnih prera\u0111evina koji u narednom razdoblju \u0161ire svoje kapacitete\u201c, kazao je ministar \u0106ori\u0107.<\/p>\n\n\n\n<p>U sklopu posjete doma\u0107ini su s izaslanstvom Vlade RH obi\u0161li pogon tvornice za proizvodnju PVC i aluminijske stolarije B-Krug koja vi\u0161e od 70 % vlastitih proizvoda izvozi na tr\u017ei\u0161te Europske unije. Susreli su se i s \u017eupnikom \u017eupe Svih Svetih u Livnu fra Vinkom Si\u010dajom, posjetiv\u0161i prostorije crkve.<\/p>\n\n\n\n<p>\/HMS\/<\/p>\n","protected":false},"excerpt":{"rendered":"<p>Predsjednik HDZ-a BiH i zamjenik predsjedatelja Doma naroda Parlamenta BiH dr. Dragan \u010covi\u0107, zamjenica predsjednika i predsjedateljica Zastupni\u010dkog doma PS BiH Borjana Kri\u0161to drugog dana slu\u017ebenog posjeta ministra gospodarstva i odr\u017eivog razvoja RH Tomislava \u0106ori\u0107a Livnu, zapo\u010deli su sastankom s gradona\u010delnikom Livna, Darkom \u010condri\u0107em a nastavili sastankom s gospodarstvenicima grada Livna, prenosi Hrvatski Medijski Servis. [&hellip;]<\/p>\n","protected":false},"author":2,"featured_media":34612,"comment_status":"closed","ping_status":"closed","sticky":false,"template":"","format":"standard","meta":{"h5ap_radio_sources":[],"footnotes":""},"categories":[1],"tags":[],"class_list":["post-34611","post","type-post","status-publish","format-standard","has-post-thumbnail","hentry","category-bihiregija"],"yoast_head":"<!-- This site is optimized with the Yoast SEO plugin v27.5 - https:\/\/yoast.com\/product\/yoast-seo-wordpress\/ -->\n<title>\u010condri\u0107: Naknada koju HEP pla\u0107a Livnu za kori\u0161tenje voda Bu\u0161kog jezera je niska - RADIO LJUBU\u0160KI<\/title>\n<meta name=\"robots\" content=\"index, follow, max-snippet:-1, max-image-preview:large, max-video-preview:-1\" \/>\n<link rel=\"canonical\" href=\"https:\/\/radioljubuski.ba\/index.php\/2021\/06\/22\/condric-naknada-koju-hep-placa-livnu-za-koristenje-voda-buskog-jezera-je-niska\/\" \/>\n<meta property=\"og:locale\" content=\"hr_HR\" \/>\n<meta property=\"og:type\" content=\"article\" \/>\n<meta property=\"og:title\" content=\"\u010condri\u0107: Naknada koju HEP pla\u0107a Livnu za kori\u0161tenje voda Bu\u0161kog jezera je niska - RADIO LJUBU\u0160KI\" \/>\n<meta property=\"og:description\" content=\"Predsjednik HDZ-a BiH i zamjenik predsjedatelja Doma naroda Parlamenta BiH dr. Dragan \u010covi\u0107, zamjenica predsjednika i predsjedateljica Zastupni\u010dkog doma PS BiH Borjana Kri\u0161to drugog dana slu\u017ebenog posjeta ministra gospodarstva i odr\u017eivog razvoja RH Tomislava \u0106ori\u0107a Livnu, zapo\u010deli su sastankom s gradona\u010delnikom Livna, Darkom \u010condri\u0107em a nastavili sastankom s gospodarstvenicima grada Livna, prenosi Hrvatski Medijski Servis. [&hellip;]\" \/>\n<meta property=\"og:url\" content=\"https:\/\/radioljubuski.ba\/index.php\/2021\/06\/22\/condric-naknada-koju-hep-placa-livnu-za-koristenje-voda-buskog-jezera-je-niska\/\" \/>\n<meta property=\"og:site_name\" content=\"RADIO LJUBU\u0160KI\" \/>\n<meta property=\"article:publisher\" content=\"https:\/\/www.facebook.com\/Radiio-Ljubuski-1490835324566332\" \/>\n<meta property=\"article:published_time\" content=\"2021-06-21T23:08:33+00:00\" \/>\n<meta property=\"article:modified_time\" content=\"2021-06-21T23:08:35+00:00\" \/>\n<meta property=\"og:image\" content=\"https:\/\/radioljubuski.ba\/wp-content\/uploads\/2021\/06\/livno-covic-coric1-e1624278311285-1068x603-1.jpg\" \/>\n\t<meta property=\"og:image:width\" content=\"1068\" \/>\n\t<meta property=\"og:image:height\" content=\"603\" \/>\n\t<meta property=\"og:image:type\" content=\"image\/jpeg\" \/>\n<meta name=\"author\" content=\"Radio Ljubu\u0161ki\" \/>\n<meta name=\"twitter:card\" content=\"summary_large_image\" \/>\n<meta name=\"twitter:creator\" content=\"@radioljubuski\" \/>\n<meta name=\"twitter:site\" content=\"@radioljubuski\" \/>\n<meta name=\"twitter:label1\" content=\"Napisao\/la\" \/>\n\t<meta name=\"twitter:data1\" content=\"Radio Ljubu\u0161ki\" \/>\n\t<meta name=\"twitter:label2\" content=\"Procijenjeno vrijeme \u010ditanja\" \/>\n\t<meta name=\"twitter:data2\" content=\"4 minute\" \/>\n<script type=\"application\/ld+json\" class=\"yoast-schema-graph\">{\"@context\":\"https:\\\/\\\/schema.org\",\"@graph\":[{\"@type\":\"Article\",\"@id\":\"https:\\\/\\\/radioljubuski.ba\\\/index.php\\\/2021\\\/06\\\/22\\\/condric-naknada-koju-hep-placa-livnu-za-koristenje-voda-buskog-jezera-je-niska\\\/#article\",\"isPartOf\":{\"@id\":\"https:\\\/\\\/radioljubuski.ba\\\/index.php\\\/2021\\\/06\\\/22\\\/condric-naknada-koju-hep-placa-livnu-za-koristenje-voda-buskog-jezera-je-niska\\\/\"},\"author\":{\"name\":\"Radio Ljubu\u0161ki\",\"@id\":\"https:\\\/\\\/radioljubuski.ba\\\/#\\\/schema\\\/person\\\/19fc700381a780f69665d7956c469e3b\"},\"headline\":\"\u010condri\u0107: Naknada koju HEP pla\u0107a Livnu za kori\u0161tenje voda Bu\u0161kog jezera je niska\",\"datePublished\":\"2021-06-21T23:08:33+00:00\",\"dateModified\":\"2021-06-21T23:08:35+00:00\",\"mainEntityOfPage\":{\"@id\":\"https:\\\/\\\/radioljubuski.ba\\\/index.php\\\/2021\\\/06\\\/22\\\/condric-naknada-koju-hep-placa-livnu-za-koristenje-voda-buskog-jezera-je-niska\\\/\"},\"wordCount\":805,\"publisher\":{\"@id\":\"https:\\\/\\\/radioljubuski.ba\\\/#organization\"},\"image\":{\"@id\":\"https:\\\/\\\/radioljubuski.ba\\\/index.php\\\/2021\\\/06\\\/22\\\/condric-naknada-koju-hep-placa-livnu-za-koristenje-voda-buskog-jezera-je-niska\\\/#primaryimage\"},\"thumbnailUrl\":\"https:\\\/\\\/radioljubuski.ba\\\/wp-content\\\/uploads\\\/2021\\\/06\\\/livno-covic-coric1-e1624278311285-1068x603-1.jpg\",\"articleSection\":[\"BIH i regija\"],\"inLanguage\":\"hr\"},{\"@type\":\"WebPage\",\"@id\":\"https:\\\/\\\/radioljubuski.ba\\\/index.php\\\/2021\\\/06\\\/22\\\/condric-naknada-koju-hep-placa-livnu-za-koristenje-voda-buskog-jezera-je-niska\\\/\",\"url\":\"https:\\\/\\\/radioljubuski.ba\\\/index.php\\\/2021\\\/06\\\/22\\\/condric-naknada-koju-hep-placa-livnu-za-koristenje-voda-buskog-jezera-je-niska\\\/\",\"name\":\"\u010condri\u0107: Naknada koju HEP pla\u0107a Livnu za kori\u0161tenje voda Bu\u0161kog jezera je niska - RADIO LJUBU\u0160KI\",\"isPartOf\":{\"@id\":\"https:\\\/\\\/radioljubuski.ba\\\/#website\"},\"primaryImageOfPage\":{\"@id\":\"https:\\\/\\\/radioljubuski.ba\\\/index.php\\\/2021\\\/06\\\/22\\\/condric-naknada-koju-hep-placa-livnu-za-koristenje-voda-buskog-jezera-je-niska\\\/#primaryimage\"},\"image\":{\"@id\":\"https:\\\/\\\/radioljubuski.ba\\\/index.php\\\/2021\\\/06\\\/22\\\/condric-naknada-koju-hep-placa-livnu-za-koristenje-voda-buskog-jezera-je-niska\\\/#primaryimage\"},\"thumbnailUrl\":\"https:\\\/\\\/radioljubuski.ba\\\/wp-content\\\/uploads\\\/2021\\\/06\\\/livno-covic-coric1-e1624278311285-1068x603-1.jpg\",\"datePublished\":\"2021-06-21T23:08:33+00:00\",\"dateModified\":\"2021-06-21T23:08:35+00:00\",\"breadcrumb\":{\"@id\":\"https:\\\/\\\/radioljubuski.ba\\\/index.php\\\/2021\\\/06\\\/22\\\/condric-naknada-koju-hep-placa-livnu-za-koristenje-voda-buskog-jezera-je-niska\\\/#breadcrumb\"},\"inLanguage\":\"hr\",\"potentialAction\":[{\"@type\":\"ReadAction\",\"target\":[\"https:\\\/\\\/radioljubuski.ba\\\/index.php\\\/2021\\\/06\\\/22\\\/condric-naknada-koju-hep-placa-livnu-za-koristenje-voda-buskog-jezera-je-niska\\\/\"]}]},{\"@type\":\"ImageObject\",\"inLanguage\":\"hr\",\"@id\":\"https:\\\/\\\/radioljubuski.ba\\\/index.php\\\/2021\\\/06\\\/22\\\/condric-naknada-koju-hep-placa-livnu-za-koristenje-voda-buskog-jezera-je-niska\\\/#primaryimage\",\"url\":\"https:\\\/\\\/radioljubuski.ba\\\/wp-content\\\/uploads\\\/2021\\\/06\\\/livno-covic-coric1-e1624278311285-1068x603-1.jpg\",\"contentUrl\":\"https:\\\/\\\/radioljubuski.ba\\\/wp-content\\\/uploads\\\/2021\\\/06\\\/livno-covic-coric1-e1624278311285-1068x603-1.jpg\",\"width\":1068,\"height\":603},{\"@type\":\"BreadcrumbList\",\"@id\":\"https:\\\/\\\/radioljubuski.ba\\\/index.php\\\/2021\\\/06\\\/22\\\/condric-naknada-koju-hep-placa-livnu-za-koristenje-voda-buskog-jezera-je-niska\\\/#breadcrumb\",\"itemListElement\":[{\"@type\":\"ListItem\",\"position\":1,\"name\":\"Po\u010detna stranica\",\"item\":\"https:\\\/\\\/radioljubuski.ba\\\/\"},{\"@type\":\"ListItem\",\"position\":2,\"name\":\"\u010condri\u0107: Naknada koju HEP pla\u0107a Livnu za kori\u0161tenje voda Bu\u0161kog jezera je niska\"}]},{\"@type\":\"WebSite\",\"@id\":\"https:\\\/\\\/radioljubuski.ba\\\/#website\",\"url\":\"https:\\\/\\\/radioljubuski.ba\\\/\",\"name\":\"Radio Ljubu\u0161ki\",\"description\":\"Sun\u010dana frekvencija Hercegovine\",\"publisher\":{\"@id\":\"https:\\\/\\\/radioljubuski.ba\\\/#organization\"},\"potentialAction\":[{\"@type\":\"SearchAction\",\"target\":{\"@type\":\"EntryPoint\",\"urlTemplate\":\"https:\\\/\\\/radioljubuski.ba\\\/?s={search_term_string}\"},\"query-input\":{\"@type\":\"PropertyValueSpecification\",\"valueRequired\":true,\"valueName\":\"search_term_string\"}}],\"inLanguage\":\"hr\"},{\"@type\":\"Organization\",\"@id\":\"https:\\\/\\\/radioljubuski.ba\\\/#organization\",\"name\":\"Radio Ljubu\u0161ki\",\"url\":\"https:\\\/\\\/radioljubuski.ba\\\/\",\"logo\":{\"@type\":\"ImageObject\",\"inLanguage\":\"hr\",\"@id\":\"https:\\\/\\\/radioljubuski.ba\\\/#\\\/schema\\\/logo\\\/image\\\/\",\"url\":\"https:\\\/\\\/radioljubuski.ba\\\/wp-content\\\/uploads\\\/2021\\\/02\\\/cropped-Radio_Ljubuski_logo1.jpg\",\"contentUrl\":\"https:\\\/\\\/radioljubuski.ba\\\/wp-content\\\/uploads\\\/2021\\\/02\\\/cropped-Radio_Ljubuski_logo1.jpg\",\"width\":512,\"height\":512,\"caption\":\"Radio Ljubu\u0161ki\"},\"image\":{\"@id\":\"https:\\\/\\\/radioljubuski.ba\\\/#\\\/schema\\\/logo\\\/image\\\/\"},\"sameAs\":[\"https:\\\/\\\/www.facebook.com\\\/Radiio-Ljubuski-1490835324566332\",\"https:\\\/\\\/x.com\\\/radioljubuski\",\"https:\\\/\\\/hr.linkedin.com\\\/company\\\/radio-ljubuski\",\"https:\\\/\\\/www.youtube.com\\\/channel\\\/UCHYaeO_n0Db3tjNGudGpXyw\"]},{\"@type\":\"Person\",\"@id\":\"https:\\\/\\\/radioljubuski.ba\\\/#\\\/schema\\\/person\\\/19fc700381a780f69665d7956c469e3b\",\"name\":\"Radio Ljubu\u0161ki\"}]}<\/script>\n<!-- \/ Yoast SEO plugin. -->","yoast_head_json":{"title":"\u010condri\u0107: Naknada koju HEP pla\u0107a Livnu za kori\u0161tenje voda Bu\u0161kog jezera je niska - RADIO LJUBU\u0160KI","robots":{"index":"index","follow":"follow","max-snippet":"max-snippet:-1","max-image-preview":"max-image-preview:large","max-video-preview":"max-video-preview:-1"},"canonical":"https:\/\/radioljubuski.ba\/index.php\/2021\/06\/22\/condric-naknada-koju-hep-placa-livnu-za-koristenje-voda-buskog-jezera-je-niska\/","og_locale":"hr_HR","og_type":"article","og_title":"\u010condri\u0107: Naknada koju HEP pla\u0107a Livnu za kori\u0161tenje voda Bu\u0161kog jezera je niska - RADIO LJUBU\u0160KI","og_description":"Predsjednik HDZ-a BiH i zamjenik predsjedatelja Doma naroda Parlamenta BiH dr. Dragan \u010covi\u0107, zamjenica predsjednika i predsjedateljica Zastupni\u010dkog doma PS BiH Borjana Kri\u0161to drugog dana slu\u017ebenog posjeta ministra gospodarstva i odr\u017eivog razvoja RH Tomislava \u0106ori\u0107a Livnu, zapo\u010deli su sastankom s gradona\u010delnikom Livna, Darkom \u010condri\u0107em a nastavili sastankom s gospodarstvenicima grada Livna, prenosi Hrvatski Medijski Servis. [&hellip;]","og_url":"https:\/\/radioljubuski.ba\/index.php\/2021\/06\/22\/condric-naknada-koju-hep-placa-livnu-za-koristenje-voda-buskog-jezera-je-niska\/","og_site_name":"RADIO LJUBU\u0160KI","article_publisher":"https:\/\/www.facebook.com\/Radiio-Ljubuski-1490835324566332","article_published_time":"2021-06-21T23:08:33+00:00","article_modified_time":"2021-06-21T23:08:35+00:00","og_image":[{"width":1068,"height":603,"url":"https:\/\/radioljubuski.ba\/wp-content\/uploads\/2021\/06\/livno-covic-coric1-e1624278311285-1068x603-1.jpg","type":"image\/jpeg"}],"author":"Radio Ljubu\u0161ki","twitter_card":"summary_large_image","twitter_creator":"@radioljubuski","twitter_site":"@radioljubuski","twitter_misc":{"Napisao\/la":"Radio Ljubu\u0161ki","Procijenjeno vrijeme \u010ditanja":"4 minute"},"schema":{"@context":"https:\/\/schema.org","@graph":[{"@type":"Article","@id":"https:\/\/radioljubuski.ba\/index.php\/2021\/06\/22\/condric-naknada-koju-hep-placa-livnu-za-koristenje-voda-buskog-jezera-je-niska\/#article","isPartOf":{"@id":"https:\/\/radioljubuski.ba\/index.php\/2021\/06\/22\/condric-naknada-koju-hep-placa-livnu-za-koristenje-voda-buskog-jezera-je-niska\/"},"author":{"name":"Radio Ljubu\u0161ki","@id":"https:\/\/radioljubuski.ba\/#\/schema\/person\/19fc700381a780f69665d7956c469e3b"},"headline":"\u010condri\u0107: Naknada koju HEP pla\u0107a Livnu za kori\u0161tenje voda Bu\u0161kog jezera je niska","datePublished":"2021-06-21T23:08:33+00:00","dateModified":"2021-06-21T23:08:35+00:00","mainEntityOfPage":{"@id":"https:\/\/radioljubuski.ba\/index.php\/2021\/06\/22\/condric-naknada-koju-hep-placa-livnu-za-koristenje-voda-buskog-jezera-je-niska\/"},"wordCount":805,"publisher":{"@id":"https:\/\/radioljubuski.ba\/#organization"},"image":{"@id":"https:\/\/radioljubuski.ba\/index.php\/2021\/06\/22\/condric-naknada-koju-hep-placa-livnu-za-koristenje-voda-buskog-jezera-je-niska\/#primaryimage"},"thumbnailUrl":"https:\/\/radioljubuski.ba\/wp-content\/uploads\/2021\/06\/livno-covic-coric1-e1624278311285-1068x603-1.jpg","articleSection":["BIH i regija"],"inLanguage":"hr"},{"@type":"WebPage","@id":"https:\/\/radioljubuski.ba\/index.php\/2021\/06\/22\/condric-naknada-koju-hep-placa-livnu-za-koristenje-voda-buskog-jezera-je-niska\/","url":"https:\/\/radioljubuski.ba\/index.php\/2021\/06\/22\/condric-naknada-koju-hep-placa-livnu-za-koristenje-voda-buskog-jezera-je-niska\/","name":"\u010condri\u0107: Naknada koju HEP pla\u0107a Livnu za kori\u0161tenje voda Bu\u0161kog jezera je niska - RADIO LJUBU\u0160KI","isPartOf":{"@id":"https:\/\/radioljubuski.ba\/#website"},"primaryImageOfPage":{"@id":"https:\/\/radioljubuski.ba\/index.php\/2021\/06\/22\/condric-naknada-koju-hep-placa-livnu-za-koristenje-voda-buskog-jezera-je-niska\/#primaryimage"},"image":{"@id":"https:\/\/radioljubuski.ba\/index.php\/2021\/06\/22\/condric-naknada-koju-hep-placa-livnu-za-koristenje-voda-buskog-jezera-je-niska\/#primaryimage"},"thumbnailUrl":"https:\/\/radioljubuski.ba\/wp-content\/uploads\/2021\/06\/livno-covic-coric1-e1624278311285-1068x603-1.jpg","datePublished":"2021-06-21T23:08:33+00:00","dateModified":"2021-06-21T23:08:35+00:00","breadcrumb":{"@id":"https:\/\/radioljubuski.ba\/index.php\/2021\/06\/22\/condric-naknada-koju-hep-placa-livnu-za-koristenje-voda-buskog-jezera-je-niska\/#breadcrumb"},"inLanguage":"hr","potentialAction":[{"@type":"ReadAction","target":["https:\/\/radioljubuski.ba\/index.php\/2021\/06\/22\/condric-naknada-koju-hep-placa-livnu-za-koristenje-voda-buskog-jezera-je-niska\/"]}]},{"@type":"ImageObject","inLanguage":"hr","@id":"https:\/\/radioljubuski.ba\/index.php\/2021\/06\/22\/condric-naknada-koju-hep-placa-livnu-za-koristenje-voda-buskog-jezera-je-niska\/#primaryimage","url":"https:\/\/radioljubuski.ba\/wp-content\/uploads\/2021\/06\/livno-covic-coric1-e1624278311285-1068x603-1.jpg","contentUrl":"https:\/\/radioljubuski.ba\/wp-content\/uploads\/2021\/06\/livno-covic-coric1-e1624278311285-1068x603-1.jpg","width":1068,"height":603},{"@type":"BreadcrumbList","@id":"https:\/\/radioljubuski.ba\/index.php\/2021\/06\/22\/condric-naknada-koju-hep-placa-livnu-za-koristenje-voda-buskog-jezera-je-niska\/#breadcrumb","itemListElement":[{"@type":"ListItem","position":1,"name":"Po\u010detna stranica","item":"https:\/\/radioljubuski.ba\/"},{"@type":"ListItem","position":2,"name":"\u010condri\u0107: Naknada koju HEP pla\u0107a Livnu za kori\u0161tenje voda Bu\u0161kog jezera je niska"}]},{"@type":"WebSite","@id":"https:\/\/radioljubuski.ba\/#website","url":"https:\/\/radioljubuski.ba\/","name":"Radio Ljubu\u0161ki","description":"Sun\u010dana frekvencija Hercegovine","publisher":{"@id":"https:\/\/radioljubuski.ba\/#organization"},"potentialAction":[{"@type":"SearchAction","target":{"@type":"EntryPoint","urlTemplate":"https:\/\/radioljubuski.ba\/?s={search_term_string}"},"query-input":{"@type":"PropertyValueSpecification","valueRequired":true,"valueName":"search_term_string"}}],"inLanguage":"hr"},{"@type":"Organization","@id":"https:\/\/radioljubuski.ba\/#organization","name":"Radio Ljubu\u0161ki","url":"https:\/\/radioljubuski.ba\/","logo":{"@type":"ImageObject","inLanguage":"hr","@id":"https:\/\/radioljubuski.ba\/#\/schema\/logo\/image\/","url":"https:\/\/radioljubuski.ba\/wp-content\/uploads\/2021\/02\/cropped-Radio_Ljubuski_logo1.jpg","contentUrl":"https:\/\/radioljubuski.ba\/wp-content\/uploads\/2021\/02\/cropped-Radio_Ljubuski_logo1.jpg","width":512,"height":512,"caption":"Radio Ljubu\u0161ki"},"image":{"@id":"https:\/\/radioljubuski.ba\/#\/schema\/logo\/image\/"},"sameAs":["https:\/\/www.facebook.com\/Radiio-Ljubuski-1490835324566332","https:\/\/x.com\/radioljubuski","https:\/\/hr.linkedin.com\/company\/radio-ljubuski","https:\/\/www.youtube.com\/channel\/UCHYaeO_n0Db3tjNGudGpXyw"]},{"@type":"Person","@id":"https:\/\/radioljubuski.ba\/#\/schema\/person\/19fc700381a780f69665d7956c469e3b","name":"Radio Ljubu\u0161ki"}]}},"_links":{"self":[{"href":"https:\/\/radioljubuski.ba\/index.php\/wp-json\/wp\/v2\/posts\/34611","targetHints":{"allow":["GET"]}}],"collection":[{"href":"https:\/\/radioljubuski.ba\/index.php\/wp-json\/wp\/v2\/posts"}],"about":[{"href":"https:\/\/radioljubuski.ba\/index.php\/wp-json\/wp\/v2\/types\/post"}],"author":[{"embeddable":true,"href":"https:\/\/radioljubuski.ba\/index.php\/wp-json\/wp\/v2\/users\/2"}],"replies":[{"embeddable":true,"href":"https:\/\/radioljubuski.ba\/index.php\/wp-json\/wp\/v2\/comments?post=34611"}],"version-history":[{"count":1,"href":"https:\/\/radioljubuski.ba\/index.php\/wp-json\/wp\/v2\/posts\/34611\/revisions"}],"predecessor-version":[{"id":34613,"href":"https:\/\/radioljubuski.ba\/index.php\/wp-json\/wp\/v2\/posts\/34611\/revisions\/34613"}],"wp:featuredmedia":[{"embeddable":true,"href":"https:\/\/radioljubuski.ba\/index.php\/wp-json\/wp\/v2\/media\/34612"}],"wp:attachment":[{"href":"https:\/\/radioljubuski.ba\/index.php\/wp-json\/wp\/v2\/media?parent=34611"}],"wp:term":[{"taxonomy":"category","embeddable":true,"href":"https:\/\/radioljubuski.ba\/index.php\/wp-json\/wp\/v2\/categories?post=34611"},{"taxonomy":"post_tag","embeddable":true,"href":"https:\/\/radioljubuski.ba\/index.php\/wp-json\/wp\/v2\/tags?post=34611"}],"curies":[{"name":"wp","href":"https:\/\/api.w.org\/{rel}","templated":true}]}}