{"id":34614,"date":"2021-06-22T00:10:11","date_gmt":"2021-06-21T23:10:11","guid":{"rendered":"https:\/\/radioljubuski.ba\/?p=34614"},"modified":"2021-06-22T00:10:13","modified_gmt":"2021-06-21T23:10:13","slug":"svecenici-iz-cetiri-biskupije-i-jedne-eparhije-molili-za-zrtve-ratova-i-nasilja-u-lici-i-zapadnoj-bosni","status":"publish","type":"post","link":"https:\/\/radioljubuski.ba\/index.php\/2021\/06\/22\/svecenici-iz-cetiri-biskupije-i-jedne-eparhije-molili-za-zrtve-ratova-i-nasilja-u-lici-i-zapadnoj-bosni\/","title":{"rendered":"Sve\u0107enici iz \u010detiri biskupije i jedne eparhije molili za \u017ertve ratova i nasilja u Lici i zapadnoj Bosni"},"content":{"rendered":"\n<p><strong>U organizaciji Obnove u Duhu Svetom i karizmatske zajednice \u201eNanovo ro\u0111eni\u201c iz Botinca u sveti\u0161tu Hrvatskih mu\u010denika na Udbini prire\u0111en je 20. lipnja molitveni susret za izlije\u010denje duhovnih rana kao posljedica mr\u017enje, nasilja i ratova na na\u0161im podru\u010djima, te za oprost i pomirenje, javlja Tiskovna agencija Banjalu\u010dke biskupije, a prenosi Hrvatski Medijski Servis.<\/strong><\/p>\n\n\n\n<p>Okupilo se 30-ak \u010dlanova spomenutih zajednica i desetak sve\u0107enika s podru\u010dja Gospi\u0107ko-senjske, Banjolu\u010dke i \u0160ibenske biskupije, te Kri\u017eeva\u010dke eparhije i Zagreba\u010dke nadbiskupije.<\/p>\n\n\n\n<p>Goste je najprije pozdravio udbinski \u017eupnik i upravitelj sveti\u0161ta pre\u010d. Josip \u0160imatovi\u0107 koji im je govorio o sveti\u0161tu Hrvatskih mu\u010denika i povijesti njegova nastanka.<\/p>\n\n\n\n<figure class=\"wp-block-image\"><img decoding=\"async\" src=\"https:\/\/hms.ba\/wp-content\/uploads\/2021\/06\/Udbina-2.jpg\" alt=\"\"\/><\/figure>\n\n\n\n<p>Potom je prire\u0111eno trosatno euharistijsko klanjanje na kojem se posebno molilo za svu nevino ubijenu djecu u hrvatskom narodu kroz grijeh poba\u010daja, te za \u017ertve mr\u017enje i nasilja na ovom podru\u010dju u Domovinskom ratu, 2. svjetskom ratu i u ratovima tijekom otomanske invazije hrvatskih krajeva. U molitvi su spomenuta poimence sva strati\u0161ta hrvatskog i srpskog naroda (posebice civila) u Domovinskom i 2. svjetskom ratu na podru\u010dju Like, zapadne Bosne i sjeverne Dalmacije, tj. podru\u010dja koje pokrivaju Gospi\u0107ko-senjska, Banjolu\u010dka i \u0160ibenska biskupija, te Zadarska nadbiskupija, budu\u0107i da su upravo ta podru\u010dja kroz pro\u0161lost najvi\u0161e stradala i opustjela. U molitvi za \u017ertve turskih osvajanja molilo se posebno za \u017ertve Krbavske bitke kada je izginuo veliki broj hrvatskog plemstva.<\/p>\n\n\n\n<p>U drugom dijelu molitvenog susreta grkokatoli\u010dki kri\u017eeva\u010dki vladika Milan Stipi\u0107 slu\u017eio je bo\u017eansku liturgiju sv. Ivana Zlatoustog, a koncelebrirali su doma\u0107i \u017eupnik pre\u010d. Josip \u0160imatovi\u0107, ekonom Kri\u017eeva\u010dke eparhije o. Danijel Hranilovi\u0107, pavlin iz samostana u Kamenskom kod Karlovca fra Gaudencije Vito Speti\u0107, monfortanac iz samostana u Zagrebu-Blato o. Mihovil Filipovi\u0107, sve\u0107enik Banjolu\u010dke biskupije u diplomatskoj slu\u017ebi Svete Stolice u Sudanu don Ante Vidovi\u0107 i \u017eupnik Drvara, Bos. Grahova, Klju\u010da i Krnjeu\u0161e don Davor Kle\u010dina. Pjevanje na liturgiji su predvodili pjeva\u010di Grkokatoli\u010dkog pastoralnog centra u Zadru pod vodstvom \u0111akona Livija Marijana.<\/p>\n\n\n\n<p>U dogovoru sa \u017eupom Drvar i Banjolu\u010dkom biskupijom, 50-ak \u010dlanova zajednice Nanovo ro\u0111eni ovog \u0107e ljeta, o 80. obljetnici stradanja Katoli\u010dke Crkve (1941.-2021.) na podru\u010dju zapadne Bosne, biti u vi\u0161ednevnom posjetu \u017eupi Drvar i okolnim \u017eupama, a kruna tog duhovnog hoda bit \u0107e komemoracija Dana mu\u010denika koju \u0107e u Drvaru 27. srpnja predvoditi vrhbosanski nadbiskup kardinal Vinko Pulji\u0107.<\/p>\n\n\n\n<p>Idu\u0107e godine \u0107e Obnova u Duhu Svetom i Nanovo ro\u0111eni tako\u0111er napraviti molitveni hod po svim strati\u0161tima Hrvata i drugih naroda u Sloveniji na tzv. Kri\u017enom putu iz ljeta 1945.<\/p>\n\n\n\n<p>\/TABB\/HMS\/<\/p>\n","protected":false},"excerpt":{"rendered":"<p>U organizaciji Obnove u Duhu Svetom i karizmatske zajednice \u201eNanovo ro\u0111eni\u201c iz Botinca u sveti\u0161tu Hrvatskih mu\u010denika na Udbini prire\u0111en je 20. lipnja molitveni susret za izlije\u010denje duhovnih rana kao posljedica mr\u017enje, nasilja i ratova na na\u0161im podru\u010djima, te za oprost i pomirenje, javlja Tiskovna agencija Banjalu\u010dke biskupije, a prenosi Hrvatski Medijski Servis. Okupilo se [&hellip;]<\/p>\n","protected":false},"author":2,"featured_media":34615,"comment_status":"closed","ping_status":"closed","sticky":false,"template":"","format":"standard","meta":{"h5ap_radio_sources":[],"footnotes":""},"categories":[1],"tags":[],"class_list":["post-34614","post","type-post","status-publish","format-standard","has-post-thumbnail","hentry","category-bihiregija"],"yoast_head":"<!-- This site is optimized with the Yoast SEO plugin v27.5 - https:\/\/yoast.com\/product\/yoast-seo-wordpress\/ -->\n<title>Sve\u0107enici iz \u010detiri biskupije i jedne eparhije molili za \u017ertve ratova i nasilja u Lici i zapadnoj Bosni - RADIO LJUBU\u0160KI<\/title>\n<meta name=\"robots\" content=\"index, follow, max-snippet:-1, max-image-preview:large, max-video-preview:-1\" \/>\n<link rel=\"canonical\" href=\"https:\/\/radioljubuski.ba\/index.php\/2021\/06\/22\/svecenici-iz-cetiri-biskupije-i-jedne-eparhije-molili-za-zrtve-ratova-i-nasilja-u-lici-i-zapadnoj-bosni\/\" \/>\n<meta property=\"og:locale\" content=\"hr_HR\" \/>\n<meta property=\"og:type\" content=\"article\" \/>\n<meta property=\"og:title\" content=\"Sve\u0107enici iz \u010detiri biskupije i jedne eparhije molili za \u017ertve ratova i nasilja u Lici i zapadnoj Bosni - RADIO LJUBU\u0160KI\" \/>\n<meta property=\"og:description\" content=\"U organizaciji Obnove u Duhu Svetom i karizmatske zajednice \u201eNanovo ro\u0111eni\u201c iz Botinca u sveti\u0161tu Hrvatskih mu\u010denika na Udbini prire\u0111en je 20. lipnja molitveni susret za izlije\u010denje duhovnih rana kao posljedica mr\u017enje, nasilja i ratova na na\u0161im podru\u010djima, te za oprost i pomirenje, javlja Tiskovna agencija Banjalu\u010dke biskupije, a prenosi Hrvatski Medijski Servis. Okupilo se [&hellip;]\" \/>\n<meta property=\"og:url\" content=\"https:\/\/radioljubuski.ba\/index.php\/2021\/06\/22\/svecenici-iz-cetiri-biskupije-i-jedne-eparhije-molili-za-zrtve-ratova-i-nasilja-u-lici-i-zapadnoj-bosni\/\" \/>\n<meta property=\"og:site_name\" content=\"RADIO LJUBU\u0160KI\" \/>\n<meta property=\"article:publisher\" content=\"https:\/\/www.facebook.com\/Radiio-Ljubuski-1490835324566332\" \/>\n<meta property=\"article:published_time\" content=\"2021-06-21T23:10:11+00:00\" \/>\n<meta property=\"article:modified_time\" content=\"2021-06-21T23:10:13+00:00\" \/>\n<meta property=\"og:image\" content=\"https:\/\/radioljubuski.ba\/wp-content\/uploads\/2021\/06\/Udbina-1-e1624279001317.jpg\" \/>\n\t<meta property=\"og:image:width\" content=\"936\" \/>\n\t<meta property=\"og:image:height\" content=\"506\" \/>\n\t<meta property=\"og:image:type\" content=\"image\/jpeg\" \/>\n<meta name=\"author\" content=\"Radio Ljubu\u0161ki\" \/>\n<meta name=\"twitter:card\" content=\"summary_large_image\" \/>\n<meta name=\"twitter:creator\" content=\"@radioljubuski\" \/>\n<meta name=\"twitter:site\" content=\"@radioljubuski\" \/>\n<meta name=\"twitter:label1\" content=\"Napisao\/la\" \/>\n\t<meta name=\"twitter:data1\" content=\"Radio Ljubu\u0161ki\" \/>\n\t<meta name=\"twitter:label2\" content=\"Procijenjeno vrijeme \u010ditanja\" \/>\n\t<meta name=\"twitter:data2\" content=\"2 minute\" \/>\n<script type=\"application\/ld+json\" class=\"yoast-schema-graph\">{\"@context\":\"https:\\\/\\\/schema.org\",\"@graph\":[{\"@type\":\"Article\",\"@id\":\"https:\\\/\\\/radioljubuski.ba\\\/index.php\\\/2021\\\/06\\\/22\\\/svecenici-iz-cetiri-biskupije-i-jedne-eparhije-molili-za-zrtve-ratova-i-nasilja-u-lici-i-zapadnoj-bosni\\\/#article\",\"isPartOf\":{\"@id\":\"https:\\\/\\\/radioljubuski.ba\\\/index.php\\\/2021\\\/06\\\/22\\\/svecenici-iz-cetiri-biskupije-i-jedne-eparhije-molili-za-zrtve-ratova-i-nasilja-u-lici-i-zapadnoj-bosni\\\/\"},\"author\":{\"name\":\"Radio Ljubu\u0161ki\",\"@id\":\"https:\\\/\\\/radioljubuski.ba\\\/#\\\/schema\\\/person\\\/19fc700381a780f69665d7956c469e3b\"},\"headline\":\"Sve\u0107enici iz \u010detiri biskupije i jedne eparhije molili za \u017ertve ratova i nasilja u Lici i zapadnoj Bosni\",\"datePublished\":\"2021-06-21T23:10:11+00:00\",\"dateModified\":\"2021-06-21T23:10:13+00:00\",\"mainEntityOfPage\":{\"@id\":\"https:\\\/\\\/radioljubuski.ba\\\/index.php\\\/2021\\\/06\\\/22\\\/svecenici-iz-cetiri-biskupije-i-jedne-eparhije-molili-za-zrtve-ratova-i-nasilja-u-lici-i-zapadnoj-bosni\\\/\"},\"wordCount\":467,\"publisher\":{\"@id\":\"https:\\\/\\\/radioljubuski.ba\\\/#organization\"},\"image\":{\"@id\":\"https:\\\/\\\/radioljubuski.ba\\\/index.php\\\/2021\\\/06\\\/22\\\/svecenici-iz-cetiri-biskupije-i-jedne-eparhije-molili-za-zrtve-ratova-i-nasilja-u-lici-i-zapadnoj-bosni\\\/#primaryimage\"},\"thumbnailUrl\":\"https:\\\/\\\/radioljubuski.ba\\\/wp-content\\\/uploads\\\/2021\\\/06\\\/Udbina-1-e1624279001317.jpg\",\"articleSection\":[\"BIH i regija\"],\"inLanguage\":\"hr\"},{\"@type\":\"WebPage\",\"@id\":\"https:\\\/\\\/radioljubuski.ba\\\/index.php\\\/2021\\\/06\\\/22\\\/svecenici-iz-cetiri-biskupije-i-jedne-eparhije-molili-za-zrtve-ratova-i-nasilja-u-lici-i-zapadnoj-bosni\\\/\",\"url\":\"https:\\\/\\\/radioljubuski.ba\\\/index.php\\\/2021\\\/06\\\/22\\\/svecenici-iz-cetiri-biskupije-i-jedne-eparhije-molili-za-zrtve-ratova-i-nasilja-u-lici-i-zapadnoj-bosni\\\/\",\"name\":\"Sve\u0107enici iz \u010detiri biskupije i jedne eparhije molili za \u017ertve ratova i nasilja u Lici i zapadnoj Bosni - RADIO LJUBU\u0160KI\",\"isPartOf\":{\"@id\":\"https:\\\/\\\/radioljubuski.ba\\\/#website\"},\"primaryImageOfPage\":{\"@id\":\"https:\\\/\\\/radioljubuski.ba\\\/index.php\\\/2021\\\/06\\\/22\\\/svecenici-iz-cetiri-biskupije-i-jedne-eparhije-molili-za-zrtve-ratova-i-nasilja-u-lici-i-zapadnoj-bosni\\\/#primaryimage\"},\"image\":{\"@id\":\"https:\\\/\\\/radioljubuski.ba\\\/index.php\\\/2021\\\/06\\\/22\\\/svecenici-iz-cetiri-biskupije-i-jedne-eparhije-molili-za-zrtve-ratova-i-nasilja-u-lici-i-zapadnoj-bosni\\\/#primaryimage\"},\"thumbnailUrl\":\"https:\\\/\\\/radioljubuski.ba\\\/wp-content\\\/uploads\\\/2021\\\/06\\\/Udbina-1-e1624279001317.jpg\",\"datePublished\":\"2021-06-21T23:10:11+00:00\",\"dateModified\":\"2021-06-21T23:10:13+00:00\",\"breadcrumb\":{\"@id\":\"https:\\\/\\\/radioljubuski.ba\\\/index.php\\\/2021\\\/06\\\/22\\\/svecenici-iz-cetiri-biskupije-i-jedne-eparhije-molili-za-zrtve-ratova-i-nasilja-u-lici-i-zapadnoj-bosni\\\/#breadcrumb\"},\"inLanguage\":\"hr\",\"potentialAction\":[{\"@type\":\"ReadAction\",\"target\":[\"https:\\\/\\\/radioljubuski.ba\\\/index.php\\\/2021\\\/06\\\/22\\\/svecenici-iz-cetiri-biskupije-i-jedne-eparhije-molili-za-zrtve-ratova-i-nasilja-u-lici-i-zapadnoj-bosni\\\/\"]}]},{\"@type\":\"ImageObject\",\"inLanguage\":\"hr\",\"@id\":\"https:\\\/\\\/radioljubuski.ba\\\/index.php\\\/2021\\\/06\\\/22\\\/svecenici-iz-cetiri-biskupije-i-jedne-eparhije-molili-za-zrtve-ratova-i-nasilja-u-lici-i-zapadnoj-bosni\\\/#primaryimage\",\"url\":\"https:\\\/\\\/radioljubuski.ba\\\/wp-content\\\/uploads\\\/2021\\\/06\\\/Udbina-1-e1624279001317.jpg\",\"contentUrl\":\"https:\\\/\\\/radioljubuski.ba\\\/wp-content\\\/uploads\\\/2021\\\/06\\\/Udbina-1-e1624279001317.jpg\",\"width\":936,\"height\":506},{\"@type\":\"BreadcrumbList\",\"@id\":\"https:\\\/\\\/radioljubuski.ba\\\/index.php\\\/2021\\\/06\\\/22\\\/svecenici-iz-cetiri-biskupije-i-jedne-eparhije-molili-za-zrtve-ratova-i-nasilja-u-lici-i-zapadnoj-bosni\\\/#breadcrumb\",\"itemListElement\":[{\"@type\":\"ListItem\",\"position\":1,\"name\":\"Po\u010detna stranica\",\"item\":\"https:\\\/\\\/radioljubuski.ba\\\/\"},{\"@type\":\"ListItem\",\"position\":2,\"name\":\"Sve\u0107enici iz \u010detiri biskupije i jedne eparhije molili za \u017ertve ratova i nasilja u Lici i zapadnoj Bosni\"}]},{\"@type\":\"WebSite\",\"@id\":\"https:\\\/\\\/radioljubuski.ba\\\/#website\",\"url\":\"https:\\\/\\\/radioljubuski.ba\\\/\",\"name\":\"Radio Ljubu\u0161ki\",\"description\":\"Sun\u010dana frekvencija Hercegovine\",\"publisher\":{\"@id\":\"https:\\\/\\\/radioljubuski.ba\\\/#organization\"},\"potentialAction\":[{\"@type\":\"SearchAction\",\"target\":{\"@type\":\"EntryPoint\",\"urlTemplate\":\"https:\\\/\\\/radioljubuski.ba\\\/?s={search_term_string}\"},\"query-input\":{\"@type\":\"PropertyValueSpecification\",\"valueRequired\":true,\"valueName\":\"search_term_string\"}}],\"inLanguage\":\"hr\"},{\"@type\":\"Organization\",\"@id\":\"https:\\\/\\\/radioljubuski.ba\\\/#organization\",\"name\":\"Radio Ljubu\u0161ki\",\"url\":\"https:\\\/\\\/radioljubuski.ba\\\/\",\"logo\":{\"@type\":\"ImageObject\",\"inLanguage\":\"hr\",\"@id\":\"https:\\\/\\\/radioljubuski.ba\\\/#\\\/schema\\\/logo\\\/image\\\/\",\"url\":\"https:\\\/\\\/radioljubuski.ba\\\/wp-content\\\/uploads\\\/2021\\\/02\\\/cropped-Radio_Ljubuski_logo1.jpg\",\"contentUrl\":\"https:\\\/\\\/radioljubuski.ba\\\/wp-content\\\/uploads\\\/2021\\\/02\\\/cropped-Radio_Ljubuski_logo1.jpg\",\"width\":512,\"height\":512,\"caption\":\"Radio Ljubu\u0161ki\"},\"image\":{\"@id\":\"https:\\\/\\\/radioljubuski.ba\\\/#\\\/schema\\\/logo\\\/image\\\/\"},\"sameAs\":[\"https:\\\/\\\/www.facebook.com\\\/Radiio-Ljubuski-1490835324566332\",\"https:\\\/\\\/x.com\\\/radioljubuski\",\"https:\\\/\\\/hr.linkedin.com\\\/company\\\/radio-ljubuski\",\"https:\\\/\\\/www.youtube.com\\\/channel\\\/UCHYaeO_n0Db3tjNGudGpXyw\"]},{\"@type\":\"Person\",\"@id\":\"https:\\\/\\\/radioljubuski.ba\\\/#\\\/schema\\\/person\\\/19fc700381a780f69665d7956c469e3b\",\"name\":\"Radio Ljubu\u0161ki\"}]}<\/script>\n<!-- \/ Yoast SEO plugin. -->","yoast_head_json":{"title":"Sve\u0107enici iz \u010detiri biskupije i jedne eparhije molili za \u017ertve ratova i nasilja u Lici i zapadnoj Bosni - RADIO LJUBU\u0160KI","robots":{"index":"index","follow":"follow","max-snippet":"max-snippet:-1","max-image-preview":"max-image-preview:large","max-video-preview":"max-video-preview:-1"},"canonical":"https:\/\/radioljubuski.ba\/index.php\/2021\/06\/22\/svecenici-iz-cetiri-biskupije-i-jedne-eparhije-molili-za-zrtve-ratova-i-nasilja-u-lici-i-zapadnoj-bosni\/","og_locale":"hr_HR","og_type":"article","og_title":"Sve\u0107enici iz \u010detiri biskupije i jedne eparhije molili za \u017ertve ratova i nasilja u Lici i zapadnoj Bosni - RADIO LJUBU\u0160KI","og_description":"U organizaciji Obnove u Duhu Svetom i karizmatske zajednice \u201eNanovo ro\u0111eni\u201c iz Botinca u sveti\u0161tu Hrvatskih mu\u010denika na Udbini prire\u0111en je 20. lipnja molitveni susret za izlije\u010denje duhovnih rana kao posljedica mr\u017enje, nasilja i ratova na na\u0161im podru\u010djima, te za oprost i pomirenje, javlja Tiskovna agencija Banjalu\u010dke biskupije, a prenosi Hrvatski Medijski Servis. Okupilo se [&hellip;]","og_url":"https:\/\/radioljubuski.ba\/index.php\/2021\/06\/22\/svecenici-iz-cetiri-biskupije-i-jedne-eparhije-molili-za-zrtve-ratova-i-nasilja-u-lici-i-zapadnoj-bosni\/","og_site_name":"RADIO LJUBU\u0160KI","article_publisher":"https:\/\/www.facebook.com\/Radiio-Ljubuski-1490835324566332","article_published_time":"2021-06-21T23:10:11+00:00","article_modified_time":"2021-06-21T23:10:13+00:00","og_image":[{"width":936,"height":506,"url":"https:\/\/radioljubuski.ba\/wp-content\/uploads\/2021\/06\/Udbina-1-e1624279001317.jpg","type":"image\/jpeg"}],"author":"Radio Ljubu\u0161ki","twitter_card":"summary_large_image","twitter_creator":"@radioljubuski","twitter_site":"@radioljubuski","twitter_misc":{"Napisao\/la":"Radio Ljubu\u0161ki","Procijenjeno vrijeme \u010ditanja":"2 minute"},"schema":{"@context":"https:\/\/schema.org","@graph":[{"@type":"Article","@id":"https:\/\/radioljubuski.ba\/index.php\/2021\/06\/22\/svecenici-iz-cetiri-biskupije-i-jedne-eparhije-molili-za-zrtve-ratova-i-nasilja-u-lici-i-zapadnoj-bosni\/#article","isPartOf":{"@id":"https:\/\/radioljubuski.ba\/index.php\/2021\/06\/22\/svecenici-iz-cetiri-biskupije-i-jedne-eparhije-molili-za-zrtve-ratova-i-nasilja-u-lici-i-zapadnoj-bosni\/"},"author":{"name":"Radio Ljubu\u0161ki","@id":"https:\/\/radioljubuski.ba\/#\/schema\/person\/19fc700381a780f69665d7956c469e3b"},"headline":"Sve\u0107enici iz \u010detiri biskupije i jedne eparhije molili za \u017ertve ratova i nasilja u Lici i zapadnoj Bosni","datePublished":"2021-06-21T23:10:11+00:00","dateModified":"2021-06-21T23:10:13+00:00","mainEntityOfPage":{"@id":"https:\/\/radioljubuski.ba\/index.php\/2021\/06\/22\/svecenici-iz-cetiri-biskupije-i-jedne-eparhije-molili-za-zrtve-ratova-i-nasilja-u-lici-i-zapadnoj-bosni\/"},"wordCount":467,"publisher":{"@id":"https:\/\/radioljubuski.ba\/#organization"},"image":{"@id":"https:\/\/radioljubuski.ba\/index.php\/2021\/06\/22\/svecenici-iz-cetiri-biskupije-i-jedne-eparhije-molili-za-zrtve-ratova-i-nasilja-u-lici-i-zapadnoj-bosni\/#primaryimage"},"thumbnailUrl":"https:\/\/radioljubuski.ba\/wp-content\/uploads\/2021\/06\/Udbina-1-e1624279001317.jpg","articleSection":["BIH i regija"],"inLanguage":"hr"},{"@type":"WebPage","@id":"https:\/\/radioljubuski.ba\/index.php\/2021\/06\/22\/svecenici-iz-cetiri-biskupije-i-jedne-eparhije-molili-za-zrtve-ratova-i-nasilja-u-lici-i-zapadnoj-bosni\/","url":"https:\/\/radioljubuski.ba\/index.php\/2021\/06\/22\/svecenici-iz-cetiri-biskupije-i-jedne-eparhije-molili-za-zrtve-ratova-i-nasilja-u-lici-i-zapadnoj-bosni\/","name":"Sve\u0107enici iz \u010detiri biskupije i jedne eparhije molili za \u017ertve ratova i nasilja u Lici i zapadnoj Bosni - RADIO LJUBU\u0160KI","isPartOf":{"@id":"https:\/\/radioljubuski.ba\/#website"},"primaryImageOfPage":{"@id":"https:\/\/radioljubuski.ba\/index.php\/2021\/06\/22\/svecenici-iz-cetiri-biskupije-i-jedne-eparhije-molili-za-zrtve-ratova-i-nasilja-u-lici-i-zapadnoj-bosni\/#primaryimage"},"image":{"@id":"https:\/\/radioljubuski.ba\/index.php\/2021\/06\/22\/svecenici-iz-cetiri-biskupije-i-jedne-eparhije-molili-za-zrtve-ratova-i-nasilja-u-lici-i-zapadnoj-bosni\/#primaryimage"},"thumbnailUrl":"https:\/\/radioljubuski.ba\/wp-content\/uploads\/2021\/06\/Udbina-1-e1624279001317.jpg","datePublished":"2021-06-21T23:10:11+00:00","dateModified":"2021-06-21T23:10:13+00:00","breadcrumb":{"@id":"https:\/\/radioljubuski.ba\/index.php\/2021\/06\/22\/svecenici-iz-cetiri-biskupije-i-jedne-eparhije-molili-za-zrtve-ratova-i-nasilja-u-lici-i-zapadnoj-bosni\/#breadcrumb"},"inLanguage":"hr","potentialAction":[{"@type":"ReadAction","target":["https:\/\/radioljubuski.ba\/index.php\/2021\/06\/22\/svecenici-iz-cetiri-biskupije-i-jedne-eparhije-molili-za-zrtve-ratova-i-nasilja-u-lici-i-zapadnoj-bosni\/"]}]},{"@type":"ImageObject","inLanguage":"hr","@id":"https:\/\/radioljubuski.ba\/index.php\/2021\/06\/22\/svecenici-iz-cetiri-biskupije-i-jedne-eparhije-molili-za-zrtve-ratova-i-nasilja-u-lici-i-zapadnoj-bosni\/#primaryimage","url":"https:\/\/radioljubuski.ba\/wp-content\/uploads\/2021\/06\/Udbina-1-e1624279001317.jpg","contentUrl":"https:\/\/radioljubuski.ba\/wp-content\/uploads\/2021\/06\/Udbina-1-e1624279001317.jpg","width":936,"height":506},{"@type":"BreadcrumbList","@id":"https:\/\/radioljubuski.ba\/index.php\/2021\/06\/22\/svecenici-iz-cetiri-biskupije-i-jedne-eparhije-molili-za-zrtve-ratova-i-nasilja-u-lici-i-zapadnoj-bosni\/#breadcrumb","itemListElement":[{"@type":"ListItem","position":1,"name":"Po\u010detna stranica","item":"https:\/\/radioljubuski.ba\/"},{"@type":"ListItem","position":2,"name":"Sve\u0107enici iz \u010detiri biskupije i jedne eparhije molili za \u017ertve ratova i nasilja u Lici i zapadnoj Bosni"}]},{"@type":"WebSite","@id":"https:\/\/radioljubuski.ba\/#website","url":"https:\/\/radioljubuski.ba\/","name":"Radio Ljubu\u0161ki","description":"Sun\u010dana frekvencija Hercegovine","publisher":{"@id":"https:\/\/radioljubuski.ba\/#organization"},"potentialAction":[{"@type":"SearchAction","target":{"@type":"EntryPoint","urlTemplate":"https:\/\/radioljubuski.ba\/?s={search_term_string}"},"query-input":{"@type":"PropertyValueSpecification","valueRequired":true,"valueName":"search_term_string"}}],"inLanguage":"hr"},{"@type":"Organization","@id":"https:\/\/radioljubuski.ba\/#organization","name":"Radio Ljubu\u0161ki","url":"https:\/\/radioljubuski.ba\/","logo":{"@type":"ImageObject","inLanguage":"hr","@id":"https:\/\/radioljubuski.ba\/#\/schema\/logo\/image\/","url":"https:\/\/radioljubuski.ba\/wp-content\/uploads\/2021\/02\/cropped-Radio_Ljubuski_logo1.jpg","contentUrl":"https:\/\/radioljubuski.ba\/wp-content\/uploads\/2021\/02\/cropped-Radio_Ljubuski_logo1.jpg","width":512,"height":512,"caption":"Radio Ljubu\u0161ki"},"image":{"@id":"https:\/\/radioljubuski.ba\/#\/schema\/logo\/image\/"},"sameAs":["https:\/\/www.facebook.com\/Radiio-Ljubuski-1490835324566332","https:\/\/x.com\/radioljubuski","https:\/\/hr.linkedin.com\/company\/radio-ljubuski","https:\/\/www.youtube.com\/channel\/UCHYaeO_n0Db3tjNGudGpXyw"]},{"@type":"Person","@id":"https:\/\/radioljubuski.ba\/#\/schema\/person\/19fc700381a780f69665d7956c469e3b","name":"Radio Ljubu\u0161ki"}]}},"_links":{"self":[{"href":"https:\/\/radioljubuski.ba\/index.php\/wp-json\/wp\/v2\/posts\/34614","targetHints":{"allow":["GET"]}}],"collection":[{"href":"https:\/\/radioljubuski.ba\/index.php\/wp-json\/wp\/v2\/posts"}],"about":[{"href":"https:\/\/radioljubuski.ba\/index.php\/wp-json\/wp\/v2\/types\/post"}],"author":[{"embeddable":true,"href":"https:\/\/radioljubuski.ba\/index.php\/wp-json\/wp\/v2\/users\/2"}],"replies":[{"embeddable":true,"href":"https:\/\/radioljubuski.ba\/index.php\/wp-json\/wp\/v2\/comments?post=34614"}],"version-history":[{"count":1,"href":"https:\/\/radioljubuski.ba\/index.php\/wp-json\/wp\/v2\/posts\/34614\/revisions"}],"predecessor-version":[{"id":34616,"href":"https:\/\/radioljubuski.ba\/index.php\/wp-json\/wp\/v2\/posts\/34614\/revisions\/34616"}],"wp:featuredmedia":[{"embeddable":true,"href":"https:\/\/radioljubuski.ba\/index.php\/wp-json\/wp\/v2\/media\/34615"}],"wp:attachment":[{"href":"https:\/\/radioljubuski.ba\/index.php\/wp-json\/wp\/v2\/media?parent=34614"}],"wp:term":[{"taxonomy":"category","embeddable":true,"href":"https:\/\/radioljubuski.ba\/index.php\/wp-json\/wp\/v2\/categories?post=34614"},{"taxonomy":"post_tag","embeddable":true,"href":"https:\/\/radioljubuski.ba\/index.php\/wp-json\/wp\/v2\/tags?post=34614"}],"curies":[{"name":"wp","href":"https:\/\/api.w.org\/{rel}","templated":true}]}}