{"id":34620,"date":"2021-06-22T00:13:43","date_gmt":"2021-06-21T23:13:43","guid":{"rendered":"https:\/\/radioljubuski.ba\/?p=34620"},"modified":"2021-06-22T00:13:44","modified_gmt":"2021-06-21T23:13:44","slug":"tuzitelj-cavka-opisao-na-koji-nacin-je-prcic-pomagao-mehmedagicu-u-aferi-s-diplomom","status":"publish","type":"post","link":"https:\/\/radioljubuski.ba\/index.php\/2021\/06\/22\/tuzitelj-cavka-opisao-na-koji-nacin-je-prcic-pomagao-mehmedagicu-u-aferi-s-diplomom\/","title":{"rendered":"Tu\u017eitelj \u010cavka opisao na koji na\u010din je Prci\u0107 pomagao Mehmedagi\u0107u u aferi s diplomom"},"content":{"rendered":"\n<p><strong>U Sudu Bosne i Hercegovine ju\u010der je odr\u017eano ro\u010di\u0161te Denisu Prci\u0107u i jo\u0161 dvijema osobama koje su akteri afere u vezi s diplomama na Ameri\u010dkom univerzitetu u BiH. Osim razloga zbog kojih osumnji\u010denima treba biti odre\u0111en pritvor, tu\u017eitelja Oleg \u010cavka je opisao i sam tok izvr\u0161enja kaznenog djela.<\/strong><\/p>\n\n\n\n<p>Pritvor je odre\u0111en Prci\u0107u i njegovoj suradnici Melisi Belki\u0107-Mujkanovi\u0107, a osumnji\u010denom Emiru Mujkanovi\u0107u, mu\u017eu spomenute uposlenice Ameri\u010dkog univerziteta, odre\u0111ene su mjere zabrane posje\u0107ivanja odre\u0111enih mjesta, sastajanja s nekim osobama i obveza javljanja policiji.<\/p>\n\n\n\n<p>Oni se sumnji\u010de za pomo\u0107 po\u010dinitelju nakon izvr\u0161enja krivi\u010dnog djela, odnosno \u010cavka pretpostavlja da su direktoru Obavje\u0161tajno-sigurnosne slu\u017ebe Osmanu Mehmedagi\u0107u pomogli u pribavljanju krivotvorene diplome, pi\u0161e<a href=\"https:\/\/www.klix.ba\/vijesti\/bih\/tuzilac-cavka-na-rocistu-opisao-na-koji-nacin-je-prcic-pomagao-mehmedagicu-u-aferi-s-diplomom\/210621080\" target=\"_blank\" rel=\"noreferrer noopener\">&nbsp;Klix<\/a>.<\/p>\n\n\n\n<p><strong>\u0160to je radio Osman Mehmedagi\u0107?<\/strong><\/p>\n\n\n\n<p>Opisuju\u0107i tijek doga\u0111aja, po\u010deo je jo\u0161 s 2005. godinom kada Denis Prci\u0107 jo\u0161 uvijek nije bio akter doga\u0111aja za koje se sumnji\u010di. \u010cavka navodi da je Osman Mehmedagi\u0107 predao neva\u017ee\u0107i indeks kako bi upisao i zavr\u0161io Univerzitet za poslovne studije u Banjoj Luci, a nakon \u0161to mu je Inspektorat Republike Srpske poni\u0161tio diplomu, na\u0161ao se u bezizlaznoj situaciji.<\/p>\n\n\n\n<figure class=\"wp-block-embed is-type-video is-provider-youtube wp-block-embed-youtube wp-embed-aspect-16-9 wp-has-aspect-ratio\"><div class=\"wp-block-embed__wrapper\">\n<iframe loading=\"lazy\" title=\"Ro\u010di\u0161te Denisu Prci\u0107u u Sudu BiH\" width=\"640\" height=\"360\" src=\"https:\/\/www.youtube.com\/embed\/QCgpAIfF290?feature=oembed\" frameborder=\"0\" allow=\"accelerometer; autoplay; clipboard-write; encrypted-media; gyroscope; picture-in-picture; web-share\" referrerpolicy=\"strict-origin-when-cross-origin\" allowfullscreen><\/iframe>\n<\/div><\/figure>\n\n\n\n<p>Zatim opisuje doga\u0111aje iz 2019. godine nakon \u0161to je Mehmedagi\u0107u poni\u0161tena diploma.<\/p>\n\n\n\n<p>\u201cTijekom postupka dono\u0161enja odluke o poni\u0161tavanju diplome, Mehmedagi\u0107 upisuje poznati i \u010duveni Pravni fakultet u Kiseljaku, zatim se nakon nekoliko mjeseci ispisuje s tog fakulteta. To je vrijeme za koje mi smatramo da je osigurao krivotvorenu diplomu Ameri\u010dkog univerziteta i to se sla\u017ee s drugim dokazima koje smo dostavili\u201d, navodi \u010cavka.<\/p>\n\n\n\n<p>Podsje\u0107a zatim da je Mehmedagi\u0107 diplomu s Ameri\u010dkog univerziteta u BiH dostavio Odboru za nadzor OSA-e i ozna\u010dio je stupnjem tajnosti \u201cPovjerljivo\u201d.<\/p>\n\n\n\n<p>\u201cStavio je oznaku tajnosti na javni dokument, \u0161to nije dozvoljeno, a sve s ciljem da sprije\u010di otkrivanje izvr\u0161enog kaznenog djela\u201d, rekao je \u010cavka.<\/p>\n\n\n\n<p><strong>Uloga Denisa Prci\u0107a i suradnika<\/strong><\/p>\n\n\n\n<p>Dalje je tu\u017eitelj \u010cavka naveo da mu je u tome pomogao i direktor i vlasnik navedenog univerziteta s obzirom na to da je odbio sura\u0111ivati s policijom i dostaviti dokaze o Mehmedagi\u0107evom studiranju u Tuzli.<\/p>\n\n\n\n<p>\u201cObratili smo se Prci\u0107u, odgovorio nam je da nam ne mo\u017ee dostaviti podatke bez dozvole Osmana Mehmedagi\u0107a i pozvao se na Zakon o za\u0161titi osobnih podataka iako tu\u017eitelj ima ovlasti tra\u017eiti podatke od svake pravne osobe\u201d, rekao je.<\/p>\n\n\n\n<p>Nakon toga 30. srpanja 2020. godine od pripadnika Ministarstva unutarnjih poslova Tuzlanskog kantona tu\u017eitelj zahtijeva pretres Ameri\u010dkog univerziteta i izno\u0161enje dokaza, me\u0111utim u tome su bili sprije\u010deni.<\/p>\n\n\n\n<p>\u201cPolicajci su do\u0161li na uvi\u0111aj, Prci\u0107 je sprije\u010dio policajce da izvr\u0161e uvi\u0111ajne radnje tako \u0161to je odbio do\u0107i na fakultet rekav\u0161i im da je suradnik OSA-e i da on tu \u010duva tajne dokumente\u201d, navodi \u010cavka.<\/p>\n\n\n\n<p>Dodaje i da je policija tada utvrdila da ovaj univerzitet prakti\u010dno i ne postoji. Kako ka\u017ee \u010cavka, \u201csastoji se od 40 kvadrata, nisu prona\u0161li nijednu u\u010dionicu, biblioteku, zaposlenu osobu, ni\u0161ta \u0161to bi ukazivalo na to da je to fakultet, a poreska uprava je dostavila podatak da je tu ukupno pet zaposlenih\u201d.<\/p>\n\n\n\n<p>Dva dana kasnije, 2. kolovoza pro\u0161le godine, nadzorne kamere na mjestu gdje prostorije koristi Ameri\u010dki univerzitet u Tuzli, snimile su Melisu Mujkanovi\u0107 i njenog supruga Emira kako iznose dvije kartonske kutije.<\/p>\n\n\n\n<p>Osim toga, smatra se da su kidane odre\u0111ene stranice iz dokumenata o studentima ovog univerziteta kako bi se prikrilo kazneno djelo Osmana Mehmedagi\u0107a s obzirom na to da su prona\u0111eni Registar uz mati\u010dnu knjigu kojoj nedostaju stranice na slovu \u201cN\u201d i \u201cM\u201d i dvije presavijene stranice u svesci.<\/p>\n\n\n\n<p>Vje\u0161ta\u010denje ovih knjiga je nare\u0111eno, a \u010cavka tvrdi da nisu prona\u0111eni nikakvi dokazi o tome da je Osman Mehmedagi\u0107 bio student na Ameri\u010dkom univerzitetu u Tuzli.<\/p>\n\n\n\n<p>\/HMS\/<\/p>\n","protected":false},"excerpt":{"rendered":"<p>U Sudu Bosne i Hercegovine ju\u010der je odr\u017eano ro\u010di\u0161te Denisu Prci\u0107u i jo\u0161 dvijema osobama koje su akteri afere u vezi s diplomama na Ameri\u010dkom univerzitetu u BiH. Osim razloga zbog kojih osumnji\u010denima treba biti odre\u0111en pritvor, tu\u017eitelja Oleg \u010cavka je opisao i sam tok izvr\u0161enja kaznenog djela. Pritvor je odre\u0111en Prci\u0107u i njegovoj suradnici [&hellip;]<\/p>\n","protected":false},"author":2,"featured_media":34621,"comment_status":"closed","ping_status":"closed","sticky":false,"template":"","format":"standard","meta":{"h5ap_radio_sources":[],"footnotes":""},"categories":[1],"tags":[],"class_list":["post-34620","post","type-post","status-publish","format-standard","has-post-thumbnail","hentry","category-bihiregija"],"yoast_head":"<!-- This site is optimized with the Yoast SEO plugin v27.5 - https:\/\/yoast.com\/product\/yoast-seo-wordpress\/ -->\n<title>Tu\u017eitelj \u010cavka opisao na koji na\u010din je Prci\u0107 pomagao Mehmedagi\u0107u u aferi s diplomom - RADIO LJUBU\u0160KI<\/title>\n<meta name=\"robots\" content=\"index, follow, max-snippet:-1, max-image-preview:large, max-video-preview:-1\" \/>\n<link rel=\"canonical\" href=\"https:\/\/radioljubuski.ba\/index.php\/2021\/06\/22\/tuzitelj-cavka-opisao-na-koji-nacin-je-prcic-pomagao-mehmedagicu-u-aferi-s-diplomom\/\" \/>\n<meta property=\"og:locale\" content=\"hr_HR\" \/>\n<meta property=\"og:type\" content=\"article\" \/>\n<meta property=\"og:title\" content=\"Tu\u017eitelj \u010cavka opisao na koji na\u010din je Prci\u0107 pomagao Mehmedagi\u0107u u aferi s diplomom - RADIO LJUBU\u0160KI\" \/>\n<meta property=\"og:description\" content=\"U Sudu Bosne i Hercegovine ju\u010der je odr\u017eano ro\u010di\u0161te Denisu Prci\u0107u i jo\u0161 dvijema osobama koje su akteri afere u vezi s diplomama na Ameri\u010dkom univerzitetu u BiH. Osim razloga zbog kojih osumnji\u010denima treba biti odre\u0111en pritvor, tu\u017eitelja Oleg \u010cavka je opisao i sam tok izvr\u0161enja kaznenog djela. Pritvor je odre\u0111en Prci\u0107u i njegovoj suradnici [&hellip;]\" \/>\n<meta property=\"og:url\" content=\"https:\/\/radioljubuski.ba\/index.php\/2021\/06\/22\/tuzitelj-cavka-opisao-na-koji-nacin-je-prcic-pomagao-mehmedagicu-u-aferi-s-diplomom\/\" \/>\n<meta property=\"og:site_name\" content=\"RADIO LJUBU\u0160KI\" \/>\n<meta property=\"article:publisher\" content=\"https:\/\/www.facebook.com\/Radiio-Ljubuski-1490835324566332\" \/>\n<meta property=\"article:published_time\" content=\"2021-06-21T23:13:43+00:00\" \/>\n<meta property=\"article:modified_time\" content=\"2021-06-21T23:13:44+00:00\" \/>\n<meta property=\"og:image\" content=\"https:\/\/radioljubuski.ba\/wp-content\/uploads\/2021\/06\/210621080.1_mn.jpg\" \/>\n\t<meta property=\"og:image:width\" content=\"632\" \/>\n\t<meta property=\"og:image:height\" content=\"421\" \/>\n\t<meta property=\"og:image:type\" content=\"image\/jpeg\" \/>\n<meta name=\"author\" content=\"Radio Ljubu\u0161ki\" \/>\n<meta name=\"twitter:card\" content=\"summary_large_image\" \/>\n<meta name=\"twitter:creator\" content=\"@radioljubuski\" \/>\n<meta name=\"twitter:site\" content=\"@radioljubuski\" \/>\n<meta name=\"twitter:label1\" content=\"Napisao\/la\" \/>\n\t<meta name=\"twitter:data1\" content=\"Radio Ljubu\u0161ki\" \/>\n\t<meta name=\"twitter:label2\" content=\"Procijenjeno vrijeme \u010ditanja\" \/>\n\t<meta name=\"twitter:data2\" content=\"3 minute\" \/>\n<script type=\"application\/ld+json\" class=\"yoast-schema-graph\">{\"@context\":\"https:\\\/\\\/schema.org\",\"@graph\":[{\"@type\":\"Article\",\"@id\":\"https:\\\/\\\/radioljubuski.ba\\\/index.php\\\/2021\\\/06\\\/22\\\/tuzitelj-cavka-opisao-na-koji-nacin-je-prcic-pomagao-mehmedagicu-u-aferi-s-diplomom\\\/#article\",\"isPartOf\":{\"@id\":\"https:\\\/\\\/radioljubuski.ba\\\/index.php\\\/2021\\\/06\\\/22\\\/tuzitelj-cavka-opisao-na-koji-nacin-je-prcic-pomagao-mehmedagicu-u-aferi-s-diplomom\\\/\"},\"author\":{\"name\":\"Radio Ljubu\u0161ki\",\"@id\":\"https:\\\/\\\/radioljubuski.ba\\\/#\\\/schema\\\/person\\\/19fc700381a780f69665d7956c469e3b\"},\"headline\":\"Tu\u017eitelj \u010cavka opisao na koji na\u010din je Prci\u0107 pomagao Mehmedagi\u0107u u aferi s diplomom\",\"datePublished\":\"2021-06-21T23:13:43+00:00\",\"dateModified\":\"2021-06-21T23:13:44+00:00\",\"mainEntityOfPage\":{\"@id\":\"https:\\\/\\\/radioljubuski.ba\\\/index.php\\\/2021\\\/06\\\/22\\\/tuzitelj-cavka-opisao-na-koji-nacin-je-prcic-pomagao-mehmedagicu-u-aferi-s-diplomom\\\/\"},\"wordCount\":683,\"publisher\":{\"@id\":\"https:\\\/\\\/radioljubuski.ba\\\/#organization\"},\"image\":{\"@id\":\"https:\\\/\\\/radioljubuski.ba\\\/index.php\\\/2021\\\/06\\\/22\\\/tuzitelj-cavka-opisao-na-koji-nacin-je-prcic-pomagao-mehmedagicu-u-aferi-s-diplomom\\\/#primaryimage\"},\"thumbnailUrl\":\"https:\\\/\\\/radioljubuski.ba\\\/wp-content\\\/uploads\\\/2021\\\/06\\\/210621080.1_mn.jpg\",\"articleSection\":[\"BIH i regija\"],\"inLanguage\":\"hr\"},{\"@type\":\"WebPage\",\"@id\":\"https:\\\/\\\/radioljubuski.ba\\\/index.php\\\/2021\\\/06\\\/22\\\/tuzitelj-cavka-opisao-na-koji-nacin-je-prcic-pomagao-mehmedagicu-u-aferi-s-diplomom\\\/\",\"url\":\"https:\\\/\\\/radioljubuski.ba\\\/index.php\\\/2021\\\/06\\\/22\\\/tuzitelj-cavka-opisao-na-koji-nacin-je-prcic-pomagao-mehmedagicu-u-aferi-s-diplomom\\\/\",\"name\":\"Tu\u017eitelj \u010cavka opisao na koji na\u010din je Prci\u0107 pomagao Mehmedagi\u0107u u aferi s diplomom - RADIO LJUBU\u0160KI\",\"isPartOf\":{\"@id\":\"https:\\\/\\\/radioljubuski.ba\\\/#website\"},\"primaryImageOfPage\":{\"@id\":\"https:\\\/\\\/radioljubuski.ba\\\/index.php\\\/2021\\\/06\\\/22\\\/tuzitelj-cavka-opisao-na-koji-nacin-je-prcic-pomagao-mehmedagicu-u-aferi-s-diplomom\\\/#primaryimage\"},\"image\":{\"@id\":\"https:\\\/\\\/radioljubuski.ba\\\/index.php\\\/2021\\\/06\\\/22\\\/tuzitelj-cavka-opisao-na-koji-nacin-je-prcic-pomagao-mehmedagicu-u-aferi-s-diplomom\\\/#primaryimage\"},\"thumbnailUrl\":\"https:\\\/\\\/radioljubuski.ba\\\/wp-content\\\/uploads\\\/2021\\\/06\\\/210621080.1_mn.jpg\",\"datePublished\":\"2021-06-21T23:13:43+00:00\",\"dateModified\":\"2021-06-21T23:13:44+00:00\",\"breadcrumb\":{\"@id\":\"https:\\\/\\\/radioljubuski.ba\\\/index.php\\\/2021\\\/06\\\/22\\\/tuzitelj-cavka-opisao-na-koji-nacin-je-prcic-pomagao-mehmedagicu-u-aferi-s-diplomom\\\/#breadcrumb\"},\"inLanguage\":\"hr\",\"potentialAction\":[{\"@type\":\"ReadAction\",\"target\":[\"https:\\\/\\\/radioljubuski.ba\\\/index.php\\\/2021\\\/06\\\/22\\\/tuzitelj-cavka-opisao-na-koji-nacin-je-prcic-pomagao-mehmedagicu-u-aferi-s-diplomom\\\/\"]}]},{\"@type\":\"ImageObject\",\"inLanguage\":\"hr\",\"@id\":\"https:\\\/\\\/radioljubuski.ba\\\/index.php\\\/2021\\\/06\\\/22\\\/tuzitelj-cavka-opisao-na-koji-nacin-je-prcic-pomagao-mehmedagicu-u-aferi-s-diplomom\\\/#primaryimage\",\"url\":\"https:\\\/\\\/radioljubuski.ba\\\/wp-content\\\/uploads\\\/2021\\\/06\\\/210621080.1_mn.jpg\",\"contentUrl\":\"https:\\\/\\\/radioljubuski.ba\\\/wp-content\\\/uploads\\\/2021\\\/06\\\/210621080.1_mn.jpg\",\"width\":632,\"height\":421},{\"@type\":\"BreadcrumbList\",\"@id\":\"https:\\\/\\\/radioljubuski.ba\\\/index.php\\\/2021\\\/06\\\/22\\\/tuzitelj-cavka-opisao-na-koji-nacin-je-prcic-pomagao-mehmedagicu-u-aferi-s-diplomom\\\/#breadcrumb\",\"itemListElement\":[{\"@type\":\"ListItem\",\"position\":1,\"name\":\"Po\u010detna stranica\",\"item\":\"https:\\\/\\\/radioljubuski.ba\\\/\"},{\"@type\":\"ListItem\",\"position\":2,\"name\":\"Tu\u017eitelj \u010cavka opisao na koji na\u010din je Prci\u0107 pomagao Mehmedagi\u0107u u aferi s diplomom\"}]},{\"@type\":\"WebSite\",\"@id\":\"https:\\\/\\\/radioljubuski.ba\\\/#website\",\"url\":\"https:\\\/\\\/radioljubuski.ba\\\/\",\"name\":\"Radio Ljubu\u0161ki\",\"description\":\"Sun\u010dana frekvencija Hercegovine\",\"publisher\":{\"@id\":\"https:\\\/\\\/radioljubuski.ba\\\/#organization\"},\"potentialAction\":[{\"@type\":\"SearchAction\",\"target\":{\"@type\":\"EntryPoint\",\"urlTemplate\":\"https:\\\/\\\/radioljubuski.ba\\\/?s={search_term_string}\"},\"query-input\":{\"@type\":\"PropertyValueSpecification\",\"valueRequired\":true,\"valueName\":\"search_term_string\"}}],\"inLanguage\":\"hr\"},{\"@type\":\"Organization\",\"@id\":\"https:\\\/\\\/radioljubuski.ba\\\/#organization\",\"name\":\"Radio Ljubu\u0161ki\",\"url\":\"https:\\\/\\\/radioljubuski.ba\\\/\",\"logo\":{\"@type\":\"ImageObject\",\"inLanguage\":\"hr\",\"@id\":\"https:\\\/\\\/radioljubuski.ba\\\/#\\\/schema\\\/logo\\\/image\\\/\",\"url\":\"https:\\\/\\\/radioljubuski.ba\\\/wp-content\\\/uploads\\\/2021\\\/02\\\/cropped-Radio_Ljubuski_logo1.jpg\",\"contentUrl\":\"https:\\\/\\\/radioljubuski.ba\\\/wp-content\\\/uploads\\\/2021\\\/02\\\/cropped-Radio_Ljubuski_logo1.jpg\",\"width\":512,\"height\":512,\"caption\":\"Radio Ljubu\u0161ki\"},\"image\":{\"@id\":\"https:\\\/\\\/radioljubuski.ba\\\/#\\\/schema\\\/logo\\\/image\\\/\"},\"sameAs\":[\"https:\\\/\\\/www.facebook.com\\\/Radiio-Ljubuski-1490835324566332\",\"https:\\\/\\\/x.com\\\/radioljubuski\",\"https:\\\/\\\/hr.linkedin.com\\\/company\\\/radio-ljubuski\",\"https:\\\/\\\/www.youtube.com\\\/channel\\\/UCHYaeO_n0Db3tjNGudGpXyw\"]},{\"@type\":\"Person\",\"@id\":\"https:\\\/\\\/radioljubuski.ba\\\/#\\\/schema\\\/person\\\/19fc700381a780f69665d7956c469e3b\",\"name\":\"Radio Ljubu\u0161ki\"}]}<\/script>\n<!-- \/ Yoast SEO plugin. -->","yoast_head_json":{"title":"Tu\u017eitelj \u010cavka opisao na koji na\u010din je Prci\u0107 pomagao Mehmedagi\u0107u u aferi s diplomom - RADIO LJUBU\u0160KI","robots":{"index":"index","follow":"follow","max-snippet":"max-snippet:-1","max-image-preview":"max-image-preview:large","max-video-preview":"max-video-preview:-1"},"canonical":"https:\/\/radioljubuski.ba\/index.php\/2021\/06\/22\/tuzitelj-cavka-opisao-na-koji-nacin-je-prcic-pomagao-mehmedagicu-u-aferi-s-diplomom\/","og_locale":"hr_HR","og_type":"article","og_title":"Tu\u017eitelj \u010cavka opisao na koji na\u010din je Prci\u0107 pomagao Mehmedagi\u0107u u aferi s diplomom - RADIO LJUBU\u0160KI","og_description":"U Sudu Bosne i Hercegovine ju\u010der je odr\u017eano ro\u010di\u0161te Denisu Prci\u0107u i jo\u0161 dvijema osobama koje su akteri afere u vezi s diplomama na Ameri\u010dkom univerzitetu u BiH. Osim razloga zbog kojih osumnji\u010denima treba biti odre\u0111en pritvor, tu\u017eitelja Oleg \u010cavka je opisao i sam tok izvr\u0161enja kaznenog djela. Pritvor je odre\u0111en Prci\u0107u i njegovoj suradnici [&hellip;]","og_url":"https:\/\/radioljubuski.ba\/index.php\/2021\/06\/22\/tuzitelj-cavka-opisao-na-koji-nacin-je-prcic-pomagao-mehmedagicu-u-aferi-s-diplomom\/","og_site_name":"RADIO LJUBU\u0160KI","article_publisher":"https:\/\/www.facebook.com\/Radiio-Ljubuski-1490835324566332","article_published_time":"2021-06-21T23:13:43+00:00","article_modified_time":"2021-06-21T23:13:44+00:00","og_image":[{"width":632,"height":421,"url":"https:\/\/radioljubuski.ba\/wp-content\/uploads\/2021\/06\/210621080.1_mn.jpg","type":"image\/jpeg"}],"author":"Radio Ljubu\u0161ki","twitter_card":"summary_large_image","twitter_creator":"@radioljubuski","twitter_site":"@radioljubuski","twitter_misc":{"Napisao\/la":"Radio Ljubu\u0161ki","Procijenjeno vrijeme \u010ditanja":"3 minute"},"schema":{"@context":"https:\/\/schema.org","@graph":[{"@type":"Article","@id":"https:\/\/radioljubuski.ba\/index.php\/2021\/06\/22\/tuzitelj-cavka-opisao-na-koji-nacin-je-prcic-pomagao-mehmedagicu-u-aferi-s-diplomom\/#article","isPartOf":{"@id":"https:\/\/radioljubuski.ba\/index.php\/2021\/06\/22\/tuzitelj-cavka-opisao-na-koji-nacin-je-prcic-pomagao-mehmedagicu-u-aferi-s-diplomom\/"},"author":{"name":"Radio Ljubu\u0161ki","@id":"https:\/\/radioljubuski.ba\/#\/schema\/person\/19fc700381a780f69665d7956c469e3b"},"headline":"Tu\u017eitelj \u010cavka opisao na koji na\u010din je Prci\u0107 pomagao Mehmedagi\u0107u u aferi s diplomom","datePublished":"2021-06-21T23:13:43+00:00","dateModified":"2021-06-21T23:13:44+00:00","mainEntityOfPage":{"@id":"https:\/\/radioljubuski.ba\/index.php\/2021\/06\/22\/tuzitelj-cavka-opisao-na-koji-nacin-je-prcic-pomagao-mehmedagicu-u-aferi-s-diplomom\/"},"wordCount":683,"publisher":{"@id":"https:\/\/radioljubuski.ba\/#organization"},"image":{"@id":"https:\/\/radioljubuski.ba\/index.php\/2021\/06\/22\/tuzitelj-cavka-opisao-na-koji-nacin-je-prcic-pomagao-mehmedagicu-u-aferi-s-diplomom\/#primaryimage"},"thumbnailUrl":"https:\/\/radioljubuski.ba\/wp-content\/uploads\/2021\/06\/210621080.1_mn.jpg","articleSection":["BIH i regija"],"inLanguage":"hr"},{"@type":"WebPage","@id":"https:\/\/radioljubuski.ba\/index.php\/2021\/06\/22\/tuzitelj-cavka-opisao-na-koji-nacin-je-prcic-pomagao-mehmedagicu-u-aferi-s-diplomom\/","url":"https:\/\/radioljubuski.ba\/index.php\/2021\/06\/22\/tuzitelj-cavka-opisao-na-koji-nacin-je-prcic-pomagao-mehmedagicu-u-aferi-s-diplomom\/","name":"Tu\u017eitelj \u010cavka opisao na koji na\u010din je Prci\u0107 pomagao Mehmedagi\u0107u u aferi s diplomom - RADIO LJUBU\u0160KI","isPartOf":{"@id":"https:\/\/radioljubuski.ba\/#website"},"primaryImageOfPage":{"@id":"https:\/\/radioljubuski.ba\/index.php\/2021\/06\/22\/tuzitelj-cavka-opisao-na-koji-nacin-je-prcic-pomagao-mehmedagicu-u-aferi-s-diplomom\/#primaryimage"},"image":{"@id":"https:\/\/radioljubuski.ba\/index.php\/2021\/06\/22\/tuzitelj-cavka-opisao-na-koji-nacin-je-prcic-pomagao-mehmedagicu-u-aferi-s-diplomom\/#primaryimage"},"thumbnailUrl":"https:\/\/radioljubuski.ba\/wp-content\/uploads\/2021\/06\/210621080.1_mn.jpg","datePublished":"2021-06-21T23:13:43+00:00","dateModified":"2021-06-21T23:13:44+00:00","breadcrumb":{"@id":"https:\/\/radioljubuski.ba\/index.php\/2021\/06\/22\/tuzitelj-cavka-opisao-na-koji-nacin-je-prcic-pomagao-mehmedagicu-u-aferi-s-diplomom\/#breadcrumb"},"inLanguage":"hr","potentialAction":[{"@type":"ReadAction","target":["https:\/\/radioljubuski.ba\/index.php\/2021\/06\/22\/tuzitelj-cavka-opisao-na-koji-nacin-je-prcic-pomagao-mehmedagicu-u-aferi-s-diplomom\/"]}]},{"@type":"ImageObject","inLanguage":"hr","@id":"https:\/\/radioljubuski.ba\/index.php\/2021\/06\/22\/tuzitelj-cavka-opisao-na-koji-nacin-je-prcic-pomagao-mehmedagicu-u-aferi-s-diplomom\/#primaryimage","url":"https:\/\/radioljubuski.ba\/wp-content\/uploads\/2021\/06\/210621080.1_mn.jpg","contentUrl":"https:\/\/radioljubuski.ba\/wp-content\/uploads\/2021\/06\/210621080.1_mn.jpg","width":632,"height":421},{"@type":"BreadcrumbList","@id":"https:\/\/radioljubuski.ba\/index.php\/2021\/06\/22\/tuzitelj-cavka-opisao-na-koji-nacin-je-prcic-pomagao-mehmedagicu-u-aferi-s-diplomom\/#breadcrumb","itemListElement":[{"@type":"ListItem","position":1,"name":"Po\u010detna stranica","item":"https:\/\/radioljubuski.ba\/"},{"@type":"ListItem","position":2,"name":"Tu\u017eitelj \u010cavka opisao na koji na\u010din je Prci\u0107 pomagao Mehmedagi\u0107u u aferi s diplomom"}]},{"@type":"WebSite","@id":"https:\/\/radioljubuski.ba\/#website","url":"https:\/\/radioljubuski.ba\/","name":"Radio Ljubu\u0161ki","description":"Sun\u010dana frekvencija Hercegovine","publisher":{"@id":"https:\/\/radioljubuski.ba\/#organization"},"potentialAction":[{"@type":"SearchAction","target":{"@type":"EntryPoint","urlTemplate":"https:\/\/radioljubuski.ba\/?s={search_term_string}"},"query-input":{"@type":"PropertyValueSpecification","valueRequired":true,"valueName":"search_term_string"}}],"inLanguage":"hr"},{"@type":"Organization","@id":"https:\/\/radioljubuski.ba\/#organization","name":"Radio Ljubu\u0161ki","url":"https:\/\/radioljubuski.ba\/","logo":{"@type":"ImageObject","inLanguage":"hr","@id":"https:\/\/radioljubuski.ba\/#\/schema\/logo\/image\/","url":"https:\/\/radioljubuski.ba\/wp-content\/uploads\/2021\/02\/cropped-Radio_Ljubuski_logo1.jpg","contentUrl":"https:\/\/radioljubuski.ba\/wp-content\/uploads\/2021\/02\/cropped-Radio_Ljubuski_logo1.jpg","width":512,"height":512,"caption":"Radio Ljubu\u0161ki"},"image":{"@id":"https:\/\/radioljubuski.ba\/#\/schema\/logo\/image\/"},"sameAs":["https:\/\/www.facebook.com\/Radiio-Ljubuski-1490835324566332","https:\/\/x.com\/radioljubuski","https:\/\/hr.linkedin.com\/company\/radio-ljubuski","https:\/\/www.youtube.com\/channel\/UCHYaeO_n0Db3tjNGudGpXyw"]},{"@type":"Person","@id":"https:\/\/radioljubuski.ba\/#\/schema\/person\/19fc700381a780f69665d7956c469e3b","name":"Radio Ljubu\u0161ki"}]}},"_links":{"self":[{"href":"https:\/\/radioljubuski.ba\/index.php\/wp-json\/wp\/v2\/posts\/34620","targetHints":{"allow":["GET"]}}],"collection":[{"href":"https:\/\/radioljubuski.ba\/index.php\/wp-json\/wp\/v2\/posts"}],"about":[{"href":"https:\/\/radioljubuski.ba\/index.php\/wp-json\/wp\/v2\/types\/post"}],"author":[{"embeddable":true,"href":"https:\/\/radioljubuski.ba\/index.php\/wp-json\/wp\/v2\/users\/2"}],"replies":[{"embeddable":true,"href":"https:\/\/radioljubuski.ba\/index.php\/wp-json\/wp\/v2\/comments?post=34620"}],"version-history":[{"count":1,"href":"https:\/\/radioljubuski.ba\/index.php\/wp-json\/wp\/v2\/posts\/34620\/revisions"}],"predecessor-version":[{"id":34622,"href":"https:\/\/radioljubuski.ba\/index.php\/wp-json\/wp\/v2\/posts\/34620\/revisions\/34622"}],"wp:featuredmedia":[{"embeddable":true,"href":"https:\/\/radioljubuski.ba\/index.php\/wp-json\/wp\/v2\/media\/34621"}],"wp:attachment":[{"href":"https:\/\/radioljubuski.ba\/index.php\/wp-json\/wp\/v2\/media?parent=34620"}],"wp:term":[{"taxonomy":"category","embeddable":true,"href":"https:\/\/radioljubuski.ba\/index.php\/wp-json\/wp\/v2\/categories?post=34620"},{"taxonomy":"post_tag","embeddable":true,"href":"https:\/\/radioljubuski.ba\/index.php\/wp-json\/wp\/v2\/tags?post=34620"}],"curies":[{"name":"wp","href":"https:\/\/api.w.org\/{rel}","templated":true}]}}