{"id":34626,"date":"2021-06-22T00:16:06","date_gmt":"2021-06-21T23:16:06","guid":{"rendered":"https:\/\/radioljubuski.ba\/?p=34626"},"modified":"2021-06-22T00:16:07","modified_gmt":"2021-06-21T23:16:07","slug":"u-bugojnu-prije-rata-zivjelo-17-tisuca-hrvata-danas-ih-je-2500","status":"publish","type":"post","link":"https:\/\/radioljubuski.ba\/index.php\/2021\/06\/22\/u-bugojnu-prije-rata-zivjelo-17-tisuca-hrvata-danas-ih-je-2500\/","title":{"rendered":"U Bugojnu prije rata \u017eivjelo 17 tisu\u0107a Hrvata, danas ih je 2500"},"content":{"rendered":"\n<p><strong>Lidija Bradara, predsjednica Kluba Hrvata u Domu naroda Parlamenta BiH, na nedavnoj je sjednici aktualnom ministru sigurnosti BiH ratnom zapovjedniku Operativne skupine Zapad Armije BiH Selmi Cikoti\u0107u postavila pitanje gdje su tijela nasilno odvedenih bugojanskih Hrvata koji se godinama vode kao nestali, pi\u0161e Ve\u010dernji list BiH.<\/strong><\/p>\n\n\n\n<p><strong>Susre\u0107u ubojice u gradu<\/strong><\/p>\n\n\n\n<p>\u2013 U Bugojnu je prije rata, prema popisu stanovni\u0161tva iz 1991., \u017eivjelo gotovo 17.000 Hrvata. U ratu je iz Bugojna protjerano vi\u0161e od 15.000 Hrvata, ostalo ih je tek 900. Danas u Bugojnu \u017eivi 2500 do 3000 Hrvata. Uz o\u010digledne rezultate etni\u010dkog \u010di\u0161\u0107enja Bugojna, koji se najbolje ogledaju usporedimo li prijeratni broj Hrvata s brojem onih koji danas \u017eive u ovom srednjobosanskom gradu, jedan od razloga za to su i nerasvijetljeni ratni zlo\u010dini nad Hrvatima te \u010dinjenica da su mnogi hrvatski povratnici ponovno oti\u0161li jer su susretali odgovorne za ubojstva i zlo\u010dine nad \u010dlanovima svojih obitelji. Me\u0111u najte\u017eim ratnim ranama vi\u0161egodi\u0161nja je potraga za tijelima 19 nasilno odvedenih Hrvata iz logora Armije BiH u Bugojnu.<\/p>\n\n\n\n<p>Tek pro\u0161le godine u laboratoriju Me\u0111unarodnog povjerenstva za nestale osobe u Haagu identificirana su \u010detiri tijela ekshumirana u ljeto pro\u0161le godine na Rostovu. Utvr\u0111eno je kako je rije\u010d o \u010detvorici hrvatskih logora\u0161a koja su u ljeto i jesen 1993. iz vi\u0161e razli\u010ditih logora Armije BiH u Bugojnu odvedena u nepoznato.<\/p>\n\n\n\n<p>\u2013 Budu\u0107i da ste u ratu obna\u0161ali du\u017enost zapovjednika Operativne skupine Zapad Armije BiH, u \u010dijoj je odgovornosti bilo i Bugojno, recite \u0161to se dogodilo s jo\u0161 15 hrvatskih logora\u0161a? Uime obitelji nestalih, molim vas da kona\u010dno, nakon 28 godina potrage, ka\u017eete istinu \u2013 pitanje je koje je Bradara uputila Cikoti\u0107u. On se oglu\u0161io na pitanje uz konstataciju kako za to nema temelja.<\/p>\n\n\n\n<p>\u2013 Nema osnove da vam kao ministar sigurnosti dam odgovor na to pitanje \u2013 kazao je Cikoti\u0107. \u2013 Va\u0161e tvrdnje da ne znate gdje su tijela 15 hrvatskih logora\u0161a od njih 23 (19 ih se vodi 28 godina nestalima, 4 tijela prona\u0111ena pro\u0161le godine) iz bugojanske skupine najbolje demantira ratna prepiska koju ste kao zapovjednik imali s va\u0161im nadre\u0111enim zapovjednikom 3. korpusa Enverom Had\u017eihasanovi\u0107em. Tako ste u dopisu od 19. rujna 1993., opisuju\u0107i stanje u uskopaljskoj dolini, pisali i o zarobljavanju 470 pripadnika HVO-a, me\u0111u kojima su \u201c23 zatvorenika koja zbog te\u017eine po\u010dinjenih djela imaju poseban tretman\u201d. Zapovjednik Had\u017eihasanovi\u0107 isti vam je dan odgovorio kako od vas tra\u017ei da 23 zarobljenika za koja ka\u017eete da im je potreban \u201cposeban tretman\u201d prebacite u Kazneno-popravni zavod u Zenicu gdje bi se on, kako je sam napisao, \u201cnatezao s UNPROFOR-om, europskim promatra\u010dima, Crvenim kri\u017eom i ostalim me\u0111unarodnim organizacijama oko njihova pu\u0161tanja\u201d. Kako vi niste proveli ono \u0161to je tra\u017eeno, Had\u017eihasanovi\u0107 vas ponovno u dopisu od 7. listopada 1993. podsje\u0107a da to u\u010dinite.<\/p>\n\n\n\n<p><strong>Ratne prepiske i istina<\/strong><\/p>\n\n\n\n<p>\u2013 Ponovno vam skre\u0107emo pozornost da prebacite ona 23 bojovnika HVO-a o kojima ste pisali da su po\u010dinili velika zlodjela \u2013 navedeno je u dopisu Had\u017eihasanovi\u0107a. Uskoro vas se obojicu proziva zbog neispunjavanja zapovijedi o prebacivanju zarobljena Hrvata u Zenicu. \u2013 Po tom izvje\u0161\u0107u vidi se kako od 17. rujna do 7. listopada 1993. zarobljena 23 Hrvata nisu stigla u KPZ Zenica, a za to su odgovorna dvojica zapovjednika \u2013 Selmo Cikoti\u0107 i Enver Had\u017eihasanovi\u0107 \u2013 stoji u posebnom izvje\u0161\u0107u Armije BiH koje je dio dokumentacije koju je Haag ustupio bh. pravosu\u0111u. Jo\u0161 jednom vas molim da obiteljima i javnosti ka\u017eete gdje su tijela kako bi ih kona\u010dno mogli dostojno pokopati \u2013 bila je uporna Bradara. Cikoti\u0107 nije odgovorio i tako nastavio \u0161utnju o sudbini nestalih Hrvata dugu gotovo tri desetlje\u0107a.<\/p>\n\n\n\n<p>\/HMS\/<\/p>\n","protected":false},"excerpt":{"rendered":"<p>Lidija Bradara, predsjednica Kluba Hrvata u Domu naroda Parlamenta BiH, na nedavnoj je sjednici aktualnom ministru sigurnosti BiH ratnom zapovjedniku Operativne skupine Zapad Armije BiH Selmi Cikoti\u0107u postavila pitanje gdje su tijela nasilno odvedenih bugojanskih Hrvata koji se godinama vode kao nestali, pi\u0161e Ve\u010dernji list BiH. Susre\u0107u ubojice u gradu \u2013 U Bugojnu je prije [&hellip;]<\/p>\n","protected":false},"author":2,"featured_media":34627,"comment_status":"closed","ping_status":"closed","sticky":false,"template":"","format":"standard","meta":{"h5ap_radio_sources":[],"footnotes":""},"categories":[1],"tags":[],"class_list":["post-34626","post","type-post","status-publish","format-standard","has-post-thumbnail","hentry","category-bihiregija"],"yoast_head":"<!-- This site is optimized with the Yoast SEO plugin v27.5 - https:\/\/yoast.com\/product\/yoast-seo-wordpress\/ -->\n<title>U Bugojnu prije rata \u017eivjelo 17 tisu\u0107a Hrvata, danas ih je 2500 - RADIO LJUBU\u0160KI<\/title>\n<meta name=\"robots\" content=\"index, follow, max-snippet:-1, max-image-preview:large, max-video-preview:-1\" \/>\n<link rel=\"canonical\" href=\"https:\/\/radioljubuski.ba\/index.php\/2021\/06\/22\/u-bugojnu-prije-rata-zivjelo-17-tisuca-hrvata-danas-ih-je-2500\/\" \/>\n<meta property=\"og:locale\" content=\"hr_HR\" \/>\n<meta property=\"og:type\" content=\"article\" \/>\n<meta property=\"og:title\" content=\"U Bugojnu prije rata \u017eivjelo 17 tisu\u0107a Hrvata, danas ih je 2500 - RADIO LJUBU\u0160KI\" \/>\n<meta property=\"og:description\" content=\"Lidija Bradara, predsjednica Kluba Hrvata u Domu naroda Parlamenta BiH, na nedavnoj je sjednici aktualnom ministru sigurnosti BiH ratnom zapovjedniku Operativne skupine Zapad Armije BiH Selmi Cikoti\u0107u postavila pitanje gdje su tijela nasilno odvedenih bugojanskih Hrvata koji se godinama vode kao nestali, pi\u0161e Ve\u010dernji list BiH. Susre\u0107u ubojice u gradu \u2013 U Bugojnu je prije [&hellip;]\" \/>\n<meta property=\"og:url\" content=\"https:\/\/radioljubuski.ba\/index.php\/2021\/06\/22\/u-bugojnu-prije-rata-zivjelo-17-tisuca-hrvata-danas-ih-je-2500\/\" \/>\n<meta property=\"og:site_name\" content=\"RADIO LJUBU\u0160KI\" \/>\n<meta property=\"article:publisher\" content=\"https:\/\/www.facebook.com\/Radiio-Ljubuski-1490835324566332\" \/>\n<meta property=\"article:published_time\" content=\"2021-06-21T23:16:06+00:00\" \/>\n<meta property=\"article:modified_time\" content=\"2021-06-21T23:16:07+00:00\" \/>\n<meta property=\"og:image\" content=\"https:\/\/radioljubuski.ba\/wp-content\/uploads\/2021\/06\/bugojno-ljeto-696x365-1.jpg\" \/>\n\t<meta property=\"og:image:width\" content=\"696\" \/>\n\t<meta property=\"og:image:height\" content=\"365\" \/>\n\t<meta property=\"og:image:type\" content=\"image\/jpeg\" \/>\n<meta name=\"author\" content=\"Radio Ljubu\u0161ki\" \/>\n<meta name=\"twitter:card\" content=\"summary_large_image\" \/>\n<meta name=\"twitter:creator\" content=\"@radioljubuski\" \/>\n<meta name=\"twitter:site\" content=\"@radioljubuski\" \/>\n<meta name=\"twitter:label1\" content=\"Napisao\/la\" \/>\n\t<meta name=\"twitter:data1\" content=\"Radio Ljubu\u0161ki\" \/>\n\t<meta name=\"twitter:label2\" content=\"Procijenjeno vrijeme \u010ditanja\" \/>\n\t<meta name=\"twitter:data2\" content=\"3 minute\" \/>\n<script type=\"application\/ld+json\" class=\"yoast-schema-graph\">{\"@context\":\"https:\\\/\\\/schema.org\",\"@graph\":[{\"@type\":\"Article\",\"@id\":\"https:\\\/\\\/radioljubuski.ba\\\/index.php\\\/2021\\\/06\\\/22\\\/u-bugojnu-prije-rata-zivjelo-17-tisuca-hrvata-danas-ih-je-2500\\\/#article\",\"isPartOf\":{\"@id\":\"https:\\\/\\\/radioljubuski.ba\\\/index.php\\\/2021\\\/06\\\/22\\\/u-bugojnu-prije-rata-zivjelo-17-tisuca-hrvata-danas-ih-je-2500\\\/\"},\"author\":{\"name\":\"Radio Ljubu\u0161ki\",\"@id\":\"https:\\\/\\\/radioljubuski.ba\\\/#\\\/schema\\\/person\\\/19fc700381a780f69665d7956c469e3b\"},\"headline\":\"U Bugojnu prije rata \u017eivjelo 17 tisu\u0107a Hrvata, danas ih je 2500\",\"datePublished\":\"2021-06-21T23:16:06+00:00\",\"dateModified\":\"2021-06-21T23:16:07+00:00\",\"mainEntityOfPage\":{\"@id\":\"https:\\\/\\\/radioljubuski.ba\\\/index.php\\\/2021\\\/06\\\/22\\\/u-bugojnu-prije-rata-zivjelo-17-tisuca-hrvata-danas-ih-je-2500\\\/\"},\"wordCount\":619,\"publisher\":{\"@id\":\"https:\\\/\\\/radioljubuski.ba\\\/#organization\"},\"image\":{\"@id\":\"https:\\\/\\\/radioljubuski.ba\\\/index.php\\\/2021\\\/06\\\/22\\\/u-bugojnu-prije-rata-zivjelo-17-tisuca-hrvata-danas-ih-je-2500\\\/#primaryimage\"},\"thumbnailUrl\":\"https:\\\/\\\/radioljubuski.ba\\\/wp-content\\\/uploads\\\/2021\\\/06\\\/bugojno-ljeto-696x365-1.jpg\",\"articleSection\":[\"BIH i regija\"],\"inLanguage\":\"hr\"},{\"@type\":\"WebPage\",\"@id\":\"https:\\\/\\\/radioljubuski.ba\\\/index.php\\\/2021\\\/06\\\/22\\\/u-bugojnu-prije-rata-zivjelo-17-tisuca-hrvata-danas-ih-je-2500\\\/\",\"url\":\"https:\\\/\\\/radioljubuski.ba\\\/index.php\\\/2021\\\/06\\\/22\\\/u-bugojnu-prije-rata-zivjelo-17-tisuca-hrvata-danas-ih-je-2500\\\/\",\"name\":\"U Bugojnu prije rata \u017eivjelo 17 tisu\u0107a Hrvata, danas ih je 2500 - RADIO LJUBU\u0160KI\",\"isPartOf\":{\"@id\":\"https:\\\/\\\/radioljubuski.ba\\\/#website\"},\"primaryImageOfPage\":{\"@id\":\"https:\\\/\\\/radioljubuski.ba\\\/index.php\\\/2021\\\/06\\\/22\\\/u-bugojnu-prije-rata-zivjelo-17-tisuca-hrvata-danas-ih-je-2500\\\/#primaryimage\"},\"image\":{\"@id\":\"https:\\\/\\\/radioljubuski.ba\\\/index.php\\\/2021\\\/06\\\/22\\\/u-bugojnu-prije-rata-zivjelo-17-tisuca-hrvata-danas-ih-je-2500\\\/#primaryimage\"},\"thumbnailUrl\":\"https:\\\/\\\/radioljubuski.ba\\\/wp-content\\\/uploads\\\/2021\\\/06\\\/bugojno-ljeto-696x365-1.jpg\",\"datePublished\":\"2021-06-21T23:16:06+00:00\",\"dateModified\":\"2021-06-21T23:16:07+00:00\",\"breadcrumb\":{\"@id\":\"https:\\\/\\\/radioljubuski.ba\\\/index.php\\\/2021\\\/06\\\/22\\\/u-bugojnu-prije-rata-zivjelo-17-tisuca-hrvata-danas-ih-je-2500\\\/#breadcrumb\"},\"inLanguage\":\"hr\",\"potentialAction\":[{\"@type\":\"ReadAction\",\"target\":[\"https:\\\/\\\/radioljubuski.ba\\\/index.php\\\/2021\\\/06\\\/22\\\/u-bugojnu-prije-rata-zivjelo-17-tisuca-hrvata-danas-ih-je-2500\\\/\"]}]},{\"@type\":\"ImageObject\",\"inLanguage\":\"hr\",\"@id\":\"https:\\\/\\\/radioljubuski.ba\\\/index.php\\\/2021\\\/06\\\/22\\\/u-bugojnu-prije-rata-zivjelo-17-tisuca-hrvata-danas-ih-je-2500\\\/#primaryimage\",\"url\":\"https:\\\/\\\/radioljubuski.ba\\\/wp-content\\\/uploads\\\/2021\\\/06\\\/bugojno-ljeto-696x365-1.jpg\",\"contentUrl\":\"https:\\\/\\\/radioljubuski.ba\\\/wp-content\\\/uploads\\\/2021\\\/06\\\/bugojno-ljeto-696x365-1.jpg\",\"width\":696,\"height\":365},{\"@type\":\"BreadcrumbList\",\"@id\":\"https:\\\/\\\/radioljubuski.ba\\\/index.php\\\/2021\\\/06\\\/22\\\/u-bugojnu-prije-rata-zivjelo-17-tisuca-hrvata-danas-ih-je-2500\\\/#breadcrumb\",\"itemListElement\":[{\"@type\":\"ListItem\",\"position\":1,\"name\":\"Po\u010detna stranica\",\"item\":\"https:\\\/\\\/radioljubuski.ba\\\/\"},{\"@type\":\"ListItem\",\"position\":2,\"name\":\"U Bugojnu prije rata \u017eivjelo 17 tisu\u0107a Hrvata, danas ih je 2500\"}]},{\"@type\":\"WebSite\",\"@id\":\"https:\\\/\\\/radioljubuski.ba\\\/#website\",\"url\":\"https:\\\/\\\/radioljubuski.ba\\\/\",\"name\":\"Radio Ljubu\u0161ki\",\"description\":\"Sun\u010dana frekvencija Hercegovine\",\"publisher\":{\"@id\":\"https:\\\/\\\/radioljubuski.ba\\\/#organization\"},\"potentialAction\":[{\"@type\":\"SearchAction\",\"target\":{\"@type\":\"EntryPoint\",\"urlTemplate\":\"https:\\\/\\\/radioljubuski.ba\\\/?s={search_term_string}\"},\"query-input\":{\"@type\":\"PropertyValueSpecification\",\"valueRequired\":true,\"valueName\":\"search_term_string\"}}],\"inLanguage\":\"hr\"},{\"@type\":\"Organization\",\"@id\":\"https:\\\/\\\/radioljubuski.ba\\\/#organization\",\"name\":\"Radio Ljubu\u0161ki\",\"url\":\"https:\\\/\\\/radioljubuski.ba\\\/\",\"logo\":{\"@type\":\"ImageObject\",\"inLanguage\":\"hr\",\"@id\":\"https:\\\/\\\/radioljubuski.ba\\\/#\\\/schema\\\/logo\\\/image\\\/\",\"url\":\"https:\\\/\\\/radioljubuski.ba\\\/wp-content\\\/uploads\\\/2021\\\/02\\\/cropped-Radio_Ljubuski_logo1.jpg\",\"contentUrl\":\"https:\\\/\\\/radioljubuski.ba\\\/wp-content\\\/uploads\\\/2021\\\/02\\\/cropped-Radio_Ljubuski_logo1.jpg\",\"width\":512,\"height\":512,\"caption\":\"Radio Ljubu\u0161ki\"},\"image\":{\"@id\":\"https:\\\/\\\/radioljubuski.ba\\\/#\\\/schema\\\/logo\\\/image\\\/\"},\"sameAs\":[\"https:\\\/\\\/www.facebook.com\\\/Radiio-Ljubuski-1490835324566332\",\"https:\\\/\\\/x.com\\\/radioljubuski\",\"https:\\\/\\\/hr.linkedin.com\\\/company\\\/radio-ljubuski\",\"https:\\\/\\\/www.youtube.com\\\/channel\\\/UCHYaeO_n0Db3tjNGudGpXyw\"]},{\"@type\":\"Person\",\"@id\":\"https:\\\/\\\/radioljubuski.ba\\\/#\\\/schema\\\/person\\\/19fc700381a780f69665d7956c469e3b\",\"name\":\"Radio Ljubu\u0161ki\"}]}<\/script>\n<!-- \/ Yoast SEO plugin. -->","yoast_head_json":{"title":"U Bugojnu prije rata \u017eivjelo 17 tisu\u0107a Hrvata, danas ih je 2500 - RADIO LJUBU\u0160KI","robots":{"index":"index","follow":"follow","max-snippet":"max-snippet:-1","max-image-preview":"max-image-preview:large","max-video-preview":"max-video-preview:-1"},"canonical":"https:\/\/radioljubuski.ba\/index.php\/2021\/06\/22\/u-bugojnu-prije-rata-zivjelo-17-tisuca-hrvata-danas-ih-je-2500\/","og_locale":"hr_HR","og_type":"article","og_title":"U Bugojnu prije rata \u017eivjelo 17 tisu\u0107a Hrvata, danas ih je 2500 - RADIO LJUBU\u0160KI","og_description":"Lidija Bradara, predsjednica Kluba Hrvata u Domu naroda Parlamenta BiH, na nedavnoj je sjednici aktualnom ministru sigurnosti BiH ratnom zapovjedniku Operativne skupine Zapad Armije BiH Selmi Cikoti\u0107u postavila pitanje gdje su tijela nasilno odvedenih bugojanskih Hrvata koji se godinama vode kao nestali, pi\u0161e Ve\u010dernji list BiH. Susre\u0107u ubojice u gradu \u2013 U Bugojnu je prije [&hellip;]","og_url":"https:\/\/radioljubuski.ba\/index.php\/2021\/06\/22\/u-bugojnu-prije-rata-zivjelo-17-tisuca-hrvata-danas-ih-je-2500\/","og_site_name":"RADIO LJUBU\u0160KI","article_publisher":"https:\/\/www.facebook.com\/Radiio-Ljubuski-1490835324566332","article_published_time":"2021-06-21T23:16:06+00:00","article_modified_time":"2021-06-21T23:16:07+00:00","og_image":[{"width":696,"height":365,"url":"https:\/\/radioljubuski.ba\/wp-content\/uploads\/2021\/06\/bugojno-ljeto-696x365-1.jpg","type":"image\/jpeg"}],"author":"Radio Ljubu\u0161ki","twitter_card":"summary_large_image","twitter_creator":"@radioljubuski","twitter_site":"@radioljubuski","twitter_misc":{"Napisao\/la":"Radio Ljubu\u0161ki","Procijenjeno vrijeme \u010ditanja":"3 minute"},"schema":{"@context":"https:\/\/schema.org","@graph":[{"@type":"Article","@id":"https:\/\/radioljubuski.ba\/index.php\/2021\/06\/22\/u-bugojnu-prije-rata-zivjelo-17-tisuca-hrvata-danas-ih-je-2500\/#article","isPartOf":{"@id":"https:\/\/radioljubuski.ba\/index.php\/2021\/06\/22\/u-bugojnu-prije-rata-zivjelo-17-tisuca-hrvata-danas-ih-je-2500\/"},"author":{"name":"Radio Ljubu\u0161ki","@id":"https:\/\/radioljubuski.ba\/#\/schema\/person\/19fc700381a780f69665d7956c469e3b"},"headline":"U Bugojnu prije rata \u017eivjelo 17 tisu\u0107a Hrvata, danas ih je 2500","datePublished":"2021-06-21T23:16:06+00:00","dateModified":"2021-06-21T23:16:07+00:00","mainEntityOfPage":{"@id":"https:\/\/radioljubuski.ba\/index.php\/2021\/06\/22\/u-bugojnu-prije-rata-zivjelo-17-tisuca-hrvata-danas-ih-je-2500\/"},"wordCount":619,"publisher":{"@id":"https:\/\/radioljubuski.ba\/#organization"},"image":{"@id":"https:\/\/radioljubuski.ba\/index.php\/2021\/06\/22\/u-bugojnu-prije-rata-zivjelo-17-tisuca-hrvata-danas-ih-je-2500\/#primaryimage"},"thumbnailUrl":"https:\/\/radioljubuski.ba\/wp-content\/uploads\/2021\/06\/bugojno-ljeto-696x365-1.jpg","articleSection":["BIH i regija"],"inLanguage":"hr"},{"@type":"WebPage","@id":"https:\/\/radioljubuski.ba\/index.php\/2021\/06\/22\/u-bugojnu-prije-rata-zivjelo-17-tisuca-hrvata-danas-ih-je-2500\/","url":"https:\/\/radioljubuski.ba\/index.php\/2021\/06\/22\/u-bugojnu-prije-rata-zivjelo-17-tisuca-hrvata-danas-ih-je-2500\/","name":"U Bugojnu prije rata \u017eivjelo 17 tisu\u0107a Hrvata, danas ih je 2500 - RADIO LJUBU\u0160KI","isPartOf":{"@id":"https:\/\/radioljubuski.ba\/#website"},"primaryImageOfPage":{"@id":"https:\/\/radioljubuski.ba\/index.php\/2021\/06\/22\/u-bugojnu-prije-rata-zivjelo-17-tisuca-hrvata-danas-ih-je-2500\/#primaryimage"},"image":{"@id":"https:\/\/radioljubuski.ba\/index.php\/2021\/06\/22\/u-bugojnu-prije-rata-zivjelo-17-tisuca-hrvata-danas-ih-je-2500\/#primaryimage"},"thumbnailUrl":"https:\/\/radioljubuski.ba\/wp-content\/uploads\/2021\/06\/bugojno-ljeto-696x365-1.jpg","datePublished":"2021-06-21T23:16:06+00:00","dateModified":"2021-06-21T23:16:07+00:00","breadcrumb":{"@id":"https:\/\/radioljubuski.ba\/index.php\/2021\/06\/22\/u-bugojnu-prije-rata-zivjelo-17-tisuca-hrvata-danas-ih-je-2500\/#breadcrumb"},"inLanguage":"hr","potentialAction":[{"@type":"ReadAction","target":["https:\/\/radioljubuski.ba\/index.php\/2021\/06\/22\/u-bugojnu-prije-rata-zivjelo-17-tisuca-hrvata-danas-ih-je-2500\/"]}]},{"@type":"ImageObject","inLanguage":"hr","@id":"https:\/\/radioljubuski.ba\/index.php\/2021\/06\/22\/u-bugojnu-prije-rata-zivjelo-17-tisuca-hrvata-danas-ih-je-2500\/#primaryimage","url":"https:\/\/radioljubuski.ba\/wp-content\/uploads\/2021\/06\/bugojno-ljeto-696x365-1.jpg","contentUrl":"https:\/\/radioljubuski.ba\/wp-content\/uploads\/2021\/06\/bugojno-ljeto-696x365-1.jpg","width":696,"height":365},{"@type":"BreadcrumbList","@id":"https:\/\/radioljubuski.ba\/index.php\/2021\/06\/22\/u-bugojnu-prije-rata-zivjelo-17-tisuca-hrvata-danas-ih-je-2500\/#breadcrumb","itemListElement":[{"@type":"ListItem","position":1,"name":"Po\u010detna stranica","item":"https:\/\/radioljubuski.ba\/"},{"@type":"ListItem","position":2,"name":"U Bugojnu prije rata \u017eivjelo 17 tisu\u0107a Hrvata, danas ih je 2500"}]},{"@type":"WebSite","@id":"https:\/\/radioljubuski.ba\/#website","url":"https:\/\/radioljubuski.ba\/","name":"Radio Ljubu\u0161ki","description":"Sun\u010dana frekvencija Hercegovine","publisher":{"@id":"https:\/\/radioljubuski.ba\/#organization"},"potentialAction":[{"@type":"SearchAction","target":{"@type":"EntryPoint","urlTemplate":"https:\/\/radioljubuski.ba\/?s={search_term_string}"},"query-input":{"@type":"PropertyValueSpecification","valueRequired":true,"valueName":"search_term_string"}}],"inLanguage":"hr"},{"@type":"Organization","@id":"https:\/\/radioljubuski.ba\/#organization","name":"Radio Ljubu\u0161ki","url":"https:\/\/radioljubuski.ba\/","logo":{"@type":"ImageObject","inLanguage":"hr","@id":"https:\/\/radioljubuski.ba\/#\/schema\/logo\/image\/","url":"https:\/\/radioljubuski.ba\/wp-content\/uploads\/2021\/02\/cropped-Radio_Ljubuski_logo1.jpg","contentUrl":"https:\/\/radioljubuski.ba\/wp-content\/uploads\/2021\/02\/cropped-Radio_Ljubuski_logo1.jpg","width":512,"height":512,"caption":"Radio Ljubu\u0161ki"},"image":{"@id":"https:\/\/radioljubuski.ba\/#\/schema\/logo\/image\/"},"sameAs":["https:\/\/www.facebook.com\/Radiio-Ljubuski-1490835324566332","https:\/\/x.com\/radioljubuski","https:\/\/hr.linkedin.com\/company\/radio-ljubuski","https:\/\/www.youtube.com\/channel\/UCHYaeO_n0Db3tjNGudGpXyw"]},{"@type":"Person","@id":"https:\/\/radioljubuski.ba\/#\/schema\/person\/19fc700381a780f69665d7956c469e3b","name":"Radio Ljubu\u0161ki"}]}},"_links":{"self":[{"href":"https:\/\/radioljubuski.ba\/index.php\/wp-json\/wp\/v2\/posts\/34626","targetHints":{"allow":["GET"]}}],"collection":[{"href":"https:\/\/radioljubuski.ba\/index.php\/wp-json\/wp\/v2\/posts"}],"about":[{"href":"https:\/\/radioljubuski.ba\/index.php\/wp-json\/wp\/v2\/types\/post"}],"author":[{"embeddable":true,"href":"https:\/\/radioljubuski.ba\/index.php\/wp-json\/wp\/v2\/users\/2"}],"replies":[{"embeddable":true,"href":"https:\/\/radioljubuski.ba\/index.php\/wp-json\/wp\/v2\/comments?post=34626"}],"version-history":[{"count":1,"href":"https:\/\/radioljubuski.ba\/index.php\/wp-json\/wp\/v2\/posts\/34626\/revisions"}],"predecessor-version":[{"id":34628,"href":"https:\/\/radioljubuski.ba\/index.php\/wp-json\/wp\/v2\/posts\/34626\/revisions\/34628"}],"wp:featuredmedia":[{"embeddable":true,"href":"https:\/\/radioljubuski.ba\/index.php\/wp-json\/wp\/v2\/media\/34627"}],"wp:attachment":[{"href":"https:\/\/radioljubuski.ba\/index.php\/wp-json\/wp\/v2\/media?parent=34626"}],"wp:term":[{"taxonomy":"category","embeddable":true,"href":"https:\/\/radioljubuski.ba\/index.php\/wp-json\/wp\/v2\/categories?post=34626"},{"taxonomy":"post_tag","embeddable":true,"href":"https:\/\/radioljubuski.ba\/index.php\/wp-json\/wp\/v2\/tags?post=34626"}],"curies":[{"name":"wp","href":"https:\/\/api.w.org\/{rel}","templated":true}]}}