{"id":34632,"date":"2021-06-22T00:19:29","date_gmt":"2021-06-21T23:19:29","guid":{"rendered":"https:\/\/radioljubuski.ba\/?p=34632"},"modified":"2021-06-22T00:19:31","modified_gmt":"2021-06-21T23:19:31","slug":"cikotic-eliminira-kandidate-hrvatske-i-srpske-nacionalnosti-koji-su-mu-dostavljeni-na-prosljedivanje-vijecu-ministara","status":"publish","type":"post","link":"https:\/\/radioljubuski.ba\/index.php\/2021\/06\/22\/cikotic-eliminira-kandidate-hrvatske-i-srpske-nacionalnosti-koji-su-mu-dostavljeni-na-prosljedivanje-vijecu-ministara\/","title":{"rendered":"Cikoti\u0107 eliminira kandidate hrvatske i srpske nacionalnosti koji su mu dostavljeni na proslje\u0111ivanje Vije\u0107u ministara"},"content":{"rendered":"\n<p><strong>U srijedu \u0107e se na dnevnom redu sjednice Vije\u0107a ministara BiH, pored ostalog, na\u0107i i Prijedlog Odluke o izboru \u010dlanova Odbora za \u017ealbe policijskih slu\u017ebenika.<\/strong><\/p>\n\n\n\n<p>Ovo je \u017ealbeno tijelo policijske strukture Bosne i Hercegovine izuzetno bitno sa stajali\u0161ta profesionalizma i neovisnosti dr\u017eavnih policijskih agencija; odnosno Grani\u010dne policije BiH, SIPA-e i Ravnateljstva za koordinaciju policijskih tijela.<\/p>\n\n\n\n<p>Mjerodavnost Odbora za \u017ealbe policijskih slu\u017ebenika propisana je Zakonom o policijskim slu\u017ebenicima i Zakonom o nadzornim tijelima policijske strukture BiH.<\/p>\n\n\n\n<p>Ovim zakonima jasno je propisano da rukovoditelji dr\u017eavnih policijskih agencija predla\u017eu kandidate iz redova svojih agencija gdje predlo\u017eeni kandidati moraju ispunjavati zakonom propisane uvjete.<\/p>\n\n\n\n<p>Odbor za \u017ealbe policijskih slu\u017ebenika broji sedam \u010dlanova od kojih tri dolaze iz reda dr\u017eavnih slu\u017ebenika i to po jedan iz Ministarstva sigurnosti, Ministarstva pravde i Ministarstva za civilne poslove dok preostala \u010detiri \u010dlana dolaze iz reda policijskih slu\u017ebenika iz tri dr\u017eavne policijske agencije od kojih je Grani\u010dna policija BiH daleko najbrojnija dr\u017eavna policijska agencija.<\/p>\n\n\n\n<p>Dakle u Zakonom o nadzornim tijelima policijske strukture BiH propisanoj proceduri du\u017enost ministra sigurnosti je zaprimiti dostavljene prijedloge od \u010delnika policijskih agencija i proslijediti ih na izbor i imenovanje Vije\u0107u ministara BiH.<\/p>\n\n\n\n<p>No, kako doznaje Hrvatski Medijski Servis, ministar sigurnosti Selmo Cikoti\u0107 drasti\u010dno kr\u0161i zakonske odredbe i samovlasno vr\u0161i selekciju pristiglih prijedloga ravnatelja Dr\u017eavne agencije za istrage i za\u0161titu Darka \u0106uluma i prijedloga ravnatelja Grani\u010dne policije BiH Zorana Gali\u0107a, tako da eliminira kandidate odnosno policijske slu\u017ebenike srpske i hrvatske nacionalnosti koji su mu dostavljeni na proslje\u0111ivanje Vije\u0107u ministara BiH.<\/p>\n\n\n\n<p>Prekora\u010div\u0161i svoje slu\u017ebene ovlasti Selmo Cikoti\u0107 je u cilju ovladavanja izravno Odborom za \u017ealbe policijskih slu\u017ebenika a neizravno Grani\u010dnom policijom i SIPA-om, uz obilato kr\u0161enje zakona eliminirao one kandidate za koje je znao da jednostavno ne mogu potpasti pod njegov politi\u010dko-nacionalni utjecaj.<\/p>\n\n\n\n<p>Uz sve navedeno, Cikoti\u0107 se potrudio dodatno zakinuti i u ovom pogledu posebice Hrvate, tako da je za \u010dlanove Odbora za \u017ealbe policijskih slu\u017ebenika iz reda \u010detvorice policijskih slu\u017ebenika izostavio i jedinog Hrvata, (ina\u010de diplomiranog pravnika koji posjeduje izuzetno pravno znanje i iskustvo a i najvi\u0161i funkcionalni policijski \u010din Glavnog inspektora) kojeg je predlo\u017eila Grani\u010dna policija BIH.<\/p>\n\n\n\n<p>Da Cikoti\u0107ev voluntarizmu nema kraja dokazuju i njegove \u201eselektorske\u201c sposobnosti. Tako je umjesto dugogodi\u0161njeg iskusnog pravnika; dodu\u0161e Hrvata, u klasi\u010dno \u017ealbeno tijelo nominirao Samira Mirvi\u0107a koji je profesor tjelesnog odgoja.<\/p>\n\n\n\n<p>Dakle, pravno neuki DIF-ovac bi po Cikoti\u0107u trebao donositi rje\u0161enja i odlu\u010divati o pravima i du\u017enostima policijskih slu\u017ebenika, kojima ovakvim nedopustivim pristupom uskra\u0107uje temeljno pravo da o njihovim pravim odlu\u010duju pravno obrazovani stru\u010dnjaci, a ne gimnasti\u010dari ili pliva\u010di.<\/p>\n\n\n\n<figure class=\"wp-block-image\"><img decoding=\"async\" src=\"https:\/\/hms.ba\/wp-content\/uploads\/2021\/06\/selmin-prijedlog-1.jpg\" alt=\"\"\/><\/figure>\n\n\n\n<p>Koliko animoziteta gaji prema Hrvatima \u0161to je manje \u2013 vi\u0161e njegova konstanta jo\u0161 od ratnih zbivanja u Bugojnu, Cikoti\u0107 je dokazao i time \u0161to je u dostavljenom prijedlogu za imenovanje \u010dlanova Odbora za predsjednika ponovo predvidio Samira Rizvu dr\u017eavnog slu\u017ebenika koji je i u proteklom mandatu bio predsjednik a \u010diji je mandat obilje\u017eio \u010ditav niz kontroverzi pra\u0107enih brojnim predmetima Odbora koji su na sudu radi nekvalitetno ura\u0111enih rje\u0161enja masovno obarani a za \u0161to su iz dr\u017eavnog prora\u010duna ispla\u0107ena ogromna materijalna sredstva.<\/p>\n\n\n\n<p>Da su mu profesionalizam i kvaliteta rada Odbora za \u017ealbe policijskih slu\u017ebenika potpuno nebitni dokazao je i predlaganjem Samira Mirvi\u0107a koji je po struci profesor tjelesnog odgoja i koji bi tako pravno neuk trebao donositi rje\u0161enja i rje\u0161avati po \u017ealbama policijskih slu\u017ebenika \u0161to je potpuno nepristojno ako je i o Cikoti\u0107u rije\u010d.<\/p>\n\n\n\n<p>Uz to Cikoti\u0107 je zaboravio da su do njegovog dolaska na \u010delu nadzornih tijela policijske strukture uvijek bili po jedan Hrvat, Srbin i Bo\u0161njak.<\/p>\n\n\n\n<p>HMS podsje\u0107a zaboravnog ministra da su ve\u0107 imenovana preostala dva tijela policijske strukture odnosno Neovisni odbor na \u010dijem je \u010delu Enes Obralija i Odbor za \u017ealbe gra\u0111ana \u010dijim radom rukovodi Srbin Darko Buha, tako da predsjednik Odbora za \u017ealbe policijskih slu\u017ebenika jednostavno mora biti hrvatske nacionalnosti.<\/p>\n\n\n\n<p>Ovakvim nakaradnim postupanjem Cikoti\u0107a na prethodnim konzultacijama svoje neslaganje iznijeli su i predsjedatelj Vije\u0107a ministara BiH Zoran Tegeltija i dopredsjedatelj Vije\u0107a ministara BIH Vjekoslav Bevanda, tako da \u0107e, sasvim je to izvjesno, Selmina rukotvorina zavr\u0161iti samo tamo gdje joj je i mjesto a to je ko\u0161 za sme\u0107e.<\/p>\n\n\n\n<p>\/B. G.\/HMS\/<\/p>\n","protected":false},"excerpt":{"rendered":"<p>U srijedu \u0107e se na dnevnom redu sjednice Vije\u0107a ministara BiH, pored ostalog, na\u0107i i Prijedlog Odluke o izboru \u010dlanova Odbora za \u017ealbe policijskih slu\u017ebenika. Ovo je \u017ealbeno tijelo policijske strukture Bosne i Hercegovine izuzetno bitno sa stajali\u0161ta profesionalizma i neovisnosti dr\u017eavnih policijskih agencija; odnosno Grani\u010dne policije BiH, SIPA-e i Ravnateljstva za koordinaciju policijskih tijela. [&hellip;]<\/p>\n","protected":false},"author":2,"featured_media":34633,"comment_status":"closed","ping_status":"closed","sticky":false,"template":"","format":"standard","meta":{"h5ap_radio_sources":[],"footnotes":""},"categories":[1],"tags":[],"class_list":["post-34632","post","type-post","status-publish","format-standard","has-post-thumbnail","hentry","category-bihiregija"],"yoast_head":"<!-- This site is optimized with the Yoast SEO plugin v27.5 - https:\/\/yoast.com\/product\/yoast-seo-wordpress\/ -->\n<title>Cikoti\u0107 eliminira kandidate hrvatske i srpske nacionalnosti koji su mu dostavljeni na proslje\u0111ivanje Vije\u0107u ministara - RADIO LJUBU\u0160KI<\/title>\n<meta name=\"robots\" content=\"index, follow, max-snippet:-1, max-image-preview:large, max-video-preview:-1\" \/>\n<link rel=\"canonical\" href=\"https:\/\/radioljubuski.ba\/index.php\/2021\/06\/22\/cikotic-eliminira-kandidate-hrvatske-i-srpske-nacionalnosti-koji-su-mu-dostavljeni-na-prosljedivanje-vijecu-ministara\/\" \/>\n<meta property=\"og:locale\" content=\"hr_HR\" \/>\n<meta property=\"og:type\" content=\"article\" \/>\n<meta property=\"og:title\" content=\"Cikoti\u0107 eliminira kandidate hrvatske i srpske nacionalnosti koji su mu dostavljeni na proslje\u0111ivanje Vije\u0107u ministara - RADIO LJUBU\u0160KI\" \/>\n<meta property=\"og:description\" content=\"U srijedu \u0107e se na dnevnom redu sjednice Vije\u0107a ministara BiH, pored ostalog, na\u0107i i Prijedlog Odluke o izboru \u010dlanova Odbora za \u017ealbe policijskih slu\u017ebenika. Ovo je \u017ealbeno tijelo policijske strukture Bosne i Hercegovine izuzetno bitno sa stajali\u0161ta profesionalizma i neovisnosti dr\u017eavnih policijskih agencija; odnosno Grani\u010dne policije BiH, SIPA-e i Ravnateljstva za koordinaciju policijskih tijela. [&hellip;]\" \/>\n<meta property=\"og:url\" content=\"https:\/\/radioljubuski.ba\/index.php\/2021\/06\/22\/cikotic-eliminira-kandidate-hrvatske-i-srpske-nacionalnosti-koji-su-mu-dostavljeni-na-prosljedivanje-vijecu-ministara\/\" \/>\n<meta property=\"og:site_name\" content=\"RADIO LJUBU\u0160KI\" \/>\n<meta property=\"article:publisher\" content=\"https:\/\/www.facebook.com\/Radiio-Ljubuski-1490835324566332\" \/>\n<meta property=\"article:published_time\" content=\"2021-06-21T23:19:29+00:00\" \/>\n<meta property=\"article:modified_time\" content=\"2021-06-21T23:19:31+00:00\" \/>\n<meta property=\"og:image\" content=\"https:\/\/radioljubuski.ba\/wp-content\/uploads\/2021\/06\/selmo_cikotic_0-1068x730-1.jpg\" \/>\n\t<meta property=\"og:image:width\" content=\"1068\" \/>\n\t<meta property=\"og:image:height\" content=\"730\" \/>\n\t<meta property=\"og:image:type\" content=\"image\/jpeg\" \/>\n<meta name=\"author\" content=\"Radio Ljubu\u0161ki\" \/>\n<meta name=\"twitter:card\" content=\"summary_large_image\" \/>\n<meta name=\"twitter:creator\" content=\"@radioljubuski\" \/>\n<meta name=\"twitter:site\" content=\"@radioljubuski\" \/>\n<meta name=\"twitter:label1\" content=\"Napisao\/la\" \/>\n\t<meta name=\"twitter:data1\" content=\"Radio Ljubu\u0161ki\" \/>\n\t<meta name=\"twitter:label2\" content=\"Procijenjeno vrijeme \u010ditanja\" \/>\n\t<meta name=\"twitter:data2\" content=\"4 minute\" \/>\n<script type=\"application\/ld+json\" class=\"yoast-schema-graph\">{\"@context\":\"https:\\\/\\\/schema.org\",\"@graph\":[{\"@type\":\"Article\",\"@id\":\"https:\\\/\\\/radioljubuski.ba\\\/index.php\\\/2021\\\/06\\\/22\\\/cikotic-eliminira-kandidate-hrvatske-i-srpske-nacionalnosti-koji-su-mu-dostavljeni-na-prosljedivanje-vijecu-ministara\\\/#article\",\"isPartOf\":{\"@id\":\"https:\\\/\\\/radioljubuski.ba\\\/index.php\\\/2021\\\/06\\\/22\\\/cikotic-eliminira-kandidate-hrvatske-i-srpske-nacionalnosti-koji-su-mu-dostavljeni-na-prosljedivanje-vijecu-ministara\\\/\"},\"author\":{\"name\":\"Radio Ljubu\u0161ki\",\"@id\":\"https:\\\/\\\/radioljubuski.ba\\\/#\\\/schema\\\/person\\\/19fc700381a780f69665d7956c469e3b\"},\"headline\":\"Cikoti\u0107 eliminira kandidate hrvatske i srpske nacionalnosti koji su mu dostavljeni na proslje\u0111ivanje Vije\u0107u ministara\",\"datePublished\":\"2021-06-21T23:19:29+00:00\",\"dateModified\":\"2021-06-21T23:19:31+00:00\",\"mainEntityOfPage\":{\"@id\":\"https:\\\/\\\/radioljubuski.ba\\\/index.php\\\/2021\\\/06\\\/22\\\/cikotic-eliminira-kandidate-hrvatske-i-srpske-nacionalnosti-koji-su-mu-dostavljeni-na-prosljedivanje-vijecu-ministara\\\/\"},\"wordCount\":763,\"publisher\":{\"@id\":\"https:\\\/\\\/radioljubuski.ba\\\/#organization\"},\"image\":{\"@id\":\"https:\\\/\\\/radioljubuski.ba\\\/index.php\\\/2021\\\/06\\\/22\\\/cikotic-eliminira-kandidate-hrvatske-i-srpske-nacionalnosti-koji-su-mu-dostavljeni-na-prosljedivanje-vijecu-ministara\\\/#primaryimage\"},\"thumbnailUrl\":\"https:\\\/\\\/radioljubuski.ba\\\/wp-content\\\/uploads\\\/2021\\\/06\\\/selmo_cikotic_0-1068x730-1.jpg\",\"articleSection\":[\"BIH i regija\"],\"inLanguage\":\"hr\"},{\"@type\":\"WebPage\",\"@id\":\"https:\\\/\\\/radioljubuski.ba\\\/index.php\\\/2021\\\/06\\\/22\\\/cikotic-eliminira-kandidate-hrvatske-i-srpske-nacionalnosti-koji-su-mu-dostavljeni-na-prosljedivanje-vijecu-ministara\\\/\",\"url\":\"https:\\\/\\\/radioljubuski.ba\\\/index.php\\\/2021\\\/06\\\/22\\\/cikotic-eliminira-kandidate-hrvatske-i-srpske-nacionalnosti-koji-su-mu-dostavljeni-na-prosljedivanje-vijecu-ministara\\\/\",\"name\":\"Cikoti\u0107 eliminira kandidate hrvatske i srpske nacionalnosti koji su mu dostavljeni na proslje\u0111ivanje Vije\u0107u ministara - RADIO LJUBU\u0160KI\",\"isPartOf\":{\"@id\":\"https:\\\/\\\/radioljubuski.ba\\\/#website\"},\"primaryImageOfPage\":{\"@id\":\"https:\\\/\\\/radioljubuski.ba\\\/index.php\\\/2021\\\/06\\\/22\\\/cikotic-eliminira-kandidate-hrvatske-i-srpske-nacionalnosti-koji-su-mu-dostavljeni-na-prosljedivanje-vijecu-ministara\\\/#primaryimage\"},\"image\":{\"@id\":\"https:\\\/\\\/radioljubuski.ba\\\/index.php\\\/2021\\\/06\\\/22\\\/cikotic-eliminira-kandidate-hrvatske-i-srpske-nacionalnosti-koji-su-mu-dostavljeni-na-prosljedivanje-vijecu-ministara\\\/#primaryimage\"},\"thumbnailUrl\":\"https:\\\/\\\/radioljubuski.ba\\\/wp-content\\\/uploads\\\/2021\\\/06\\\/selmo_cikotic_0-1068x730-1.jpg\",\"datePublished\":\"2021-06-21T23:19:29+00:00\",\"dateModified\":\"2021-06-21T23:19:31+00:00\",\"breadcrumb\":{\"@id\":\"https:\\\/\\\/radioljubuski.ba\\\/index.php\\\/2021\\\/06\\\/22\\\/cikotic-eliminira-kandidate-hrvatske-i-srpske-nacionalnosti-koji-su-mu-dostavljeni-na-prosljedivanje-vijecu-ministara\\\/#breadcrumb\"},\"inLanguage\":\"hr\",\"potentialAction\":[{\"@type\":\"ReadAction\",\"target\":[\"https:\\\/\\\/radioljubuski.ba\\\/index.php\\\/2021\\\/06\\\/22\\\/cikotic-eliminira-kandidate-hrvatske-i-srpske-nacionalnosti-koji-su-mu-dostavljeni-na-prosljedivanje-vijecu-ministara\\\/\"]}]},{\"@type\":\"ImageObject\",\"inLanguage\":\"hr\",\"@id\":\"https:\\\/\\\/radioljubuski.ba\\\/index.php\\\/2021\\\/06\\\/22\\\/cikotic-eliminira-kandidate-hrvatske-i-srpske-nacionalnosti-koji-su-mu-dostavljeni-na-prosljedivanje-vijecu-ministara\\\/#primaryimage\",\"url\":\"https:\\\/\\\/radioljubuski.ba\\\/wp-content\\\/uploads\\\/2021\\\/06\\\/selmo_cikotic_0-1068x730-1.jpg\",\"contentUrl\":\"https:\\\/\\\/radioljubuski.ba\\\/wp-content\\\/uploads\\\/2021\\\/06\\\/selmo_cikotic_0-1068x730-1.jpg\",\"width\":1068,\"height\":730},{\"@type\":\"BreadcrumbList\",\"@id\":\"https:\\\/\\\/radioljubuski.ba\\\/index.php\\\/2021\\\/06\\\/22\\\/cikotic-eliminira-kandidate-hrvatske-i-srpske-nacionalnosti-koji-su-mu-dostavljeni-na-prosljedivanje-vijecu-ministara\\\/#breadcrumb\",\"itemListElement\":[{\"@type\":\"ListItem\",\"position\":1,\"name\":\"Po\u010detna stranica\",\"item\":\"https:\\\/\\\/radioljubuski.ba\\\/\"},{\"@type\":\"ListItem\",\"position\":2,\"name\":\"Cikoti\u0107 eliminira kandidate hrvatske i srpske nacionalnosti koji su mu dostavljeni na proslje\u0111ivanje Vije\u0107u ministara\"}]},{\"@type\":\"WebSite\",\"@id\":\"https:\\\/\\\/radioljubuski.ba\\\/#website\",\"url\":\"https:\\\/\\\/radioljubuski.ba\\\/\",\"name\":\"Radio Ljubu\u0161ki\",\"description\":\"Sun\u010dana frekvencija Hercegovine\",\"publisher\":{\"@id\":\"https:\\\/\\\/radioljubuski.ba\\\/#organization\"},\"potentialAction\":[{\"@type\":\"SearchAction\",\"target\":{\"@type\":\"EntryPoint\",\"urlTemplate\":\"https:\\\/\\\/radioljubuski.ba\\\/?s={search_term_string}\"},\"query-input\":{\"@type\":\"PropertyValueSpecification\",\"valueRequired\":true,\"valueName\":\"search_term_string\"}}],\"inLanguage\":\"hr\"},{\"@type\":\"Organization\",\"@id\":\"https:\\\/\\\/radioljubuski.ba\\\/#organization\",\"name\":\"Radio Ljubu\u0161ki\",\"url\":\"https:\\\/\\\/radioljubuski.ba\\\/\",\"logo\":{\"@type\":\"ImageObject\",\"inLanguage\":\"hr\",\"@id\":\"https:\\\/\\\/radioljubuski.ba\\\/#\\\/schema\\\/logo\\\/image\\\/\",\"url\":\"https:\\\/\\\/radioljubuski.ba\\\/wp-content\\\/uploads\\\/2021\\\/02\\\/cropped-Radio_Ljubuski_logo1.jpg\",\"contentUrl\":\"https:\\\/\\\/radioljubuski.ba\\\/wp-content\\\/uploads\\\/2021\\\/02\\\/cropped-Radio_Ljubuski_logo1.jpg\",\"width\":512,\"height\":512,\"caption\":\"Radio Ljubu\u0161ki\"},\"image\":{\"@id\":\"https:\\\/\\\/radioljubuski.ba\\\/#\\\/schema\\\/logo\\\/image\\\/\"},\"sameAs\":[\"https:\\\/\\\/www.facebook.com\\\/Radiio-Ljubuski-1490835324566332\",\"https:\\\/\\\/x.com\\\/radioljubuski\",\"https:\\\/\\\/hr.linkedin.com\\\/company\\\/radio-ljubuski\",\"https:\\\/\\\/www.youtube.com\\\/channel\\\/UCHYaeO_n0Db3tjNGudGpXyw\"]},{\"@type\":\"Person\",\"@id\":\"https:\\\/\\\/radioljubuski.ba\\\/#\\\/schema\\\/person\\\/19fc700381a780f69665d7956c469e3b\",\"name\":\"Radio Ljubu\u0161ki\"}]}<\/script>\n<!-- \/ Yoast SEO plugin. -->","yoast_head_json":{"title":"Cikoti\u0107 eliminira kandidate hrvatske i srpske nacionalnosti koji su mu dostavljeni na proslje\u0111ivanje Vije\u0107u ministara - RADIO LJUBU\u0160KI","robots":{"index":"index","follow":"follow","max-snippet":"max-snippet:-1","max-image-preview":"max-image-preview:large","max-video-preview":"max-video-preview:-1"},"canonical":"https:\/\/radioljubuski.ba\/index.php\/2021\/06\/22\/cikotic-eliminira-kandidate-hrvatske-i-srpske-nacionalnosti-koji-su-mu-dostavljeni-na-prosljedivanje-vijecu-ministara\/","og_locale":"hr_HR","og_type":"article","og_title":"Cikoti\u0107 eliminira kandidate hrvatske i srpske nacionalnosti koji su mu dostavljeni na proslje\u0111ivanje Vije\u0107u ministara - RADIO LJUBU\u0160KI","og_description":"U srijedu \u0107e se na dnevnom redu sjednice Vije\u0107a ministara BiH, pored ostalog, na\u0107i i Prijedlog Odluke o izboru \u010dlanova Odbora za \u017ealbe policijskih slu\u017ebenika. Ovo je \u017ealbeno tijelo policijske strukture Bosne i Hercegovine izuzetno bitno sa stajali\u0161ta profesionalizma i neovisnosti dr\u017eavnih policijskih agencija; odnosno Grani\u010dne policije BiH, SIPA-e i Ravnateljstva za koordinaciju policijskih tijela. [&hellip;]","og_url":"https:\/\/radioljubuski.ba\/index.php\/2021\/06\/22\/cikotic-eliminira-kandidate-hrvatske-i-srpske-nacionalnosti-koji-su-mu-dostavljeni-na-prosljedivanje-vijecu-ministara\/","og_site_name":"RADIO LJUBU\u0160KI","article_publisher":"https:\/\/www.facebook.com\/Radiio-Ljubuski-1490835324566332","article_published_time":"2021-06-21T23:19:29+00:00","article_modified_time":"2021-06-21T23:19:31+00:00","og_image":[{"width":1068,"height":730,"url":"https:\/\/radioljubuski.ba\/wp-content\/uploads\/2021\/06\/selmo_cikotic_0-1068x730-1.jpg","type":"image\/jpeg"}],"author":"Radio Ljubu\u0161ki","twitter_card":"summary_large_image","twitter_creator":"@radioljubuski","twitter_site":"@radioljubuski","twitter_misc":{"Napisao\/la":"Radio Ljubu\u0161ki","Procijenjeno vrijeme \u010ditanja":"4 minute"},"schema":{"@context":"https:\/\/schema.org","@graph":[{"@type":"Article","@id":"https:\/\/radioljubuski.ba\/index.php\/2021\/06\/22\/cikotic-eliminira-kandidate-hrvatske-i-srpske-nacionalnosti-koji-su-mu-dostavljeni-na-prosljedivanje-vijecu-ministara\/#article","isPartOf":{"@id":"https:\/\/radioljubuski.ba\/index.php\/2021\/06\/22\/cikotic-eliminira-kandidate-hrvatske-i-srpske-nacionalnosti-koji-su-mu-dostavljeni-na-prosljedivanje-vijecu-ministara\/"},"author":{"name":"Radio Ljubu\u0161ki","@id":"https:\/\/radioljubuski.ba\/#\/schema\/person\/19fc700381a780f69665d7956c469e3b"},"headline":"Cikoti\u0107 eliminira kandidate hrvatske i srpske nacionalnosti koji su mu dostavljeni na proslje\u0111ivanje Vije\u0107u ministara","datePublished":"2021-06-21T23:19:29+00:00","dateModified":"2021-06-21T23:19:31+00:00","mainEntityOfPage":{"@id":"https:\/\/radioljubuski.ba\/index.php\/2021\/06\/22\/cikotic-eliminira-kandidate-hrvatske-i-srpske-nacionalnosti-koji-su-mu-dostavljeni-na-prosljedivanje-vijecu-ministara\/"},"wordCount":763,"publisher":{"@id":"https:\/\/radioljubuski.ba\/#organization"},"image":{"@id":"https:\/\/radioljubuski.ba\/index.php\/2021\/06\/22\/cikotic-eliminira-kandidate-hrvatske-i-srpske-nacionalnosti-koji-su-mu-dostavljeni-na-prosljedivanje-vijecu-ministara\/#primaryimage"},"thumbnailUrl":"https:\/\/radioljubuski.ba\/wp-content\/uploads\/2021\/06\/selmo_cikotic_0-1068x730-1.jpg","articleSection":["BIH i regija"],"inLanguage":"hr"},{"@type":"WebPage","@id":"https:\/\/radioljubuski.ba\/index.php\/2021\/06\/22\/cikotic-eliminira-kandidate-hrvatske-i-srpske-nacionalnosti-koji-su-mu-dostavljeni-na-prosljedivanje-vijecu-ministara\/","url":"https:\/\/radioljubuski.ba\/index.php\/2021\/06\/22\/cikotic-eliminira-kandidate-hrvatske-i-srpske-nacionalnosti-koji-su-mu-dostavljeni-na-prosljedivanje-vijecu-ministara\/","name":"Cikoti\u0107 eliminira kandidate hrvatske i srpske nacionalnosti koji su mu dostavljeni na proslje\u0111ivanje Vije\u0107u ministara - RADIO LJUBU\u0160KI","isPartOf":{"@id":"https:\/\/radioljubuski.ba\/#website"},"primaryImageOfPage":{"@id":"https:\/\/radioljubuski.ba\/index.php\/2021\/06\/22\/cikotic-eliminira-kandidate-hrvatske-i-srpske-nacionalnosti-koji-su-mu-dostavljeni-na-prosljedivanje-vijecu-ministara\/#primaryimage"},"image":{"@id":"https:\/\/radioljubuski.ba\/index.php\/2021\/06\/22\/cikotic-eliminira-kandidate-hrvatske-i-srpske-nacionalnosti-koji-su-mu-dostavljeni-na-prosljedivanje-vijecu-ministara\/#primaryimage"},"thumbnailUrl":"https:\/\/radioljubuski.ba\/wp-content\/uploads\/2021\/06\/selmo_cikotic_0-1068x730-1.jpg","datePublished":"2021-06-21T23:19:29+00:00","dateModified":"2021-06-21T23:19:31+00:00","breadcrumb":{"@id":"https:\/\/radioljubuski.ba\/index.php\/2021\/06\/22\/cikotic-eliminira-kandidate-hrvatske-i-srpske-nacionalnosti-koji-su-mu-dostavljeni-na-prosljedivanje-vijecu-ministara\/#breadcrumb"},"inLanguage":"hr","potentialAction":[{"@type":"ReadAction","target":["https:\/\/radioljubuski.ba\/index.php\/2021\/06\/22\/cikotic-eliminira-kandidate-hrvatske-i-srpske-nacionalnosti-koji-su-mu-dostavljeni-na-prosljedivanje-vijecu-ministara\/"]}]},{"@type":"ImageObject","inLanguage":"hr","@id":"https:\/\/radioljubuski.ba\/index.php\/2021\/06\/22\/cikotic-eliminira-kandidate-hrvatske-i-srpske-nacionalnosti-koji-su-mu-dostavljeni-na-prosljedivanje-vijecu-ministara\/#primaryimage","url":"https:\/\/radioljubuski.ba\/wp-content\/uploads\/2021\/06\/selmo_cikotic_0-1068x730-1.jpg","contentUrl":"https:\/\/radioljubuski.ba\/wp-content\/uploads\/2021\/06\/selmo_cikotic_0-1068x730-1.jpg","width":1068,"height":730},{"@type":"BreadcrumbList","@id":"https:\/\/radioljubuski.ba\/index.php\/2021\/06\/22\/cikotic-eliminira-kandidate-hrvatske-i-srpske-nacionalnosti-koji-su-mu-dostavljeni-na-prosljedivanje-vijecu-ministara\/#breadcrumb","itemListElement":[{"@type":"ListItem","position":1,"name":"Po\u010detna stranica","item":"https:\/\/radioljubuski.ba\/"},{"@type":"ListItem","position":2,"name":"Cikoti\u0107 eliminira kandidate hrvatske i srpske nacionalnosti koji su mu dostavljeni na proslje\u0111ivanje Vije\u0107u ministara"}]},{"@type":"WebSite","@id":"https:\/\/radioljubuski.ba\/#website","url":"https:\/\/radioljubuski.ba\/","name":"Radio Ljubu\u0161ki","description":"Sun\u010dana frekvencija Hercegovine","publisher":{"@id":"https:\/\/radioljubuski.ba\/#organization"},"potentialAction":[{"@type":"SearchAction","target":{"@type":"EntryPoint","urlTemplate":"https:\/\/radioljubuski.ba\/?s={search_term_string}"},"query-input":{"@type":"PropertyValueSpecification","valueRequired":true,"valueName":"search_term_string"}}],"inLanguage":"hr"},{"@type":"Organization","@id":"https:\/\/radioljubuski.ba\/#organization","name":"Radio Ljubu\u0161ki","url":"https:\/\/radioljubuski.ba\/","logo":{"@type":"ImageObject","inLanguage":"hr","@id":"https:\/\/radioljubuski.ba\/#\/schema\/logo\/image\/","url":"https:\/\/radioljubuski.ba\/wp-content\/uploads\/2021\/02\/cropped-Radio_Ljubuski_logo1.jpg","contentUrl":"https:\/\/radioljubuski.ba\/wp-content\/uploads\/2021\/02\/cropped-Radio_Ljubuski_logo1.jpg","width":512,"height":512,"caption":"Radio Ljubu\u0161ki"},"image":{"@id":"https:\/\/radioljubuski.ba\/#\/schema\/logo\/image\/"},"sameAs":["https:\/\/www.facebook.com\/Radiio-Ljubuski-1490835324566332","https:\/\/x.com\/radioljubuski","https:\/\/hr.linkedin.com\/company\/radio-ljubuski","https:\/\/www.youtube.com\/channel\/UCHYaeO_n0Db3tjNGudGpXyw"]},{"@type":"Person","@id":"https:\/\/radioljubuski.ba\/#\/schema\/person\/19fc700381a780f69665d7956c469e3b","name":"Radio Ljubu\u0161ki"}]}},"_links":{"self":[{"href":"https:\/\/radioljubuski.ba\/index.php\/wp-json\/wp\/v2\/posts\/34632","targetHints":{"allow":["GET"]}}],"collection":[{"href":"https:\/\/radioljubuski.ba\/index.php\/wp-json\/wp\/v2\/posts"}],"about":[{"href":"https:\/\/radioljubuski.ba\/index.php\/wp-json\/wp\/v2\/types\/post"}],"author":[{"embeddable":true,"href":"https:\/\/radioljubuski.ba\/index.php\/wp-json\/wp\/v2\/users\/2"}],"replies":[{"embeddable":true,"href":"https:\/\/radioljubuski.ba\/index.php\/wp-json\/wp\/v2\/comments?post=34632"}],"version-history":[{"count":1,"href":"https:\/\/radioljubuski.ba\/index.php\/wp-json\/wp\/v2\/posts\/34632\/revisions"}],"predecessor-version":[{"id":34634,"href":"https:\/\/radioljubuski.ba\/index.php\/wp-json\/wp\/v2\/posts\/34632\/revisions\/34634"}],"wp:featuredmedia":[{"embeddable":true,"href":"https:\/\/radioljubuski.ba\/index.php\/wp-json\/wp\/v2\/media\/34633"}],"wp:attachment":[{"href":"https:\/\/radioljubuski.ba\/index.php\/wp-json\/wp\/v2\/media?parent=34632"}],"wp:term":[{"taxonomy":"category","embeddable":true,"href":"https:\/\/radioljubuski.ba\/index.php\/wp-json\/wp\/v2\/categories?post=34632"},{"taxonomy":"post_tag","embeddable":true,"href":"https:\/\/radioljubuski.ba\/index.php\/wp-json\/wp\/v2\/tags?post=34632"}],"curies":[{"name":"wp","href":"https:\/\/api.w.org\/{rel}","templated":true}]}}