{"id":34638,"date":"2021-06-22T00:22:10","date_gmt":"2021-06-21T23:22:10","guid":{"rendered":"https:\/\/radioljubuski.ba\/?p=34638"},"modified":"2021-06-22T00:22:14","modified_gmt":"2021-06-21T23:22:14","slug":"sad-ce-donirati-80-milijuna-doza-cjepiva-na-popisu-i-bih","status":"publish","type":"post","link":"https:\/\/radioljubuski.ba\/index.php\/2021\/06\/22\/sad-ce-donirati-80-milijuna-doza-cjepiva-na-popisu-i-bih\/","title":{"rendered":"SAD \u0107e donirati 80 milijuna doza cjepiva, na popisu i BiH"},"content":{"rendered":"\n<p><strong>Ameri\u010dka administracija objavila je popis za distribuciju 55 milijuna, od ukupno 80 milijuna doza cjepiva za koje se predsjednik Jozef Biden obvezao dodijeliti drugim zemljama do kraja lipnja. Cilj je globalno okon\u010danje pandemije, a na popisu za donaciju je i BiH.<\/strong><\/p>\n\n\n\n<p>\u201cDok se nastavljamo boriti protiv pandemije Covid-19 kod ku\u0107e i raditi na zaustavljanju pandemije \u0161irom svijeta, predsjednik Biden obe\u0107ao je da \u0107e Sjedinjene Dr\u017eave dati cjepiva za svijet. Dio tog plana je doniranje cjepiva iz na\u0161e doma\u0107e zalihe, a predsjednik je obe\u0107ao 80 milijuna doza koje \u0107e biti dodijeljene do kraja lipnja. Ranije ovog mjeseca, Uprava je objavila plan za prvih 25 milijuna doza koje smo zapo\u010deli s isporukom, a dana\u0161nja najava upotpunjava listu za preostalih 55 milijuna doza. Za sve ove doze treba dati prioritet onima koji su u riziku, poput zdravstvenih radnika, na osnovu nacionalnih planova cjepiva\u201d, priop\u0107eno je iz Bijele ku\u0107e.<\/p>\n\n\n\n<p>Pored podjele doza iz vlastite zalihe cjepiva, administracija joa Bidena i Kamale Harris tako\u0111er se zala\u017ee za suradnju s ameri\u010dkim proizvo\u0111a\u010dima kako bi proizveli vi\u0161e cjepiva za dijeljenje sa svijetom.<\/p>\n\n\n\n<p>\u201cU tu svrhu, prije sastanka G7, predsjednik Biden je najavio da \u0107e SAD kupiti pola milijarde doza Pfizera i donirati ih 92 dr\u017eave s niskim i ni\u017eim srednjim prihodima i \u010dlanicama Afri\u010dke unije. Ukupno, G7 + pristao je osigurati dodatnih vi\u0161e od jedne milijarde doza po\u010dev od ljeta 2021. Pored toga, SAD se zala\u017ee za pro\u0161irenje lokalne proizvodnje cjepiva, a kroz na\u0161e Quad partnerstvo i podr\u0161ku Me\u0111unarodne razvojne financijske korporacije za proizvodnju cjepiva, u Africi i Indiji \u0107e se proizvesti vi\u0161e od milijardu doza 2021. i 2022. Ova strategija cjepiva je vitalna komponenta na\u0161eg ukupnog globalnog napora da vodimo svijet u borbi za pobjedu nad Covidom-19 i postizanje globalne zdravstvene sigurnosti\u201d, obja\u0161njavaju iz Bijele ku\u0107e.<\/p>\n\n\n\n<p>Za ovih 80 miliijuna doza, SAD \u0107e podijeliti 75 posto putem Covax mehanizma, a 25 posto \u0107e biti usmjereno na pomo\u0107 u rje\u0161avanju prenapona \u0161irom svijeta.<\/p>\n\n\n\n<p>\u201cNa\u0161i ciljevi su da se pove\u0107a globalna pokrivenost Covida-19 cjepljenjem, pripremiti se za prenaponske udare i dati prioritet zdravstvenim radnicima i ostalim ranjivim populacijama na osnovu podataka iz javnog zdravstva i priznate najbolje prakse, te pomo\u0107i na\u0161im susjedima i drugim zemljama u potrebi. I, kao \u0161to smo ranije rekli, Sjedinjene Dr\u017eave ne\u0107e koristiti svoje cjepivo da osiguraju usluge od drugih zemalja\u201d, navodi se u priop\u0107enju Bijele ku\u0107e.<\/p>\n\n\n\n<p>Plan raspodjele 55 milijuna doza<\/p>\n\n\n\n<p>Na osnovu ovog okvira i na \u010dekanju zakonskih i regulatornih odobrenja, plan raspodjele za ovih 55 milijuna doza bit \u0107e sljede\u0107i:<\/p>\n\n\n\n<p>Otprilike 41 milijun \u0107e se podijeliti putem Covax , na sljede\u0107i na\u010din:<\/p>\n\n\n\n<p>Otprilike 14 milijuna za Latinsku Ameriku i Karibe za sljede\u0107e: Brazil, Argentina, Kolumbija, Peru, Ekvador, Paragvaj, Bolivija, Urugvaj, Gvatemala, El Salvador, Honduras, Haiti i druge zemlje Karipske zajednice (CARICOM), Dominikanska Republika, Panama i Kostarika.<\/p>\n\n\n\n<p>Otprilike 16 milijuna za Aziju: Indija, Nepal, Banglade\u0161, Pakistan, \u0160ri Lanka, Afganistan, Maldivi, Butan, Filipini, Vijetnam, Indonezija, Tajland, Malezija, Laos, Papua Nova Gvineja, Tajvan, Kambod\u017ea i Tihe otoke.<\/p>\n\n\n\n<p>Otprilike 10 milijuna za Afriku treba podijeliti sa zemljama koje \u0107e biti odabrane u koordinaciji s Afri\u010dkom unijom.<\/p>\n\n\n\n<p>Otprilike 14 milijuna \u2013 ili 25% od ovih 55 milijuna cjepiva \u2013 podijelit \u0107e se s regionalnim prioritetima i drugim primateljima, kao \u0161to su: Kolumbija, Argentina, Haiti, druge zemlje CARICOM-a, Dominikanska Republika, Kostarika, Panama, Afganistan, Banglade\u0161, Pakistan, Filipini, Vijetnam, Indonezija, Ju\u017ena Afrika, Nigerija, Kenija, Gana, Kabo Verde, Egipat, Jordan, Irak, Jemen, Tunis, Oman, Zapadna obala i Gaza, Ukrajina, Kosovo, Gruzija, Moldavija i BiH.<\/p>\n\n\n\n<p>\u201cDijeljenje milijuna ameri\u010dkih cjepiva s drugim zemljama signalizira veliku posve\u0107enost ameri\u010dke vlade. Ba\u0161 kao \u0161to imamo u na\u0161em doma\u0107em odgovoru, kretat \u0107emo se \u0161to je br\u017ee mogu\u0107e, po\u0161tuju\u0107i regulatorne i zakonske zahtjeve SAD i zemlje doma\u0107ina, kako bismo olak\u0161ali siguran i siguran transport cjepiva preko me\u0111unarodnih granica. Za to \u0107e trebati vremena, ali predsjednik je nalo\u017eio administraciji da koristi sve mogu\u0107nosti ameri\u010dke vlade kako bi za\u0161titila pojedince od ovog virusa \u0161to je br\u017ee mogu\u0107e. Odre\u0111ena cjepiva i koli\u010dine odre\u0111ivat \u0107e se i dijeliti dok uprava bude radila kroz logisti\u010dke, regulatorne i druge parametre specifi\u010dne za svaku regiju i zemlju\u201d, zaklju\u010duju iz Bijele ku\u0107e.<\/p>\n\n\n\n<p>\/HMS\/<\/p>\n","protected":false},"excerpt":{"rendered":"<p>Ameri\u010dka administracija objavila je popis za distribuciju 55 milijuna, od ukupno 80 milijuna doza cjepiva za koje se predsjednik Jozef Biden obvezao dodijeliti drugim zemljama do kraja lipnja. Cilj je globalno okon\u010danje pandemije, a na popisu za donaciju je i BiH. \u201cDok se nastavljamo boriti protiv pandemije Covid-19 kod ku\u0107e i raditi na zaustavljanju pandemije [&hellip;]<\/p>\n","protected":false},"author":2,"featured_media":34639,"comment_status":"closed","ping_status":"closed","sticky":false,"template":"","format":"standard","meta":{"h5ap_radio_sources":[],"footnotes":""},"categories":[1],"tags":[],"class_list":["post-34638","post","type-post","status-publish","format-standard","has-post-thumbnail","hentry","category-bihiregija"],"yoast_head":"<!-- This site is optimized with the Yoast SEO plugin v27.5 - https:\/\/yoast.com\/product\/yoast-seo-wordpress\/ -->\n<title>SAD \u0107e donirati 80 milijuna doza cjepiva, na popisu i BiH - RADIO LJUBU\u0160KI<\/title>\n<meta name=\"robots\" content=\"index, follow, max-snippet:-1, max-image-preview:large, max-video-preview:-1\" \/>\n<link rel=\"canonical\" href=\"https:\/\/radioljubuski.ba\/index.php\/2021\/06\/22\/sad-ce-donirati-80-milijuna-doza-cjepiva-na-popisu-i-bih\/\" \/>\n<meta property=\"og:locale\" content=\"hr_HR\" \/>\n<meta property=\"og:type\" content=\"article\" \/>\n<meta property=\"og:title\" content=\"SAD \u0107e donirati 80 milijuna doza cjepiva, na popisu i BiH - RADIO LJUBU\u0160KI\" \/>\n<meta property=\"og:description\" content=\"Ameri\u010dka administracija objavila je popis za distribuciju 55 milijuna, od ukupno 80 milijuna doza cjepiva za koje se predsjednik Jozef Biden obvezao dodijeliti drugim zemljama do kraja lipnja. Cilj je globalno okon\u010danje pandemije, a na popisu za donaciju je i BiH. \u201cDok se nastavljamo boriti protiv pandemije Covid-19 kod ku\u0107e i raditi na zaustavljanju pandemije [&hellip;]\" \/>\n<meta property=\"og:url\" content=\"https:\/\/radioljubuski.ba\/index.php\/2021\/06\/22\/sad-ce-donirati-80-milijuna-doza-cjepiva-na-popisu-i-bih\/\" \/>\n<meta property=\"og:site_name\" content=\"RADIO LJUBU\u0160KI\" \/>\n<meta property=\"article:publisher\" content=\"https:\/\/www.facebook.com\/Radiio-Ljubuski-1490835324566332\" \/>\n<meta property=\"article:published_time\" content=\"2021-06-21T23:22:10+00:00\" \/>\n<meta property=\"article:modified_time\" content=\"2021-06-21T23:22:14+00:00\" \/>\n<meta property=\"og:image\" content=\"https:\/\/radioljubuski.ba\/wp-content\/uploads\/2021\/06\/joe-biden-1.jpg\" \/>\n\t<meta property=\"og:image:width\" content=\"660\" \/>\n\t<meta property=\"og:image:height\" content=\"330\" \/>\n\t<meta property=\"og:image:type\" content=\"image\/jpeg\" \/>\n<meta name=\"author\" content=\"Radio Ljubu\u0161ki\" \/>\n<meta name=\"twitter:card\" content=\"summary_large_image\" \/>\n<meta name=\"twitter:creator\" content=\"@radioljubuski\" \/>\n<meta name=\"twitter:site\" content=\"@radioljubuski\" \/>\n<meta name=\"twitter:label1\" content=\"Napisao\/la\" \/>\n\t<meta name=\"twitter:data1\" content=\"Radio Ljubu\u0161ki\" \/>\n\t<meta name=\"twitter:label2\" content=\"Procijenjeno vrijeme \u010ditanja\" \/>\n\t<meta name=\"twitter:data2\" content=\"3 minute\" \/>\n<script type=\"application\/ld+json\" class=\"yoast-schema-graph\">{\"@context\":\"https:\\\/\\\/schema.org\",\"@graph\":[{\"@type\":\"Article\",\"@id\":\"https:\\\/\\\/radioljubuski.ba\\\/index.php\\\/2021\\\/06\\\/22\\\/sad-ce-donirati-80-milijuna-doza-cjepiva-na-popisu-i-bih\\\/#article\",\"isPartOf\":{\"@id\":\"https:\\\/\\\/radioljubuski.ba\\\/index.php\\\/2021\\\/06\\\/22\\\/sad-ce-donirati-80-milijuna-doza-cjepiva-na-popisu-i-bih\\\/\"},\"author\":{\"name\":\"Radio Ljubu\u0161ki\",\"@id\":\"https:\\\/\\\/radioljubuski.ba\\\/#\\\/schema\\\/person\\\/19fc700381a780f69665d7956c469e3b\"},\"headline\":\"SAD \u0107e donirati 80 milijuna doza cjepiva, na popisu i BiH\",\"datePublished\":\"2021-06-21T23:22:10+00:00\",\"dateModified\":\"2021-06-21T23:22:14+00:00\",\"mainEntityOfPage\":{\"@id\":\"https:\\\/\\\/radioljubuski.ba\\\/index.php\\\/2021\\\/06\\\/22\\\/sad-ce-donirati-80-milijuna-doza-cjepiva-na-popisu-i-bih\\\/\"},\"wordCount\":726,\"publisher\":{\"@id\":\"https:\\\/\\\/radioljubuski.ba\\\/#organization\"},\"image\":{\"@id\":\"https:\\\/\\\/radioljubuski.ba\\\/index.php\\\/2021\\\/06\\\/22\\\/sad-ce-donirati-80-milijuna-doza-cjepiva-na-popisu-i-bih\\\/#primaryimage\"},\"thumbnailUrl\":\"https:\\\/\\\/radioljubuski.ba\\\/wp-content\\\/uploads\\\/2021\\\/06\\\/joe-biden-1.jpg\",\"articleSection\":[\"BIH i regija\"],\"inLanguage\":\"hr\"},{\"@type\":\"WebPage\",\"@id\":\"https:\\\/\\\/radioljubuski.ba\\\/index.php\\\/2021\\\/06\\\/22\\\/sad-ce-donirati-80-milijuna-doza-cjepiva-na-popisu-i-bih\\\/\",\"url\":\"https:\\\/\\\/radioljubuski.ba\\\/index.php\\\/2021\\\/06\\\/22\\\/sad-ce-donirati-80-milijuna-doza-cjepiva-na-popisu-i-bih\\\/\",\"name\":\"SAD \u0107e donirati 80 milijuna doza cjepiva, na popisu i BiH - RADIO LJUBU\u0160KI\",\"isPartOf\":{\"@id\":\"https:\\\/\\\/radioljubuski.ba\\\/#website\"},\"primaryImageOfPage\":{\"@id\":\"https:\\\/\\\/radioljubuski.ba\\\/index.php\\\/2021\\\/06\\\/22\\\/sad-ce-donirati-80-milijuna-doza-cjepiva-na-popisu-i-bih\\\/#primaryimage\"},\"image\":{\"@id\":\"https:\\\/\\\/radioljubuski.ba\\\/index.php\\\/2021\\\/06\\\/22\\\/sad-ce-donirati-80-milijuna-doza-cjepiva-na-popisu-i-bih\\\/#primaryimage\"},\"thumbnailUrl\":\"https:\\\/\\\/radioljubuski.ba\\\/wp-content\\\/uploads\\\/2021\\\/06\\\/joe-biden-1.jpg\",\"datePublished\":\"2021-06-21T23:22:10+00:00\",\"dateModified\":\"2021-06-21T23:22:14+00:00\",\"breadcrumb\":{\"@id\":\"https:\\\/\\\/radioljubuski.ba\\\/index.php\\\/2021\\\/06\\\/22\\\/sad-ce-donirati-80-milijuna-doza-cjepiva-na-popisu-i-bih\\\/#breadcrumb\"},\"inLanguage\":\"hr\",\"potentialAction\":[{\"@type\":\"ReadAction\",\"target\":[\"https:\\\/\\\/radioljubuski.ba\\\/index.php\\\/2021\\\/06\\\/22\\\/sad-ce-donirati-80-milijuna-doza-cjepiva-na-popisu-i-bih\\\/\"]}]},{\"@type\":\"ImageObject\",\"inLanguage\":\"hr\",\"@id\":\"https:\\\/\\\/radioljubuski.ba\\\/index.php\\\/2021\\\/06\\\/22\\\/sad-ce-donirati-80-milijuna-doza-cjepiva-na-popisu-i-bih\\\/#primaryimage\",\"url\":\"https:\\\/\\\/radioljubuski.ba\\\/wp-content\\\/uploads\\\/2021\\\/06\\\/joe-biden-1.jpg\",\"contentUrl\":\"https:\\\/\\\/radioljubuski.ba\\\/wp-content\\\/uploads\\\/2021\\\/06\\\/joe-biden-1.jpg\",\"width\":660,\"height\":330},{\"@type\":\"BreadcrumbList\",\"@id\":\"https:\\\/\\\/radioljubuski.ba\\\/index.php\\\/2021\\\/06\\\/22\\\/sad-ce-donirati-80-milijuna-doza-cjepiva-na-popisu-i-bih\\\/#breadcrumb\",\"itemListElement\":[{\"@type\":\"ListItem\",\"position\":1,\"name\":\"Po\u010detna stranica\",\"item\":\"https:\\\/\\\/radioljubuski.ba\\\/\"},{\"@type\":\"ListItem\",\"position\":2,\"name\":\"SAD \u0107e donirati 80 milijuna doza cjepiva, na popisu i BiH\"}]},{\"@type\":\"WebSite\",\"@id\":\"https:\\\/\\\/radioljubuski.ba\\\/#website\",\"url\":\"https:\\\/\\\/radioljubuski.ba\\\/\",\"name\":\"Radio Ljubu\u0161ki\",\"description\":\"Sun\u010dana frekvencija Hercegovine\",\"publisher\":{\"@id\":\"https:\\\/\\\/radioljubuski.ba\\\/#organization\"},\"potentialAction\":[{\"@type\":\"SearchAction\",\"target\":{\"@type\":\"EntryPoint\",\"urlTemplate\":\"https:\\\/\\\/radioljubuski.ba\\\/?s={search_term_string}\"},\"query-input\":{\"@type\":\"PropertyValueSpecification\",\"valueRequired\":true,\"valueName\":\"search_term_string\"}}],\"inLanguage\":\"hr\"},{\"@type\":\"Organization\",\"@id\":\"https:\\\/\\\/radioljubuski.ba\\\/#organization\",\"name\":\"Radio Ljubu\u0161ki\",\"url\":\"https:\\\/\\\/radioljubuski.ba\\\/\",\"logo\":{\"@type\":\"ImageObject\",\"inLanguage\":\"hr\",\"@id\":\"https:\\\/\\\/radioljubuski.ba\\\/#\\\/schema\\\/logo\\\/image\\\/\",\"url\":\"https:\\\/\\\/radioljubuski.ba\\\/wp-content\\\/uploads\\\/2021\\\/02\\\/cropped-Radio_Ljubuski_logo1.jpg\",\"contentUrl\":\"https:\\\/\\\/radioljubuski.ba\\\/wp-content\\\/uploads\\\/2021\\\/02\\\/cropped-Radio_Ljubuski_logo1.jpg\",\"width\":512,\"height\":512,\"caption\":\"Radio Ljubu\u0161ki\"},\"image\":{\"@id\":\"https:\\\/\\\/radioljubuski.ba\\\/#\\\/schema\\\/logo\\\/image\\\/\"},\"sameAs\":[\"https:\\\/\\\/www.facebook.com\\\/Radiio-Ljubuski-1490835324566332\",\"https:\\\/\\\/x.com\\\/radioljubuski\",\"https:\\\/\\\/hr.linkedin.com\\\/company\\\/radio-ljubuski\",\"https:\\\/\\\/www.youtube.com\\\/channel\\\/UCHYaeO_n0Db3tjNGudGpXyw\"]},{\"@type\":\"Person\",\"@id\":\"https:\\\/\\\/radioljubuski.ba\\\/#\\\/schema\\\/person\\\/19fc700381a780f69665d7956c469e3b\",\"name\":\"Radio Ljubu\u0161ki\"}]}<\/script>\n<!-- \/ Yoast SEO plugin. -->","yoast_head_json":{"title":"SAD \u0107e donirati 80 milijuna doza cjepiva, na popisu i BiH - RADIO LJUBU\u0160KI","robots":{"index":"index","follow":"follow","max-snippet":"max-snippet:-1","max-image-preview":"max-image-preview:large","max-video-preview":"max-video-preview:-1"},"canonical":"https:\/\/radioljubuski.ba\/index.php\/2021\/06\/22\/sad-ce-donirati-80-milijuna-doza-cjepiva-na-popisu-i-bih\/","og_locale":"hr_HR","og_type":"article","og_title":"SAD \u0107e donirati 80 milijuna doza cjepiva, na popisu i BiH - RADIO LJUBU\u0160KI","og_description":"Ameri\u010dka administracija objavila je popis za distribuciju 55 milijuna, od ukupno 80 milijuna doza cjepiva za koje se predsjednik Jozef Biden obvezao dodijeliti drugim zemljama do kraja lipnja. Cilj je globalno okon\u010danje pandemije, a na popisu za donaciju je i BiH. \u201cDok se nastavljamo boriti protiv pandemije Covid-19 kod ku\u0107e i raditi na zaustavljanju pandemije [&hellip;]","og_url":"https:\/\/radioljubuski.ba\/index.php\/2021\/06\/22\/sad-ce-donirati-80-milijuna-doza-cjepiva-na-popisu-i-bih\/","og_site_name":"RADIO LJUBU\u0160KI","article_publisher":"https:\/\/www.facebook.com\/Radiio-Ljubuski-1490835324566332","article_published_time":"2021-06-21T23:22:10+00:00","article_modified_time":"2021-06-21T23:22:14+00:00","og_image":[{"width":660,"height":330,"url":"https:\/\/radioljubuski.ba\/wp-content\/uploads\/2021\/06\/joe-biden-1.jpg","type":"image\/jpeg"}],"author":"Radio Ljubu\u0161ki","twitter_card":"summary_large_image","twitter_creator":"@radioljubuski","twitter_site":"@radioljubuski","twitter_misc":{"Napisao\/la":"Radio Ljubu\u0161ki","Procijenjeno vrijeme \u010ditanja":"3 minute"},"schema":{"@context":"https:\/\/schema.org","@graph":[{"@type":"Article","@id":"https:\/\/radioljubuski.ba\/index.php\/2021\/06\/22\/sad-ce-donirati-80-milijuna-doza-cjepiva-na-popisu-i-bih\/#article","isPartOf":{"@id":"https:\/\/radioljubuski.ba\/index.php\/2021\/06\/22\/sad-ce-donirati-80-milijuna-doza-cjepiva-na-popisu-i-bih\/"},"author":{"name":"Radio Ljubu\u0161ki","@id":"https:\/\/radioljubuski.ba\/#\/schema\/person\/19fc700381a780f69665d7956c469e3b"},"headline":"SAD \u0107e donirati 80 milijuna doza cjepiva, na popisu i BiH","datePublished":"2021-06-21T23:22:10+00:00","dateModified":"2021-06-21T23:22:14+00:00","mainEntityOfPage":{"@id":"https:\/\/radioljubuski.ba\/index.php\/2021\/06\/22\/sad-ce-donirati-80-milijuna-doza-cjepiva-na-popisu-i-bih\/"},"wordCount":726,"publisher":{"@id":"https:\/\/radioljubuski.ba\/#organization"},"image":{"@id":"https:\/\/radioljubuski.ba\/index.php\/2021\/06\/22\/sad-ce-donirati-80-milijuna-doza-cjepiva-na-popisu-i-bih\/#primaryimage"},"thumbnailUrl":"https:\/\/radioljubuski.ba\/wp-content\/uploads\/2021\/06\/joe-biden-1.jpg","articleSection":["BIH i regija"],"inLanguage":"hr"},{"@type":"WebPage","@id":"https:\/\/radioljubuski.ba\/index.php\/2021\/06\/22\/sad-ce-donirati-80-milijuna-doza-cjepiva-na-popisu-i-bih\/","url":"https:\/\/radioljubuski.ba\/index.php\/2021\/06\/22\/sad-ce-donirati-80-milijuna-doza-cjepiva-na-popisu-i-bih\/","name":"SAD \u0107e donirati 80 milijuna doza cjepiva, na popisu i BiH - RADIO LJUBU\u0160KI","isPartOf":{"@id":"https:\/\/radioljubuski.ba\/#website"},"primaryImageOfPage":{"@id":"https:\/\/radioljubuski.ba\/index.php\/2021\/06\/22\/sad-ce-donirati-80-milijuna-doza-cjepiva-na-popisu-i-bih\/#primaryimage"},"image":{"@id":"https:\/\/radioljubuski.ba\/index.php\/2021\/06\/22\/sad-ce-donirati-80-milijuna-doza-cjepiva-na-popisu-i-bih\/#primaryimage"},"thumbnailUrl":"https:\/\/radioljubuski.ba\/wp-content\/uploads\/2021\/06\/joe-biden-1.jpg","datePublished":"2021-06-21T23:22:10+00:00","dateModified":"2021-06-21T23:22:14+00:00","breadcrumb":{"@id":"https:\/\/radioljubuski.ba\/index.php\/2021\/06\/22\/sad-ce-donirati-80-milijuna-doza-cjepiva-na-popisu-i-bih\/#breadcrumb"},"inLanguage":"hr","potentialAction":[{"@type":"ReadAction","target":["https:\/\/radioljubuski.ba\/index.php\/2021\/06\/22\/sad-ce-donirati-80-milijuna-doza-cjepiva-na-popisu-i-bih\/"]}]},{"@type":"ImageObject","inLanguage":"hr","@id":"https:\/\/radioljubuski.ba\/index.php\/2021\/06\/22\/sad-ce-donirati-80-milijuna-doza-cjepiva-na-popisu-i-bih\/#primaryimage","url":"https:\/\/radioljubuski.ba\/wp-content\/uploads\/2021\/06\/joe-biden-1.jpg","contentUrl":"https:\/\/radioljubuski.ba\/wp-content\/uploads\/2021\/06\/joe-biden-1.jpg","width":660,"height":330},{"@type":"BreadcrumbList","@id":"https:\/\/radioljubuski.ba\/index.php\/2021\/06\/22\/sad-ce-donirati-80-milijuna-doza-cjepiva-na-popisu-i-bih\/#breadcrumb","itemListElement":[{"@type":"ListItem","position":1,"name":"Po\u010detna stranica","item":"https:\/\/radioljubuski.ba\/"},{"@type":"ListItem","position":2,"name":"SAD \u0107e donirati 80 milijuna doza cjepiva, na popisu i BiH"}]},{"@type":"WebSite","@id":"https:\/\/radioljubuski.ba\/#website","url":"https:\/\/radioljubuski.ba\/","name":"Radio Ljubu\u0161ki","description":"Sun\u010dana frekvencija Hercegovine","publisher":{"@id":"https:\/\/radioljubuski.ba\/#organization"},"potentialAction":[{"@type":"SearchAction","target":{"@type":"EntryPoint","urlTemplate":"https:\/\/radioljubuski.ba\/?s={search_term_string}"},"query-input":{"@type":"PropertyValueSpecification","valueRequired":true,"valueName":"search_term_string"}}],"inLanguage":"hr"},{"@type":"Organization","@id":"https:\/\/radioljubuski.ba\/#organization","name":"Radio Ljubu\u0161ki","url":"https:\/\/radioljubuski.ba\/","logo":{"@type":"ImageObject","inLanguage":"hr","@id":"https:\/\/radioljubuski.ba\/#\/schema\/logo\/image\/","url":"https:\/\/radioljubuski.ba\/wp-content\/uploads\/2021\/02\/cropped-Radio_Ljubuski_logo1.jpg","contentUrl":"https:\/\/radioljubuski.ba\/wp-content\/uploads\/2021\/02\/cropped-Radio_Ljubuski_logo1.jpg","width":512,"height":512,"caption":"Radio Ljubu\u0161ki"},"image":{"@id":"https:\/\/radioljubuski.ba\/#\/schema\/logo\/image\/"},"sameAs":["https:\/\/www.facebook.com\/Radiio-Ljubuski-1490835324566332","https:\/\/x.com\/radioljubuski","https:\/\/hr.linkedin.com\/company\/radio-ljubuski","https:\/\/www.youtube.com\/channel\/UCHYaeO_n0Db3tjNGudGpXyw"]},{"@type":"Person","@id":"https:\/\/radioljubuski.ba\/#\/schema\/person\/19fc700381a780f69665d7956c469e3b","name":"Radio Ljubu\u0161ki"}]}},"_links":{"self":[{"href":"https:\/\/radioljubuski.ba\/index.php\/wp-json\/wp\/v2\/posts\/34638","targetHints":{"allow":["GET"]}}],"collection":[{"href":"https:\/\/radioljubuski.ba\/index.php\/wp-json\/wp\/v2\/posts"}],"about":[{"href":"https:\/\/radioljubuski.ba\/index.php\/wp-json\/wp\/v2\/types\/post"}],"author":[{"embeddable":true,"href":"https:\/\/radioljubuski.ba\/index.php\/wp-json\/wp\/v2\/users\/2"}],"replies":[{"embeddable":true,"href":"https:\/\/radioljubuski.ba\/index.php\/wp-json\/wp\/v2\/comments?post=34638"}],"version-history":[{"count":1,"href":"https:\/\/radioljubuski.ba\/index.php\/wp-json\/wp\/v2\/posts\/34638\/revisions"}],"predecessor-version":[{"id":34640,"href":"https:\/\/radioljubuski.ba\/index.php\/wp-json\/wp\/v2\/posts\/34638\/revisions\/34640"}],"wp:featuredmedia":[{"embeddable":true,"href":"https:\/\/radioljubuski.ba\/index.php\/wp-json\/wp\/v2\/media\/34639"}],"wp:attachment":[{"href":"https:\/\/radioljubuski.ba\/index.php\/wp-json\/wp\/v2\/media?parent=34638"}],"wp:term":[{"taxonomy":"category","embeddable":true,"href":"https:\/\/radioljubuski.ba\/index.php\/wp-json\/wp\/v2\/categories?post=34638"},{"taxonomy":"post_tag","embeddable":true,"href":"https:\/\/radioljubuski.ba\/index.php\/wp-json\/wp\/v2\/tags?post=34638"}],"curies":[{"name":"wp","href":"https:\/\/api.w.org\/{rel}","templated":true}]}}