{"id":34676,"date":"2021-06-22T00:54:29","date_gmt":"2021-06-21T23:54:29","guid":{"rendered":"https:\/\/radioljubuski.ba\/?p=34676"},"modified":"2021-06-22T00:54:30","modified_gmt":"2021-06-21T23:54:30","slug":"novi-krug-sankcija-eu-a-protiv-bjelorusije","status":"publish","type":"post","link":"https:\/\/radioljubuski.ba\/index.php\/2021\/06\/22\/novi-krug-sankcija-eu-a-protiv-bjelorusije\/","title":{"rendered":"Novi krug sankcija EU-a protiv Bjelorusije"},"content":{"rendered":"\n<p>Ministri vanjskih poslova dr\u017eava \u010dlanica EU-a u ponedjeljak su uveli sankcije protiv 78 pojedinaca i osam pravnih osoba iz Bjelorusije zbog ozbiljnih kr\u0161enja ljudskih prava, represije prema civilnom dru\u0161tvu, demokratskoj oporbi i novinarima.<\/p>\n\n\n\n<p>Sedam osoba i jedan pravni subjekt na\u0161li su se na popisu sankcioniranih u vezi s prisilnim prizemljenjem Ryanairova zrakoplova, koji je 23. svibnja na letu iz Atene u Vilniusu bio prisiljen sletjeti u Minsk. Iz zrakoplova su zatim izvedeni te uhi\u0107eni novinar Roman Prota\u0161evi\u010d i njegova djevojka Sofia Sapega.<\/p>\n\n\n\n<p>Me\u0111u osobama protiv kojih su uvedene sankcija ima i nekoliko poznatih poslovnih ljudi koji podupiru re\u017eim Aleksandra Luka\u0161enka i imaju od njega koristi.<\/p>\n\n\n\n<p>\u201cStoga ove sankcije \u0161alju sna\u017ean signal prista\u0161ama re\u017eima da njihova potpora Aleksandru Luka\u0161enku ima znatnu cijenu\u201d, ka\u017ee Vije\u0107e EU u priop\u0107enju.<\/p>\n\n\n\n<p>EU nije sam u svom odgovoru na krizu u Bjelorusiji i da djeluje u suradnji sa svojim partnerima, dodaje se u tekstu.<\/p>\n\n\n\n<p>Ovo je \u010detvrti krug sankcija, a restriktivnim mjerama EU-a do sada je obuhva\u0107eno 166 osoba i 15 pravnih subjekata iz Bjelorusije.<\/p>\n\n\n\n<p>Mjere uklju\u010duju zamrzavanje njihove imovine u EU-u, a europskim gra\u0111anima i poduze\u0107ima zabranjeno je s njima poslovati i upla\u0107ivati im novac.<\/p>\n\n\n\n<p>Sankcioniranim pojedincima tako\u0111er je zabranjen ulazak i tranzit preko teritorija EU-a.<\/p>\n\n\n\n<p>Vije\u0107e je nakon prisilnog slijetanja Ryanairova zrakoplova, 4. lipnja zabranilo slijetanje i prelijetanje teritorija EU-a bjeloruskim zrakoplovima.<\/p>\n\n\n\n<p>Ministri vanjskih poslova EU-a podsje\u0107aju da je cilj ovih sankcija izvr\u0161iti pritisak na bjelorusko vodstvo da pokrene istinski i uklju\u010div dijalog s dru\u0161tvenom zajednicom te da izbjegne daljnju represiju.<\/p>\n\n\n\n<p>\u201cEU je spreman podr\u017eati mirnu, demokratsku tranziciju s nizom instrumenata, uklju\u010divo sveobuhvatni plan ekonomske pomo\u0107i za demokratsku Bjelorusiju. Spremni smo donijeti daljnje mjere i protiv drugih ekonomskih aktera ako se situacije u Bjelorusiji ne pobolj\u0161a\u201d, poru\u010duju ministri vanjskih poslova dr\u017eava \u010dlanica EU-a.<\/p>\n\n\n\n<p>Izvor:pogled.ba<\/p>\n","protected":false},"excerpt":{"rendered":"<p>Ministri vanjskih poslova dr\u017eava \u010dlanica EU-a u ponedjeljak su uveli sankcije protiv 78 pojedinaca i osam pravnih osoba iz Bjelorusije zbog ozbiljnih kr\u0161enja ljudskih prava, represije prema civilnom dru\u0161tvu, demokratskoj oporbi i novinarima. Sedam osoba i jedan pravni subjekt na\u0161li su se na popisu sankcioniranih u vezi s prisilnim prizemljenjem Ryanairova zrakoplova, koji je 23. [&hellip;]<\/p>\n","protected":false},"author":2,"featured_media":0,"comment_status":"closed","ping_status":"closed","sticky":false,"template":"","format":"standard","meta":{"h5ap_radio_sources":[],"footnotes":""},"categories":[1],"tags":[],"class_list":["post-34676","post","type-post","status-publish","format-standard","hentry","category-bihiregija"],"yoast_head":"<!-- This site is optimized with the Yoast SEO plugin v27.5 - https:\/\/yoast.com\/product\/yoast-seo-wordpress\/ -->\n<title>Novi krug sankcija EU-a protiv Bjelorusije - RADIO LJUBU\u0160KI<\/title>\n<meta name=\"robots\" content=\"index, follow, max-snippet:-1, max-image-preview:large, max-video-preview:-1\" \/>\n<link rel=\"canonical\" href=\"https:\/\/radioljubuski.ba\/index.php\/2021\/06\/22\/novi-krug-sankcija-eu-a-protiv-bjelorusije\/\" \/>\n<meta property=\"og:locale\" content=\"hr_HR\" \/>\n<meta property=\"og:type\" content=\"article\" \/>\n<meta property=\"og:title\" content=\"Novi krug sankcija EU-a protiv Bjelorusije - RADIO LJUBU\u0160KI\" \/>\n<meta property=\"og:description\" content=\"Ministri vanjskih poslova dr\u017eava \u010dlanica EU-a u ponedjeljak su uveli sankcije protiv 78 pojedinaca i osam pravnih osoba iz Bjelorusije zbog ozbiljnih kr\u0161enja ljudskih prava, represije prema civilnom dru\u0161tvu, demokratskoj oporbi i novinarima. Sedam osoba i jedan pravni subjekt na\u0161li su se na popisu sankcioniranih u vezi s prisilnim prizemljenjem Ryanairova zrakoplova, koji je 23. [&hellip;]\" \/>\n<meta property=\"og:url\" content=\"https:\/\/radioljubuski.ba\/index.php\/2021\/06\/22\/novi-krug-sankcija-eu-a-protiv-bjelorusije\/\" \/>\n<meta property=\"og:site_name\" content=\"RADIO LJUBU\u0160KI\" \/>\n<meta property=\"article:publisher\" content=\"https:\/\/www.facebook.com\/Radiio-Ljubuski-1490835324566332\" \/>\n<meta property=\"article:published_time\" content=\"2021-06-21T23:54:29+00:00\" \/>\n<meta property=\"article:modified_time\" content=\"2021-06-21T23:54:30+00:00\" \/>\n<meta property=\"og:image\" content=\"https:\/\/radioljubuski.ba\/wp-content\/uploads\/2021\/06\/9-2021-06-21-17-54-34-bjelorusija1.jpg\" \/>\n\t<meta property=\"og:image:width\" content=\"1000\" \/>\n\t<meta property=\"og:image:height\" content=\"625\" \/>\n\t<meta property=\"og:image:type\" content=\"image\/jpeg\" \/>\n<meta name=\"author\" content=\"Radio Ljubu\u0161ki\" \/>\n<meta name=\"twitter:card\" content=\"summary_large_image\" \/>\n<meta name=\"twitter:creator\" content=\"@radioljubuski\" \/>\n<meta name=\"twitter:site\" content=\"@radioljubuski\" \/>\n<meta name=\"twitter:label1\" content=\"Napisao\/la\" \/>\n\t<meta name=\"twitter:data1\" content=\"Radio Ljubu\u0161ki\" \/>\n\t<meta name=\"twitter:label2\" content=\"Procijenjeno vrijeme \u010ditanja\" \/>\n\t<meta name=\"twitter:data2\" content=\"2 minute\" \/>\n<script type=\"application\/ld+json\" class=\"yoast-schema-graph\">{\"@context\":\"https:\\\/\\\/schema.org\",\"@graph\":[{\"@type\":\"Article\",\"@id\":\"https:\\\/\\\/radioljubuski.ba\\\/index.php\\\/2021\\\/06\\\/22\\\/novi-krug-sankcija-eu-a-protiv-bjelorusije\\\/#article\",\"isPartOf\":{\"@id\":\"https:\\\/\\\/radioljubuski.ba\\\/index.php\\\/2021\\\/06\\\/22\\\/novi-krug-sankcija-eu-a-protiv-bjelorusije\\\/\"},\"author\":{\"name\":\"Radio Ljubu\u0161ki\",\"@id\":\"https:\\\/\\\/radioljubuski.ba\\\/#\\\/schema\\\/person\\\/19fc700381a780f69665d7956c469e3b\"},\"headline\":\"Novi krug sankcija EU-a protiv Bjelorusije\",\"datePublished\":\"2021-06-21T23:54:29+00:00\",\"dateModified\":\"2021-06-21T23:54:30+00:00\",\"mainEntityOfPage\":{\"@id\":\"https:\\\/\\\/radioljubuski.ba\\\/index.php\\\/2021\\\/06\\\/22\\\/novi-krug-sankcija-eu-a-protiv-bjelorusije\\\/\"},\"wordCount\":326,\"publisher\":{\"@id\":\"https:\\\/\\\/radioljubuski.ba\\\/#organization\"},\"articleSection\":[\"BIH i regija\"],\"inLanguage\":\"hr\"},{\"@type\":\"WebPage\",\"@id\":\"https:\\\/\\\/radioljubuski.ba\\\/index.php\\\/2021\\\/06\\\/22\\\/novi-krug-sankcija-eu-a-protiv-bjelorusije\\\/\",\"url\":\"https:\\\/\\\/radioljubuski.ba\\\/index.php\\\/2021\\\/06\\\/22\\\/novi-krug-sankcija-eu-a-protiv-bjelorusije\\\/\",\"name\":\"Novi krug sankcija EU-a protiv Bjelorusije - RADIO LJUBU\u0160KI\",\"isPartOf\":{\"@id\":\"https:\\\/\\\/radioljubuski.ba\\\/#website\"},\"datePublished\":\"2021-06-21T23:54:29+00:00\",\"dateModified\":\"2021-06-21T23:54:30+00:00\",\"breadcrumb\":{\"@id\":\"https:\\\/\\\/radioljubuski.ba\\\/index.php\\\/2021\\\/06\\\/22\\\/novi-krug-sankcija-eu-a-protiv-bjelorusije\\\/#breadcrumb\"},\"inLanguage\":\"hr\",\"potentialAction\":[{\"@type\":\"ReadAction\",\"target\":[\"https:\\\/\\\/radioljubuski.ba\\\/index.php\\\/2021\\\/06\\\/22\\\/novi-krug-sankcija-eu-a-protiv-bjelorusije\\\/\"]}]},{\"@type\":\"BreadcrumbList\",\"@id\":\"https:\\\/\\\/radioljubuski.ba\\\/index.php\\\/2021\\\/06\\\/22\\\/novi-krug-sankcija-eu-a-protiv-bjelorusije\\\/#breadcrumb\",\"itemListElement\":[{\"@type\":\"ListItem\",\"position\":1,\"name\":\"Po\u010detna stranica\",\"item\":\"https:\\\/\\\/radioljubuski.ba\\\/\"},{\"@type\":\"ListItem\",\"position\":2,\"name\":\"Novi krug sankcija EU-a protiv Bjelorusije\"}]},{\"@type\":\"WebSite\",\"@id\":\"https:\\\/\\\/radioljubuski.ba\\\/#website\",\"url\":\"https:\\\/\\\/radioljubuski.ba\\\/\",\"name\":\"Radio Ljubu\u0161ki\",\"description\":\"Sun\u010dana frekvencija Hercegovine\",\"publisher\":{\"@id\":\"https:\\\/\\\/radioljubuski.ba\\\/#organization\"},\"potentialAction\":[{\"@type\":\"SearchAction\",\"target\":{\"@type\":\"EntryPoint\",\"urlTemplate\":\"https:\\\/\\\/radioljubuski.ba\\\/?s={search_term_string}\"},\"query-input\":{\"@type\":\"PropertyValueSpecification\",\"valueRequired\":true,\"valueName\":\"search_term_string\"}}],\"inLanguage\":\"hr\"},{\"@type\":\"Organization\",\"@id\":\"https:\\\/\\\/radioljubuski.ba\\\/#organization\",\"name\":\"Radio Ljubu\u0161ki\",\"url\":\"https:\\\/\\\/radioljubuski.ba\\\/\",\"logo\":{\"@type\":\"ImageObject\",\"inLanguage\":\"hr\",\"@id\":\"https:\\\/\\\/radioljubuski.ba\\\/#\\\/schema\\\/logo\\\/image\\\/\",\"url\":\"https:\\\/\\\/radioljubuski.ba\\\/wp-content\\\/uploads\\\/2021\\\/02\\\/cropped-Radio_Ljubuski_logo1.jpg\",\"contentUrl\":\"https:\\\/\\\/radioljubuski.ba\\\/wp-content\\\/uploads\\\/2021\\\/02\\\/cropped-Radio_Ljubuski_logo1.jpg\",\"width\":512,\"height\":512,\"caption\":\"Radio Ljubu\u0161ki\"},\"image\":{\"@id\":\"https:\\\/\\\/radioljubuski.ba\\\/#\\\/schema\\\/logo\\\/image\\\/\"},\"sameAs\":[\"https:\\\/\\\/www.facebook.com\\\/Radiio-Ljubuski-1490835324566332\",\"https:\\\/\\\/x.com\\\/radioljubuski\",\"https:\\\/\\\/hr.linkedin.com\\\/company\\\/radio-ljubuski\",\"https:\\\/\\\/www.youtube.com\\\/channel\\\/UCHYaeO_n0Db3tjNGudGpXyw\"]},{\"@type\":\"Person\",\"@id\":\"https:\\\/\\\/radioljubuski.ba\\\/#\\\/schema\\\/person\\\/19fc700381a780f69665d7956c469e3b\",\"name\":\"Radio Ljubu\u0161ki\"}]}<\/script>\n<!-- \/ Yoast SEO plugin. -->","yoast_head_json":{"title":"Novi krug sankcija EU-a protiv Bjelorusije - RADIO LJUBU\u0160KI","robots":{"index":"index","follow":"follow","max-snippet":"max-snippet:-1","max-image-preview":"max-image-preview:large","max-video-preview":"max-video-preview:-1"},"canonical":"https:\/\/radioljubuski.ba\/index.php\/2021\/06\/22\/novi-krug-sankcija-eu-a-protiv-bjelorusije\/","og_locale":"hr_HR","og_type":"article","og_title":"Novi krug sankcija EU-a protiv Bjelorusije - RADIO LJUBU\u0160KI","og_description":"Ministri vanjskih poslova dr\u017eava \u010dlanica EU-a u ponedjeljak su uveli sankcije protiv 78 pojedinaca i osam pravnih osoba iz Bjelorusije zbog ozbiljnih kr\u0161enja ljudskih prava, represije prema civilnom dru\u0161tvu, demokratskoj oporbi i novinarima. Sedam osoba i jedan pravni subjekt na\u0161li su se na popisu sankcioniranih u vezi s prisilnim prizemljenjem Ryanairova zrakoplova, koji je 23. [&hellip;]","og_url":"https:\/\/radioljubuski.ba\/index.php\/2021\/06\/22\/novi-krug-sankcija-eu-a-protiv-bjelorusije\/","og_site_name":"RADIO LJUBU\u0160KI","article_publisher":"https:\/\/www.facebook.com\/Radiio-Ljubuski-1490835324566332","article_published_time":"2021-06-21T23:54:29+00:00","article_modified_time":"2021-06-21T23:54:30+00:00","og_image":[{"width":1000,"height":625,"url":"https:\/\/radioljubuski.ba\/wp-content\/uploads\/2021\/06\/9-2021-06-21-17-54-34-bjelorusija1.jpg","type":"image\/jpeg"}],"author":"Radio Ljubu\u0161ki","twitter_card":"summary_large_image","twitter_creator":"@radioljubuski","twitter_site":"@radioljubuski","twitter_misc":{"Napisao\/la":"Radio Ljubu\u0161ki","Procijenjeno vrijeme \u010ditanja":"2 minute"},"schema":{"@context":"https:\/\/schema.org","@graph":[{"@type":"Article","@id":"https:\/\/radioljubuski.ba\/index.php\/2021\/06\/22\/novi-krug-sankcija-eu-a-protiv-bjelorusije\/#article","isPartOf":{"@id":"https:\/\/radioljubuski.ba\/index.php\/2021\/06\/22\/novi-krug-sankcija-eu-a-protiv-bjelorusije\/"},"author":{"name":"Radio Ljubu\u0161ki","@id":"https:\/\/radioljubuski.ba\/#\/schema\/person\/19fc700381a780f69665d7956c469e3b"},"headline":"Novi krug sankcija EU-a protiv Bjelorusije","datePublished":"2021-06-21T23:54:29+00:00","dateModified":"2021-06-21T23:54:30+00:00","mainEntityOfPage":{"@id":"https:\/\/radioljubuski.ba\/index.php\/2021\/06\/22\/novi-krug-sankcija-eu-a-protiv-bjelorusije\/"},"wordCount":326,"publisher":{"@id":"https:\/\/radioljubuski.ba\/#organization"},"articleSection":["BIH i regija"],"inLanguage":"hr"},{"@type":"WebPage","@id":"https:\/\/radioljubuski.ba\/index.php\/2021\/06\/22\/novi-krug-sankcija-eu-a-protiv-bjelorusije\/","url":"https:\/\/radioljubuski.ba\/index.php\/2021\/06\/22\/novi-krug-sankcija-eu-a-protiv-bjelorusije\/","name":"Novi krug sankcija EU-a protiv Bjelorusije - RADIO LJUBU\u0160KI","isPartOf":{"@id":"https:\/\/radioljubuski.ba\/#website"},"datePublished":"2021-06-21T23:54:29+00:00","dateModified":"2021-06-21T23:54:30+00:00","breadcrumb":{"@id":"https:\/\/radioljubuski.ba\/index.php\/2021\/06\/22\/novi-krug-sankcija-eu-a-protiv-bjelorusije\/#breadcrumb"},"inLanguage":"hr","potentialAction":[{"@type":"ReadAction","target":["https:\/\/radioljubuski.ba\/index.php\/2021\/06\/22\/novi-krug-sankcija-eu-a-protiv-bjelorusije\/"]}]},{"@type":"BreadcrumbList","@id":"https:\/\/radioljubuski.ba\/index.php\/2021\/06\/22\/novi-krug-sankcija-eu-a-protiv-bjelorusije\/#breadcrumb","itemListElement":[{"@type":"ListItem","position":1,"name":"Po\u010detna stranica","item":"https:\/\/radioljubuski.ba\/"},{"@type":"ListItem","position":2,"name":"Novi krug sankcija EU-a protiv Bjelorusije"}]},{"@type":"WebSite","@id":"https:\/\/radioljubuski.ba\/#website","url":"https:\/\/radioljubuski.ba\/","name":"Radio Ljubu\u0161ki","description":"Sun\u010dana frekvencija Hercegovine","publisher":{"@id":"https:\/\/radioljubuski.ba\/#organization"},"potentialAction":[{"@type":"SearchAction","target":{"@type":"EntryPoint","urlTemplate":"https:\/\/radioljubuski.ba\/?s={search_term_string}"},"query-input":{"@type":"PropertyValueSpecification","valueRequired":true,"valueName":"search_term_string"}}],"inLanguage":"hr"},{"@type":"Organization","@id":"https:\/\/radioljubuski.ba\/#organization","name":"Radio Ljubu\u0161ki","url":"https:\/\/radioljubuski.ba\/","logo":{"@type":"ImageObject","inLanguage":"hr","@id":"https:\/\/radioljubuski.ba\/#\/schema\/logo\/image\/","url":"https:\/\/radioljubuski.ba\/wp-content\/uploads\/2021\/02\/cropped-Radio_Ljubuski_logo1.jpg","contentUrl":"https:\/\/radioljubuski.ba\/wp-content\/uploads\/2021\/02\/cropped-Radio_Ljubuski_logo1.jpg","width":512,"height":512,"caption":"Radio Ljubu\u0161ki"},"image":{"@id":"https:\/\/radioljubuski.ba\/#\/schema\/logo\/image\/"},"sameAs":["https:\/\/www.facebook.com\/Radiio-Ljubuski-1490835324566332","https:\/\/x.com\/radioljubuski","https:\/\/hr.linkedin.com\/company\/radio-ljubuski","https:\/\/www.youtube.com\/channel\/UCHYaeO_n0Db3tjNGudGpXyw"]},{"@type":"Person","@id":"https:\/\/radioljubuski.ba\/#\/schema\/person\/19fc700381a780f69665d7956c469e3b","name":"Radio Ljubu\u0161ki"}]}},"_links":{"self":[{"href":"https:\/\/radioljubuski.ba\/index.php\/wp-json\/wp\/v2\/posts\/34676","targetHints":{"allow":["GET"]}}],"collection":[{"href":"https:\/\/radioljubuski.ba\/index.php\/wp-json\/wp\/v2\/posts"}],"about":[{"href":"https:\/\/radioljubuski.ba\/index.php\/wp-json\/wp\/v2\/types\/post"}],"author":[{"embeddable":true,"href":"https:\/\/radioljubuski.ba\/index.php\/wp-json\/wp\/v2\/users\/2"}],"replies":[{"embeddable":true,"href":"https:\/\/radioljubuski.ba\/index.php\/wp-json\/wp\/v2\/comments?post=34676"}],"version-history":[{"count":1,"href":"https:\/\/radioljubuski.ba\/index.php\/wp-json\/wp\/v2\/posts\/34676\/revisions"}],"predecessor-version":[{"id":34678,"href":"https:\/\/radioljubuski.ba\/index.php\/wp-json\/wp\/v2\/posts\/34676\/revisions\/34678"}],"wp:attachment":[{"href":"https:\/\/radioljubuski.ba\/index.php\/wp-json\/wp\/v2\/media?parent=34676"}],"wp:term":[{"taxonomy":"category","embeddable":true,"href":"https:\/\/radioljubuski.ba\/index.php\/wp-json\/wp\/v2\/categories?post=34676"},{"taxonomy":"post_tag","embeddable":true,"href":"https:\/\/radioljubuski.ba\/index.php\/wp-json\/wp\/v2\/tags?post=34676"}],"curies":[{"name":"wp","href":"https:\/\/api.w.org\/{rel}","templated":true}]}}