{"id":34685,"date":"2021-06-22T00:59:51","date_gmt":"2021-06-21T23:59:51","guid":{"rendered":"https:\/\/radioljubuski.ba\/?p=34685"},"modified":"2021-06-22T00:59:52","modified_gmt":"2021-06-21T23:59:52","slug":"orasasti-plodovi-mogu-pomoci-u-mrsavljenju","status":"publish","type":"post","link":"https:\/\/radioljubuski.ba\/index.php\/2021\/06\/22\/orasasti-plodovi-mogu-pomoci-u-mrsavljenju\/","title":{"rendered":"Ora\u0161asti plodovi mogu pomo\u0107i u mr\u0161avljenju"},"content":{"rendered":"\n<p>Ako \u017eelite izgubiti kilograme, u svoju prehranu trebali biste uklju\u010diti ora\u0161aste plodove. Novo istra\u017eivanje sugerira da razli\u010dite vrste ora\u0161astih plodova mogu pomo\u0107i da izgubite kilograme, ali i da dugoro\u010dno smanjite te\u017einu.<\/p>\n\n\n\n<p>Nova studija objavljena u \u010dasopisu Nutrients otkrila je da je dodavanje mje\u0161avine razli\u010ditih ora\u0161astih plodova, uklju\u010duju\u0107i brazilske ora\u0161\u010di\u0107e, indijski ora\u0161\u010di\u0107, pistacije, orahe, rezultiralo zna\u010dajnim gubitkom kilograma i pobolj\u0161anjem sitosti.<\/p>\n\n\n\n<p>Grupa od 95 mu\u0161karaca i \u017eena koji su imali ili prekomjernu tjelesnu te\u017einu ili su bili pretili i bili su u dobi od 30 do 68 godina podijeljeni su u dvije skupine. Jedna skupina konzumirala je 1,5 grama mije\u0161anih ora\u0161astih plodova, a ispitanici iz druge skupine perece. Va\u017eno je naglasiti da su oba me\u0111uobroka sadr\u017eavala jednaku koli\u010dinu kalorija.<\/p>\n\n\n\n<p>Svaki je sudionik slijedio hipokalori\u010dnu dijetu za mr\u0161avljenje, \u0161to zna\u010di da su svakodnevno smanjivali unos kalorija za oko 500 te su se usredoto\u010dili na to da jedu vi\u0161e hrane visoke kalorijske gusto\u0107e kroz tri mjeseca.<\/p>\n\n\n\n<p>Ispostavilo se da su obje skupine pokazale zna\u010dajan gubitak kilograma u prvih 12 tjedana. Me\u0111utim, pokazalo se da su oni koji su nastavili jesti ora\u0161aste plodove u dijelu studije o odr\u017eavanju te\u017eine pove\u0107ali razinu sitosti.<\/p>\n\n\n\n<p>Istra\u017eiva\u010di vjeruju kako je to u najve\u0107oj mjeri razlog \u0161to je skupina koja je jela ora\u0161aste plodove tako\u0111er pokazala bolje upravljanje te\u017einom u usporedbi sa skupinom koja je jela perece. Tako\u0111er je postojala znatno ni\u017ea stopa odustajanja od dijete u skupini koja je jela ora\u0161aste plodove nego u skupini koja je jela perece.<\/p>\n\n\n\n<p>Ora\u0161asti plodovi su prili\u010dno karoli\u010dni pa \u0107ete se dulje vrijeme osje\u0107ati sitima. To \u0107e vas sprije\u010diti da se prejedate \u201cpraznom hranom\u201d, odnosno hranom koja je visokokalori\u010dna a nema nikakvu ranjivu vrijednost.<\/p>\n\n\n\n<p>Bademi su jo\u0161 jedna popularna vrsta ora\u0161astih plodova zbog kojih \u0107ete dulje biti siti, a poma\u017eu i u gubitku kilograma te odr\u017eavanju te\u017eine, pi\u0161e Eat this.<\/p>\n\n\n\n<p>Izvor:N1<\/p>\n","protected":false},"excerpt":{"rendered":"<p>Ako \u017eelite izgubiti kilograme, u svoju prehranu trebali biste uklju\u010diti ora\u0161aste plodove. Novo istra\u017eivanje sugerira da razli\u010dite vrste ora\u0161astih plodova mogu pomo\u0107i da izgubite kilograme, ali i da dugoro\u010dno smanjite te\u017einu. Nova studija objavljena u \u010dasopisu Nutrients otkrila je da je dodavanje mje\u0161avine razli\u010ditih ora\u0161astih plodova, uklju\u010duju\u0107i brazilske ora\u0161\u010di\u0107e, indijski ora\u0161\u010di\u0107, pistacije, orahe, rezultiralo zna\u010dajnim [&hellip;]<\/p>\n","protected":false},"author":2,"featured_media":34686,"comment_status":"closed","ping_status":"closed","sticky":false,"template":"","format":"standard","meta":{"h5ap_radio_sources":[],"footnotes":""},"categories":[1],"tags":[],"class_list":["post-34685","post","type-post","status-publish","format-standard","has-post-thumbnail","hentry","category-bihiregija"],"yoast_head":"<!-- This site is optimized with the Yoast SEO plugin v27.5 - https:\/\/yoast.com\/product\/yoast-seo-wordpress\/ -->\n<title>Ora\u0161asti plodovi mogu pomo\u0107i u mr\u0161avljenju - RADIO LJUBU\u0160KI<\/title>\n<meta name=\"robots\" content=\"index, follow, max-snippet:-1, max-image-preview:large, max-video-preview:-1\" \/>\n<link rel=\"canonical\" href=\"https:\/\/radioljubuski.ba\/index.php\/2021\/06\/22\/orasasti-plodovi-mogu-pomoci-u-mrsavljenju\/\" \/>\n<meta property=\"og:locale\" content=\"hr_HR\" \/>\n<meta property=\"og:type\" content=\"article\" \/>\n<meta property=\"og:title\" content=\"Ora\u0161asti plodovi mogu pomo\u0107i u mr\u0161avljenju - RADIO LJUBU\u0160KI\" \/>\n<meta property=\"og:description\" content=\"Ako \u017eelite izgubiti kilograme, u svoju prehranu trebali biste uklju\u010diti ora\u0161aste plodove. Novo istra\u017eivanje sugerira da razli\u010dite vrste ora\u0161astih plodova mogu pomo\u0107i da izgubite kilograme, ali i da dugoro\u010dno smanjite te\u017einu. Nova studija objavljena u \u010dasopisu Nutrients otkrila je da je dodavanje mje\u0161avine razli\u010ditih ora\u0161astih plodova, uklju\u010duju\u0107i brazilske ora\u0161\u010di\u0107e, indijski ora\u0161\u010di\u0107, pistacije, orahe, rezultiralo zna\u010dajnim [&hellip;]\" \/>\n<meta property=\"og:url\" content=\"https:\/\/radioljubuski.ba\/index.php\/2021\/06\/22\/orasasti-plodovi-mogu-pomoci-u-mrsavljenju\/\" \/>\n<meta property=\"og:site_name\" content=\"RADIO LJUBU\u0160KI\" \/>\n<meta property=\"article:publisher\" content=\"https:\/\/www.facebook.com\/Radiio-Ljubuski-1490835324566332\" \/>\n<meta property=\"article:published_time\" content=\"2021-06-21T23:59:51+00:00\" \/>\n<meta property=\"article:modified_time\" content=\"2021-06-21T23:59:52+00:00\" \/>\n<meta property=\"og:image\" content=\"https:\/\/radioljubuski.ba\/wp-content\/uploads\/2021\/06\/9-2021-06-21-19-08-10-vaga.jpg\" \/>\n\t<meta property=\"og:image:width\" content=\"1000\" \/>\n\t<meta property=\"og:image:height\" content=\"625\" \/>\n\t<meta property=\"og:image:type\" content=\"image\/jpeg\" \/>\n<meta name=\"author\" content=\"Radio Ljubu\u0161ki\" \/>\n<meta name=\"twitter:card\" content=\"summary_large_image\" \/>\n<meta name=\"twitter:creator\" content=\"@radioljubuski\" \/>\n<meta name=\"twitter:site\" content=\"@radioljubuski\" \/>\n<meta name=\"twitter:label1\" content=\"Napisao\/la\" \/>\n\t<meta name=\"twitter:data1\" content=\"Radio Ljubu\u0161ki\" \/>\n\t<meta name=\"twitter:label2\" content=\"Procijenjeno vrijeme \u010ditanja\" \/>\n\t<meta name=\"twitter:data2\" content=\"2 minute\" \/>\n<script type=\"application\/ld+json\" class=\"yoast-schema-graph\">{\"@context\":\"https:\\\/\\\/schema.org\",\"@graph\":[{\"@type\":\"Article\",\"@id\":\"https:\\\/\\\/radioljubuski.ba\\\/index.php\\\/2021\\\/06\\\/22\\\/orasasti-plodovi-mogu-pomoci-u-mrsavljenju\\\/#article\",\"isPartOf\":{\"@id\":\"https:\\\/\\\/radioljubuski.ba\\\/index.php\\\/2021\\\/06\\\/22\\\/orasasti-plodovi-mogu-pomoci-u-mrsavljenju\\\/\"},\"author\":{\"name\":\"Radio Ljubu\u0161ki\",\"@id\":\"https:\\\/\\\/radioljubuski.ba\\\/#\\\/schema\\\/person\\\/19fc700381a780f69665d7956c469e3b\"},\"headline\":\"Ora\u0161asti plodovi mogu pomo\u0107i u mr\u0161avljenju\",\"datePublished\":\"2021-06-21T23:59:51+00:00\",\"dateModified\":\"2021-06-21T23:59:52+00:00\",\"mainEntityOfPage\":{\"@id\":\"https:\\\/\\\/radioljubuski.ba\\\/index.php\\\/2021\\\/06\\\/22\\\/orasasti-plodovi-mogu-pomoci-u-mrsavljenju\\\/\"},\"wordCount\":361,\"publisher\":{\"@id\":\"https:\\\/\\\/radioljubuski.ba\\\/#organization\"},\"image\":{\"@id\":\"https:\\\/\\\/radioljubuski.ba\\\/index.php\\\/2021\\\/06\\\/22\\\/orasasti-plodovi-mogu-pomoci-u-mrsavljenju\\\/#primaryimage\"},\"thumbnailUrl\":\"https:\\\/\\\/radioljubuski.ba\\\/wp-content\\\/uploads\\\/2021\\\/06\\\/9-2021-06-21-19-08-10-vaga.jpg\",\"articleSection\":[\"BIH i regija\"],\"inLanguage\":\"hr\"},{\"@type\":\"WebPage\",\"@id\":\"https:\\\/\\\/radioljubuski.ba\\\/index.php\\\/2021\\\/06\\\/22\\\/orasasti-plodovi-mogu-pomoci-u-mrsavljenju\\\/\",\"url\":\"https:\\\/\\\/radioljubuski.ba\\\/index.php\\\/2021\\\/06\\\/22\\\/orasasti-plodovi-mogu-pomoci-u-mrsavljenju\\\/\",\"name\":\"Ora\u0161asti plodovi mogu pomo\u0107i u mr\u0161avljenju - RADIO LJUBU\u0160KI\",\"isPartOf\":{\"@id\":\"https:\\\/\\\/radioljubuski.ba\\\/#website\"},\"primaryImageOfPage\":{\"@id\":\"https:\\\/\\\/radioljubuski.ba\\\/index.php\\\/2021\\\/06\\\/22\\\/orasasti-plodovi-mogu-pomoci-u-mrsavljenju\\\/#primaryimage\"},\"image\":{\"@id\":\"https:\\\/\\\/radioljubuski.ba\\\/index.php\\\/2021\\\/06\\\/22\\\/orasasti-plodovi-mogu-pomoci-u-mrsavljenju\\\/#primaryimage\"},\"thumbnailUrl\":\"https:\\\/\\\/radioljubuski.ba\\\/wp-content\\\/uploads\\\/2021\\\/06\\\/9-2021-06-21-19-08-10-vaga.jpg\",\"datePublished\":\"2021-06-21T23:59:51+00:00\",\"dateModified\":\"2021-06-21T23:59:52+00:00\",\"breadcrumb\":{\"@id\":\"https:\\\/\\\/radioljubuski.ba\\\/index.php\\\/2021\\\/06\\\/22\\\/orasasti-plodovi-mogu-pomoci-u-mrsavljenju\\\/#breadcrumb\"},\"inLanguage\":\"hr\",\"potentialAction\":[{\"@type\":\"ReadAction\",\"target\":[\"https:\\\/\\\/radioljubuski.ba\\\/index.php\\\/2021\\\/06\\\/22\\\/orasasti-plodovi-mogu-pomoci-u-mrsavljenju\\\/\"]}]},{\"@type\":\"ImageObject\",\"inLanguage\":\"hr\",\"@id\":\"https:\\\/\\\/radioljubuski.ba\\\/index.php\\\/2021\\\/06\\\/22\\\/orasasti-plodovi-mogu-pomoci-u-mrsavljenju\\\/#primaryimage\",\"url\":\"https:\\\/\\\/radioljubuski.ba\\\/wp-content\\\/uploads\\\/2021\\\/06\\\/9-2021-06-21-19-08-10-vaga.jpg\",\"contentUrl\":\"https:\\\/\\\/radioljubuski.ba\\\/wp-content\\\/uploads\\\/2021\\\/06\\\/9-2021-06-21-19-08-10-vaga.jpg\",\"width\":1000,\"height\":625},{\"@type\":\"BreadcrumbList\",\"@id\":\"https:\\\/\\\/radioljubuski.ba\\\/index.php\\\/2021\\\/06\\\/22\\\/orasasti-plodovi-mogu-pomoci-u-mrsavljenju\\\/#breadcrumb\",\"itemListElement\":[{\"@type\":\"ListItem\",\"position\":1,\"name\":\"Po\u010detna stranica\",\"item\":\"https:\\\/\\\/radioljubuski.ba\\\/\"},{\"@type\":\"ListItem\",\"position\":2,\"name\":\"Ora\u0161asti plodovi mogu pomo\u0107i u mr\u0161avljenju\"}]},{\"@type\":\"WebSite\",\"@id\":\"https:\\\/\\\/radioljubuski.ba\\\/#website\",\"url\":\"https:\\\/\\\/radioljubuski.ba\\\/\",\"name\":\"Radio Ljubu\u0161ki\",\"description\":\"Sun\u010dana frekvencija Hercegovine\",\"publisher\":{\"@id\":\"https:\\\/\\\/radioljubuski.ba\\\/#organization\"},\"potentialAction\":[{\"@type\":\"SearchAction\",\"target\":{\"@type\":\"EntryPoint\",\"urlTemplate\":\"https:\\\/\\\/radioljubuski.ba\\\/?s={search_term_string}\"},\"query-input\":{\"@type\":\"PropertyValueSpecification\",\"valueRequired\":true,\"valueName\":\"search_term_string\"}}],\"inLanguage\":\"hr\"},{\"@type\":\"Organization\",\"@id\":\"https:\\\/\\\/radioljubuski.ba\\\/#organization\",\"name\":\"Radio Ljubu\u0161ki\",\"url\":\"https:\\\/\\\/radioljubuski.ba\\\/\",\"logo\":{\"@type\":\"ImageObject\",\"inLanguage\":\"hr\",\"@id\":\"https:\\\/\\\/radioljubuski.ba\\\/#\\\/schema\\\/logo\\\/image\\\/\",\"url\":\"https:\\\/\\\/radioljubuski.ba\\\/wp-content\\\/uploads\\\/2021\\\/02\\\/cropped-Radio_Ljubuski_logo1.jpg\",\"contentUrl\":\"https:\\\/\\\/radioljubuski.ba\\\/wp-content\\\/uploads\\\/2021\\\/02\\\/cropped-Radio_Ljubuski_logo1.jpg\",\"width\":512,\"height\":512,\"caption\":\"Radio Ljubu\u0161ki\"},\"image\":{\"@id\":\"https:\\\/\\\/radioljubuski.ba\\\/#\\\/schema\\\/logo\\\/image\\\/\"},\"sameAs\":[\"https:\\\/\\\/www.facebook.com\\\/Radiio-Ljubuski-1490835324566332\",\"https:\\\/\\\/x.com\\\/radioljubuski\",\"https:\\\/\\\/hr.linkedin.com\\\/company\\\/radio-ljubuski\",\"https:\\\/\\\/www.youtube.com\\\/channel\\\/UCHYaeO_n0Db3tjNGudGpXyw\"]},{\"@type\":\"Person\",\"@id\":\"https:\\\/\\\/radioljubuski.ba\\\/#\\\/schema\\\/person\\\/19fc700381a780f69665d7956c469e3b\",\"name\":\"Radio Ljubu\u0161ki\"}]}<\/script>\n<!-- \/ Yoast SEO plugin. -->","yoast_head_json":{"title":"Ora\u0161asti plodovi mogu pomo\u0107i u mr\u0161avljenju - RADIO LJUBU\u0160KI","robots":{"index":"index","follow":"follow","max-snippet":"max-snippet:-1","max-image-preview":"max-image-preview:large","max-video-preview":"max-video-preview:-1"},"canonical":"https:\/\/radioljubuski.ba\/index.php\/2021\/06\/22\/orasasti-plodovi-mogu-pomoci-u-mrsavljenju\/","og_locale":"hr_HR","og_type":"article","og_title":"Ora\u0161asti plodovi mogu pomo\u0107i u mr\u0161avljenju - RADIO LJUBU\u0160KI","og_description":"Ako \u017eelite izgubiti kilograme, u svoju prehranu trebali biste uklju\u010diti ora\u0161aste plodove. Novo istra\u017eivanje sugerira da razli\u010dite vrste ora\u0161astih plodova mogu pomo\u0107i da izgubite kilograme, ali i da dugoro\u010dno smanjite te\u017einu. Nova studija objavljena u \u010dasopisu Nutrients otkrila je da je dodavanje mje\u0161avine razli\u010ditih ora\u0161astih plodova, uklju\u010duju\u0107i brazilske ora\u0161\u010di\u0107e, indijski ora\u0161\u010di\u0107, pistacije, orahe, rezultiralo zna\u010dajnim [&hellip;]","og_url":"https:\/\/radioljubuski.ba\/index.php\/2021\/06\/22\/orasasti-plodovi-mogu-pomoci-u-mrsavljenju\/","og_site_name":"RADIO LJUBU\u0160KI","article_publisher":"https:\/\/www.facebook.com\/Radiio-Ljubuski-1490835324566332","article_published_time":"2021-06-21T23:59:51+00:00","article_modified_time":"2021-06-21T23:59:52+00:00","og_image":[{"width":1000,"height":625,"url":"https:\/\/radioljubuski.ba\/wp-content\/uploads\/2021\/06\/9-2021-06-21-19-08-10-vaga.jpg","type":"image\/jpeg"}],"author":"Radio Ljubu\u0161ki","twitter_card":"summary_large_image","twitter_creator":"@radioljubuski","twitter_site":"@radioljubuski","twitter_misc":{"Napisao\/la":"Radio Ljubu\u0161ki","Procijenjeno vrijeme \u010ditanja":"2 minute"},"schema":{"@context":"https:\/\/schema.org","@graph":[{"@type":"Article","@id":"https:\/\/radioljubuski.ba\/index.php\/2021\/06\/22\/orasasti-plodovi-mogu-pomoci-u-mrsavljenju\/#article","isPartOf":{"@id":"https:\/\/radioljubuski.ba\/index.php\/2021\/06\/22\/orasasti-plodovi-mogu-pomoci-u-mrsavljenju\/"},"author":{"name":"Radio Ljubu\u0161ki","@id":"https:\/\/radioljubuski.ba\/#\/schema\/person\/19fc700381a780f69665d7956c469e3b"},"headline":"Ora\u0161asti plodovi mogu pomo\u0107i u mr\u0161avljenju","datePublished":"2021-06-21T23:59:51+00:00","dateModified":"2021-06-21T23:59:52+00:00","mainEntityOfPage":{"@id":"https:\/\/radioljubuski.ba\/index.php\/2021\/06\/22\/orasasti-plodovi-mogu-pomoci-u-mrsavljenju\/"},"wordCount":361,"publisher":{"@id":"https:\/\/radioljubuski.ba\/#organization"},"image":{"@id":"https:\/\/radioljubuski.ba\/index.php\/2021\/06\/22\/orasasti-plodovi-mogu-pomoci-u-mrsavljenju\/#primaryimage"},"thumbnailUrl":"https:\/\/radioljubuski.ba\/wp-content\/uploads\/2021\/06\/9-2021-06-21-19-08-10-vaga.jpg","articleSection":["BIH i regija"],"inLanguage":"hr"},{"@type":"WebPage","@id":"https:\/\/radioljubuski.ba\/index.php\/2021\/06\/22\/orasasti-plodovi-mogu-pomoci-u-mrsavljenju\/","url":"https:\/\/radioljubuski.ba\/index.php\/2021\/06\/22\/orasasti-plodovi-mogu-pomoci-u-mrsavljenju\/","name":"Ora\u0161asti plodovi mogu pomo\u0107i u mr\u0161avljenju - RADIO LJUBU\u0160KI","isPartOf":{"@id":"https:\/\/radioljubuski.ba\/#website"},"primaryImageOfPage":{"@id":"https:\/\/radioljubuski.ba\/index.php\/2021\/06\/22\/orasasti-plodovi-mogu-pomoci-u-mrsavljenju\/#primaryimage"},"image":{"@id":"https:\/\/radioljubuski.ba\/index.php\/2021\/06\/22\/orasasti-plodovi-mogu-pomoci-u-mrsavljenju\/#primaryimage"},"thumbnailUrl":"https:\/\/radioljubuski.ba\/wp-content\/uploads\/2021\/06\/9-2021-06-21-19-08-10-vaga.jpg","datePublished":"2021-06-21T23:59:51+00:00","dateModified":"2021-06-21T23:59:52+00:00","breadcrumb":{"@id":"https:\/\/radioljubuski.ba\/index.php\/2021\/06\/22\/orasasti-plodovi-mogu-pomoci-u-mrsavljenju\/#breadcrumb"},"inLanguage":"hr","potentialAction":[{"@type":"ReadAction","target":["https:\/\/radioljubuski.ba\/index.php\/2021\/06\/22\/orasasti-plodovi-mogu-pomoci-u-mrsavljenju\/"]}]},{"@type":"ImageObject","inLanguage":"hr","@id":"https:\/\/radioljubuski.ba\/index.php\/2021\/06\/22\/orasasti-plodovi-mogu-pomoci-u-mrsavljenju\/#primaryimage","url":"https:\/\/radioljubuski.ba\/wp-content\/uploads\/2021\/06\/9-2021-06-21-19-08-10-vaga.jpg","contentUrl":"https:\/\/radioljubuski.ba\/wp-content\/uploads\/2021\/06\/9-2021-06-21-19-08-10-vaga.jpg","width":1000,"height":625},{"@type":"BreadcrumbList","@id":"https:\/\/radioljubuski.ba\/index.php\/2021\/06\/22\/orasasti-plodovi-mogu-pomoci-u-mrsavljenju\/#breadcrumb","itemListElement":[{"@type":"ListItem","position":1,"name":"Po\u010detna stranica","item":"https:\/\/radioljubuski.ba\/"},{"@type":"ListItem","position":2,"name":"Ora\u0161asti plodovi mogu pomo\u0107i u mr\u0161avljenju"}]},{"@type":"WebSite","@id":"https:\/\/radioljubuski.ba\/#website","url":"https:\/\/radioljubuski.ba\/","name":"Radio Ljubu\u0161ki","description":"Sun\u010dana frekvencija Hercegovine","publisher":{"@id":"https:\/\/radioljubuski.ba\/#organization"},"potentialAction":[{"@type":"SearchAction","target":{"@type":"EntryPoint","urlTemplate":"https:\/\/radioljubuski.ba\/?s={search_term_string}"},"query-input":{"@type":"PropertyValueSpecification","valueRequired":true,"valueName":"search_term_string"}}],"inLanguage":"hr"},{"@type":"Organization","@id":"https:\/\/radioljubuski.ba\/#organization","name":"Radio Ljubu\u0161ki","url":"https:\/\/radioljubuski.ba\/","logo":{"@type":"ImageObject","inLanguage":"hr","@id":"https:\/\/radioljubuski.ba\/#\/schema\/logo\/image\/","url":"https:\/\/radioljubuski.ba\/wp-content\/uploads\/2021\/02\/cropped-Radio_Ljubuski_logo1.jpg","contentUrl":"https:\/\/radioljubuski.ba\/wp-content\/uploads\/2021\/02\/cropped-Radio_Ljubuski_logo1.jpg","width":512,"height":512,"caption":"Radio Ljubu\u0161ki"},"image":{"@id":"https:\/\/radioljubuski.ba\/#\/schema\/logo\/image\/"},"sameAs":["https:\/\/www.facebook.com\/Radiio-Ljubuski-1490835324566332","https:\/\/x.com\/radioljubuski","https:\/\/hr.linkedin.com\/company\/radio-ljubuski","https:\/\/www.youtube.com\/channel\/UCHYaeO_n0Db3tjNGudGpXyw"]},{"@type":"Person","@id":"https:\/\/radioljubuski.ba\/#\/schema\/person\/19fc700381a780f69665d7956c469e3b","name":"Radio Ljubu\u0161ki"}]}},"_links":{"self":[{"href":"https:\/\/radioljubuski.ba\/index.php\/wp-json\/wp\/v2\/posts\/34685","targetHints":{"allow":["GET"]}}],"collection":[{"href":"https:\/\/radioljubuski.ba\/index.php\/wp-json\/wp\/v2\/posts"}],"about":[{"href":"https:\/\/radioljubuski.ba\/index.php\/wp-json\/wp\/v2\/types\/post"}],"author":[{"embeddable":true,"href":"https:\/\/radioljubuski.ba\/index.php\/wp-json\/wp\/v2\/users\/2"}],"replies":[{"embeddable":true,"href":"https:\/\/radioljubuski.ba\/index.php\/wp-json\/wp\/v2\/comments?post=34685"}],"version-history":[{"count":1,"href":"https:\/\/radioljubuski.ba\/index.php\/wp-json\/wp\/v2\/posts\/34685\/revisions"}],"predecessor-version":[{"id":34687,"href":"https:\/\/radioljubuski.ba\/index.php\/wp-json\/wp\/v2\/posts\/34685\/revisions\/34687"}],"wp:featuredmedia":[{"embeddable":true,"href":"https:\/\/radioljubuski.ba\/index.php\/wp-json\/wp\/v2\/media\/34686"}],"wp:attachment":[{"href":"https:\/\/radioljubuski.ba\/index.php\/wp-json\/wp\/v2\/media?parent=34685"}],"wp:term":[{"taxonomy":"category","embeddable":true,"href":"https:\/\/radioljubuski.ba\/index.php\/wp-json\/wp\/v2\/categories?post=34685"},{"taxonomy":"post_tag","embeddable":true,"href":"https:\/\/radioljubuski.ba\/index.php\/wp-json\/wp\/v2\/tags?post=34685"}],"curies":[{"name":"wp","href":"https:\/\/api.w.org\/{rel}","templated":true}]}}