{"id":34697,"date":"2021-06-22T01:05:29","date_gmt":"2021-06-22T00:05:29","guid":{"rendered":"https:\/\/radioljubuski.ba\/?p=34697"},"modified":"2021-06-22T01:05:31","modified_gmt":"2021-06-22T00:05:31","slug":"beogradanka-lakirala-nokte-za-volanom-strucnjaci-u-soku-kazne-nema","status":"publish","type":"post","link":"https:\/\/radioljubuski.ba\/index.php\/2021\/06\/22\/beogradanka-lakirala-nokte-za-volanom-strucnjaci-u-soku-kazne-nema\/","title":{"rendered":"Beogra\u0111anka lakirala nokte za volanom: Stru\u010dnjaci u \u0161oku, kazne nema"},"content":{"rendered":"\n<p>\u0160minkanje, ogledanje, telefoniranje, te konzumiranje hrane i pi\u0107a je ne\u0161to \u0161to se mo\u017ee vidjeti kod voza\u010da, pa ve\u0107ina i nije iznena\u0111ena kada prisustvuje jednom takvom prizoru. Me\u0111utim, djevojka koja lakira nokte za volanom na Novom Beogradu, iznenadila je \u010dak i stru\u010dnjake. Predsjednica Prekr\u0161ajnog suda u Beogradu, Olivera Ristanovi\u0107, za Telegraf.rs ka\u017ee da niko nije o\u010dekivao da i to mo\u017ee da se desi.<\/p>\n\n\n\n<p>&#8211; Nijedan zakonodavac nije pretpostavio da neka \u017eena mo\u017ee da lakira nokte na semaforu tako da kazna za to ne postoji, to niko nije o\u010dekivao. Ja nikad to nisam vidjela. Niko to nije predvidio kao ka\u017enjivu odredbu iako je pa\u017enja bitno smanjena jer \u0107e ona tokom vo\u017enje da razmi\u0161lja da li joj se lak dovoljno osu\u0161io, da li \u0107e da ga pokvari&#8230; Me\u0111utim, ona nije radila radnju, koja je zabranjena jer je stajala, a vo\u017enja podrazumijeva kretanje od ta\u010dke A do ta\u010dke B &#8211; objasnila je za Telegraf.rs predsjednica Prekr\u0161ajnog suda.<\/p>\n\n\n\n<p>Istakla je da policija nikad nije podnosila prijavu za lakiranje noktiju na semaforu. Dodala je i da glasna muzika smanjuje pa\u017enju tokom vo\u017enje i onemogu\u0107ava da se \u010duju zvu\u010dni signali, poput sirene Hitne pomo\u0107i, ali da i to nije ka\u017enjivo.<\/p>\n\n\n\n<p>Zakon predvi\u0111a kazne za one koji se \u0161minkaju i jedu za volanom u vidu kazne zatvora i nov\u010dane kazne koja se kre\u0107e do 150.000 dinara.<\/p>\n\n\n\n<p>U slu\u010daju ako \u0161minkanje, konzumiranje hrane za volanom i druge radnje koje odvla\u010de pa\u017enju, potpadnu pod nasilni\u010dku vo\u017enju, kazna je od 120.000 do 140.000 dinara. Osoba ostaje bez dozvole devet mjeseci, dobija 15 poena i zatvorsku kaznu od 30 do 60 dana koja mo\u017ee da se zamijeni radom u javnom interesu od 240 do 360 sati.<\/p>\n\n\n\n<p>Izvor:pogled.ba<\/p>\n","protected":false},"excerpt":{"rendered":"<p>\u0160minkanje, ogledanje, telefoniranje, te konzumiranje hrane i pi\u0107a je ne\u0161to \u0161to se mo\u017ee vidjeti kod voza\u010da, pa ve\u0107ina i nije iznena\u0111ena kada prisustvuje jednom takvom prizoru. Me\u0111utim, djevojka koja lakira nokte za volanom na Novom Beogradu, iznenadila je \u010dak i stru\u010dnjake. Predsjednica Prekr\u0161ajnog suda u Beogradu, Olivera Ristanovi\u0107, za Telegraf.rs ka\u017ee da niko nije o\u010dekivao [&hellip;]<\/p>\n","protected":false},"author":2,"featured_media":34698,"comment_status":"closed","ping_status":"closed","sticky":false,"template":"","format":"standard","meta":{"h5ap_radio_sources":[],"footnotes":""},"categories":[1],"tags":[],"class_list":["post-34697","post","type-post","status-publish","format-standard","has-post-thumbnail","hentry","category-bihiregija"],"yoast_head":"<!-- This site is optimized with the Yoast SEO plugin v27.5 - https:\/\/yoast.com\/product\/yoast-seo-wordpress\/ -->\n<title>Beogra\u0111anka lakirala nokte za volanom: Stru\u010dnjaci u \u0161oku, kazne nema - RADIO LJUBU\u0160KI<\/title>\n<meta name=\"robots\" content=\"index, follow, max-snippet:-1, max-image-preview:large, max-video-preview:-1\" \/>\n<link rel=\"canonical\" href=\"https:\/\/radioljubuski.ba\/index.php\/2021\/06\/22\/beogradanka-lakirala-nokte-za-volanom-strucnjaci-u-soku-kazne-nema\/\" \/>\n<meta property=\"og:locale\" content=\"hr_HR\" \/>\n<meta property=\"og:type\" content=\"article\" \/>\n<meta property=\"og:title\" content=\"Beogra\u0111anka lakirala nokte za volanom: Stru\u010dnjaci u \u0161oku, kazne nema - RADIO LJUBU\u0160KI\" \/>\n<meta property=\"og:description\" content=\"\u0160minkanje, ogledanje, telefoniranje, te konzumiranje hrane i pi\u0107a je ne\u0161to \u0161to se mo\u017ee vidjeti kod voza\u010da, pa ve\u0107ina i nije iznena\u0111ena kada prisustvuje jednom takvom prizoru. Me\u0111utim, djevojka koja lakira nokte za volanom na Novom Beogradu, iznenadila je \u010dak i stru\u010dnjake. Predsjednica Prekr\u0161ajnog suda u Beogradu, Olivera Ristanovi\u0107, za Telegraf.rs ka\u017ee da niko nije o\u010dekivao [&hellip;]\" \/>\n<meta property=\"og:url\" content=\"https:\/\/radioljubuski.ba\/index.php\/2021\/06\/22\/beogradanka-lakirala-nokte-za-volanom-strucnjaci-u-soku-kazne-nema\/\" \/>\n<meta property=\"og:site_name\" content=\"RADIO LJUBU\u0160KI\" \/>\n<meta property=\"article:publisher\" content=\"https:\/\/www.facebook.com\/Radiio-Ljubuski-1490835324566332\" \/>\n<meta property=\"article:published_time\" content=\"2021-06-22T00:05:29+00:00\" \/>\n<meta property=\"article:modified_time\" content=\"2021-06-22T00:05:31+00:00\" \/>\n<meta property=\"og:image\" content=\"https:\/\/radioljubuski.ba\/wp-content\/uploads\/2021\/06\/9-2021-06-21-16-28-48-beo.jpg\" \/>\n\t<meta property=\"og:image:width\" content=\"1000\" \/>\n\t<meta property=\"og:image:height\" content=\"625\" \/>\n\t<meta property=\"og:image:type\" content=\"image\/jpeg\" \/>\n<meta name=\"author\" content=\"Radio Ljubu\u0161ki\" \/>\n<meta name=\"twitter:card\" content=\"summary_large_image\" \/>\n<meta name=\"twitter:creator\" content=\"@radioljubuski\" \/>\n<meta name=\"twitter:site\" content=\"@radioljubuski\" \/>\n<meta name=\"twitter:label1\" content=\"Napisao\/la\" \/>\n\t<meta name=\"twitter:data1\" content=\"Radio Ljubu\u0161ki\" \/>\n\t<meta name=\"twitter:label2\" content=\"Procijenjeno vrijeme \u010ditanja\" \/>\n\t<meta name=\"twitter:data2\" content=\"2 minute\" \/>\n<script type=\"application\/ld+json\" class=\"yoast-schema-graph\">{\"@context\":\"https:\\\/\\\/schema.org\",\"@graph\":[{\"@type\":\"Article\",\"@id\":\"https:\\\/\\\/radioljubuski.ba\\\/index.php\\\/2021\\\/06\\\/22\\\/beogradanka-lakirala-nokte-za-volanom-strucnjaci-u-soku-kazne-nema\\\/#article\",\"isPartOf\":{\"@id\":\"https:\\\/\\\/radioljubuski.ba\\\/index.php\\\/2021\\\/06\\\/22\\\/beogradanka-lakirala-nokte-za-volanom-strucnjaci-u-soku-kazne-nema\\\/\"},\"author\":{\"name\":\"Radio Ljubu\u0161ki\",\"@id\":\"https:\\\/\\\/radioljubuski.ba\\\/#\\\/schema\\\/person\\\/19fc700381a780f69665d7956c469e3b\"},\"headline\":\"Beogra\u0111anka lakirala nokte za volanom: Stru\u010dnjaci u \u0161oku, kazne nema\",\"datePublished\":\"2021-06-22T00:05:29+00:00\",\"dateModified\":\"2021-06-22T00:05:31+00:00\",\"mainEntityOfPage\":{\"@id\":\"https:\\\/\\\/radioljubuski.ba\\\/index.php\\\/2021\\\/06\\\/22\\\/beogradanka-lakirala-nokte-za-volanom-strucnjaci-u-soku-kazne-nema\\\/\"},\"wordCount\":322,\"publisher\":{\"@id\":\"https:\\\/\\\/radioljubuski.ba\\\/#organization\"},\"image\":{\"@id\":\"https:\\\/\\\/radioljubuski.ba\\\/index.php\\\/2021\\\/06\\\/22\\\/beogradanka-lakirala-nokte-za-volanom-strucnjaci-u-soku-kazne-nema\\\/#primaryimage\"},\"thumbnailUrl\":\"https:\\\/\\\/radioljubuski.ba\\\/wp-content\\\/uploads\\\/2021\\\/06\\\/9-2021-06-21-16-28-48-beo.jpg\",\"articleSection\":[\"BIH i regija\"],\"inLanguage\":\"hr\"},{\"@type\":\"WebPage\",\"@id\":\"https:\\\/\\\/radioljubuski.ba\\\/index.php\\\/2021\\\/06\\\/22\\\/beogradanka-lakirala-nokte-za-volanom-strucnjaci-u-soku-kazne-nema\\\/\",\"url\":\"https:\\\/\\\/radioljubuski.ba\\\/index.php\\\/2021\\\/06\\\/22\\\/beogradanka-lakirala-nokte-za-volanom-strucnjaci-u-soku-kazne-nema\\\/\",\"name\":\"Beogra\u0111anka lakirala nokte za volanom: Stru\u010dnjaci u \u0161oku, kazne nema - RADIO LJUBU\u0160KI\",\"isPartOf\":{\"@id\":\"https:\\\/\\\/radioljubuski.ba\\\/#website\"},\"primaryImageOfPage\":{\"@id\":\"https:\\\/\\\/radioljubuski.ba\\\/index.php\\\/2021\\\/06\\\/22\\\/beogradanka-lakirala-nokte-za-volanom-strucnjaci-u-soku-kazne-nema\\\/#primaryimage\"},\"image\":{\"@id\":\"https:\\\/\\\/radioljubuski.ba\\\/index.php\\\/2021\\\/06\\\/22\\\/beogradanka-lakirala-nokte-za-volanom-strucnjaci-u-soku-kazne-nema\\\/#primaryimage\"},\"thumbnailUrl\":\"https:\\\/\\\/radioljubuski.ba\\\/wp-content\\\/uploads\\\/2021\\\/06\\\/9-2021-06-21-16-28-48-beo.jpg\",\"datePublished\":\"2021-06-22T00:05:29+00:00\",\"dateModified\":\"2021-06-22T00:05:31+00:00\",\"breadcrumb\":{\"@id\":\"https:\\\/\\\/radioljubuski.ba\\\/index.php\\\/2021\\\/06\\\/22\\\/beogradanka-lakirala-nokte-za-volanom-strucnjaci-u-soku-kazne-nema\\\/#breadcrumb\"},\"inLanguage\":\"hr\",\"potentialAction\":[{\"@type\":\"ReadAction\",\"target\":[\"https:\\\/\\\/radioljubuski.ba\\\/index.php\\\/2021\\\/06\\\/22\\\/beogradanka-lakirala-nokte-za-volanom-strucnjaci-u-soku-kazne-nema\\\/\"]}]},{\"@type\":\"ImageObject\",\"inLanguage\":\"hr\",\"@id\":\"https:\\\/\\\/radioljubuski.ba\\\/index.php\\\/2021\\\/06\\\/22\\\/beogradanka-lakirala-nokte-za-volanom-strucnjaci-u-soku-kazne-nema\\\/#primaryimage\",\"url\":\"https:\\\/\\\/radioljubuski.ba\\\/wp-content\\\/uploads\\\/2021\\\/06\\\/9-2021-06-21-16-28-48-beo.jpg\",\"contentUrl\":\"https:\\\/\\\/radioljubuski.ba\\\/wp-content\\\/uploads\\\/2021\\\/06\\\/9-2021-06-21-16-28-48-beo.jpg\",\"width\":1000,\"height\":625},{\"@type\":\"BreadcrumbList\",\"@id\":\"https:\\\/\\\/radioljubuski.ba\\\/index.php\\\/2021\\\/06\\\/22\\\/beogradanka-lakirala-nokte-za-volanom-strucnjaci-u-soku-kazne-nema\\\/#breadcrumb\",\"itemListElement\":[{\"@type\":\"ListItem\",\"position\":1,\"name\":\"Po\u010detna stranica\",\"item\":\"https:\\\/\\\/radioljubuski.ba\\\/\"},{\"@type\":\"ListItem\",\"position\":2,\"name\":\"Beogra\u0111anka lakirala nokte za volanom: Stru\u010dnjaci u \u0161oku, kazne nema\"}]},{\"@type\":\"WebSite\",\"@id\":\"https:\\\/\\\/radioljubuski.ba\\\/#website\",\"url\":\"https:\\\/\\\/radioljubuski.ba\\\/\",\"name\":\"Radio Ljubu\u0161ki\",\"description\":\"Sun\u010dana frekvencija Hercegovine\",\"publisher\":{\"@id\":\"https:\\\/\\\/radioljubuski.ba\\\/#organization\"},\"potentialAction\":[{\"@type\":\"SearchAction\",\"target\":{\"@type\":\"EntryPoint\",\"urlTemplate\":\"https:\\\/\\\/radioljubuski.ba\\\/?s={search_term_string}\"},\"query-input\":{\"@type\":\"PropertyValueSpecification\",\"valueRequired\":true,\"valueName\":\"search_term_string\"}}],\"inLanguage\":\"hr\"},{\"@type\":\"Organization\",\"@id\":\"https:\\\/\\\/radioljubuski.ba\\\/#organization\",\"name\":\"Radio Ljubu\u0161ki\",\"url\":\"https:\\\/\\\/radioljubuski.ba\\\/\",\"logo\":{\"@type\":\"ImageObject\",\"inLanguage\":\"hr\",\"@id\":\"https:\\\/\\\/radioljubuski.ba\\\/#\\\/schema\\\/logo\\\/image\\\/\",\"url\":\"https:\\\/\\\/radioljubuski.ba\\\/wp-content\\\/uploads\\\/2021\\\/02\\\/cropped-Radio_Ljubuski_logo1.jpg\",\"contentUrl\":\"https:\\\/\\\/radioljubuski.ba\\\/wp-content\\\/uploads\\\/2021\\\/02\\\/cropped-Radio_Ljubuski_logo1.jpg\",\"width\":512,\"height\":512,\"caption\":\"Radio Ljubu\u0161ki\"},\"image\":{\"@id\":\"https:\\\/\\\/radioljubuski.ba\\\/#\\\/schema\\\/logo\\\/image\\\/\"},\"sameAs\":[\"https:\\\/\\\/www.facebook.com\\\/Radiio-Ljubuski-1490835324566332\",\"https:\\\/\\\/x.com\\\/radioljubuski\",\"https:\\\/\\\/hr.linkedin.com\\\/company\\\/radio-ljubuski\",\"https:\\\/\\\/www.youtube.com\\\/channel\\\/UCHYaeO_n0Db3tjNGudGpXyw\"]},{\"@type\":\"Person\",\"@id\":\"https:\\\/\\\/radioljubuski.ba\\\/#\\\/schema\\\/person\\\/19fc700381a780f69665d7956c469e3b\",\"name\":\"Radio Ljubu\u0161ki\"}]}<\/script>\n<!-- \/ Yoast SEO plugin. -->","yoast_head_json":{"title":"Beogra\u0111anka lakirala nokte za volanom: Stru\u010dnjaci u \u0161oku, kazne nema - RADIO LJUBU\u0160KI","robots":{"index":"index","follow":"follow","max-snippet":"max-snippet:-1","max-image-preview":"max-image-preview:large","max-video-preview":"max-video-preview:-1"},"canonical":"https:\/\/radioljubuski.ba\/index.php\/2021\/06\/22\/beogradanka-lakirala-nokte-za-volanom-strucnjaci-u-soku-kazne-nema\/","og_locale":"hr_HR","og_type":"article","og_title":"Beogra\u0111anka lakirala nokte za volanom: Stru\u010dnjaci u \u0161oku, kazne nema - RADIO LJUBU\u0160KI","og_description":"\u0160minkanje, ogledanje, telefoniranje, te konzumiranje hrane i pi\u0107a je ne\u0161to \u0161to se mo\u017ee vidjeti kod voza\u010da, pa ve\u0107ina i nije iznena\u0111ena kada prisustvuje jednom takvom prizoru. Me\u0111utim, djevojka koja lakira nokte za volanom na Novom Beogradu, iznenadila je \u010dak i stru\u010dnjake. Predsjednica Prekr\u0161ajnog suda u Beogradu, Olivera Ristanovi\u0107, za Telegraf.rs ka\u017ee da niko nije o\u010dekivao [&hellip;]","og_url":"https:\/\/radioljubuski.ba\/index.php\/2021\/06\/22\/beogradanka-lakirala-nokte-za-volanom-strucnjaci-u-soku-kazne-nema\/","og_site_name":"RADIO LJUBU\u0160KI","article_publisher":"https:\/\/www.facebook.com\/Radiio-Ljubuski-1490835324566332","article_published_time":"2021-06-22T00:05:29+00:00","article_modified_time":"2021-06-22T00:05:31+00:00","og_image":[{"width":1000,"height":625,"url":"https:\/\/radioljubuski.ba\/wp-content\/uploads\/2021\/06\/9-2021-06-21-16-28-48-beo.jpg","type":"image\/jpeg"}],"author":"Radio Ljubu\u0161ki","twitter_card":"summary_large_image","twitter_creator":"@radioljubuski","twitter_site":"@radioljubuski","twitter_misc":{"Napisao\/la":"Radio Ljubu\u0161ki","Procijenjeno vrijeme \u010ditanja":"2 minute"},"schema":{"@context":"https:\/\/schema.org","@graph":[{"@type":"Article","@id":"https:\/\/radioljubuski.ba\/index.php\/2021\/06\/22\/beogradanka-lakirala-nokte-za-volanom-strucnjaci-u-soku-kazne-nema\/#article","isPartOf":{"@id":"https:\/\/radioljubuski.ba\/index.php\/2021\/06\/22\/beogradanka-lakirala-nokte-za-volanom-strucnjaci-u-soku-kazne-nema\/"},"author":{"name":"Radio Ljubu\u0161ki","@id":"https:\/\/radioljubuski.ba\/#\/schema\/person\/19fc700381a780f69665d7956c469e3b"},"headline":"Beogra\u0111anka lakirala nokte za volanom: Stru\u010dnjaci u \u0161oku, kazne nema","datePublished":"2021-06-22T00:05:29+00:00","dateModified":"2021-06-22T00:05:31+00:00","mainEntityOfPage":{"@id":"https:\/\/radioljubuski.ba\/index.php\/2021\/06\/22\/beogradanka-lakirala-nokte-za-volanom-strucnjaci-u-soku-kazne-nema\/"},"wordCount":322,"publisher":{"@id":"https:\/\/radioljubuski.ba\/#organization"},"image":{"@id":"https:\/\/radioljubuski.ba\/index.php\/2021\/06\/22\/beogradanka-lakirala-nokte-za-volanom-strucnjaci-u-soku-kazne-nema\/#primaryimage"},"thumbnailUrl":"https:\/\/radioljubuski.ba\/wp-content\/uploads\/2021\/06\/9-2021-06-21-16-28-48-beo.jpg","articleSection":["BIH i regija"],"inLanguage":"hr"},{"@type":"WebPage","@id":"https:\/\/radioljubuski.ba\/index.php\/2021\/06\/22\/beogradanka-lakirala-nokte-za-volanom-strucnjaci-u-soku-kazne-nema\/","url":"https:\/\/radioljubuski.ba\/index.php\/2021\/06\/22\/beogradanka-lakirala-nokte-za-volanom-strucnjaci-u-soku-kazne-nema\/","name":"Beogra\u0111anka lakirala nokte za volanom: Stru\u010dnjaci u \u0161oku, kazne nema - RADIO LJUBU\u0160KI","isPartOf":{"@id":"https:\/\/radioljubuski.ba\/#website"},"primaryImageOfPage":{"@id":"https:\/\/radioljubuski.ba\/index.php\/2021\/06\/22\/beogradanka-lakirala-nokte-za-volanom-strucnjaci-u-soku-kazne-nema\/#primaryimage"},"image":{"@id":"https:\/\/radioljubuski.ba\/index.php\/2021\/06\/22\/beogradanka-lakirala-nokte-za-volanom-strucnjaci-u-soku-kazne-nema\/#primaryimage"},"thumbnailUrl":"https:\/\/radioljubuski.ba\/wp-content\/uploads\/2021\/06\/9-2021-06-21-16-28-48-beo.jpg","datePublished":"2021-06-22T00:05:29+00:00","dateModified":"2021-06-22T00:05:31+00:00","breadcrumb":{"@id":"https:\/\/radioljubuski.ba\/index.php\/2021\/06\/22\/beogradanka-lakirala-nokte-za-volanom-strucnjaci-u-soku-kazne-nema\/#breadcrumb"},"inLanguage":"hr","potentialAction":[{"@type":"ReadAction","target":["https:\/\/radioljubuski.ba\/index.php\/2021\/06\/22\/beogradanka-lakirala-nokte-za-volanom-strucnjaci-u-soku-kazne-nema\/"]}]},{"@type":"ImageObject","inLanguage":"hr","@id":"https:\/\/radioljubuski.ba\/index.php\/2021\/06\/22\/beogradanka-lakirala-nokte-za-volanom-strucnjaci-u-soku-kazne-nema\/#primaryimage","url":"https:\/\/radioljubuski.ba\/wp-content\/uploads\/2021\/06\/9-2021-06-21-16-28-48-beo.jpg","contentUrl":"https:\/\/radioljubuski.ba\/wp-content\/uploads\/2021\/06\/9-2021-06-21-16-28-48-beo.jpg","width":1000,"height":625},{"@type":"BreadcrumbList","@id":"https:\/\/radioljubuski.ba\/index.php\/2021\/06\/22\/beogradanka-lakirala-nokte-za-volanom-strucnjaci-u-soku-kazne-nema\/#breadcrumb","itemListElement":[{"@type":"ListItem","position":1,"name":"Po\u010detna stranica","item":"https:\/\/radioljubuski.ba\/"},{"@type":"ListItem","position":2,"name":"Beogra\u0111anka lakirala nokte za volanom: Stru\u010dnjaci u \u0161oku, kazne nema"}]},{"@type":"WebSite","@id":"https:\/\/radioljubuski.ba\/#website","url":"https:\/\/radioljubuski.ba\/","name":"Radio Ljubu\u0161ki","description":"Sun\u010dana frekvencija Hercegovine","publisher":{"@id":"https:\/\/radioljubuski.ba\/#organization"},"potentialAction":[{"@type":"SearchAction","target":{"@type":"EntryPoint","urlTemplate":"https:\/\/radioljubuski.ba\/?s={search_term_string}"},"query-input":{"@type":"PropertyValueSpecification","valueRequired":true,"valueName":"search_term_string"}}],"inLanguage":"hr"},{"@type":"Organization","@id":"https:\/\/radioljubuski.ba\/#organization","name":"Radio Ljubu\u0161ki","url":"https:\/\/radioljubuski.ba\/","logo":{"@type":"ImageObject","inLanguage":"hr","@id":"https:\/\/radioljubuski.ba\/#\/schema\/logo\/image\/","url":"https:\/\/radioljubuski.ba\/wp-content\/uploads\/2021\/02\/cropped-Radio_Ljubuski_logo1.jpg","contentUrl":"https:\/\/radioljubuski.ba\/wp-content\/uploads\/2021\/02\/cropped-Radio_Ljubuski_logo1.jpg","width":512,"height":512,"caption":"Radio Ljubu\u0161ki"},"image":{"@id":"https:\/\/radioljubuski.ba\/#\/schema\/logo\/image\/"},"sameAs":["https:\/\/www.facebook.com\/Radiio-Ljubuski-1490835324566332","https:\/\/x.com\/radioljubuski","https:\/\/hr.linkedin.com\/company\/radio-ljubuski","https:\/\/www.youtube.com\/channel\/UCHYaeO_n0Db3tjNGudGpXyw"]},{"@type":"Person","@id":"https:\/\/radioljubuski.ba\/#\/schema\/person\/19fc700381a780f69665d7956c469e3b","name":"Radio Ljubu\u0161ki"}]}},"_links":{"self":[{"href":"https:\/\/radioljubuski.ba\/index.php\/wp-json\/wp\/v2\/posts\/34697","targetHints":{"allow":["GET"]}}],"collection":[{"href":"https:\/\/radioljubuski.ba\/index.php\/wp-json\/wp\/v2\/posts"}],"about":[{"href":"https:\/\/radioljubuski.ba\/index.php\/wp-json\/wp\/v2\/types\/post"}],"author":[{"embeddable":true,"href":"https:\/\/radioljubuski.ba\/index.php\/wp-json\/wp\/v2\/users\/2"}],"replies":[{"embeddable":true,"href":"https:\/\/radioljubuski.ba\/index.php\/wp-json\/wp\/v2\/comments?post=34697"}],"version-history":[{"count":1,"href":"https:\/\/radioljubuski.ba\/index.php\/wp-json\/wp\/v2\/posts\/34697\/revisions"}],"predecessor-version":[{"id":34699,"href":"https:\/\/radioljubuski.ba\/index.php\/wp-json\/wp\/v2\/posts\/34697\/revisions\/34699"}],"wp:featuredmedia":[{"embeddable":true,"href":"https:\/\/radioljubuski.ba\/index.php\/wp-json\/wp\/v2\/media\/34698"}],"wp:attachment":[{"href":"https:\/\/radioljubuski.ba\/index.php\/wp-json\/wp\/v2\/media?parent=34697"}],"wp:term":[{"taxonomy":"category","embeddable":true,"href":"https:\/\/radioljubuski.ba\/index.php\/wp-json\/wp\/v2\/categories?post=34697"},{"taxonomy":"post_tag","embeddable":true,"href":"https:\/\/radioljubuski.ba\/index.php\/wp-json\/wp\/v2\/tags?post=34697"}],"curies":[{"name":"wp","href":"https:\/\/api.w.org\/{rel}","templated":true}]}}