{"id":34712,"date":"2021-06-22T01:14:10","date_gmt":"2021-06-22T00:14:10","guid":{"rendered":"https:\/\/radioljubuski.ba\/?p=34712"},"modified":"2021-06-22T01:14:11","modified_gmt":"2021-06-22T00:14:11","slug":"mostar-domacin-najveceg-znanstvenog-dogadaja-u-regiji","status":"publish","type":"post","link":"https:\/\/radioljubuski.ba\/index.php\/2021\/06\/22\/mostar-domacin-najveceg-znanstvenog-dogadaja-u-regiji\/","title":{"rendered":"Mostar doma\u0107in najve\u0107eg znanstvenog doga\u0111aja u regiji"},"content":{"rendered":"\n<p>U okviru znanstvena konferencije &#8220;12. dani BHAAAS u BiH&#8221;, koja \u0107e se odr\u017eati od 24. do 27. lipnja u Mostaru, planirano je 26 stru\u010dnih simpozija iz medicinskih, tehni\u010dkih, prirodnih i humanisti\u010dkih znanosti, brojni paneli, okrugli stolovi i radionice.<\/p>\n\n\n\n<p>Predavat \u0107e oko 300 eminentnih predava\u010da pred stotinama sudionika iz vi\u0161e od 20 zemalja.<\/p>\n\n\n\n<p>Posebnu pa\u017enju stru\u010dne javnosti privukli su simpoziji iz tehni\u010dkih znanosti, koje je pripremila Tehni\u010dka sekcija Bosanskohercegova\u010dko-ameri\u010dke akademije umjetnosti i nauka (BHAAAS).<\/p>\n\n\n\n<p>Ovoga puta predstavit \u0107e najnovija istra\u017eivanja i dostignu\u0107a u razli\u010ditim oblastima tehni\u010dkih znanosti, kao i odr\u017eivom urbanom razvoju u okviru multidisciplinarnog simpozija, najavili su organizatori.<\/p>\n\n\n\n<p>Organizirano je deset sesija, u okviru kojih \u0107e biti prezentirano 63 rada.<\/p>\n\n\n\n<p>Radovi koji su prihva\u0107eni bi\u0107e objavljeni u Advanced Technologies Systems (izdava\u010d Springer Nature), a urednici su: prof. dr. Naida Ademovi\u0107, prof. dr. Edin Muj\u010di\u0107, prof. dr. Zlatan Ak\u0161amija, prof. dr. Jasmin Kevri\u0107, prof. dr. Samir Avdakovi\u0107, prof. dr. Ismar Voli\u0107.<\/p>\n\n\n\n<p>Po prvi put u sklopu Dana BHAAAS-a bit \u0107e odr\u017eat i simpozij na temu &#8220;Odr\u017eivi urbani razvoj: Projektiranje pametnih, inkluzivnih i otpornih gradova&#8221; na kojem \u0107e se okupiti stru\u010dnjaci iz oblast arhitekture, urbanizma, gra\u0111evinarstva i elektrotehnike.<\/p>\n\n\n\n<p>Voditeljica simpozija prof. dr. Tijana Tufek-Memi\u0161evi\u0107 napominje va\u017enost interdisciplinarnog pristupa izazovima odr\u017eivom razvoju, te zna\u010daj u\u010de\u0161\u0107a i obrazovanja javnosti.<\/p>\n\n\n\n<p>Znanstveni radovi koji budu prezentirani na simpoziju ujedno \u0107e se objaviti i u uglednom znanstvenom magazinu &#8220;Springer&#8221;.<\/p>\n\n\n\n<p>Planirana je i panel diskusija s predavanjima gostuju\u0107ih stru\u010dnjaka na temu urbanog razvoja u regiji. Svoja iskustva i radove kroz gostuju\u0107a predavanja podijelit \u0107e i svjetski stru\u010dnjaci koji trenutno predvode razli\u010dite urbanisti\u010dke platforme.<\/p>\n\n\n\n<p>U sklopu \u010detverodnevne konferencije organiziran je i natje\u010daj za studente iz tehni\u010dkih oblasti na temu &#8220;Let&#8217;s talk Smart&#8221;, a pobjednici istog imat \u0107e priliku podijeliti svoje ideje s publikom na simpoziju.<\/p>\n\n\n\n<p>Podsje\u0107amo, &#8220;Dani BHAAAS u BiH&#8221; odr\u017eavaju se svake godine, a organizator je jedna od najve\u0107ih i najzna\u010dajnijih organizacija akademske bh. dijaspore Bosanskohercegova\u010dko-ameri\u010dka akademija umjetnosti i nauka.<\/p>\n\n\n\n<p>Izvor:pogled.ba<\/p>\n","protected":false},"excerpt":{"rendered":"<p>U okviru znanstvena konferencije &#8220;12. dani BHAAAS u BiH&#8221;, koja \u0107e se odr\u017eati od 24. do 27. lipnja u Mostaru, planirano je 26 stru\u010dnih simpozija iz medicinskih, tehni\u010dkih, prirodnih i humanisti\u010dkih znanosti, brojni paneli, okrugli stolovi i radionice. Predavat \u0107e oko 300 eminentnih predava\u010da pred stotinama sudionika iz vi\u0161e od 20 zemalja. Posebnu pa\u017enju stru\u010dne [&hellip;]<\/p>\n","protected":false},"author":2,"featured_media":34713,"comment_status":"closed","ping_status":"closed","sticky":false,"template":"","format":"standard","meta":{"h5ap_radio_sources":[],"footnotes":""},"categories":[1],"tags":[],"class_list":["post-34712","post","type-post","status-publish","format-standard","has-post-thumbnail","hentry","category-bihiregija"],"yoast_head":"<!-- This site is optimized with the Yoast SEO plugin v27.5 - https:\/\/yoast.com\/product\/yoast-seo-wordpress\/ -->\n<title>Mostar doma\u0107in najve\u0107eg znanstvenog doga\u0111aja u regiji - RADIO LJUBU\u0160KI<\/title>\n<meta name=\"robots\" content=\"index, follow, max-snippet:-1, max-image-preview:large, max-video-preview:-1\" \/>\n<link rel=\"canonical\" href=\"https:\/\/radioljubuski.ba\/index.php\/2021\/06\/22\/mostar-domacin-najveceg-znanstvenog-dogadaja-u-regiji\/\" \/>\n<meta property=\"og:locale\" content=\"hr_HR\" \/>\n<meta property=\"og:type\" content=\"article\" \/>\n<meta property=\"og:title\" content=\"Mostar doma\u0107in najve\u0107eg znanstvenog doga\u0111aja u regiji - RADIO LJUBU\u0160KI\" \/>\n<meta property=\"og:description\" content=\"U okviru znanstvena konferencije &#8220;12. dani BHAAAS u BiH&#8221;, koja \u0107e se odr\u017eati od 24. do 27. lipnja u Mostaru, planirano je 26 stru\u010dnih simpozija iz medicinskih, tehni\u010dkih, prirodnih i humanisti\u010dkih znanosti, brojni paneli, okrugli stolovi i radionice. Predavat \u0107e oko 300 eminentnih predava\u010da pred stotinama sudionika iz vi\u0161e od 20 zemalja. Posebnu pa\u017enju stru\u010dne [&hellip;]\" \/>\n<meta property=\"og:url\" content=\"https:\/\/radioljubuski.ba\/index.php\/2021\/06\/22\/mostar-domacin-najveceg-znanstvenog-dogadaja-u-regiji\/\" \/>\n<meta property=\"og:site_name\" content=\"RADIO LJUBU\u0160KI\" \/>\n<meta property=\"article:publisher\" content=\"https:\/\/www.facebook.com\/Radiio-Ljubuski-1490835324566332\" \/>\n<meta property=\"article:published_time\" content=\"2021-06-22T00:14:10+00:00\" \/>\n<meta property=\"article:modified_time\" content=\"2021-06-22T00:14:11+00:00\" \/>\n<meta property=\"og:image\" content=\"https:\/\/radioljubuski.ba\/wp-content\/uploads\/2021\/06\/9-2021-06-21-14-16-16-IMG_20210331_194159.jpg\" \/>\n\t<meta property=\"og:image:width\" content=\"1000\" \/>\n\t<meta property=\"og:image:height\" content=\"625\" \/>\n\t<meta property=\"og:image:type\" content=\"image\/jpeg\" \/>\n<meta name=\"author\" content=\"Radio Ljubu\u0161ki\" \/>\n<meta name=\"twitter:card\" content=\"summary_large_image\" \/>\n<meta name=\"twitter:creator\" content=\"@radioljubuski\" \/>\n<meta name=\"twitter:site\" content=\"@radioljubuski\" \/>\n<meta name=\"twitter:label1\" content=\"Napisao\/la\" \/>\n\t<meta name=\"twitter:data1\" content=\"Radio Ljubu\u0161ki\" \/>\n\t<meta name=\"twitter:label2\" content=\"Procijenjeno vrijeme \u010ditanja\" \/>\n\t<meta name=\"twitter:data2\" content=\"2 minute\" \/>\n<script type=\"application\/ld+json\" class=\"yoast-schema-graph\">{\"@context\":\"https:\\\/\\\/schema.org\",\"@graph\":[{\"@type\":\"Article\",\"@id\":\"https:\\\/\\\/radioljubuski.ba\\\/index.php\\\/2021\\\/06\\\/22\\\/mostar-domacin-najveceg-znanstvenog-dogadaja-u-regiji\\\/#article\",\"isPartOf\":{\"@id\":\"https:\\\/\\\/radioljubuski.ba\\\/index.php\\\/2021\\\/06\\\/22\\\/mostar-domacin-najveceg-znanstvenog-dogadaja-u-regiji\\\/\"},\"author\":{\"name\":\"Radio Ljubu\u0161ki\",\"@id\":\"https:\\\/\\\/radioljubuski.ba\\\/#\\\/schema\\\/person\\\/19fc700381a780f69665d7956c469e3b\"},\"headline\":\"Mostar doma\u0107in najve\u0107eg znanstvenog doga\u0111aja u regiji\",\"datePublished\":\"2021-06-22T00:14:10+00:00\",\"dateModified\":\"2021-06-22T00:14:11+00:00\",\"mainEntityOfPage\":{\"@id\":\"https:\\\/\\\/radioljubuski.ba\\\/index.php\\\/2021\\\/06\\\/22\\\/mostar-domacin-najveceg-znanstvenog-dogadaja-u-regiji\\\/\"},\"wordCount\":364,\"publisher\":{\"@id\":\"https:\\\/\\\/radioljubuski.ba\\\/#organization\"},\"image\":{\"@id\":\"https:\\\/\\\/radioljubuski.ba\\\/index.php\\\/2021\\\/06\\\/22\\\/mostar-domacin-najveceg-znanstvenog-dogadaja-u-regiji\\\/#primaryimage\"},\"thumbnailUrl\":\"https:\\\/\\\/radioljubuski.ba\\\/wp-content\\\/uploads\\\/2021\\\/06\\\/9-2021-06-21-14-16-16-IMG_20210331_194159.jpg\",\"articleSection\":[\"BIH i regija\"],\"inLanguage\":\"hr\"},{\"@type\":\"WebPage\",\"@id\":\"https:\\\/\\\/radioljubuski.ba\\\/index.php\\\/2021\\\/06\\\/22\\\/mostar-domacin-najveceg-znanstvenog-dogadaja-u-regiji\\\/\",\"url\":\"https:\\\/\\\/radioljubuski.ba\\\/index.php\\\/2021\\\/06\\\/22\\\/mostar-domacin-najveceg-znanstvenog-dogadaja-u-regiji\\\/\",\"name\":\"Mostar doma\u0107in najve\u0107eg znanstvenog doga\u0111aja u regiji - RADIO LJUBU\u0160KI\",\"isPartOf\":{\"@id\":\"https:\\\/\\\/radioljubuski.ba\\\/#website\"},\"primaryImageOfPage\":{\"@id\":\"https:\\\/\\\/radioljubuski.ba\\\/index.php\\\/2021\\\/06\\\/22\\\/mostar-domacin-najveceg-znanstvenog-dogadaja-u-regiji\\\/#primaryimage\"},\"image\":{\"@id\":\"https:\\\/\\\/radioljubuski.ba\\\/index.php\\\/2021\\\/06\\\/22\\\/mostar-domacin-najveceg-znanstvenog-dogadaja-u-regiji\\\/#primaryimage\"},\"thumbnailUrl\":\"https:\\\/\\\/radioljubuski.ba\\\/wp-content\\\/uploads\\\/2021\\\/06\\\/9-2021-06-21-14-16-16-IMG_20210331_194159.jpg\",\"datePublished\":\"2021-06-22T00:14:10+00:00\",\"dateModified\":\"2021-06-22T00:14:11+00:00\",\"breadcrumb\":{\"@id\":\"https:\\\/\\\/radioljubuski.ba\\\/index.php\\\/2021\\\/06\\\/22\\\/mostar-domacin-najveceg-znanstvenog-dogadaja-u-regiji\\\/#breadcrumb\"},\"inLanguage\":\"hr\",\"potentialAction\":[{\"@type\":\"ReadAction\",\"target\":[\"https:\\\/\\\/radioljubuski.ba\\\/index.php\\\/2021\\\/06\\\/22\\\/mostar-domacin-najveceg-znanstvenog-dogadaja-u-regiji\\\/\"]}]},{\"@type\":\"ImageObject\",\"inLanguage\":\"hr\",\"@id\":\"https:\\\/\\\/radioljubuski.ba\\\/index.php\\\/2021\\\/06\\\/22\\\/mostar-domacin-najveceg-znanstvenog-dogadaja-u-regiji\\\/#primaryimage\",\"url\":\"https:\\\/\\\/radioljubuski.ba\\\/wp-content\\\/uploads\\\/2021\\\/06\\\/9-2021-06-21-14-16-16-IMG_20210331_194159.jpg\",\"contentUrl\":\"https:\\\/\\\/radioljubuski.ba\\\/wp-content\\\/uploads\\\/2021\\\/06\\\/9-2021-06-21-14-16-16-IMG_20210331_194159.jpg\",\"width\":1000,\"height\":625},{\"@type\":\"BreadcrumbList\",\"@id\":\"https:\\\/\\\/radioljubuski.ba\\\/index.php\\\/2021\\\/06\\\/22\\\/mostar-domacin-najveceg-znanstvenog-dogadaja-u-regiji\\\/#breadcrumb\",\"itemListElement\":[{\"@type\":\"ListItem\",\"position\":1,\"name\":\"Po\u010detna stranica\",\"item\":\"https:\\\/\\\/radioljubuski.ba\\\/\"},{\"@type\":\"ListItem\",\"position\":2,\"name\":\"Mostar doma\u0107in najve\u0107eg znanstvenog doga\u0111aja u regiji\"}]},{\"@type\":\"WebSite\",\"@id\":\"https:\\\/\\\/radioljubuski.ba\\\/#website\",\"url\":\"https:\\\/\\\/radioljubuski.ba\\\/\",\"name\":\"Radio Ljubu\u0161ki\",\"description\":\"Sun\u010dana frekvencija Hercegovine\",\"publisher\":{\"@id\":\"https:\\\/\\\/radioljubuski.ba\\\/#organization\"},\"potentialAction\":[{\"@type\":\"SearchAction\",\"target\":{\"@type\":\"EntryPoint\",\"urlTemplate\":\"https:\\\/\\\/radioljubuski.ba\\\/?s={search_term_string}\"},\"query-input\":{\"@type\":\"PropertyValueSpecification\",\"valueRequired\":true,\"valueName\":\"search_term_string\"}}],\"inLanguage\":\"hr\"},{\"@type\":\"Organization\",\"@id\":\"https:\\\/\\\/radioljubuski.ba\\\/#organization\",\"name\":\"Radio Ljubu\u0161ki\",\"url\":\"https:\\\/\\\/radioljubuski.ba\\\/\",\"logo\":{\"@type\":\"ImageObject\",\"inLanguage\":\"hr\",\"@id\":\"https:\\\/\\\/radioljubuski.ba\\\/#\\\/schema\\\/logo\\\/image\\\/\",\"url\":\"https:\\\/\\\/radioljubuski.ba\\\/wp-content\\\/uploads\\\/2021\\\/02\\\/cropped-Radio_Ljubuski_logo1.jpg\",\"contentUrl\":\"https:\\\/\\\/radioljubuski.ba\\\/wp-content\\\/uploads\\\/2021\\\/02\\\/cropped-Radio_Ljubuski_logo1.jpg\",\"width\":512,\"height\":512,\"caption\":\"Radio Ljubu\u0161ki\"},\"image\":{\"@id\":\"https:\\\/\\\/radioljubuski.ba\\\/#\\\/schema\\\/logo\\\/image\\\/\"},\"sameAs\":[\"https:\\\/\\\/www.facebook.com\\\/Radiio-Ljubuski-1490835324566332\",\"https:\\\/\\\/x.com\\\/radioljubuski\",\"https:\\\/\\\/hr.linkedin.com\\\/company\\\/radio-ljubuski\",\"https:\\\/\\\/www.youtube.com\\\/channel\\\/UCHYaeO_n0Db3tjNGudGpXyw\"]},{\"@type\":\"Person\",\"@id\":\"https:\\\/\\\/radioljubuski.ba\\\/#\\\/schema\\\/person\\\/19fc700381a780f69665d7956c469e3b\",\"name\":\"Radio Ljubu\u0161ki\"}]}<\/script>\n<!-- \/ Yoast SEO plugin. -->","yoast_head_json":{"title":"Mostar doma\u0107in najve\u0107eg znanstvenog doga\u0111aja u regiji - RADIO LJUBU\u0160KI","robots":{"index":"index","follow":"follow","max-snippet":"max-snippet:-1","max-image-preview":"max-image-preview:large","max-video-preview":"max-video-preview:-1"},"canonical":"https:\/\/radioljubuski.ba\/index.php\/2021\/06\/22\/mostar-domacin-najveceg-znanstvenog-dogadaja-u-regiji\/","og_locale":"hr_HR","og_type":"article","og_title":"Mostar doma\u0107in najve\u0107eg znanstvenog doga\u0111aja u regiji - RADIO LJUBU\u0160KI","og_description":"U okviru znanstvena konferencije &#8220;12. dani BHAAAS u BiH&#8221;, koja \u0107e se odr\u017eati od 24. do 27. lipnja u Mostaru, planirano je 26 stru\u010dnih simpozija iz medicinskih, tehni\u010dkih, prirodnih i humanisti\u010dkih znanosti, brojni paneli, okrugli stolovi i radionice. Predavat \u0107e oko 300 eminentnih predava\u010da pred stotinama sudionika iz vi\u0161e od 20 zemalja. Posebnu pa\u017enju stru\u010dne [&hellip;]","og_url":"https:\/\/radioljubuski.ba\/index.php\/2021\/06\/22\/mostar-domacin-najveceg-znanstvenog-dogadaja-u-regiji\/","og_site_name":"RADIO LJUBU\u0160KI","article_publisher":"https:\/\/www.facebook.com\/Radiio-Ljubuski-1490835324566332","article_published_time":"2021-06-22T00:14:10+00:00","article_modified_time":"2021-06-22T00:14:11+00:00","og_image":[{"width":1000,"height":625,"url":"https:\/\/radioljubuski.ba\/wp-content\/uploads\/2021\/06\/9-2021-06-21-14-16-16-IMG_20210331_194159.jpg","type":"image\/jpeg"}],"author":"Radio Ljubu\u0161ki","twitter_card":"summary_large_image","twitter_creator":"@radioljubuski","twitter_site":"@radioljubuski","twitter_misc":{"Napisao\/la":"Radio Ljubu\u0161ki","Procijenjeno vrijeme \u010ditanja":"2 minute"},"schema":{"@context":"https:\/\/schema.org","@graph":[{"@type":"Article","@id":"https:\/\/radioljubuski.ba\/index.php\/2021\/06\/22\/mostar-domacin-najveceg-znanstvenog-dogadaja-u-regiji\/#article","isPartOf":{"@id":"https:\/\/radioljubuski.ba\/index.php\/2021\/06\/22\/mostar-domacin-najveceg-znanstvenog-dogadaja-u-regiji\/"},"author":{"name":"Radio Ljubu\u0161ki","@id":"https:\/\/radioljubuski.ba\/#\/schema\/person\/19fc700381a780f69665d7956c469e3b"},"headline":"Mostar doma\u0107in najve\u0107eg znanstvenog doga\u0111aja u regiji","datePublished":"2021-06-22T00:14:10+00:00","dateModified":"2021-06-22T00:14:11+00:00","mainEntityOfPage":{"@id":"https:\/\/radioljubuski.ba\/index.php\/2021\/06\/22\/mostar-domacin-najveceg-znanstvenog-dogadaja-u-regiji\/"},"wordCount":364,"publisher":{"@id":"https:\/\/radioljubuski.ba\/#organization"},"image":{"@id":"https:\/\/radioljubuski.ba\/index.php\/2021\/06\/22\/mostar-domacin-najveceg-znanstvenog-dogadaja-u-regiji\/#primaryimage"},"thumbnailUrl":"https:\/\/radioljubuski.ba\/wp-content\/uploads\/2021\/06\/9-2021-06-21-14-16-16-IMG_20210331_194159.jpg","articleSection":["BIH i regija"],"inLanguage":"hr"},{"@type":"WebPage","@id":"https:\/\/radioljubuski.ba\/index.php\/2021\/06\/22\/mostar-domacin-najveceg-znanstvenog-dogadaja-u-regiji\/","url":"https:\/\/radioljubuski.ba\/index.php\/2021\/06\/22\/mostar-domacin-najveceg-znanstvenog-dogadaja-u-regiji\/","name":"Mostar doma\u0107in najve\u0107eg znanstvenog doga\u0111aja u regiji - RADIO LJUBU\u0160KI","isPartOf":{"@id":"https:\/\/radioljubuski.ba\/#website"},"primaryImageOfPage":{"@id":"https:\/\/radioljubuski.ba\/index.php\/2021\/06\/22\/mostar-domacin-najveceg-znanstvenog-dogadaja-u-regiji\/#primaryimage"},"image":{"@id":"https:\/\/radioljubuski.ba\/index.php\/2021\/06\/22\/mostar-domacin-najveceg-znanstvenog-dogadaja-u-regiji\/#primaryimage"},"thumbnailUrl":"https:\/\/radioljubuski.ba\/wp-content\/uploads\/2021\/06\/9-2021-06-21-14-16-16-IMG_20210331_194159.jpg","datePublished":"2021-06-22T00:14:10+00:00","dateModified":"2021-06-22T00:14:11+00:00","breadcrumb":{"@id":"https:\/\/radioljubuski.ba\/index.php\/2021\/06\/22\/mostar-domacin-najveceg-znanstvenog-dogadaja-u-regiji\/#breadcrumb"},"inLanguage":"hr","potentialAction":[{"@type":"ReadAction","target":["https:\/\/radioljubuski.ba\/index.php\/2021\/06\/22\/mostar-domacin-najveceg-znanstvenog-dogadaja-u-regiji\/"]}]},{"@type":"ImageObject","inLanguage":"hr","@id":"https:\/\/radioljubuski.ba\/index.php\/2021\/06\/22\/mostar-domacin-najveceg-znanstvenog-dogadaja-u-regiji\/#primaryimage","url":"https:\/\/radioljubuski.ba\/wp-content\/uploads\/2021\/06\/9-2021-06-21-14-16-16-IMG_20210331_194159.jpg","contentUrl":"https:\/\/radioljubuski.ba\/wp-content\/uploads\/2021\/06\/9-2021-06-21-14-16-16-IMG_20210331_194159.jpg","width":1000,"height":625},{"@type":"BreadcrumbList","@id":"https:\/\/radioljubuski.ba\/index.php\/2021\/06\/22\/mostar-domacin-najveceg-znanstvenog-dogadaja-u-regiji\/#breadcrumb","itemListElement":[{"@type":"ListItem","position":1,"name":"Po\u010detna stranica","item":"https:\/\/radioljubuski.ba\/"},{"@type":"ListItem","position":2,"name":"Mostar doma\u0107in najve\u0107eg znanstvenog doga\u0111aja u regiji"}]},{"@type":"WebSite","@id":"https:\/\/radioljubuski.ba\/#website","url":"https:\/\/radioljubuski.ba\/","name":"Radio Ljubu\u0161ki","description":"Sun\u010dana frekvencija Hercegovine","publisher":{"@id":"https:\/\/radioljubuski.ba\/#organization"},"potentialAction":[{"@type":"SearchAction","target":{"@type":"EntryPoint","urlTemplate":"https:\/\/radioljubuski.ba\/?s={search_term_string}"},"query-input":{"@type":"PropertyValueSpecification","valueRequired":true,"valueName":"search_term_string"}}],"inLanguage":"hr"},{"@type":"Organization","@id":"https:\/\/radioljubuski.ba\/#organization","name":"Radio Ljubu\u0161ki","url":"https:\/\/radioljubuski.ba\/","logo":{"@type":"ImageObject","inLanguage":"hr","@id":"https:\/\/radioljubuski.ba\/#\/schema\/logo\/image\/","url":"https:\/\/radioljubuski.ba\/wp-content\/uploads\/2021\/02\/cropped-Radio_Ljubuski_logo1.jpg","contentUrl":"https:\/\/radioljubuski.ba\/wp-content\/uploads\/2021\/02\/cropped-Radio_Ljubuski_logo1.jpg","width":512,"height":512,"caption":"Radio Ljubu\u0161ki"},"image":{"@id":"https:\/\/radioljubuski.ba\/#\/schema\/logo\/image\/"},"sameAs":["https:\/\/www.facebook.com\/Radiio-Ljubuski-1490835324566332","https:\/\/x.com\/radioljubuski","https:\/\/hr.linkedin.com\/company\/radio-ljubuski","https:\/\/www.youtube.com\/channel\/UCHYaeO_n0Db3tjNGudGpXyw"]},{"@type":"Person","@id":"https:\/\/radioljubuski.ba\/#\/schema\/person\/19fc700381a780f69665d7956c469e3b","name":"Radio Ljubu\u0161ki"}]}},"_links":{"self":[{"href":"https:\/\/radioljubuski.ba\/index.php\/wp-json\/wp\/v2\/posts\/34712","targetHints":{"allow":["GET"]}}],"collection":[{"href":"https:\/\/radioljubuski.ba\/index.php\/wp-json\/wp\/v2\/posts"}],"about":[{"href":"https:\/\/radioljubuski.ba\/index.php\/wp-json\/wp\/v2\/types\/post"}],"author":[{"embeddable":true,"href":"https:\/\/radioljubuski.ba\/index.php\/wp-json\/wp\/v2\/users\/2"}],"replies":[{"embeddable":true,"href":"https:\/\/radioljubuski.ba\/index.php\/wp-json\/wp\/v2\/comments?post=34712"}],"version-history":[{"count":1,"href":"https:\/\/radioljubuski.ba\/index.php\/wp-json\/wp\/v2\/posts\/34712\/revisions"}],"predecessor-version":[{"id":34714,"href":"https:\/\/radioljubuski.ba\/index.php\/wp-json\/wp\/v2\/posts\/34712\/revisions\/34714"}],"wp:featuredmedia":[{"embeddable":true,"href":"https:\/\/radioljubuski.ba\/index.php\/wp-json\/wp\/v2\/media\/34713"}],"wp:attachment":[{"href":"https:\/\/radioljubuski.ba\/index.php\/wp-json\/wp\/v2\/media?parent=34712"}],"wp:term":[{"taxonomy":"category","embeddable":true,"href":"https:\/\/radioljubuski.ba\/index.php\/wp-json\/wp\/v2\/categories?post=34712"},{"taxonomy":"post_tag","embeddable":true,"href":"https:\/\/radioljubuski.ba\/index.php\/wp-json\/wp\/v2\/tags?post=34712"}],"curies":[{"name":"wp","href":"https:\/\/api.w.org\/{rel}","templated":true}]}}