{"id":34736,"date":"2021-06-22T09:25:23","date_gmt":"2021-06-22T08:25:23","guid":{"rendered":"https:\/\/radioljubuski.ba\/?p=34736"},"modified":"2021-06-22T09:25:23","modified_gmt":"2021-06-22T08:25:23","slug":"22-lipnja-1945-fra-bono-jelavic-nevina-zrtva-partizanskih-likvidacija","status":"publish","type":"post","link":"https:\/\/radioljubuski.ba\/index.php\/2021\/06\/22\/22-lipnja-1945-fra-bono-jelavic-nevina-zrtva-partizanskih-likvidacija\/","title":{"rendered":"22. lipnja 1945. fra Bono Jelavi\u0107 \u2013 nevina \u017ertva partizanskih likvidacija"},"content":{"rendered":"\n<p><strong>Fra Bono samo je jedna od sudbina stotina hrvatskih katoli\u010dkih sve\u0107enika i mu\u010denika koji su ubijeni radi svoje pripadnosti Katoli\u010dkoj Crkvi. Mu\u010deni\u0161tvo brojnih sve\u0107enika i \u010dasnih sestara u II. svjetskom ratu i nakon njega je toliko veliko da mu gotovo nema ravna u Europi.<\/strong><\/p>\n\n\n\n<p><strong>Ve\u0107ina njih je ubijena iz mr\u017enje prema vjeri (in odium fidei) Zato se Hrvati nadaju da \u0107e to biti prepoznato, te da \u0107e veliki dio tih mu\u010denika kao npr. u Poljskoj i \u0160panjolskaoj biti i kanoniziran, na \u010delu sa njihovim pastirom i mu\u010denikom Alojzijem Stepincem.<\/strong><\/p>\n\n\n\n<p>Fra Bono Jelavi\u0107 bio je vrstan sve\u0107enik i intelektualac. Partizani su ga bolesnog ubili negdje izme\u0111u Siska i Velike Gorice, nakon zavr\u0161etka rata 1945. godine, mogu\u0107e u svibnju ili lipnju mjesecu.<\/p>\n\n\n\n<p>Za grob mu se do danas ne zna.<\/p>\n\n\n\n<p>Ivan Jelavi\u0107 rodio se 17. studenoga 1898. u Veljacima. Kr\u0161ten je istog dana kao sedmo od osmero djece majke Anice, r. Mi\u0161eti\u0107, i oca Jure (Juke) Jelavi\u0107a.<\/p>\n\n\n\n<p>Imao je ro\u0111enog brata franjevca, fra Antu. Osnovnu \u0161kolu zavr\u0161io je u Veljacima 1906. \u2013 1910., gimnaziju na \u0160irokom Brijegu 1910. \u2013 1920. (?), a bogosloviju u Mostaru, Paderbornu i Ljubljani. Doktorat iz teologije polo\u017eio je 5. o\u017eujka 1932. na sveu\u010dili\u0161tu u Ljubljani. U franjeva\u010dki red stupio je 10. svibnja 1916. na Humcu.<\/p>\n\n\n\n<p>Prema zabilje\u0161ci u Arhivu Provincije, fra Bono Jelavi\u0107 ubijen je nakon zavr\u0161etka rata 1945. negdje kod Velike Gorice. Fra Janko Bubalo zapisao je da je fra Bono \u00bbkoncem svibnja \u010detrdeset i pete negdje kod Siska gurnut u jarak\u00ab, dakle ubijen. O tome, dakle, nema nikakva pouzdana podatka, pa se ne zna kada je to\u010dno ubijen. Svakako, ubili su ga partizani 1945. negdje na podru\u010dju izme\u0111u Velike Gorice i Siska. Za grob mu se ne zna.<\/p>\n\n\n\n<p>Me\u0111u pisanim svjedo\u010danstvima nema nijednoga koje bi govorilo da je netko od svjedoka toga ubojstva ne\u0161to o tome ili zabilje\u017eio ili pak nekome o tome ne\u0161to ispri\u010dao. Ne treba ni napominjati da je ubijen bez ikakva su\u0111enja! Zanimljivo je mo\u017eda napomenuti kakve su la\u017ei \u0161irili komunisti\u010dki aktivisti koji su na taj na\u010din, dakako, htjeli opravdati njegovo ubojstvo.<\/p>\n\n\n\n<p>Fra Janko Bubalo zabilje\u017eio je tako pri\u010du Franje Gad\u017ee, rodom iz Grabovnika. Taj Franjo \u00bbbio je glup i nepismen. A bio je la\u017eac kakvih sam malo u \u017eivotu sretao. Samo jedna stvar\u010dica: on je toliko puta (nikada javno), mene samoga, u \u010detiri oka, uvjeravao kako je pok. fra Bono bio zlo\u010dinac; da je on bio stalno u svom habitu i da je preko njega bio opasan najmodernijim pi\u0161toljem i dvjema bombama na opasa\u010du. Ja sam ga toliko puta, bez straha, u tu (samo njegovu) la\u017e razuvjeravao, ali\u2026\u00ab<\/p>\n\n\n\n<p>Mo\u017eemo samo zamisliti bolesnoga fra Bonu (koji je bio bolestan na bubrege) kako se, ako nije u bolesni\u010dkom krevetu, jedva vu\u010de uz pomo\u0107 \u0161tapa i kako oko pasa nosi bombe i najmoderniji pi\u0161tolj!?<\/p>\n\n\n\n<p>Fra Bono samo je jedna od sudbina stotina hrvatskih katoli\u010dkih sve\u0107enika i mu\u010denika koji su ubijeni radi svoje pripadnosti Katoli\u010dkoj Crkvi. Mu\u010deni\u0161tvo brojnih sve\u0107enika i \u010dasnih sestara u II. svjetskom ratu i nakon njega je toliko veliko da mu gotovo nema ravna u Europi. Ve\u0107ina njih je ubijena iz mr\u017enje prema vjeri (in odium fidei) Zato se Hrvati nadaju da \u0107e to biti prepoznato, te da \u0107e dio tih mu\u010denika biti i kanoniziran, na \u010delu sa njihovim pastirom i mu\u010denikom Alojzijem Stepincem.<\/p>\n\n\n\n<p><em>Izvor: narod.hr<\/em><\/p>\n","protected":false},"excerpt":{"rendered":"<p>Fra Bono samo je jedna od sudbina stotina hrvatskih katoli\u010dkih sve\u0107enika i mu\u010denika koji su ubijeni radi svoje pripadnosti Katoli\u010dkoj Crkvi. Mu\u010deni\u0161tvo brojnih sve\u0107enika i \u010dasnih sestara u II. svjetskom ratu i nakon njega je toliko veliko da mu gotovo nema ravna u Europi. Ve\u0107ina njih je ubijena iz mr\u017enje prema vjeri (in odium fidei) [&hellip;]<\/p>\n","protected":false},"author":2,"featured_media":34737,"comment_status":"closed","ping_status":"closed","sticky":false,"template":"","format":"standard","meta":{"h5ap_radio_sources":[],"footnotes":""},"categories":[1],"tags":[],"class_list":["post-34736","post","type-post","status-publish","format-standard","has-post-thumbnail","hentry","category-bihiregija"],"yoast_head":"<!-- This site is optimized with the Yoast SEO plugin v27.5 - https:\/\/yoast.com\/product\/yoast-seo-wordpress\/ -->\n<title>22. lipnja 1945. fra Bono Jelavi\u0107 \u2013 nevina \u017ertva partizanskih likvidacija - RADIO LJUBU\u0160KI<\/title>\n<meta name=\"robots\" content=\"index, follow, max-snippet:-1, max-image-preview:large, max-video-preview:-1\" \/>\n<link rel=\"canonical\" href=\"https:\/\/radioljubuski.ba\/index.php\/2021\/06\/22\/22-lipnja-1945-fra-bono-jelavic-nevina-zrtva-partizanskih-likvidacija\/\" \/>\n<meta property=\"og:locale\" content=\"hr_HR\" \/>\n<meta property=\"og:type\" content=\"article\" \/>\n<meta property=\"og:title\" content=\"22. lipnja 1945. fra Bono Jelavi\u0107 \u2013 nevina \u017ertva partizanskih likvidacija - RADIO LJUBU\u0160KI\" \/>\n<meta property=\"og:description\" content=\"Fra Bono samo je jedna od sudbina stotina hrvatskih katoli\u010dkih sve\u0107enika i mu\u010denika koji su ubijeni radi svoje pripadnosti Katoli\u010dkoj Crkvi. Mu\u010deni\u0161tvo brojnih sve\u0107enika i \u010dasnih sestara u II. svjetskom ratu i nakon njega je toliko veliko da mu gotovo nema ravna u Europi. Ve\u0107ina njih je ubijena iz mr\u017enje prema vjeri (in odium fidei) [&hellip;]\" \/>\n<meta property=\"og:url\" content=\"https:\/\/radioljubuski.ba\/index.php\/2021\/06\/22\/22-lipnja-1945-fra-bono-jelavic-nevina-zrtva-partizanskih-likvidacija\/\" \/>\n<meta property=\"og:site_name\" content=\"RADIO LJUBU\u0160KI\" \/>\n<meta property=\"article:publisher\" content=\"https:\/\/www.facebook.com\/Radiio-Ljubuski-1490835324566332\" \/>\n<meta property=\"article:published_time\" content=\"2021-06-22T08:25:23+00:00\" \/>\n<meta property=\"og:image\" content=\"https:\/\/radioljubuski.ba\/wp-content\/uploads\/2021\/06\/fra-bono-jugoslavija-tito-696x464-1.jpg\" \/>\n\t<meta property=\"og:image:width\" content=\"696\" \/>\n\t<meta property=\"og:image:height\" content=\"464\" \/>\n\t<meta property=\"og:image:type\" content=\"image\/jpeg\" \/>\n<meta name=\"author\" content=\"Radio Ljubu\u0161ki\" \/>\n<meta name=\"twitter:card\" content=\"summary_large_image\" \/>\n<meta name=\"twitter:creator\" content=\"@radioljubuski\" \/>\n<meta name=\"twitter:site\" content=\"@radioljubuski\" \/>\n<meta name=\"twitter:label1\" content=\"Napisao\/la\" \/>\n\t<meta name=\"twitter:data1\" content=\"Radio Ljubu\u0161ki\" \/>\n\t<meta name=\"twitter:label2\" content=\"Procijenjeno vrijeme \u010ditanja\" \/>\n\t<meta name=\"twitter:data2\" content=\"3 minute\" \/>\n<script type=\"application\/ld+json\" class=\"yoast-schema-graph\">{\"@context\":\"https:\\\/\\\/schema.org\",\"@graph\":[{\"@type\":\"Article\",\"@id\":\"https:\\\/\\\/radioljubuski.ba\\\/index.php\\\/2021\\\/06\\\/22\\\/22-lipnja-1945-fra-bono-jelavic-nevina-zrtva-partizanskih-likvidacija\\\/#article\",\"isPartOf\":{\"@id\":\"https:\\\/\\\/radioljubuski.ba\\\/index.php\\\/2021\\\/06\\\/22\\\/22-lipnja-1945-fra-bono-jelavic-nevina-zrtva-partizanskih-likvidacija\\\/\"},\"author\":{\"name\":\"Radio Ljubu\u0161ki\",\"@id\":\"https:\\\/\\\/radioljubuski.ba\\\/#\\\/schema\\\/person\\\/19fc700381a780f69665d7956c469e3b\"},\"headline\":\"22. lipnja 1945. fra Bono Jelavi\u0107 \u2013 nevina \u017ertva partizanskih likvidacija\",\"datePublished\":\"2021-06-22T08:25:23+00:00\",\"mainEntityOfPage\":{\"@id\":\"https:\\\/\\\/radioljubuski.ba\\\/index.php\\\/2021\\\/06\\\/22\\\/22-lipnja-1945-fra-bono-jelavic-nevina-zrtva-partizanskih-likvidacija\\\/\"},\"wordCount\":601,\"publisher\":{\"@id\":\"https:\\\/\\\/radioljubuski.ba\\\/#organization\"},\"image\":{\"@id\":\"https:\\\/\\\/radioljubuski.ba\\\/index.php\\\/2021\\\/06\\\/22\\\/22-lipnja-1945-fra-bono-jelavic-nevina-zrtva-partizanskih-likvidacija\\\/#primaryimage\"},\"thumbnailUrl\":\"https:\\\/\\\/radioljubuski.ba\\\/wp-content\\\/uploads\\\/2021\\\/06\\\/fra-bono-jugoslavija-tito-696x464-1.jpg\",\"articleSection\":[\"BIH i regija\"],\"inLanguage\":\"hr\"},{\"@type\":\"WebPage\",\"@id\":\"https:\\\/\\\/radioljubuski.ba\\\/index.php\\\/2021\\\/06\\\/22\\\/22-lipnja-1945-fra-bono-jelavic-nevina-zrtva-partizanskih-likvidacija\\\/\",\"url\":\"https:\\\/\\\/radioljubuski.ba\\\/index.php\\\/2021\\\/06\\\/22\\\/22-lipnja-1945-fra-bono-jelavic-nevina-zrtva-partizanskih-likvidacija\\\/\",\"name\":\"22. lipnja 1945. fra Bono Jelavi\u0107 \u2013 nevina \u017ertva partizanskih likvidacija - RADIO LJUBU\u0160KI\",\"isPartOf\":{\"@id\":\"https:\\\/\\\/radioljubuski.ba\\\/#website\"},\"primaryImageOfPage\":{\"@id\":\"https:\\\/\\\/radioljubuski.ba\\\/index.php\\\/2021\\\/06\\\/22\\\/22-lipnja-1945-fra-bono-jelavic-nevina-zrtva-partizanskih-likvidacija\\\/#primaryimage\"},\"image\":{\"@id\":\"https:\\\/\\\/radioljubuski.ba\\\/index.php\\\/2021\\\/06\\\/22\\\/22-lipnja-1945-fra-bono-jelavic-nevina-zrtva-partizanskih-likvidacija\\\/#primaryimage\"},\"thumbnailUrl\":\"https:\\\/\\\/radioljubuski.ba\\\/wp-content\\\/uploads\\\/2021\\\/06\\\/fra-bono-jugoslavija-tito-696x464-1.jpg\",\"datePublished\":\"2021-06-22T08:25:23+00:00\",\"breadcrumb\":{\"@id\":\"https:\\\/\\\/radioljubuski.ba\\\/index.php\\\/2021\\\/06\\\/22\\\/22-lipnja-1945-fra-bono-jelavic-nevina-zrtva-partizanskih-likvidacija\\\/#breadcrumb\"},\"inLanguage\":\"hr\",\"potentialAction\":[{\"@type\":\"ReadAction\",\"target\":[\"https:\\\/\\\/radioljubuski.ba\\\/index.php\\\/2021\\\/06\\\/22\\\/22-lipnja-1945-fra-bono-jelavic-nevina-zrtva-partizanskih-likvidacija\\\/\"]}]},{\"@type\":\"ImageObject\",\"inLanguage\":\"hr\",\"@id\":\"https:\\\/\\\/radioljubuski.ba\\\/index.php\\\/2021\\\/06\\\/22\\\/22-lipnja-1945-fra-bono-jelavic-nevina-zrtva-partizanskih-likvidacija\\\/#primaryimage\",\"url\":\"https:\\\/\\\/radioljubuski.ba\\\/wp-content\\\/uploads\\\/2021\\\/06\\\/fra-bono-jugoslavija-tito-696x464-1.jpg\",\"contentUrl\":\"https:\\\/\\\/radioljubuski.ba\\\/wp-content\\\/uploads\\\/2021\\\/06\\\/fra-bono-jugoslavija-tito-696x464-1.jpg\",\"width\":696,\"height\":464},{\"@type\":\"BreadcrumbList\",\"@id\":\"https:\\\/\\\/radioljubuski.ba\\\/index.php\\\/2021\\\/06\\\/22\\\/22-lipnja-1945-fra-bono-jelavic-nevina-zrtva-partizanskih-likvidacija\\\/#breadcrumb\",\"itemListElement\":[{\"@type\":\"ListItem\",\"position\":1,\"name\":\"Po\u010detna stranica\",\"item\":\"https:\\\/\\\/radioljubuski.ba\\\/\"},{\"@type\":\"ListItem\",\"position\":2,\"name\":\"22. lipnja 1945. fra Bono Jelavi\u0107 \u2013 nevina \u017ertva partizanskih likvidacija\"}]},{\"@type\":\"WebSite\",\"@id\":\"https:\\\/\\\/radioljubuski.ba\\\/#website\",\"url\":\"https:\\\/\\\/radioljubuski.ba\\\/\",\"name\":\"Radio Ljubu\u0161ki\",\"description\":\"Sun\u010dana frekvencija Hercegovine\",\"publisher\":{\"@id\":\"https:\\\/\\\/radioljubuski.ba\\\/#organization\"},\"potentialAction\":[{\"@type\":\"SearchAction\",\"target\":{\"@type\":\"EntryPoint\",\"urlTemplate\":\"https:\\\/\\\/radioljubuski.ba\\\/?s={search_term_string}\"},\"query-input\":{\"@type\":\"PropertyValueSpecification\",\"valueRequired\":true,\"valueName\":\"search_term_string\"}}],\"inLanguage\":\"hr\"},{\"@type\":\"Organization\",\"@id\":\"https:\\\/\\\/radioljubuski.ba\\\/#organization\",\"name\":\"Radio Ljubu\u0161ki\",\"url\":\"https:\\\/\\\/radioljubuski.ba\\\/\",\"logo\":{\"@type\":\"ImageObject\",\"inLanguage\":\"hr\",\"@id\":\"https:\\\/\\\/radioljubuski.ba\\\/#\\\/schema\\\/logo\\\/image\\\/\",\"url\":\"https:\\\/\\\/radioljubuski.ba\\\/wp-content\\\/uploads\\\/2021\\\/02\\\/cropped-Radio_Ljubuski_logo1.jpg\",\"contentUrl\":\"https:\\\/\\\/radioljubuski.ba\\\/wp-content\\\/uploads\\\/2021\\\/02\\\/cropped-Radio_Ljubuski_logo1.jpg\",\"width\":512,\"height\":512,\"caption\":\"Radio Ljubu\u0161ki\"},\"image\":{\"@id\":\"https:\\\/\\\/radioljubuski.ba\\\/#\\\/schema\\\/logo\\\/image\\\/\"},\"sameAs\":[\"https:\\\/\\\/www.facebook.com\\\/Radiio-Ljubuski-1490835324566332\",\"https:\\\/\\\/x.com\\\/radioljubuski\",\"https:\\\/\\\/hr.linkedin.com\\\/company\\\/radio-ljubuski\",\"https:\\\/\\\/www.youtube.com\\\/channel\\\/UCHYaeO_n0Db3tjNGudGpXyw\"]},{\"@type\":\"Person\",\"@id\":\"https:\\\/\\\/radioljubuski.ba\\\/#\\\/schema\\\/person\\\/19fc700381a780f69665d7956c469e3b\",\"name\":\"Radio Ljubu\u0161ki\"}]}<\/script>\n<!-- \/ Yoast SEO plugin. -->","yoast_head_json":{"title":"22. lipnja 1945. fra Bono Jelavi\u0107 \u2013 nevina \u017ertva partizanskih likvidacija - RADIO LJUBU\u0160KI","robots":{"index":"index","follow":"follow","max-snippet":"max-snippet:-1","max-image-preview":"max-image-preview:large","max-video-preview":"max-video-preview:-1"},"canonical":"https:\/\/radioljubuski.ba\/index.php\/2021\/06\/22\/22-lipnja-1945-fra-bono-jelavic-nevina-zrtva-partizanskih-likvidacija\/","og_locale":"hr_HR","og_type":"article","og_title":"22. lipnja 1945. fra Bono Jelavi\u0107 \u2013 nevina \u017ertva partizanskih likvidacija - RADIO LJUBU\u0160KI","og_description":"Fra Bono samo je jedna od sudbina stotina hrvatskih katoli\u010dkih sve\u0107enika i mu\u010denika koji su ubijeni radi svoje pripadnosti Katoli\u010dkoj Crkvi. Mu\u010deni\u0161tvo brojnih sve\u0107enika i \u010dasnih sestara u II. svjetskom ratu i nakon njega je toliko veliko da mu gotovo nema ravna u Europi. Ve\u0107ina njih je ubijena iz mr\u017enje prema vjeri (in odium fidei) [&hellip;]","og_url":"https:\/\/radioljubuski.ba\/index.php\/2021\/06\/22\/22-lipnja-1945-fra-bono-jelavic-nevina-zrtva-partizanskih-likvidacija\/","og_site_name":"RADIO LJUBU\u0160KI","article_publisher":"https:\/\/www.facebook.com\/Radiio-Ljubuski-1490835324566332","article_published_time":"2021-06-22T08:25:23+00:00","og_image":[{"width":696,"height":464,"url":"https:\/\/radioljubuski.ba\/wp-content\/uploads\/2021\/06\/fra-bono-jugoslavija-tito-696x464-1.jpg","type":"image\/jpeg"}],"author":"Radio Ljubu\u0161ki","twitter_card":"summary_large_image","twitter_creator":"@radioljubuski","twitter_site":"@radioljubuski","twitter_misc":{"Napisao\/la":"Radio Ljubu\u0161ki","Procijenjeno vrijeme \u010ditanja":"3 minute"},"schema":{"@context":"https:\/\/schema.org","@graph":[{"@type":"Article","@id":"https:\/\/radioljubuski.ba\/index.php\/2021\/06\/22\/22-lipnja-1945-fra-bono-jelavic-nevina-zrtva-partizanskih-likvidacija\/#article","isPartOf":{"@id":"https:\/\/radioljubuski.ba\/index.php\/2021\/06\/22\/22-lipnja-1945-fra-bono-jelavic-nevina-zrtva-partizanskih-likvidacija\/"},"author":{"name":"Radio Ljubu\u0161ki","@id":"https:\/\/radioljubuski.ba\/#\/schema\/person\/19fc700381a780f69665d7956c469e3b"},"headline":"22. lipnja 1945. fra Bono Jelavi\u0107 \u2013 nevina \u017ertva partizanskih likvidacija","datePublished":"2021-06-22T08:25:23+00:00","mainEntityOfPage":{"@id":"https:\/\/radioljubuski.ba\/index.php\/2021\/06\/22\/22-lipnja-1945-fra-bono-jelavic-nevina-zrtva-partizanskih-likvidacija\/"},"wordCount":601,"publisher":{"@id":"https:\/\/radioljubuski.ba\/#organization"},"image":{"@id":"https:\/\/radioljubuski.ba\/index.php\/2021\/06\/22\/22-lipnja-1945-fra-bono-jelavic-nevina-zrtva-partizanskih-likvidacija\/#primaryimage"},"thumbnailUrl":"https:\/\/radioljubuski.ba\/wp-content\/uploads\/2021\/06\/fra-bono-jugoslavija-tito-696x464-1.jpg","articleSection":["BIH i regija"],"inLanguage":"hr"},{"@type":"WebPage","@id":"https:\/\/radioljubuski.ba\/index.php\/2021\/06\/22\/22-lipnja-1945-fra-bono-jelavic-nevina-zrtva-partizanskih-likvidacija\/","url":"https:\/\/radioljubuski.ba\/index.php\/2021\/06\/22\/22-lipnja-1945-fra-bono-jelavic-nevina-zrtva-partizanskih-likvidacija\/","name":"22. lipnja 1945. fra Bono Jelavi\u0107 \u2013 nevina \u017ertva partizanskih likvidacija - RADIO LJUBU\u0160KI","isPartOf":{"@id":"https:\/\/radioljubuski.ba\/#website"},"primaryImageOfPage":{"@id":"https:\/\/radioljubuski.ba\/index.php\/2021\/06\/22\/22-lipnja-1945-fra-bono-jelavic-nevina-zrtva-partizanskih-likvidacija\/#primaryimage"},"image":{"@id":"https:\/\/radioljubuski.ba\/index.php\/2021\/06\/22\/22-lipnja-1945-fra-bono-jelavic-nevina-zrtva-partizanskih-likvidacija\/#primaryimage"},"thumbnailUrl":"https:\/\/radioljubuski.ba\/wp-content\/uploads\/2021\/06\/fra-bono-jugoslavija-tito-696x464-1.jpg","datePublished":"2021-06-22T08:25:23+00:00","breadcrumb":{"@id":"https:\/\/radioljubuski.ba\/index.php\/2021\/06\/22\/22-lipnja-1945-fra-bono-jelavic-nevina-zrtva-partizanskih-likvidacija\/#breadcrumb"},"inLanguage":"hr","potentialAction":[{"@type":"ReadAction","target":["https:\/\/radioljubuski.ba\/index.php\/2021\/06\/22\/22-lipnja-1945-fra-bono-jelavic-nevina-zrtva-partizanskih-likvidacija\/"]}]},{"@type":"ImageObject","inLanguage":"hr","@id":"https:\/\/radioljubuski.ba\/index.php\/2021\/06\/22\/22-lipnja-1945-fra-bono-jelavic-nevina-zrtva-partizanskih-likvidacija\/#primaryimage","url":"https:\/\/radioljubuski.ba\/wp-content\/uploads\/2021\/06\/fra-bono-jugoslavija-tito-696x464-1.jpg","contentUrl":"https:\/\/radioljubuski.ba\/wp-content\/uploads\/2021\/06\/fra-bono-jugoslavija-tito-696x464-1.jpg","width":696,"height":464},{"@type":"BreadcrumbList","@id":"https:\/\/radioljubuski.ba\/index.php\/2021\/06\/22\/22-lipnja-1945-fra-bono-jelavic-nevina-zrtva-partizanskih-likvidacija\/#breadcrumb","itemListElement":[{"@type":"ListItem","position":1,"name":"Po\u010detna stranica","item":"https:\/\/radioljubuski.ba\/"},{"@type":"ListItem","position":2,"name":"22. lipnja 1945. fra Bono Jelavi\u0107 \u2013 nevina \u017ertva partizanskih likvidacija"}]},{"@type":"WebSite","@id":"https:\/\/radioljubuski.ba\/#website","url":"https:\/\/radioljubuski.ba\/","name":"Radio Ljubu\u0161ki","description":"Sun\u010dana frekvencija Hercegovine","publisher":{"@id":"https:\/\/radioljubuski.ba\/#organization"},"potentialAction":[{"@type":"SearchAction","target":{"@type":"EntryPoint","urlTemplate":"https:\/\/radioljubuski.ba\/?s={search_term_string}"},"query-input":{"@type":"PropertyValueSpecification","valueRequired":true,"valueName":"search_term_string"}}],"inLanguage":"hr"},{"@type":"Organization","@id":"https:\/\/radioljubuski.ba\/#organization","name":"Radio Ljubu\u0161ki","url":"https:\/\/radioljubuski.ba\/","logo":{"@type":"ImageObject","inLanguage":"hr","@id":"https:\/\/radioljubuski.ba\/#\/schema\/logo\/image\/","url":"https:\/\/radioljubuski.ba\/wp-content\/uploads\/2021\/02\/cropped-Radio_Ljubuski_logo1.jpg","contentUrl":"https:\/\/radioljubuski.ba\/wp-content\/uploads\/2021\/02\/cropped-Radio_Ljubuski_logo1.jpg","width":512,"height":512,"caption":"Radio Ljubu\u0161ki"},"image":{"@id":"https:\/\/radioljubuski.ba\/#\/schema\/logo\/image\/"},"sameAs":["https:\/\/www.facebook.com\/Radiio-Ljubuski-1490835324566332","https:\/\/x.com\/radioljubuski","https:\/\/hr.linkedin.com\/company\/radio-ljubuski","https:\/\/www.youtube.com\/channel\/UCHYaeO_n0Db3tjNGudGpXyw"]},{"@type":"Person","@id":"https:\/\/radioljubuski.ba\/#\/schema\/person\/19fc700381a780f69665d7956c469e3b","name":"Radio Ljubu\u0161ki"}]}},"_links":{"self":[{"href":"https:\/\/radioljubuski.ba\/index.php\/wp-json\/wp\/v2\/posts\/34736","targetHints":{"allow":["GET"]}}],"collection":[{"href":"https:\/\/radioljubuski.ba\/index.php\/wp-json\/wp\/v2\/posts"}],"about":[{"href":"https:\/\/radioljubuski.ba\/index.php\/wp-json\/wp\/v2\/types\/post"}],"author":[{"embeddable":true,"href":"https:\/\/radioljubuski.ba\/index.php\/wp-json\/wp\/v2\/users\/2"}],"replies":[{"embeddable":true,"href":"https:\/\/radioljubuski.ba\/index.php\/wp-json\/wp\/v2\/comments?post=34736"}],"version-history":[{"count":1,"href":"https:\/\/radioljubuski.ba\/index.php\/wp-json\/wp\/v2\/posts\/34736\/revisions"}],"predecessor-version":[{"id":34738,"href":"https:\/\/radioljubuski.ba\/index.php\/wp-json\/wp\/v2\/posts\/34736\/revisions\/34738"}],"wp:featuredmedia":[{"embeddable":true,"href":"https:\/\/radioljubuski.ba\/index.php\/wp-json\/wp\/v2\/media\/34737"}],"wp:attachment":[{"href":"https:\/\/radioljubuski.ba\/index.php\/wp-json\/wp\/v2\/media?parent=34736"}],"wp:term":[{"taxonomy":"category","embeddable":true,"href":"https:\/\/radioljubuski.ba\/index.php\/wp-json\/wp\/v2\/categories?post=34736"},{"taxonomy":"post_tag","embeddable":true,"href":"https:\/\/radioljubuski.ba\/index.php\/wp-json\/wp\/v2\/tags?post=34736"}],"curies":[{"name":"wp","href":"https:\/\/api.w.org\/{rel}","templated":true}]}}