{"id":34741,"date":"2021-06-22T09:28:18","date_gmt":"2021-06-22T08:28:18","guid":{"rendered":"https:\/\/radioljubuski.ba\/?p=34741"},"modified":"2021-06-22T09:28:18","modified_gmt":"2021-06-22T08:28:18","slug":"orban-roditelji-s-pravom-ocekuju-da-djeca-ne-budu-izlozena-pornografiji-i-promociji-homoseksualnosti","status":"publish","type":"post","link":"https:\/\/radioljubuski.ba\/index.php\/2021\/06\/22\/orban-roditelji-s-pravom-ocekuju-da-djeca-ne-budu-izlozena-pornografiji-i-promociji-homoseksualnosti\/","title":{"rendered":"Orban: Roditelji s pravom o\u010dekuju da djeca ne budu izlo\u017eena pornografiji i promociji homoseksualnosti"},"content":{"rendered":"\n<p><strong>\u201cTrenutna ljevi\u010darska kampanja protiv Ma\u0111arske daljnji je dokaz da je danas ljevica neprijatelj slobode. Umjesto da \u017eeli slobodu govora, ona name\u0107e takvu politi\u010dku korektnost kakvom ju ona sama definira te hegemoniju mi\u0161ljenja umjesto idejnog pluralizma\u201d<\/strong>, upozorava ma\u0111arski premijer <strong>Viktor Orban<\/strong>, te isti\u010de: \u201cRoditelji tako\u0111er s pravom o\u010dekuju da na internetskim platformama koje njihova djeca koriste ne budu dostupni pornografski i seksualizirani sadr\u017eaji, kao ni sadr\u017eaji koji promi\u010du homoseksualnost i promjenu spolnog identiteta.\u201d<\/p>\n\n\n\n<p><strong>Liberali diljem Europe pokre\u0107u orkestrirani napad na ma\u0111arski zakon protiv pedofilije, velikom ve\u0107inom izglasan u ma\u0111arskom parlamentu. Ovim se zakonom \u017eeli zabraniti \u0161irenje sadr\u017eaja koji maloljetnicima promovira homoseksualizam i \u201cpromjenu spola\u201d. O svemu se oglasio ma\u0111arski premijer Viktor Orb\u00e1n na svojoj internetskoj stranici u \u010dlanku pod naslovom <\/strong><em><strong>Samizdat br. 10<\/strong><\/em><strong>.<\/strong><\/p>\n\n\n\n<p><em>Samizdat je naziv za skup \u010dlanaka o tematskim pitanjima i platforma za iskazivanje Orb\u00e1novih politi\u010dkih ideja. Sama je rije\u010d neologizam ruskog jezika. Amalgam je to rije\u010di sam (sam) i izdatelstvo (izdava\u0161tvo), kovanica kori\u0161tena u Sovjetskom savezu za disidentsku literaturu distribuiranu u tajnosti. Sli\u010dna su izdanja poznata u isto\u010dnoeuropskim zemljama-satelitima Sovjetskog saveza u kojima su komunisti\u010dke vlasti provodile ekstremnu cenzuru.<\/em><\/p>\n\n\n\n<p>Ni\u017ee prenosimo prijevod izvornog teksta u cijelosti, dostupan na premijerovoj stranici <a href=\"https:\/\/miniszterelnok.hu\/samizdat-no-10\/\">miniszterenlok.hu<\/a> na engleskom, njema\u010dkom i ma\u0111arskom jeziku:<\/p>\n\n\n\n<p>\u201cDiljem Europe pokre\u0107u se zvona za uzbunu protiv ma\u0111arskog zakona kojim se \u017eeli ozbiljno kazniti pedofile i za\u0161tititi na\u0161u djecu. Budimo iskreni, taj pokret traje oduvijek, samo \u0161to se vi\u0161e ne vodi sloganom \u201cProleteri svih zemalja, ujedinite se\u201d, ve\u0107 \u201cLiberali svih zemalja, ujedinite se\u201d! To je, u stvari, potvrda srednjeeuropskog uvjerenja da su dana\u0161nji liberali zapravo komunisti s diplomama.<\/p>\n\n\n\n<p>Trenutna ljevi\u010darska kampanja protiv Ma\u0111arske daljnji je dokaz da je danas ljevica neprijatelj slobode. Umjesto da \u017eeli slobodu govora, ona name\u0107e takvu politi\u010dku korektnost kakvom ju ona sama definira te hegemoniju mi\u0161ljenja umjesto idejnog pluralizma.<br>Novi ma\u0111arski zakon ne sukobljava se niti s jednim \u010dasnim idealom ili europskim zakonom. Novi ma\u0111arski zakon jednostavno jasno iskazuje da samo roditelji mogu odlu\u010divati o spolnom odgoju i obrazovanju vlastite djece. \u0160kolski odgoj ne smije se suprotstavljati volji roditelja; u naboljem slu\u010daju treba joj biti suplementaran, njegov oblik i sadr\u017eaj jasno definirani i za njega se mora tra\u017eiti roditeljsko dopu\u0161tenje.<\/p>\n\n\n\n<p>Roditelji tako\u0111er s pravom o\u010dekuju da na internetskim platformama koje njihova djeca koriste ne budu dostupni pornografski i seksualizirani sadr\u017eaji, kao ni sadr\u017eaji koji promi\u010du homoseksualnost i promjenu spolnog identiteta. Ove restrikcije tako\u0111er treba kirur\u0161ki jasno precizirati. U Ma\u0111arskoj nitko nema pravo uplitati se u \u017eivot odraslog \u010dovjeka. Prema na\u0161em vi\u0111enju, slobodan \u010dovjek ne mora davati ra\u010dun o svome \u017eivotu ni pred kojim svjetovnim autoritetom \u2013 jedino pred Bogom kad mu do\u0111e \u010das.<\/p>\n\n\n\n<p>Stoga se ma\u0111arski zakon ne odnosi na \u017eivot i spolno opho\u0111enje odraslih osoba, iznad 18 godina starosti, niti na sadr\u017eaj kojem su oni kao odrasli ljudi izlo\u017eeni u javnom prostoru. \u0160tovi\u0161e, u europskom kontekstu, ma\u0111arsko dru\u0161tvo je izme\u0111u ostalih europskih dru\u0161tava jedno od najposve\u0107enijih promicanju tolerancije i za\u0161titi osobnih sloboda. Razlozi su za to ukorijenjeni u na\u0161oj kulturalnoj tradiciji, u kr\u0161\u0107anskoj slobodi, u borbi za nacionalnu slobodu i u dubokom prijeziru prema komunizmu i komunisti\u010dkoj tiraniji.<\/p>\n\n\n\n<p>Ma\u0111arska sloboda ne podrazumijeva samo politi\u010dku slobodu, slobodu izbora, slobodu govora i slobodu okupljanja i udru\u017eivanja. Ona zna\u010di tako\u0111er i pravo braniti na\u0161e obitelji i odgajati na\u0161u djecu onako kako mi smatramo prikladnim. Na\u0161 je zakon vrijedan doprinos i nastavak na europsku tradiciju slobode.<br>Debata o budu\u0107nosti Europe \u2013 tj. o na\u0161oj djeci \u2013 tek je po\u010dela. Mi smo tu i spremni smo.\u201d<\/p>\n\n\n\n<p><em>Izvor: narod.hr\/miniszterelnok.hu<\/em><\/p>\n","protected":false},"excerpt":{"rendered":"<p>\u201cTrenutna ljevi\u010darska kampanja protiv Ma\u0111arske daljnji je dokaz da je danas ljevica neprijatelj slobode. Umjesto da \u017eeli slobodu govora, ona name\u0107e takvu politi\u010dku korektnost kakvom ju ona sama definira te hegemoniju mi\u0161ljenja umjesto idejnog pluralizma\u201d, upozorava ma\u0111arski premijer Viktor Orban, te isti\u010de: \u201cRoditelji tako\u0111er s pravom o\u010dekuju da na internetskim platformama koje njihova djeca koriste [&hellip;]<\/p>\n","protected":false},"author":2,"featured_media":34742,"comment_status":"closed","ping_status":"closed","sticky":false,"template":"","format":"standard","meta":{"h5ap_radio_sources":[],"footnotes":""},"categories":[1],"tags":[],"class_list":["post-34741","post","type-post","status-publish","format-standard","has-post-thumbnail","hentry","category-bihiregija"],"yoast_head":"<!-- This site is optimized with the Yoast SEO plugin v27.5 - https:\/\/yoast.com\/product\/yoast-seo-wordpress\/ -->\n<title>Orban: Roditelji s pravom o\u010dekuju da djeca ne budu izlo\u017eena pornografiji i promociji homoseksualnosti - RADIO LJUBU\u0160KI<\/title>\n<meta name=\"robots\" content=\"index, follow, max-snippet:-1, max-image-preview:large, max-video-preview:-1\" \/>\n<link rel=\"canonical\" href=\"https:\/\/radioljubuski.ba\/index.php\/2021\/06\/22\/orban-roditelji-s-pravom-ocekuju-da-djeca-ne-budu-izlozena-pornografiji-i-promociji-homoseksualnosti\/\" \/>\n<meta property=\"og:locale\" content=\"hr_HR\" \/>\n<meta property=\"og:type\" content=\"article\" \/>\n<meta property=\"og:title\" content=\"Orban: Roditelji s pravom o\u010dekuju da djeca ne budu izlo\u017eena pornografiji i promociji homoseksualnosti - RADIO LJUBU\u0160KI\" \/>\n<meta property=\"og:description\" content=\"\u201cTrenutna ljevi\u010darska kampanja protiv Ma\u0111arske daljnji je dokaz da je danas ljevica neprijatelj slobode. Umjesto da \u017eeli slobodu govora, ona name\u0107e takvu politi\u010dku korektnost kakvom ju ona sama definira te hegemoniju mi\u0161ljenja umjesto idejnog pluralizma\u201d, upozorava ma\u0111arski premijer Viktor Orban, te isti\u010de: \u201cRoditelji tako\u0111er s pravom o\u010dekuju da na internetskim platformama koje njihova djeca koriste [&hellip;]\" \/>\n<meta property=\"og:url\" content=\"https:\/\/radioljubuski.ba\/index.php\/2021\/06\/22\/orban-roditelji-s-pravom-ocekuju-da-djeca-ne-budu-izlozena-pornografiji-i-promociji-homoseksualnosti\/\" \/>\n<meta property=\"og:site_name\" content=\"RADIO LJUBU\u0160KI\" \/>\n<meta property=\"article:publisher\" content=\"https:\/\/www.facebook.com\/Radiio-Ljubuski-1490835324566332\" \/>\n<meta property=\"article:published_time\" content=\"2021-06-22T08:28:18+00:00\" \/>\n<meta property=\"og:image\" content=\"https:\/\/radioljubuski.ba\/wp-content\/uploads\/2021\/06\/Viktor-Orban-Facebook_o-696x464-1.jpg\" \/>\n\t<meta property=\"og:image:width\" content=\"696\" \/>\n\t<meta property=\"og:image:height\" content=\"464\" \/>\n\t<meta property=\"og:image:type\" content=\"image\/jpeg\" \/>\n<meta name=\"author\" content=\"Radio Ljubu\u0161ki\" \/>\n<meta name=\"twitter:card\" content=\"summary_large_image\" \/>\n<meta name=\"twitter:creator\" content=\"@radioljubuski\" \/>\n<meta name=\"twitter:site\" content=\"@radioljubuski\" \/>\n<meta name=\"twitter:label1\" content=\"Napisao\/la\" \/>\n\t<meta name=\"twitter:data1\" content=\"Radio Ljubu\u0161ki\" \/>\n\t<meta name=\"twitter:label2\" content=\"Procijenjeno vrijeme \u010ditanja\" \/>\n\t<meta name=\"twitter:data2\" content=\"3 minute\" \/>\n<script type=\"application\/ld+json\" class=\"yoast-schema-graph\">{\"@context\":\"https:\\\/\\\/schema.org\",\"@graph\":[{\"@type\":\"Article\",\"@id\":\"https:\\\/\\\/radioljubuski.ba\\\/index.php\\\/2021\\\/06\\\/22\\\/orban-roditelji-s-pravom-ocekuju-da-djeca-ne-budu-izlozena-pornografiji-i-promociji-homoseksualnosti\\\/#article\",\"isPartOf\":{\"@id\":\"https:\\\/\\\/radioljubuski.ba\\\/index.php\\\/2021\\\/06\\\/22\\\/orban-roditelji-s-pravom-ocekuju-da-djeca-ne-budu-izlozena-pornografiji-i-promociji-homoseksualnosti\\\/\"},\"author\":{\"name\":\"Radio Ljubu\u0161ki\",\"@id\":\"https:\\\/\\\/radioljubuski.ba\\\/#\\\/schema\\\/person\\\/19fc700381a780f69665d7956c469e3b\"},\"headline\":\"Orban: Roditelji s pravom o\u010dekuju da djeca ne budu izlo\u017eena pornografiji i promociji homoseksualnosti\",\"datePublished\":\"2021-06-22T08:28:18+00:00\",\"mainEntityOfPage\":{\"@id\":\"https:\\\/\\\/radioljubuski.ba\\\/index.php\\\/2021\\\/06\\\/22\\\/orban-roditelji-s-pravom-ocekuju-da-djeca-ne-budu-izlozena-pornografiji-i-promociji-homoseksualnosti\\\/\"},\"wordCount\":667,\"publisher\":{\"@id\":\"https:\\\/\\\/radioljubuski.ba\\\/#organization\"},\"image\":{\"@id\":\"https:\\\/\\\/radioljubuski.ba\\\/index.php\\\/2021\\\/06\\\/22\\\/orban-roditelji-s-pravom-ocekuju-da-djeca-ne-budu-izlozena-pornografiji-i-promociji-homoseksualnosti\\\/#primaryimage\"},\"thumbnailUrl\":\"https:\\\/\\\/radioljubuski.ba\\\/wp-content\\\/uploads\\\/2021\\\/06\\\/Viktor-Orban-Facebook_o-696x464-1.jpg\",\"articleSection\":[\"BIH i regija\"],\"inLanguage\":\"hr\"},{\"@type\":\"WebPage\",\"@id\":\"https:\\\/\\\/radioljubuski.ba\\\/index.php\\\/2021\\\/06\\\/22\\\/orban-roditelji-s-pravom-ocekuju-da-djeca-ne-budu-izlozena-pornografiji-i-promociji-homoseksualnosti\\\/\",\"url\":\"https:\\\/\\\/radioljubuski.ba\\\/index.php\\\/2021\\\/06\\\/22\\\/orban-roditelji-s-pravom-ocekuju-da-djeca-ne-budu-izlozena-pornografiji-i-promociji-homoseksualnosti\\\/\",\"name\":\"Orban: Roditelji s pravom o\u010dekuju da djeca ne budu izlo\u017eena pornografiji i promociji homoseksualnosti - RADIO LJUBU\u0160KI\",\"isPartOf\":{\"@id\":\"https:\\\/\\\/radioljubuski.ba\\\/#website\"},\"primaryImageOfPage\":{\"@id\":\"https:\\\/\\\/radioljubuski.ba\\\/index.php\\\/2021\\\/06\\\/22\\\/orban-roditelji-s-pravom-ocekuju-da-djeca-ne-budu-izlozena-pornografiji-i-promociji-homoseksualnosti\\\/#primaryimage\"},\"image\":{\"@id\":\"https:\\\/\\\/radioljubuski.ba\\\/index.php\\\/2021\\\/06\\\/22\\\/orban-roditelji-s-pravom-ocekuju-da-djeca-ne-budu-izlozena-pornografiji-i-promociji-homoseksualnosti\\\/#primaryimage\"},\"thumbnailUrl\":\"https:\\\/\\\/radioljubuski.ba\\\/wp-content\\\/uploads\\\/2021\\\/06\\\/Viktor-Orban-Facebook_o-696x464-1.jpg\",\"datePublished\":\"2021-06-22T08:28:18+00:00\",\"breadcrumb\":{\"@id\":\"https:\\\/\\\/radioljubuski.ba\\\/index.php\\\/2021\\\/06\\\/22\\\/orban-roditelji-s-pravom-ocekuju-da-djeca-ne-budu-izlozena-pornografiji-i-promociji-homoseksualnosti\\\/#breadcrumb\"},\"inLanguage\":\"hr\",\"potentialAction\":[{\"@type\":\"ReadAction\",\"target\":[\"https:\\\/\\\/radioljubuski.ba\\\/index.php\\\/2021\\\/06\\\/22\\\/orban-roditelji-s-pravom-ocekuju-da-djeca-ne-budu-izlozena-pornografiji-i-promociji-homoseksualnosti\\\/\"]}]},{\"@type\":\"ImageObject\",\"inLanguage\":\"hr\",\"@id\":\"https:\\\/\\\/radioljubuski.ba\\\/index.php\\\/2021\\\/06\\\/22\\\/orban-roditelji-s-pravom-ocekuju-da-djeca-ne-budu-izlozena-pornografiji-i-promociji-homoseksualnosti\\\/#primaryimage\",\"url\":\"https:\\\/\\\/radioljubuski.ba\\\/wp-content\\\/uploads\\\/2021\\\/06\\\/Viktor-Orban-Facebook_o-696x464-1.jpg\",\"contentUrl\":\"https:\\\/\\\/radioljubuski.ba\\\/wp-content\\\/uploads\\\/2021\\\/06\\\/Viktor-Orban-Facebook_o-696x464-1.jpg\",\"width\":696,\"height\":464},{\"@type\":\"BreadcrumbList\",\"@id\":\"https:\\\/\\\/radioljubuski.ba\\\/index.php\\\/2021\\\/06\\\/22\\\/orban-roditelji-s-pravom-ocekuju-da-djeca-ne-budu-izlozena-pornografiji-i-promociji-homoseksualnosti\\\/#breadcrumb\",\"itemListElement\":[{\"@type\":\"ListItem\",\"position\":1,\"name\":\"Po\u010detna stranica\",\"item\":\"https:\\\/\\\/radioljubuski.ba\\\/\"},{\"@type\":\"ListItem\",\"position\":2,\"name\":\"Orban: Roditelji s pravom o\u010dekuju da djeca ne budu izlo\u017eena pornografiji i promociji homoseksualnosti\"}]},{\"@type\":\"WebSite\",\"@id\":\"https:\\\/\\\/radioljubuski.ba\\\/#website\",\"url\":\"https:\\\/\\\/radioljubuski.ba\\\/\",\"name\":\"Radio Ljubu\u0161ki\",\"description\":\"Sun\u010dana frekvencija Hercegovine\",\"publisher\":{\"@id\":\"https:\\\/\\\/radioljubuski.ba\\\/#organization\"},\"potentialAction\":[{\"@type\":\"SearchAction\",\"target\":{\"@type\":\"EntryPoint\",\"urlTemplate\":\"https:\\\/\\\/radioljubuski.ba\\\/?s={search_term_string}\"},\"query-input\":{\"@type\":\"PropertyValueSpecification\",\"valueRequired\":true,\"valueName\":\"search_term_string\"}}],\"inLanguage\":\"hr\"},{\"@type\":\"Organization\",\"@id\":\"https:\\\/\\\/radioljubuski.ba\\\/#organization\",\"name\":\"Radio Ljubu\u0161ki\",\"url\":\"https:\\\/\\\/radioljubuski.ba\\\/\",\"logo\":{\"@type\":\"ImageObject\",\"inLanguage\":\"hr\",\"@id\":\"https:\\\/\\\/radioljubuski.ba\\\/#\\\/schema\\\/logo\\\/image\\\/\",\"url\":\"https:\\\/\\\/radioljubuski.ba\\\/wp-content\\\/uploads\\\/2021\\\/02\\\/cropped-Radio_Ljubuski_logo1.jpg\",\"contentUrl\":\"https:\\\/\\\/radioljubuski.ba\\\/wp-content\\\/uploads\\\/2021\\\/02\\\/cropped-Radio_Ljubuski_logo1.jpg\",\"width\":512,\"height\":512,\"caption\":\"Radio Ljubu\u0161ki\"},\"image\":{\"@id\":\"https:\\\/\\\/radioljubuski.ba\\\/#\\\/schema\\\/logo\\\/image\\\/\"},\"sameAs\":[\"https:\\\/\\\/www.facebook.com\\\/Radiio-Ljubuski-1490835324566332\",\"https:\\\/\\\/x.com\\\/radioljubuski\",\"https:\\\/\\\/hr.linkedin.com\\\/company\\\/radio-ljubuski\",\"https:\\\/\\\/www.youtube.com\\\/channel\\\/UCHYaeO_n0Db3tjNGudGpXyw\"]},{\"@type\":\"Person\",\"@id\":\"https:\\\/\\\/radioljubuski.ba\\\/#\\\/schema\\\/person\\\/19fc700381a780f69665d7956c469e3b\",\"name\":\"Radio Ljubu\u0161ki\"}]}<\/script>\n<!-- \/ Yoast SEO plugin. -->","yoast_head_json":{"title":"Orban: Roditelji s pravom o\u010dekuju da djeca ne budu izlo\u017eena pornografiji i promociji homoseksualnosti - RADIO LJUBU\u0160KI","robots":{"index":"index","follow":"follow","max-snippet":"max-snippet:-1","max-image-preview":"max-image-preview:large","max-video-preview":"max-video-preview:-1"},"canonical":"https:\/\/radioljubuski.ba\/index.php\/2021\/06\/22\/orban-roditelji-s-pravom-ocekuju-da-djeca-ne-budu-izlozena-pornografiji-i-promociji-homoseksualnosti\/","og_locale":"hr_HR","og_type":"article","og_title":"Orban: Roditelji s pravom o\u010dekuju da djeca ne budu izlo\u017eena pornografiji i promociji homoseksualnosti - RADIO LJUBU\u0160KI","og_description":"\u201cTrenutna ljevi\u010darska kampanja protiv Ma\u0111arske daljnji je dokaz da je danas ljevica neprijatelj slobode. Umjesto da \u017eeli slobodu govora, ona name\u0107e takvu politi\u010dku korektnost kakvom ju ona sama definira te hegemoniju mi\u0161ljenja umjesto idejnog pluralizma\u201d, upozorava ma\u0111arski premijer Viktor Orban, te isti\u010de: \u201cRoditelji tako\u0111er s pravom o\u010dekuju da na internetskim platformama koje njihova djeca koriste [&hellip;]","og_url":"https:\/\/radioljubuski.ba\/index.php\/2021\/06\/22\/orban-roditelji-s-pravom-ocekuju-da-djeca-ne-budu-izlozena-pornografiji-i-promociji-homoseksualnosti\/","og_site_name":"RADIO LJUBU\u0160KI","article_publisher":"https:\/\/www.facebook.com\/Radiio-Ljubuski-1490835324566332","article_published_time":"2021-06-22T08:28:18+00:00","og_image":[{"width":696,"height":464,"url":"https:\/\/radioljubuski.ba\/wp-content\/uploads\/2021\/06\/Viktor-Orban-Facebook_o-696x464-1.jpg","type":"image\/jpeg"}],"author":"Radio Ljubu\u0161ki","twitter_card":"summary_large_image","twitter_creator":"@radioljubuski","twitter_site":"@radioljubuski","twitter_misc":{"Napisao\/la":"Radio Ljubu\u0161ki","Procijenjeno vrijeme \u010ditanja":"3 minute"},"schema":{"@context":"https:\/\/schema.org","@graph":[{"@type":"Article","@id":"https:\/\/radioljubuski.ba\/index.php\/2021\/06\/22\/orban-roditelji-s-pravom-ocekuju-da-djeca-ne-budu-izlozena-pornografiji-i-promociji-homoseksualnosti\/#article","isPartOf":{"@id":"https:\/\/radioljubuski.ba\/index.php\/2021\/06\/22\/orban-roditelji-s-pravom-ocekuju-da-djeca-ne-budu-izlozena-pornografiji-i-promociji-homoseksualnosti\/"},"author":{"name":"Radio Ljubu\u0161ki","@id":"https:\/\/radioljubuski.ba\/#\/schema\/person\/19fc700381a780f69665d7956c469e3b"},"headline":"Orban: Roditelji s pravom o\u010dekuju da djeca ne budu izlo\u017eena pornografiji i promociji homoseksualnosti","datePublished":"2021-06-22T08:28:18+00:00","mainEntityOfPage":{"@id":"https:\/\/radioljubuski.ba\/index.php\/2021\/06\/22\/orban-roditelji-s-pravom-ocekuju-da-djeca-ne-budu-izlozena-pornografiji-i-promociji-homoseksualnosti\/"},"wordCount":667,"publisher":{"@id":"https:\/\/radioljubuski.ba\/#organization"},"image":{"@id":"https:\/\/radioljubuski.ba\/index.php\/2021\/06\/22\/orban-roditelji-s-pravom-ocekuju-da-djeca-ne-budu-izlozena-pornografiji-i-promociji-homoseksualnosti\/#primaryimage"},"thumbnailUrl":"https:\/\/radioljubuski.ba\/wp-content\/uploads\/2021\/06\/Viktor-Orban-Facebook_o-696x464-1.jpg","articleSection":["BIH i regija"],"inLanguage":"hr"},{"@type":"WebPage","@id":"https:\/\/radioljubuski.ba\/index.php\/2021\/06\/22\/orban-roditelji-s-pravom-ocekuju-da-djeca-ne-budu-izlozena-pornografiji-i-promociji-homoseksualnosti\/","url":"https:\/\/radioljubuski.ba\/index.php\/2021\/06\/22\/orban-roditelji-s-pravom-ocekuju-da-djeca-ne-budu-izlozena-pornografiji-i-promociji-homoseksualnosti\/","name":"Orban: Roditelji s pravom o\u010dekuju da djeca ne budu izlo\u017eena pornografiji i promociji homoseksualnosti - RADIO LJUBU\u0160KI","isPartOf":{"@id":"https:\/\/radioljubuski.ba\/#website"},"primaryImageOfPage":{"@id":"https:\/\/radioljubuski.ba\/index.php\/2021\/06\/22\/orban-roditelji-s-pravom-ocekuju-da-djeca-ne-budu-izlozena-pornografiji-i-promociji-homoseksualnosti\/#primaryimage"},"image":{"@id":"https:\/\/radioljubuski.ba\/index.php\/2021\/06\/22\/orban-roditelji-s-pravom-ocekuju-da-djeca-ne-budu-izlozena-pornografiji-i-promociji-homoseksualnosti\/#primaryimage"},"thumbnailUrl":"https:\/\/radioljubuski.ba\/wp-content\/uploads\/2021\/06\/Viktor-Orban-Facebook_o-696x464-1.jpg","datePublished":"2021-06-22T08:28:18+00:00","breadcrumb":{"@id":"https:\/\/radioljubuski.ba\/index.php\/2021\/06\/22\/orban-roditelji-s-pravom-ocekuju-da-djeca-ne-budu-izlozena-pornografiji-i-promociji-homoseksualnosti\/#breadcrumb"},"inLanguage":"hr","potentialAction":[{"@type":"ReadAction","target":["https:\/\/radioljubuski.ba\/index.php\/2021\/06\/22\/orban-roditelji-s-pravom-ocekuju-da-djeca-ne-budu-izlozena-pornografiji-i-promociji-homoseksualnosti\/"]}]},{"@type":"ImageObject","inLanguage":"hr","@id":"https:\/\/radioljubuski.ba\/index.php\/2021\/06\/22\/orban-roditelji-s-pravom-ocekuju-da-djeca-ne-budu-izlozena-pornografiji-i-promociji-homoseksualnosti\/#primaryimage","url":"https:\/\/radioljubuski.ba\/wp-content\/uploads\/2021\/06\/Viktor-Orban-Facebook_o-696x464-1.jpg","contentUrl":"https:\/\/radioljubuski.ba\/wp-content\/uploads\/2021\/06\/Viktor-Orban-Facebook_o-696x464-1.jpg","width":696,"height":464},{"@type":"BreadcrumbList","@id":"https:\/\/radioljubuski.ba\/index.php\/2021\/06\/22\/orban-roditelji-s-pravom-ocekuju-da-djeca-ne-budu-izlozena-pornografiji-i-promociji-homoseksualnosti\/#breadcrumb","itemListElement":[{"@type":"ListItem","position":1,"name":"Po\u010detna stranica","item":"https:\/\/radioljubuski.ba\/"},{"@type":"ListItem","position":2,"name":"Orban: Roditelji s pravom o\u010dekuju da djeca ne budu izlo\u017eena pornografiji i promociji homoseksualnosti"}]},{"@type":"WebSite","@id":"https:\/\/radioljubuski.ba\/#website","url":"https:\/\/radioljubuski.ba\/","name":"Radio Ljubu\u0161ki","description":"Sun\u010dana frekvencija Hercegovine","publisher":{"@id":"https:\/\/radioljubuski.ba\/#organization"},"potentialAction":[{"@type":"SearchAction","target":{"@type":"EntryPoint","urlTemplate":"https:\/\/radioljubuski.ba\/?s={search_term_string}"},"query-input":{"@type":"PropertyValueSpecification","valueRequired":true,"valueName":"search_term_string"}}],"inLanguage":"hr"},{"@type":"Organization","@id":"https:\/\/radioljubuski.ba\/#organization","name":"Radio Ljubu\u0161ki","url":"https:\/\/radioljubuski.ba\/","logo":{"@type":"ImageObject","inLanguage":"hr","@id":"https:\/\/radioljubuski.ba\/#\/schema\/logo\/image\/","url":"https:\/\/radioljubuski.ba\/wp-content\/uploads\/2021\/02\/cropped-Radio_Ljubuski_logo1.jpg","contentUrl":"https:\/\/radioljubuski.ba\/wp-content\/uploads\/2021\/02\/cropped-Radio_Ljubuski_logo1.jpg","width":512,"height":512,"caption":"Radio Ljubu\u0161ki"},"image":{"@id":"https:\/\/radioljubuski.ba\/#\/schema\/logo\/image\/"},"sameAs":["https:\/\/www.facebook.com\/Radiio-Ljubuski-1490835324566332","https:\/\/x.com\/radioljubuski","https:\/\/hr.linkedin.com\/company\/radio-ljubuski","https:\/\/www.youtube.com\/channel\/UCHYaeO_n0Db3tjNGudGpXyw"]},{"@type":"Person","@id":"https:\/\/radioljubuski.ba\/#\/schema\/person\/19fc700381a780f69665d7956c469e3b","name":"Radio Ljubu\u0161ki"}]}},"_links":{"self":[{"href":"https:\/\/radioljubuski.ba\/index.php\/wp-json\/wp\/v2\/posts\/34741","targetHints":{"allow":["GET"]}}],"collection":[{"href":"https:\/\/radioljubuski.ba\/index.php\/wp-json\/wp\/v2\/posts"}],"about":[{"href":"https:\/\/radioljubuski.ba\/index.php\/wp-json\/wp\/v2\/types\/post"}],"author":[{"embeddable":true,"href":"https:\/\/radioljubuski.ba\/index.php\/wp-json\/wp\/v2\/users\/2"}],"replies":[{"embeddable":true,"href":"https:\/\/radioljubuski.ba\/index.php\/wp-json\/wp\/v2\/comments?post=34741"}],"version-history":[{"count":1,"href":"https:\/\/radioljubuski.ba\/index.php\/wp-json\/wp\/v2\/posts\/34741\/revisions"}],"predecessor-version":[{"id":34743,"href":"https:\/\/radioljubuski.ba\/index.php\/wp-json\/wp\/v2\/posts\/34741\/revisions\/34743"}],"wp:featuredmedia":[{"embeddable":true,"href":"https:\/\/radioljubuski.ba\/index.php\/wp-json\/wp\/v2\/media\/34742"}],"wp:attachment":[{"href":"https:\/\/radioljubuski.ba\/index.php\/wp-json\/wp\/v2\/media?parent=34741"}],"wp:term":[{"taxonomy":"category","embeddable":true,"href":"https:\/\/radioljubuski.ba\/index.php\/wp-json\/wp\/v2\/categories?post=34741"},{"taxonomy":"post_tag","embeddable":true,"href":"https:\/\/radioljubuski.ba\/index.php\/wp-json\/wp\/v2\/tags?post=34741"}],"curies":[{"name":"wp","href":"https:\/\/api.w.org\/{rel}","templated":true}]}}