{"id":34772,"date":"2021-06-22T10:12:08","date_gmt":"2021-06-22T09:12:08","guid":{"rendered":"https:\/\/radioljubuski.ba\/?p=34772"},"modified":"2021-06-22T10:12:09","modified_gmt":"2021-06-22T09:12:09","slug":"covid-potvrde-kljucne-za-ljetne-manifestacije","status":"publish","type":"post","link":"https:\/\/radioljubuski.ba\/index.php\/2021\/06\/22\/covid-potvrde-kljucne-za-ljetne-manifestacije\/","title":{"rendered":"Covid potvrde klju\u010dne za ljetne manifestacije"},"content":{"rendered":"\n<p>\u017divot se koliko-toliko vra\u0107a u normalu. Ponovno su se po\u010dele odr\u017eavati razne manifestacije te koncerti, na koje \u0107e mo\u0107i svi koji imaju digitalne covid potvrde.<\/p>\n\n\n\n<p>Od 1. srpnja festivale, koncerte i brojne druge doga\u0111aje mo\u0107i \u0107e posjetiti svi oni koji imaju Covid potvrde. Brojne manifestacije ve\u0107 su u pripremi.<br><br>&#8211; Mislim da \u0107e ve\u0107ina ljudi biti last minut jer se mnogi boje otkazivanja, ali unato\u010d tome interes je dobar. Sve funkcionira na na\u010din da \u0107e se na ulazu pregledavati digitalne covid potvrde, rekao je <strong>Drago Vukeli\u0107<\/strong>, organizator manifestacija, dodav\u0161i da \u0107e&nbsp;za sve koji nemaju potvrde na ulazu biti osigurani antigenski brzi testovi.<br><br>Mnogima bi, posebice mladima, upravo Covid potvrde mogle biti dodatni motiv za cijepljenje.<br><br>&#8211; S obzirom na ograni\u010denja unije ako je netko prebolio, a nije dijagnosticirana bolest putem PCR testa ili je pro\u0161lo \u0161est mjeseci jedino je cijepljenje na\u010din kako bi se do\u0161lo do te digitalne Covid potvrde, rekla je <strong>Iva Pem Novosel,<\/strong> epidemiologinja HZJZ-a.<br><br>&#8211; Ve\u0107 idu\u0107eg vikenda kre\u0107u doga\u0111anja prema uputama sto\u017eera. Imamo u pripremi nekoliko doga\u0111anja u okolici Zadra. Sli\u010dan trend njeguju i druge EU zemlje. Pro\u0161log vikenda je bio festival u Velikoj Britaniji s deset tisu\u0107a ljudi i sve je pro\u0161lo u redu, rekao je <strong>Toni Dabinovi\u0107<\/strong>, PR za glazbene doga\u0111aje.<br><br>Organizatorima \u0107e biti dostupna i mobilna aplikacija putem koje \u0107e mo\u0107i o\u010ditati QR kod s digitalne potvrde, a za odr\u017eavanje takvih doga\u0111aja tra\u017ei se i suglasnost lokalnog sto\u017eera.<\/p>\n\n\n\n<p>Izvor:hrt.hr<\/p>\n","protected":false},"excerpt":{"rendered":"<p>\u017divot se koliko-toliko vra\u0107a u normalu. Ponovno su se po\u010dele odr\u017eavati razne manifestacije te koncerti, na koje \u0107e mo\u0107i svi koji imaju digitalne covid potvrde. Od 1. srpnja festivale, koncerte i brojne druge doga\u0111aje mo\u0107i \u0107e posjetiti svi oni koji imaju Covid potvrde. Brojne manifestacije ve\u0107 su u pripremi. &#8211; Mislim da \u0107e ve\u0107ina ljudi [&hellip;]<\/p>\n","protected":false},"author":2,"featured_media":34773,"comment_status":"closed","ping_status":"closed","sticky":false,"template":"","format":"standard","meta":{"h5ap_radio_sources":[],"footnotes":""},"categories":[1],"tags":[],"class_list":["post-34772","post","type-post","status-publish","format-standard","has-post-thumbnail","hentry","category-bihiregija"],"yoast_head":"<!-- This site is optimized with the Yoast SEO plugin v27.5 - https:\/\/yoast.com\/product\/yoast-seo-wordpress\/ -->\n<title>Covid potvrde klju\u010dne za ljetne manifestacije - RADIO LJUBU\u0160KI<\/title>\n<meta name=\"robots\" content=\"index, follow, max-snippet:-1, max-image-preview:large, max-video-preview:-1\" \/>\n<link rel=\"canonical\" href=\"https:\/\/radioljubuski.ba\/index.php\/2021\/06\/22\/covid-potvrde-kljucne-za-ljetne-manifestacije\/\" \/>\n<meta property=\"og:locale\" content=\"hr_HR\" \/>\n<meta property=\"og:type\" content=\"article\" \/>\n<meta property=\"og:title\" content=\"Covid potvrde klju\u010dne za ljetne manifestacije - RADIO LJUBU\u0160KI\" \/>\n<meta property=\"og:description\" content=\"\u017divot se koliko-toliko vra\u0107a u normalu. Ponovno su se po\u010dele odr\u017eavati razne manifestacije te koncerti, na koje \u0107e mo\u0107i svi koji imaju digitalne covid potvrde. Od 1. srpnja festivale, koncerte i brojne druge doga\u0111aje mo\u0107i \u0107e posjetiti svi oni koji imaju Covid potvrde. Brojne manifestacije ve\u0107 su u pripremi. &#8211; Mislim da \u0107e ve\u0107ina ljudi [&hellip;]\" \/>\n<meta property=\"og:url\" content=\"https:\/\/radioljubuski.ba\/index.php\/2021\/06\/22\/covid-potvrde-kljucne-za-ljetne-manifestacije\/\" \/>\n<meta property=\"og:site_name\" content=\"RADIO LJUBU\u0160KI\" \/>\n<meta property=\"article:publisher\" content=\"https:\/\/www.facebook.com\/Radiio-Ljubuski-1490835324566332\" \/>\n<meta property=\"article:published_time\" content=\"2021-06-22T09:12:08+00:00\" \/>\n<meta property=\"article:modified_time\" content=\"2021-06-22T09:12:09+00:00\" \/>\n<meta property=\"og:image\" content=\"https:\/\/radioljubuski.ba\/wp-content\/uploads\/2021\/06\/indeksiraj3-6.jpg\" \/>\n\t<meta property=\"og:image:width\" content=\"300\" \/>\n\t<meta property=\"og:image:height\" content=\"168\" \/>\n\t<meta property=\"og:image:type\" content=\"image\/jpeg\" \/>\n<meta name=\"author\" content=\"Radio Ljubu\u0161ki\" \/>\n<meta name=\"twitter:card\" content=\"summary_large_image\" \/>\n<meta name=\"twitter:creator\" content=\"@radioljubuski\" \/>\n<meta name=\"twitter:site\" content=\"@radioljubuski\" \/>\n<meta name=\"twitter:label1\" content=\"Napisao\/la\" \/>\n\t<meta name=\"twitter:data1\" content=\"Radio Ljubu\u0161ki\" \/>\n\t<meta name=\"twitter:label2\" content=\"Procijenjeno vrijeme \u010ditanja\" \/>\n\t<meta name=\"twitter:data2\" content=\"2 minute\" \/>\n<script type=\"application\/ld+json\" class=\"yoast-schema-graph\">{\"@context\":\"https:\\\/\\\/schema.org\",\"@graph\":[{\"@type\":\"Article\",\"@id\":\"https:\\\/\\\/radioljubuski.ba\\\/index.php\\\/2021\\\/06\\\/22\\\/covid-potvrde-kljucne-za-ljetne-manifestacije\\\/#article\",\"isPartOf\":{\"@id\":\"https:\\\/\\\/radioljubuski.ba\\\/index.php\\\/2021\\\/06\\\/22\\\/covid-potvrde-kljucne-za-ljetne-manifestacije\\\/\"},\"author\":{\"name\":\"Radio Ljubu\u0161ki\",\"@id\":\"https:\\\/\\\/radioljubuski.ba\\\/#\\\/schema\\\/person\\\/19fc700381a780f69665d7956c469e3b\"},\"headline\":\"Covid potvrde klju\u010dne za ljetne manifestacije\",\"datePublished\":\"2021-06-22T09:12:08+00:00\",\"dateModified\":\"2021-06-22T09:12:09+00:00\",\"mainEntityOfPage\":{\"@id\":\"https:\\\/\\\/radioljubuski.ba\\\/index.php\\\/2021\\\/06\\\/22\\\/covid-potvrde-kljucne-za-ljetne-manifestacije\\\/\"},\"wordCount\":275,\"publisher\":{\"@id\":\"https:\\\/\\\/radioljubuski.ba\\\/#organization\"},\"image\":{\"@id\":\"https:\\\/\\\/radioljubuski.ba\\\/index.php\\\/2021\\\/06\\\/22\\\/covid-potvrde-kljucne-za-ljetne-manifestacije\\\/#primaryimage\"},\"thumbnailUrl\":\"https:\\\/\\\/radioljubuski.ba\\\/wp-content\\\/uploads\\\/2021\\\/06\\\/indeksiraj3-6.jpg\",\"articleSection\":[\"BIH i regija\"],\"inLanguage\":\"hr\"},{\"@type\":\"WebPage\",\"@id\":\"https:\\\/\\\/radioljubuski.ba\\\/index.php\\\/2021\\\/06\\\/22\\\/covid-potvrde-kljucne-za-ljetne-manifestacije\\\/\",\"url\":\"https:\\\/\\\/radioljubuski.ba\\\/index.php\\\/2021\\\/06\\\/22\\\/covid-potvrde-kljucne-za-ljetne-manifestacije\\\/\",\"name\":\"Covid potvrde klju\u010dne za ljetne manifestacije - RADIO LJUBU\u0160KI\",\"isPartOf\":{\"@id\":\"https:\\\/\\\/radioljubuski.ba\\\/#website\"},\"primaryImageOfPage\":{\"@id\":\"https:\\\/\\\/radioljubuski.ba\\\/index.php\\\/2021\\\/06\\\/22\\\/covid-potvrde-kljucne-za-ljetne-manifestacije\\\/#primaryimage\"},\"image\":{\"@id\":\"https:\\\/\\\/radioljubuski.ba\\\/index.php\\\/2021\\\/06\\\/22\\\/covid-potvrde-kljucne-za-ljetne-manifestacije\\\/#primaryimage\"},\"thumbnailUrl\":\"https:\\\/\\\/radioljubuski.ba\\\/wp-content\\\/uploads\\\/2021\\\/06\\\/indeksiraj3-6.jpg\",\"datePublished\":\"2021-06-22T09:12:08+00:00\",\"dateModified\":\"2021-06-22T09:12:09+00:00\",\"breadcrumb\":{\"@id\":\"https:\\\/\\\/radioljubuski.ba\\\/index.php\\\/2021\\\/06\\\/22\\\/covid-potvrde-kljucne-za-ljetne-manifestacije\\\/#breadcrumb\"},\"inLanguage\":\"hr\",\"potentialAction\":[{\"@type\":\"ReadAction\",\"target\":[\"https:\\\/\\\/radioljubuski.ba\\\/index.php\\\/2021\\\/06\\\/22\\\/covid-potvrde-kljucne-za-ljetne-manifestacije\\\/\"]}]},{\"@type\":\"ImageObject\",\"inLanguage\":\"hr\",\"@id\":\"https:\\\/\\\/radioljubuski.ba\\\/index.php\\\/2021\\\/06\\\/22\\\/covid-potvrde-kljucne-za-ljetne-manifestacije\\\/#primaryimage\",\"url\":\"https:\\\/\\\/radioljubuski.ba\\\/wp-content\\\/uploads\\\/2021\\\/06\\\/indeksiraj3-6.jpg\",\"contentUrl\":\"https:\\\/\\\/radioljubuski.ba\\\/wp-content\\\/uploads\\\/2021\\\/06\\\/indeksiraj3-6.jpg\",\"width\":300,\"height\":168},{\"@type\":\"BreadcrumbList\",\"@id\":\"https:\\\/\\\/radioljubuski.ba\\\/index.php\\\/2021\\\/06\\\/22\\\/covid-potvrde-kljucne-za-ljetne-manifestacije\\\/#breadcrumb\",\"itemListElement\":[{\"@type\":\"ListItem\",\"position\":1,\"name\":\"Po\u010detna stranica\",\"item\":\"https:\\\/\\\/radioljubuski.ba\\\/\"},{\"@type\":\"ListItem\",\"position\":2,\"name\":\"Covid potvrde klju\u010dne za ljetne manifestacije\"}]},{\"@type\":\"WebSite\",\"@id\":\"https:\\\/\\\/radioljubuski.ba\\\/#website\",\"url\":\"https:\\\/\\\/radioljubuski.ba\\\/\",\"name\":\"Radio Ljubu\u0161ki\",\"description\":\"Sun\u010dana frekvencija Hercegovine\",\"publisher\":{\"@id\":\"https:\\\/\\\/radioljubuski.ba\\\/#organization\"},\"potentialAction\":[{\"@type\":\"SearchAction\",\"target\":{\"@type\":\"EntryPoint\",\"urlTemplate\":\"https:\\\/\\\/radioljubuski.ba\\\/?s={search_term_string}\"},\"query-input\":{\"@type\":\"PropertyValueSpecification\",\"valueRequired\":true,\"valueName\":\"search_term_string\"}}],\"inLanguage\":\"hr\"},{\"@type\":\"Organization\",\"@id\":\"https:\\\/\\\/radioljubuski.ba\\\/#organization\",\"name\":\"Radio Ljubu\u0161ki\",\"url\":\"https:\\\/\\\/radioljubuski.ba\\\/\",\"logo\":{\"@type\":\"ImageObject\",\"inLanguage\":\"hr\",\"@id\":\"https:\\\/\\\/radioljubuski.ba\\\/#\\\/schema\\\/logo\\\/image\\\/\",\"url\":\"https:\\\/\\\/radioljubuski.ba\\\/wp-content\\\/uploads\\\/2021\\\/02\\\/cropped-Radio_Ljubuski_logo1.jpg\",\"contentUrl\":\"https:\\\/\\\/radioljubuski.ba\\\/wp-content\\\/uploads\\\/2021\\\/02\\\/cropped-Radio_Ljubuski_logo1.jpg\",\"width\":512,\"height\":512,\"caption\":\"Radio Ljubu\u0161ki\"},\"image\":{\"@id\":\"https:\\\/\\\/radioljubuski.ba\\\/#\\\/schema\\\/logo\\\/image\\\/\"},\"sameAs\":[\"https:\\\/\\\/www.facebook.com\\\/Radiio-Ljubuski-1490835324566332\",\"https:\\\/\\\/x.com\\\/radioljubuski\",\"https:\\\/\\\/hr.linkedin.com\\\/company\\\/radio-ljubuski\",\"https:\\\/\\\/www.youtube.com\\\/channel\\\/UCHYaeO_n0Db3tjNGudGpXyw\"]},{\"@type\":\"Person\",\"@id\":\"https:\\\/\\\/radioljubuski.ba\\\/#\\\/schema\\\/person\\\/19fc700381a780f69665d7956c469e3b\",\"name\":\"Radio Ljubu\u0161ki\"}]}<\/script>\n<!-- \/ Yoast SEO plugin. -->","yoast_head_json":{"title":"Covid potvrde klju\u010dne za ljetne manifestacije - RADIO LJUBU\u0160KI","robots":{"index":"index","follow":"follow","max-snippet":"max-snippet:-1","max-image-preview":"max-image-preview:large","max-video-preview":"max-video-preview:-1"},"canonical":"https:\/\/radioljubuski.ba\/index.php\/2021\/06\/22\/covid-potvrde-kljucne-za-ljetne-manifestacije\/","og_locale":"hr_HR","og_type":"article","og_title":"Covid potvrde klju\u010dne za ljetne manifestacije - RADIO LJUBU\u0160KI","og_description":"\u017divot se koliko-toliko vra\u0107a u normalu. Ponovno su se po\u010dele odr\u017eavati razne manifestacije te koncerti, na koje \u0107e mo\u0107i svi koji imaju digitalne covid potvrde. Od 1. srpnja festivale, koncerte i brojne druge doga\u0111aje mo\u0107i \u0107e posjetiti svi oni koji imaju Covid potvrde. Brojne manifestacije ve\u0107 su u pripremi. &#8211; Mislim da \u0107e ve\u0107ina ljudi [&hellip;]","og_url":"https:\/\/radioljubuski.ba\/index.php\/2021\/06\/22\/covid-potvrde-kljucne-za-ljetne-manifestacije\/","og_site_name":"RADIO LJUBU\u0160KI","article_publisher":"https:\/\/www.facebook.com\/Radiio-Ljubuski-1490835324566332","article_published_time":"2021-06-22T09:12:08+00:00","article_modified_time":"2021-06-22T09:12:09+00:00","og_image":[{"width":300,"height":168,"url":"https:\/\/radioljubuski.ba\/wp-content\/uploads\/2021\/06\/indeksiraj3-6.jpg","type":"image\/jpeg"}],"author":"Radio Ljubu\u0161ki","twitter_card":"summary_large_image","twitter_creator":"@radioljubuski","twitter_site":"@radioljubuski","twitter_misc":{"Napisao\/la":"Radio Ljubu\u0161ki","Procijenjeno vrijeme \u010ditanja":"2 minute"},"schema":{"@context":"https:\/\/schema.org","@graph":[{"@type":"Article","@id":"https:\/\/radioljubuski.ba\/index.php\/2021\/06\/22\/covid-potvrde-kljucne-za-ljetne-manifestacije\/#article","isPartOf":{"@id":"https:\/\/radioljubuski.ba\/index.php\/2021\/06\/22\/covid-potvrde-kljucne-za-ljetne-manifestacije\/"},"author":{"name":"Radio Ljubu\u0161ki","@id":"https:\/\/radioljubuski.ba\/#\/schema\/person\/19fc700381a780f69665d7956c469e3b"},"headline":"Covid potvrde klju\u010dne za ljetne manifestacije","datePublished":"2021-06-22T09:12:08+00:00","dateModified":"2021-06-22T09:12:09+00:00","mainEntityOfPage":{"@id":"https:\/\/radioljubuski.ba\/index.php\/2021\/06\/22\/covid-potvrde-kljucne-za-ljetne-manifestacije\/"},"wordCount":275,"publisher":{"@id":"https:\/\/radioljubuski.ba\/#organization"},"image":{"@id":"https:\/\/radioljubuski.ba\/index.php\/2021\/06\/22\/covid-potvrde-kljucne-za-ljetne-manifestacije\/#primaryimage"},"thumbnailUrl":"https:\/\/radioljubuski.ba\/wp-content\/uploads\/2021\/06\/indeksiraj3-6.jpg","articleSection":["BIH i regija"],"inLanguage":"hr"},{"@type":"WebPage","@id":"https:\/\/radioljubuski.ba\/index.php\/2021\/06\/22\/covid-potvrde-kljucne-za-ljetne-manifestacije\/","url":"https:\/\/radioljubuski.ba\/index.php\/2021\/06\/22\/covid-potvrde-kljucne-za-ljetne-manifestacije\/","name":"Covid potvrde klju\u010dne za ljetne manifestacije - RADIO LJUBU\u0160KI","isPartOf":{"@id":"https:\/\/radioljubuski.ba\/#website"},"primaryImageOfPage":{"@id":"https:\/\/radioljubuski.ba\/index.php\/2021\/06\/22\/covid-potvrde-kljucne-za-ljetne-manifestacije\/#primaryimage"},"image":{"@id":"https:\/\/radioljubuski.ba\/index.php\/2021\/06\/22\/covid-potvrde-kljucne-za-ljetne-manifestacije\/#primaryimage"},"thumbnailUrl":"https:\/\/radioljubuski.ba\/wp-content\/uploads\/2021\/06\/indeksiraj3-6.jpg","datePublished":"2021-06-22T09:12:08+00:00","dateModified":"2021-06-22T09:12:09+00:00","breadcrumb":{"@id":"https:\/\/radioljubuski.ba\/index.php\/2021\/06\/22\/covid-potvrde-kljucne-za-ljetne-manifestacije\/#breadcrumb"},"inLanguage":"hr","potentialAction":[{"@type":"ReadAction","target":["https:\/\/radioljubuski.ba\/index.php\/2021\/06\/22\/covid-potvrde-kljucne-za-ljetne-manifestacije\/"]}]},{"@type":"ImageObject","inLanguage":"hr","@id":"https:\/\/radioljubuski.ba\/index.php\/2021\/06\/22\/covid-potvrde-kljucne-za-ljetne-manifestacije\/#primaryimage","url":"https:\/\/radioljubuski.ba\/wp-content\/uploads\/2021\/06\/indeksiraj3-6.jpg","contentUrl":"https:\/\/radioljubuski.ba\/wp-content\/uploads\/2021\/06\/indeksiraj3-6.jpg","width":300,"height":168},{"@type":"BreadcrumbList","@id":"https:\/\/radioljubuski.ba\/index.php\/2021\/06\/22\/covid-potvrde-kljucne-za-ljetne-manifestacije\/#breadcrumb","itemListElement":[{"@type":"ListItem","position":1,"name":"Po\u010detna stranica","item":"https:\/\/radioljubuski.ba\/"},{"@type":"ListItem","position":2,"name":"Covid potvrde klju\u010dne za ljetne manifestacije"}]},{"@type":"WebSite","@id":"https:\/\/radioljubuski.ba\/#website","url":"https:\/\/radioljubuski.ba\/","name":"Radio Ljubu\u0161ki","description":"Sun\u010dana frekvencija Hercegovine","publisher":{"@id":"https:\/\/radioljubuski.ba\/#organization"},"potentialAction":[{"@type":"SearchAction","target":{"@type":"EntryPoint","urlTemplate":"https:\/\/radioljubuski.ba\/?s={search_term_string}"},"query-input":{"@type":"PropertyValueSpecification","valueRequired":true,"valueName":"search_term_string"}}],"inLanguage":"hr"},{"@type":"Organization","@id":"https:\/\/radioljubuski.ba\/#organization","name":"Radio Ljubu\u0161ki","url":"https:\/\/radioljubuski.ba\/","logo":{"@type":"ImageObject","inLanguage":"hr","@id":"https:\/\/radioljubuski.ba\/#\/schema\/logo\/image\/","url":"https:\/\/radioljubuski.ba\/wp-content\/uploads\/2021\/02\/cropped-Radio_Ljubuski_logo1.jpg","contentUrl":"https:\/\/radioljubuski.ba\/wp-content\/uploads\/2021\/02\/cropped-Radio_Ljubuski_logo1.jpg","width":512,"height":512,"caption":"Radio Ljubu\u0161ki"},"image":{"@id":"https:\/\/radioljubuski.ba\/#\/schema\/logo\/image\/"},"sameAs":["https:\/\/www.facebook.com\/Radiio-Ljubuski-1490835324566332","https:\/\/x.com\/radioljubuski","https:\/\/hr.linkedin.com\/company\/radio-ljubuski","https:\/\/www.youtube.com\/channel\/UCHYaeO_n0Db3tjNGudGpXyw"]},{"@type":"Person","@id":"https:\/\/radioljubuski.ba\/#\/schema\/person\/19fc700381a780f69665d7956c469e3b","name":"Radio Ljubu\u0161ki"}]}},"_links":{"self":[{"href":"https:\/\/radioljubuski.ba\/index.php\/wp-json\/wp\/v2\/posts\/34772","targetHints":{"allow":["GET"]}}],"collection":[{"href":"https:\/\/radioljubuski.ba\/index.php\/wp-json\/wp\/v2\/posts"}],"about":[{"href":"https:\/\/radioljubuski.ba\/index.php\/wp-json\/wp\/v2\/types\/post"}],"author":[{"embeddable":true,"href":"https:\/\/radioljubuski.ba\/index.php\/wp-json\/wp\/v2\/users\/2"}],"replies":[{"embeddable":true,"href":"https:\/\/radioljubuski.ba\/index.php\/wp-json\/wp\/v2\/comments?post=34772"}],"version-history":[{"count":1,"href":"https:\/\/radioljubuski.ba\/index.php\/wp-json\/wp\/v2\/posts\/34772\/revisions"}],"predecessor-version":[{"id":34774,"href":"https:\/\/radioljubuski.ba\/index.php\/wp-json\/wp\/v2\/posts\/34772\/revisions\/34774"}],"wp:featuredmedia":[{"embeddable":true,"href":"https:\/\/radioljubuski.ba\/index.php\/wp-json\/wp\/v2\/media\/34773"}],"wp:attachment":[{"href":"https:\/\/radioljubuski.ba\/index.php\/wp-json\/wp\/v2\/media?parent=34772"}],"wp:term":[{"taxonomy":"category","embeddable":true,"href":"https:\/\/radioljubuski.ba\/index.php\/wp-json\/wp\/v2\/categories?post=34772"},{"taxonomy":"post_tag","embeddable":true,"href":"https:\/\/radioljubuski.ba\/index.php\/wp-json\/wp\/v2\/tags?post=34772"}],"curies":[{"name":"wp","href":"https:\/\/api.w.org\/{rel}","templated":true}]}}