{"id":34780,"date":"2021-06-22T10:16:44","date_gmt":"2021-06-22T09:16:44","guid":{"rendered":"https:\/\/radioljubuski.ba\/?p=34780"},"modified":"2021-06-22T10:16:45","modified_gmt":"2021-06-22T09:16:45","slug":"milanovic-treba-nam-malo-da-se-slozimo","status":"publish","type":"post","link":"https:\/\/radioljubuski.ba\/index.php\/2021\/06\/22\/milanovic-treba-nam-malo-da-se-slozimo\/","title":{"rendered":"Milanovi\u0107: Treba nam malo da se slo\u017eimo"},"content":{"rendered":"\n<p>Dana\u0161nji Dan antifa\u0161isti\u010dke borbe, sve\u010dano je sino\u0107 obilje\u017een u Splitu. Promenadni koncert orkestra Hrvatske ratne mornarice sino\u0107 se odr\u017eao od po\u010detka Marmontove ulice do Trga Gaje Bulata.&nbsp;<\/p>\n\n\n\n<p>Okupljenim gra\u0111anima na tom se novom splitskom kazali\u0161nom trgu obratio predsjednik Republike Hrvatske <strong>Zoran Milanovi\u0107<\/strong>.<br><br>&#8211; Ovaj skup danas, miran, civiliziran, gra\u0111anski i pu\u010dki, ljev\u010darski, ali i tradicionalno dalmatinski, je pokazatelj kako je ovo jedno normalno i mirno dru\u0161tvo u kojem nam samo malo treba da se oko nekih stvari slo\u017eimo, poru\u010dio je.<br><br>&#8211; Do\u0161ao sam ovdje radi svoga dida i njegovog brata, i svoje babe i njezine bra\u0107e, koji u rat nisu oti\u0161li kao antifa\u0161isti, nisu ni znali \u0161to to zna\u010di. Moja baba je govorila &#8216;\u010dovik nije moga durat&#8217;. To o\u010dito mora da je bilo grozno jer za obi\u010dnog \u010dovjeka, dalmatinskog te\u017eaka, nakon svega \u0161to je prolazio kroz ratove, to mora biti dubok ljudski potres, rekao je.<br><br>Nabrojao je imena palih boraca Prvog splitskog odreda sastavljenog od mladih splitskih komunista, kazav\u0161i da je iz dana\u0161nje perspektive, razma\u017eenosti, komfora i potrebe da se svaka \u010de\u017enja i \u017eelja zadovolji \u0161to prije, to te\u0161ko shvatiti.<br><br>&#8211; Danas takvih ljudi vi\u0161e nema. Oni su bili ta iskra iz koje se zapalio ustanak, narodni ustanak. Nisu bili ljudi od libra, nisu bili dijalekti\u010dki materijalisti, neki su kasnije postali komunisti. Znam da je ovaj dan, i ovi dani, praznik koji nekim ljudima u Hrvatskoj smetaju, znam da je bilo nepravdi, da je bilo ubojstava, da je bilo nerazuma jer svaka revolucija je gruba, sirova, nepravedna i vrlo \u010desto ako ne pojede, nagrize svoju djecu, ali to je bila cijena koju je trebalo platiti, poru\u010dio je.<br><br>Predsjednik Milanovi\u0107 rekao je kako su pedeset godina kasnije neki drugi hrabri ljudi, hrvatski borci za slobodu u Domovinskom ratu, bili spremni i hrabri u\u010di u borbu te riskirati vlastiti \u017eivot.<br><br>Istaknuo je kako bez sloge me\u0111u hrvatskim ljudima nema napretka: \u201eMalo nas je i samo zajedni\u010dkim naporima, koliko god to ofucano zvu\u010dalo, ali vrijedi ponavljati, mo\u017eemo dalje i mo\u017eemo napredovati\u201c.<br><br>Najavio je svoj odlazak na obilje\u017eavanje Dana antifa\u0161isti\u010dke borbe u Brezovici.<br><br>&#8211; Sutra idem u Brezovicu gdje je bio taj prvi ustanak, ali to \u0161to je majka Dalmacija dala u borbi za hrvatsku slobodu, za te dalekose\u017ene ciljeve, to nije nitko. Sve te \u017ertve, sve je to ovaj narod morao pre\u017eivjeti, pro\u0107i, di\u0107i glavu, pro\u0107i kroz kasnija razo\u010daranja u tim i nekim drugim sistemima da bi danas \u017eivjeli u svojoj dr\u017eavi. Nije na\u0161 \u010dovjek bio duboki filozof, \u010dovjek nije moga durat, ne dovedi na\u0161eg \u010dovjeka u napast, zaklju\u010dio je.<\/p>\n\n\n\n<p>Osim predsjednika Milanovi\u0107a na obilje\u017eavanju Dana antifa\u0161isti\u010dke borbe govorili su predsjednik Udruge veterana Domovinskog rata i antifa\u0161ista VeDRA <strong>Ranko Britvi\u0107<\/strong> i gradona\u010delnik Grada Splita <strong>Ivica Puljak<\/strong>.<br><br>Dan antifa\u0161isti\u010dke borbe u Splitu obilje\u017een je u organizaciji Grada Splita i Splitsko-dalmatinske \u017eupanije te Zajednice udruga antifa\u0161isti\u010dkih boraca i antifa\u0161ista Splitsko \u2013 dalmatinske \u017eupanije ZUABA, Udruga antifa\u0161ista i antifa\u0161isti\u010dkih boraca grada Splita UAAB i Udruga veterana Domovinskog rata i antifa\u0161ista.<br><br>Uz predsjednika Milanovi\u0107a na sve\u010danom obilje\u017eavanju Dana antifa\u0161isti\u010dke borbe u Splitu bili su predstojnik Ureda predsjednika dr. sc. <strong>Orsat Miljeni\u0107<\/strong> i savjetnica Predsjednika za ljudska prava i civilno dru\u0161tvo <strong>Melita Muli\u0107<\/strong>.<\/p>\n\n\n\n<div style=\"width: 640px;\" class=\"wp-video\"><video class=\"wp-video-shortcode\" id=\"video-34780-1\" width=\"640\" height=\"360\" preload=\"metadata\" controls=\"controls\"><source type=\"video\/mp4\" src=\"https:\/\/api.hrt.hr\/media\/41\/05\/dn3-210621-tonmilan-20210621211756.mp4?_=1\" \/><a href=\"https:\/\/api.hrt.hr\/media\/41\/05\/dn3-210621-tonmilan-20210621211756.mp4\">https:\/\/api.hrt.hr\/media\/41\/05\/dn3-210621-tonmilan-20210621211756.mp4<\/a><\/video><\/div>\n\n\n\n<p>Izvor:hrt.hr<\/p>\n","protected":false},"excerpt":{"rendered":"<p>Dana\u0161nji Dan antifa\u0161isti\u010dke borbe, sve\u010dano je sino\u0107 obilje\u017een u Splitu. Promenadni koncert orkestra Hrvatske ratne mornarice sino\u0107 se odr\u017eao od po\u010detka Marmontove ulice do Trga Gaje Bulata.&nbsp; Okupljenim gra\u0111anima na tom se novom splitskom kazali\u0161nom trgu obratio predsjednik Republike Hrvatske Zoran Milanovi\u0107. &#8211; Ovaj skup danas, miran, civiliziran, gra\u0111anski i pu\u010dki, ljev\u010darski, ali i tradicionalno [&hellip;]<\/p>\n","protected":false},"author":2,"featured_media":34781,"comment_status":"closed","ping_status":"closed","sticky":false,"template":"","format":"standard","meta":{"h5ap_radio_sources":[],"footnotes":""},"categories":[1],"tags":[],"class_list":["post-34780","post","type-post","status-publish","format-standard","has-post-thumbnail","hentry","category-bihiregija"],"yoast_head":"<!-- This site is optimized with the Yoast SEO plugin v27.5 - https:\/\/yoast.com\/product\/yoast-seo-wordpress\/ -->\n<title>Milanovi\u0107: Treba nam malo da se slo\u017eimo - RADIO LJUBU\u0160KI<\/title>\n<meta name=\"robots\" content=\"index, follow, max-snippet:-1, max-image-preview:large, max-video-preview:-1\" \/>\n<link rel=\"canonical\" href=\"https:\/\/radioljubuski.ba\/index.php\/2021\/06\/22\/milanovic-treba-nam-malo-da-se-slozimo\/\" \/>\n<meta property=\"og:locale\" content=\"hr_HR\" \/>\n<meta property=\"og:type\" content=\"article\" \/>\n<meta property=\"og:title\" content=\"Milanovi\u0107: Treba nam malo da se slo\u017eimo - RADIO LJUBU\u0160KI\" \/>\n<meta property=\"og:description\" content=\"Dana\u0161nji Dan antifa\u0161isti\u010dke borbe, sve\u010dano je sino\u0107 obilje\u017een u Splitu. Promenadni koncert orkestra Hrvatske ratne mornarice sino\u0107 se odr\u017eao od po\u010detka Marmontove ulice do Trga Gaje Bulata.&nbsp; Okupljenim gra\u0111anima na tom se novom splitskom kazali\u0161nom trgu obratio predsjednik Republike Hrvatske Zoran Milanovi\u0107. &#8211; Ovaj skup danas, miran, civiliziran, gra\u0111anski i pu\u010dki, ljev\u010darski, ali i tradicionalno [&hellip;]\" \/>\n<meta property=\"og:url\" content=\"https:\/\/radioljubuski.ba\/index.php\/2021\/06\/22\/milanovic-treba-nam-malo-da-se-slozimo\/\" \/>\n<meta property=\"og:site_name\" content=\"RADIO LJUBU\u0160KI\" \/>\n<meta property=\"article:publisher\" content=\"https:\/\/www.facebook.com\/Radiio-Ljubuski-1490835324566332\" \/>\n<meta property=\"article:published_time\" content=\"2021-06-22T09:16:44+00:00\" \/>\n<meta property=\"article:modified_time\" content=\"2021-06-22T09:16:45+00:00\" \/>\n<meta property=\"og:image\" content=\"https:\/\/radioljubuski.ba\/wp-content\/uploads\/2021\/06\/dsc-0073-20210621200207-scaled.jpg\" \/>\n\t<meta property=\"og:image:width\" content=\"2560\" \/>\n\t<meta property=\"og:image:height\" content=\"1920\" \/>\n\t<meta property=\"og:image:type\" content=\"image\/jpeg\" \/>\n<meta name=\"author\" content=\"Radio Ljubu\u0161ki\" \/>\n<meta name=\"twitter:card\" content=\"summary_large_image\" \/>\n<meta name=\"twitter:creator\" content=\"@radioljubuski\" \/>\n<meta name=\"twitter:site\" content=\"@radioljubuski\" \/>\n<meta name=\"twitter:label1\" content=\"Napisao\/la\" \/>\n\t<meta name=\"twitter:data1\" content=\"Radio Ljubu\u0161ki\" \/>\n\t<meta name=\"twitter:label2\" content=\"Procijenjeno vrijeme \u010ditanja\" \/>\n\t<meta name=\"twitter:data2\" content=\"3 minute\" \/>\n<script type=\"application\/ld+json\" class=\"yoast-schema-graph\">{\"@context\":\"https:\\\/\\\/schema.org\",\"@graph\":[{\"@type\":\"Article\",\"@id\":\"https:\\\/\\\/radioljubuski.ba\\\/index.php\\\/2021\\\/06\\\/22\\\/milanovic-treba-nam-malo-da-se-slozimo\\\/#article\",\"isPartOf\":{\"@id\":\"https:\\\/\\\/radioljubuski.ba\\\/index.php\\\/2021\\\/06\\\/22\\\/milanovic-treba-nam-malo-da-se-slozimo\\\/\"},\"author\":{\"name\":\"Radio Ljubu\u0161ki\",\"@id\":\"https:\\\/\\\/radioljubuski.ba\\\/#\\\/schema\\\/person\\\/19fc700381a780f69665d7956c469e3b\"},\"headline\":\"Milanovi\u0107: Treba nam malo da se slo\u017eimo\",\"datePublished\":\"2021-06-22T09:16:44+00:00\",\"dateModified\":\"2021-06-22T09:16:45+00:00\",\"mainEntityOfPage\":{\"@id\":\"https:\\\/\\\/radioljubuski.ba\\\/index.php\\\/2021\\\/06\\\/22\\\/milanovic-treba-nam-malo-da-se-slozimo\\\/\"},\"wordCount\":606,\"publisher\":{\"@id\":\"https:\\\/\\\/radioljubuski.ba\\\/#organization\"},\"image\":{\"@id\":\"https:\\\/\\\/radioljubuski.ba\\\/index.php\\\/2021\\\/06\\\/22\\\/milanovic-treba-nam-malo-da-se-slozimo\\\/#primaryimage\"},\"thumbnailUrl\":\"https:\\\/\\\/radioljubuski.ba\\\/wp-content\\\/uploads\\\/2021\\\/06\\\/dsc-0073-20210621200207-scaled.jpg\",\"articleSection\":[\"BIH i regija\"],\"inLanguage\":\"hr\"},{\"@type\":\"WebPage\",\"@id\":\"https:\\\/\\\/radioljubuski.ba\\\/index.php\\\/2021\\\/06\\\/22\\\/milanovic-treba-nam-malo-da-se-slozimo\\\/\",\"url\":\"https:\\\/\\\/radioljubuski.ba\\\/index.php\\\/2021\\\/06\\\/22\\\/milanovic-treba-nam-malo-da-se-slozimo\\\/\",\"name\":\"Milanovi\u0107: Treba nam malo da se slo\u017eimo - RADIO LJUBU\u0160KI\",\"isPartOf\":{\"@id\":\"https:\\\/\\\/radioljubuski.ba\\\/#website\"},\"primaryImageOfPage\":{\"@id\":\"https:\\\/\\\/radioljubuski.ba\\\/index.php\\\/2021\\\/06\\\/22\\\/milanovic-treba-nam-malo-da-se-slozimo\\\/#primaryimage\"},\"image\":{\"@id\":\"https:\\\/\\\/radioljubuski.ba\\\/index.php\\\/2021\\\/06\\\/22\\\/milanovic-treba-nam-malo-da-se-slozimo\\\/#primaryimage\"},\"thumbnailUrl\":\"https:\\\/\\\/radioljubuski.ba\\\/wp-content\\\/uploads\\\/2021\\\/06\\\/dsc-0073-20210621200207-scaled.jpg\",\"datePublished\":\"2021-06-22T09:16:44+00:00\",\"dateModified\":\"2021-06-22T09:16:45+00:00\",\"breadcrumb\":{\"@id\":\"https:\\\/\\\/radioljubuski.ba\\\/index.php\\\/2021\\\/06\\\/22\\\/milanovic-treba-nam-malo-da-se-slozimo\\\/#breadcrumb\"},\"inLanguage\":\"hr\",\"potentialAction\":[{\"@type\":\"ReadAction\",\"target\":[\"https:\\\/\\\/radioljubuski.ba\\\/index.php\\\/2021\\\/06\\\/22\\\/milanovic-treba-nam-malo-da-se-slozimo\\\/\"]}]},{\"@type\":\"ImageObject\",\"inLanguage\":\"hr\",\"@id\":\"https:\\\/\\\/radioljubuski.ba\\\/index.php\\\/2021\\\/06\\\/22\\\/milanovic-treba-nam-malo-da-se-slozimo\\\/#primaryimage\",\"url\":\"https:\\\/\\\/radioljubuski.ba\\\/wp-content\\\/uploads\\\/2021\\\/06\\\/dsc-0073-20210621200207-scaled.jpg\",\"contentUrl\":\"https:\\\/\\\/radioljubuski.ba\\\/wp-content\\\/uploads\\\/2021\\\/06\\\/dsc-0073-20210621200207-scaled.jpg\",\"width\":2560,\"height\":1920},{\"@type\":\"BreadcrumbList\",\"@id\":\"https:\\\/\\\/radioljubuski.ba\\\/index.php\\\/2021\\\/06\\\/22\\\/milanovic-treba-nam-malo-da-se-slozimo\\\/#breadcrumb\",\"itemListElement\":[{\"@type\":\"ListItem\",\"position\":1,\"name\":\"Po\u010detna stranica\",\"item\":\"https:\\\/\\\/radioljubuski.ba\\\/\"},{\"@type\":\"ListItem\",\"position\":2,\"name\":\"Milanovi\u0107: Treba nam malo da se slo\u017eimo\"}]},{\"@type\":\"WebSite\",\"@id\":\"https:\\\/\\\/radioljubuski.ba\\\/#website\",\"url\":\"https:\\\/\\\/radioljubuski.ba\\\/\",\"name\":\"Radio Ljubu\u0161ki\",\"description\":\"Sun\u010dana frekvencija Hercegovine\",\"publisher\":{\"@id\":\"https:\\\/\\\/radioljubuski.ba\\\/#organization\"},\"potentialAction\":[{\"@type\":\"SearchAction\",\"target\":{\"@type\":\"EntryPoint\",\"urlTemplate\":\"https:\\\/\\\/radioljubuski.ba\\\/?s={search_term_string}\"},\"query-input\":{\"@type\":\"PropertyValueSpecification\",\"valueRequired\":true,\"valueName\":\"search_term_string\"}}],\"inLanguage\":\"hr\"},{\"@type\":\"Organization\",\"@id\":\"https:\\\/\\\/radioljubuski.ba\\\/#organization\",\"name\":\"Radio Ljubu\u0161ki\",\"url\":\"https:\\\/\\\/radioljubuski.ba\\\/\",\"logo\":{\"@type\":\"ImageObject\",\"inLanguage\":\"hr\",\"@id\":\"https:\\\/\\\/radioljubuski.ba\\\/#\\\/schema\\\/logo\\\/image\\\/\",\"url\":\"https:\\\/\\\/radioljubuski.ba\\\/wp-content\\\/uploads\\\/2021\\\/02\\\/cropped-Radio_Ljubuski_logo1.jpg\",\"contentUrl\":\"https:\\\/\\\/radioljubuski.ba\\\/wp-content\\\/uploads\\\/2021\\\/02\\\/cropped-Radio_Ljubuski_logo1.jpg\",\"width\":512,\"height\":512,\"caption\":\"Radio Ljubu\u0161ki\"},\"image\":{\"@id\":\"https:\\\/\\\/radioljubuski.ba\\\/#\\\/schema\\\/logo\\\/image\\\/\"},\"sameAs\":[\"https:\\\/\\\/www.facebook.com\\\/Radiio-Ljubuski-1490835324566332\",\"https:\\\/\\\/x.com\\\/radioljubuski\",\"https:\\\/\\\/hr.linkedin.com\\\/company\\\/radio-ljubuski\",\"https:\\\/\\\/www.youtube.com\\\/channel\\\/UCHYaeO_n0Db3tjNGudGpXyw\"]},{\"@type\":\"Person\",\"@id\":\"https:\\\/\\\/radioljubuski.ba\\\/#\\\/schema\\\/person\\\/19fc700381a780f69665d7956c469e3b\",\"name\":\"Radio Ljubu\u0161ki\"}]}<\/script>\n<!-- \/ Yoast SEO plugin. -->","yoast_head_json":{"title":"Milanovi\u0107: Treba nam malo da se slo\u017eimo - RADIO LJUBU\u0160KI","robots":{"index":"index","follow":"follow","max-snippet":"max-snippet:-1","max-image-preview":"max-image-preview:large","max-video-preview":"max-video-preview:-1"},"canonical":"https:\/\/radioljubuski.ba\/index.php\/2021\/06\/22\/milanovic-treba-nam-malo-da-se-slozimo\/","og_locale":"hr_HR","og_type":"article","og_title":"Milanovi\u0107: Treba nam malo da se slo\u017eimo - RADIO LJUBU\u0160KI","og_description":"Dana\u0161nji Dan antifa\u0161isti\u010dke borbe, sve\u010dano je sino\u0107 obilje\u017een u Splitu. Promenadni koncert orkestra Hrvatske ratne mornarice sino\u0107 se odr\u017eao od po\u010detka Marmontove ulice do Trga Gaje Bulata.&nbsp; Okupljenim gra\u0111anima na tom se novom splitskom kazali\u0161nom trgu obratio predsjednik Republike Hrvatske Zoran Milanovi\u0107. &#8211; Ovaj skup danas, miran, civiliziran, gra\u0111anski i pu\u010dki, ljev\u010darski, ali i tradicionalno [&hellip;]","og_url":"https:\/\/radioljubuski.ba\/index.php\/2021\/06\/22\/milanovic-treba-nam-malo-da-se-slozimo\/","og_site_name":"RADIO LJUBU\u0160KI","article_publisher":"https:\/\/www.facebook.com\/Radiio-Ljubuski-1490835324566332","article_published_time":"2021-06-22T09:16:44+00:00","article_modified_time":"2021-06-22T09:16:45+00:00","og_image":[{"width":2560,"height":1920,"url":"https:\/\/radioljubuski.ba\/wp-content\/uploads\/2021\/06\/dsc-0073-20210621200207-scaled.jpg","type":"image\/jpeg"}],"author":"Radio Ljubu\u0161ki","twitter_card":"summary_large_image","twitter_creator":"@radioljubuski","twitter_site":"@radioljubuski","twitter_misc":{"Napisao\/la":"Radio Ljubu\u0161ki","Procijenjeno vrijeme \u010ditanja":"3 minute"},"schema":{"@context":"https:\/\/schema.org","@graph":[{"@type":"Article","@id":"https:\/\/radioljubuski.ba\/index.php\/2021\/06\/22\/milanovic-treba-nam-malo-da-se-slozimo\/#article","isPartOf":{"@id":"https:\/\/radioljubuski.ba\/index.php\/2021\/06\/22\/milanovic-treba-nam-malo-da-se-slozimo\/"},"author":{"name":"Radio Ljubu\u0161ki","@id":"https:\/\/radioljubuski.ba\/#\/schema\/person\/19fc700381a780f69665d7956c469e3b"},"headline":"Milanovi\u0107: Treba nam malo da se slo\u017eimo","datePublished":"2021-06-22T09:16:44+00:00","dateModified":"2021-06-22T09:16:45+00:00","mainEntityOfPage":{"@id":"https:\/\/radioljubuski.ba\/index.php\/2021\/06\/22\/milanovic-treba-nam-malo-da-se-slozimo\/"},"wordCount":606,"publisher":{"@id":"https:\/\/radioljubuski.ba\/#organization"},"image":{"@id":"https:\/\/radioljubuski.ba\/index.php\/2021\/06\/22\/milanovic-treba-nam-malo-da-se-slozimo\/#primaryimage"},"thumbnailUrl":"https:\/\/radioljubuski.ba\/wp-content\/uploads\/2021\/06\/dsc-0073-20210621200207-scaled.jpg","articleSection":["BIH i regija"],"inLanguage":"hr"},{"@type":"WebPage","@id":"https:\/\/radioljubuski.ba\/index.php\/2021\/06\/22\/milanovic-treba-nam-malo-da-se-slozimo\/","url":"https:\/\/radioljubuski.ba\/index.php\/2021\/06\/22\/milanovic-treba-nam-malo-da-se-slozimo\/","name":"Milanovi\u0107: Treba nam malo da se slo\u017eimo - RADIO LJUBU\u0160KI","isPartOf":{"@id":"https:\/\/radioljubuski.ba\/#website"},"primaryImageOfPage":{"@id":"https:\/\/radioljubuski.ba\/index.php\/2021\/06\/22\/milanovic-treba-nam-malo-da-se-slozimo\/#primaryimage"},"image":{"@id":"https:\/\/radioljubuski.ba\/index.php\/2021\/06\/22\/milanovic-treba-nam-malo-da-se-slozimo\/#primaryimage"},"thumbnailUrl":"https:\/\/radioljubuski.ba\/wp-content\/uploads\/2021\/06\/dsc-0073-20210621200207-scaled.jpg","datePublished":"2021-06-22T09:16:44+00:00","dateModified":"2021-06-22T09:16:45+00:00","breadcrumb":{"@id":"https:\/\/radioljubuski.ba\/index.php\/2021\/06\/22\/milanovic-treba-nam-malo-da-se-slozimo\/#breadcrumb"},"inLanguage":"hr","potentialAction":[{"@type":"ReadAction","target":["https:\/\/radioljubuski.ba\/index.php\/2021\/06\/22\/milanovic-treba-nam-malo-da-se-slozimo\/"]}]},{"@type":"ImageObject","inLanguage":"hr","@id":"https:\/\/radioljubuski.ba\/index.php\/2021\/06\/22\/milanovic-treba-nam-malo-da-se-slozimo\/#primaryimage","url":"https:\/\/radioljubuski.ba\/wp-content\/uploads\/2021\/06\/dsc-0073-20210621200207-scaled.jpg","contentUrl":"https:\/\/radioljubuski.ba\/wp-content\/uploads\/2021\/06\/dsc-0073-20210621200207-scaled.jpg","width":2560,"height":1920},{"@type":"BreadcrumbList","@id":"https:\/\/radioljubuski.ba\/index.php\/2021\/06\/22\/milanovic-treba-nam-malo-da-se-slozimo\/#breadcrumb","itemListElement":[{"@type":"ListItem","position":1,"name":"Po\u010detna stranica","item":"https:\/\/radioljubuski.ba\/"},{"@type":"ListItem","position":2,"name":"Milanovi\u0107: Treba nam malo da se slo\u017eimo"}]},{"@type":"WebSite","@id":"https:\/\/radioljubuski.ba\/#website","url":"https:\/\/radioljubuski.ba\/","name":"Radio Ljubu\u0161ki","description":"Sun\u010dana frekvencija Hercegovine","publisher":{"@id":"https:\/\/radioljubuski.ba\/#organization"},"potentialAction":[{"@type":"SearchAction","target":{"@type":"EntryPoint","urlTemplate":"https:\/\/radioljubuski.ba\/?s={search_term_string}"},"query-input":{"@type":"PropertyValueSpecification","valueRequired":true,"valueName":"search_term_string"}}],"inLanguage":"hr"},{"@type":"Organization","@id":"https:\/\/radioljubuski.ba\/#organization","name":"Radio Ljubu\u0161ki","url":"https:\/\/radioljubuski.ba\/","logo":{"@type":"ImageObject","inLanguage":"hr","@id":"https:\/\/radioljubuski.ba\/#\/schema\/logo\/image\/","url":"https:\/\/radioljubuski.ba\/wp-content\/uploads\/2021\/02\/cropped-Radio_Ljubuski_logo1.jpg","contentUrl":"https:\/\/radioljubuski.ba\/wp-content\/uploads\/2021\/02\/cropped-Radio_Ljubuski_logo1.jpg","width":512,"height":512,"caption":"Radio Ljubu\u0161ki"},"image":{"@id":"https:\/\/radioljubuski.ba\/#\/schema\/logo\/image\/"},"sameAs":["https:\/\/www.facebook.com\/Radiio-Ljubuski-1490835324566332","https:\/\/x.com\/radioljubuski","https:\/\/hr.linkedin.com\/company\/radio-ljubuski","https:\/\/www.youtube.com\/channel\/UCHYaeO_n0Db3tjNGudGpXyw"]},{"@type":"Person","@id":"https:\/\/radioljubuski.ba\/#\/schema\/person\/19fc700381a780f69665d7956c469e3b","name":"Radio Ljubu\u0161ki"}]}},"_links":{"self":[{"href":"https:\/\/radioljubuski.ba\/index.php\/wp-json\/wp\/v2\/posts\/34780","targetHints":{"allow":["GET"]}}],"collection":[{"href":"https:\/\/radioljubuski.ba\/index.php\/wp-json\/wp\/v2\/posts"}],"about":[{"href":"https:\/\/radioljubuski.ba\/index.php\/wp-json\/wp\/v2\/types\/post"}],"author":[{"embeddable":true,"href":"https:\/\/radioljubuski.ba\/index.php\/wp-json\/wp\/v2\/users\/2"}],"replies":[{"embeddable":true,"href":"https:\/\/radioljubuski.ba\/index.php\/wp-json\/wp\/v2\/comments?post=34780"}],"version-history":[{"count":1,"href":"https:\/\/radioljubuski.ba\/index.php\/wp-json\/wp\/v2\/posts\/34780\/revisions"}],"predecessor-version":[{"id":34782,"href":"https:\/\/radioljubuski.ba\/index.php\/wp-json\/wp\/v2\/posts\/34780\/revisions\/34782"}],"wp:featuredmedia":[{"embeddable":true,"href":"https:\/\/radioljubuski.ba\/index.php\/wp-json\/wp\/v2\/media\/34781"}],"wp:attachment":[{"href":"https:\/\/radioljubuski.ba\/index.php\/wp-json\/wp\/v2\/media?parent=34780"}],"wp:term":[{"taxonomy":"category","embeddable":true,"href":"https:\/\/radioljubuski.ba\/index.php\/wp-json\/wp\/v2\/categories?post=34780"},{"taxonomy":"post_tag","embeddable":true,"href":"https:\/\/radioljubuski.ba\/index.php\/wp-json\/wp\/v2\/tags?post=34780"}],"curies":[{"name":"wp","href":"https:\/\/api.w.org\/{rel}","templated":true}]}}