{"id":34786,"date":"2021-06-22T10:22:59","date_gmt":"2021-06-22T09:22:59","guid":{"rendered":"https:\/\/radioljubuski.ba\/?p=34786"},"modified":"2021-06-22T10:23:00","modified_gmt":"2021-06-22T09:23:00","slug":"obiljezavanje-dana-antifasisticke-borbe-u-brezovici","status":"publish","type":"post","link":"https:\/\/radioljubuski.ba\/index.php\/2021\/06\/22\/obiljezavanje-dana-antifasisticke-borbe-u-brezovici\/","title":{"rendered":"Obilje\u017eavanje Dana antifa\u0161isti\u010dke borbe u Brezovici"},"content":{"rendered":"\n<p>Dan je antifa\u0161isti\u010dke borbe. Na dana\u0161nji dan prije 80 godina u \u0161umi Brezovici kod Siska osnovan je Prvi sisa\u010dki partizanski odred, koji je bio i prva antifa\u0161isti\u010dka postrojba u ovom dijelu Europe. U Spomen-parku Brezovica brojna su izaslanstva polo\u017eila vijence. Sve\u010danost obilje\u017eavanja prvi je put organizirala Vlada, a prvi put sudjeluje i premijer Andrej Plenkovi\u0107.\u00a0<\/p>\n\n\n\n<figure class=\"wp-block-image\"><img decoding=\"async\" src=\"https:\/\/api.hrt.hr\/media\/cb\/de\/740x438-sng10-dan-antifasisticke-borbe-prijenos-frame-35131-20210622070840.jpg\" alt=\"\"\/><\/figure>\n\n\n\n<p><\/p>\n\n\n\n<iframe loading=\"lazy\" src=\"https:\/\/www.facebook.com\/plugins\/video.php?height=314&#038;href=https%3A%2F%2Fwww.facebook.com%2FHRTvijesti%2Fvideos%2F181543833919801%2F&#038;show_text=false&#038;width=560&#038;t=0\" width=\"560\" height=\"314\" style=\"border:none;overflow:hidden\" scrolling=\"no\" frameborder=\"0\" allowfullscreen=\"true\" allow=\"autoplay; clipboard-write; encrypted-media; picture-in-picture; web-share\" allowFullScreen=\"true\"><\/iframe>\n\n\n\n<h4 class=\"wp-block-heading\">Jandrokovi\u0107 \u010destitao Dan antifa\u0161isti\u010dke borbe<\/h4>\n\n\n\n<p>10:25<\/p>\n\n\n\n<p>Predsjednik Hrvatskoga sabora Gordan Jandrokovi\u0107 \u010destitao je Dan antifa\u0161isti\u010dke borbe.<br><br>&#8211; Na Dan antifa\u0161isti\u010dke borbe prisje\u0107amo se 22. lipnja 1941. godine kada je u \u0161umi Brezovica pokraj Siska osnovan Prvi partizanski odred. U to vrijeme na teritoriju Hrvatske djelovao je jedan od najsna\u017enijih antifa\u0161isti\u010dkih pokreta u okupiranoj Europi koji svjedo\u010di i simbolizira opredijeljenost hrvatskog naroda za antifa\u0161izam u okolnostima Drugoga svjetskog rata. Te vrijednosti ugra\u0111ene su i u temelje samostalne i suverene Republike Hrvatske, stoji u \u010destitki predsjednika Sabora.&nbsp;<br><br>Podsjetio je i da je opredijeljenost Republike Hrvatske u promicanju antifa\u0161izma potvr\u0111ena u izvori\u0161nim osnovama Ustava kao i u Deklaraciji o antifa\u0161izmu koju je Hrvatski sabor donio 2005. godine u povodu 60. obljetnice pobjede nad fa\u0161izmom.<br><br>&#8211; Dana\u0161nja slobodna i demokratska Republika Hrvatska nastala je herojskom pobjedom u Domovinskom ratu te postala \u010dlanica NATO-a i Europske unije u okviru kojih se sna\u017eno zala\u017ee za o\u010duvanje europskih vrijednosti mira, slobode, demokracije te solidarnosti i za\u0161tite ljudskog dostojanstva i ljudskih prava. Na dana\u0161nji dan prisje\u0107amo se svih onih koji su svoje \u017eivote \u017ertvovali za slobodnu Hrvatsku, istaknuo je predsjednik Hrvatskog sabora Gordan Jandrokovi\u0107 \u010destitav\u0161i svim gra\u0111ankama i gra\u0111anima Republike Hrvatske Dan antifa\u0161isti\u010dke borbe u uime Sabora i osobno.<\/p>\n\n\n\n<h4 class=\"wp-block-heading\">Milanovi\u0107. Istina je voda duboka<\/h4>\n\n\n\n<p>09:49<\/p>\n\n\n\n<p>Predsjednik RH<strong> Zoran Milanovi\u0107 <\/strong>do\u010dekan je glasnim pljeskom okupljenih.<br><br>&#8211; Istina je voda duboka i nikoga ne bi trebala uvrijediti, ali mo\u017ee zaboljeti. Me\u0111utim, u ovoj na\u0161oj istini nema ni\u010dega bolnog, ona je u stvari lijepa. Te\u0161ka, krvava, ali lijepa, rekao je Milanovi\u0107.<\/p>\n\n\n\n<p>Rekao je kako su sisa\u010dki komunisti koji su pokrenuli ustanak bili borci za revoluciju, sovjetsku Hrvatsku, ne demokraciju.<\/p>\n\n\n\n<p>&#8211; Ja ovdje danas nisam, niti ikoji put od ovih desetak puta kojih sam ovamo dolazio, kao gra\u0111anin, kao predsjednik SDP-a, kao predsjednik Hrvatske vlade, da bih ikome utjerao svoju istinu i da bih ikome dao bilo kakav zadatak, \u0161to trebamo, da bih poslao poruku. Ja sam ovdje samo da uka\u017eem na neke stvari koje Hrvatsku stavljaju tamo gdje joj je mjesto, ne na mapu, rekao je Milanovi\u0107.<\/p>\n\n\n\n<p><br><strong>Hrvatska je bila na strani istine i dobra<\/strong><\/p>\n\n\n\n<p>Rekao je da su hrvatski komesari dolazili me\u0111u narod koji je bio &#8220;devastiran, pobijen, kao da je netko krenuo u lov bez ikakve lova\u010dke dozvole, na ljude, na mu\u0161karce, \u017eene djecu, tu po selima i varo\u0161ima Banije i Korduna&#8221;.<br><br>&#8211; S jedne strane komunisti\u010dka agitacija, spremnost, organizacijske sposobnosti, i s druge strane, jer hrvatski narod kao takav u tom trenutku nije bio zreo za ustanak, jer je \u017eivio u iluziji da je dobio nekakvu svoju dr\u017eavu koja ga je prodala za sitnu banku, i srpski narod Hrvatske, na\u0161a bra\u0107a po oru\u017eju u tom ratu &#8211; na\u017ealost, ne vi\u0161e u ovom zadnjem ratu, ali u tom ratu na\u0161a bra\u0107a po oru\u017eju &#8211; su zajedno s hrvatskim komesarima dizali taj narodni ustanak, rekao je Milanovi\u0107.<br><br>Istaknuo je kako je iz dana\u0161nje perspektive neshvatljivo da je mali Sisak u to vrijeme imao 77 komunista, pripadnika tajne, prema vlastima teroristi\u010dke organizacije, ljudi spremnih na sve.<\/p>\n\n\n\n<p>&#8211; Prva dva mjeseca oni su koegzistirali s usta\u0161kom vla\u0161\u0107u jednom metodom toplo-hladnog odnosa u kojemu ih usta\u0161e nisu dirali, i to je istina, zbog pakta Hitlera sa Staljinom, rekao je predsjednik Milanovi\u0107.<\/p>\n\n\n\n<p>&#8211; Onog dana kada je Hitler napao Sovjetski Savez, to je va\u017eno re\u0107i, komunisti\u010dka glava vi\u0161e nije vrijedila ni prebijene pare. I to je isto jedan od razloga za bijeg komunista u \u0161umu, dodao je.<br><br>&#8211; Hrvatska nije bila na strani pobjednika. Hrvatska je bila na strani istine i dobra. Ve\u0107ina hrvatskog naroda, ve\u0107ina ljudi u Hrvatskoj, i Srba u tom ratu. Velika ve\u0107ina. Jer isticati cijelo vrijeme da smo bili winneri, pobjednici, a ne loseri, je lutrijski pogled na \u017eivot i sudbinu. To zna\u010di da smo mogli izgubiti, da je, recimo, Osovina dobila rat. Bi li to na\u0161 otpor \u010dinilo manje vrijednim?, upitao se Milanovi\u0107.<br><br><strong>Milanovi\u0107 obra\u0107anje zavr\u0161io rije\u010dima Franje Tu\u0111mana<\/strong><br><br>Rekao je kako je i\u0107i u 2. svjetski rat kao Hrvat 1941. i 1942. godine bio \u010din nevjerojatne hrabrosti i avanturizma.<\/p>\n\n\n\n<p>&#8211; Hrvatska mo\u017ee biti bolja. Hrvatska je jedna ure\u0111ena, stabilna dr\u017eava. Ipak, ipak. Ovdje je cijeli dr\u017eavni vrh, ovdje su i ranije dolazili svi predsjednici, ja kao premijer, dolazili su i ministri iz ove Vlade, svih ovih godina netko je dolazio. Dakle, ovo nikada nije bilo neko ru\u017eno pa\u010de, ali sada je mo\u017eda istaknuto, mo\u017eda sjaji u svoj svojoj snazi i privla\u010dnosti, rekao je Milanovi\u0107.<\/p>\n\n\n\n<p>Rekao je kako \u0107emo na povijest gledati razli\u010dito te da u Hrvatskoj ima ljudi, i to ne malo, koji na ovaj dan gledaju s neodobravanjem i ne \u017eele ovu proslavu. To je odlika svake politi\u010dke nacije, dodao je Milanovi\u0107.<\/p>\n\n\n\n<p>Obra\u0107anje je zavr\u0161io rije\u010dima <strong>Franje Tu\u0111mana<\/strong>.<\/p>\n\n\n\n<p>&#8211; Kad je umro <strong>Vlado Jani\u0107 Capo<\/strong>, 3. ili 4. svibnja, maja, 1991. godine, dva dana nakon ubojstva na\u0161ih de\u010dki u Borovom Selu, Tu\u0111man je poslao telegram, objavljeni telegram u knjigama na\u0161ih histori\u010dara, obitelji pokojnog Vlade Jani\u0107a Cape, njegovog prijatelja, starijeg druga, intimusa, iz beogradskih, manje partizanskih dana, i me\u0111u ostalim rije\u010dima laude napisao da je njegov put, njegov primjer, primjer nacionalnog, ljudskog i politi\u010dkog po\u0161tenja. Sje\u0107ajmo se tog po\u0161tenja. \u017divjeli, zaklju\u010dio je Milanovi\u0107.<\/p>\n\n\n\n<h4 class=\"wp-block-heading\">Plenkovi\u0107: Do\u0161lo je vrijeme da kao dru\u0161tvo trezvenije sagledamo tada\u0161nja zbivanja<\/h4>\n\n\n\n<p>09:38<\/p>\n\n\n\n<p>Sljede\u0107i je za govornicu iza\u0161ao predsjednik Vlade RH<strong> Andrej Plenkovi<\/strong>\u0107.<br><br>&#8211; Premda je ovaj praznik ustanovljen 1991. godine na iniocijativu predsjednika Tu\u0111mana, od ove godine je Vlada nositelj njegove organizacije i tako \u0107e biti i u budu\u0107nosti, poru\u010dio je.<br><br>Premijer je podsjetio na povijesne okolnosti u kojima je osnovan Prvi partizanski odred.<br><br>&#8211; Nakon Njema\u010dke okupacije uspostavljen je kvislin\u0161ki re\u017eim Ante Paveli\u0107. U stvarnosti je Hrvatska bila podijeljena, a dijelovi Dalmacije su bili pod Italijom. Doneseni su rasni zakoni protiv \u017eidova i Roma. U takvim okolnostima je skupina od 70-ak osoba osnovala Prvi sisa\u010dki odred. Partizani su postupno oslobodili dijelove Hrvatske \u0161to je dovelo do ZAVNOH-a koji je kasnije omogu\u0107io da 1990. bude potvr\u0111ena suverenost Hrvatske koja je obranjena u Domovinskom ratu. ZAVNOH je omogu\u0107io raskidanje ugovora s Italijom i povratak Istre i Dalmacije u Hrvatsku, isti\u010de predsjednik Vlade RH.<br><br>&#8211; Stvaranje demokratske Hrvatske u obru\u010du ratne Europe je jedinstven doga\u0111aj, nedovoljno priznat od povjesni\u010dara. Hrvatska je imala najmasovniji partizanski pokret u Europi zbog \u010deka je Hrvatskoj osigurano istaknuto mjesto me\u0111u pobjednicima Drugog svjetskog rata, poru\u010dio je.<br><br>&#8211; Pro\u0161le godine obilje\u017eili smo 25. obljetnicu pobjede u Oluji. Tada sam, uz veliki ponos, rekao da \u017ealimo i za \u017ertvama zlo\u010dina po\u010dinjenih i s hrvatske strane, kojih je na\u017ealost bilo. Isto tako, neovisno o spomenutim zaslugama partizana, vrijeme je da i ta burna vremena sagledamo u svoj njihovoj slo\u017eenosti. Tu ponajprije mislim na poslijeratne zlo\u010dine na Bleiburgu \u0161to je produbilo podjele u poratnoj Hrvatskoj. Tu mislim i na poslijeratne \u010diste politi\u010dkih neistomi\u0161ljenika, rekao je.<br><br>&#8211; Do\u0161lo je vrijeme da kao dru\u0161tvo trezvenije sagledamo tada\u0161nja zbivanja. Samo \u0107emo tako zatvoriti jo\u0161 \u017eive podjele u hrvatskom dru\u0161tvu i&nbsp;raditi na jedinstvu koje nas je i spasilo u Domovinskom ratu, poru\u010dio je premijer.<br><br>&#8211; U vremenu klimatskih promjena Hrvatskoj je vi\u0161e nego ikad potrebno jedinstvo i pogled u budu\u0107nost. Hrabrim pogledom na pro\u0161lost treba osloboditi energiju i optimizam koji \u0107e nas voditi naprijed. Vjerujem da bi se s tim slo\u017eili i oni koji su prije 80 godina krenuli u borbu protiv najve\u0107eg zla, zavr\u0161io je premijer Plenkovi\u0107.<\/p>\n\n\n\n<h4 class=\"wp-block-heading\">Kati\u010di\u0107: Uloga antifa\u0161isti\u010dkog pokreta u Hrvatskoj bila je od velike povijesne va\u017enosti<\/h4>\n\n\n\n<p>09:32<\/p>\n\n\n\n<p>Nazo\u010dnima se zatim obratio i izaslanik predsjednika Hrvatskog sabora i zastupnik<strong> Krunoslav Kati\u010di\u0107<\/strong>.<br><br>&#8211; Uloga antifa\u0161isti\u010dkog pokreta u Hrvatskoj bila je od velike povijesne va\u017enosti u stvaranju demokratske Hrvatske i zato taj dan ima posebnu va\u017enost za \u010ditavu Hrvatsku, to su rije\u010di prvog hrvatskog predsjednika. Danas smo ovdje kako bi se poklonili toj odlu\u010dnosti i hrabrosti koju je Hrvatska iskazala u borbi protiv najstra\u0161nije ideologije u povijesti \u010dovje\u010danstva, poru\u010dio je.<br><br>&#8211; Hrvatska se na\u0161la na strani pobjedni\u010dke antifa\u0161isti\u010dke koalicije i dio je te povijesti na koju moramo biti ponosni, kao i zbog toga \u0161to je s antifa\u0161isti\u010dkim pokretom Hrvatska u svoje krilo vratila Istru, Rijeku, Zadar i otoke. Ste\u010devine antifa\u0161izma upisane u odluke ZAVNOH-a te politi\u010dko ustavne osnove jugoslavenske federacije kao zajednice ravnopravnih naroda s pravom na samoodre\u0111enje dale su nam pravne pretpostavke za izlaz iz Jugoslavije i za progla\u0161enje neovisnosti, dodao je.<br><br>&#8211; Prvi hrvatski predsjednik, i sam sudionik NOB-a, bez ikakve dvojbe svjestan tih \u010dinjenica uvrstio je Dan antifa\u0161isti\u010dke borbe na kalendar samostalne i suverene Hrvatske. Antifa\u0161izam i Domovinski rat u temeljima su moderne dr\u017eave Hrvatske, tako treba ostati i to je na\u0161a poruka onima, premda s drugog politi\u010dkog aspekta, vode neku drugu politiku, rekao je Krunoslav Kati\u010di\u0107, izaslanik predsjednika Sabora i zastupnik u Saboru.<\/p>\n\n\n\n<h4 class=\"wp-block-heading\">Habulin: Jo\u0161 uvijek je na snazi Ustav u kojem stoji da je RH zasnovana na temeljima antifa\u0161izma<\/h4>\n\n\n\n<p>09:26<\/p>\n\n\n\n<p>Prvi se nazo\u010dnima obratio predsjednik SABA-e<strong> Franjo Habulin<\/strong> koji ih je pozdravio.<br><br>&#8211; Vrlo svjesno odabrao sam ovaj redoslijed iako znam da time kr\u0161im protokol, no mi smo ovdje eda se prisjetimo po\u010detka antifa\u0161isti\u010dke i da bi potvrdili na\u0161u privr\u017eenost antifa\u0161izmu danas. Pa zar nije onda logi\u010dno prvo prizdraviti pre\u017eivjele borce. Drago mi je da smo se danas okupili ovdje, znamo \u0161to se 22. lipnja dogodilo ovdje pa o tome ne\u0107u niti govoriti, ali \u0107u govoriti o ne\u010dem drugom. Dobro je da se ovo obilje\u017eavanje odvija u organizaciji Vlade RH, ali nije dobro da nam je trebalo punih 30 godina da bi se sjetila kako je njezina du\u017enost sve datume vezane uz antifa\u0161isti\u010dku borbu tretirati kao dr\u017eavne praznike. Jo\u0161 uvijek je na snazi Ustav u kojem stoji da je Republika Hrvatska zasnovana i na temeljima antifa\u0161izma a nasuprot NDH. I nadam se da to nikada ne\u0107e biti promijenjeno. Ako je to tako, a Ustav ka\u017ee da jeste, onda se mora po\u0161tivani ono \u0161to je zapisano u tom temeljnom dokumentu i ne samo rije\u010dima nego i djelima, poru\u010dio je.&nbsp;<br><br>&#8211; Znam da se nerado \u010duje za usta\u0161izaciju ili fa\u0161istoizaciju Hrvatske. I meni bi bilo dra\u017ee ne govoriti o tome, ali predugo smo \u0161utjeli o tome. Bilo je u ovih 30 godina pojedinaca koji su govorili i pisali, ali odjek je bio mali. U isto vrijeme se u medijima i knjigama slijevala bujica la\u017ei. Prekrajala se istina. Odgajali smo mlade u neznanju, ugra\u0111ivali im krive vjernosti, ustvrdio je.<br><br>&#8211; Ispod glasa smo komentirali kad su mijenjali imena ulica i trgova, kad su vojne postrojbe dobivale imena po notornim usta\u0161kim zlo\u010dinima. \u0160utimo kad mladi pozdravljaju usta\u0161kim pozdravom kojeg ne razumiju. Vlast je u zadnjih 30 godina uglavnom \u0161utjela o tome, a o ulozi Crkve ne\u0107u govoriti, poru\u010dio je Habulin.<\/p>\n\n\n\n<h4 class=\"wp-block-heading\">Plenkovi\u0107 i Milanovi\u0107 polo\u017eili vijence<\/h4>\n\n\n\n<p>09:10<\/p>\n\n\n\n<p>Premijer <strong>Andrej Plenkovi\u0107<\/strong> i predsjednik <strong>Zoran Milanovi\u0107<\/strong> polo\u017eili su vijence kod spomenika Debeli brijest u Brezovici.<br><br>Uo\u010di po\u010detka sve\u010danosti predsjednik i premijer su se rukovali.<\/p>\n\n\n\n<p>U \u0161umi Brezovici odr\u017eana je glavna sve\u010danost koju je prvi puta organizirala Vlada. Ondje je po prvi put do\u0161ao premijer <strong>Andrej Plenkovi\u0107,<\/strong> a do\u0161ao je i predsjednik Republike <strong>Zoran Milanovi\u0107<\/strong>. Uz Plenkovi\u0107a u Brezovicu su do\u0161li potpredsjednik Vlade i ministar hrvatskih branitelja <strong>Tomo Medved<\/strong>, potpredsjednik Vlade i ministar unutarnjih poslova <strong>Davor Bo\u017einovi\u0107<\/strong>, potpredsjednik Vlade <strong>Boris Milo\u0161evi\u0107<\/strong> i ministar znanosti i obrazovanja<strong> Radovan Fuchs<\/strong>.<br><br>Bio je ovo prvi put da su predsjednik i premijer zajedno na jednome mjestu nakon vi\u0161emjese\u010dnih javnih verbalnih sukoba.&nbsp;<br><br>&#8211; Ovaj put je Vlada organizator i zbog toga je i premijer tu. A osim toga, \u010dinjenica je da je 80. obljetnica osnivanja 1. sisa\u010dkog partizanskog odreda, prvog u ovom dijelu Europe je dodatni razlog za dolazak, ne samo premijera nego i potpredsjednika Vlade i ministra znanosti i obrazovanja, rekao je <strong>Zvonimir Frka Pete\u0161i\u0107<\/strong>, predstojnik Ureda predsjednika Vlade.<br><br>Ina\u010de, Dan antifa\u0161isti\u010dke borbe dr\u017eavni je praznik u Hrvatskoj i neradni dan.<\/p>\n\n\n\n<p><strong>22. lipnja 1941. osnovan Prvi sisa\u010dki partizanski odred<\/strong><br><br>Zapovjednici Prvog sisa\u010dkog partizanskog odreda bili su<strong> Vlado Jani\u0107-Capo<\/strong> i <strong>Marijan Cvetkovi\u0107<\/strong>, a me\u0111u 77 boraca bili su <strong>Mika \u0160piljak, Nada Dimi\u0107<\/strong> i drugi. Odred je osnovan nakon napada Njema\u010dke na SSSR.<br><br>Po\u010dev\u0161i od Siska, antifa\u0161isti\u010dki ustanak u Hrvatskoj razvijao se postupno. U organiziranoj narodnooslobodila\u010dkoj borbi u Hrvatskoj aktivno je sudjelovalo vi\u0161e od 500.000 hrvatskih gra\u0111ana.<br><br>U postrojbama Narodnooslobodila\u010dke vojske (NOV) borilo se oko 230.000 boraca iz Hrvatske, a na njezinu teritoriju stvorene su 52 brigade, 17 divizija i pet od ukupno 11 korpusa NOV-a.<\/p>\n\n\n\n<p>Izvor:hrt.hr<\/p>\n","protected":false},"excerpt":{"rendered":"<p>Dan je antifa\u0161isti\u010dke borbe. Na dana\u0161nji dan prije 80 godina u \u0161umi Brezovici kod Siska osnovan je Prvi sisa\u010dki partizanski odred, koji je bio i prva antifa\u0161isti\u010dka postrojba u ovom dijelu Europe. U Spomen-parku Brezovica brojna su izaslanstva polo\u017eila vijence. Sve\u010danost obilje\u017eavanja prvi je put organizirala Vlada, a prvi put sudjeluje i premijer Andrej Plenkovi\u0107.\u00a0 [&hellip;]<\/p>\n","protected":false},"author":2,"featured_media":34787,"comment_status":"closed","ping_status":"closed","sticky":false,"template":"","format":"standard","meta":{"h5ap_radio_sources":[],"footnotes":""},"categories":[1],"tags":[],"class_list":["post-34786","post","type-post","status-publish","format-standard","has-post-thumbnail","hentry","category-bihiregija"],"yoast_head":"<!-- This site is optimized with the Yoast SEO plugin v27.5 - https:\/\/yoast.com\/product\/yoast-seo-wordpress\/ -->\n<title>Obilje\u017eavanje Dana antifa\u0161isti\u010dke borbe u Brezovici - RADIO LJUBU\u0160KI<\/title>\n<meta name=\"robots\" content=\"index, follow, max-snippet:-1, max-image-preview:large, max-video-preview:-1\" \/>\n<link rel=\"canonical\" href=\"https:\/\/radioljubuski.ba\/index.php\/2021\/06\/22\/obiljezavanje-dana-antifasisticke-borbe-u-brezovici\/\" \/>\n<meta property=\"og:locale\" content=\"hr_HR\" \/>\n<meta property=\"og:type\" content=\"article\" \/>\n<meta property=\"og:title\" content=\"Obilje\u017eavanje Dana antifa\u0161isti\u010dke borbe u Brezovici - RADIO LJUBU\u0160KI\" \/>\n<meta property=\"og:description\" content=\"Dan je antifa\u0161isti\u010dke borbe. Na dana\u0161nji dan prije 80 godina u \u0161umi Brezovici kod Siska osnovan je Prvi sisa\u010dki partizanski odred, koji je bio i prva antifa\u0161isti\u010dka postrojba u ovom dijelu Europe. U Spomen-parku Brezovica brojna su izaslanstva polo\u017eila vijence. Sve\u010danost obilje\u017eavanja prvi je put organizirala Vlada, a prvi put sudjeluje i premijer Andrej Plenkovi\u0107.\u00a0 [&hellip;]\" \/>\n<meta property=\"og:url\" content=\"https:\/\/radioljubuski.ba\/index.php\/2021\/06\/22\/obiljezavanje-dana-antifasisticke-borbe-u-brezovici\/\" \/>\n<meta property=\"og:site_name\" content=\"RADIO LJUBU\u0160KI\" \/>\n<meta property=\"article:publisher\" content=\"https:\/\/www.facebook.com\/Radiio-Ljubuski-1490835324566332\" \/>\n<meta property=\"article:published_time\" content=\"2021-06-22T09:22:59+00:00\" \/>\n<meta property=\"article:modified_time\" content=\"2021-06-22T09:23:00+00:00\" \/>\n<meta property=\"og:image\" content=\"https:\/\/radioljubuski.ba\/wp-content\/uploads\/2021\/06\/740x438-sng10-dan-antifasisticke-borbe-prijenos-frame-34780-20210622070827.jpg\" \/>\n\t<meta property=\"og:image:width\" content=\"740\" \/>\n\t<meta property=\"og:image:height\" content=\"438\" \/>\n\t<meta property=\"og:image:type\" content=\"image\/jpeg\" \/>\n<meta name=\"author\" content=\"Radio Ljubu\u0161ki\" \/>\n<meta name=\"twitter:card\" content=\"summary_large_image\" \/>\n<meta name=\"twitter:creator\" content=\"@radioljubuski\" \/>\n<meta name=\"twitter:site\" content=\"@radioljubuski\" \/>\n<meta name=\"twitter:label1\" content=\"Napisao\/la\" \/>\n\t<meta name=\"twitter:data1\" content=\"Radio Ljubu\u0161ki\" \/>\n\t<meta name=\"twitter:label2\" content=\"Procijenjeno vrijeme \u010ditanja\" \/>\n\t<meta name=\"twitter:data2\" content=\"10 minuta\" \/>\n<script type=\"application\/ld+json\" class=\"yoast-schema-graph\">{\"@context\":\"https:\\\/\\\/schema.org\",\"@graph\":[{\"@type\":\"Article\",\"@id\":\"https:\\\/\\\/radioljubuski.ba\\\/index.php\\\/2021\\\/06\\\/22\\\/obiljezavanje-dana-antifasisticke-borbe-u-brezovici\\\/#article\",\"isPartOf\":{\"@id\":\"https:\\\/\\\/radioljubuski.ba\\\/index.php\\\/2021\\\/06\\\/22\\\/obiljezavanje-dana-antifasisticke-borbe-u-brezovici\\\/\"},\"author\":{\"name\":\"Radio Ljubu\u0161ki\",\"@id\":\"https:\\\/\\\/radioljubuski.ba\\\/#\\\/schema\\\/person\\\/19fc700381a780f69665d7956c469e3b\"},\"headline\":\"Obilje\u017eavanje Dana antifa\u0161isti\u010dke borbe u Brezovici\",\"datePublished\":\"2021-06-22T09:22:59+00:00\",\"dateModified\":\"2021-06-22T09:23:00+00:00\",\"mainEntityOfPage\":{\"@id\":\"https:\\\/\\\/radioljubuski.ba\\\/index.php\\\/2021\\\/06\\\/22\\\/obiljezavanje-dana-antifasisticke-borbe-u-brezovici\\\/\"},\"wordCount\":2294,\"publisher\":{\"@id\":\"https:\\\/\\\/radioljubuski.ba\\\/#organization\"},\"image\":{\"@id\":\"https:\\\/\\\/radioljubuski.ba\\\/index.php\\\/2021\\\/06\\\/22\\\/obiljezavanje-dana-antifasisticke-borbe-u-brezovici\\\/#primaryimage\"},\"thumbnailUrl\":\"https:\\\/\\\/radioljubuski.ba\\\/wp-content\\\/uploads\\\/2021\\\/06\\\/740x438-sng10-dan-antifasisticke-borbe-prijenos-frame-34780-20210622070827.jpg\",\"articleSection\":[\"BIH i regija\"],\"inLanguage\":\"hr\"},{\"@type\":\"WebPage\",\"@id\":\"https:\\\/\\\/radioljubuski.ba\\\/index.php\\\/2021\\\/06\\\/22\\\/obiljezavanje-dana-antifasisticke-borbe-u-brezovici\\\/\",\"url\":\"https:\\\/\\\/radioljubuski.ba\\\/index.php\\\/2021\\\/06\\\/22\\\/obiljezavanje-dana-antifasisticke-borbe-u-brezovici\\\/\",\"name\":\"Obilje\u017eavanje Dana antifa\u0161isti\u010dke borbe u Brezovici - RADIO LJUBU\u0160KI\",\"isPartOf\":{\"@id\":\"https:\\\/\\\/radioljubuski.ba\\\/#website\"},\"primaryImageOfPage\":{\"@id\":\"https:\\\/\\\/radioljubuski.ba\\\/index.php\\\/2021\\\/06\\\/22\\\/obiljezavanje-dana-antifasisticke-borbe-u-brezovici\\\/#primaryimage\"},\"image\":{\"@id\":\"https:\\\/\\\/radioljubuski.ba\\\/index.php\\\/2021\\\/06\\\/22\\\/obiljezavanje-dana-antifasisticke-borbe-u-brezovici\\\/#primaryimage\"},\"thumbnailUrl\":\"https:\\\/\\\/radioljubuski.ba\\\/wp-content\\\/uploads\\\/2021\\\/06\\\/740x438-sng10-dan-antifasisticke-borbe-prijenos-frame-34780-20210622070827.jpg\",\"datePublished\":\"2021-06-22T09:22:59+00:00\",\"dateModified\":\"2021-06-22T09:23:00+00:00\",\"breadcrumb\":{\"@id\":\"https:\\\/\\\/radioljubuski.ba\\\/index.php\\\/2021\\\/06\\\/22\\\/obiljezavanje-dana-antifasisticke-borbe-u-brezovici\\\/#breadcrumb\"},\"inLanguage\":\"hr\",\"potentialAction\":[{\"@type\":\"ReadAction\",\"target\":[\"https:\\\/\\\/radioljubuski.ba\\\/index.php\\\/2021\\\/06\\\/22\\\/obiljezavanje-dana-antifasisticke-borbe-u-brezovici\\\/\"]}]},{\"@type\":\"ImageObject\",\"inLanguage\":\"hr\",\"@id\":\"https:\\\/\\\/radioljubuski.ba\\\/index.php\\\/2021\\\/06\\\/22\\\/obiljezavanje-dana-antifasisticke-borbe-u-brezovici\\\/#primaryimage\",\"url\":\"https:\\\/\\\/radioljubuski.ba\\\/wp-content\\\/uploads\\\/2021\\\/06\\\/740x438-sng10-dan-antifasisticke-borbe-prijenos-frame-34780-20210622070827.jpg\",\"contentUrl\":\"https:\\\/\\\/radioljubuski.ba\\\/wp-content\\\/uploads\\\/2021\\\/06\\\/740x438-sng10-dan-antifasisticke-borbe-prijenos-frame-34780-20210622070827.jpg\",\"width\":740,\"height\":438},{\"@type\":\"BreadcrumbList\",\"@id\":\"https:\\\/\\\/radioljubuski.ba\\\/index.php\\\/2021\\\/06\\\/22\\\/obiljezavanje-dana-antifasisticke-borbe-u-brezovici\\\/#breadcrumb\",\"itemListElement\":[{\"@type\":\"ListItem\",\"position\":1,\"name\":\"Po\u010detna stranica\",\"item\":\"https:\\\/\\\/radioljubuski.ba\\\/\"},{\"@type\":\"ListItem\",\"position\":2,\"name\":\"Obilje\u017eavanje Dana antifa\u0161isti\u010dke borbe u Brezovici\"}]},{\"@type\":\"WebSite\",\"@id\":\"https:\\\/\\\/radioljubuski.ba\\\/#website\",\"url\":\"https:\\\/\\\/radioljubuski.ba\\\/\",\"name\":\"Radio Ljubu\u0161ki\",\"description\":\"Sun\u010dana frekvencija Hercegovine\",\"publisher\":{\"@id\":\"https:\\\/\\\/radioljubuski.ba\\\/#organization\"},\"potentialAction\":[{\"@type\":\"SearchAction\",\"target\":{\"@type\":\"EntryPoint\",\"urlTemplate\":\"https:\\\/\\\/radioljubuski.ba\\\/?s={search_term_string}\"},\"query-input\":{\"@type\":\"PropertyValueSpecification\",\"valueRequired\":true,\"valueName\":\"search_term_string\"}}],\"inLanguage\":\"hr\"},{\"@type\":\"Organization\",\"@id\":\"https:\\\/\\\/radioljubuski.ba\\\/#organization\",\"name\":\"Radio Ljubu\u0161ki\",\"url\":\"https:\\\/\\\/radioljubuski.ba\\\/\",\"logo\":{\"@type\":\"ImageObject\",\"inLanguage\":\"hr\",\"@id\":\"https:\\\/\\\/radioljubuski.ba\\\/#\\\/schema\\\/logo\\\/image\\\/\",\"url\":\"https:\\\/\\\/radioljubuski.ba\\\/wp-content\\\/uploads\\\/2021\\\/02\\\/cropped-Radio_Ljubuski_logo1.jpg\",\"contentUrl\":\"https:\\\/\\\/radioljubuski.ba\\\/wp-content\\\/uploads\\\/2021\\\/02\\\/cropped-Radio_Ljubuski_logo1.jpg\",\"width\":512,\"height\":512,\"caption\":\"Radio Ljubu\u0161ki\"},\"image\":{\"@id\":\"https:\\\/\\\/radioljubuski.ba\\\/#\\\/schema\\\/logo\\\/image\\\/\"},\"sameAs\":[\"https:\\\/\\\/www.facebook.com\\\/Radiio-Ljubuski-1490835324566332\",\"https:\\\/\\\/x.com\\\/radioljubuski\",\"https:\\\/\\\/hr.linkedin.com\\\/company\\\/radio-ljubuski\",\"https:\\\/\\\/www.youtube.com\\\/channel\\\/UCHYaeO_n0Db3tjNGudGpXyw\"]},{\"@type\":\"Person\",\"@id\":\"https:\\\/\\\/radioljubuski.ba\\\/#\\\/schema\\\/person\\\/19fc700381a780f69665d7956c469e3b\",\"name\":\"Radio Ljubu\u0161ki\"}]}<\/script>\n<!-- \/ Yoast SEO plugin. -->","yoast_head_json":{"title":"Obilje\u017eavanje Dana antifa\u0161isti\u010dke borbe u Brezovici - RADIO LJUBU\u0160KI","robots":{"index":"index","follow":"follow","max-snippet":"max-snippet:-1","max-image-preview":"max-image-preview:large","max-video-preview":"max-video-preview:-1"},"canonical":"https:\/\/radioljubuski.ba\/index.php\/2021\/06\/22\/obiljezavanje-dana-antifasisticke-borbe-u-brezovici\/","og_locale":"hr_HR","og_type":"article","og_title":"Obilje\u017eavanje Dana antifa\u0161isti\u010dke borbe u Brezovici - RADIO LJUBU\u0160KI","og_description":"Dan je antifa\u0161isti\u010dke borbe. Na dana\u0161nji dan prije 80 godina u \u0161umi Brezovici kod Siska osnovan je Prvi sisa\u010dki partizanski odred, koji je bio i prva antifa\u0161isti\u010dka postrojba u ovom dijelu Europe. U Spomen-parku Brezovica brojna su izaslanstva polo\u017eila vijence. Sve\u010danost obilje\u017eavanja prvi je put organizirala Vlada, a prvi put sudjeluje i premijer Andrej Plenkovi\u0107.\u00a0 [&hellip;]","og_url":"https:\/\/radioljubuski.ba\/index.php\/2021\/06\/22\/obiljezavanje-dana-antifasisticke-borbe-u-brezovici\/","og_site_name":"RADIO LJUBU\u0160KI","article_publisher":"https:\/\/www.facebook.com\/Radiio-Ljubuski-1490835324566332","article_published_time":"2021-06-22T09:22:59+00:00","article_modified_time":"2021-06-22T09:23:00+00:00","og_image":[{"width":740,"height":438,"url":"https:\/\/radioljubuski.ba\/wp-content\/uploads\/2021\/06\/740x438-sng10-dan-antifasisticke-borbe-prijenos-frame-34780-20210622070827.jpg","type":"image\/jpeg"}],"author":"Radio Ljubu\u0161ki","twitter_card":"summary_large_image","twitter_creator":"@radioljubuski","twitter_site":"@radioljubuski","twitter_misc":{"Napisao\/la":"Radio Ljubu\u0161ki","Procijenjeno vrijeme \u010ditanja":"10 minuta"},"schema":{"@context":"https:\/\/schema.org","@graph":[{"@type":"Article","@id":"https:\/\/radioljubuski.ba\/index.php\/2021\/06\/22\/obiljezavanje-dana-antifasisticke-borbe-u-brezovici\/#article","isPartOf":{"@id":"https:\/\/radioljubuski.ba\/index.php\/2021\/06\/22\/obiljezavanje-dana-antifasisticke-borbe-u-brezovici\/"},"author":{"name":"Radio Ljubu\u0161ki","@id":"https:\/\/radioljubuski.ba\/#\/schema\/person\/19fc700381a780f69665d7956c469e3b"},"headline":"Obilje\u017eavanje Dana antifa\u0161isti\u010dke borbe u Brezovici","datePublished":"2021-06-22T09:22:59+00:00","dateModified":"2021-06-22T09:23:00+00:00","mainEntityOfPage":{"@id":"https:\/\/radioljubuski.ba\/index.php\/2021\/06\/22\/obiljezavanje-dana-antifasisticke-borbe-u-brezovici\/"},"wordCount":2294,"publisher":{"@id":"https:\/\/radioljubuski.ba\/#organization"},"image":{"@id":"https:\/\/radioljubuski.ba\/index.php\/2021\/06\/22\/obiljezavanje-dana-antifasisticke-borbe-u-brezovici\/#primaryimage"},"thumbnailUrl":"https:\/\/radioljubuski.ba\/wp-content\/uploads\/2021\/06\/740x438-sng10-dan-antifasisticke-borbe-prijenos-frame-34780-20210622070827.jpg","articleSection":["BIH i regija"],"inLanguage":"hr"},{"@type":"WebPage","@id":"https:\/\/radioljubuski.ba\/index.php\/2021\/06\/22\/obiljezavanje-dana-antifasisticke-borbe-u-brezovici\/","url":"https:\/\/radioljubuski.ba\/index.php\/2021\/06\/22\/obiljezavanje-dana-antifasisticke-borbe-u-brezovici\/","name":"Obilje\u017eavanje Dana antifa\u0161isti\u010dke borbe u Brezovici - RADIO LJUBU\u0160KI","isPartOf":{"@id":"https:\/\/radioljubuski.ba\/#website"},"primaryImageOfPage":{"@id":"https:\/\/radioljubuski.ba\/index.php\/2021\/06\/22\/obiljezavanje-dana-antifasisticke-borbe-u-brezovici\/#primaryimage"},"image":{"@id":"https:\/\/radioljubuski.ba\/index.php\/2021\/06\/22\/obiljezavanje-dana-antifasisticke-borbe-u-brezovici\/#primaryimage"},"thumbnailUrl":"https:\/\/radioljubuski.ba\/wp-content\/uploads\/2021\/06\/740x438-sng10-dan-antifasisticke-borbe-prijenos-frame-34780-20210622070827.jpg","datePublished":"2021-06-22T09:22:59+00:00","dateModified":"2021-06-22T09:23:00+00:00","breadcrumb":{"@id":"https:\/\/radioljubuski.ba\/index.php\/2021\/06\/22\/obiljezavanje-dana-antifasisticke-borbe-u-brezovici\/#breadcrumb"},"inLanguage":"hr","potentialAction":[{"@type":"ReadAction","target":["https:\/\/radioljubuski.ba\/index.php\/2021\/06\/22\/obiljezavanje-dana-antifasisticke-borbe-u-brezovici\/"]}]},{"@type":"ImageObject","inLanguage":"hr","@id":"https:\/\/radioljubuski.ba\/index.php\/2021\/06\/22\/obiljezavanje-dana-antifasisticke-borbe-u-brezovici\/#primaryimage","url":"https:\/\/radioljubuski.ba\/wp-content\/uploads\/2021\/06\/740x438-sng10-dan-antifasisticke-borbe-prijenos-frame-34780-20210622070827.jpg","contentUrl":"https:\/\/radioljubuski.ba\/wp-content\/uploads\/2021\/06\/740x438-sng10-dan-antifasisticke-borbe-prijenos-frame-34780-20210622070827.jpg","width":740,"height":438},{"@type":"BreadcrumbList","@id":"https:\/\/radioljubuski.ba\/index.php\/2021\/06\/22\/obiljezavanje-dana-antifasisticke-borbe-u-brezovici\/#breadcrumb","itemListElement":[{"@type":"ListItem","position":1,"name":"Po\u010detna stranica","item":"https:\/\/radioljubuski.ba\/"},{"@type":"ListItem","position":2,"name":"Obilje\u017eavanje Dana antifa\u0161isti\u010dke borbe u Brezovici"}]},{"@type":"WebSite","@id":"https:\/\/radioljubuski.ba\/#website","url":"https:\/\/radioljubuski.ba\/","name":"Radio Ljubu\u0161ki","description":"Sun\u010dana frekvencija Hercegovine","publisher":{"@id":"https:\/\/radioljubuski.ba\/#organization"},"potentialAction":[{"@type":"SearchAction","target":{"@type":"EntryPoint","urlTemplate":"https:\/\/radioljubuski.ba\/?s={search_term_string}"},"query-input":{"@type":"PropertyValueSpecification","valueRequired":true,"valueName":"search_term_string"}}],"inLanguage":"hr"},{"@type":"Organization","@id":"https:\/\/radioljubuski.ba\/#organization","name":"Radio Ljubu\u0161ki","url":"https:\/\/radioljubuski.ba\/","logo":{"@type":"ImageObject","inLanguage":"hr","@id":"https:\/\/radioljubuski.ba\/#\/schema\/logo\/image\/","url":"https:\/\/radioljubuski.ba\/wp-content\/uploads\/2021\/02\/cropped-Radio_Ljubuski_logo1.jpg","contentUrl":"https:\/\/radioljubuski.ba\/wp-content\/uploads\/2021\/02\/cropped-Radio_Ljubuski_logo1.jpg","width":512,"height":512,"caption":"Radio Ljubu\u0161ki"},"image":{"@id":"https:\/\/radioljubuski.ba\/#\/schema\/logo\/image\/"},"sameAs":["https:\/\/www.facebook.com\/Radiio-Ljubuski-1490835324566332","https:\/\/x.com\/radioljubuski","https:\/\/hr.linkedin.com\/company\/radio-ljubuski","https:\/\/www.youtube.com\/channel\/UCHYaeO_n0Db3tjNGudGpXyw"]},{"@type":"Person","@id":"https:\/\/radioljubuski.ba\/#\/schema\/person\/19fc700381a780f69665d7956c469e3b","name":"Radio Ljubu\u0161ki"}]}},"_links":{"self":[{"href":"https:\/\/radioljubuski.ba\/index.php\/wp-json\/wp\/v2\/posts\/34786","targetHints":{"allow":["GET"]}}],"collection":[{"href":"https:\/\/radioljubuski.ba\/index.php\/wp-json\/wp\/v2\/posts"}],"about":[{"href":"https:\/\/radioljubuski.ba\/index.php\/wp-json\/wp\/v2\/types\/post"}],"author":[{"embeddable":true,"href":"https:\/\/radioljubuski.ba\/index.php\/wp-json\/wp\/v2\/users\/2"}],"replies":[{"embeddable":true,"href":"https:\/\/radioljubuski.ba\/index.php\/wp-json\/wp\/v2\/comments?post=34786"}],"version-history":[{"count":1,"href":"https:\/\/radioljubuski.ba\/index.php\/wp-json\/wp\/v2\/posts\/34786\/revisions"}],"predecessor-version":[{"id":34788,"href":"https:\/\/radioljubuski.ba\/index.php\/wp-json\/wp\/v2\/posts\/34786\/revisions\/34788"}],"wp:featuredmedia":[{"embeddable":true,"href":"https:\/\/radioljubuski.ba\/index.php\/wp-json\/wp\/v2\/media\/34787"}],"wp:attachment":[{"href":"https:\/\/radioljubuski.ba\/index.php\/wp-json\/wp\/v2\/media?parent=34786"}],"wp:term":[{"taxonomy":"category","embeddable":true,"href":"https:\/\/radioljubuski.ba\/index.php\/wp-json\/wp\/v2\/categories?post=34786"},{"taxonomy":"post_tag","embeddable":true,"href":"https:\/\/radioljubuski.ba\/index.php\/wp-json\/wp\/v2\/tags?post=34786"}],"curies":[{"name":"wp","href":"https:\/\/api.w.org\/{rel}","templated":true}]}}