{"id":34795,"date":"2021-06-22T10:29:18","date_gmt":"2021-06-22T09:29:18","guid":{"rendered":"https:\/\/radioljubuski.ba\/?p=34795"},"modified":"2021-06-22T10:29:20","modified_gmt":"2021-06-22T09:29:20","slug":"kolar-o-spajanju-skola-u-vukovaru-to-je-direktno-ugrozavanje-prava-srpske-manjine","status":"publish","type":"post","link":"https:\/\/radioljubuski.ba\/index.php\/2021\/06\/22\/kolar-o-spajanju-skola-u-vukovaru-to-je-direktno-ugrozavanje-prava-srpske-manjine\/","title":{"rendered":"Kolar o spajanju \u0161kola u Vukovaru: To je direktno ugro\u017eavanje prava srpske manjine"},"content":{"rendered":"\n<p>\u0160to stoji iza inicijative vukovarskog gradona\u010delnika Ivana Penave i biv\u0161eg SDP-ovca \u017deljka Sabe da se u Vukovaru spoje hrvatske i sprske \u0161kole i vrti\u0107i? Gradona\u010delnik tvrdi roditeljima djece je nametnuta obarazovna segregacija i to je u\u010dinila politika. Takve teze resorno ministarstvo demantira i tvrdi kako su roditeljima ponu\u0111ena tri modela. \u0160to o svemu misle u vukovarskom SDSS-u za emisiju &#8220;Studio 4&#8221; otkrio je Sr\u0111an Kolar, zamjenik gradona\u010delnika Vukovara (SDSS).<\/p>\n\n\n\n<p>&#8211; Vidite sami da su u Vukovaru unazad \u010detiri godine organizirani razni programi i projekti protiv prava srpske nacionalne manjine. Ja smatram da je ovo direktno ugro\u017eavanje prava srpske nacionalne manjine i nisam pristalica toga, nego naprotiv da se prava pove\u0107avaju i da se svim pripadnicima nacionalnih manjina dozvoli da konzumiraju \u0161to vi\u0161e prava koja jam\u010di Ustavni zakon. Smatram da je ovo prije svega jedan predizborni potez koji je na\u0161ao plodno tlo, \u0161to nije dobro, uskra\u0107ivanje ljudskih prava nije dobar smjer u kojem bi RH trebala i\u0107i. Obe\u0107ali smo bira\u010dima \u0161to \u0107e biti te\u0161ko, nemogu\u0107e u\u010diniti, rekao je Kolar.<br><br>&#8211; Koristimo se izrazima koji nisu to\u010dni. Ovdje se ne radi o odvojenim \u0161kolama. Tko radi i \u017eivi u Vukovaru zna da su to iste zgrade pa \u010dak i smjene. Ako \u0107emo se reflektirati na neke doga\u0111aje koji su se dogodili, sukobe, u javnosti se \u0161iri dojam da se radi o navija\u010dima kada to odgovara, a u odre\u0111enom momentu da se radi o u\u010denicima koji na\u017ealost jedni druge dovoljno ne poznaju. To apsolutno nije istinito, ovdje se radi o nekoliko mladi\u0107a koji konstantno prave probleme, dodao je.<br><br>Penava proziva SDSS koji ne razumije svrhu takvog zajedni\u010dko \u0161kolovanje.&nbsp;<br><br>&#8211; Prije tri godine u gradskom vije\u0107u smo imali izglasavanje interkulturalne \u0161kole u Vukovaru koja bi na neki na\u010din pokrenula tu tra\u017eenu zajedni\u010dku \u0161kolu. Kada se to pokrenulo, nije prihva\u0107eno ni od strane tada\u0161njeg HDZ-a gdje je bio Penava. Ne mo\u017eemo sada tu te\u017einu i odgovornost prebaciti na SDSS samo \u0161to to sada politi\u010dki odgovara i dobro zvu\u010di za bira\u010de, rekao je Kolar.<br><br>&#8211; Problem je bio oko financija, neke naknade. Vidjelo se na po\u010detku da projekt nije dobro postavljen, nije do\u0161ao iz naroda &#8211; roditelja. Prepoznat je kao ne\u0161to \u0161to se sada de\u0161ava, \u0161to bi bio smjer za ga\u0161enje \u0161kola u kojima se nastava odvija na srpskom jeziku i pismu. To je bio osnovni problem kad smo mi u pitanju, dodao je.<br><br>Kolar je istaknuo da je izbor \u0161kole&nbsp; &#8211; po modelu A, B ili C &#8211; koje \u0107e dijete poha\u0111ati stvar izbora roditelja.&nbsp;<br><br>&#8211; Kod modela A nastava se u potpunosti odvija na hrvatskom jeziku i pismu, model B je njegovanje samo pet nacionalnih predmeta, a model C podrazumijeva samo srpski jezik. To u isto\u010dnoj Slavoniji nije na\u0161lo plodno tlo, isklju\u010divo se radi po modelu A gdje u\u010denici idu u iste zgrade, po istom programu koje je odobrilo ministarstvo, a ostali predmeti su identi\u010dni kao i u svim drugim krajevima Hrvatske, samo \u0161to su knjige prevedene na srpski jezik i pismo, pojasnio je.<br><br>Govore\u0107i o sukobima, Kolar je rekao da se kao i svugdje u Hrvatskoj, prvo stavljaji u kontekst nacinalnog sukoba, a tek onda gleda tko ih je i za\u0161to inicirao.<br><br>&#8211; Mi smo takva sredina, uvijek su nam nacionalni problemi u fokusu. Oni se prvenetveno kroz medije plasiraju, to je problem jer se mo\u017eda i od neke banalne situacije napravi problem, poru\u010dio je.<\/p>\n\n\n\n<p>Izvor.hrt.hr<\/p>\n","protected":false},"excerpt":{"rendered":"<p>\u0160to stoji iza inicijative vukovarskog gradona\u010delnika Ivana Penave i biv\u0161eg SDP-ovca \u017deljka Sabe da se u Vukovaru spoje hrvatske i sprske \u0161kole i vrti\u0107i? Gradona\u010delnik tvrdi roditeljima djece je nametnuta obarazovna segregacija i to je u\u010dinila politika. Takve teze resorno ministarstvo demantira i tvrdi kako su roditeljima ponu\u0111ena tri modela. \u0160to o svemu misle u [&hellip;]<\/p>\n","protected":false},"author":2,"featured_media":34796,"comment_status":"closed","ping_status":"closed","sticky":false,"template":"","format":"standard","meta":{"h5ap_radio_sources":[],"footnotes":""},"categories":[1],"tags":[],"class_list":["post-34795","post","type-post","status-publish","format-standard","has-post-thumbnail","hentry","category-bihiregija"],"yoast_head":"<!-- This site is optimized with the Yoast SEO plugin v27.5 - https:\/\/yoast.com\/product\/yoast-seo-wordpress\/ -->\n<title>Kolar o spajanju \u0161kola u Vukovaru: To je direktno ugro\u017eavanje prava srpske manjine - RADIO LJUBU\u0160KI<\/title>\n<meta name=\"robots\" content=\"index, follow, max-snippet:-1, max-image-preview:large, max-video-preview:-1\" \/>\n<link rel=\"canonical\" href=\"https:\/\/radioljubuski.ba\/index.php\/2021\/06\/22\/kolar-o-spajanju-skola-u-vukovaru-to-je-direktno-ugrozavanje-prava-srpske-manjine\/\" \/>\n<meta property=\"og:locale\" content=\"hr_HR\" \/>\n<meta property=\"og:type\" content=\"article\" \/>\n<meta property=\"og:title\" content=\"Kolar o spajanju \u0161kola u Vukovaru: To je direktno ugro\u017eavanje prava srpske manjine - RADIO LJUBU\u0160KI\" \/>\n<meta property=\"og:description\" content=\"\u0160to stoji iza inicijative vukovarskog gradona\u010delnika Ivana Penave i biv\u0161eg SDP-ovca \u017deljka Sabe da se u Vukovaru spoje hrvatske i sprske \u0161kole i vrti\u0107i? Gradona\u010delnik tvrdi roditeljima djece je nametnuta obarazovna segregacija i to je u\u010dinila politika. Takve teze resorno ministarstvo demantira i tvrdi kako su roditeljima ponu\u0111ena tri modela. \u0160to o svemu misle u [&hellip;]\" \/>\n<meta property=\"og:url\" content=\"https:\/\/radioljubuski.ba\/index.php\/2021\/06\/22\/kolar-o-spajanju-skola-u-vukovaru-to-je-direktno-ugrozavanje-prava-srpske-manjine\/\" \/>\n<meta property=\"og:site_name\" content=\"RADIO LJUBU\u0160KI\" \/>\n<meta property=\"article:publisher\" content=\"https:\/\/www.facebook.com\/Radiio-Ljubuski-1490835324566332\" \/>\n<meta property=\"article:published_time\" content=\"2021-06-22T09:29:18+00:00\" \/>\n<meta property=\"article:modified_time\" content=\"2021-06-22T09:29:20+00:00\" \/>\n<meta property=\"og:image\" content=\"https:\/\/radioljubuski.ba\/wp-content\/uploads\/2021\/06\/studio-4-frame-64132-20210622072047.jpg\" \/>\n\t<meta property=\"og:image:width\" content=\"1920\" \/>\n\t<meta property=\"og:image:height\" content=\"1080\" \/>\n\t<meta property=\"og:image:type\" content=\"image\/jpeg\" \/>\n<meta name=\"author\" content=\"Radio Ljubu\u0161ki\" \/>\n<meta name=\"twitter:card\" content=\"summary_large_image\" \/>\n<meta name=\"twitter:creator\" content=\"@radioljubuski\" \/>\n<meta name=\"twitter:site\" content=\"@radioljubuski\" \/>\n<meta name=\"twitter:label1\" content=\"Napisao\/la\" \/>\n\t<meta name=\"twitter:data1\" content=\"Radio Ljubu\u0161ki\" \/>\n\t<meta name=\"twitter:label2\" content=\"Procijenjeno vrijeme \u010ditanja\" \/>\n\t<meta name=\"twitter:data2\" content=\"3 minute\" \/>\n<script type=\"application\/ld+json\" class=\"yoast-schema-graph\">{\"@context\":\"https:\\\/\\\/schema.org\",\"@graph\":[{\"@type\":\"Article\",\"@id\":\"https:\\\/\\\/radioljubuski.ba\\\/index.php\\\/2021\\\/06\\\/22\\\/kolar-o-spajanju-skola-u-vukovaru-to-je-direktno-ugrozavanje-prava-srpske-manjine\\\/#article\",\"isPartOf\":{\"@id\":\"https:\\\/\\\/radioljubuski.ba\\\/index.php\\\/2021\\\/06\\\/22\\\/kolar-o-spajanju-skola-u-vukovaru-to-je-direktno-ugrozavanje-prava-srpske-manjine\\\/\"},\"author\":{\"name\":\"Radio Ljubu\u0161ki\",\"@id\":\"https:\\\/\\\/radioljubuski.ba\\\/#\\\/schema\\\/person\\\/19fc700381a780f69665d7956c469e3b\"},\"headline\":\"Kolar o spajanju \u0161kola u Vukovaru: To je direktno ugro\u017eavanje prava srpske manjine\",\"datePublished\":\"2021-06-22T09:29:18+00:00\",\"dateModified\":\"2021-06-22T09:29:20+00:00\",\"mainEntityOfPage\":{\"@id\":\"https:\\\/\\\/radioljubuski.ba\\\/index.php\\\/2021\\\/06\\\/22\\\/kolar-o-spajanju-skola-u-vukovaru-to-je-direktno-ugrozavanje-prava-srpske-manjine\\\/\"},\"wordCount\":625,\"publisher\":{\"@id\":\"https:\\\/\\\/radioljubuski.ba\\\/#organization\"},\"image\":{\"@id\":\"https:\\\/\\\/radioljubuski.ba\\\/index.php\\\/2021\\\/06\\\/22\\\/kolar-o-spajanju-skola-u-vukovaru-to-je-direktno-ugrozavanje-prava-srpske-manjine\\\/#primaryimage\"},\"thumbnailUrl\":\"https:\\\/\\\/radioljubuski.ba\\\/wp-content\\\/uploads\\\/2021\\\/06\\\/studio-4-frame-64132-20210622072047.jpg\",\"articleSection\":[\"BIH i regija\"],\"inLanguage\":\"hr\"},{\"@type\":\"WebPage\",\"@id\":\"https:\\\/\\\/radioljubuski.ba\\\/index.php\\\/2021\\\/06\\\/22\\\/kolar-o-spajanju-skola-u-vukovaru-to-je-direktno-ugrozavanje-prava-srpske-manjine\\\/\",\"url\":\"https:\\\/\\\/radioljubuski.ba\\\/index.php\\\/2021\\\/06\\\/22\\\/kolar-o-spajanju-skola-u-vukovaru-to-je-direktno-ugrozavanje-prava-srpske-manjine\\\/\",\"name\":\"Kolar o spajanju \u0161kola u Vukovaru: To je direktno ugro\u017eavanje prava srpske manjine - RADIO LJUBU\u0160KI\",\"isPartOf\":{\"@id\":\"https:\\\/\\\/radioljubuski.ba\\\/#website\"},\"primaryImageOfPage\":{\"@id\":\"https:\\\/\\\/radioljubuski.ba\\\/index.php\\\/2021\\\/06\\\/22\\\/kolar-o-spajanju-skola-u-vukovaru-to-je-direktno-ugrozavanje-prava-srpske-manjine\\\/#primaryimage\"},\"image\":{\"@id\":\"https:\\\/\\\/radioljubuski.ba\\\/index.php\\\/2021\\\/06\\\/22\\\/kolar-o-spajanju-skola-u-vukovaru-to-je-direktno-ugrozavanje-prava-srpske-manjine\\\/#primaryimage\"},\"thumbnailUrl\":\"https:\\\/\\\/radioljubuski.ba\\\/wp-content\\\/uploads\\\/2021\\\/06\\\/studio-4-frame-64132-20210622072047.jpg\",\"datePublished\":\"2021-06-22T09:29:18+00:00\",\"dateModified\":\"2021-06-22T09:29:20+00:00\",\"breadcrumb\":{\"@id\":\"https:\\\/\\\/radioljubuski.ba\\\/index.php\\\/2021\\\/06\\\/22\\\/kolar-o-spajanju-skola-u-vukovaru-to-je-direktno-ugrozavanje-prava-srpske-manjine\\\/#breadcrumb\"},\"inLanguage\":\"hr\",\"potentialAction\":[{\"@type\":\"ReadAction\",\"target\":[\"https:\\\/\\\/radioljubuski.ba\\\/index.php\\\/2021\\\/06\\\/22\\\/kolar-o-spajanju-skola-u-vukovaru-to-je-direktno-ugrozavanje-prava-srpske-manjine\\\/\"]}]},{\"@type\":\"ImageObject\",\"inLanguage\":\"hr\",\"@id\":\"https:\\\/\\\/radioljubuski.ba\\\/index.php\\\/2021\\\/06\\\/22\\\/kolar-o-spajanju-skola-u-vukovaru-to-je-direktno-ugrozavanje-prava-srpske-manjine\\\/#primaryimage\",\"url\":\"https:\\\/\\\/radioljubuski.ba\\\/wp-content\\\/uploads\\\/2021\\\/06\\\/studio-4-frame-64132-20210622072047.jpg\",\"contentUrl\":\"https:\\\/\\\/radioljubuski.ba\\\/wp-content\\\/uploads\\\/2021\\\/06\\\/studio-4-frame-64132-20210622072047.jpg\",\"width\":1920,\"height\":1080},{\"@type\":\"BreadcrumbList\",\"@id\":\"https:\\\/\\\/radioljubuski.ba\\\/index.php\\\/2021\\\/06\\\/22\\\/kolar-o-spajanju-skola-u-vukovaru-to-je-direktno-ugrozavanje-prava-srpske-manjine\\\/#breadcrumb\",\"itemListElement\":[{\"@type\":\"ListItem\",\"position\":1,\"name\":\"Po\u010detna stranica\",\"item\":\"https:\\\/\\\/radioljubuski.ba\\\/\"},{\"@type\":\"ListItem\",\"position\":2,\"name\":\"Kolar o spajanju \u0161kola u Vukovaru: To je direktno ugro\u017eavanje prava srpske manjine\"}]},{\"@type\":\"WebSite\",\"@id\":\"https:\\\/\\\/radioljubuski.ba\\\/#website\",\"url\":\"https:\\\/\\\/radioljubuski.ba\\\/\",\"name\":\"Radio Ljubu\u0161ki\",\"description\":\"Sun\u010dana frekvencija Hercegovine\",\"publisher\":{\"@id\":\"https:\\\/\\\/radioljubuski.ba\\\/#organization\"},\"potentialAction\":[{\"@type\":\"SearchAction\",\"target\":{\"@type\":\"EntryPoint\",\"urlTemplate\":\"https:\\\/\\\/radioljubuski.ba\\\/?s={search_term_string}\"},\"query-input\":{\"@type\":\"PropertyValueSpecification\",\"valueRequired\":true,\"valueName\":\"search_term_string\"}}],\"inLanguage\":\"hr\"},{\"@type\":\"Organization\",\"@id\":\"https:\\\/\\\/radioljubuski.ba\\\/#organization\",\"name\":\"Radio Ljubu\u0161ki\",\"url\":\"https:\\\/\\\/radioljubuski.ba\\\/\",\"logo\":{\"@type\":\"ImageObject\",\"inLanguage\":\"hr\",\"@id\":\"https:\\\/\\\/radioljubuski.ba\\\/#\\\/schema\\\/logo\\\/image\\\/\",\"url\":\"https:\\\/\\\/radioljubuski.ba\\\/wp-content\\\/uploads\\\/2021\\\/02\\\/cropped-Radio_Ljubuski_logo1.jpg\",\"contentUrl\":\"https:\\\/\\\/radioljubuski.ba\\\/wp-content\\\/uploads\\\/2021\\\/02\\\/cropped-Radio_Ljubuski_logo1.jpg\",\"width\":512,\"height\":512,\"caption\":\"Radio Ljubu\u0161ki\"},\"image\":{\"@id\":\"https:\\\/\\\/radioljubuski.ba\\\/#\\\/schema\\\/logo\\\/image\\\/\"},\"sameAs\":[\"https:\\\/\\\/www.facebook.com\\\/Radiio-Ljubuski-1490835324566332\",\"https:\\\/\\\/x.com\\\/radioljubuski\",\"https:\\\/\\\/hr.linkedin.com\\\/company\\\/radio-ljubuski\",\"https:\\\/\\\/www.youtube.com\\\/channel\\\/UCHYaeO_n0Db3tjNGudGpXyw\"]},{\"@type\":\"Person\",\"@id\":\"https:\\\/\\\/radioljubuski.ba\\\/#\\\/schema\\\/person\\\/19fc700381a780f69665d7956c469e3b\",\"name\":\"Radio Ljubu\u0161ki\"}]}<\/script>\n<!-- \/ Yoast SEO plugin. -->","yoast_head_json":{"title":"Kolar o spajanju \u0161kola u Vukovaru: To je direktno ugro\u017eavanje prava srpske manjine - RADIO LJUBU\u0160KI","robots":{"index":"index","follow":"follow","max-snippet":"max-snippet:-1","max-image-preview":"max-image-preview:large","max-video-preview":"max-video-preview:-1"},"canonical":"https:\/\/radioljubuski.ba\/index.php\/2021\/06\/22\/kolar-o-spajanju-skola-u-vukovaru-to-je-direktno-ugrozavanje-prava-srpske-manjine\/","og_locale":"hr_HR","og_type":"article","og_title":"Kolar o spajanju \u0161kola u Vukovaru: To je direktno ugro\u017eavanje prava srpske manjine - RADIO LJUBU\u0160KI","og_description":"\u0160to stoji iza inicijative vukovarskog gradona\u010delnika Ivana Penave i biv\u0161eg SDP-ovca \u017deljka Sabe da se u Vukovaru spoje hrvatske i sprske \u0161kole i vrti\u0107i? Gradona\u010delnik tvrdi roditeljima djece je nametnuta obarazovna segregacija i to je u\u010dinila politika. Takve teze resorno ministarstvo demantira i tvrdi kako su roditeljima ponu\u0111ena tri modela. \u0160to o svemu misle u [&hellip;]","og_url":"https:\/\/radioljubuski.ba\/index.php\/2021\/06\/22\/kolar-o-spajanju-skola-u-vukovaru-to-je-direktno-ugrozavanje-prava-srpske-manjine\/","og_site_name":"RADIO LJUBU\u0160KI","article_publisher":"https:\/\/www.facebook.com\/Radiio-Ljubuski-1490835324566332","article_published_time":"2021-06-22T09:29:18+00:00","article_modified_time":"2021-06-22T09:29:20+00:00","og_image":[{"width":1920,"height":1080,"url":"https:\/\/radioljubuski.ba\/wp-content\/uploads\/2021\/06\/studio-4-frame-64132-20210622072047.jpg","type":"image\/jpeg"}],"author":"Radio Ljubu\u0161ki","twitter_card":"summary_large_image","twitter_creator":"@radioljubuski","twitter_site":"@radioljubuski","twitter_misc":{"Napisao\/la":"Radio Ljubu\u0161ki","Procijenjeno vrijeme \u010ditanja":"3 minute"},"schema":{"@context":"https:\/\/schema.org","@graph":[{"@type":"Article","@id":"https:\/\/radioljubuski.ba\/index.php\/2021\/06\/22\/kolar-o-spajanju-skola-u-vukovaru-to-je-direktno-ugrozavanje-prava-srpske-manjine\/#article","isPartOf":{"@id":"https:\/\/radioljubuski.ba\/index.php\/2021\/06\/22\/kolar-o-spajanju-skola-u-vukovaru-to-je-direktno-ugrozavanje-prava-srpske-manjine\/"},"author":{"name":"Radio Ljubu\u0161ki","@id":"https:\/\/radioljubuski.ba\/#\/schema\/person\/19fc700381a780f69665d7956c469e3b"},"headline":"Kolar o spajanju \u0161kola u Vukovaru: To je direktno ugro\u017eavanje prava srpske manjine","datePublished":"2021-06-22T09:29:18+00:00","dateModified":"2021-06-22T09:29:20+00:00","mainEntityOfPage":{"@id":"https:\/\/radioljubuski.ba\/index.php\/2021\/06\/22\/kolar-o-spajanju-skola-u-vukovaru-to-je-direktno-ugrozavanje-prava-srpske-manjine\/"},"wordCount":625,"publisher":{"@id":"https:\/\/radioljubuski.ba\/#organization"},"image":{"@id":"https:\/\/radioljubuski.ba\/index.php\/2021\/06\/22\/kolar-o-spajanju-skola-u-vukovaru-to-je-direktno-ugrozavanje-prava-srpske-manjine\/#primaryimage"},"thumbnailUrl":"https:\/\/radioljubuski.ba\/wp-content\/uploads\/2021\/06\/studio-4-frame-64132-20210622072047.jpg","articleSection":["BIH i regija"],"inLanguage":"hr"},{"@type":"WebPage","@id":"https:\/\/radioljubuski.ba\/index.php\/2021\/06\/22\/kolar-o-spajanju-skola-u-vukovaru-to-je-direktno-ugrozavanje-prava-srpske-manjine\/","url":"https:\/\/radioljubuski.ba\/index.php\/2021\/06\/22\/kolar-o-spajanju-skola-u-vukovaru-to-je-direktno-ugrozavanje-prava-srpske-manjine\/","name":"Kolar o spajanju \u0161kola u Vukovaru: To je direktno ugro\u017eavanje prava srpske manjine - RADIO LJUBU\u0160KI","isPartOf":{"@id":"https:\/\/radioljubuski.ba\/#website"},"primaryImageOfPage":{"@id":"https:\/\/radioljubuski.ba\/index.php\/2021\/06\/22\/kolar-o-spajanju-skola-u-vukovaru-to-je-direktno-ugrozavanje-prava-srpske-manjine\/#primaryimage"},"image":{"@id":"https:\/\/radioljubuski.ba\/index.php\/2021\/06\/22\/kolar-o-spajanju-skola-u-vukovaru-to-je-direktno-ugrozavanje-prava-srpske-manjine\/#primaryimage"},"thumbnailUrl":"https:\/\/radioljubuski.ba\/wp-content\/uploads\/2021\/06\/studio-4-frame-64132-20210622072047.jpg","datePublished":"2021-06-22T09:29:18+00:00","dateModified":"2021-06-22T09:29:20+00:00","breadcrumb":{"@id":"https:\/\/radioljubuski.ba\/index.php\/2021\/06\/22\/kolar-o-spajanju-skola-u-vukovaru-to-je-direktno-ugrozavanje-prava-srpske-manjine\/#breadcrumb"},"inLanguage":"hr","potentialAction":[{"@type":"ReadAction","target":["https:\/\/radioljubuski.ba\/index.php\/2021\/06\/22\/kolar-o-spajanju-skola-u-vukovaru-to-je-direktno-ugrozavanje-prava-srpske-manjine\/"]}]},{"@type":"ImageObject","inLanguage":"hr","@id":"https:\/\/radioljubuski.ba\/index.php\/2021\/06\/22\/kolar-o-spajanju-skola-u-vukovaru-to-je-direktno-ugrozavanje-prava-srpske-manjine\/#primaryimage","url":"https:\/\/radioljubuski.ba\/wp-content\/uploads\/2021\/06\/studio-4-frame-64132-20210622072047.jpg","contentUrl":"https:\/\/radioljubuski.ba\/wp-content\/uploads\/2021\/06\/studio-4-frame-64132-20210622072047.jpg","width":1920,"height":1080},{"@type":"BreadcrumbList","@id":"https:\/\/radioljubuski.ba\/index.php\/2021\/06\/22\/kolar-o-spajanju-skola-u-vukovaru-to-je-direktno-ugrozavanje-prava-srpske-manjine\/#breadcrumb","itemListElement":[{"@type":"ListItem","position":1,"name":"Po\u010detna stranica","item":"https:\/\/radioljubuski.ba\/"},{"@type":"ListItem","position":2,"name":"Kolar o spajanju \u0161kola u Vukovaru: To je direktno ugro\u017eavanje prava srpske manjine"}]},{"@type":"WebSite","@id":"https:\/\/radioljubuski.ba\/#website","url":"https:\/\/radioljubuski.ba\/","name":"Radio Ljubu\u0161ki","description":"Sun\u010dana frekvencija Hercegovine","publisher":{"@id":"https:\/\/radioljubuski.ba\/#organization"},"potentialAction":[{"@type":"SearchAction","target":{"@type":"EntryPoint","urlTemplate":"https:\/\/radioljubuski.ba\/?s={search_term_string}"},"query-input":{"@type":"PropertyValueSpecification","valueRequired":true,"valueName":"search_term_string"}}],"inLanguage":"hr"},{"@type":"Organization","@id":"https:\/\/radioljubuski.ba\/#organization","name":"Radio Ljubu\u0161ki","url":"https:\/\/radioljubuski.ba\/","logo":{"@type":"ImageObject","inLanguage":"hr","@id":"https:\/\/radioljubuski.ba\/#\/schema\/logo\/image\/","url":"https:\/\/radioljubuski.ba\/wp-content\/uploads\/2021\/02\/cropped-Radio_Ljubuski_logo1.jpg","contentUrl":"https:\/\/radioljubuski.ba\/wp-content\/uploads\/2021\/02\/cropped-Radio_Ljubuski_logo1.jpg","width":512,"height":512,"caption":"Radio Ljubu\u0161ki"},"image":{"@id":"https:\/\/radioljubuski.ba\/#\/schema\/logo\/image\/"},"sameAs":["https:\/\/www.facebook.com\/Radiio-Ljubuski-1490835324566332","https:\/\/x.com\/radioljubuski","https:\/\/hr.linkedin.com\/company\/radio-ljubuski","https:\/\/www.youtube.com\/channel\/UCHYaeO_n0Db3tjNGudGpXyw"]},{"@type":"Person","@id":"https:\/\/radioljubuski.ba\/#\/schema\/person\/19fc700381a780f69665d7956c469e3b","name":"Radio Ljubu\u0161ki"}]}},"_links":{"self":[{"href":"https:\/\/radioljubuski.ba\/index.php\/wp-json\/wp\/v2\/posts\/34795","targetHints":{"allow":["GET"]}}],"collection":[{"href":"https:\/\/radioljubuski.ba\/index.php\/wp-json\/wp\/v2\/posts"}],"about":[{"href":"https:\/\/radioljubuski.ba\/index.php\/wp-json\/wp\/v2\/types\/post"}],"author":[{"embeddable":true,"href":"https:\/\/radioljubuski.ba\/index.php\/wp-json\/wp\/v2\/users\/2"}],"replies":[{"embeddable":true,"href":"https:\/\/radioljubuski.ba\/index.php\/wp-json\/wp\/v2\/comments?post=34795"}],"version-history":[{"count":1,"href":"https:\/\/radioljubuski.ba\/index.php\/wp-json\/wp\/v2\/posts\/34795\/revisions"}],"predecessor-version":[{"id":34797,"href":"https:\/\/radioljubuski.ba\/index.php\/wp-json\/wp\/v2\/posts\/34795\/revisions\/34797"}],"wp:featuredmedia":[{"embeddable":true,"href":"https:\/\/radioljubuski.ba\/index.php\/wp-json\/wp\/v2\/media\/34796"}],"wp:attachment":[{"href":"https:\/\/radioljubuski.ba\/index.php\/wp-json\/wp\/v2\/media?parent=34795"}],"wp:term":[{"taxonomy":"category","embeddable":true,"href":"https:\/\/radioljubuski.ba\/index.php\/wp-json\/wp\/v2\/categories?post=34795"},{"taxonomy":"post_tag","embeddable":true,"href":"https:\/\/radioljubuski.ba\/index.php\/wp-json\/wp\/v2\/tags?post=34795"}],"curies":[{"name":"wp","href":"https:\/\/api.w.org\/{rel}","templated":true}]}}