{"id":34807,"date":"2021-06-22T10:37:57","date_gmt":"2021-06-22T09:37:57","guid":{"rendered":"https:\/\/radioljubuski.ba\/?p=34807"},"modified":"2021-06-22T10:37:59","modified_gmt":"2021-06-22T09:37:59","slug":"britanija-radi-na-tome-da-dopusti-putovanja-cijepljenim-gradanima","status":"publish","type":"post","link":"https:\/\/radioljubuski.ba\/index.php\/2021\/06\/22\/britanija-radi-na-tome-da-dopusti-putovanja-cijepljenim-gradanima\/","title":{"rendered":"Britanija radi na tome da dopusti putovanja cijepljenim gra\u0111anima"},"content":{"rendered":"\n<p>Britanija radi na planovima da omogu\u0107i putovanja u potpunosti cijepljenim osobama i vrati druge slobode, no jo\u0161 uvijek nisu spremni za to, u utorak je rekao ministar zdravstva Matt Hancock.<\/p>\n\n\n\n<p>Radimo na planovima da dopustimo cjepivu da vrati neke od sloboda koje su bile ograni\u010dene zbog sigurnosti ljudi, Hancock je rekao Sky Newsu.<br><br>Na pitanje mogu li ljudi o\u010dekivati odlazak na obiteljski odmor, Hancock je rekao: &#8220;Do\u0107i \u0107emo do toga kad bude sigurno&#8230; no naravno da \u017eelimo da se vrate te slobode.&#8221;<br><br>&#8211; Kad budem u poziciji da ka\u017eem ne\u0161to konkretnije, onda \u0107emo to u\u010diniti, no to je definitivno ne\u0161to na \u010demu radimo, ne\u0161to \u010demu se nadam, dodao je.<br><br>U Britaniji se zadnjih tjedana nastavlja trend rasta zaraze uzrokovan \u0161irenjem delta varijante koronavirusa, prvi put otkrivene u Indiji.<br><br>U Londonu se tijekom vikenda odr\u017eala kampanja masovnog cijepljenja.<\/p>\n\n\n\n<p><br>Vlada nastoji ubrzati ve\u0107 uhodani program cijepljenja kako bi ograni\u010dila \u0161irenje i utjecaj delta varijante.&nbsp;<\/p>\n\n\n\n<p>Izvor:hrt.hr<\/p>\n","protected":false},"excerpt":{"rendered":"<p>Britanija radi na planovima da omogu\u0107i putovanja u potpunosti cijepljenim osobama i vrati druge slobode, no jo\u0161 uvijek nisu spremni za to, u utorak je rekao ministar zdravstva Matt Hancock. Radimo na planovima da dopustimo cjepivu da vrati neke od sloboda koje su bile ograni\u010dene zbog sigurnosti ljudi, Hancock je rekao Sky Newsu. Na pitanje [&hellip;]<\/p>\n","protected":false},"author":2,"featured_media":34808,"comment_status":"closed","ping_status":"closed","sticky":false,"template":"","format":"standard","meta":{"h5ap_radio_sources":[],"footnotes":""},"categories":[1],"tags":[],"class_list":["post-34807","post","type-post","status-publish","format-standard","has-post-thumbnail","hentry","category-bihiregija"],"yoast_head":"<!-- This site is optimized with the Yoast SEO plugin v27.5 - https:\/\/yoast.com\/product\/yoast-seo-wordpress\/ -->\n<title>Britanija radi na tome da dopusti putovanja cijepljenim gra\u0111anima - RADIO LJUBU\u0160KI<\/title>\n<meta name=\"robots\" content=\"index, follow, max-snippet:-1, max-image-preview:large, max-video-preview:-1\" \/>\n<link rel=\"canonical\" href=\"https:\/\/radioljubuski.ba\/index.php\/2021\/06\/22\/britanija-radi-na-tome-da-dopusti-putovanja-cijepljenim-gradanima\/\" \/>\n<meta property=\"og:locale\" content=\"hr_HR\" \/>\n<meta property=\"og:type\" content=\"article\" \/>\n<meta property=\"og:title\" content=\"Britanija radi na tome da dopusti putovanja cijepljenim gra\u0111anima - RADIO LJUBU\u0160KI\" \/>\n<meta property=\"og:description\" content=\"Britanija radi na planovima da omogu\u0107i putovanja u potpunosti cijepljenim osobama i vrati druge slobode, no jo\u0161 uvijek nisu spremni za to, u utorak je rekao ministar zdravstva Matt Hancock. Radimo na planovima da dopustimo cjepivu da vrati neke od sloboda koje su bile ograni\u010dene zbog sigurnosti ljudi, Hancock je rekao Sky Newsu. Na pitanje [&hellip;]\" \/>\n<meta property=\"og:url\" content=\"https:\/\/radioljubuski.ba\/index.php\/2021\/06\/22\/britanija-radi-na-tome-da-dopusti-putovanja-cijepljenim-gradanima\/\" \/>\n<meta property=\"og:site_name\" content=\"RADIO LJUBU\u0160KI\" \/>\n<meta property=\"article:publisher\" content=\"https:\/\/www.facebook.com\/Radiio-Ljubuski-1490835324566332\" \/>\n<meta property=\"article:published_time\" content=\"2021-06-22T09:37:57+00:00\" \/>\n<meta property=\"article:modified_time\" content=\"2021-06-22T09:37:59+00:00\" \/>\n<meta property=\"og:image\" content=\"https:\/\/radioljubuski.ba\/wp-content\/uploads\/2021\/06\/indeksiraj22-1.jpg\" \/>\n\t<meta property=\"og:image:width\" content=\"275\" \/>\n\t<meta property=\"og:image:height\" content=\"183\" \/>\n\t<meta property=\"og:image:type\" content=\"image\/jpeg\" \/>\n<meta name=\"author\" content=\"Radio Ljubu\u0161ki\" \/>\n<meta name=\"twitter:card\" content=\"summary_large_image\" \/>\n<meta name=\"twitter:creator\" content=\"@radioljubuski\" \/>\n<meta name=\"twitter:site\" content=\"@radioljubuski\" \/>\n<meta name=\"twitter:label1\" content=\"Napisao\/la\" \/>\n\t<meta name=\"twitter:data1\" content=\"Radio Ljubu\u0161ki\" \/>\n\t<meta name=\"twitter:label2\" content=\"Procijenjeno vrijeme \u010ditanja\" \/>\n\t<meta name=\"twitter:data2\" content=\"1 minuta\" \/>\n<script type=\"application\/ld+json\" class=\"yoast-schema-graph\">{\"@context\":\"https:\\\/\\\/schema.org\",\"@graph\":[{\"@type\":\"Article\",\"@id\":\"https:\\\/\\\/radioljubuski.ba\\\/index.php\\\/2021\\\/06\\\/22\\\/britanija-radi-na-tome-da-dopusti-putovanja-cijepljenim-gradanima\\\/#article\",\"isPartOf\":{\"@id\":\"https:\\\/\\\/radioljubuski.ba\\\/index.php\\\/2021\\\/06\\\/22\\\/britanija-radi-na-tome-da-dopusti-putovanja-cijepljenim-gradanima\\\/\"},\"author\":{\"name\":\"Radio Ljubu\u0161ki\",\"@id\":\"https:\\\/\\\/radioljubuski.ba\\\/#\\\/schema\\\/person\\\/19fc700381a780f69665d7956c469e3b\"},\"headline\":\"Britanija radi na tome da dopusti putovanja cijepljenim gra\u0111anima\",\"datePublished\":\"2021-06-22T09:37:57+00:00\",\"dateModified\":\"2021-06-22T09:37:59+00:00\",\"mainEntityOfPage\":{\"@id\":\"https:\\\/\\\/radioljubuski.ba\\\/index.php\\\/2021\\\/06\\\/22\\\/britanija-radi-na-tome-da-dopusti-putovanja-cijepljenim-gradanima\\\/\"},\"wordCount\":177,\"publisher\":{\"@id\":\"https:\\\/\\\/radioljubuski.ba\\\/#organization\"},\"image\":{\"@id\":\"https:\\\/\\\/radioljubuski.ba\\\/index.php\\\/2021\\\/06\\\/22\\\/britanija-radi-na-tome-da-dopusti-putovanja-cijepljenim-gradanima\\\/#primaryimage\"},\"thumbnailUrl\":\"https:\\\/\\\/radioljubuski.ba\\\/wp-content\\\/uploads\\\/2021\\\/06\\\/indeksiraj22-1.jpg\",\"articleSection\":[\"BIH i regija\"],\"inLanguage\":\"hr\"},{\"@type\":\"WebPage\",\"@id\":\"https:\\\/\\\/radioljubuski.ba\\\/index.php\\\/2021\\\/06\\\/22\\\/britanija-radi-na-tome-da-dopusti-putovanja-cijepljenim-gradanima\\\/\",\"url\":\"https:\\\/\\\/radioljubuski.ba\\\/index.php\\\/2021\\\/06\\\/22\\\/britanija-radi-na-tome-da-dopusti-putovanja-cijepljenim-gradanima\\\/\",\"name\":\"Britanija radi na tome da dopusti putovanja cijepljenim gra\u0111anima - RADIO LJUBU\u0160KI\",\"isPartOf\":{\"@id\":\"https:\\\/\\\/radioljubuski.ba\\\/#website\"},\"primaryImageOfPage\":{\"@id\":\"https:\\\/\\\/radioljubuski.ba\\\/index.php\\\/2021\\\/06\\\/22\\\/britanija-radi-na-tome-da-dopusti-putovanja-cijepljenim-gradanima\\\/#primaryimage\"},\"image\":{\"@id\":\"https:\\\/\\\/radioljubuski.ba\\\/index.php\\\/2021\\\/06\\\/22\\\/britanija-radi-na-tome-da-dopusti-putovanja-cijepljenim-gradanima\\\/#primaryimage\"},\"thumbnailUrl\":\"https:\\\/\\\/radioljubuski.ba\\\/wp-content\\\/uploads\\\/2021\\\/06\\\/indeksiraj22-1.jpg\",\"datePublished\":\"2021-06-22T09:37:57+00:00\",\"dateModified\":\"2021-06-22T09:37:59+00:00\",\"breadcrumb\":{\"@id\":\"https:\\\/\\\/radioljubuski.ba\\\/index.php\\\/2021\\\/06\\\/22\\\/britanija-radi-na-tome-da-dopusti-putovanja-cijepljenim-gradanima\\\/#breadcrumb\"},\"inLanguage\":\"hr\",\"potentialAction\":[{\"@type\":\"ReadAction\",\"target\":[\"https:\\\/\\\/radioljubuski.ba\\\/index.php\\\/2021\\\/06\\\/22\\\/britanija-radi-na-tome-da-dopusti-putovanja-cijepljenim-gradanima\\\/\"]}]},{\"@type\":\"ImageObject\",\"inLanguage\":\"hr\",\"@id\":\"https:\\\/\\\/radioljubuski.ba\\\/index.php\\\/2021\\\/06\\\/22\\\/britanija-radi-na-tome-da-dopusti-putovanja-cijepljenim-gradanima\\\/#primaryimage\",\"url\":\"https:\\\/\\\/radioljubuski.ba\\\/wp-content\\\/uploads\\\/2021\\\/06\\\/indeksiraj22-1.jpg\",\"contentUrl\":\"https:\\\/\\\/radioljubuski.ba\\\/wp-content\\\/uploads\\\/2021\\\/06\\\/indeksiraj22-1.jpg\",\"width\":275,\"height\":183},{\"@type\":\"BreadcrumbList\",\"@id\":\"https:\\\/\\\/radioljubuski.ba\\\/index.php\\\/2021\\\/06\\\/22\\\/britanija-radi-na-tome-da-dopusti-putovanja-cijepljenim-gradanima\\\/#breadcrumb\",\"itemListElement\":[{\"@type\":\"ListItem\",\"position\":1,\"name\":\"Po\u010detna stranica\",\"item\":\"https:\\\/\\\/radioljubuski.ba\\\/\"},{\"@type\":\"ListItem\",\"position\":2,\"name\":\"Britanija radi na tome da dopusti putovanja cijepljenim gra\u0111anima\"}]},{\"@type\":\"WebSite\",\"@id\":\"https:\\\/\\\/radioljubuski.ba\\\/#website\",\"url\":\"https:\\\/\\\/radioljubuski.ba\\\/\",\"name\":\"Radio Ljubu\u0161ki\",\"description\":\"Sun\u010dana frekvencija Hercegovine\",\"publisher\":{\"@id\":\"https:\\\/\\\/radioljubuski.ba\\\/#organization\"},\"potentialAction\":[{\"@type\":\"SearchAction\",\"target\":{\"@type\":\"EntryPoint\",\"urlTemplate\":\"https:\\\/\\\/radioljubuski.ba\\\/?s={search_term_string}\"},\"query-input\":{\"@type\":\"PropertyValueSpecification\",\"valueRequired\":true,\"valueName\":\"search_term_string\"}}],\"inLanguage\":\"hr\"},{\"@type\":\"Organization\",\"@id\":\"https:\\\/\\\/radioljubuski.ba\\\/#organization\",\"name\":\"Radio Ljubu\u0161ki\",\"url\":\"https:\\\/\\\/radioljubuski.ba\\\/\",\"logo\":{\"@type\":\"ImageObject\",\"inLanguage\":\"hr\",\"@id\":\"https:\\\/\\\/radioljubuski.ba\\\/#\\\/schema\\\/logo\\\/image\\\/\",\"url\":\"https:\\\/\\\/radioljubuski.ba\\\/wp-content\\\/uploads\\\/2021\\\/02\\\/cropped-Radio_Ljubuski_logo1.jpg\",\"contentUrl\":\"https:\\\/\\\/radioljubuski.ba\\\/wp-content\\\/uploads\\\/2021\\\/02\\\/cropped-Radio_Ljubuski_logo1.jpg\",\"width\":512,\"height\":512,\"caption\":\"Radio Ljubu\u0161ki\"},\"image\":{\"@id\":\"https:\\\/\\\/radioljubuski.ba\\\/#\\\/schema\\\/logo\\\/image\\\/\"},\"sameAs\":[\"https:\\\/\\\/www.facebook.com\\\/Radiio-Ljubuski-1490835324566332\",\"https:\\\/\\\/x.com\\\/radioljubuski\",\"https:\\\/\\\/hr.linkedin.com\\\/company\\\/radio-ljubuski\",\"https:\\\/\\\/www.youtube.com\\\/channel\\\/UCHYaeO_n0Db3tjNGudGpXyw\"]},{\"@type\":\"Person\",\"@id\":\"https:\\\/\\\/radioljubuski.ba\\\/#\\\/schema\\\/person\\\/19fc700381a780f69665d7956c469e3b\",\"name\":\"Radio Ljubu\u0161ki\"}]}<\/script>\n<!-- \/ Yoast SEO plugin. -->","yoast_head_json":{"title":"Britanija radi na tome da dopusti putovanja cijepljenim gra\u0111anima - RADIO LJUBU\u0160KI","robots":{"index":"index","follow":"follow","max-snippet":"max-snippet:-1","max-image-preview":"max-image-preview:large","max-video-preview":"max-video-preview:-1"},"canonical":"https:\/\/radioljubuski.ba\/index.php\/2021\/06\/22\/britanija-radi-na-tome-da-dopusti-putovanja-cijepljenim-gradanima\/","og_locale":"hr_HR","og_type":"article","og_title":"Britanija radi na tome da dopusti putovanja cijepljenim gra\u0111anima - RADIO LJUBU\u0160KI","og_description":"Britanija radi na planovima da omogu\u0107i putovanja u potpunosti cijepljenim osobama i vrati druge slobode, no jo\u0161 uvijek nisu spremni za to, u utorak je rekao ministar zdravstva Matt Hancock. Radimo na planovima da dopustimo cjepivu da vrati neke od sloboda koje su bile ograni\u010dene zbog sigurnosti ljudi, Hancock je rekao Sky Newsu. Na pitanje [&hellip;]","og_url":"https:\/\/radioljubuski.ba\/index.php\/2021\/06\/22\/britanija-radi-na-tome-da-dopusti-putovanja-cijepljenim-gradanima\/","og_site_name":"RADIO LJUBU\u0160KI","article_publisher":"https:\/\/www.facebook.com\/Radiio-Ljubuski-1490835324566332","article_published_time":"2021-06-22T09:37:57+00:00","article_modified_time":"2021-06-22T09:37:59+00:00","og_image":[{"width":275,"height":183,"url":"https:\/\/radioljubuski.ba\/wp-content\/uploads\/2021\/06\/indeksiraj22-1.jpg","type":"image\/jpeg"}],"author":"Radio Ljubu\u0161ki","twitter_card":"summary_large_image","twitter_creator":"@radioljubuski","twitter_site":"@radioljubuski","twitter_misc":{"Napisao\/la":"Radio Ljubu\u0161ki","Procijenjeno vrijeme \u010ditanja":"1 minuta"},"schema":{"@context":"https:\/\/schema.org","@graph":[{"@type":"Article","@id":"https:\/\/radioljubuski.ba\/index.php\/2021\/06\/22\/britanija-radi-na-tome-da-dopusti-putovanja-cijepljenim-gradanima\/#article","isPartOf":{"@id":"https:\/\/radioljubuski.ba\/index.php\/2021\/06\/22\/britanija-radi-na-tome-da-dopusti-putovanja-cijepljenim-gradanima\/"},"author":{"name":"Radio Ljubu\u0161ki","@id":"https:\/\/radioljubuski.ba\/#\/schema\/person\/19fc700381a780f69665d7956c469e3b"},"headline":"Britanija radi na tome da dopusti putovanja cijepljenim gra\u0111anima","datePublished":"2021-06-22T09:37:57+00:00","dateModified":"2021-06-22T09:37:59+00:00","mainEntityOfPage":{"@id":"https:\/\/radioljubuski.ba\/index.php\/2021\/06\/22\/britanija-radi-na-tome-da-dopusti-putovanja-cijepljenim-gradanima\/"},"wordCount":177,"publisher":{"@id":"https:\/\/radioljubuski.ba\/#organization"},"image":{"@id":"https:\/\/radioljubuski.ba\/index.php\/2021\/06\/22\/britanija-radi-na-tome-da-dopusti-putovanja-cijepljenim-gradanima\/#primaryimage"},"thumbnailUrl":"https:\/\/radioljubuski.ba\/wp-content\/uploads\/2021\/06\/indeksiraj22-1.jpg","articleSection":["BIH i regija"],"inLanguage":"hr"},{"@type":"WebPage","@id":"https:\/\/radioljubuski.ba\/index.php\/2021\/06\/22\/britanija-radi-na-tome-da-dopusti-putovanja-cijepljenim-gradanima\/","url":"https:\/\/radioljubuski.ba\/index.php\/2021\/06\/22\/britanija-radi-na-tome-da-dopusti-putovanja-cijepljenim-gradanima\/","name":"Britanija radi na tome da dopusti putovanja cijepljenim gra\u0111anima - RADIO LJUBU\u0160KI","isPartOf":{"@id":"https:\/\/radioljubuski.ba\/#website"},"primaryImageOfPage":{"@id":"https:\/\/radioljubuski.ba\/index.php\/2021\/06\/22\/britanija-radi-na-tome-da-dopusti-putovanja-cijepljenim-gradanima\/#primaryimage"},"image":{"@id":"https:\/\/radioljubuski.ba\/index.php\/2021\/06\/22\/britanija-radi-na-tome-da-dopusti-putovanja-cijepljenim-gradanima\/#primaryimage"},"thumbnailUrl":"https:\/\/radioljubuski.ba\/wp-content\/uploads\/2021\/06\/indeksiraj22-1.jpg","datePublished":"2021-06-22T09:37:57+00:00","dateModified":"2021-06-22T09:37:59+00:00","breadcrumb":{"@id":"https:\/\/radioljubuski.ba\/index.php\/2021\/06\/22\/britanija-radi-na-tome-da-dopusti-putovanja-cijepljenim-gradanima\/#breadcrumb"},"inLanguage":"hr","potentialAction":[{"@type":"ReadAction","target":["https:\/\/radioljubuski.ba\/index.php\/2021\/06\/22\/britanija-radi-na-tome-da-dopusti-putovanja-cijepljenim-gradanima\/"]}]},{"@type":"ImageObject","inLanguage":"hr","@id":"https:\/\/radioljubuski.ba\/index.php\/2021\/06\/22\/britanija-radi-na-tome-da-dopusti-putovanja-cijepljenim-gradanima\/#primaryimage","url":"https:\/\/radioljubuski.ba\/wp-content\/uploads\/2021\/06\/indeksiraj22-1.jpg","contentUrl":"https:\/\/radioljubuski.ba\/wp-content\/uploads\/2021\/06\/indeksiraj22-1.jpg","width":275,"height":183},{"@type":"BreadcrumbList","@id":"https:\/\/radioljubuski.ba\/index.php\/2021\/06\/22\/britanija-radi-na-tome-da-dopusti-putovanja-cijepljenim-gradanima\/#breadcrumb","itemListElement":[{"@type":"ListItem","position":1,"name":"Po\u010detna stranica","item":"https:\/\/radioljubuski.ba\/"},{"@type":"ListItem","position":2,"name":"Britanija radi na tome da dopusti putovanja cijepljenim gra\u0111anima"}]},{"@type":"WebSite","@id":"https:\/\/radioljubuski.ba\/#website","url":"https:\/\/radioljubuski.ba\/","name":"Radio Ljubu\u0161ki","description":"Sun\u010dana frekvencija Hercegovine","publisher":{"@id":"https:\/\/radioljubuski.ba\/#organization"},"potentialAction":[{"@type":"SearchAction","target":{"@type":"EntryPoint","urlTemplate":"https:\/\/radioljubuski.ba\/?s={search_term_string}"},"query-input":{"@type":"PropertyValueSpecification","valueRequired":true,"valueName":"search_term_string"}}],"inLanguage":"hr"},{"@type":"Organization","@id":"https:\/\/radioljubuski.ba\/#organization","name":"Radio Ljubu\u0161ki","url":"https:\/\/radioljubuski.ba\/","logo":{"@type":"ImageObject","inLanguage":"hr","@id":"https:\/\/radioljubuski.ba\/#\/schema\/logo\/image\/","url":"https:\/\/radioljubuski.ba\/wp-content\/uploads\/2021\/02\/cropped-Radio_Ljubuski_logo1.jpg","contentUrl":"https:\/\/radioljubuski.ba\/wp-content\/uploads\/2021\/02\/cropped-Radio_Ljubuski_logo1.jpg","width":512,"height":512,"caption":"Radio Ljubu\u0161ki"},"image":{"@id":"https:\/\/radioljubuski.ba\/#\/schema\/logo\/image\/"},"sameAs":["https:\/\/www.facebook.com\/Radiio-Ljubuski-1490835324566332","https:\/\/x.com\/radioljubuski","https:\/\/hr.linkedin.com\/company\/radio-ljubuski","https:\/\/www.youtube.com\/channel\/UCHYaeO_n0Db3tjNGudGpXyw"]},{"@type":"Person","@id":"https:\/\/radioljubuski.ba\/#\/schema\/person\/19fc700381a780f69665d7956c469e3b","name":"Radio Ljubu\u0161ki"}]}},"_links":{"self":[{"href":"https:\/\/radioljubuski.ba\/index.php\/wp-json\/wp\/v2\/posts\/34807","targetHints":{"allow":["GET"]}}],"collection":[{"href":"https:\/\/radioljubuski.ba\/index.php\/wp-json\/wp\/v2\/posts"}],"about":[{"href":"https:\/\/radioljubuski.ba\/index.php\/wp-json\/wp\/v2\/types\/post"}],"author":[{"embeddable":true,"href":"https:\/\/radioljubuski.ba\/index.php\/wp-json\/wp\/v2\/users\/2"}],"replies":[{"embeddable":true,"href":"https:\/\/radioljubuski.ba\/index.php\/wp-json\/wp\/v2\/comments?post=34807"}],"version-history":[{"count":1,"href":"https:\/\/radioljubuski.ba\/index.php\/wp-json\/wp\/v2\/posts\/34807\/revisions"}],"predecessor-version":[{"id":34809,"href":"https:\/\/radioljubuski.ba\/index.php\/wp-json\/wp\/v2\/posts\/34807\/revisions\/34809"}],"wp:featuredmedia":[{"embeddable":true,"href":"https:\/\/radioljubuski.ba\/index.php\/wp-json\/wp\/v2\/media\/34808"}],"wp:attachment":[{"href":"https:\/\/radioljubuski.ba\/index.php\/wp-json\/wp\/v2\/media?parent=34807"}],"wp:term":[{"taxonomy":"category","embeddable":true,"href":"https:\/\/radioljubuski.ba\/index.php\/wp-json\/wp\/v2\/categories?post=34807"},{"taxonomy":"post_tag","embeddable":true,"href":"https:\/\/radioljubuski.ba\/index.php\/wp-json\/wp\/v2\/tags?post=34807"}],"curies":[{"name":"wp","href":"https:\/\/api.w.org\/{rel}","templated":true}]}}