{"id":34837,"date":"2021-06-22T10:57:12","date_gmt":"2021-06-22T09:57:12","guid":{"rendered":"https:\/\/radioljubuski.ba\/?p=34837"},"modified":"2021-06-22T10:57:14","modified_gmt":"2021-06-22T09:57:14","slug":"meteorologinja-objasnila-zasto-je-nebo-ovih-dana-sivo-i-zamuceno","status":"publish","type":"post","link":"https:\/\/radioljubuski.ba\/index.php\/2021\/06\/22\/meteorologinja-objasnila-zasto-je-nebo-ovih-dana-sivo-i-zamuceno\/","title":{"rendered":"Meteorologinja objasnila za\u0161to je nebo ovih dana sivo i zamu\u0107eno"},"content":{"rendered":"\n<p>Meteorologinja Tea Bla\u017eevi\u0107 s <a href=\"https:\/\/hr.n1info.com\/lifestyle\/nasa-meteorologinja-objasnila-zasto-je-nebo-ovih-dana-sivo-i-zamuceno\/\">N1<\/a> televizije objasnila je za\u0161to je nebo ve\u0107 danima sivo i zamu\u0107eno iako je vedro.<\/p>\n\n\n\n<p>Radi se o tome da nam s podru\u010dja Afrike sti\u017ee velika koli\u010dina pustinjske pra\u0161ine i pijeska, zbog \u010dega je atmosfera zamu\u0107ena i vidljivost je smanjena.<\/p>\n\n\n\n<p>Bezopasna pojava<\/p>\n\n\n\n<p>Rije\u010d je o posve bezopasnoj i prirodnoj pojavi koja \u0107e se nastaviti i idu\u0107ih dana.<\/p>\n\n\n\n<p>Izvor:N1<\/p>\n","protected":false},"excerpt":{"rendered":"<p>Meteorologinja Tea Bla\u017eevi\u0107 s N1 televizije objasnila je za\u0161to je nebo ve\u0107 danima sivo i zamu\u0107eno iako je vedro. Radi se o tome da nam s podru\u010dja Afrike sti\u017ee velika koli\u010dina pustinjske pra\u0161ine i pijeska, zbog \u010dega je atmosfera zamu\u0107ena i vidljivost je smanjena. Bezopasna pojava Rije\u010d je o posve bezopasnoj i prirodnoj pojavi koja [&hellip;]<\/p>\n","protected":false},"author":2,"featured_media":34838,"comment_status":"closed","ping_status":"closed","sticky":false,"template":"","format":"standard","meta":{"h5ap_radio_sources":[],"footnotes":""},"categories":[1],"tags":[],"class_list":["post-34837","post","type-post","status-publish","format-standard","has-post-thumbnail","hentry","category-bihiregija"],"yoast_head":"<!-- This site is optimized with the Yoast SEO plugin v27.5 - https:\/\/yoast.com\/product\/yoast-seo-wordpress\/ -->\n<title>Meteorologinja objasnila za\u0161to je nebo ovih dana sivo i zamu\u0107eno - RADIO LJUBU\u0160KI<\/title>\n<meta name=\"robots\" content=\"index, follow, max-snippet:-1, max-image-preview:large, max-video-preview:-1\" \/>\n<link rel=\"canonical\" href=\"https:\/\/radioljubuski.ba\/index.php\/2021\/06\/22\/meteorologinja-objasnila-zasto-je-nebo-ovih-dana-sivo-i-zamuceno\/\" \/>\n<meta property=\"og:locale\" content=\"hr_HR\" \/>\n<meta property=\"og:type\" content=\"article\" \/>\n<meta property=\"og:title\" content=\"Meteorologinja objasnila za\u0161to je nebo ovih dana sivo i zamu\u0107eno - RADIO LJUBU\u0160KI\" \/>\n<meta property=\"og:description\" content=\"Meteorologinja Tea Bla\u017eevi\u0107 s N1 televizije objasnila je za\u0161to je nebo ve\u0107 danima sivo i zamu\u0107eno iako je vedro. Radi se o tome da nam s podru\u010dja Afrike sti\u017ee velika koli\u010dina pustinjske pra\u0161ine i pijeska, zbog \u010dega je atmosfera zamu\u0107ena i vidljivost je smanjena. Bezopasna pojava Rije\u010d je o posve bezopasnoj i prirodnoj pojavi koja [&hellip;]\" \/>\n<meta property=\"og:url\" content=\"https:\/\/radioljubuski.ba\/index.php\/2021\/06\/22\/meteorologinja-objasnila-zasto-je-nebo-ovih-dana-sivo-i-zamuceno\/\" \/>\n<meta property=\"og:site_name\" content=\"RADIO LJUBU\u0160KI\" \/>\n<meta property=\"article:publisher\" content=\"https:\/\/www.facebook.com\/Radiio-Ljubuski-1490835324566332\" \/>\n<meta property=\"article:published_time\" content=\"2021-06-22T09:57:12+00:00\" \/>\n<meta property=\"article:modified_time\" content=\"2021-06-22T09:57:14+00:00\" \/>\n<meta property=\"og:image\" content=\"https:\/\/radioljubuski.ba\/wp-content\/uploads\/2021\/06\/3-2021-06-22-09-19-15-sivo-nebo-750x563-1.jpg\" \/>\n\t<meta property=\"og:image:width\" content=\"1000\" \/>\n\t<meta property=\"og:image:height\" content=\"625\" \/>\n\t<meta property=\"og:image:type\" content=\"image\/jpeg\" \/>\n<meta name=\"author\" content=\"Radio Ljubu\u0161ki\" \/>\n<meta name=\"twitter:card\" content=\"summary_large_image\" \/>\n<meta name=\"twitter:creator\" content=\"@radioljubuski\" \/>\n<meta name=\"twitter:site\" content=\"@radioljubuski\" \/>\n<meta name=\"twitter:label1\" content=\"Napisao\/la\" \/>\n\t<meta name=\"twitter:data1\" content=\"Radio Ljubu\u0161ki\" \/>\n\t<meta name=\"twitter:label2\" content=\"Procijenjeno vrijeme \u010ditanja\" \/>\n\t<meta name=\"twitter:data2\" content=\"1 minuta\" \/>\n<script type=\"application\/ld+json\" class=\"yoast-schema-graph\">{\"@context\":\"https:\\\/\\\/schema.org\",\"@graph\":[{\"@type\":\"Article\",\"@id\":\"https:\\\/\\\/radioljubuski.ba\\\/index.php\\\/2021\\\/06\\\/22\\\/meteorologinja-objasnila-zasto-je-nebo-ovih-dana-sivo-i-zamuceno\\\/#article\",\"isPartOf\":{\"@id\":\"https:\\\/\\\/radioljubuski.ba\\\/index.php\\\/2021\\\/06\\\/22\\\/meteorologinja-objasnila-zasto-je-nebo-ovih-dana-sivo-i-zamuceno\\\/\"},\"author\":{\"name\":\"Radio Ljubu\u0161ki\",\"@id\":\"https:\\\/\\\/radioljubuski.ba\\\/#\\\/schema\\\/person\\\/19fc700381a780f69665d7956c469e3b\"},\"headline\":\"Meteorologinja objasnila za\u0161to je nebo ovih dana sivo i zamu\u0107eno\",\"datePublished\":\"2021-06-22T09:57:12+00:00\",\"dateModified\":\"2021-06-22T09:57:14+00:00\",\"mainEntityOfPage\":{\"@id\":\"https:\\\/\\\/radioljubuski.ba\\\/index.php\\\/2021\\\/06\\\/22\\\/meteorologinja-objasnila-zasto-je-nebo-ovih-dana-sivo-i-zamuceno\\\/\"},\"wordCount\":84,\"publisher\":{\"@id\":\"https:\\\/\\\/radioljubuski.ba\\\/#organization\"},\"image\":{\"@id\":\"https:\\\/\\\/radioljubuski.ba\\\/index.php\\\/2021\\\/06\\\/22\\\/meteorologinja-objasnila-zasto-je-nebo-ovih-dana-sivo-i-zamuceno\\\/#primaryimage\"},\"thumbnailUrl\":\"https:\\\/\\\/radioljubuski.ba\\\/wp-content\\\/uploads\\\/2021\\\/06\\\/3-2021-06-22-09-19-15-sivo-nebo-750x563-1.jpg\",\"articleSection\":[\"BIH i regija\"],\"inLanguage\":\"hr\"},{\"@type\":\"WebPage\",\"@id\":\"https:\\\/\\\/radioljubuski.ba\\\/index.php\\\/2021\\\/06\\\/22\\\/meteorologinja-objasnila-zasto-je-nebo-ovih-dana-sivo-i-zamuceno\\\/\",\"url\":\"https:\\\/\\\/radioljubuski.ba\\\/index.php\\\/2021\\\/06\\\/22\\\/meteorologinja-objasnila-zasto-je-nebo-ovih-dana-sivo-i-zamuceno\\\/\",\"name\":\"Meteorologinja objasnila za\u0161to je nebo ovih dana sivo i zamu\u0107eno - RADIO LJUBU\u0160KI\",\"isPartOf\":{\"@id\":\"https:\\\/\\\/radioljubuski.ba\\\/#website\"},\"primaryImageOfPage\":{\"@id\":\"https:\\\/\\\/radioljubuski.ba\\\/index.php\\\/2021\\\/06\\\/22\\\/meteorologinja-objasnila-zasto-je-nebo-ovih-dana-sivo-i-zamuceno\\\/#primaryimage\"},\"image\":{\"@id\":\"https:\\\/\\\/radioljubuski.ba\\\/index.php\\\/2021\\\/06\\\/22\\\/meteorologinja-objasnila-zasto-je-nebo-ovih-dana-sivo-i-zamuceno\\\/#primaryimage\"},\"thumbnailUrl\":\"https:\\\/\\\/radioljubuski.ba\\\/wp-content\\\/uploads\\\/2021\\\/06\\\/3-2021-06-22-09-19-15-sivo-nebo-750x563-1.jpg\",\"datePublished\":\"2021-06-22T09:57:12+00:00\",\"dateModified\":\"2021-06-22T09:57:14+00:00\",\"breadcrumb\":{\"@id\":\"https:\\\/\\\/radioljubuski.ba\\\/index.php\\\/2021\\\/06\\\/22\\\/meteorologinja-objasnila-zasto-je-nebo-ovih-dana-sivo-i-zamuceno\\\/#breadcrumb\"},\"inLanguage\":\"hr\",\"potentialAction\":[{\"@type\":\"ReadAction\",\"target\":[\"https:\\\/\\\/radioljubuski.ba\\\/index.php\\\/2021\\\/06\\\/22\\\/meteorologinja-objasnila-zasto-je-nebo-ovih-dana-sivo-i-zamuceno\\\/\"]}]},{\"@type\":\"ImageObject\",\"inLanguage\":\"hr\",\"@id\":\"https:\\\/\\\/radioljubuski.ba\\\/index.php\\\/2021\\\/06\\\/22\\\/meteorologinja-objasnila-zasto-je-nebo-ovih-dana-sivo-i-zamuceno\\\/#primaryimage\",\"url\":\"https:\\\/\\\/radioljubuski.ba\\\/wp-content\\\/uploads\\\/2021\\\/06\\\/3-2021-06-22-09-19-15-sivo-nebo-750x563-1.jpg\",\"contentUrl\":\"https:\\\/\\\/radioljubuski.ba\\\/wp-content\\\/uploads\\\/2021\\\/06\\\/3-2021-06-22-09-19-15-sivo-nebo-750x563-1.jpg\",\"width\":1000,\"height\":625},{\"@type\":\"BreadcrumbList\",\"@id\":\"https:\\\/\\\/radioljubuski.ba\\\/index.php\\\/2021\\\/06\\\/22\\\/meteorologinja-objasnila-zasto-je-nebo-ovih-dana-sivo-i-zamuceno\\\/#breadcrumb\",\"itemListElement\":[{\"@type\":\"ListItem\",\"position\":1,\"name\":\"Po\u010detna stranica\",\"item\":\"https:\\\/\\\/radioljubuski.ba\\\/\"},{\"@type\":\"ListItem\",\"position\":2,\"name\":\"Meteorologinja objasnila za\u0161to je nebo ovih dana sivo i zamu\u0107eno\"}]},{\"@type\":\"WebSite\",\"@id\":\"https:\\\/\\\/radioljubuski.ba\\\/#website\",\"url\":\"https:\\\/\\\/radioljubuski.ba\\\/\",\"name\":\"Radio Ljubu\u0161ki\",\"description\":\"Sun\u010dana frekvencija Hercegovine\",\"publisher\":{\"@id\":\"https:\\\/\\\/radioljubuski.ba\\\/#organization\"},\"potentialAction\":[{\"@type\":\"SearchAction\",\"target\":{\"@type\":\"EntryPoint\",\"urlTemplate\":\"https:\\\/\\\/radioljubuski.ba\\\/?s={search_term_string}\"},\"query-input\":{\"@type\":\"PropertyValueSpecification\",\"valueRequired\":true,\"valueName\":\"search_term_string\"}}],\"inLanguage\":\"hr\"},{\"@type\":\"Organization\",\"@id\":\"https:\\\/\\\/radioljubuski.ba\\\/#organization\",\"name\":\"Radio Ljubu\u0161ki\",\"url\":\"https:\\\/\\\/radioljubuski.ba\\\/\",\"logo\":{\"@type\":\"ImageObject\",\"inLanguage\":\"hr\",\"@id\":\"https:\\\/\\\/radioljubuski.ba\\\/#\\\/schema\\\/logo\\\/image\\\/\",\"url\":\"https:\\\/\\\/radioljubuski.ba\\\/wp-content\\\/uploads\\\/2021\\\/02\\\/cropped-Radio_Ljubuski_logo1.jpg\",\"contentUrl\":\"https:\\\/\\\/radioljubuski.ba\\\/wp-content\\\/uploads\\\/2021\\\/02\\\/cropped-Radio_Ljubuski_logo1.jpg\",\"width\":512,\"height\":512,\"caption\":\"Radio Ljubu\u0161ki\"},\"image\":{\"@id\":\"https:\\\/\\\/radioljubuski.ba\\\/#\\\/schema\\\/logo\\\/image\\\/\"},\"sameAs\":[\"https:\\\/\\\/www.facebook.com\\\/Radiio-Ljubuski-1490835324566332\",\"https:\\\/\\\/x.com\\\/radioljubuski\",\"https:\\\/\\\/hr.linkedin.com\\\/company\\\/radio-ljubuski\",\"https:\\\/\\\/www.youtube.com\\\/channel\\\/UCHYaeO_n0Db3tjNGudGpXyw\"]},{\"@type\":\"Person\",\"@id\":\"https:\\\/\\\/radioljubuski.ba\\\/#\\\/schema\\\/person\\\/19fc700381a780f69665d7956c469e3b\",\"name\":\"Radio Ljubu\u0161ki\"}]}<\/script>\n<!-- \/ Yoast SEO plugin. -->","yoast_head_json":{"title":"Meteorologinja objasnila za\u0161to je nebo ovih dana sivo i zamu\u0107eno - RADIO LJUBU\u0160KI","robots":{"index":"index","follow":"follow","max-snippet":"max-snippet:-1","max-image-preview":"max-image-preview:large","max-video-preview":"max-video-preview:-1"},"canonical":"https:\/\/radioljubuski.ba\/index.php\/2021\/06\/22\/meteorologinja-objasnila-zasto-je-nebo-ovih-dana-sivo-i-zamuceno\/","og_locale":"hr_HR","og_type":"article","og_title":"Meteorologinja objasnila za\u0161to je nebo ovih dana sivo i zamu\u0107eno - RADIO LJUBU\u0160KI","og_description":"Meteorologinja Tea Bla\u017eevi\u0107 s N1 televizije objasnila je za\u0161to je nebo ve\u0107 danima sivo i zamu\u0107eno iako je vedro. Radi se o tome da nam s podru\u010dja Afrike sti\u017ee velika koli\u010dina pustinjske pra\u0161ine i pijeska, zbog \u010dega je atmosfera zamu\u0107ena i vidljivost je smanjena. Bezopasna pojava Rije\u010d je o posve bezopasnoj i prirodnoj pojavi koja [&hellip;]","og_url":"https:\/\/radioljubuski.ba\/index.php\/2021\/06\/22\/meteorologinja-objasnila-zasto-je-nebo-ovih-dana-sivo-i-zamuceno\/","og_site_name":"RADIO LJUBU\u0160KI","article_publisher":"https:\/\/www.facebook.com\/Radiio-Ljubuski-1490835324566332","article_published_time":"2021-06-22T09:57:12+00:00","article_modified_time":"2021-06-22T09:57:14+00:00","og_image":[{"width":1000,"height":625,"url":"https:\/\/radioljubuski.ba\/wp-content\/uploads\/2021\/06\/3-2021-06-22-09-19-15-sivo-nebo-750x563-1.jpg","type":"image\/jpeg"}],"author":"Radio Ljubu\u0161ki","twitter_card":"summary_large_image","twitter_creator":"@radioljubuski","twitter_site":"@radioljubuski","twitter_misc":{"Napisao\/la":"Radio Ljubu\u0161ki","Procijenjeno vrijeme \u010ditanja":"1 minuta"},"schema":{"@context":"https:\/\/schema.org","@graph":[{"@type":"Article","@id":"https:\/\/radioljubuski.ba\/index.php\/2021\/06\/22\/meteorologinja-objasnila-zasto-je-nebo-ovih-dana-sivo-i-zamuceno\/#article","isPartOf":{"@id":"https:\/\/radioljubuski.ba\/index.php\/2021\/06\/22\/meteorologinja-objasnila-zasto-je-nebo-ovih-dana-sivo-i-zamuceno\/"},"author":{"name":"Radio Ljubu\u0161ki","@id":"https:\/\/radioljubuski.ba\/#\/schema\/person\/19fc700381a780f69665d7956c469e3b"},"headline":"Meteorologinja objasnila za\u0161to je nebo ovih dana sivo i zamu\u0107eno","datePublished":"2021-06-22T09:57:12+00:00","dateModified":"2021-06-22T09:57:14+00:00","mainEntityOfPage":{"@id":"https:\/\/radioljubuski.ba\/index.php\/2021\/06\/22\/meteorologinja-objasnila-zasto-je-nebo-ovih-dana-sivo-i-zamuceno\/"},"wordCount":84,"publisher":{"@id":"https:\/\/radioljubuski.ba\/#organization"},"image":{"@id":"https:\/\/radioljubuski.ba\/index.php\/2021\/06\/22\/meteorologinja-objasnila-zasto-je-nebo-ovih-dana-sivo-i-zamuceno\/#primaryimage"},"thumbnailUrl":"https:\/\/radioljubuski.ba\/wp-content\/uploads\/2021\/06\/3-2021-06-22-09-19-15-sivo-nebo-750x563-1.jpg","articleSection":["BIH i regija"],"inLanguage":"hr"},{"@type":"WebPage","@id":"https:\/\/radioljubuski.ba\/index.php\/2021\/06\/22\/meteorologinja-objasnila-zasto-je-nebo-ovih-dana-sivo-i-zamuceno\/","url":"https:\/\/radioljubuski.ba\/index.php\/2021\/06\/22\/meteorologinja-objasnila-zasto-je-nebo-ovih-dana-sivo-i-zamuceno\/","name":"Meteorologinja objasnila za\u0161to je nebo ovih dana sivo i zamu\u0107eno - RADIO LJUBU\u0160KI","isPartOf":{"@id":"https:\/\/radioljubuski.ba\/#website"},"primaryImageOfPage":{"@id":"https:\/\/radioljubuski.ba\/index.php\/2021\/06\/22\/meteorologinja-objasnila-zasto-je-nebo-ovih-dana-sivo-i-zamuceno\/#primaryimage"},"image":{"@id":"https:\/\/radioljubuski.ba\/index.php\/2021\/06\/22\/meteorologinja-objasnila-zasto-je-nebo-ovih-dana-sivo-i-zamuceno\/#primaryimage"},"thumbnailUrl":"https:\/\/radioljubuski.ba\/wp-content\/uploads\/2021\/06\/3-2021-06-22-09-19-15-sivo-nebo-750x563-1.jpg","datePublished":"2021-06-22T09:57:12+00:00","dateModified":"2021-06-22T09:57:14+00:00","breadcrumb":{"@id":"https:\/\/radioljubuski.ba\/index.php\/2021\/06\/22\/meteorologinja-objasnila-zasto-je-nebo-ovih-dana-sivo-i-zamuceno\/#breadcrumb"},"inLanguage":"hr","potentialAction":[{"@type":"ReadAction","target":["https:\/\/radioljubuski.ba\/index.php\/2021\/06\/22\/meteorologinja-objasnila-zasto-je-nebo-ovih-dana-sivo-i-zamuceno\/"]}]},{"@type":"ImageObject","inLanguage":"hr","@id":"https:\/\/radioljubuski.ba\/index.php\/2021\/06\/22\/meteorologinja-objasnila-zasto-je-nebo-ovih-dana-sivo-i-zamuceno\/#primaryimage","url":"https:\/\/radioljubuski.ba\/wp-content\/uploads\/2021\/06\/3-2021-06-22-09-19-15-sivo-nebo-750x563-1.jpg","contentUrl":"https:\/\/radioljubuski.ba\/wp-content\/uploads\/2021\/06\/3-2021-06-22-09-19-15-sivo-nebo-750x563-1.jpg","width":1000,"height":625},{"@type":"BreadcrumbList","@id":"https:\/\/radioljubuski.ba\/index.php\/2021\/06\/22\/meteorologinja-objasnila-zasto-je-nebo-ovih-dana-sivo-i-zamuceno\/#breadcrumb","itemListElement":[{"@type":"ListItem","position":1,"name":"Po\u010detna stranica","item":"https:\/\/radioljubuski.ba\/"},{"@type":"ListItem","position":2,"name":"Meteorologinja objasnila za\u0161to je nebo ovih dana sivo i zamu\u0107eno"}]},{"@type":"WebSite","@id":"https:\/\/radioljubuski.ba\/#website","url":"https:\/\/radioljubuski.ba\/","name":"Radio Ljubu\u0161ki","description":"Sun\u010dana frekvencija Hercegovine","publisher":{"@id":"https:\/\/radioljubuski.ba\/#organization"},"potentialAction":[{"@type":"SearchAction","target":{"@type":"EntryPoint","urlTemplate":"https:\/\/radioljubuski.ba\/?s={search_term_string}"},"query-input":{"@type":"PropertyValueSpecification","valueRequired":true,"valueName":"search_term_string"}}],"inLanguage":"hr"},{"@type":"Organization","@id":"https:\/\/radioljubuski.ba\/#organization","name":"Radio Ljubu\u0161ki","url":"https:\/\/radioljubuski.ba\/","logo":{"@type":"ImageObject","inLanguage":"hr","@id":"https:\/\/radioljubuski.ba\/#\/schema\/logo\/image\/","url":"https:\/\/radioljubuski.ba\/wp-content\/uploads\/2021\/02\/cropped-Radio_Ljubuski_logo1.jpg","contentUrl":"https:\/\/radioljubuski.ba\/wp-content\/uploads\/2021\/02\/cropped-Radio_Ljubuski_logo1.jpg","width":512,"height":512,"caption":"Radio Ljubu\u0161ki"},"image":{"@id":"https:\/\/radioljubuski.ba\/#\/schema\/logo\/image\/"},"sameAs":["https:\/\/www.facebook.com\/Radiio-Ljubuski-1490835324566332","https:\/\/x.com\/radioljubuski","https:\/\/hr.linkedin.com\/company\/radio-ljubuski","https:\/\/www.youtube.com\/channel\/UCHYaeO_n0Db3tjNGudGpXyw"]},{"@type":"Person","@id":"https:\/\/radioljubuski.ba\/#\/schema\/person\/19fc700381a780f69665d7956c469e3b","name":"Radio Ljubu\u0161ki"}]}},"_links":{"self":[{"href":"https:\/\/radioljubuski.ba\/index.php\/wp-json\/wp\/v2\/posts\/34837","targetHints":{"allow":["GET"]}}],"collection":[{"href":"https:\/\/radioljubuski.ba\/index.php\/wp-json\/wp\/v2\/posts"}],"about":[{"href":"https:\/\/radioljubuski.ba\/index.php\/wp-json\/wp\/v2\/types\/post"}],"author":[{"embeddable":true,"href":"https:\/\/radioljubuski.ba\/index.php\/wp-json\/wp\/v2\/users\/2"}],"replies":[{"embeddable":true,"href":"https:\/\/radioljubuski.ba\/index.php\/wp-json\/wp\/v2\/comments?post=34837"}],"version-history":[{"count":1,"href":"https:\/\/radioljubuski.ba\/index.php\/wp-json\/wp\/v2\/posts\/34837\/revisions"}],"predecessor-version":[{"id":34839,"href":"https:\/\/radioljubuski.ba\/index.php\/wp-json\/wp\/v2\/posts\/34837\/revisions\/34839"}],"wp:featuredmedia":[{"embeddable":true,"href":"https:\/\/radioljubuski.ba\/index.php\/wp-json\/wp\/v2\/media\/34838"}],"wp:attachment":[{"href":"https:\/\/radioljubuski.ba\/index.php\/wp-json\/wp\/v2\/media?parent=34837"}],"wp:term":[{"taxonomy":"category","embeddable":true,"href":"https:\/\/radioljubuski.ba\/index.php\/wp-json\/wp\/v2\/categories?post=34837"},{"taxonomy":"post_tag","embeddable":true,"href":"https:\/\/radioljubuski.ba\/index.php\/wp-json\/wp\/v2\/tags?post=34837"}],"curies":[{"name":"wp","href":"https:\/\/api.w.org\/{rel}","templated":true}]}}