{"id":34846,"date":"2021-06-22T11:04:13","date_gmt":"2021-06-22T10:04:13","guid":{"rendered":"https:\/\/radioljubuski.ba\/?p=34846"},"modified":"2021-06-22T11:04:13","modified_gmt":"2021-06-22T10:04:13","slug":"bih-nema-podatke-o-broju-bh-drzavljana-cijepljenih-u-srbiji-video","status":"publish","type":"post","link":"https:\/\/radioljubuski.ba\/index.php\/2021\/06\/22\/bih-nema-podatke-o-broju-bh-drzavljana-cijepljenih-u-srbiji-video\/","title":{"rendered":"BiH nema podatke o broju bh. dr\u017eavljana cijepljenih u Srbiji &#8211; video"},"content":{"rendered":"\n<p>Prema podacima entitetskih Zavoda za javno zdravstvo, u Bosni i Hercegovini je cijepljeno vi\u0161e od 280 tisu\u0107a gra\u0111ana prvom dozom, te oko 140 tisu\u0107a drugom dozom. No, Bosna i Hercegovina nema kompletne podatke o broju cijepljenih gra\u0111ana s obzirom na to da ne postoje podaci o na\u0161im dr\u017eavljanima koji su cijepljeni u Srbiji.<\/p>\n\n\n\n<p>Od po\u010detka lipnja, od kada je u susjednoj Srbiji omogu\u0107ena slobodno cijepljenje dr\u017eavljana BiH u Srbiji, odlazak u najbli\u017ee gradove susjedne zemlje najizra\u017eeniji je vikendima. Prema podacima Ministarstva zdravlja Srbije, samo tijekom proteklog vikenda u toj zemlji je cijepljeno oko 14 tisu\u0107a stranih dr\u017eavljana.<\/p>\n\n\n\n<figure class=\"wp-block-embed is-type-video is-provider-youtube wp-block-embed-youtube wp-embed-aspect-16-9 wp-has-aspect-ratio\"><div class=\"wp-block-embed__wrapper\">\n<iframe loading=\"lazy\" title=\"U BiH cijepljeno vi\u0161e od 280 tisu\u0107a gra\u0111ana prvom dozom, te oko 140 tisu\u0107a drugom dozom\" width=\"640\" height=\"360\" src=\"https:\/\/www.youtube.com\/embed\/-1ZCU-AZ2no?feature=oembed\" frameborder=\"0\" allow=\"accelerometer; autoplay; clipboard-write; encrypted-media; gyroscope; picture-in-picture; web-share\" referrerpolicy=\"strict-origin-when-cross-origin\" allowfullscreen><\/iframe>\n<\/div><\/figure>\n\n\n\n<p>MIRSAD \u0110ERLEK, dr\u017eavni sekretar Ministarstva zdravlja Srbije<\/p>\n\n\n\n<p>\u201cU najve\u0107em postotku to su bili dr\u017eavljani Sjeverne Makedonije, Bosne i Hercegovine iz oba entiteta, bilo je i Crnogoraca i sporadi\u010dno Albanaca\u201d.<\/p>\n\n\n\n<p>Srbija ovih dana dosti\u017ee brojeve od 50 posto cijepljenog stanovni\u0161tva. Osim \u0161to nismo ni blizu tom postotku, nemamo ni kompletne podatke o izvr\u0161enom cijepljenju gra\u0111ana.<\/p>\n\n\n\n<p>Ministarstvo civilnih poslova BiH vodi evidenciju o imunizaciji u BiH. Iz tog ministarstva nismo dobili tra\u017eene podatke, kao ni odgovor da li se i kako evidentiraju cijepljeni gra\u0111ani u Srbiji. Prema podacima entitetskih slu\u017ebi, u Federaciji BiH je prvom dozom do sada cijepljeno 138 tisu\u0107a, a drugom dozom 63 tisu\u0107a osoba. U Republici Srpskoj cilj je da do kraja lipnja bude cijepljeno 200 tisu\u0107a gra\u0111ana.<\/p>\n\n\n\n<p>ALEN \u0160ERANI\u0106, ministar zdravlja i socijalne za\u0161tite RS<\/p>\n\n\n\n<p>\u201cNegdje preko 150 tisu\u0107a doza je isporu\u010deno &nbsp;centrima, odnosno stanovni\u0161tva koje je cijepljeno u Republici Srpskoj. A preko 70 tisu\u0107a je kompletno cijepljeno u Republici Srpskoj tako da smo sa tog aspekta zadovoljni\u201d.<\/p>\n\n\n\n<p>FABIANO SKANO, \u0161ef Kancelarije SZO u BiH<\/p>\n\n\n\n<p>\u201cUvijek trebamo biti korak ispred virusa, virus \u0107e uvijek na\u0107i na\u010dina da zaobi\u0111e mjere koje postavimo ispred njega. Ali, zato je vrlo va\u017eno da budemo kroak ispred\u201d.<\/p>\n\n\n\n<p>Do sveobuhvatnijeg na\u010dina da nadle\u017ena tijela u BiH do\u0111u do kompletnih podataka iz Instituta za javno zdravstvo Republike Srpske preporu\u010dili su gra\u0111anima da se nakon cijepljenja u Srbiji jave obiteljskim lije\u010dnicima &nbsp;i donesu potvrdu o imunizaciji kako bi bili evidentirani u bazi podataka. Za sada je to jedini na\u010din da se evidentiraju gra\u0111ani koji su cijepljeni u Srbiji.<\/p>\n\n\n\n<p>Izvor:BHRT<\/p>\n","protected":false},"excerpt":{"rendered":"<p>Prema podacima entitetskih Zavoda za javno zdravstvo, u Bosni i Hercegovini je cijepljeno vi\u0161e od 280 tisu\u0107a gra\u0111ana prvom dozom, te oko 140 tisu\u0107a drugom dozom. No, Bosna i Hercegovina nema kompletne podatke o broju cijepljenih gra\u0111ana s obzirom na to da ne postoje podaci o na\u0161im dr\u017eavljanima koji su cijepljeni u Srbiji. Od po\u010detka [&hellip;]<\/p>\n","protected":false},"author":2,"featured_media":3356,"comment_status":"closed","ping_status":"closed","sticky":false,"template":"","format":"standard","meta":{"h5ap_radio_sources":[],"footnotes":""},"categories":[1],"tags":[],"class_list":["post-34846","post","type-post","status-publish","format-standard","has-post-thumbnail","hentry","category-bihiregija"],"yoast_head":"<!-- This site is optimized with the Yoast SEO plugin v27.5 - https:\/\/yoast.com\/product\/yoast-seo-wordpress\/ -->\n<title>BiH nema podatke o broju bh. dr\u017eavljana cijepljenih u Srbiji - video - RADIO LJUBU\u0160KI<\/title>\n<meta name=\"robots\" content=\"index, follow, max-snippet:-1, max-image-preview:large, max-video-preview:-1\" \/>\n<link rel=\"canonical\" href=\"https:\/\/radioljubuski.ba\/index.php\/2021\/06\/22\/bih-nema-podatke-o-broju-bh-drzavljana-cijepljenih-u-srbiji-video\/\" \/>\n<meta property=\"og:locale\" content=\"hr_HR\" \/>\n<meta property=\"og:type\" content=\"article\" \/>\n<meta property=\"og:title\" content=\"BiH nema podatke o broju bh. dr\u017eavljana cijepljenih u Srbiji - video - RADIO LJUBU\u0160KI\" \/>\n<meta property=\"og:description\" content=\"Prema podacima entitetskih Zavoda za javno zdravstvo, u Bosni i Hercegovini je cijepljeno vi\u0161e od 280 tisu\u0107a gra\u0111ana prvom dozom, te oko 140 tisu\u0107a drugom dozom. No, Bosna i Hercegovina nema kompletne podatke o broju cijepljenih gra\u0111ana s obzirom na to da ne postoje podaci o na\u0161im dr\u017eavljanima koji su cijepljeni u Srbiji. Od po\u010detka [&hellip;]\" \/>\n<meta property=\"og:url\" content=\"https:\/\/radioljubuski.ba\/index.php\/2021\/06\/22\/bih-nema-podatke-o-broju-bh-drzavljana-cijepljenih-u-srbiji-video\/\" \/>\n<meta property=\"og:site_name\" content=\"RADIO LJUBU\u0160KI\" \/>\n<meta property=\"article:publisher\" content=\"https:\/\/www.facebook.com\/Radiio-Ljubuski-1490835324566332\" \/>\n<meta property=\"article:published_time\" content=\"2021-06-22T10:04:13+00:00\" \/>\n<meta property=\"og:image\" content=\"https:\/\/radioljubuski.ba\/wp-content\/uploads\/2021\/03\/pxl-060321-32064076-20210313064306.jpg\" \/>\n\t<meta property=\"og:image:width\" content=\"1600\" \/>\n\t<meta property=\"og:image:height\" content=\"1009\" \/>\n\t<meta property=\"og:image:type\" content=\"image\/jpeg\" \/>\n<meta name=\"author\" content=\"Radio Ljubu\u0161ki\" \/>\n<meta name=\"twitter:card\" content=\"summary_large_image\" \/>\n<meta name=\"twitter:creator\" content=\"@radioljubuski\" \/>\n<meta name=\"twitter:site\" content=\"@radioljubuski\" \/>\n<meta name=\"twitter:label1\" content=\"Napisao\/la\" \/>\n\t<meta name=\"twitter:data1\" content=\"Radio Ljubu\u0161ki\" \/>\n\t<meta name=\"twitter:label2\" content=\"Procijenjeno vrijeme \u010ditanja\" \/>\n\t<meta name=\"twitter:data2\" content=\"2 minute\" \/>\n<script type=\"application\/ld+json\" class=\"yoast-schema-graph\">{\"@context\":\"https:\\\/\\\/schema.org\",\"@graph\":[{\"@type\":\"Article\",\"@id\":\"https:\\\/\\\/radioljubuski.ba\\\/index.php\\\/2021\\\/06\\\/22\\\/bih-nema-podatke-o-broju-bh-drzavljana-cijepljenih-u-srbiji-video\\\/#article\",\"isPartOf\":{\"@id\":\"https:\\\/\\\/radioljubuski.ba\\\/index.php\\\/2021\\\/06\\\/22\\\/bih-nema-podatke-o-broju-bh-drzavljana-cijepljenih-u-srbiji-video\\\/\"},\"author\":{\"name\":\"Radio Ljubu\u0161ki\",\"@id\":\"https:\\\/\\\/radioljubuski.ba\\\/#\\\/schema\\\/person\\\/19fc700381a780f69665d7956c469e3b\"},\"headline\":\"BiH nema podatke o broju bh. dr\u017eavljana cijepljenih u Srbiji &#8211; video\",\"datePublished\":\"2021-06-22T10:04:13+00:00\",\"mainEntityOfPage\":{\"@id\":\"https:\\\/\\\/radioljubuski.ba\\\/index.php\\\/2021\\\/06\\\/22\\\/bih-nema-podatke-o-broju-bh-drzavljana-cijepljenih-u-srbiji-video\\\/\"},\"wordCount\":412,\"publisher\":{\"@id\":\"https:\\\/\\\/radioljubuski.ba\\\/#organization\"},\"image\":{\"@id\":\"https:\\\/\\\/radioljubuski.ba\\\/index.php\\\/2021\\\/06\\\/22\\\/bih-nema-podatke-o-broju-bh-drzavljana-cijepljenih-u-srbiji-video\\\/#primaryimage\"},\"thumbnailUrl\":\"https:\\\/\\\/radioljubuski.ba\\\/wp-content\\\/uploads\\\/2021\\\/03\\\/pxl-060321-32064076-20210313064306.jpg\",\"articleSection\":[\"BIH i regija\"],\"inLanguage\":\"hr\"},{\"@type\":\"WebPage\",\"@id\":\"https:\\\/\\\/radioljubuski.ba\\\/index.php\\\/2021\\\/06\\\/22\\\/bih-nema-podatke-o-broju-bh-drzavljana-cijepljenih-u-srbiji-video\\\/\",\"url\":\"https:\\\/\\\/radioljubuski.ba\\\/index.php\\\/2021\\\/06\\\/22\\\/bih-nema-podatke-o-broju-bh-drzavljana-cijepljenih-u-srbiji-video\\\/\",\"name\":\"BiH nema podatke o broju bh. dr\u017eavljana cijepljenih u Srbiji - video - RADIO LJUBU\u0160KI\",\"isPartOf\":{\"@id\":\"https:\\\/\\\/radioljubuski.ba\\\/#website\"},\"primaryImageOfPage\":{\"@id\":\"https:\\\/\\\/radioljubuski.ba\\\/index.php\\\/2021\\\/06\\\/22\\\/bih-nema-podatke-o-broju-bh-drzavljana-cijepljenih-u-srbiji-video\\\/#primaryimage\"},\"image\":{\"@id\":\"https:\\\/\\\/radioljubuski.ba\\\/index.php\\\/2021\\\/06\\\/22\\\/bih-nema-podatke-o-broju-bh-drzavljana-cijepljenih-u-srbiji-video\\\/#primaryimage\"},\"thumbnailUrl\":\"https:\\\/\\\/radioljubuski.ba\\\/wp-content\\\/uploads\\\/2021\\\/03\\\/pxl-060321-32064076-20210313064306.jpg\",\"datePublished\":\"2021-06-22T10:04:13+00:00\",\"breadcrumb\":{\"@id\":\"https:\\\/\\\/radioljubuski.ba\\\/index.php\\\/2021\\\/06\\\/22\\\/bih-nema-podatke-o-broju-bh-drzavljana-cijepljenih-u-srbiji-video\\\/#breadcrumb\"},\"inLanguage\":\"hr\",\"potentialAction\":[{\"@type\":\"ReadAction\",\"target\":[\"https:\\\/\\\/radioljubuski.ba\\\/index.php\\\/2021\\\/06\\\/22\\\/bih-nema-podatke-o-broju-bh-drzavljana-cijepljenih-u-srbiji-video\\\/\"]}]},{\"@type\":\"ImageObject\",\"inLanguage\":\"hr\",\"@id\":\"https:\\\/\\\/radioljubuski.ba\\\/index.php\\\/2021\\\/06\\\/22\\\/bih-nema-podatke-o-broju-bh-drzavljana-cijepljenih-u-srbiji-video\\\/#primaryimage\",\"url\":\"https:\\\/\\\/radioljubuski.ba\\\/wp-content\\\/uploads\\\/2021\\\/03\\\/pxl-060321-32064076-20210313064306.jpg\",\"contentUrl\":\"https:\\\/\\\/radioljubuski.ba\\\/wp-content\\\/uploads\\\/2021\\\/03\\\/pxl-060321-32064076-20210313064306.jpg\",\"width\":1600,\"height\":1009,\"caption\":\"06.03.2021., Karlovac - U dvorani Ekonomsko turisticke skole u Karlovcu provodi se masovno cijepljenje gradjana protiv koronavirusa. U drugom krugu cijepit ce 630 gradjana s 360 doza Pfizerovog i 270 Astra Zeneca cijepivom. Photo: Kristina Stedul Fabac\\\/PIXSELL\"},{\"@type\":\"BreadcrumbList\",\"@id\":\"https:\\\/\\\/radioljubuski.ba\\\/index.php\\\/2021\\\/06\\\/22\\\/bih-nema-podatke-o-broju-bh-drzavljana-cijepljenih-u-srbiji-video\\\/#breadcrumb\",\"itemListElement\":[{\"@type\":\"ListItem\",\"position\":1,\"name\":\"Po\u010detna stranica\",\"item\":\"https:\\\/\\\/radioljubuski.ba\\\/\"},{\"@type\":\"ListItem\",\"position\":2,\"name\":\"BiH nema podatke o broju bh. dr\u017eavljana cijepljenih u Srbiji &#8211; video\"}]},{\"@type\":\"WebSite\",\"@id\":\"https:\\\/\\\/radioljubuski.ba\\\/#website\",\"url\":\"https:\\\/\\\/radioljubuski.ba\\\/\",\"name\":\"Radio Ljubu\u0161ki\",\"description\":\"Sun\u010dana frekvencija Hercegovine\",\"publisher\":{\"@id\":\"https:\\\/\\\/radioljubuski.ba\\\/#organization\"},\"potentialAction\":[{\"@type\":\"SearchAction\",\"target\":{\"@type\":\"EntryPoint\",\"urlTemplate\":\"https:\\\/\\\/radioljubuski.ba\\\/?s={search_term_string}\"},\"query-input\":{\"@type\":\"PropertyValueSpecification\",\"valueRequired\":true,\"valueName\":\"search_term_string\"}}],\"inLanguage\":\"hr\"},{\"@type\":\"Organization\",\"@id\":\"https:\\\/\\\/radioljubuski.ba\\\/#organization\",\"name\":\"Radio Ljubu\u0161ki\",\"url\":\"https:\\\/\\\/radioljubuski.ba\\\/\",\"logo\":{\"@type\":\"ImageObject\",\"inLanguage\":\"hr\",\"@id\":\"https:\\\/\\\/radioljubuski.ba\\\/#\\\/schema\\\/logo\\\/image\\\/\",\"url\":\"https:\\\/\\\/radioljubuski.ba\\\/wp-content\\\/uploads\\\/2021\\\/02\\\/cropped-Radio_Ljubuski_logo1.jpg\",\"contentUrl\":\"https:\\\/\\\/radioljubuski.ba\\\/wp-content\\\/uploads\\\/2021\\\/02\\\/cropped-Radio_Ljubuski_logo1.jpg\",\"width\":512,\"height\":512,\"caption\":\"Radio Ljubu\u0161ki\"},\"image\":{\"@id\":\"https:\\\/\\\/radioljubuski.ba\\\/#\\\/schema\\\/logo\\\/image\\\/\"},\"sameAs\":[\"https:\\\/\\\/www.facebook.com\\\/Radiio-Ljubuski-1490835324566332\",\"https:\\\/\\\/x.com\\\/radioljubuski\",\"https:\\\/\\\/hr.linkedin.com\\\/company\\\/radio-ljubuski\",\"https:\\\/\\\/www.youtube.com\\\/channel\\\/UCHYaeO_n0Db3tjNGudGpXyw\"]},{\"@type\":\"Person\",\"@id\":\"https:\\\/\\\/radioljubuski.ba\\\/#\\\/schema\\\/person\\\/19fc700381a780f69665d7956c469e3b\",\"name\":\"Radio Ljubu\u0161ki\"}]}<\/script>\n<!-- \/ Yoast SEO plugin. -->","yoast_head_json":{"title":"BiH nema podatke o broju bh. dr\u017eavljana cijepljenih u Srbiji - video - RADIO LJUBU\u0160KI","robots":{"index":"index","follow":"follow","max-snippet":"max-snippet:-1","max-image-preview":"max-image-preview:large","max-video-preview":"max-video-preview:-1"},"canonical":"https:\/\/radioljubuski.ba\/index.php\/2021\/06\/22\/bih-nema-podatke-o-broju-bh-drzavljana-cijepljenih-u-srbiji-video\/","og_locale":"hr_HR","og_type":"article","og_title":"BiH nema podatke o broju bh. dr\u017eavljana cijepljenih u Srbiji - video - RADIO LJUBU\u0160KI","og_description":"Prema podacima entitetskih Zavoda za javno zdravstvo, u Bosni i Hercegovini je cijepljeno vi\u0161e od 280 tisu\u0107a gra\u0111ana prvom dozom, te oko 140 tisu\u0107a drugom dozom. No, Bosna i Hercegovina nema kompletne podatke o broju cijepljenih gra\u0111ana s obzirom na to da ne postoje podaci o na\u0161im dr\u017eavljanima koji su cijepljeni u Srbiji. Od po\u010detka [&hellip;]","og_url":"https:\/\/radioljubuski.ba\/index.php\/2021\/06\/22\/bih-nema-podatke-o-broju-bh-drzavljana-cijepljenih-u-srbiji-video\/","og_site_name":"RADIO LJUBU\u0160KI","article_publisher":"https:\/\/www.facebook.com\/Radiio-Ljubuski-1490835324566332","article_published_time":"2021-06-22T10:04:13+00:00","og_image":[{"width":1600,"height":1009,"url":"https:\/\/radioljubuski.ba\/wp-content\/uploads\/2021\/03\/pxl-060321-32064076-20210313064306.jpg","type":"image\/jpeg"}],"author":"Radio Ljubu\u0161ki","twitter_card":"summary_large_image","twitter_creator":"@radioljubuski","twitter_site":"@radioljubuski","twitter_misc":{"Napisao\/la":"Radio Ljubu\u0161ki","Procijenjeno vrijeme \u010ditanja":"2 minute"},"schema":{"@context":"https:\/\/schema.org","@graph":[{"@type":"Article","@id":"https:\/\/radioljubuski.ba\/index.php\/2021\/06\/22\/bih-nema-podatke-o-broju-bh-drzavljana-cijepljenih-u-srbiji-video\/#article","isPartOf":{"@id":"https:\/\/radioljubuski.ba\/index.php\/2021\/06\/22\/bih-nema-podatke-o-broju-bh-drzavljana-cijepljenih-u-srbiji-video\/"},"author":{"name":"Radio Ljubu\u0161ki","@id":"https:\/\/radioljubuski.ba\/#\/schema\/person\/19fc700381a780f69665d7956c469e3b"},"headline":"BiH nema podatke o broju bh. dr\u017eavljana cijepljenih u Srbiji &#8211; video","datePublished":"2021-06-22T10:04:13+00:00","mainEntityOfPage":{"@id":"https:\/\/radioljubuski.ba\/index.php\/2021\/06\/22\/bih-nema-podatke-o-broju-bh-drzavljana-cijepljenih-u-srbiji-video\/"},"wordCount":412,"publisher":{"@id":"https:\/\/radioljubuski.ba\/#organization"},"image":{"@id":"https:\/\/radioljubuski.ba\/index.php\/2021\/06\/22\/bih-nema-podatke-o-broju-bh-drzavljana-cijepljenih-u-srbiji-video\/#primaryimage"},"thumbnailUrl":"https:\/\/radioljubuski.ba\/wp-content\/uploads\/2021\/03\/pxl-060321-32064076-20210313064306.jpg","articleSection":["BIH i regija"],"inLanguage":"hr"},{"@type":"WebPage","@id":"https:\/\/radioljubuski.ba\/index.php\/2021\/06\/22\/bih-nema-podatke-o-broju-bh-drzavljana-cijepljenih-u-srbiji-video\/","url":"https:\/\/radioljubuski.ba\/index.php\/2021\/06\/22\/bih-nema-podatke-o-broju-bh-drzavljana-cijepljenih-u-srbiji-video\/","name":"BiH nema podatke o broju bh. dr\u017eavljana cijepljenih u Srbiji - video - RADIO LJUBU\u0160KI","isPartOf":{"@id":"https:\/\/radioljubuski.ba\/#website"},"primaryImageOfPage":{"@id":"https:\/\/radioljubuski.ba\/index.php\/2021\/06\/22\/bih-nema-podatke-o-broju-bh-drzavljana-cijepljenih-u-srbiji-video\/#primaryimage"},"image":{"@id":"https:\/\/radioljubuski.ba\/index.php\/2021\/06\/22\/bih-nema-podatke-o-broju-bh-drzavljana-cijepljenih-u-srbiji-video\/#primaryimage"},"thumbnailUrl":"https:\/\/radioljubuski.ba\/wp-content\/uploads\/2021\/03\/pxl-060321-32064076-20210313064306.jpg","datePublished":"2021-06-22T10:04:13+00:00","breadcrumb":{"@id":"https:\/\/radioljubuski.ba\/index.php\/2021\/06\/22\/bih-nema-podatke-o-broju-bh-drzavljana-cijepljenih-u-srbiji-video\/#breadcrumb"},"inLanguage":"hr","potentialAction":[{"@type":"ReadAction","target":["https:\/\/radioljubuski.ba\/index.php\/2021\/06\/22\/bih-nema-podatke-o-broju-bh-drzavljana-cijepljenih-u-srbiji-video\/"]}]},{"@type":"ImageObject","inLanguage":"hr","@id":"https:\/\/radioljubuski.ba\/index.php\/2021\/06\/22\/bih-nema-podatke-o-broju-bh-drzavljana-cijepljenih-u-srbiji-video\/#primaryimage","url":"https:\/\/radioljubuski.ba\/wp-content\/uploads\/2021\/03\/pxl-060321-32064076-20210313064306.jpg","contentUrl":"https:\/\/radioljubuski.ba\/wp-content\/uploads\/2021\/03\/pxl-060321-32064076-20210313064306.jpg","width":1600,"height":1009,"caption":"06.03.2021., Karlovac - U dvorani Ekonomsko turisticke skole u Karlovcu provodi se masovno cijepljenje gradjana protiv koronavirusa. U drugom krugu cijepit ce 630 gradjana s 360 doza Pfizerovog i 270 Astra Zeneca cijepivom. Photo: Kristina Stedul Fabac\/PIXSELL"},{"@type":"BreadcrumbList","@id":"https:\/\/radioljubuski.ba\/index.php\/2021\/06\/22\/bih-nema-podatke-o-broju-bh-drzavljana-cijepljenih-u-srbiji-video\/#breadcrumb","itemListElement":[{"@type":"ListItem","position":1,"name":"Po\u010detna stranica","item":"https:\/\/radioljubuski.ba\/"},{"@type":"ListItem","position":2,"name":"BiH nema podatke o broju bh. dr\u017eavljana cijepljenih u Srbiji &#8211; video"}]},{"@type":"WebSite","@id":"https:\/\/radioljubuski.ba\/#website","url":"https:\/\/radioljubuski.ba\/","name":"Radio Ljubu\u0161ki","description":"Sun\u010dana frekvencija Hercegovine","publisher":{"@id":"https:\/\/radioljubuski.ba\/#organization"},"potentialAction":[{"@type":"SearchAction","target":{"@type":"EntryPoint","urlTemplate":"https:\/\/radioljubuski.ba\/?s={search_term_string}"},"query-input":{"@type":"PropertyValueSpecification","valueRequired":true,"valueName":"search_term_string"}}],"inLanguage":"hr"},{"@type":"Organization","@id":"https:\/\/radioljubuski.ba\/#organization","name":"Radio Ljubu\u0161ki","url":"https:\/\/radioljubuski.ba\/","logo":{"@type":"ImageObject","inLanguage":"hr","@id":"https:\/\/radioljubuski.ba\/#\/schema\/logo\/image\/","url":"https:\/\/radioljubuski.ba\/wp-content\/uploads\/2021\/02\/cropped-Radio_Ljubuski_logo1.jpg","contentUrl":"https:\/\/radioljubuski.ba\/wp-content\/uploads\/2021\/02\/cropped-Radio_Ljubuski_logo1.jpg","width":512,"height":512,"caption":"Radio Ljubu\u0161ki"},"image":{"@id":"https:\/\/radioljubuski.ba\/#\/schema\/logo\/image\/"},"sameAs":["https:\/\/www.facebook.com\/Radiio-Ljubuski-1490835324566332","https:\/\/x.com\/radioljubuski","https:\/\/hr.linkedin.com\/company\/radio-ljubuski","https:\/\/www.youtube.com\/channel\/UCHYaeO_n0Db3tjNGudGpXyw"]},{"@type":"Person","@id":"https:\/\/radioljubuski.ba\/#\/schema\/person\/19fc700381a780f69665d7956c469e3b","name":"Radio Ljubu\u0161ki"}]}},"_links":{"self":[{"href":"https:\/\/radioljubuski.ba\/index.php\/wp-json\/wp\/v2\/posts\/34846","targetHints":{"allow":["GET"]}}],"collection":[{"href":"https:\/\/radioljubuski.ba\/index.php\/wp-json\/wp\/v2\/posts"}],"about":[{"href":"https:\/\/radioljubuski.ba\/index.php\/wp-json\/wp\/v2\/types\/post"}],"author":[{"embeddable":true,"href":"https:\/\/radioljubuski.ba\/index.php\/wp-json\/wp\/v2\/users\/2"}],"replies":[{"embeddable":true,"href":"https:\/\/radioljubuski.ba\/index.php\/wp-json\/wp\/v2\/comments?post=34846"}],"version-history":[{"count":1,"href":"https:\/\/radioljubuski.ba\/index.php\/wp-json\/wp\/v2\/posts\/34846\/revisions"}],"predecessor-version":[{"id":34847,"href":"https:\/\/radioljubuski.ba\/index.php\/wp-json\/wp\/v2\/posts\/34846\/revisions\/34847"}],"wp:featuredmedia":[{"embeddable":true,"href":"https:\/\/radioljubuski.ba\/index.php\/wp-json\/wp\/v2\/media\/3356"}],"wp:attachment":[{"href":"https:\/\/radioljubuski.ba\/index.php\/wp-json\/wp\/v2\/media?parent=34846"}],"wp:term":[{"taxonomy":"category","embeddable":true,"href":"https:\/\/radioljubuski.ba\/index.php\/wp-json\/wp\/v2\/categories?post=34846"},{"taxonomy":"post_tag","embeddable":true,"href":"https:\/\/radioljubuski.ba\/index.php\/wp-json\/wp\/v2\/tags?post=34846"}],"curies":[{"name":"wp","href":"https:\/\/api.w.org\/{rel}","templated":true}]}}