{"id":34848,"date":"2021-06-22T11:05:28","date_gmt":"2021-06-22T10:05:28","guid":{"rendered":"https:\/\/radioljubuski.ba\/?p=34848"},"modified":"2021-06-22T11:05:29","modified_gmt":"2021-06-22T10:05:29","slug":"na-putu-do-mora-svitava-ce-uskoro-biti-proslost","status":"publish","type":"post","link":"https:\/\/radioljubuski.ba\/index.php\/2021\/06\/22\/na-putu-do-mora-svitava-ce-uskoro-biti-proslost\/","title":{"rendered":"Na putu do mora Svitava \u0107e uskoro biti pro\u0161lost"},"content":{"rendered":"\n<p>Brojni gra\u0111ani koji su se proteklog vikenda zaputili na bh. more do Neuma su stigli novom cestom iz Stoca. Iako ova cesta jo\u0161 nije zavr\u0161ena, ipak, dionice koje su pu\u0161tene u promet, a kojima se, kako je to nazna\u010deno, vozite na vlastitu odgovornost, znatno su skratile put do mora.<\/p>\n\n\n\n<p>&nbsp;<br>Krivine i zavoji<br>Pogotovo otkako je zavr\u0161ena dionica Stolovi &#8211; Drenovac u du\u017eini od devet kilometara, koja po\u010dinje odmah na izlazu iz Stoca, vo\u017enja do Neuma je znatno olak\u0161ana. To \u0161to \u0107e vas do\u010dekati ponovo stara cesta i dio makadama nakon ove dionice, ne mo\u017ee se porediti s pute\u0161estvijom preko famozne Svitave.<\/p>\n\n\n\n<p>U odnosu na tu, jednu od najopasnijih cesta u BiH, koja je uska, nepregledna, puna zavoja i krivina, nova putna komunikacija donosi svojevrsno olak\u0161anje.<\/p>\n\n\n\n<p>Nedugo nakon starog dijela, kako se uvjerila na\u0161a ekipa, ponovo se ve\u017eete na asfaltiranu dionicu, onu koja vodi kroz tunel \u017daba, pi\u0161e Avaz.<\/p>\n\n\n\n<p>Na podru\u010dju koje nije asfaltirano uveliko bruje ma\u0161ine, a radnici anga\u017eirani na dionici Hutovo &#8211; Cerovica &#8211; Stolovi, ozna\u010denoj kao posljednjoj u du\u017eini od 10 kilometara, nisu posustajali ni tijekom proteklog vikenda, koji su obilje\u017eile izrazito visoke temperature.<\/p>\n\n\n\n<p>Rije\u010di hvale<br>Mostarac Dragan \u010corlija do Neuma je, kazao nam je, i\u0161ao ba\u0161 preko Stoca. Za dionice koje su zavr\u0161ene ima samo rije\u010di hvale.<\/p>\n\n\n\n<p>&#8211; Ovo \u0161to je asfaltirano odli\u010dno je ura\u0111eno. Svaka \u010dast. Kada se zavr\u0161i cesta, uvjeren sam da \u0107e mnogi \u010de\u0161\u0107e birati Neum i kao jednodnevnu destinaciju. Sada se zaista puno br\u017ee do\u0111e &#8211; kazao nam je on.<\/p>\n\n\n\n<p>Zavr\u0161etak do kraja godine<br>Iz JP \u201cCeste Federacije BiH\u201d podsjetili su na to da bi posljednja dionica trebala biti zavr\u0161ena do kraja godine. Preostalo je jo\u0161 da se uradi stola\u010dka obilaznica, koja \u0107e biti izgra\u0111ena u industrijskoj zoni Stoca u du\u017eini od 1,3 kilometra, a za koju su tamo\u0161nje vlasti ve\u0107 dale urbanisti\u010dku saglasnost.<\/p>\n\n\n\n<p>Izvor:avaz.ba<\/p>\n","protected":false},"excerpt":{"rendered":"<p>Brojni gra\u0111ani koji su se proteklog vikenda zaputili na bh. more do Neuma su stigli novom cestom iz Stoca. Iako ova cesta jo\u0161 nije zavr\u0161ena, ipak, dionice koje su pu\u0161tene u promet, a kojima se, kako je to nazna\u010deno, vozite na vlastitu odgovornost, znatno su skratile put do mora. &nbsp;Krivine i zavojiPogotovo otkako je zavr\u0161ena [&hellip;]<\/p>\n","protected":false},"author":2,"featured_media":34849,"comment_status":"closed","ping_status":"closed","sticky":false,"template":"","format":"standard","meta":{"h5ap_radio_sources":[],"footnotes":""},"categories":[1],"tags":[],"class_list":["post-34848","post","type-post","status-publish","format-standard","has-post-thumbnail","hentry","category-bihiregija"],"yoast_head":"<!-- This site is optimized with the Yoast SEO plugin v27.5 - https:\/\/yoast.com\/product\/yoast-seo-wordpress\/ -->\n<title>Na putu do mora Svitava \u0107e uskoro biti pro\u0161lost - RADIO LJUBU\u0160KI<\/title>\n<meta name=\"robots\" content=\"index, follow, max-snippet:-1, max-image-preview:large, max-video-preview:-1\" \/>\n<link rel=\"canonical\" href=\"https:\/\/radioljubuski.ba\/index.php\/2021\/06\/22\/na-putu-do-mora-svitava-ce-uskoro-biti-proslost\/\" \/>\n<meta property=\"og:locale\" content=\"hr_HR\" \/>\n<meta property=\"og:type\" content=\"article\" \/>\n<meta property=\"og:title\" content=\"Na putu do mora Svitava \u0107e uskoro biti pro\u0161lost - RADIO LJUBU\u0160KI\" \/>\n<meta property=\"og:description\" content=\"Brojni gra\u0111ani koji su se proteklog vikenda zaputili na bh. more do Neuma su stigli novom cestom iz Stoca. Iako ova cesta jo\u0161 nije zavr\u0161ena, ipak, dionice koje su pu\u0161tene u promet, a kojima se, kako je to nazna\u010deno, vozite na vlastitu odgovornost, znatno su skratile put do mora. &nbsp;Krivine i zavojiPogotovo otkako je zavr\u0161ena [&hellip;]\" \/>\n<meta property=\"og:url\" content=\"https:\/\/radioljubuski.ba\/index.php\/2021\/06\/22\/na-putu-do-mora-svitava-ce-uskoro-biti-proslost\/\" \/>\n<meta property=\"og:site_name\" content=\"RADIO LJUBU\u0160KI\" \/>\n<meta property=\"article:publisher\" content=\"https:\/\/www.facebook.com\/Radiio-Ljubuski-1490835324566332\" \/>\n<meta property=\"article:published_time\" content=\"2021-06-22T10:05:28+00:00\" \/>\n<meta property=\"article:modified_time\" content=\"2021-06-22T10:05:29+00:00\" \/>\n<meta property=\"og:image\" content=\"https:\/\/radioljubuski.ba\/wp-content\/uploads\/2021\/06\/3-2021-06-22-08-06-31-stolac-neum-sl.jpg\" \/>\n\t<meta property=\"og:image:width\" content=\"1000\" \/>\n\t<meta property=\"og:image:height\" content=\"625\" \/>\n\t<meta property=\"og:image:type\" content=\"image\/jpeg\" \/>\n<meta name=\"author\" content=\"Radio Ljubu\u0161ki\" \/>\n<meta name=\"twitter:card\" content=\"summary_large_image\" \/>\n<meta name=\"twitter:creator\" content=\"@radioljubuski\" \/>\n<meta name=\"twitter:site\" content=\"@radioljubuski\" \/>\n<meta name=\"twitter:label1\" content=\"Napisao\/la\" \/>\n\t<meta name=\"twitter:data1\" content=\"Radio Ljubu\u0161ki\" \/>\n\t<meta name=\"twitter:label2\" content=\"Procijenjeno vrijeme \u010ditanja\" \/>\n\t<meta name=\"twitter:data2\" content=\"2 minute\" \/>\n<script type=\"application\/ld+json\" class=\"yoast-schema-graph\">{\"@context\":\"https:\\\/\\\/schema.org\",\"@graph\":[{\"@type\":\"Article\",\"@id\":\"https:\\\/\\\/radioljubuski.ba\\\/index.php\\\/2021\\\/06\\\/22\\\/na-putu-do-mora-svitava-ce-uskoro-biti-proslost\\\/#article\",\"isPartOf\":{\"@id\":\"https:\\\/\\\/radioljubuski.ba\\\/index.php\\\/2021\\\/06\\\/22\\\/na-putu-do-mora-svitava-ce-uskoro-biti-proslost\\\/\"},\"author\":{\"name\":\"Radio Ljubu\u0161ki\",\"@id\":\"https:\\\/\\\/radioljubuski.ba\\\/#\\\/schema\\\/person\\\/19fc700381a780f69665d7956c469e3b\"},\"headline\":\"Na putu do mora Svitava \u0107e uskoro biti pro\u0161lost\",\"datePublished\":\"2021-06-22T10:05:28+00:00\",\"dateModified\":\"2021-06-22T10:05:29+00:00\",\"mainEntityOfPage\":{\"@id\":\"https:\\\/\\\/radioljubuski.ba\\\/index.php\\\/2021\\\/06\\\/22\\\/na-putu-do-mora-svitava-ce-uskoro-biti-proslost\\\/\"},\"wordCount\":349,\"publisher\":{\"@id\":\"https:\\\/\\\/radioljubuski.ba\\\/#organization\"},\"image\":{\"@id\":\"https:\\\/\\\/radioljubuski.ba\\\/index.php\\\/2021\\\/06\\\/22\\\/na-putu-do-mora-svitava-ce-uskoro-biti-proslost\\\/#primaryimage\"},\"thumbnailUrl\":\"https:\\\/\\\/radioljubuski.ba\\\/wp-content\\\/uploads\\\/2021\\\/06\\\/3-2021-06-22-08-06-31-stolac-neum-sl.jpg\",\"articleSection\":[\"BIH i regija\"],\"inLanguage\":\"hr\"},{\"@type\":\"WebPage\",\"@id\":\"https:\\\/\\\/radioljubuski.ba\\\/index.php\\\/2021\\\/06\\\/22\\\/na-putu-do-mora-svitava-ce-uskoro-biti-proslost\\\/\",\"url\":\"https:\\\/\\\/radioljubuski.ba\\\/index.php\\\/2021\\\/06\\\/22\\\/na-putu-do-mora-svitava-ce-uskoro-biti-proslost\\\/\",\"name\":\"Na putu do mora Svitava \u0107e uskoro biti pro\u0161lost - RADIO LJUBU\u0160KI\",\"isPartOf\":{\"@id\":\"https:\\\/\\\/radioljubuski.ba\\\/#website\"},\"primaryImageOfPage\":{\"@id\":\"https:\\\/\\\/radioljubuski.ba\\\/index.php\\\/2021\\\/06\\\/22\\\/na-putu-do-mora-svitava-ce-uskoro-biti-proslost\\\/#primaryimage\"},\"image\":{\"@id\":\"https:\\\/\\\/radioljubuski.ba\\\/index.php\\\/2021\\\/06\\\/22\\\/na-putu-do-mora-svitava-ce-uskoro-biti-proslost\\\/#primaryimage\"},\"thumbnailUrl\":\"https:\\\/\\\/radioljubuski.ba\\\/wp-content\\\/uploads\\\/2021\\\/06\\\/3-2021-06-22-08-06-31-stolac-neum-sl.jpg\",\"datePublished\":\"2021-06-22T10:05:28+00:00\",\"dateModified\":\"2021-06-22T10:05:29+00:00\",\"breadcrumb\":{\"@id\":\"https:\\\/\\\/radioljubuski.ba\\\/index.php\\\/2021\\\/06\\\/22\\\/na-putu-do-mora-svitava-ce-uskoro-biti-proslost\\\/#breadcrumb\"},\"inLanguage\":\"hr\",\"potentialAction\":[{\"@type\":\"ReadAction\",\"target\":[\"https:\\\/\\\/radioljubuski.ba\\\/index.php\\\/2021\\\/06\\\/22\\\/na-putu-do-mora-svitava-ce-uskoro-biti-proslost\\\/\"]}]},{\"@type\":\"ImageObject\",\"inLanguage\":\"hr\",\"@id\":\"https:\\\/\\\/radioljubuski.ba\\\/index.php\\\/2021\\\/06\\\/22\\\/na-putu-do-mora-svitava-ce-uskoro-biti-proslost\\\/#primaryimage\",\"url\":\"https:\\\/\\\/radioljubuski.ba\\\/wp-content\\\/uploads\\\/2021\\\/06\\\/3-2021-06-22-08-06-31-stolac-neum-sl.jpg\",\"contentUrl\":\"https:\\\/\\\/radioljubuski.ba\\\/wp-content\\\/uploads\\\/2021\\\/06\\\/3-2021-06-22-08-06-31-stolac-neum-sl.jpg\",\"width\":1000,\"height\":625},{\"@type\":\"BreadcrumbList\",\"@id\":\"https:\\\/\\\/radioljubuski.ba\\\/index.php\\\/2021\\\/06\\\/22\\\/na-putu-do-mora-svitava-ce-uskoro-biti-proslost\\\/#breadcrumb\",\"itemListElement\":[{\"@type\":\"ListItem\",\"position\":1,\"name\":\"Po\u010detna stranica\",\"item\":\"https:\\\/\\\/radioljubuski.ba\\\/\"},{\"@type\":\"ListItem\",\"position\":2,\"name\":\"Na putu do mora Svitava \u0107e uskoro biti pro\u0161lost\"}]},{\"@type\":\"WebSite\",\"@id\":\"https:\\\/\\\/radioljubuski.ba\\\/#website\",\"url\":\"https:\\\/\\\/radioljubuski.ba\\\/\",\"name\":\"Radio Ljubu\u0161ki\",\"description\":\"Sun\u010dana frekvencija Hercegovine\",\"publisher\":{\"@id\":\"https:\\\/\\\/radioljubuski.ba\\\/#organization\"},\"potentialAction\":[{\"@type\":\"SearchAction\",\"target\":{\"@type\":\"EntryPoint\",\"urlTemplate\":\"https:\\\/\\\/radioljubuski.ba\\\/?s={search_term_string}\"},\"query-input\":{\"@type\":\"PropertyValueSpecification\",\"valueRequired\":true,\"valueName\":\"search_term_string\"}}],\"inLanguage\":\"hr\"},{\"@type\":\"Organization\",\"@id\":\"https:\\\/\\\/radioljubuski.ba\\\/#organization\",\"name\":\"Radio Ljubu\u0161ki\",\"url\":\"https:\\\/\\\/radioljubuski.ba\\\/\",\"logo\":{\"@type\":\"ImageObject\",\"inLanguage\":\"hr\",\"@id\":\"https:\\\/\\\/radioljubuski.ba\\\/#\\\/schema\\\/logo\\\/image\\\/\",\"url\":\"https:\\\/\\\/radioljubuski.ba\\\/wp-content\\\/uploads\\\/2021\\\/02\\\/cropped-Radio_Ljubuski_logo1.jpg\",\"contentUrl\":\"https:\\\/\\\/radioljubuski.ba\\\/wp-content\\\/uploads\\\/2021\\\/02\\\/cropped-Radio_Ljubuski_logo1.jpg\",\"width\":512,\"height\":512,\"caption\":\"Radio Ljubu\u0161ki\"},\"image\":{\"@id\":\"https:\\\/\\\/radioljubuski.ba\\\/#\\\/schema\\\/logo\\\/image\\\/\"},\"sameAs\":[\"https:\\\/\\\/www.facebook.com\\\/Radiio-Ljubuski-1490835324566332\",\"https:\\\/\\\/x.com\\\/radioljubuski\",\"https:\\\/\\\/hr.linkedin.com\\\/company\\\/radio-ljubuski\",\"https:\\\/\\\/www.youtube.com\\\/channel\\\/UCHYaeO_n0Db3tjNGudGpXyw\"]},{\"@type\":\"Person\",\"@id\":\"https:\\\/\\\/radioljubuski.ba\\\/#\\\/schema\\\/person\\\/19fc700381a780f69665d7956c469e3b\",\"name\":\"Radio Ljubu\u0161ki\"}]}<\/script>\n<!-- \/ Yoast SEO plugin. -->","yoast_head_json":{"title":"Na putu do mora Svitava \u0107e uskoro biti pro\u0161lost - RADIO LJUBU\u0160KI","robots":{"index":"index","follow":"follow","max-snippet":"max-snippet:-1","max-image-preview":"max-image-preview:large","max-video-preview":"max-video-preview:-1"},"canonical":"https:\/\/radioljubuski.ba\/index.php\/2021\/06\/22\/na-putu-do-mora-svitava-ce-uskoro-biti-proslost\/","og_locale":"hr_HR","og_type":"article","og_title":"Na putu do mora Svitava \u0107e uskoro biti pro\u0161lost - RADIO LJUBU\u0160KI","og_description":"Brojni gra\u0111ani koji su se proteklog vikenda zaputili na bh. more do Neuma su stigli novom cestom iz Stoca. Iako ova cesta jo\u0161 nije zavr\u0161ena, ipak, dionice koje su pu\u0161tene u promet, a kojima se, kako je to nazna\u010deno, vozite na vlastitu odgovornost, znatno su skratile put do mora. &nbsp;Krivine i zavojiPogotovo otkako je zavr\u0161ena [&hellip;]","og_url":"https:\/\/radioljubuski.ba\/index.php\/2021\/06\/22\/na-putu-do-mora-svitava-ce-uskoro-biti-proslost\/","og_site_name":"RADIO LJUBU\u0160KI","article_publisher":"https:\/\/www.facebook.com\/Radiio-Ljubuski-1490835324566332","article_published_time":"2021-06-22T10:05:28+00:00","article_modified_time":"2021-06-22T10:05:29+00:00","og_image":[{"width":1000,"height":625,"url":"https:\/\/radioljubuski.ba\/wp-content\/uploads\/2021\/06\/3-2021-06-22-08-06-31-stolac-neum-sl.jpg","type":"image\/jpeg"}],"author":"Radio Ljubu\u0161ki","twitter_card":"summary_large_image","twitter_creator":"@radioljubuski","twitter_site":"@radioljubuski","twitter_misc":{"Napisao\/la":"Radio Ljubu\u0161ki","Procijenjeno vrijeme \u010ditanja":"2 minute"},"schema":{"@context":"https:\/\/schema.org","@graph":[{"@type":"Article","@id":"https:\/\/radioljubuski.ba\/index.php\/2021\/06\/22\/na-putu-do-mora-svitava-ce-uskoro-biti-proslost\/#article","isPartOf":{"@id":"https:\/\/radioljubuski.ba\/index.php\/2021\/06\/22\/na-putu-do-mora-svitava-ce-uskoro-biti-proslost\/"},"author":{"name":"Radio Ljubu\u0161ki","@id":"https:\/\/radioljubuski.ba\/#\/schema\/person\/19fc700381a780f69665d7956c469e3b"},"headline":"Na putu do mora Svitava \u0107e uskoro biti pro\u0161lost","datePublished":"2021-06-22T10:05:28+00:00","dateModified":"2021-06-22T10:05:29+00:00","mainEntityOfPage":{"@id":"https:\/\/radioljubuski.ba\/index.php\/2021\/06\/22\/na-putu-do-mora-svitava-ce-uskoro-biti-proslost\/"},"wordCount":349,"publisher":{"@id":"https:\/\/radioljubuski.ba\/#organization"},"image":{"@id":"https:\/\/radioljubuski.ba\/index.php\/2021\/06\/22\/na-putu-do-mora-svitava-ce-uskoro-biti-proslost\/#primaryimage"},"thumbnailUrl":"https:\/\/radioljubuski.ba\/wp-content\/uploads\/2021\/06\/3-2021-06-22-08-06-31-stolac-neum-sl.jpg","articleSection":["BIH i regija"],"inLanguage":"hr"},{"@type":"WebPage","@id":"https:\/\/radioljubuski.ba\/index.php\/2021\/06\/22\/na-putu-do-mora-svitava-ce-uskoro-biti-proslost\/","url":"https:\/\/radioljubuski.ba\/index.php\/2021\/06\/22\/na-putu-do-mora-svitava-ce-uskoro-biti-proslost\/","name":"Na putu do mora Svitava \u0107e uskoro biti pro\u0161lost - RADIO LJUBU\u0160KI","isPartOf":{"@id":"https:\/\/radioljubuski.ba\/#website"},"primaryImageOfPage":{"@id":"https:\/\/radioljubuski.ba\/index.php\/2021\/06\/22\/na-putu-do-mora-svitava-ce-uskoro-biti-proslost\/#primaryimage"},"image":{"@id":"https:\/\/radioljubuski.ba\/index.php\/2021\/06\/22\/na-putu-do-mora-svitava-ce-uskoro-biti-proslost\/#primaryimage"},"thumbnailUrl":"https:\/\/radioljubuski.ba\/wp-content\/uploads\/2021\/06\/3-2021-06-22-08-06-31-stolac-neum-sl.jpg","datePublished":"2021-06-22T10:05:28+00:00","dateModified":"2021-06-22T10:05:29+00:00","breadcrumb":{"@id":"https:\/\/radioljubuski.ba\/index.php\/2021\/06\/22\/na-putu-do-mora-svitava-ce-uskoro-biti-proslost\/#breadcrumb"},"inLanguage":"hr","potentialAction":[{"@type":"ReadAction","target":["https:\/\/radioljubuski.ba\/index.php\/2021\/06\/22\/na-putu-do-mora-svitava-ce-uskoro-biti-proslost\/"]}]},{"@type":"ImageObject","inLanguage":"hr","@id":"https:\/\/radioljubuski.ba\/index.php\/2021\/06\/22\/na-putu-do-mora-svitava-ce-uskoro-biti-proslost\/#primaryimage","url":"https:\/\/radioljubuski.ba\/wp-content\/uploads\/2021\/06\/3-2021-06-22-08-06-31-stolac-neum-sl.jpg","contentUrl":"https:\/\/radioljubuski.ba\/wp-content\/uploads\/2021\/06\/3-2021-06-22-08-06-31-stolac-neum-sl.jpg","width":1000,"height":625},{"@type":"BreadcrumbList","@id":"https:\/\/radioljubuski.ba\/index.php\/2021\/06\/22\/na-putu-do-mora-svitava-ce-uskoro-biti-proslost\/#breadcrumb","itemListElement":[{"@type":"ListItem","position":1,"name":"Po\u010detna stranica","item":"https:\/\/radioljubuski.ba\/"},{"@type":"ListItem","position":2,"name":"Na putu do mora Svitava \u0107e uskoro biti pro\u0161lost"}]},{"@type":"WebSite","@id":"https:\/\/radioljubuski.ba\/#website","url":"https:\/\/radioljubuski.ba\/","name":"Radio Ljubu\u0161ki","description":"Sun\u010dana frekvencija Hercegovine","publisher":{"@id":"https:\/\/radioljubuski.ba\/#organization"},"potentialAction":[{"@type":"SearchAction","target":{"@type":"EntryPoint","urlTemplate":"https:\/\/radioljubuski.ba\/?s={search_term_string}"},"query-input":{"@type":"PropertyValueSpecification","valueRequired":true,"valueName":"search_term_string"}}],"inLanguage":"hr"},{"@type":"Organization","@id":"https:\/\/radioljubuski.ba\/#organization","name":"Radio Ljubu\u0161ki","url":"https:\/\/radioljubuski.ba\/","logo":{"@type":"ImageObject","inLanguage":"hr","@id":"https:\/\/radioljubuski.ba\/#\/schema\/logo\/image\/","url":"https:\/\/radioljubuski.ba\/wp-content\/uploads\/2021\/02\/cropped-Radio_Ljubuski_logo1.jpg","contentUrl":"https:\/\/radioljubuski.ba\/wp-content\/uploads\/2021\/02\/cropped-Radio_Ljubuski_logo1.jpg","width":512,"height":512,"caption":"Radio Ljubu\u0161ki"},"image":{"@id":"https:\/\/radioljubuski.ba\/#\/schema\/logo\/image\/"},"sameAs":["https:\/\/www.facebook.com\/Radiio-Ljubuski-1490835324566332","https:\/\/x.com\/radioljubuski","https:\/\/hr.linkedin.com\/company\/radio-ljubuski","https:\/\/www.youtube.com\/channel\/UCHYaeO_n0Db3tjNGudGpXyw"]},{"@type":"Person","@id":"https:\/\/radioljubuski.ba\/#\/schema\/person\/19fc700381a780f69665d7956c469e3b","name":"Radio Ljubu\u0161ki"}]}},"_links":{"self":[{"href":"https:\/\/radioljubuski.ba\/index.php\/wp-json\/wp\/v2\/posts\/34848","targetHints":{"allow":["GET"]}}],"collection":[{"href":"https:\/\/radioljubuski.ba\/index.php\/wp-json\/wp\/v2\/posts"}],"about":[{"href":"https:\/\/radioljubuski.ba\/index.php\/wp-json\/wp\/v2\/types\/post"}],"author":[{"embeddable":true,"href":"https:\/\/radioljubuski.ba\/index.php\/wp-json\/wp\/v2\/users\/2"}],"replies":[{"embeddable":true,"href":"https:\/\/radioljubuski.ba\/index.php\/wp-json\/wp\/v2\/comments?post=34848"}],"version-history":[{"count":1,"href":"https:\/\/radioljubuski.ba\/index.php\/wp-json\/wp\/v2\/posts\/34848\/revisions"}],"predecessor-version":[{"id":34850,"href":"https:\/\/radioljubuski.ba\/index.php\/wp-json\/wp\/v2\/posts\/34848\/revisions\/34850"}],"wp:featuredmedia":[{"embeddable":true,"href":"https:\/\/radioljubuski.ba\/index.php\/wp-json\/wp\/v2\/media\/34849"}],"wp:attachment":[{"href":"https:\/\/radioljubuski.ba\/index.php\/wp-json\/wp\/v2\/media?parent=34848"}],"wp:term":[{"taxonomy":"category","embeddable":true,"href":"https:\/\/radioljubuski.ba\/index.php\/wp-json\/wp\/v2\/categories?post=34848"},{"taxonomy":"post_tag","embeddable":true,"href":"https:\/\/radioljubuski.ba\/index.php\/wp-json\/wp\/v2\/tags?post=34848"}],"curies":[{"name":"wp","href":"https:\/\/api.w.org\/{rel}","templated":true}]}}